{"id":3239,"date":"2023-06-29T08:03:00","date_gmt":"2023-06-29T08:03:00","guid":{"rendered":"https:\/\/automotiverevista.pt\/?p=3239"},"modified":"2023-06-12T19:06:12","modified_gmt":"2023-06-12T19:06:12","slug":"maxus-edeliver3-modificar-os-padroes-estabelecidos","status":"publish","type":"post","link":"https:\/\/automotiverevista.pt\/index.php\/2023\/06\/29\/maxus-edeliver3-modificar-os-padroes-estabelecidos\/","title":{"rendered":"Maxus eDeliver3 \u2013 modificar os padr\u00f5es estabelecidos"},"content":{"rendered":"\n<p>Comercializado pela Astara em Portugal, o novo Maxus eDeliver3 \u00e9 um furg\u00e3o 100% el\u00e9trico que disponibiliza uma solu\u00e7\u00e3o para opera\u00e7\u00f5es de entrega urbana. Depois das marcas autom\u00f3veis estabelecidas no mercado terem lan\u00e7ado os seus furg\u00f5es m\u00e9dios 100% el\u00e9tricos, a Maxus \u2013 marca pertencente ao gigante chin\u00eas SAIC Motor \u2013 lan\u00e7a a sua vers\u00e3o de furg\u00e3o el\u00e9trico.<\/p>\n\n\n\n<p>A oferta de furg\u00f5es eletrificados no mercado tem sido escassa e os pre\u00e7os de comercializa\u00e7\u00e3o s\u00e3o elevados. Com o eDeliver3, a Maxus pretende desmontar esses dois argumentos, a come\u00e7ar pelo pre\u00e7o: a vers\u00e3o de entrada do eDeliver3 custa 30. 894\u20ac (+IVA). Quanto \u00e0 disponibilidade no mercado, a Astara apresenta-se otimista quanto \u00e0 quantidade de viaturas que est\u00e3o dispon\u00edveis, referindo que est\u00e3o bastante alinhados com a efetiva procura por parte dos frotistas nacionais.<\/p>\n\n\n\n<figure class=\"wp-block-image size-full\"><img decoding=\"async\" width=\"889\" height=\"667\" src=\"https:\/\/automotiverevista.pt\/wp-content\/uploads\/2023\/06\/20230525_072136.jpg\" alt=\"\" class=\"wp-image-3241\" srcset=\"https:\/\/automotiverevista.pt\/wp-content\/uploads\/2023\/06\/20230525_072136.jpg 889w, https:\/\/automotiverevista.pt\/wp-content\/uploads\/2023\/06\/20230525_072136-300x225.jpg 300w, https:\/\/automotiverevista.pt\/wp-content\/uploads\/2023\/06\/20230525_072136-768x576.jpg 768w, https:\/\/automotiverevista.pt\/wp-content\/uploads\/2023\/06\/20230525_072136-750x563.jpg 750w\" sizes=\"(max-width: 889px) 100vw, 889px\" \/><\/figure>\n\n\n\n<p><strong>Teste \u00e0s suas capacidades<\/strong><\/p>\n\n\n\n<p>Test\u00e1mos o modelo e das primeiras coisas que nos surpreendeu (pela positiva), foram os materiais. Sendo um carro projetado para o trabalho intenso em cidade, a boa qualidade dos seus materiais permite uma conviv\u00eancia a bordo bastante satisfat\u00f3ria para um furg\u00e3o com estas caracter\u00edsticas.<\/p>\n\n\n\n<p>O espa\u00e7o de carga do eDeliver3 \u00e9 vers\u00e1til e projetado para atender \u00e0s necessidades dos neg\u00f3cios de entrega. Com uma capacidade de carga de at\u00e9 905 kg e espa\u00e7o suficiente para acomodar grandes volumes, esse ve\u00edculo pode transportar uma grande variedade de mercadorias, desde encomendas pequenas at\u00e9 cargas de maiores dimens\u00f5es. Al\u00e9m disso, a altura da carroceria \u00e9 otimizada para facilitar o acesso \u00e0s \u00e1reas urbanas com restri\u00e7\u00f5es de altura, como garagens e centros hist\u00f3ricos.<\/p>\n\n\n\n<p>Com um motor el\u00e9trico potente e baterias de alta capacidade, o eDeliver3 proporciona um desempenho \u00e1gil em cidade. Possui uma autonomia de at\u00e9 240 quil\u00f3metros, o que o torna uma solu\u00e7\u00e3o v\u00e1lida para as entregas di\u00e1rias nas cidades. Al\u00e9m disso, o tempo de recarga \u00e9 relativamente r\u00e1pido, permitindo que os motoristas maximizem o tempo de trabalho e minimizem o tempo de inatividade.<\/p>\n\n\n\n<figure class=\"wp-block-image size-full\"><img decoding=\"async\" width=\"889\" height=\"667\" src=\"https:\/\/automotiverevista.pt\/wp-content\/uploads\/2023\/06\/20230525_072716.jpg\" alt=\"\" class=\"wp-image-3243\" srcset=\"https:\/\/automotiverevista.pt\/wp-content\/uploads\/2023\/06\/20230525_072716.jpg 889w, https:\/\/automotiverevista.pt\/wp-content\/uploads\/2023\/06\/20230525_072716-300x225.jpg 300w, https:\/\/automotiverevista.pt\/wp-content\/uploads\/2023\/06\/20230525_072716-768x576.jpg 768w, https:\/\/automotiverevista.pt\/wp-content\/uploads\/2023\/06\/20230525_072716-750x563.jpg 750w\" sizes=\"(max-width: 889px) 100vw, 889px\" \/><\/figure>\n\n\n\n<p><strong>Ir contra corrente<\/strong><\/p>\n\n\n\n<p>Apesar de diferenciador na sua est\u00e9tica e na sua mec\u00e2nica, o eDeliver3 tem a mesma desvantagem de todos os outros furg\u00f5es el\u00e9tricos que j\u00e1 testamos: tem demasiado bin\u00e1rio dispon\u00edvel. Se teoricamente isto pode parecer uma vantagem face aos motores a combust\u00e3o &#8211; tornando o furg\u00e3o mais responsivo e divertido de conduzir para os motoristas \u2013 na pr\u00e1tica, \u00e9 uma desvantagem.&nbsp;<\/p>\n\n\n\n<p>Ter o bin\u00e1rio todo dispon\u00edvel logo no arranque, d\u00e1 azo a que alguns motoristas menos respons\u00e1veis possam \u201cbrincar\u201d com o furg\u00e3o, fazendo arranques com derrapagens. Se adicionarmos a isto uma estrada molhada, e ao facto de podermos desligar o controlo ESP, conseguimos provocar um \u201cburnout\u201d quase indefinido. \u00c9 um ponto esquecido pelas marcas autom\u00f3veis em geral, e que o eDeliver3 parece, neste ponto, n\u00e3o ir \u201ccontra a corrente\u201d da ind\u00fastria.<\/p>\n\n\n\n<p>Se o elevado bin\u00e1rio dispon\u00edvel proporciona uma condu\u00e7\u00e3o bastante vivaz, a suspens\u00e3o mais firme deste furg\u00e3o confirma esse car\u00e1cter quase \u201cdesportivo\u201d do eDeliver3. Para os apreciadores de uma condu\u00e7\u00e3o mais firme, este modelo ir\u00e1 agradar em diversos sentidos.&nbsp;<\/p>\n\n\n\n<figure class=\"wp-block-image size-full\"><img decoding=\"async\" width=\"889\" height=\"667\" src=\"https:\/\/automotiverevista.pt\/wp-content\/uploads\/2023\/06\/20230525_073017.jpg\" alt=\"\" class=\"wp-image-3244\" srcset=\"https:\/\/automotiverevista.pt\/wp-content\/uploads\/2023\/06\/20230525_073017.jpg 889w, https:\/\/automotiverevista.pt\/wp-content\/uploads\/2023\/06\/20230525_073017-300x225.jpg 300w, https:\/\/automotiverevista.pt\/wp-content\/uploads\/2023\/06\/20230525_073017-768x576.jpg 768w, https:\/\/automotiverevista.pt\/wp-content\/uploads\/2023\/06\/20230525_073017-750x563.jpg 750w\" sizes=\"(max-width: 889px) 100vw, 889px\" \/><\/figure>\n\n\n\n<p><strong>Seguran\u00e7a e conectividade<\/strong><\/p>\n\n\n\n<p>O modelo disp\u00f5e de uma s\u00e9rie de recursos de seguran\u00e7a, bem como sistemas de assist\u00eancia ao condutor, como cruise control adaptativo e assistente de perman\u00eancia na faixa, que ajudam a manter a seguran\u00e7a e reduzir o stress do motorista durante viagens mais longas.<\/p>\n\n\n\n<p>Para o acondicionamento da carga, este Maxus tem a caixa de carga equipada com prote\u00e7\u00f5es, evitando assim uma transforma\u00e7\u00e3o adicional. Ele \u00e9 comercializado pronto a ser usado.&nbsp;<\/p>\n\n\n\n<p>Uma das caracter\u00edsticas que mais apreci\u00e1mos no teste, foi o sistema de infoentretenimento.&nbsp;&nbsp;Al\u00e9m de ser o mais intuitivo que j\u00e1 testamos, \u00e9 poss\u00edvel aceder a informa\u00e7\u00f5es em tempo real, como navega\u00e7\u00e3o, tr\u00e1fego e tempo (clima). O sistema est\u00e1 integrado num tablier esteticamente muito bem conseguido, e seria perfeito se n\u00e3o fosse o facto de n\u00e3o ter um porta-luvas. Comporta um arrumo, mas este deixa \u00e0 mostra tudo aquilo que l\u00e1 se p\u00f5e.<\/p>\n\n\n\n<figure class=\"wp-block-image size-full\"><img decoding=\"async\" width=\"889\" height=\"667\" src=\"https:\/\/automotiverevista.pt\/wp-content\/uploads\/2023\/06\/20230525_073035.jpg\" alt=\"\" class=\"wp-image-3245\" srcset=\"https:\/\/automotiverevista.pt\/wp-content\/uploads\/2023\/06\/20230525_073035.jpg 889w, https:\/\/automotiverevista.pt\/wp-content\/uploads\/2023\/06\/20230525_073035-300x225.jpg 300w, https:\/\/automotiverevista.pt\/wp-content\/uploads\/2023\/06\/20230525_073035-768x576.jpg 768w, https:\/\/automotiverevista.pt\/wp-content\/uploads\/2023\/06\/20230525_073035-750x563.jpg 750w\" sizes=\"(max-width: 889px) 100vw, 889px\" \/><\/figure>\n\n\n\n<p><strong>Ambiente<\/strong><\/p>\n\n\n\n<p>Uma das grandes vantagens do eDeliver3 \u00e9 a sua pegada ambiental reduzida. Ao ser \u201calimentado\u201d por eletricidade, o ve\u00edculo n\u00e3o emite gases poluentes durante o uso, contribuindo para a qualidade do ar e para a redu\u00e7\u00e3o das emiss\u00f5es de carbono. Isso o torna uma op\u00e7\u00e3o atraente para empresas que procurem reduzir seu impacto ambiental.<\/p>\n\n\n\n<p>Em resumo, o Maxus eDeliver3 \u00e9 um ve\u00edculo el\u00e9trico comercial altamente competitivo, projetado para atender \u00e0s necessidades das entregas urbana. Com uma autonomia competente, capacidade de carga e recursos avan\u00e7ados, apresenta uma solu\u00e7\u00e3o v\u00e1lida para as empresas em Portugal.&nbsp;<\/p>\n\n\n","protected":false},"excerpt":{"rendered":"<p>Comercializado pela Astara em Portugal, o novo Maxus eDeliver3 \u00e9 um furg\u00e3o 100% el\u00e9trico que disponibiliza uma solu\u00e7\u00e3o para opera\u00e7\u00f5es de entrega urbana. Depois das marcas autom\u00f3veis estabelecidas no mercado terem lan\u00e7ado os seus furg\u00f5es m\u00e9dios 100% el\u00e9tricos, a Maxus \u2013 marca pertencente ao gigante chin\u00eas SAIC Motor \u2013 lan\u00e7a a sua vers\u00e3o de furg\u00e3o [&hellip;]<\/p>\n","protected":false},"author":3,"featured_media":3240,"comment_status":"closed","ping_status":"open","sticky":false,"template":"","format":"standard","meta":{"jnews-multi-image_gallery":[],"jnews_single_post":{"subtitle":"","format":"standard","video":"","gallery":"","source_name":"","source_url":"","via_name":"","via_url":"","override_template":"0","override":[{"template":"2","single_blog_custom":"","parallax":"1","fullscreen":"1","layout":"right-sidebar","sidebar":"default-sidebar","second_sidebar":"default-sidebar","sticky_sidebar":"1","share_position":"topbottom","share_float_style":"share-monocrhome","show_share_counter":"0","show_view_counter":"0","show_featured":"1","show_post_meta":"1","show_post_author":"0","show_post_author_image":"1","show_post_date":"1","post_date_format":"default","post_date_format_custom":"Y\/m\/d","show_post_category":"1","show_post_reading_time":"0","post_reading_time_wpm":"300","show_zoom_button":"0","zoom_button_out_step":"2","zoom_button_in_step":"3","show_post_tag":"1","show_prev_next_post":"0","show_popup_post":"1","number_popup_post":"1","show_author_box":"0","show_post_related":"1","show_inline_post_related":"1"}],"override_image_size":"0","image_override":[{"single_post_thumbnail_size":"crop-500","single_post_gallery_size":"crop-500"}],"trending_post":"0","trending_post_position":"meta","trending_post_label":"Trending","sponsored_post":"0","sponsored_post_label":"Sponsored by","sponsored_post_name":"","sponsored_post_url":"","sponsored_post_logo_enable":"0","sponsored_post_logo":"","sponsored_post_desc":"","disable_ad":"0"},"jnews_primary_category":{"id":"","hide":""},"footnotes":""},"categories":[23],"tags":[],"class_list":["post-3239","post","type-post","status-publish","format-standard","has-post-thumbnail","hentry","category-frotas"],"yoast_head":"<!-- This site is optimized with the Yoast SEO Premium plugin v27.5 (Yoast SEO v27.5) - https:\/\/yoast.com\/product\/yoast-seo-premium-wordpress\/ -->\n<title>Maxus eDeliver3 \u2013 modificar os padr\u00f5es estabelecidos - Revista Automotive<\/title>\n<meta name=\"robots\" content=\"index, follow, max-snippet:-1, max-image-preview:large, max-video-preview:-1\" \/>\n<link rel=\"canonical\" href=\"https:\/\/automotiverevista.pt\/index.php\/2023\/06\/29\/maxus-edeliver3-modificar-os-padroes-estabelecidos\/\" \/>\n<meta property=\"og:locale\" content=\"pt_PT\" \/>\n<meta property=\"og:type\" content=\"article\" \/>\n<meta property=\"og:title\" content=\"Maxus eDeliver3 \u2013 modificar os padr\u00f5es estabelecidos\" \/>\n<meta property=\"og:description\" content=\"Comercializado pela Astara em Portugal, o novo Maxus eDeliver3 \u00e9 um furg\u00e3o 100% el\u00e9trico que disponibiliza uma solu\u00e7\u00e3o para opera\u00e7\u00f5es de entrega urbana. Depois das marcas autom\u00f3veis estabelecidas no mercado terem lan\u00e7ado os seus furg\u00f5es m\u00e9dios 100% el\u00e9tricos, a Maxus \u2013 marca pertencente ao gigante chin\u00eas SAIC Motor \u2013 lan\u00e7a a sua vers\u00e3o de furg\u00e3o [&hellip;]\" \/>\n<meta property=\"og:url\" content=\"https:\/\/automotiverevista.pt\/index.php\/2023\/06\/29\/maxus-edeliver3-modificar-os-padroes-estabelecidos\/\" \/>\n<meta property=\"og:site_name\" content=\"Revista Automotive\" \/>\n<meta property=\"article:published_time\" content=\"2023-06-29T08:03:00+00:00\" \/>\n<meta property=\"og:image\" content=\"https:\/\/automotiverevista.pt\/wp-content\/uploads\/2023\/06\/FotoAbertura-18.jpg\" \/>\n\t<meta property=\"og:image:width\" content=\"889\" \/>\n\t<meta property=\"og:image:height\" content=\"667\" \/>\n\t<meta property=\"og:image:type\" content=\"image\/jpeg\" \/>\n<meta name=\"author\" content=\"MiguelMarques\" \/>\n<meta name=\"twitter:card\" content=\"summary_large_image\" \/>\n<meta name=\"twitter:label1\" content=\"Escrito por\" \/>\n\t<meta name=\"twitter:data1\" content=\"MiguelMarques\" \/>\n\t<meta name=\"twitter:label2\" content=\"Tempo estimado de leitura\" \/>\n\t<meta name=\"twitter:data2\" content=\"5 minutos\" \/>\n<script type=\"application\/ld+json\" class=\"yoast-schema-graph\">{\"@context\":\"https:\\\/\\\/schema.org\",\"@graph\":[{\"@type\":\"Article\",\"@id\":\"https:\\\/\\\/automotiverevista.pt\\\/index.php\\\/2023\\\/06\\\/29\\\/maxus-edeliver3-modificar-os-padroes-estabelecidos\\\/#article\",\"isPartOf\":{\"@id\":\"https:\\\/\\\/automotiverevista.pt\\\/index.php\\\/2023\\\/06\\\/29\\\/maxus-edeliver3-modificar-os-padroes-estabelecidos\\\/\"},\"author\":{\"name\":\"MiguelMarques\",\"@id\":\"https:\\\/\\\/automotiverevista.pt\\\/#\\\/schema\\\/person\\\/d705335f9c428a4a0cae3d11afb2e0ef\"},\"headline\":\"Maxus eDeliver3 \u2013 modificar os padr\u00f5es estabelecidos\",\"datePublished\":\"2023-06-29T08:03:00+00:00\",\"mainEntityOfPage\":{\"@id\":\"https:\\\/\\\/automotiverevista.pt\\\/index.php\\\/2023\\\/06\\\/29\\\/maxus-edeliver3-modificar-os-padroes-estabelecidos\\\/\"},\"wordCount\":812,\"publisher\":{\"@id\":\"https:\\\/\\\/automotiverevista.pt\\\/#organization\"},\"image\":{\"@id\":\"https:\\\/\\\/automotiverevista.pt\\\/index.php\\\/2023\\\/06\\\/29\\\/maxus-edeliver3-modificar-os-padroes-estabelecidos\\\/#primaryimage\"},\"thumbnailUrl\":\"https:\\\/\\\/automotiverevista.pt\\\/wp-content\\\/uploads\\\/2023\\\/06\\\/FotoAbertura-18.jpg\",\"articleSection\":[\"Frotas\"],\"inLanguage\":\"pt-PT\"},{\"@type\":\"WebPage\",\"@id\":\"https:\\\/\\\/automotiverevista.pt\\\/index.php\\\/2023\\\/06\\\/29\\\/maxus-edeliver3-modificar-os-padroes-estabelecidos\\\/\",\"url\":\"https:\\\/\\\/automotiverevista.pt\\\/index.php\\\/2023\\\/06\\\/29\\\/maxus-edeliver3-modificar-os-padroes-estabelecidos\\\/\",\"name\":\"Maxus eDeliver3 \u2013 modificar os padr\u00f5es estabelecidos - Revista Automotive\",\"isPartOf\":{\"@id\":\"https:\\\/\\\/automotiverevista.pt\\\/#website\"},\"primaryImageOfPage\":{\"@id\":\"https:\\\/\\\/automotiverevista.pt\\\/index.php\\\/2023\\\/06\\\/29\\\/maxus-edeliver3-modificar-os-padroes-estabelecidos\\\/#primaryimage\"},\"image\":{\"@id\":\"https:\\\/\\\/automotiverevista.pt\\\/index.php\\\/2023\\\/06\\\/29\\\/maxus-edeliver3-modificar-os-padroes-estabelecidos\\\/#primaryimage\"},\"thumbnailUrl\":\"https:\\\/\\\/automotiverevista.pt\\\/wp-content\\\/uploads\\\/2023\\\/06\\\/FotoAbertura-18.jpg\",\"datePublished\":\"2023-06-29T08:03:00+00:00\",\"breadcrumb\":{\"@id\":\"https:\\\/\\\/automotiverevista.pt\\\/index.php\\\/2023\\\/06\\\/29\\\/maxus-edeliver3-modificar-os-padroes-estabelecidos\\\/#breadcrumb\"},\"inLanguage\":\"pt-PT\",\"potentialAction\":[{\"@type\":\"ReadAction\",\"target\":[\"https:\\\/\\\/automotiverevista.pt\\\/index.php\\\/2023\\\/06\\\/29\\\/maxus-edeliver3-modificar-os-padroes-estabelecidos\\\/\"]}]},{\"@type\":\"ImageObject\",\"inLanguage\":\"pt-PT\",\"@id\":\"https:\\\/\\\/automotiverevista.pt\\\/index.php\\\/2023\\\/06\\\/29\\\/maxus-edeliver3-modificar-os-padroes-estabelecidos\\\/#primaryimage\",\"url\":\"https:\\\/\\\/automotiverevista.pt\\\/wp-content\\\/uploads\\\/2023\\\/06\\\/FotoAbertura-18.jpg\",\"contentUrl\":\"https:\\\/\\\/automotiverevista.pt\\\/wp-content\\\/uploads\\\/2023\\\/06\\\/FotoAbertura-18.jpg\",\"width\":889,\"height\":667},{\"@type\":\"BreadcrumbList\",\"@id\":\"https:\\\/\\\/automotiverevista.pt\\\/index.php\\\/2023\\\/06\\\/29\\\/maxus-edeliver3-modificar-os-padroes-estabelecidos\\\/#breadcrumb\",\"itemListElement\":[{\"@type\":\"ListItem\",\"position\":1,\"name\":\"Home\",\"item\":\"https:\\\/\\\/automotiverevista.pt\\\/\"},{\"@type\":\"ListItem\",\"position\":2,\"name\":\"Maxus eDeliver3 \u2013 modificar os padr\u00f5es estabelecidos\"}]},{\"@type\":\"WebSite\",\"@id\":\"https:\\\/\\\/automotiverevista.pt\\\/#website\",\"url\":\"https:\\\/\\\/automotiverevista.pt\\\/\",\"name\":\"Revista Automotive\",\"description\":\"Revista Automotive Portugal\",\"publisher\":{\"@id\":\"https:\\\/\\\/automotiverevista.pt\\\/#organization\"},\"potentialAction\":[{\"@type\":\"SearchAction\",\"target\":{\"@type\":\"EntryPoint\",\"urlTemplate\":\"https:\\\/\\\/automotiverevista.pt\\\/?s={search_term_string}\"},\"query-input\":{\"@type\":\"PropertyValueSpecification\",\"valueRequired\":true,\"valueName\":\"search_term_string\"}}],\"inLanguage\":\"pt-PT\"},{\"@type\":\"Organization\",\"@id\":\"https:\\\/\\\/automotiverevista.pt\\\/#organization\",\"name\":\"Revista Automotive Portugal\",\"url\":\"https:\\\/\\\/automotiverevista.pt\\\/\",\"logo\":{\"@type\":\"ImageObject\",\"inLanguage\":\"pt-PT\",\"@id\":\"https:\\\/\\\/automotiverevista.pt\\\/#\\\/schema\\\/logo\\\/image\\\/\",\"url\":\"https:\\\/\\\/automotiverevista.pt\\\/wp-content\\\/uploads\\\/2022\\\/07\\\/Logo-Automotive-2021_500-1.jpg\",\"contentUrl\":\"https:\\\/\\\/automotiverevista.pt\\\/wp-content\\\/uploads\\\/2022\\\/07\\\/Logo-Automotive-2021_500-1.jpg\",\"width\":500,\"height\":160,\"caption\":\"Revista Automotive Portugal\"},\"image\":{\"@id\":\"https:\\\/\\\/automotiverevista.pt\\\/#\\\/schema\\\/logo\\\/image\\\/\"},\"sameAs\":[\"https:\\\/\\\/linkedin.com\\\/in\\\/automotiverevista\"]},{\"@type\":\"Person\",\"@id\":\"https:\\\/\\\/automotiverevista.pt\\\/#\\\/schema\\\/person\\\/d705335f9c428a4a0cae3d11afb2e0ef\",\"name\":\"MiguelMarques\",\"image\":{\"@type\":\"ImageObject\",\"inLanguage\":\"pt-PT\",\"@id\":\"https:\\\/\\\/secure.gravatar.com\\\/avatar\\\/635d1f118671d87c579d5e4f6491bfc0081e3bbddd605eb321931e9c938270b5?s=96&d=mm&r=g\",\"url\":\"https:\\\/\\\/secure.gravatar.com\\\/avatar\\\/635d1f118671d87c579d5e4f6491bfc0081e3bbddd605eb321931e9c938270b5?s=96&d=mm&r=g\",\"contentUrl\":\"https:\\\/\\\/secure.gravatar.com\\\/avatar\\\/635d1f118671d87c579d5e4f6491bfc0081e3bbddd605eb321931e9c938270b5?s=96&d=mm&r=g\",\"caption\":\"MiguelMarques\"},\"url\":\"https:\\\/\\\/automotiverevista.pt\\\/index.php\\\/author\\\/miguelmarques\\\/\"}]}<\/script>\n<!-- \/ Yoast SEO Premium plugin. -->","yoast_head_json":{"title":"Maxus eDeliver3 \u2013 modificar os padr\u00f5es estabelecidos - Revista Automotive","robots":{"index":"index","follow":"follow","max-snippet":"max-snippet:-1","max-image-preview":"max-image-preview:large","max-video-preview":"max-video-preview:-1"},"canonical":"https:\/\/automotiverevista.pt\/index.php\/2023\/06\/29\/maxus-edeliver3-modificar-os-padroes-estabelecidos\/","og_locale":"pt_PT","og_type":"article","og_title":"Maxus eDeliver3 \u2013 modificar os padr\u00f5es estabelecidos","og_description":"Comercializado pela Astara em Portugal, o novo Maxus eDeliver3 \u00e9 um furg\u00e3o 100% el\u00e9trico que disponibiliza uma solu\u00e7\u00e3o para opera\u00e7\u00f5es de entrega urbana. Depois das marcas autom\u00f3veis estabelecidas no mercado terem lan\u00e7ado os seus furg\u00f5es m\u00e9dios 100% el\u00e9tricos, a Maxus \u2013 marca pertencente ao gigante chin\u00eas SAIC Motor \u2013 lan\u00e7a a sua vers\u00e3o de furg\u00e3o [&hellip;]","og_url":"https:\/\/automotiverevista.pt\/index.php\/2023\/06\/29\/maxus-edeliver3-modificar-os-padroes-estabelecidos\/","og_site_name":"Revista Automotive","article_published_time":"2023-06-29T08:03:00+00:00","og_image":[{"width":889,"height":667,"url":"https:\/\/automotiverevista.pt\/wp-content\/uploads\/2023\/06\/FotoAbertura-18.jpg","type":"image\/jpeg"}],"author":"MiguelMarques","twitter_card":"summary_large_image","twitter_misc":{"Escrito por":"MiguelMarques","Tempo estimado de leitura":"5 minutos"},"schema":{"@context":"https:\/\/schema.org","@graph":[{"@type":"Article","@id":"https:\/\/automotiverevista.pt\/index.php\/2023\/06\/29\/maxus-edeliver3-modificar-os-padroes-estabelecidos\/#article","isPartOf":{"@id":"https:\/\/automotiverevista.pt\/index.php\/2023\/06\/29\/maxus-edeliver3-modificar-os-padroes-estabelecidos\/"},"author":{"name":"MiguelMarques","@id":"https:\/\/automotiverevista.pt\/#\/schema\/person\/d705335f9c428a4a0cae3d11afb2e0ef"},"headline":"Maxus eDeliver3 \u2013 modificar os padr\u00f5es estabelecidos","datePublished":"2023-06-29T08:03:00+00:00","mainEntityOfPage":{"@id":"https:\/\/automotiverevista.pt\/index.php\/2023\/06\/29\/maxus-edeliver3-modificar-os-padroes-estabelecidos\/"},"wordCount":812,"publisher":{"@id":"https:\/\/automotiverevista.pt\/#organization"},"image":{"@id":"https:\/\/automotiverevista.pt\/index.php\/2023\/06\/29\/maxus-edeliver3-modificar-os-padroes-estabelecidos\/#primaryimage"},"thumbnailUrl":"https:\/\/automotiverevista.pt\/wp-content\/uploads\/2023\/06\/FotoAbertura-18.jpg","articleSection":["Frotas"],"inLanguage":"pt-PT"},{"@type":"WebPage","@id":"https:\/\/automotiverevista.pt\/index.php\/2023\/06\/29\/maxus-edeliver3-modificar-os-padroes-estabelecidos\/","url":"https:\/\/automotiverevista.pt\/index.php\/2023\/06\/29\/maxus-edeliver3-modificar-os-padroes-estabelecidos\/","name":"Maxus eDeliver3 \u2013 modificar os padr\u00f5es estabelecidos - Revista Automotive","isPartOf":{"@id":"https:\/\/automotiverevista.pt\/#website"},"primaryImageOfPage":{"@id":"https:\/\/automotiverevista.pt\/index.php\/2023\/06\/29\/maxus-edeliver3-modificar-os-padroes-estabelecidos\/#primaryimage"},"image":{"@id":"https:\/\/automotiverevista.pt\/index.php\/2023\/06\/29\/maxus-edeliver3-modificar-os-padroes-estabelecidos\/#primaryimage"},"thumbnailUrl":"https:\/\/automotiverevista.pt\/wp-content\/uploads\/2023\/06\/FotoAbertura-18.jpg","datePublished":"2023-06-29T08:03:00+00:00","breadcrumb":{"@id":"https:\/\/automotiverevista.pt\/index.php\/2023\/06\/29\/maxus-edeliver3-modificar-os-padroes-estabelecidos\/#breadcrumb"},"inLanguage":"pt-PT","potentialAction":[{"@type":"ReadAction","target":["https:\/\/automotiverevista.pt\/index.php\/2023\/06\/29\/maxus-edeliver3-modificar-os-padroes-estabelecidos\/"]}]},{"@type":"ImageObject","inLanguage":"pt-PT","@id":"https:\/\/automotiverevista.pt\/index.php\/2023\/06\/29\/maxus-edeliver3-modificar-os-padroes-estabelecidos\/#primaryimage","url":"https:\/\/automotiverevista.pt\/wp-content\/uploads\/2023\/06\/FotoAbertura-18.jpg","contentUrl":"https:\/\/automotiverevista.pt\/wp-content\/uploads\/2023\/06\/FotoAbertura-18.jpg","width":889,"height":667},{"@type":"BreadcrumbList","@id":"https:\/\/automotiverevista.pt\/index.php\/2023\/06\/29\/maxus-edeliver3-modificar-os-padroes-estabelecidos\/#breadcrumb","itemListElement":[{"@type":"ListItem","position":1,"name":"Home","item":"https:\/\/automotiverevista.pt\/"},{"@type":"ListItem","position":2,"name":"Maxus eDeliver3 \u2013 modificar os padr\u00f5es estabelecidos"}]},{"@type":"WebSite","@id":"https:\/\/automotiverevista.pt\/#website","url":"https:\/\/automotiverevista.pt\/","name":"Revista Automotive","description":"Revista Automotive Portugal","publisher":{"@id":"https:\/\/automotiverevista.pt\/#organization"},"potentialAction":[{"@type":"SearchAction","target":{"@type":"EntryPoint","urlTemplate":"https:\/\/automotiverevista.pt\/?s={search_term_string}"},"query-input":{"@type":"PropertyValueSpecification","valueRequired":true,"valueName":"search_term_string"}}],"inLanguage":"pt-PT"},{"@type":"Organization","@id":"https:\/\/automotiverevista.pt\/#organization","name":"Revista Automotive Portugal","url":"https:\/\/automotiverevista.pt\/","logo":{"@type":"ImageObject","inLanguage":"pt-PT","@id":"https:\/\/automotiverevista.pt\/#\/schema\/logo\/image\/","url":"https:\/\/automotiverevista.pt\/wp-content\/uploads\/2022\/07\/Logo-Automotive-2021_500-1.jpg","contentUrl":"https:\/\/automotiverevista.pt\/wp-content\/uploads\/2022\/07\/Logo-Automotive-2021_500-1.jpg","width":500,"height":160,"caption":"Revista Automotive Portugal"},"image":{"@id":"https:\/\/automotiverevista.pt\/#\/schema\/logo\/image\/"},"sameAs":["https:\/\/linkedin.com\/in\/automotiverevista"]},{"@type":"Person","@id":"https:\/\/automotiverevista.pt\/#\/schema\/person\/d705335f9c428a4a0cae3d11afb2e0ef","name":"MiguelMarques","image":{"@type":"ImageObject","inLanguage":"pt-PT","@id":"https:\/\/secure.gravatar.com\/avatar\/635d1f118671d87c579d5e4f6491bfc0081e3bbddd605eb321931e9c938270b5?s=96&d=mm&r=g","url":"https:\/\/secure.gravatar.com\/avatar\/635d1f118671d87c579d5e4f6491bfc0081e3bbddd605eb321931e9c938270b5?s=96&d=mm&r=g","contentUrl":"https:\/\/secure.gravatar.com\/avatar\/635d1f118671d87c579d5e4f6491bfc0081e3bbddd605eb321931e9c938270b5?s=96&d=mm&r=g","caption":"MiguelMarques"},"url":"https:\/\/automotiverevista.pt\/index.php\/author\/miguelmarques\/"}]}},"_links":{"self":[{"href":"https:\/\/automotiverevista.pt\/index.php\/wp-json\/wp\/v2\/posts\/3239","targetHints":{"allow":["GET"]}}],"collection":[{"href":"https:\/\/automotiverevista.pt\/index.php\/wp-json\/wp\/v2\/posts"}],"about":[{"href":"https:\/\/automotiverevista.pt\/index.php\/wp-json\/wp\/v2\/types\/post"}],"author":[{"embeddable":true,"href":"https:\/\/automotiverevista.pt\/index.php\/wp-json\/wp\/v2\/users\/3"}],"replies":[{"embeddable":true,"href":"https:\/\/automotiverevista.pt\/index.php\/wp-json\/wp\/v2\/comments?post=3239"}],"version-history":[{"count":1,"href":"https:\/\/automotiverevista.pt\/index.php\/wp-json\/wp\/v2\/posts\/3239\/revisions"}],"predecessor-version":[{"id":3247,"href":"https:\/\/automotiverevista.pt\/index.php\/wp-json\/wp\/v2\/posts\/3239\/revisions\/3247"}],"wp:featuredmedia":[{"embeddable":true,"href":"https:\/\/automotiverevista.pt\/index.php\/wp-json\/wp\/v2\/media\/3240"}],"wp:attachment":[{"href":"https:\/\/automotiverevista.pt\/index.php\/wp-json\/wp\/v2\/media?parent=3239"}],"wp:term":[{"taxonomy":"category","embeddable":true,"href":"https:\/\/automotiverevista.pt\/index.php\/wp-json\/wp\/v2\/categories?post=3239"},{"taxonomy":"post_tag","embeddable":true,"href":"https:\/\/automotiverevista.pt\/index.php\/wp-json\/wp\/v2\/tags?post=3239"}],"curies":[{"name":"wp","href":"https:\/\/api.w.org\/{rel}","templated":true}]}}