{"id":3620,"date":"2023-08-02T20:40:48","date_gmt":"2023-08-02T20:40:48","guid":{"rendered":"https:\/\/automotiverevista.pt\/?p=3620"},"modified":"2023-08-02T20:40:58","modified_gmt":"2023-08-02T20:40:58","slug":"nova-geracao-scania-super-ainda-mais-eficiente","status":"publish","type":"post","link":"https:\/\/automotiverevista.pt\/index.php\/2023\/08\/02\/nova-geracao-scania-super-ainda-mais-eficiente\/","title":{"rendered":"Nova gera\u00e7\u00e3o Scania Super ainda mais eficiente"},"content":{"rendered":"\n<p>A gera\u00e7\u00e3o Scania Super foi lan\u00e7ada em 2022, mas vem a\u00ed uma nova atualiza\u00e7\u00e3o e a Revista Automotive n\u00e3o quis perder a oportunidade de testar o novo cami\u00e3o da gera\u00e7\u00e3o Scania Super.<\/p>\n\n\n\n<p>Em contexto de autoestrada, desde a sede da Scania em Vialonga, conduzimos o novo modelo desta gera\u00e7\u00e3o equipado com o motor 460cv e batizado com o nome de Pollux. Apesar de ter sido um breve contato, foi poss\u00edvel identificar e sentir as<a href=\"https:\/\/youtu.be\/KERqgaxWz0k\"> evolu\u00e7\u00f5es da nova gera\u00e7\u00e3o <\/a>em termos de motoriza\u00e7\u00e3o, chassis, componentes da cadeia cinem\u00e1tica e outras novidades em tecnologia e assist\u00eancia \u00e0 seguran\u00e7a. Mas vamos aos pormenores.<\/p>\n\n\n\n<p>Esta nova gera\u00e7\u00e3o de cami\u00f5es chega com o intuito de ser ainda muito poupada nos consumos. Para que n\u00e3o fiquem d\u00favidas, em m\u00e9dia, esta nova gera\u00e7\u00e3o Super consome<a href=\"https:\/\/automotiverevista.pt\/index.php\/2023\/04\/12\/scania-super-com-mais-recordes-de-consumo\/\"> menos 8% <\/a>face \u00e0 gera\u00e7\u00e3o anterior e, sublinhe-se, a qual j\u00e1 era considerada muito eficiente pelos seus consumos baixos. Como parar n\u00e3o \u00e9 o lema da Scania, os engenheiros da marca \u201cmeteram m\u00e3os \u00e0 obra\u201d e assim conseguiram alcan\u00e7ar um novo feito: elevar a fasquia no que respeita ao consumo de combust\u00edvel.<\/p>\n\n\n\n<figure class=\"wp-block-image size-full\"><img decoding=\"async\" width=\"1000\" height=\"667\" src=\"https:\/\/automotiverevista.pt\/wp-content\/uploads\/2023\/08\/IMG_1837.jpg\" alt=\"\" class=\"wp-image-3622\" srcset=\"https:\/\/automotiverevista.pt\/wp-content\/uploads\/2023\/08\/IMG_1837.jpg 1000w, https:\/\/automotiverevista.pt\/wp-content\/uploads\/2023\/08\/IMG_1837-300x200.jpg 300w, https:\/\/automotiverevista.pt\/wp-content\/uploads\/2023\/08\/IMG_1837-768x512.jpg 768w, https:\/\/automotiverevista.pt\/wp-content\/uploads\/2023\/08\/IMG_1837-750x500.jpg 750w\" sizes=\"(max-width: 1000px) 100vw, 1000px\" \/><\/figure>\n\n\n\n<p><strong>Gest\u00e3o mais avan\u00e7ada do motor<\/strong><\/p>\n\n\n\n<p>Ainda este ano ser\u00e1 lan\u00e7ada esta atualiza\u00e7\u00e3o voltada para o aperfei\u00e7oamento do <em>software<\/em> e da caixa de velocidades que, visivelmente, n\u00e3o revela possuir nenhuma novidade em rela\u00e7\u00e3o ao modelo anterior:\u00a0 a cabine, os interiores e todas as estruturas do <a href=\"https:\/\/youtu.be\/KERqgaxWz0k\">chassi s\u00e3o iguais,<\/a> mas o melhor nem sempre \u00e9 vis\u00edvel aos nossos olhos. Por isso, e desta vez, as modifica\u00e7\u00f5es incidiram sobretudo na gest\u00e3o do motor e na caixa de velocidades.<\/p>\n\n\n\n<p>E, por falar em gest\u00e3o do motor, esta \u00e9 not\u00f3ria quando se conduz, em parte, devido ao novo programa desenvolvido cuja op\u00e7\u00e3o permite ao motorista configurar o programa ECO no painel de instrumentos, constitu\u00eddo por tr\u00eas n\u00edveis, sendo o n\u00edvel 3 o que privilegiar\u00e1 a economia de combust\u00edvel.<\/p>\n\n\n\n<p>Em termos pr\u00e1ticos \u00e9 mais complexo ao motorista compreender certas din\u00e2micas do cami\u00e3o ou do pr\u00f3prio sistema durante a condu\u00e7\u00e3o visto que, ao optarmos pela utiliza\u00e7\u00e3o do <em>cruise control<\/em> e uma velocidade m\u00e9dia de 82 km\/h, toda a gest\u00e3o da caixa de velocidades ser\u00e1 feita de forma autom\u00e1tica pelo cami\u00e3o a partir destas indica\u00e7\u00f5es. Pode acontecer que o motorista tenha a expectativa de que o cami\u00e3o acelere numa subida, quando ele, na verdade, entra em modo neutro.<\/p>\n\n\n\n<figure class=\"wp-block-image size-large\"><img decoding=\"async\" width=\"1024\" height=\"683\" src=\"https:\/\/automotiverevista.pt\/wp-content\/uploads\/2023\/08\/IMG_1851-1024x683.jpg\" alt=\"\" class=\"wp-image-3623\" srcset=\"https:\/\/automotiverevista.pt\/wp-content\/uploads\/2023\/08\/IMG_1851-1024x683.jpg 1024w, https:\/\/automotiverevista.pt\/wp-content\/uploads\/2023\/08\/IMG_1851-300x200.jpg 300w, https:\/\/automotiverevista.pt\/wp-content\/uploads\/2023\/08\/IMG_1851-768x512.jpg 768w, https:\/\/automotiverevista.pt\/wp-content\/uploads\/2023\/08\/IMG_1851-1536x1024.jpg 1536w, https:\/\/automotiverevista.pt\/wp-content\/uploads\/2023\/08\/IMG_1851-2048x1365.jpg 2048w, https:\/\/automotiverevista.pt\/wp-content\/uploads\/2023\/08\/IMG_1851-750x500.jpg 750w, https:\/\/automotiverevista.pt\/wp-content\/uploads\/2023\/08\/IMG_1851-1140x760.jpg 1140w\" sizes=\"(max-width: 1024px) 100vw, 1024px\" \/><\/figure>\n\n\n\n<p>De forma inversa, poder\u00e1 ser expet\u00e1vel que o cami\u00e3o entre em modo neutro, mas, neste caso, o sistema ir\u00e1 engatar a d\u00e9cima segunda mudan\u00e7a ou ainda esperar que ele engate a d\u00e9cima segunda mudan\u00e7a e, na verdade, entrar em <em>overdrive<\/em>. Ou seja, num primeiro contacto, estas evolu\u00e7\u00f5es ir\u00e3o exigir alguma adaptabilidade, mas n\u00e3o h\u00e1 como o negar, toda esta gest\u00e3o melhora os consumos, assim como aproveita muito mais a in\u00e9rcia do cami\u00e3o em andamento.<\/p>\n\n\n\n<p>Para a realiza\u00e7\u00e3o do nosso teste, a unidade estava equipada com um semirreboque tipo isot\u00e9rmico, carregado com 40 toneladas. Desde logo \u00e9 bem percet\u00edvel a for\u00e7a desta unidade tratora da Scania Super, pois geriu muito bem o peso total do ve\u00edculo nos diversos declives que percorremos em autoestrada. O mesmo se notou no tocante \u00e0 gest\u00e3o da dist\u00e2ncia do ve\u00edculo \u00e0 frente, deixando de existir uma diferen\u00e7a consider\u00e1vel no sistema, e que anteriormente era bem vis\u00edvel.<\/p>\n\n\n\n<p>Existe, no entanto, um aspeto que pode ter duas perspetivas: como ponto negativo ou um sen\u00e3o e ponto positivo ou vantagem. O sen\u00e3o reside na eventualidade do motorista se encontrar numa estrada com muito tr\u00e2nsito, mas tamb\u00e9m poder\u00e1 ser visto como uma grande vantagem se a estrada em quest\u00e3o tiver pouco tr\u00e2nsito.<\/p>\n\n\n\n<figure class=\"wp-block-image size-full\"><img decoding=\"async\" width=\"889\" height=\"667\" src=\"https:\/\/automotiverevista.pt\/wp-content\/uploads\/2023\/08\/20230622_180003.jpg\" alt=\"\" class=\"wp-image-3624\" srcset=\"https:\/\/automotiverevista.pt\/wp-content\/uploads\/2023\/08\/20230622_180003.jpg 889w, https:\/\/automotiverevista.pt\/wp-content\/uploads\/2023\/08\/20230622_180003-300x225.jpg 300w, https:\/\/automotiverevista.pt\/wp-content\/uploads\/2023\/08\/20230622_180003-768x576.jpg 768w, https:\/\/automotiverevista.pt\/wp-content\/uploads\/2023\/08\/20230622_180003-750x563.jpg 750w\" sizes=\"(max-width: 889px) 100vw, 889px\" \/><\/figure>\n\n\n\n<p><strong>Modo ECO<\/strong><\/p>\n\n\n\n<p>Passemos \u00e0 explica\u00e7\u00e3o: o <em>cruise control<\/em>, ao ser colocado no modo ECO, efetuar\u00e1 uma gest\u00e3o mais eficiente e, ao percorrermos uma subida, por exemplo, o sistema reduzir\u00e1 a velocidade de 82 km\/h para os 60 km\/h com o objetivo de poupar o combust\u00edvel. Claro que se a estrada apresentar muito tr\u00e1fego poder\u00e1 ser o tal sen\u00e3o, pois iremos encontrar um cami\u00e3o lento a subir, o que poder\u00e1 baralhar a din\u00e2mica de condu\u00e7\u00e3o. Contudo, poderemos voltar a recuperar a velocidade e o tempo de condu\u00e7\u00e3o, entre outros aspetos, assim que voltarmos a circular por estradas planas e\/ou declives.<\/p>\n\n\n\n<p>\u00c9, de fato, um cami\u00e3o para ser bem explorado pelo motorista e deixamos a nota de que, provavelmente, uma forma\u00e7\u00e3o mais aprofundada tornar\u00e1 a condu\u00e7\u00e3o mais eficiente, pois se gerir os antigos sistemas da gera\u00e7\u00e3o Super n\u00e3o era simples, esta atualiza\u00e7\u00e3o exigir\u00e1 muito mais aten\u00e7\u00e3o ao motorista relativamente aos consumos que, neste cami\u00e3o, j\u00e1 \u00e9 poss\u00edvel baix\u00e1-los at\u00e9 aos 10% face \u00e0 gera\u00e7\u00e3o anterior. Au seja, a gera\u00e7\u00e3o Super j\u00e1 tinha conseguido diminuir a <a href=\"https:\/\/automotiverevista.pt\/index.php\/2023\/04\/12\/scania-super-com-mais-recordes-de-consumo\/\">poupan\u00e7a de combust\u00edvel em 8%<\/a>, com esta atualiza\u00e7\u00e3o ganhou mais de 2%.<\/p>\n\n\n\n<figure class=\"wp-block-image size-large\"><img decoding=\"async\" width=\"1024\" height=\"646\" src=\"https:\/\/automotiverevista.pt\/wp-content\/uploads\/2023\/08\/20230622_180834-1024x646.jpg\" alt=\"\" class=\"wp-image-3625\" srcset=\"https:\/\/automotiverevista.pt\/wp-content\/uploads\/2023\/08\/20230622_180834-1024x646.jpg 1024w, https:\/\/automotiverevista.pt\/wp-content\/uploads\/2023\/08\/20230622_180834-300x189.jpg 300w, https:\/\/automotiverevista.pt\/wp-content\/uploads\/2023\/08\/20230622_180834-768x484.jpg 768w, https:\/\/automotiverevista.pt\/wp-content\/uploads\/2023\/08\/20230622_180834-1536x969.jpg 1536w, https:\/\/automotiverevista.pt\/wp-content\/uploads\/2023\/08\/20230622_180834-2048x1292.jpg 2048w, https:\/\/automotiverevista.pt\/wp-content\/uploads\/2023\/08\/20230622_180834-750x473.jpg 750w, https:\/\/automotiverevista.pt\/wp-content\/uploads\/2023\/08\/20230622_180834-1140x719.jpg 1140w\" sizes=\"(max-width: 1024px) 100vw, 1024px\" \/><\/figure>\n\n\n\n<p>A unidade ensaiada pela Automotive vinha equipada com o sistema CRB, sem <em>retarder<\/em>, diminuindo assim, 150 kg na unidade tratora. Para os transportadores que n\u00e3o fa\u00e7am percursos numa topografia muito acentuada, isto \u00e9, com grandes descidas, o CRB \u00e9 mais do que suficiente para travar o cami\u00e3o, ajudando na capacidade de carga, pois tem dispon\u00edveis mais 150 kg. &nbsp;Conta, ainda, com um excelente bin\u00e1rio, atingindo apenas 790 rota\u00e7\u00f5es\/minuto, numa d\u00e9cima segunda velocidade a 82 km\/h (fator inquestion\u00e1vel de poupan\u00e7a de combust\u00edvel, sublinhe-se).<\/p>\n\n\n\n<p>A salientar: o som. Apesar de n\u00e3o ser um motor V8, este ve\u00edculo apresenta um som de funcionamento muito id\u00eantico, tornando esta gera\u00e7\u00e3o de cami\u00f5es Super a mais indicada para os amantes de cami\u00f5es com um som mais altivo, pois o motor responde com um som caracter\u00edstico \u00e0 acelera\u00e7\u00e3o e \u00e0 for\u00e7a quando necess\u00e1ria numa subida, por exemplo.<\/p>\n\n\n\n<figure class=\"wp-block-image size-large\"><img decoding=\"async\" width=\"1024\" height=\"450\" src=\"https:\/\/automotiverevista.pt\/wp-content\/uploads\/2023\/08\/20230622_175749-1024x450.jpg\" alt=\"\" class=\"wp-image-3626\" srcset=\"https:\/\/automotiverevista.pt\/wp-content\/uploads\/2023\/08\/20230622_175749-1024x450.jpg 1024w, https:\/\/automotiverevista.pt\/wp-content\/uploads\/2023\/08\/20230622_175749-300x132.jpg 300w, https:\/\/automotiverevista.pt\/wp-content\/uploads\/2023\/08\/20230622_175749-768x337.jpg 768w, https:\/\/automotiverevista.pt\/wp-content\/uploads\/2023\/08\/20230622_175749-1536x674.jpg 1536w, https:\/\/automotiverevista.pt\/wp-content\/uploads\/2023\/08\/20230622_175749-2048x899.jpg 2048w, https:\/\/automotiverevista.pt\/wp-content\/uploads\/2023\/08\/20230622_175749-750x329.jpg 750w, https:\/\/automotiverevista.pt\/wp-content\/uploads\/2023\/08\/20230622_175749-1140x500.jpg 1140w\" sizes=\"(max-width: 1024px) 100vw, 1024px\" \/><\/figure>\n\n\n\n<p><strong>Consumo exemplar<\/strong><\/p>\n\n\n\n<p>J\u00e1 em velocidade cruzeiro, o Super apresenta uma excelente insonoriza\u00e7\u00e3o, sendo assim considerado um cami\u00e3o silencioso. Desta forma, podemos dizer que consegue agradar a Gregos e Troianos, aos motoristas amantes do som (basta carregar um pouco mais no acelerador) e aos que preferem a tranquilidade na condu\u00e7\u00e3o, sem deixar de manter todas as suas qualidades, quer a n\u00edvel da insonoriza\u00e7\u00e3o, conforto a bordo (mesmo depois de longas horas ao volante), espa\u00e7o e intera\u00e7\u00e3o com os sistemas, todos muito intuitivos.<\/p>\n\n\n\n<p>O <strong>nosso teste fixou um consumo de 25,6 litros\/km,<\/strong> num percurso de curta dura\u00e7\u00e3o. Podemos extrapolar que, num percurso de Lisboa-Madrid ou Madrid-Lisboa, este consumo dever\u00e1 baixar consideravelmente. No entanto, n\u00e3o deixa de ser um bom indicador que promete tornar o Scania Super R 460 uma refer\u00eancia dentro dos cami\u00f5es com motor a diesel, nas frotas nacionais e internacionais.<\/p>\n\n\n","protected":false},"excerpt":{"rendered":"<p>A gera\u00e7\u00e3o Scania Super foi lan\u00e7ada em 2022, mas vem a\u00ed uma nova atualiza\u00e7\u00e3o e a Revista Automotive n\u00e3o quis perder a oportunidade de testar o novo cami\u00e3o da gera\u00e7\u00e3o Scania Super. Em contexto de autoestrada, desde a sede da Scania em Vialonga, conduzimos o novo modelo desta gera\u00e7\u00e3o equipado com o motor 460cv e [&hellip;]<\/p>\n","protected":false},"author":1,"featured_media":3621,"comment_status":"closed","ping_status":"open","sticky":false,"template":"","format":"standard","meta":{"jnews-multi-image_gallery":[],"jnews_single_post":{"subtitle":"","format":"standard","video":"","gallery":"","source_name":"","source_url":"","via_name":"","via_url":"","override_template":"0","override":[{"template":"2","single_blog_custom":"","parallax":"1","fullscreen":"1","layout":"right-sidebar","sidebar":"default-sidebar","second_sidebar":"default-sidebar","sticky_sidebar":"1","share_position":"topbottom","share_float_style":"share-monocrhome","show_share_counter":"0","show_view_counter":"0","show_featured":"1","show_post_meta":"1","show_post_author":"0","show_post_author_image":"1","show_post_date":"1","post_date_format":"default","post_date_format_custom":"Y\/m\/d","show_post_category":"1","show_post_reading_time":"0","post_reading_time_wpm":"300","show_zoom_button":"0","zoom_button_out_step":"2","zoom_button_in_step":"3","show_post_tag":"1","show_prev_next_post":"0","show_popup_post":"1","number_popup_post":"1","show_author_box":"0","show_post_related":"1","show_inline_post_related":"1"}],"override_image_size":"0","image_override":[{"single_post_thumbnail_size":"crop-500","single_post_gallery_size":"crop-500"}],"trending_post":"0","trending_post_position":"meta","trending_post_label":"Trending","sponsored_post":"0","sponsored_post_label":"Sponsored by","sponsored_post_name":"","sponsored_post_url":"","sponsored_post_logo_enable":"0","sponsored_post_logo":"","sponsored_post_desc":"","disable_ad":"0"},"jnews_primary_category":{"id":"","hide":""},"footnotes":""},"categories":[25],"tags":[],"class_list":["post-3620","post","type-post","status-publish","format-standard","has-post-thumbnail","hentry","category-pesados-e-maquinas"],"yoast_head":"<!-- This site is optimized with the Yoast SEO Premium plugin v27.5 (Yoast SEO v27.5) - https:\/\/yoast.com\/product\/yoast-seo-premium-wordpress\/ -->\n<title>Nova gera\u00e7\u00e3o Scania Super ainda mais eficiente - Revista Automotive<\/title>\n<meta name=\"description\" content=\"A gera\u00e7\u00e3o Scania Super foi lan\u00e7ada em 2022, mas vem a\u00ed uma nova atualiza\u00e7\u00e3o e a Revista Automotive n\u00e3o quis perde\" \/>\n<meta name=\"robots\" content=\"index, follow, max-snippet:-1, max-image-preview:large, max-video-preview:-1\" \/>\n<link rel=\"canonical\" href=\"https:\/\/automotiverevista.pt\/index.php\/2023\/08\/02\/nova-geracao-scania-super-ainda-mais-eficiente\/\" \/>\n<meta property=\"og:locale\" content=\"pt_PT\" \/>\n<meta property=\"og:type\" content=\"article\" \/>\n<meta property=\"og:title\" content=\"Nova gera\u00e7\u00e3o Scania Super ainda mais eficiente\" \/>\n<meta property=\"og:description\" content=\"A gera\u00e7\u00e3o Scania Super foi lan\u00e7ada em 2022, mas vem a\u00ed uma nova atualiza\u00e7\u00e3o e a Revista Automotive n\u00e3o quis perde\" \/>\n<meta property=\"og:url\" content=\"https:\/\/automotiverevista.pt\/index.php\/2023\/08\/02\/nova-geracao-scania-super-ainda-mais-eficiente\/\" \/>\n<meta property=\"og:site_name\" content=\"Revista Automotive\" \/>\n<meta property=\"article:published_time\" content=\"2023-08-02T20:40:48+00:00\" \/>\n<meta property=\"article:modified_time\" content=\"2023-08-02T20:40:58+00:00\" \/>\n<meta property=\"og:image\" content=\"https:\/\/automotiverevista.pt\/wp-content\/uploads\/2023\/08\/IMG_1855.jpg\" \/>\n\t<meta property=\"og:image:width\" content=\"1000\" \/>\n\t<meta property=\"og:image:height\" content=\"667\" \/>\n\t<meta property=\"og:image:type\" content=\"image\/jpeg\" \/>\n<meta name=\"author\" content=\"adminNovo\" \/>\n<meta name=\"twitter:card\" content=\"summary_large_image\" \/>\n<meta name=\"twitter:label1\" content=\"Escrito por\" \/>\n\t<meta name=\"twitter:data1\" content=\"adminNovo\" \/>\n\t<meta name=\"twitter:label2\" content=\"Tempo estimado de leitura\" \/>\n\t<meta name=\"twitter:data2\" content=\"7 minutos\" \/>\n<script type=\"application\/ld+json\" class=\"yoast-schema-graph\">{\"@context\":\"https:\\\/\\\/schema.org\",\"@graph\":[{\"@type\":\"Article\",\"@id\":\"https:\\\/\\\/automotiverevista.pt\\\/index.php\\\/2023\\\/08\\\/02\\\/nova-geracao-scania-super-ainda-mais-eficiente\\\/#article\",\"isPartOf\":{\"@id\":\"https:\\\/\\\/automotiverevista.pt\\\/index.php\\\/2023\\\/08\\\/02\\\/nova-geracao-scania-super-ainda-mais-eficiente\\\/\"},\"author\":{\"name\":\"adminNovo\",\"@id\":\"https:\\\/\\\/automotiverevista.pt\\\/#\\\/schema\\\/person\\\/1265858bc8c78a0f969de814da8be281\"},\"headline\":\"Nova gera\u00e7\u00e3o Scania Super ainda mais eficiente\",\"datePublished\":\"2023-08-02T20:40:48+00:00\",\"dateModified\":\"2023-08-02T20:40:58+00:00\",\"mainEntityOfPage\":{\"@id\":\"https:\\\/\\\/automotiverevista.pt\\\/index.php\\\/2023\\\/08\\\/02\\\/nova-geracao-scania-super-ainda-mais-eficiente\\\/\"},\"wordCount\":1169,\"publisher\":{\"@id\":\"https:\\\/\\\/automotiverevista.pt\\\/#organization\"},\"image\":{\"@id\":\"https:\\\/\\\/automotiverevista.pt\\\/index.php\\\/2023\\\/08\\\/02\\\/nova-geracao-scania-super-ainda-mais-eficiente\\\/#primaryimage\"},\"thumbnailUrl\":\"https:\\\/\\\/automotiverevista.pt\\\/wp-content\\\/uploads\\\/2023\\\/08\\\/IMG_1855.jpg\",\"articleSection\":[\"Pesados e M\u00e1quinas\"],\"inLanguage\":\"pt-PT\"},{\"@type\":\"WebPage\",\"@id\":\"https:\\\/\\\/automotiverevista.pt\\\/index.php\\\/2023\\\/08\\\/02\\\/nova-geracao-scania-super-ainda-mais-eficiente\\\/\",\"url\":\"https:\\\/\\\/automotiverevista.pt\\\/index.php\\\/2023\\\/08\\\/02\\\/nova-geracao-scania-super-ainda-mais-eficiente\\\/\",\"name\":\"Nova gera\u00e7\u00e3o Scania Super ainda mais eficiente - Revista Automotive\",\"isPartOf\":{\"@id\":\"https:\\\/\\\/automotiverevista.pt\\\/#website\"},\"primaryImageOfPage\":{\"@id\":\"https:\\\/\\\/automotiverevista.pt\\\/index.php\\\/2023\\\/08\\\/02\\\/nova-geracao-scania-super-ainda-mais-eficiente\\\/#primaryimage\"},\"image\":{\"@id\":\"https:\\\/\\\/automotiverevista.pt\\\/index.php\\\/2023\\\/08\\\/02\\\/nova-geracao-scania-super-ainda-mais-eficiente\\\/#primaryimage\"},\"thumbnailUrl\":\"https:\\\/\\\/automotiverevista.pt\\\/wp-content\\\/uploads\\\/2023\\\/08\\\/IMG_1855.jpg\",\"datePublished\":\"2023-08-02T20:40:48+00:00\",\"dateModified\":\"2023-08-02T20:40:58+00:00\",\"description\":\"A gera\u00e7\u00e3o Scania Super foi lan\u00e7ada em 2022, mas vem a\u00ed uma nova atualiza\u00e7\u00e3o e a Revista Automotive n\u00e3o quis perde\",\"breadcrumb\":{\"@id\":\"https:\\\/\\\/automotiverevista.pt\\\/index.php\\\/2023\\\/08\\\/02\\\/nova-geracao-scania-super-ainda-mais-eficiente\\\/#breadcrumb\"},\"inLanguage\":\"pt-PT\",\"potentialAction\":[{\"@type\":\"ReadAction\",\"target\":[\"https:\\\/\\\/automotiverevista.pt\\\/index.php\\\/2023\\\/08\\\/02\\\/nova-geracao-scania-super-ainda-mais-eficiente\\\/\"]}]},{\"@type\":\"ImageObject\",\"inLanguage\":\"pt-PT\",\"@id\":\"https:\\\/\\\/automotiverevista.pt\\\/index.php\\\/2023\\\/08\\\/02\\\/nova-geracao-scania-super-ainda-mais-eficiente\\\/#primaryimage\",\"url\":\"https:\\\/\\\/automotiverevista.pt\\\/wp-content\\\/uploads\\\/2023\\\/08\\\/IMG_1855.jpg\",\"contentUrl\":\"https:\\\/\\\/automotiverevista.pt\\\/wp-content\\\/uploads\\\/2023\\\/08\\\/IMG_1855.jpg\",\"width\":1000,\"height\":667},{\"@type\":\"BreadcrumbList\",\"@id\":\"https:\\\/\\\/automotiverevista.pt\\\/index.php\\\/2023\\\/08\\\/02\\\/nova-geracao-scania-super-ainda-mais-eficiente\\\/#breadcrumb\",\"itemListElement\":[{\"@type\":\"ListItem\",\"position\":1,\"name\":\"Home\",\"item\":\"https:\\\/\\\/automotiverevista.pt\\\/\"},{\"@type\":\"ListItem\",\"position\":2,\"name\":\"Nova gera\u00e7\u00e3o Scania Super ainda mais eficiente\"}]},{\"@type\":\"WebSite\",\"@id\":\"https:\\\/\\\/automotiverevista.pt\\\/#website\",\"url\":\"https:\\\/\\\/automotiverevista.pt\\\/\",\"name\":\"Revista Automotive\",\"description\":\"Revista Automotive Portugal\",\"publisher\":{\"@id\":\"https:\\\/\\\/automotiverevista.pt\\\/#organization\"},\"potentialAction\":[{\"@type\":\"SearchAction\",\"target\":{\"@type\":\"EntryPoint\",\"urlTemplate\":\"https:\\\/\\\/automotiverevista.pt\\\/?s={search_term_string}\"},\"query-input\":{\"@type\":\"PropertyValueSpecification\",\"valueRequired\":true,\"valueName\":\"search_term_string\"}}],\"inLanguage\":\"pt-PT\"},{\"@type\":\"Organization\",\"@id\":\"https:\\\/\\\/automotiverevista.pt\\\/#organization\",\"name\":\"Revista Automotive Portugal\",\"url\":\"https:\\\/\\\/automotiverevista.pt\\\/\",\"logo\":{\"@type\":\"ImageObject\",\"inLanguage\":\"pt-PT\",\"@id\":\"https:\\\/\\\/automotiverevista.pt\\\/#\\\/schema\\\/logo\\\/image\\\/\",\"url\":\"https:\\\/\\\/automotiverevista.pt\\\/wp-content\\\/uploads\\\/2022\\\/07\\\/Logo-Automotive-2021_500-1.jpg\",\"contentUrl\":\"https:\\\/\\\/automotiverevista.pt\\\/wp-content\\\/uploads\\\/2022\\\/07\\\/Logo-Automotive-2021_500-1.jpg\",\"width\":500,\"height\":160,\"caption\":\"Revista Automotive Portugal\"},\"image\":{\"@id\":\"https:\\\/\\\/automotiverevista.pt\\\/#\\\/schema\\\/logo\\\/image\\\/\"},\"sameAs\":[\"https:\\\/\\\/linkedin.com\\\/in\\\/automotiverevista\"]},{\"@type\":\"Person\",\"@id\":\"https:\\\/\\\/automotiverevista.pt\\\/#\\\/schema\\\/person\\\/1265858bc8c78a0f969de814da8be281\",\"name\":\"adminNovo\",\"image\":{\"@type\":\"ImageObject\",\"inLanguage\":\"pt-PT\",\"@id\":\"https:\\\/\\\/secure.gravatar.com\\\/avatar\\\/c606c1288dcc11eb4c709aa5136fdb962583c410f5c23c0b7bf6917c542be355?s=96&d=mm&r=g\",\"url\":\"https:\\\/\\\/secure.gravatar.com\\\/avatar\\\/c606c1288dcc11eb4c709aa5136fdb962583c410f5c23c0b7bf6917c542be355?s=96&d=mm&r=g\",\"contentUrl\":\"https:\\\/\\\/secure.gravatar.com\\\/avatar\\\/c606c1288dcc11eb4c709aa5136fdb962583c410f5c23c0b7bf6917c542be355?s=96&d=mm&r=g\",\"caption\":\"adminNovo\"},\"sameAs\":[\"https:\\\/\\\/automotiverevista.pt\"],\"url\":\"https:\\\/\\\/automotiverevista.pt\\\/index.php\\\/author\\\/adminnovo\\\/\"}]}<\/script>\n<!-- \/ Yoast SEO Premium plugin. -->","yoast_head_json":{"title":"Nova gera\u00e7\u00e3o Scania Super ainda mais eficiente - Revista Automotive","description":"A gera\u00e7\u00e3o Scania Super foi lan\u00e7ada em 2022, mas vem a\u00ed uma nova atualiza\u00e7\u00e3o e a Revista Automotive n\u00e3o quis perde","robots":{"index":"index","follow":"follow","max-snippet":"max-snippet:-1","max-image-preview":"max-image-preview:large","max-video-preview":"max-video-preview:-1"},"canonical":"https:\/\/automotiverevista.pt\/index.php\/2023\/08\/02\/nova-geracao-scania-super-ainda-mais-eficiente\/","og_locale":"pt_PT","og_type":"article","og_title":"Nova gera\u00e7\u00e3o Scania Super ainda mais eficiente","og_description":"A gera\u00e7\u00e3o Scania Super foi lan\u00e7ada em 2022, mas vem a\u00ed uma nova atualiza\u00e7\u00e3o e a Revista Automotive n\u00e3o quis perde","og_url":"https:\/\/automotiverevista.pt\/index.php\/2023\/08\/02\/nova-geracao-scania-super-ainda-mais-eficiente\/","og_site_name":"Revista Automotive","article_published_time":"2023-08-02T20:40:48+00:00","article_modified_time":"2023-08-02T20:40:58+00:00","og_image":[{"width":1000,"height":667,"url":"https:\/\/automotiverevista.pt\/wp-content\/uploads\/2023\/08\/IMG_1855.jpg","type":"image\/jpeg"}],"author":"adminNovo","twitter_card":"summary_large_image","twitter_misc":{"Escrito por":"adminNovo","Tempo estimado de leitura":"7 minutos"},"schema":{"@context":"https:\/\/schema.org","@graph":[{"@type":"Article","@id":"https:\/\/automotiverevista.pt\/index.php\/2023\/08\/02\/nova-geracao-scania-super-ainda-mais-eficiente\/#article","isPartOf":{"@id":"https:\/\/automotiverevista.pt\/index.php\/2023\/08\/02\/nova-geracao-scania-super-ainda-mais-eficiente\/"},"author":{"name":"adminNovo","@id":"https:\/\/automotiverevista.pt\/#\/schema\/person\/1265858bc8c78a0f969de814da8be281"},"headline":"Nova gera\u00e7\u00e3o Scania Super ainda mais eficiente","datePublished":"2023-08-02T20:40:48+00:00","dateModified":"2023-08-02T20:40:58+00:00","mainEntityOfPage":{"@id":"https:\/\/automotiverevista.pt\/index.php\/2023\/08\/02\/nova-geracao-scania-super-ainda-mais-eficiente\/"},"wordCount":1169,"publisher":{"@id":"https:\/\/automotiverevista.pt\/#organization"},"image":{"@id":"https:\/\/automotiverevista.pt\/index.php\/2023\/08\/02\/nova-geracao-scania-super-ainda-mais-eficiente\/#primaryimage"},"thumbnailUrl":"https:\/\/automotiverevista.pt\/wp-content\/uploads\/2023\/08\/IMG_1855.jpg","articleSection":["Pesados e M\u00e1quinas"],"inLanguage":"pt-PT"},{"@type":"WebPage","@id":"https:\/\/automotiverevista.pt\/index.php\/2023\/08\/02\/nova-geracao-scania-super-ainda-mais-eficiente\/","url":"https:\/\/automotiverevista.pt\/index.php\/2023\/08\/02\/nova-geracao-scania-super-ainda-mais-eficiente\/","name":"Nova gera\u00e7\u00e3o Scania Super ainda mais eficiente - Revista Automotive","isPartOf":{"@id":"https:\/\/automotiverevista.pt\/#website"},"primaryImageOfPage":{"@id":"https:\/\/automotiverevista.pt\/index.php\/2023\/08\/02\/nova-geracao-scania-super-ainda-mais-eficiente\/#primaryimage"},"image":{"@id":"https:\/\/automotiverevista.pt\/index.php\/2023\/08\/02\/nova-geracao-scania-super-ainda-mais-eficiente\/#primaryimage"},"thumbnailUrl":"https:\/\/automotiverevista.pt\/wp-content\/uploads\/2023\/08\/IMG_1855.jpg","datePublished":"2023-08-02T20:40:48+00:00","dateModified":"2023-08-02T20:40:58+00:00","description":"A gera\u00e7\u00e3o Scania Super foi lan\u00e7ada em 2022, mas vem a\u00ed uma nova atualiza\u00e7\u00e3o e a Revista Automotive n\u00e3o quis perde","breadcrumb":{"@id":"https:\/\/automotiverevista.pt\/index.php\/2023\/08\/02\/nova-geracao-scania-super-ainda-mais-eficiente\/#breadcrumb"},"inLanguage":"pt-PT","potentialAction":[{"@type":"ReadAction","target":["https:\/\/automotiverevista.pt\/index.php\/2023\/08\/02\/nova-geracao-scania-super-ainda-mais-eficiente\/"]}]},{"@type":"ImageObject","inLanguage":"pt-PT","@id":"https:\/\/automotiverevista.pt\/index.php\/2023\/08\/02\/nova-geracao-scania-super-ainda-mais-eficiente\/#primaryimage","url":"https:\/\/automotiverevista.pt\/wp-content\/uploads\/2023\/08\/IMG_1855.jpg","contentUrl":"https:\/\/automotiverevista.pt\/wp-content\/uploads\/2023\/08\/IMG_1855.jpg","width":1000,"height":667},{"@type":"BreadcrumbList","@id":"https:\/\/automotiverevista.pt\/index.php\/2023\/08\/02\/nova-geracao-scania-super-ainda-mais-eficiente\/#breadcrumb","itemListElement":[{"@type":"ListItem","position":1,"name":"Home","item":"https:\/\/automotiverevista.pt\/"},{"@type":"ListItem","position":2,"name":"Nova gera\u00e7\u00e3o Scania Super ainda mais eficiente"}]},{"@type":"WebSite","@id":"https:\/\/automotiverevista.pt\/#website","url":"https:\/\/automotiverevista.pt\/","name":"Revista Automotive","description":"Revista Automotive Portugal","publisher":{"@id":"https:\/\/automotiverevista.pt\/#organization"},"potentialAction":[{"@type":"SearchAction","target":{"@type":"EntryPoint","urlTemplate":"https:\/\/automotiverevista.pt\/?s={search_term_string}"},"query-input":{"@type":"PropertyValueSpecification","valueRequired":true,"valueName":"search_term_string"}}],"inLanguage":"pt-PT"},{"@type":"Organization","@id":"https:\/\/automotiverevista.pt\/#organization","name":"Revista Automotive Portugal","url":"https:\/\/automotiverevista.pt\/","logo":{"@type":"ImageObject","inLanguage":"pt-PT","@id":"https:\/\/automotiverevista.pt\/#\/schema\/logo\/image\/","url":"https:\/\/automotiverevista.pt\/wp-content\/uploads\/2022\/07\/Logo-Automotive-2021_500-1.jpg","contentUrl":"https:\/\/automotiverevista.pt\/wp-content\/uploads\/2022\/07\/Logo-Automotive-2021_500-1.jpg","width":500,"height":160,"caption":"Revista Automotive Portugal"},"image":{"@id":"https:\/\/automotiverevista.pt\/#\/schema\/logo\/image\/"},"sameAs":["https:\/\/linkedin.com\/in\/automotiverevista"]},{"@type":"Person","@id":"https:\/\/automotiverevista.pt\/#\/schema\/person\/1265858bc8c78a0f969de814da8be281","name":"adminNovo","image":{"@type":"ImageObject","inLanguage":"pt-PT","@id":"https:\/\/secure.gravatar.com\/avatar\/c606c1288dcc11eb4c709aa5136fdb962583c410f5c23c0b7bf6917c542be355?s=96&d=mm&r=g","url":"https:\/\/secure.gravatar.com\/avatar\/c606c1288dcc11eb4c709aa5136fdb962583c410f5c23c0b7bf6917c542be355?s=96&d=mm&r=g","contentUrl":"https:\/\/secure.gravatar.com\/avatar\/c606c1288dcc11eb4c709aa5136fdb962583c410f5c23c0b7bf6917c542be355?s=96&d=mm&r=g","caption":"adminNovo"},"sameAs":["https:\/\/automotiverevista.pt"],"url":"https:\/\/automotiverevista.pt\/index.php\/author\/adminnovo\/"}]}},"_links":{"self":[{"href":"https:\/\/automotiverevista.pt\/index.php\/wp-json\/wp\/v2\/posts\/3620","targetHints":{"allow":["GET"]}}],"collection":[{"href":"https:\/\/automotiverevista.pt\/index.php\/wp-json\/wp\/v2\/posts"}],"about":[{"href":"https:\/\/automotiverevista.pt\/index.php\/wp-json\/wp\/v2\/types\/post"}],"author":[{"embeddable":true,"href":"https:\/\/automotiverevista.pt\/index.php\/wp-json\/wp\/v2\/users\/1"}],"replies":[{"embeddable":true,"href":"https:\/\/automotiverevista.pt\/index.php\/wp-json\/wp\/v2\/comments?post=3620"}],"version-history":[{"count":2,"href":"https:\/\/automotiverevista.pt\/index.php\/wp-json\/wp\/v2\/posts\/3620\/revisions"}],"predecessor-version":[{"id":3633,"href":"https:\/\/automotiverevista.pt\/index.php\/wp-json\/wp\/v2\/posts\/3620\/revisions\/3633"}],"wp:featuredmedia":[{"embeddable":true,"href":"https:\/\/automotiverevista.pt\/index.php\/wp-json\/wp\/v2\/media\/3621"}],"wp:attachment":[{"href":"https:\/\/automotiverevista.pt\/index.php\/wp-json\/wp\/v2\/media?parent=3620"}],"wp:term":[{"taxonomy":"category","embeddable":true,"href":"https:\/\/automotiverevista.pt\/index.php\/wp-json\/wp\/v2\/categories?post=3620"},{"taxonomy":"post_tag","embeddable":true,"href":"https:\/\/automotiverevista.pt\/index.php\/wp-json\/wp\/v2\/tags?post=3620"}],"curies":[{"name":"wp","href":"https:\/\/api.w.org\/{rel}","templated":true}]}}