{"id":3896,"date":"2023-09-12T13:26:00","date_gmt":"2023-09-12T13:26:00","guid":{"rendered":"https:\/\/automotiverevista.pt\/?p=3896"},"modified":"2023-09-12T13:26:07","modified_gmt":"2023-09-12T13:26:07","slug":"scania-reforca-infraestrutura-em-portugal-com-novas-instalacoes-em-lisboa","status":"publish","type":"post","link":"https:\/\/automotiverevista.pt\/index.php\/2023\/09\/12\/scania-reforca-infraestrutura-em-portugal-com-novas-instalacoes-em-lisboa\/","title":{"rendered":"Scania refor\u00e7a infraestrutura em Portugal com novas instala\u00e7\u00f5es em Lisboa"},"content":{"rendered":"\n<p>O novo centro ficar\u00e1 localizado na Castanheira do Ribatejo, a cerca de 35 km de Lisboa, zona onde a log\u00edstica se concentra a norte da capital. O complexo, com f\u00e1cil acesso e visibilidade a partir das estradas A1 e N1, ir\u00e1 substituir a atual sede da Scania em Portugal e o concession\u00e1rio de Vialonga<\/p>\n\n\n\n<p>Com um total aproximado de 24 mil m2 e um <strong>investimento superior a 12 milh\u00f5es de euros<\/strong>, as novas instala\u00e7\u00f5es ter\u00e3o grande capacidade e amplitude para albergar escrit\u00f3rios, servi\u00e7os financeiros, oficina, campo de 17 mil m2, centro de conectividade, Centro de Usados, <strong>Escola de Forma\u00e7\u00e3o<\/strong>, e modernas instala\u00e7\u00f5es e servi\u00e7os que estar\u00e3o \u00e0 disposi\u00e7\u00e3o dos clientes para lhes proporcionar um atendimento personalizado e de qualidade.<\/p>\n\n\n\n<p>O edif\u00edcio estar\u00e1 equipado com as mais recentes tecnologias e medidas de seguran\u00e7a. Tudo, focado do ponto de vista da sustentabilidade e da efici\u00eancia energ\u00e9tica, objetivo priorit\u00e1rio da marca.<\/p>\n\n\n\n<figure class=\"wp-block-image size-large is-resized\"><img decoding=\"async\" src=\"https:\/\/automotiverevista.pt\/wp-content\/uploads\/2023\/09\/IMG_4573_Low-1024x683.jpg\" alt=\"\" class=\"wp-image-3898\" style=\"width:741px;height:494px\" width=\"741\" height=\"494\" srcset=\"https:\/\/automotiverevista.pt\/wp-content\/uploads\/2023\/09\/IMG_4573_Low-1024x683.jpg 1024w, https:\/\/automotiverevista.pt\/wp-content\/uploads\/2023\/09\/IMG_4573_Low-300x200.jpg 300w, https:\/\/automotiverevista.pt\/wp-content\/uploads\/2023\/09\/IMG_4573_Low-768x512.jpg 768w, https:\/\/automotiverevista.pt\/wp-content\/uploads\/2023\/09\/IMG_4573_Low-1536x1024.jpg 1536w, https:\/\/automotiverevista.pt\/wp-content\/uploads\/2023\/09\/IMG_4573_Low-2048x1365.jpg 2048w, https:\/\/automotiverevista.pt\/wp-content\/uploads\/2023\/09\/IMG_4573_Low-750x500.jpg 750w, https:\/\/automotiverevista.pt\/wp-content\/uploads\/2023\/09\/IMG_4573_Low-1140x760.jpg 1140w\" sizes=\"(max-width: 741px) 100vw, 741px\" \/><\/figure>\n\n\n\n<p><strong>Efici\u00eancia e qualidade<\/strong><\/p>\n\n\n\n<p>Segundo<strong> <\/strong><a href=\"https:\/\/youtu.be\/yq9hkt5PEUo?si=RgDVYgzI-yz78BEO\"><strong>Sebasti\u00e1n Figueroa<\/strong>,<\/a> diretor geral da Scania Ib\u00e9rica\u201cas novas instala\u00e7\u00f5es contam com uma localiza\u00e7\u00e3o imbat\u00edvel, para o desenvolvimento das opera\u00e7\u00f5es comerciais da Scania em Portugal. Com este centro estrat\u00e9gico atenderemos \u00e0s necessidades dos nossos clientes de forma personalizada, eficiente e de qualidade e continuaremos a construir essa rela\u00e7\u00e3o m\u00fatua de confian\u00e7a\u201d, destacou.<\/p>\n\n\n\n<p>Por sua vez, <strong>\u00c1ngel V\u00e1zquez<\/strong>, diretor de Desenvolvimento de Retalho da Scania Ib\u00e9rica, salientou a import\u00e2ncia dos trabalhadores da Scania. \u201cEstas novas instala\u00e7\u00f5es s\u00e3o mais um passo da Scania na procura da excel\u00eancia. Estamos focados na melhoria cont\u00ednua, junto com as mais <a href=\"https:\/\/automotiverevista.pt\/index.php\/2022\/07\/21\/video-teste-do-scania-100-eletrico-sera-este-o-futuro-dos-camioes\/\">recentes tecnologias<\/a> e novos servi\u00e7os. Aproxima-nos um pouco mais dos nossos clientes, mas \u00e9 sempre o capital humano com o seu bom trabalho, o seu profissionalismo e proximidade, que ir\u00e1 fazer a diferen\u00e7a.\u201d<\/p>\n\n\n\n<p>Para concretizar esta opera\u00e7\u00e3o, a Scania contou com a experi\u00eancia dos departamentos Industrial &amp; Log\u00edstica e Tenant Rep da JLL, o que destaca a experi\u00eancia da consultora em solu\u00e7\u00f5es 360\u00ba, desde a pesquisa at\u00e9 \u00e0 compra. \u201cEsta opera\u00e7\u00e3o refor\u00e7a a confian\u00e7a depositada pelas empresas na JLL para garantir os seus objetivos imobili\u00e1rios, com solu\u00e7\u00f5es \u00e0 medida, aliando a experi\u00eancia global \u00e0 excel\u00eancia local\u201d, afirmou <strong>Mariana Rosa<\/strong>, Head of Markets Advisory da JLL.<\/p>\n\n\n\n<p><strong>Diversidade de servi\u00e7os<\/strong><\/p>\n\n\n\n<p>O novo edif\u00edcio, totalmente equipado, contar\u00e1 com in\u00fameros servi\u00e7os, entre os quais, um <strong>centro de conectividade<\/strong>, tendo por objetivo conhecer a posi\u00e7\u00e3o e telemetria de todos os ve\u00edculos conectados da Scania. Melhorar o desempenho do ve\u00edculo com uma condu\u00e7\u00e3o mais eficiente e segura, com consequente economia de combust\u00edvel e uma maior rentabilidade.<\/p>\n\n\n\n<p><strong>Centro de Usados<\/strong>: ser\u00e1 um espa\u00e7o de venda de ve\u00edculos usados \u200b\u200bScania com uma equipa comercial espec\u00edfica para disponibilizar apoio profissional, com solu\u00e7\u00f5es reais e de qualidade. Todos os ve\u00edculos expostos no Centro de Usados \u200b\u200bScania s\u00e3o submetidos a uma exaustiva revis\u00e3o e avalia\u00e7\u00e3o do estado do cami\u00e3o pela equipa t\u00e9cnica, garantindo 100% de qualidade.<\/p>\n\n\n\n<p><strong>\u00c1rea espec\u00edfica para repara\u00e7\u00e3o de acidentes<\/strong>: a oficina ter\u00e1 uma \u00e1rea aproximada de 2000m2 e uma parte ser\u00e1 especificamente dedicada \u00e0 repara\u00e7\u00e3o de acidentes, incluindo uma bancada para endireitamento de cabines e caixilhos e uma cabine de pintura.<\/p>\n\n\n\n<p>As instala\u00e7\u00f5es estar\u00e3o totalmente preparadas e equipadas com as mais recentes tecnologias para prestar um servi\u00e7o de qualidade a qualquer tipo de ve\u00edculo, seja <a href=\"https:\/\/automotiverevista.pt\/index.php\/2022\/07\/21\/video-teste-do-scania-100-eletrico-sera-este-o-futuro-dos-camioes\/\">el\u00e9trico<\/a>, h\u00edbrido ou a g\u00e1s. A Scania refor\u00e7a ainda mais a sua presen\u00e7a no mercado portugu\u00eas com estas modernas instala\u00e7\u00f5es localizadas num enclave estrat\u00e9gico em Portugal.<\/p>\n","protected":false},"excerpt":{"rendered":"<p>O novo centro ficar\u00e1 localizado na Castanheira do Ribatejo, a cerca de 35 km de Lisboa, zona onde a log\u00edstica se concentra a norte da capital. O complexo, com f\u00e1cil acesso e visibilidade a partir das estradas A1 e N1, ir\u00e1 substituir a atual sede da Scania em Portugal e o concession\u00e1rio de Vialonga Com [&hellip;]<\/p>\n","protected":false},"author":1,"featured_media":3902,"comment_status":"closed","ping_status":"open","sticky":false,"template":"","format":"standard","meta":{"jnews-multi-image_gallery":[],"jnews_single_post":{"subtitle":"","format":"standard","video":"","gallery":"","source_name":"","source_url":"","via_name":"","via_url":"","override_template":"0","override":[{"template":"2","single_blog_custom":"","parallax":"1","fullscreen":"1","layout":"right-sidebar","sidebar":"default-sidebar","second_sidebar":"default-sidebar","sticky_sidebar":"1","share_position":"topbottom","share_float_style":"share-monocrhome","show_share_counter":"0","show_view_counter":"0","show_featured":"1","show_post_meta":"1","show_post_author":"0","show_post_author_image":"1","show_post_date":"1","post_date_format":"default","post_date_format_custom":"Y\/m\/d","show_post_category":"1","show_post_reading_time":"0","post_reading_time_wpm":"300","show_zoom_button":"0","zoom_button_out_step":"2","zoom_button_in_step":"3","show_post_tag":"1","show_prev_next_post":"0","show_popup_post":"1","number_popup_post":"1","show_author_box":"0","show_post_related":"1","show_inline_post_related":"1"}],"override_image_size":"0","image_override":[{"single_post_thumbnail_size":"crop-500","single_post_gallery_size":"crop-500"}],"trending_post":"0","trending_post_position":"meta","trending_post_label":"Trending","sponsored_post":"0","sponsored_post_label":"Sponsored by","sponsored_post_name":"","sponsored_post_url":"","sponsored_post_logo_enable":"0","sponsored_post_logo":"","sponsored_post_desc":"","disable_ad":"0"},"jnews_primary_category":{"id":"","hide":""},"footnotes":""},"categories":[25],"tags":[],"class_list":["post-3896","post","type-post","status-publish","format-standard","has-post-thumbnail","hentry","category-pesados-e-maquinas"],"yoast_head":"<!-- This site is optimized with the Yoast SEO Premium plugin v27.2 (Yoast SEO v27.5) - https:\/\/yoast.com\/product\/yoast-seo-premium-wordpress\/ -->\n<title>Scania refor\u00e7a infraestrutura em Portugal com novas instala\u00e7\u00f5es em Lisboa - Revista Automotive<\/title>\n<meta name=\"robots\" content=\"index, follow, max-snippet:-1, max-image-preview:large, max-video-preview:-1\" \/>\n<link rel=\"canonical\" href=\"https:\/\/automotiverevista.pt\/index.php\/2023\/09\/12\/scania-reforca-infraestrutura-em-portugal-com-novas-instalacoes-em-lisboa\/\" \/>\n<meta property=\"og:locale\" content=\"pt_PT\" \/>\n<meta property=\"og:type\" content=\"article\" \/>\n<meta property=\"og:title\" content=\"Scania refor\u00e7a infraestrutura em Portugal com novas instala\u00e7\u00f5es em Lisboa\" \/>\n<meta property=\"og:description\" content=\"O novo centro ficar\u00e1 localizado na Castanheira do Ribatejo, a cerca de 35 km de Lisboa, zona onde a log\u00edstica se concentra a norte da capital. O complexo, com f\u00e1cil acesso e visibilidade a partir das estradas A1 e N1, ir\u00e1 substituir a atual sede da Scania em Portugal e o concession\u00e1rio de Vialonga Com [&hellip;]\" \/>\n<meta property=\"og:url\" content=\"https:\/\/automotiverevista.pt\/index.php\/2023\/09\/12\/scania-reforca-infraestrutura-em-portugal-com-novas-instalacoes-em-lisboa\/\" \/>\n<meta property=\"og:site_name\" content=\"Revista Automotive\" \/>\n<meta property=\"article:published_time\" content=\"2023-09-12T13:26:00+00:00\" \/>\n<meta property=\"article:modified_time\" content=\"2023-09-12T13:26:07+00:00\" \/>\n<meta property=\"og:image\" content=\"https:\/\/automotiverevista.pt\/wp-content\/uploads\/2023\/09\/Sebastian-scaled.jpg\" \/>\n\t<meta property=\"og:image:width\" content=\"2560\" \/>\n\t<meta property=\"og:image:height\" content=\"1445\" \/>\n\t<meta property=\"og:image:type\" content=\"image\/jpeg\" \/>\n<meta name=\"author\" content=\"adminNovo\" \/>\n<meta name=\"twitter:card\" content=\"summary_large_image\" \/>\n<meta name=\"twitter:label1\" content=\"Escrito por\" \/>\n\t<meta name=\"twitter:data1\" content=\"adminNovo\" \/>\n\t<meta name=\"twitter:label2\" content=\"Tempo estimado de leitura\" \/>\n\t<meta name=\"twitter:data2\" content=\"4 minutos\" \/>\n<script type=\"application\/ld+json\" class=\"yoast-schema-graph\">{\"@context\":\"https:\\\/\\\/schema.org\",\"@graph\":[{\"@type\":\"Article\",\"@id\":\"https:\\\/\\\/automotiverevista.pt\\\/index.php\\\/2023\\\/09\\\/12\\\/scania-reforca-infraestrutura-em-portugal-com-novas-instalacoes-em-lisboa\\\/#article\",\"isPartOf\":{\"@id\":\"https:\\\/\\\/automotiverevista.pt\\\/index.php\\\/2023\\\/09\\\/12\\\/scania-reforca-infraestrutura-em-portugal-com-novas-instalacoes-em-lisboa\\\/\"},\"author\":{\"name\":\"adminNovo\",\"@id\":\"https:\\\/\\\/automotiverevista.pt\\\/#\\\/schema\\\/person\\\/1265858bc8c78a0f969de814da8be281\"},\"headline\":\"Scania refor\u00e7a infraestrutura em Portugal com novas instala\u00e7\u00f5es em Lisboa\",\"datePublished\":\"2023-09-12T13:26:00+00:00\",\"dateModified\":\"2023-09-12T13:26:07+00:00\",\"mainEntityOfPage\":{\"@id\":\"https:\\\/\\\/automotiverevista.pt\\\/index.php\\\/2023\\\/09\\\/12\\\/scania-reforca-infraestrutura-em-portugal-com-novas-instalacoes-em-lisboa\\\/\"},\"wordCount\":633,\"publisher\":{\"@id\":\"https:\\\/\\\/automotiverevista.pt\\\/#organization\"},\"image\":{\"@id\":\"https:\\\/\\\/automotiverevista.pt\\\/index.php\\\/2023\\\/09\\\/12\\\/scania-reforca-infraestrutura-em-portugal-com-novas-instalacoes-em-lisboa\\\/#primaryimage\"},\"thumbnailUrl\":\"https:\\\/\\\/automotiverevista.pt\\\/wp-content\\\/uploads\\\/2023\\\/09\\\/Sebastian-scaled.jpg\",\"articleSection\":[\"Pesados e M\u00e1quinas\"],\"inLanguage\":\"pt-PT\"},{\"@type\":\"WebPage\",\"@id\":\"https:\\\/\\\/automotiverevista.pt\\\/index.php\\\/2023\\\/09\\\/12\\\/scania-reforca-infraestrutura-em-portugal-com-novas-instalacoes-em-lisboa\\\/\",\"url\":\"https:\\\/\\\/automotiverevista.pt\\\/index.php\\\/2023\\\/09\\\/12\\\/scania-reforca-infraestrutura-em-portugal-com-novas-instalacoes-em-lisboa\\\/\",\"name\":\"Scania refor\u00e7a infraestrutura em Portugal com novas instala\u00e7\u00f5es em Lisboa - Revista Automotive\",\"isPartOf\":{\"@id\":\"https:\\\/\\\/automotiverevista.pt\\\/#website\"},\"primaryImageOfPage\":{\"@id\":\"https:\\\/\\\/automotiverevista.pt\\\/index.php\\\/2023\\\/09\\\/12\\\/scania-reforca-infraestrutura-em-portugal-com-novas-instalacoes-em-lisboa\\\/#primaryimage\"},\"image\":{\"@id\":\"https:\\\/\\\/automotiverevista.pt\\\/index.php\\\/2023\\\/09\\\/12\\\/scania-reforca-infraestrutura-em-portugal-com-novas-instalacoes-em-lisboa\\\/#primaryimage\"},\"thumbnailUrl\":\"https:\\\/\\\/automotiverevista.pt\\\/wp-content\\\/uploads\\\/2023\\\/09\\\/Sebastian-scaled.jpg\",\"datePublished\":\"2023-09-12T13:26:00+00:00\",\"dateModified\":\"2023-09-12T13:26:07+00:00\",\"breadcrumb\":{\"@id\":\"https:\\\/\\\/automotiverevista.pt\\\/index.php\\\/2023\\\/09\\\/12\\\/scania-reforca-infraestrutura-em-portugal-com-novas-instalacoes-em-lisboa\\\/#breadcrumb\"},\"inLanguage\":\"pt-PT\",\"potentialAction\":[{\"@type\":\"ReadAction\",\"target\":[\"https:\\\/\\\/automotiverevista.pt\\\/index.php\\\/2023\\\/09\\\/12\\\/scania-reforca-infraestrutura-em-portugal-com-novas-instalacoes-em-lisboa\\\/\"]}]},{\"@type\":\"ImageObject\",\"inLanguage\":\"pt-PT\",\"@id\":\"https:\\\/\\\/automotiverevista.pt\\\/index.php\\\/2023\\\/09\\\/12\\\/scania-reforca-infraestrutura-em-portugal-com-novas-instalacoes-em-lisboa\\\/#primaryimage\",\"url\":\"https:\\\/\\\/automotiverevista.pt\\\/wp-content\\\/uploads\\\/2023\\\/09\\\/Sebastian-scaled.jpg\",\"contentUrl\":\"https:\\\/\\\/automotiverevista.pt\\\/wp-content\\\/uploads\\\/2023\\\/09\\\/Sebastian-scaled.jpg\",\"width\":2560,\"height\":1445},{\"@type\":\"BreadcrumbList\",\"@id\":\"https:\\\/\\\/automotiverevista.pt\\\/index.php\\\/2023\\\/09\\\/12\\\/scania-reforca-infraestrutura-em-portugal-com-novas-instalacoes-em-lisboa\\\/#breadcrumb\",\"itemListElement\":[{\"@type\":\"ListItem\",\"position\":1,\"name\":\"Home\",\"item\":\"https:\\\/\\\/automotiverevista.pt\\\/\"},{\"@type\":\"ListItem\",\"position\":2,\"name\":\"Scania refor\u00e7a infraestrutura em Portugal com novas instala\u00e7\u00f5es em Lisboa\"}]},{\"@type\":\"WebSite\",\"@id\":\"https:\\\/\\\/automotiverevista.pt\\\/#website\",\"url\":\"https:\\\/\\\/automotiverevista.pt\\\/\",\"name\":\"Revista Automotive\",\"description\":\"Revista Automotive Portugal\",\"publisher\":{\"@id\":\"https:\\\/\\\/automotiverevista.pt\\\/#organization\"},\"potentialAction\":[{\"@type\":\"SearchAction\",\"target\":{\"@type\":\"EntryPoint\",\"urlTemplate\":\"https:\\\/\\\/automotiverevista.pt\\\/?s={search_term_string}\"},\"query-input\":{\"@type\":\"PropertyValueSpecification\",\"valueRequired\":true,\"valueName\":\"search_term_string\"}}],\"inLanguage\":\"pt-PT\"},{\"@type\":\"Organization\",\"@id\":\"https:\\\/\\\/automotiverevista.pt\\\/#organization\",\"name\":\"Revista Automotive Portugal\",\"url\":\"https:\\\/\\\/automotiverevista.pt\\\/\",\"logo\":{\"@type\":\"ImageObject\",\"inLanguage\":\"pt-PT\",\"@id\":\"https:\\\/\\\/automotiverevista.pt\\\/#\\\/schema\\\/logo\\\/image\\\/\",\"url\":\"https:\\\/\\\/automotiverevista.pt\\\/wp-content\\\/uploads\\\/2022\\\/07\\\/Logo-Automotive-2021_500-1.jpg\",\"contentUrl\":\"https:\\\/\\\/automotiverevista.pt\\\/wp-content\\\/uploads\\\/2022\\\/07\\\/Logo-Automotive-2021_500-1.jpg\",\"width\":500,\"height\":160,\"caption\":\"Revista Automotive Portugal\"},\"image\":{\"@id\":\"https:\\\/\\\/automotiverevista.pt\\\/#\\\/schema\\\/logo\\\/image\\\/\"},\"sameAs\":[\"https:\\\/\\\/linkedin.com\\\/in\\\/automotiverevista\"]},{\"@type\":\"Person\",\"@id\":\"https:\\\/\\\/automotiverevista.pt\\\/#\\\/schema\\\/person\\\/1265858bc8c78a0f969de814da8be281\",\"name\":\"adminNovo\",\"image\":{\"@type\":\"ImageObject\",\"inLanguage\":\"pt-PT\",\"@id\":\"https:\\\/\\\/secure.gravatar.com\\\/avatar\\\/c606c1288dcc11eb4c709aa5136fdb962583c410f5c23c0b7bf6917c542be355?s=96&d=mm&r=g\",\"url\":\"https:\\\/\\\/secure.gravatar.com\\\/avatar\\\/c606c1288dcc11eb4c709aa5136fdb962583c410f5c23c0b7bf6917c542be355?s=96&d=mm&r=g\",\"contentUrl\":\"https:\\\/\\\/secure.gravatar.com\\\/avatar\\\/c606c1288dcc11eb4c709aa5136fdb962583c410f5c23c0b7bf6917c542be355?s=96&d=mm&r=g\",\"caption\":\"adminNovo\"},\"sameAs\":[\"https:\\\/\\\/automotiverevista.pt\"],\"url\":\"https:\\\/\\\/automotiverevista.pt\\\/index.php\\\/author\\\/adminnovo\\\/\"}]}<\/script>\n<!-- \/ Yoast SEO Premium plugin. -->","yoast_head_json":{"title":"Scania refor\u00e7a infraestrutura em Portugal com novas instala\u00e7\u00f5es em Lisboa - Revista Automotive","robots":{"index":"index","follow":"follow","max-snippet":"max-snippet:-1","max-image-preview":"max-image-preview:large","max-video-preview":"max-video-preview:-1"},"canonical":"https:\/\/automotiverevista.pt\/index.php\/2023\/09\/12\/scania-reforca-infraestrutura-em-portugal-com-novas-instalacoes-em-lisboa\/","og_locale":"pt_PT","og_type":"article","og_title":"Scania refor\u00e7a infraestrutura em Portugal com novas instala\u00e7\u00f5es em Lisboa","og_description":"O novo centro ficar\u00e1 localizado na Castanheira do Ribatejo, a cerca de 35 km de Lisboa, zona onde a log\u00edstica se concentra a norte da capital. O complexo, com f\u00e1cil acesso e visibilidade a partir das estradas A1 e N1, ir\u00e1 substituir a atual sede da Scania em Portugal e o concession\u00e1rio de Vialonga Com [&hellip;]","og_url":"https:\/\/automotiverevista.pt\/index.php\/2023\/09\/12\/scania-reforca-infraestrutura-em-portugal-com-novas-instalacoes-em-lisboa\/","og_site_name":"Revista Automotive","article_published_time":"2023-09-12T13:26:00+00:00","article_modified_time":"2023-09-12T13:26:07+00:00","og_image":[{"width":2560,"height":1445,"url":"https:\/\/automotiverevista.pt\/wp-content\/uploads\/2023\/09\/Sebastian-scaled.jpg","type":"image\/jpeg"}],"author":"adminNovo","twitter_card":"summary_large_image","twitter_misc":{"Escrito por":"adminNovo","Tempo estimado de leitura":"4 minutos"},"schema":{"@context":"https:\/\/schema.org","@graph":[{"@type":"Article","@id":"https:\/\/automotiverevista.pt\/index.php\/2023\/09\/12\/scania-reforca-infraestrutura-em-portugal-com-novas-instalacoes-em-lisboa\/#article","isPartOf":{"@id":"https:\/\/automotiverevista.pt\/index.php\/2023\/09\/12\/scania-reforca-infraestrutura-em-portugal-com-novas-instalacoes-em-lisboa\/"},"author":{"name":"adminNovo","@id":"https:\/\/automotiverevista.pt\/#\/schema\/person\/1265858bc8c78a0f969de814da8be281"},"headline":"Scania refor\u00e7a infraestrutura em Portugal com novas instala\u00e7\u00f5es em Lisboa","datePublished":"2023-09-12T13:26:00+00:00","dateModified":"2023-09-12T13:26:07+00:00","mainEntityOfPage":{"@id":"https:\/\/automotiverevista.pt\/index.php\/2023\/09\/12\/scania-reforca-infraestrutura-em-portugal-com-novas-instalacoes-em-lisboa\/"},"wordCount":633,"publisher":{"@id":"https:\/\/automotiverevista.pt\/#organization"},"image":{"@id":"https:\/\/automotiverevista.pt\/index.php\/2023\/09\/12\/scania-reforca-infraestrutura-em-portugal-com-novas-instalacoes-em-lisboa\/#primaryimage"},"thumbnailUrl":"https:\/\/automotiverevista.pt\/wp-content\/uploads\/2023\/09\/Sebastian-scaled.jpg","articleSection":["Pesados e M\u00e1quinas"],"inLanguage":"pt-PT"},{"@type":"WebPage","@id":"https:\/\/automotiverevista.pt\/index.php\/2023\/09\/12\/scania-reforca-infraestrutura-em-portugal-com-novas-instalacoes-em-lisboa\/","url":"https:\/\/automotiverevista.pt\/index.php\/2023\/09\/12\/scania-reforca-infraestrutura-em-portugal-com-novas-instalacoes-em-lisboa\/","name":"Scania refor\u00e7a infraestrutura em Portugal com novas instala\u00e7\u00f5es em Lisboa - Revista Automotive","isPartOf":{"@id":"https:\/\/automotiverevista.pt\/#website"},"primaryImageOfPage":{"@id":"https:\/\/automotiverevista.pt\/index.php\/2023\/09\/12\/scania-reforca-infraestrutura-em-portugal-com-novas-instalacoes-em-lisboa\/#primaryimage"},"image":{"@id":"https:\/\/automotiverevista.pt\/index.php\/2023\/09\/12\/scania-reforca-infraestrutura-em-portugal-com-novas-instalacoes-em-lisboa\/#primaryimage"},"thumbnailUrl":"https:\/\/automotiverevista.pt\/wp-content\/uploads\/2023\/09\/Sebastian-scaled.jpg","datePublished":"2023-09-12T13:26:00+00:00","dateModified":"2023-09-12T13:26:07+00:00","breadcrumb":{"@id":"https:\/\/automotiverevista.pt\/index.php\/2023\/09\/12\/scania-reforca-infraestrutura-em-portugal-com-novas-instalacoes-em-lisboa\/#breadcrumb"},"inLanguage":"pt-PT","potentialAction":[{"@type":"ReadAction","target":["https:\/\/automotiverevista.pt\/index.php\/2023\/09\/12\/scania-reforca-infraestrutura-em-portugal-com-novas-instalacoes-em-lisboa\/"]}]},{"@type":"ImageObject","inLanguage":"pt-PT","@id":"https:\/\/automotiverevista.pt\/index.php\/2023\/09\/12\/scania-reforca-infraestrutura-em-portugal-com-novas-instalacoes-em-lisboa\/#primaryimage","url":"https:\/\/automotiverevista.pt\/wp-content\/uploads\/2023\/09\/Sebastian-scaled.jpg","contentUrl":"https:\/\/automotiverevista.pt\/wp-content\/uploads\/2023\/09\/Sebastian-scaled.jpg","width":2560,"height":1445},{"@type":"BreadcrumbList","@id":"https:\/\/automotiverevista.pt\/index.php\/2023\/09\/12\/scania-reforca-infraestrutura-em-portugal-com-novas-instalacoes-em-lisboa\/#breadcrumb","itemListElement":[{"@type":"ListItem","position":1,"name":"Home","item":"https:\/\/automotiverevista.pt\/"},{"@type":"ListItem","position":2,"name":"Scania refor\u00e7a infraestrutura em Portugal com novas instala\u00e7\u00f5es em Lisboa"}]},{"@type":"WebSite","@id":"https:\/\/automotiverevista.pt\/#website","url":"https:\/\/automotiverevista.pt\/","name":"Revista Automotive","description":"Revista Automotive Portugal","publisher":{"@id":"https:\/\/automotiverevista.pt\/#organization"},"potentialAction":[{"@type":"SearchAction","target":{"@type":"EntryPoint","urlTemplate":"https:\/\/automotiverevista.pt\/?s={search_term_string}"},"query-input":{"@type":"PropertyValueSpecification","valueRequired":true,"valueName":"search_term_string"}}],"inLanguage":"pt-PT"},{"@type":"Organization","@id":"https:\/\/automotiverevista.pt\/#organization","name":"Revista Automotive Portugal","url":"https:\/\/automotiverevista.pt\/","logo":{"@type":"ImageObject","inLanguage":"pt-PT","@id":"https:\/\/automotiverevista.pt\/#\/schema\/logo\/image\/","url":"https:\/\/automotiverevista.pt\/wp-content\/uploads\/2022\/07\/Logo-Automotive-2021_500-1.jpg","contentUrl":"https:\/\/automotiverevista.pt\/wp-content\/uploads\/2022\/07\/Logo-Automotive-2021_500-1.jpg","width":500,"height":160,"caption":"Revista Automotive Portugal"},"image":{"@id":"https:\/\/automotiverevista.pt\/#\/schema\/logo\/image\/"},"sameAs":["https:\/\/linkedin.com\/in\/automotiverevista"]},{"@type":"Person","@id":"https:\/\/automotiverevista.pt\/#\/schema\/person\/1265858bc8c78a0f969de814da8be281","name":"adminNovo","image":{"@type":"ImageObject","inLanguage":"pt-PT","@id":"https:\/\/secure.gravatar.com\/avatar\/c606c1288dcc11eb4c709aa5136fdb962583c410f5c23c0b7bf6917c542be355?s=96&d=mm&r=g","url":"https:\/\/secure.gravatar.com\/avatar\/c606c1288dcc11eb4c709aa5136fdb962583c410f5c23c0b7bf6917c542be355?s=96&d=mm&r=g","contentUrl":"https:\/\/secure.gravatar.com\/avatar\/c606c1288dcc11eb4c709aa5136fdb962583c410f5c23c0b7bf6917c542be355?s=96&d=mm&r=g","caption":"adminNovo"},"sameAs":["https:\/\/automotiverevista.pt"],"url":"https:\/\/automotiverevista.pt\/index.php\/author\/adminnovo\/"}]}},"_links":{"self":[{"href":"https:\/\/automotiverevista.pt\/index.php\/wp-json\/wp\/v2\/posts\/3896","targetHints":{"allow":["GET"]}}],"collection":[{"href":"https:\/\/automotiverevista.pt\/index.php\/wp-json\/wp\/v2\/posts"}],"about":[{"href":"https:\/\/automotiverevista.pt\/index.php\/wp-json\/wp\/v2\/types\/post"}],"author":[{"embeddable":true,"href":"https:\/\/automotiverevista.pt\/index.php\/wp-json\/wp\/v2\/users\/1"}],"replies":[{"embeddable":true,"href":"https:\/\/automotiverevista.pt\/index.php\/wp-json\/wp\/v2\/comments?post=3896"}],"version-history":[{"count":3,"href":"https:\/\/automotiverevista.pt\/index.php\/wp-json\/wp\/v2\/posts\/3896\/revisions"}],"predecessor-version":[{"id":3905,"href":"https:\/\/automotiverevista.pt\/index.php\/wp-json\/wp\/v2\/posts\/3896\/revisions\/3905"}],"wp:featuredmedia":[{"embeddable":true,"href":"https:\/\/automotiverevista.pt\/index.php\/wp-json\/wp\/v2\/media\/3902"}],"wp:attachment":[{"href":"https:\/\/automotiverevista.pt\/index.php\/wp-json\/wp\/v2\/media?parent=3896"}],"wp:term":[{"taxonomy":"category","embeddable":true,"href":"https:\/\/automotiverevista.pt\/index.php\/wp-json\/wp\/v2\/categories?post=3896"},{"taxonomy":"post_tag","embeddable":true,"href":"https:\/\/automotiverevista.pt\/index.php\/wp-json\/wp\/v2\/tags?post=3896"}],"curies":[{"name":"wp","href":"https:\/\/api.w.org\/{rel}","templated":true}]}}