{"id":3921,"date":"2023-09-18T08:18:03","date_gmt":"2023-09-18T08:18:03","guid":{"rendered":"https:\/\/automotiverevista.pt\/?p=3921"},"modified":"2023-09-18T08:18:07","modified_gmt":"2023-09-18T08:18:07","slug":"sampa-patrocina-europeu-de-camioes-em-espanha","status":"publish","type":"post","link":"https:\/\/automotiverevista.pt\/index.php\/2023\/09\/18\/sampa-patrocina-europeu-de-camioes-em-espanha\/","title":{"rendered":"Sampa patrocina Europeu de Cami\u00f5es em Espanha"},"content":{"rendered":"\n<p>A 36\u00aa edi\u00e7\u00e3o do GP de Espanha do Campeonato FIA de Cami\u00f5es, a ser realizado nos dias 30 de setembro e 1 de outubro no aut\u00f3dromo internacional de Jarama (Madrid), conta com o patroc\u00ednio da Sampa Ib\u00e9rica que tamb\u00e9m \u00e9 patrocinadora da equipa francesa<\/p>\n\n\n\n<p><em>Lyon Truck Racing, <\/em>que participa deste campeonato com um cami\u00e3o da marca MAN.<\/p>\n\n\n\n<p>Segundo <strong>Hern\u00e1n Marqu\u00e9s<\/strong>, <em>general manager<\/em> da Sampa Ib\u00e9rica \u201ctrata-se de um acontecimento \u00fanico a n\u00edvel ib\u00e9rico e com grande cobertura medi\u00e1tica. O circuito de Jarama acolher\u00e1 a derradeira prova da atual temporada, onde tamb\u00e9m ser\u00e1 definido o campe\u00e3o de 2023. Temos aqui dois bons motivos para que haja um grande interesse do p\u00fablico neste evento, que reunir\u00e1 os melhores pilotos europeus de cami\u00f5es.<\/p>\n\n\n\n<p>Neste ambiente de competi\u00e7\u00e3o e festa, a Sampa ir\u00e1 aproveitar para divulgar a sua gama de produtos e acolher\u00e1, num espec\u00edfico espa\u00e7o junto \u00e0 zona do paddock, os seus clientes, distribuidores e transportadores em geral, que ter\u00e3o oportunidade de saber mais sobre o desenvolvimento dos produtos e a amplitude da gama de pe\u00e7as da Sampa\u201d, destacou.<\/p>\n","protected":false},"excerpt":{"rendered":"<p>A 36\u00aa edi\u00e7\u00e3o do GP de Espanha do Campeonato FIA de Cami\u00f5es, a ser realizado nos dias 30 de setembro e 1 de outubro no aut\u00f3dromo internacional de Jarama (Madrid), conta com o patroc\u00ednio da Sampa Ib\u00e9rica que tamb\u00e9m \u00e9 patrocinadora da equipa francesa Lyon Truck Racing, que participa deste campeonato com um cami\u00e3o da [&hellip;]<\/p>\n","protected":false},"author":1,"featured_media":3922,"comment_status":"closed","ping_status":"open","sticky":false,"template":"","format":"standard","meta":{"jnews-multi-image_gallery":[],"jnews_single_post":{"subtitle":"","format":"standard","video":"","gallery":"","source_name":"","source_url":"","via_name":"","via_url":"","override_template":"0","override":[{"template":"2","single_blog_custom":"","parallax":"1","fullscreen":"1","layout":"right-sidebar","sidebar":"default-sidebar","second_sidebar":"default-sidebar","sticky_sidebar":"1","share_position":"topbottom","share_float_style":"share-monocrhome","show_share_counter":"0","show_view_counter":"0","show_featured":"1","show_post_meta":"1","show_post_author":"0","show_post_author_image":"1","show_post_date":"1","post_date_format":"default","post_date_format_custom":"Y\/m\/d","show_post_category":"1","show_post_reading_time":"0","post_reading_time_wpm":"300","show_zoom_button":"0","zoom_button_out_step":"2","zoom_button_in_step":"3","show_post_tag":"1","show_prev_next_post":"0","show_popup_post":"1","number_popup_post":"1","show_author_box":"0","show_post_related":"1","show_inline_post_related":"1"}],"override_image_size":"0","image_override":[{"single_post_thumbnail_size":"crop-500","single_post_gallery_size":"crop-500"}],"trending_post":"0","trending_post_position":"meta","trending_post_label":"Trending","sponsored_post":"0","sponsored_post_label":"Sponsored by","sponsored_post_name":"","sponsored_post_url":"","sponsored_post_logo_enable":"0","sponsored_post_logo":"","sponsored_post_desc":"","disable_ad":"0"},"jnews_primary_category":{"id":"","hide":""},"footnotes":""},"categories":[1],"tags":[],"class_list":["post-3921","post","type-post","status-publish","format-standard","has-post-thumbnail","hentry","category-sem-categoria"],"yoast_head":"<!-- This site is optimized with the Yoast SEO Premium plugin v27.2 (Yoast SEO v27.5) - https:\/\/yoast.com\/product\/yoast-seo-premium-wordpress\/ -->\n<title>Sampa patrocina Europeu de Cami\u00f5es em Espanha - Revista Automotive<\/title>\n<meta name=\"robots\" content=\"index, follow, max-snippet:-1, max-image-preview:large, max-video-preview:-1\" \/>\n<link rel=\"canonical\" href=\"https:\/\/automotiverevista.pt\/index.php\/2023\/09\/18\/sampa-patrocina-europeu-de-camioes-em-espanha\/\" \/>\n<meta property=\"og:locale\" content=\"pt_PT\" \/>\n<meta property=\"og:type\" content=\"article\" \/>\n<meta property=\"og:title\" content=\"Sampa patrocina Europeu de Cami\u00f5es em Espanha\" \/>\n<meta property=\"og:description\" content=\"A 36\u00aa edi\u00e7\u00e3o do GP de Espanha do Campeonato FIA de Cami\u00f5es, a ser realizado nos dias 30 de setembro e 1 de outubro no aut\u00f3dromo internacional de Jarama (Madrid), conta com o patroc\u00ednio da Sampa Ib\u00e9rica que tamb\u00e9m \u00e9 patrocinadora da equipa francesa Lyon Truck Racing, que participa deste campeonato com um cami\u00e3o da [&hellip;]\" \/>\n<meta property=\"og:url\" content=\"https:\/\/automotiverevista.pt\/index.php\/2023\/09\/18\/sampa-patrocina-europeu-de-camioes-em-espanha\/\" \/>\n<meta property=\"og:site_name\" content=\"Revista Automotive\" \/>\n<meta property=\"article:published_time\" content=\"2023-09-18T08:18:03+00:00\" \/>\n<meta property=\"article:modified_time\" content=\"2023-09-18T08:18:07+00:00\" \/>\n<meta property=\"og:image\" content=\"https:\/\/automotiverevista.pt\/wp-content\/uploads\/2023\/09\/2041bbb8-3b16-4d39-b0b8-4c49c63fd308.jpg\" \/>\n\t<meta property=\"og:image:width\" content=\"800\" \/>\n\t<meta property=\"og:image:height\" content=\"600\" \/>\n\t<meta property=\"og:image:type\" content=\"image\/jpeg\" \/>\n<meta name=\"author\" content=\"adminNovo\" \/>\n<meta name=\"twitter:card\" content=\"summary_large_image\" \/>\n<meta name=\"twitter:label1\" content=\"Escrito por\" \/>\n\t<meta name=\"twitter:data1\" content=\"adminNovo\" \/>\n\t<meta name=\"twitter:label2\" content=\"Tempo estimado de leitura\" \/>\n\t<meta name=\"twitter:data2\" content=\"1 minuto\" \/>\n<script type=\"application\/ld+json\" class=\"yoast-schema-graph\">{\"@context\":\"https:\\\/\\\/schema.org\",\"@graph\":[{\"@type\":\"Article\",\"@id\":\"https:\\\/\\\/automotiverevista.pt\\\/index.php\\\/2023\\\/09\\\/18\\\/sampa-patrocina-europeu-de-camioes-em-espanha\\\/#article\",\"isPartOf\":{\"@id\":\"https:\\\/\\\/automotiverevista.pt\\\/index.php\\\/2023\\\/09\\\/18\\\/sampa-patrocina-europeu-de-camioes-em-espanha\\\/\"},\"author\":{\"name\":\"adminNovo\",\"@id\":\"https:\\\/\\\/automotiverevista.pt\\\/#\\\/schema\\\/person\\\/1265858bc8c78a0f969de814da8be281\"},\"headline\":\"Sampa patrocina Europeu de Cami\u00f5es em Espanha\",\"datePublished\":\"2023-09-18T08:18:03+00:00\",\"dateModified\":\"2023-09-18T08:18:07+00:00\",\"mainEntityOfPage\":{\"@id\":\"https:\\\/\\\/automotiverevista.pt\\\/index.php\\\/2023\\\/09\\\/18\\\/sampa-patrocina-europeu-de-camioes-em-espanha\\\/\"},\"wordCount\":200,\"publisher\":{\"@id\":\"https:\\\/\\\/automotiverevista.pt\\\/#organization\"},\"image\":{\"@id\":\"https:\\\/\\\/automotiverevista.pt\\\/index.php\\\/2023\\\/09\\\/18\\\/sampa-patrocina-europeu-de-camioes-em-espanha\\\/#primaryimage\"},\"thumbnailUrl\":\"https:\\\/\\\/automotiverevista.pt\\\/wp-content\\\/uploads\\\/2023\\\/09\\\/2041bbb8-3b16-4d39-b0b8-4c49c63fd308.jpg\",\"inLanguage\":\"pt-PT\"},{\"@type\":\"WebPage\",\"@id\":\"https:\\\/\\\/automotiverevista.pt\\\/index.php\\\/2023\\\/09\\\/18\\\/sampa-patrocina-europeu-de-camioes-em-espanha\\\/\",\"url\":\"https:\\\/\\\/automotiverevista.pt\\\/index.php\\\/2023\\\/09\\\/18\\\/sampa-patrocina-europeu-de-camioes-em-espanha\\\/\",\"name\":\"Sampa patrocina Europeu de Cami\u00f5es em Espanha - Revista Automotive\",\"isPartOf\":{\"@id\":\"https:\\\/\\\/automotiverevista.pt\\\/#website\"},\"primaryImageOfPage\":{\"@id\":\"https:\\\/\\\/automotiverevista.pt\\\/index.php\\\/2023\\\/09\\\/18\\\/sampa-patrocina-europeu-de-camioes-em-espanha\\\/#primaryimage\"},\"image\":{\"@id\":\"https:\\\/\\\/automotiverevista.pt\\\/index.php\\\/2023\\\/09\\\/18\\\/sampa-patrocina-europeu-de-camioes-em-espanha\\\/#primaryimage\"},\"thumbnailUrl\":\"https:\\\/\\\/automotiverevista.pt\\\/wp-content\\\/uploads\\\/2023\\\/09\\\/2041bbb8-3b16-4d39-b0b8-4c49c63fd308.jpg\",\"datePublished\":\"2023-09-18T08:18:03+00:00\",\"dateModified\":\"2023-09-18T08:18:07+00:00\",\"breadcrumb\":{\"@id\":\"https:\\\/\\\/automotiverevista.pt\\\/index.php\\\/2023\\\/09\\\/18\\\/sampa-patrocina-europeu-de-camioes-em-espanha\\\/#breadcrumb\"},\"inLanguage\":\"pt-PT\",\"potentialAction\":[{\"@type\":\"ReadAction\",\"target\":[\"https:\\\/\\\/automotiverevista.pt\\\/index.php\\\/2023\\\/09\\\/18\\\/sampa-patrocina-europeu-de-camioes-em-espanha\\\/\"]}]},{\"@type\":\"ImageObject\",\"inLanguage\":\"pt-PT\",\"@id\":\"https:\\\/\\\/automotiverevista.pt\\\/index.php\\\/2023\\\/09\\\/18\\\/sampa-patrocina-europeu-de-camioes-em-espanha\\\/#primaryimage\",\"url\":\"https:\\\/\\\/automotiverevista.pt\\\/wp-content\\\/uploads\\\/2023\\\/09\\\/2041bbb8-3b16-4d39-b0b8-4c49c63fd308.jpg\",\"contentUrl\":\"https:\\\/\\\/automotiverevista.pt\\\/wp-content\\\/uploads\\\/2023\\\/09\\\/2041bbb8-3b16-4d39-b0b8-4c49c63fd308.jpg\",\"width\":800,\"height\":600},{\"@type\":\"BreadcrumbList\",\"@id\":\"https:\\\/\\\/automotiverevista.pt\\\/index.php\\\/2023\\\/09\\\/18\\\/sampa-patrocina-europeu-de-camioes-em-espanha\\\/#breadcrumb\",\"itemListElement\":[{\"@type\":\"ListItem\",\"position\":1,\"name\":\"Home\",\"item\":\"https:\\\/\\\/automotiverevista.pt\\\/\"},{\"@type\":\"ListItem\",\"position\":2,\"name\":\"Sampa patrocina Europeu de Cami\u00f5es em Espanha\"}]},{\"@type\":\"WebSite\",\"@id\":\"https:\\\/\\\/automotiverevista.pt\\\/#website\",\"url\":\"https:\\\/\\\/automotiverevista.pt\\\/\",\"name\":\"Revista Automotive\",\"description\":\"Revista Automotive Portugal\",\"publisher\":{\"@id\":\"https:\\\/\\\/automotiverevista.pt\\\/#organization\"},\"potentialAction\":[{\"@type\":\"SearchAction\",\"target\":{\"@type\":\"EntryPoint\",\"urlTemplate\":\"https:\\\/\\\/automotiverevista.pt\\\/?s={search_term_string}\"},\"query-input\":{\"@type\":\"PropertyValueSpecification\",\"valueRequired\":true,\"valueName\":\"search_term_string\"}}],\"inLanguage\":\"pt-PT\"},{\"@type\":\"Organization\",\"@id\":\"https:\\\/\\\/automotiverevista.pt\\\/#organization\",\"name\":\"Revista Automotive Portugal\",\"url\":\"https:\\\/\\\/automotiverevista.pt\\\/\",\"logo\":{\"@type\":\"ImageObject\",\"inLanguage\":\"pt-PT\",\"@id\":\"https:\\\/\\\/automotiverevista.pt\\\/#\\\/schema\\\/logo\\\/image\\\/\",\"url\":\"https:\\\/\\\/automotiverevista.pt\\\/wp-content\\\/uploads\\\/2022\\\/07\\\/Logo-Automotive-2021_500-1.jpg\",\"contentUrl\":\"https:\\\/\\\/automotiverevista.pt\\\/wp-content\\\/uploads\\\/2022\\\/07\\\/Logo-Automotive-2021_500-1.jpg\",\"width\":500,\"height\":160,\"caption\":\"Revista Automotive Portugal\"},\"image\":{\"@id\":\"https:\\\/\\\/automotiverevista.pt\\\/#\\\/schema\\\/logo\\\/image\\\/\"},\"sameAs\":[\"https:\\\/\\\/linkedin.com\\\/in\\\/automotiverevista\"]},{\"@type\":\"Person\",\"@id\":\"https:\\\/\\\/automotiverevista.pt\\\/#\\\/schema\\\/person\\\/1265858bc8c78a0f969de814da8be281\",\"name\":\"adminNovo\",\"image\":{\"@type\":\"ImageObject\",\"inLanguage\":\"pt-PT\",\"@id\":\"https:\\\/\\\/secure.gravatar.com\\\/avatar\\\/c606c1288dcc11eb4c709aa5136fdb962583c410f5c23c0b7bf6917c542be355?s=96&d=mm&r=g\",\"url\":\"https:\\\/\\\/secure.gravatar.com\\\/avatar\\\/c606c1288dcc11eb4c709aa5136fdb962583c410f5c23c0b7bf6917c542be355?s=96&d=mm&r=g\",\"contentUrl\":\"https:\\\/\\\/secure.gravatar.com\\\/avatar\\\/c606c1288dcc11eb4c709aa5136fdb962583c410f5c23c0b7bf6917c542be355?s=96&d=mm&r=g\",\"caption\":\"adminNovo\"},\"sameAs\":[\"https:\\\/\\\/automotiverevista.pt\"],\"url\":\"https:\\\/\\\/automotiverevista.pt\\\/index.php\\\/author\\\/adminnovo\\\/\"}]}<\/script>\n<!-- \/ Yoast SEO Premium plugin. -->","yoast_head_json":{"title":"Sampa patrocina Europeu de Cami\u00f5es em Espanha - Revista Automotive","robots":{"index":"index","follow":"follow","max-snippet":"max-snippet:-1","max-image-preview":"max-image-preview:large","max-video-preview":"max-video-preview:-1"},"canonical":"https:\/\/automotiverevista.pt\/index.php\/2023\/09\/18\/sampa-patrocina-europeu-de-camioes-em-espanha\/","og_locale":"pt_PT","og_type":"article","og_title":"Sampa patrocina Europeu de Cami\u00f5es em Espanha","og_description":"A 36\u00aa edi\u00e7\u00e3o do GP de Espanha do Campeonato FIA de Cami\u00f5es, a ser realizado nos dias 30 de setembro e 1 de outubro no aut\u00f3dromo internacional de Jarama (Madrid), conta com o patroc\u00ednio da Sampa Ib\u00e9rica que tamb\u00e9m \u00e9 patrocinadora da equipa francesa Lyon Truck Racing, que participa deste campeonato com um cami\u00e3o da [&hellip;]","og_url":"https:\/\/automotiverevista.pt\/index.php\/2023\/09\/18\/sampa-patrocina-europeu-de-camioes-em-espanha\/","og_site_name":"Revista Automotive","article_published_time":"2023-09-18T08:18:03+00:00","article_modified_time":"2023-09-18T08:18:07+00:00","og_image":[{"width":800,"height":600,"url":"https:\/\/automotiverevista.pt\/wp-content\/uploads\/2023\/09\/2041bbb8-3b16-4d39-b0b8-4c49c63fd308.jpg","type":"image\/jpeg"}],"author":"adminNovo","twitter_card":"summary_large_image","twitter_misc":{"Escrito por":"adminNovo","Tempo estimado de leitura":"1 minuto"},"schema":{"@context":"https:\/\/schema.org","@graph":[{"@type":"Article","@id":"https:\/\/automotiverevista.pt\/index.php\/2023\/09\/18\/sampa-patrocina-europeu-de-camioes-em-espanha\/#article","isPartOf":{"@id":"https:\/\/automotiverevista.pt\/index.php\/2023\/09\/18\/sampa-patrocina-europeu-de-camioes-em-espanha\/"},"author":{"name":"adminNovo","@id":"https:\/\/automotiverevista.pt\/#\/schema\/person\/1265858bc8c78a0f969de814da8be281"},"headline":"Sampa patrocina Europeu de Cami\u00f5es em Espanha","datePublished":"2023-09-18T08:18:03+00:00","dateModified":"2023-09-18T08:18:07+00:00","mainEntityOfPage":{"@id":"https:\/\/automotiverevista.pt\/index.php\/2023\/09\/18\/sampa-patrocina-europeu-de-camioes-em-espanha\/"},"wordCount":200,"publisher":{"@id":"https:\/\/automotiverevista.pt\/#organization"},"image":{"@id":"https:\/\/automotiverevista.pt\/index.php\/2023\/09\/18\/sampa-patrocina-europeu-de-camioes-em-espanha\/#primaryimage"},"thumbnailUrl":"https:\/\/automotiverevista.pt\/wp-content\/uploads\/2023\/09\/2041bbb8-3b16-4d39-b0b8-4c49c63fd308.jpg","inLanguage":"pt-PT"},{"@type":"WebPage","@id":"https:\/\/automotiverevista.pt\/index.php\/2023\/09\/18\/sampa-patrocina-europeu-de-camioes-em-espanha\/","url":"https:\/\/automotiverevista.pt\/index.php\/2023\/09\/18\/sampa-patrocina-europeu-de-camioes-em-espanha\/","name":"Sampa patrocina Europeu de Cami\u00f5es em Espanha - Revista Automotive","isPartOf":{"@id":"https:\/\/automotiverevista.pt\/#website"},"primaryImageOfPage":{"@id":"https:\/\/automotiverevista.pt\/index.php\/2023\/09\/18\/sampa-patrocina-europeu-de-camioes-em-espanha\/#primaryimage"},"image":{"@id":"https:\/\/automotiverevista.pt\/index.php\/2023\/09\/18\/sampa-patrocina-europeu-de-camioes-em-espanha\/#primaryimage"},"thumbnailUrl":"https:\/\/automotiverevista.pt\/wp-content\/uploads\/2023\/09\/2041bbb8-3b16-4d39-b0b8-4c49c63fd308.jpg","datePublished":"2023-09-18T08:18:03+00:00","dateModified":"2023-09-18T08:18:07+00:00","breadcrumb":{"@id":"https:\/\/automotiverevista.pt\/index.php\/2023\/09\/18\/sampa-patrocina-europeu-de-camioes-em-espanha\/#breadcrumb"},"inLanguage":"pt-PT","potentialAction":[{"@type":"ReadAction","target":["https:\/\/automotiverevista.pt\/index.php\/2023\/09\/18\/sampa-patrocina-europeu-de-camioes-em-espanha\/"]}]},{"@type":"ImageObject","inLanguage":"pt-PT","@id":"https:\/\/automotiverevista.pt\/index.php\/2023\/09\/18\/sampa-patrocina-europeu-de-camioes-em-espanha\/#primaryimage","url":"https:\/\/automotiverevista.pt\/wp-content\/uploads\/2023\/09\/2041bbb8-3b16-4d39-b0b8-4c49c63fd308.jpg","contentUrl":"https:\/\/automotiverevista.pt\/wp-content\/uploads\/2023\/09\/2041bbb8-3b16-4d39-b0b8-4c49c63fd308.jpg","width":800,"height":600},{"@type":"BreadcrumbList","@id":"https:\/\/automotiverevista.pt\/index.php\/2023\/09\/18\/sampa-patrocina-europeu-de-camioes-em-espanha\/#breadcrumb","itemListElement":[{"@type":"ListItem","position":1,"name":"Home","item":"https:\/\/automotiverevista.pt\/"},{"@type":"ListItem","position":2,"name":"Sampa patrocina Europeu de Cami\u00f5es em Espanha"}]},{"@type":"WebSite","@id":"https:\/\/automotiverevista.pt\/#website","url":"https:\/\/automotiverevista.pt\/","name":"Revista Automotive","description":"Revista Automotive Portugal","publisher":{"@id":"https:\/\/automotiverevista.pt\/#organization"},"potentialAction":[{"@type":"SearchAction","target":{"@type":"EntryPoint","urlTemplate":"https:\/\/automotiverevista.pt\/?s={search_term_string}"},"query-input":{"@type":"PropertyValueSpecification","valueRequired":true,"valueName":"search_term_string"}}],"inLanguage":"pt-PT"},{"@type":"Organization","@id":"https:\/\/automotiverevista.pt\/#organization","name":"Revista Automotive Portugal","url":"https:\/\/automotiverevista.pt\/","logo":{"@type":"ImageObject","inLanguage":"pt-PT","@id":"https:\/\/automotiverevista.pt\/#\/schema\/logo\/image\/","url":"https:\/\/automotiverevista.pt\/wp-content\/uploads\/2022\/07\/Logo-Automotive-2021_500-1.jpg","contentUrl":"https:\/\/automotiverevista.pt\/wp-content\/uploads\/2022\/07\/Logo-Automotive-2021_500-1.jpg","width":500,"height":160,"caption":"Revista Automotive Portugal"},"image":{"@id":"https:\/\/automotiverevista.pt\/#\/schema\/logo\/image\/"},"sameAs":["https:\/\/linkedin.com\/in\/automotiverevista"]},{"@type":"Person","@id":"https:\/\/automotiverevista.pt\/#\/schema\/person\/1265858bc8c78a0f969de814da8be281","name":"adminNovo","image":{"@type":"ImageObject","inLanguage":"pt-PT","@id":"https:\/\/secure.gravatar.com\/avatar\/c606c1288dcc11eb4c709aa5136fdb962583c410f5c23c0b7bf6917c542be355?s=96&d=mm&r=g","url":"https:\/\/secure.gravatar.com\/avatar\/c606c1288dcc11eb4c709aa5136fdb962583c410f5c23c0b7bf6917c542be355?s=96&d=mm&r=g","contentUrl":"https:\/\/secure.gravatar.com\/avatar\/c606c1288dcc11eb4c709aa5136fdb962583c410f5c23c0b7bf6917c542be355?s=96&d=mm&r=g","caption":"adminNovo"},"sameAs":["https:\/\/automotiverevista.pt"],"url":"https:\/\/automotiverevista.pt\/index.php\/author\/adminnovo\/"}]}},"_links":{"self":[{"href":"https:\/\/automotiverevista.pt\/index.php\/wp-json\/wp\/v2\/posts\/3921","targetHints":{"allow":["GET"]}}],"collection":[{"href":"https:\/\/automotiverevista.pt\/index.php\/wp-json\/wp\/v2\/posts"}],"about":[{"href":"https:\/\/automotiverevista.pt\/index.php\/wp-json\/wp\/v2\/types\/post"}],"author":[{"embeddable":true,"href":"https:\/\/automotiverevista.pt\/index.php\/wp-json\/wp\/v2\/users\/1"}],"replies":[{"embeddable":true,"href":"https:\/\/automotiverevista.pt\/index.php\/wp-json\/wp\/v2\/comments?post=3921"}],"version-history":[{"count":1,"href":"https:\/\/automotiverevista.pt\/index.php\/wp-json\/wp\/v2\/posts\/3921\/revisions"}],"predecessor-version":[{"id":3923,"href":"https:\/\/automotiverevista.pt\/index.php\/wp-json\/wp\/v2\/posts\/3921\/revisions\/3923"}],"wp:featuredmedia":[{"embeddable":true,"href":"https:\/\/automotiverevista.pt\/index.php\/wp-json\/wp\/v2\/media\/3922"}],"wp:attachment":[{"href":"https:\/\/automotiverevista.pt\/index.php\/wp-json\/wp\/v2\/media?parent=3921"}],"wp:term":[{"taxonomy":"category","embeddable":true,"href":"https:\/\/automotiverevista.pt\/index.php\/wp-json\/wp\/v2\/categories?post=3921"},{"taxonomy":"post_tag","embeddable":true,"href":"https:\/\/automotiverevista.pt\/index.php\/wp-json\/wp\/v2\/tags?post=3921"}],"curies":[{"name":"wp","href":"https:\/\/api.w.org\/{rel}","templated":true}]}}