{"id":3929,"date":"2023-09-19T09:17:44","date_gmt":"2023-09-19T09:17:44","guid":{"rendered":"https:\/\/automotiverevista.pt\/?p=3929"},"modified":"2023-09-19T09:17:55","modified_gmt":"2023-09-19T09:17:55","slug":"zenith-revela-o-defy-skyline-sapphire-em-nova-boutique","status":"publish","type":"post","link":"https:\/\/automotiverevista.pt\/index.php\/2023\/09\/19\/zenith-revela-o-defy-skyline-sapphire-em-nova-boutique\/","title":{"rendered":"Zenith revela o Defy Skyline Sapphire em nova boutique"},"content":{"rendered":"\n<p>A ZENITH abriu a primeira boutique no Sul da Europa, na na\u00e7\u00e3o insular do Chipre. A cerim\u00f3nia de inaugura\u00e7\u00e3o contou com a presen\u00e7a do \u201camigo\u201d da marca, o DJ Carl Cox, que deu um espet\u00e1culo especial para os convidados. A abertura da nova boutique em Chipre foi a ocasi\u00e3o perfeita para apresentar a mais recente edi\u00e7\u00e3o de boutique exclusiva, o <strong>DEFY Skyline Sapphire<\/strong>.<\/p>\n\n\n\n<p>Um sucessor moderno do primeiro modelo do rel\u00f3gio de pulso ZENITH DEFY de 1969, o DEFY Skyline funde o passado e o presente com linhas arquitet\u00f3nicas arrojadas e uma robustez inabal\u00e1vel que se tornaram imagens de marca da linha. Embora os tons azuis intensos inspirados no c\u00e9u estrelado sejam uma assinatura de muitas Edi\u00e7\u00f5es de Boutique ZENITH, o <strong>DEFY Skyline Sapphire<\/strong> vai mais al\u00e9m com o encruste de pedras preciosas brilhantes.<\/p>\n\n\n\n<figure class=\"wp-block-image size-large is-resized\"><img decoding=\"async\" src=\"https:\/\/automotiverevista.pt\/wp-content\/uploads\/2023\/09\/y-2-1024x681.jpg\" alt=\"\" class=\"wp-image-3939\" style=\"width:686px;height:456px\" width=\"686\" height=\"456\" srcset=\"https:\/\/automotiverevista.pt\/wp-content\/uploads\/2023\/09\/y-2-1024x681.jpg 1024w, https:\/\/automotiverevista.pt\/wp-content\/uploads\/2023\/09\/y-2-300x200.jpg 300w, https:\/\/automotiverevista.pt\/wp-content\/uploads\/2023\/09\/y-2-768x511.jpg 768w, https:\/\/automotiverevista.pt\/wp-content\/uploads\/2023\/09\/y-2-1536x1022.jpg 1536w, https:\/\/automotiverevista.pt\/wp-content\/uploads\/2023\/09\/y-2-2048x1363.jpg 2048w, https:\/\/automotiverevista.pt\/wp-content\/uploads\/2023\/09\/y-2-750x499.jpg 750w, https:\/\/automotiverevista.pt\/wp-content\/uploads\/2023\/09\/y-2-1140x758.jpg 1140w\" sizes=\"(max-width: 686px) 100vw, 686px\" \/><\/figure>\n\n\n\n<p>A luneta dodecagonal em a\u00e7o apresenta 45\u00a0safiras azuis de lapida\u00e7\u00e3o baguete engastadas, o que embeleza ainda mais o mostrador em azul metalizado com um padr\u00e3o geom\u00e9trico com estrelas de quatro pontas. Est\u00e1 equipado com uma bracelete em a\u00e7o integrada e tamb\u00e9m \u00e9 fornecido com uma bracelete em borracha azul com padr\u00e3o, para poder tirar o m\u00e1ximo partido do engenhoso mecanismo de troca r\u00e1pida de braceletes sem ferramentas.<\/p>\n\n\n\n<figure class=\"wp-block-image size-large is-resized\"><img decoding=\"async\" src=\"https:\/\/automotiverevista.pt\/wp-content\/uploads\/2023\/09\/y-1-1024x681.jpg\" alt=\"\" class=\"wp-image-3937\" style=\"width:735px;height:489px\" width=\"735\" height=\"489\" srcset=\"https:\/\/automotiverevista.pt\/wp-content\/uploads\/2023\/09\/y-1-1024x681.jpg 1024w, https:\/\/automotiverevista.pt\/wp-content\/uploads\/2023\/09\/y-1-300x200.jpg 300w, https:\/\/automotiverevista.pt\/wp-content\/uploads\/2023\/09\/y-1-768x511.jpg 768w, https:\/\/automotiverevista.pt\/wp-content\/uploads\/2023\/09\/y-1-1536x1022.jpg 1536w, https:\/\/automotiverevista.pt\/wp-content\/uploads\/2023\/09\/y-1-2048x1363.jpg 2048w, https:\/\/automotiverevista.pt\/wp-content\/uploads\/2023\/09\/y-1-750x499.jpg 750w, https:\/\/automotiverevista.pt\/wp-content\/uploads\/2023\/09\/y-1-1140x758.jpg 1140w\" sizes=\"(max-width: 735px) 100vw, 735px\" \/><\/figure>\n\n\n\n<p>O\u00a0DEFY\u00a0Skyline\u00a0Sapphire de 41\u00a0mm \u00e9 alimentado pelo calibre autom\u00e1tico de alta frequ\u00eancia El Primero 3620, com indicador com precis\u00e3o de 1\/10 de segundo movido diretamente pelo escape que bate a uma frequ\u00eancia de 5\u00a0Hz. Apresenta uma reserva de marcha de aproximadamente 60\u00a0horas e est\u00e1 equipado com um mecanismo \u201cstop second\u201d para um acerto preciso das horas.<\/p>\n\n\n\n<figure class=\"wp-block-image size-large is-resized\"><img decoding=\"async\" src=\"https:\/\/automotiverevista.pt\/wp-content\/uploads\/2023\/09\/y-4-1024x683.jpg\" alt=\"\" class=\"wp-image-3935\" style=\"width:729px;height:486px\" width=\"729\" height=\"486\" srcset=\"https:\/\/automotiverevista.pt\/wp-content\/uploads\/2023\/09\/y-4-1024x683.jpg 1024w, https:\/\/automotiverevista.pt\/wp-content\/uploads\/2023\/09\/y-4-300x200.jpg 300w, https:\/\/automotiverevista.pt\/wp-content\/uploads\/2023\/09\/y-4-768x512.jpg 768w, https:\/\/automotiverevista.pt\/wp-content\/uploads\/2023\/09\/y-4-1536x1024.jpg 1536w, https:\/\/automotiverevista.pt\/wp-content\/uploads\/2023\/09\/y-4-2048x1365.jpg 2048w, https:\/\/automotiverevista.pt\/wp-content\/uploads\/2023\/09\/y-4-750x500.jpg 750w, https:\/\/automotiverevista.pt\/wp-content\/uploads\/2023\/09\/y-4-1140x760.jpg 1140w\" sizes=\"(max-width: 729px) 100vw, 729px\" \/><\/figure>\n\n\n\n<p>O <strong>CEO da ZENITH, Julien Tornare,<\/strong> afirmou: <em>\u201cEstamos muito entusiasmados por inaugurar a nossa primeira boutique em Chipre e apresentar este rel\u00f3gio excecional. A cor azul tem um profundo significado para a ZENITH e quer\u00edamos fazer algo especial e um pouco inesperado para esta Edi\u00e7\u00e3o de Boutique do DEFY Skyline. Os tons azuis majestosos das safiras real\u00e7am realmente o efeito de c\u00e9u estrelado do mostrador e o formato \u00fanico da luneta. Com o Mediterr\u00e2neo como cen\u00e1rio de fundo, n\u00e3o poderia haver melhor local para apresentar este modelo!\u201d<\/em><\/p>\n\n\n\n<figure class=\"wp-block-image size-large is-resized\"><img decoding=\"async\" src=\"https:\/\/automotiverevista.pt\/wp-content\/uploads\/2023\/09\/y-3-1-1024x681.jpg\" alt=\"\" class=\"wp-image-3936\" style=\"width:744px;height:495px\" width=\"744\" height=\"495\" srcset=\"https:\/\/automotiverevista.pt\/wp-content\/uploads\/2023\/09\/y-3-1-1024x681.jpg 1024w, https:\/\/automotiverevista.pt\/wp-content\/uploads\/2023\/09\/y-3-1-300x200.jpg 300w, https:\/\/automotiverevista.pt\/wp-content\/uploads\/2023\/09\/y-3-1-768x511.jpg 768w, https:\/\/automotiverevista.pt\/wp-content\/uploads\/2023\/09\/y-3-1-1536x1022.jpg 1536w, https:\/\/automotiverevista.pt\/wp-content\/uploads\/2023\/09\/y-3-1-2048x1363.jpg 2048w, https:\/\/automotiverevista.pt\/wp-content\/uploads\/2023\/09\/y-3-1-750x499.jpg 750w, https:\/\/automotiverevista.pt\/wp-content\/uploads\/2023\/09\/y-3-1-1140x758.jpg 1140w\" sizes=\"(max-width: 744px) 100vw, 744px\" \/><\/figure>\n","protected":false},"excerpt":{"rendered":"<p>A ZENITH abriu a primeira boutique no Sul da Europa, na na\u00e7\u00e3o insular do Chipre. A cerim\u00f3nia de inaugura\u00e7\u00e3o contou com a presen\u00e7a do \u201camigo\u201d da marca, o DJ Carl Cox, que deu um espet\u00e1culo especial para os convidados. A abertura da nova boutique em Chipre foi a ocasi\u00e3o perfeita para apresentar a mais recente [&hellip;]<\/p>\n","protected":false},"author":1,"featured_media":3933,"comment_status":"closed","ping_status":"open","sticky":false,"template":"","format":"standard","meta":{"jnews-multi-image_gallery":[],"jnews_single_post":{"subtitle":"","format":"standard","video":"","gallery":"","source_name":"","source_url":"","via_name":"","via_url":"","override_template":"0","override":[{"template":"2","single_blog_custom":"","parallax":"1","fullscreen":"1","layout":"right-sidebar","sidebar":"default-sidebar","second_sidebar":"default-sidebar","sticky_sidebar":"1","share_position":"topbottom","share_float_style":"share-monocrhome","show_share_counter":"0","show_view_counter":"0","show_featured":"1","show_post_meta":"1","show_post_author":"0","show_post_author_image":"1","show_post_date":"1","post_date_format":"default","post_date_format_custom":"Y\/m\/d","show_post_category":"1","show_post_reading_time":"0","post_reading_time_wpm":"300","show_zoom_button":"0","zoom_button_out_step":"2","zoom_button_in_step":"3","show_post_tag":"1","show_prev_next_post":"0","show_popup_post":"1","number_popup_post":"1","show_author_box":"0","show_post_related":"1","show_inline_post_related":"1"}],"override_image_size":"0","image_override":[{"single_post_thumbnail_size":"crop-500","single_post_gallery_size":"crop-500"}],"trending_post":"0","trending_post_position":"meta","trending_post_label":"Trending","sponsored_post":"0","sponsored_post_label":"Sponsored by","sponsored_post_name":"","sponsored_post_url":"","sponsored_post_logo_enable":"0","sponsored_post_logo":"","sponsored_post_desc":"","disable_ad":"0"},"jnews_primary_category":{"id":"","hide":""},"footnotes":""},"categories":[111],"tags":[],"class_list":["post-3929","post","type-post","status-publish","format-standard","has-post-thumbnail","hentry","category-coffee-break"],"yoast_head":"<!-- This site is optimized with the Yoast SEO Premium plugin v27.2 (Yoast SEO v27.5) - https:\/\/yoast.com\/product\/yoast-seo-premium-wordpress\/ -->\n<title>Zenith revela o Defy Skyline Sapphire em nova boutique - Revista Automotive<\/title>\n<meta name=\"description\" content=\"A ZENITH abriu a primeira boutique no Sul da Europa, na na\u00e7\u00e3o insular do Chipre. A cerim\u00f3nia de inaugura\u00e7\u00e3o contou com a\" \/>\n<meta name=\"robots\" content=\"index, follow, max-snippet:-1, max-image-preview:large, max-video-preview:-1\" \/>\n<link rel=\"canonical\" href=\"https:\/\/automotiverevista.pt\/index.php\/2023\/09\/19\/zenith-revela-o-defy-skyline-sapphire-em-nova-boutique\/\" \/>\n<meta property=\"og:locale\" content=\"pt_PT\" \/>\n<meta property=\"og:type\" content=\"article\" \/>\n<meta property=\"og:title\" content=\"Zenith revela o Defy Skyline Sapphire em nova boutique\" \/>\n<meta property=\"og:description\" content=\"A ZENITH abriu a primeira boutique no Sul da Europa, na na\u00e7\u00e3o insular do Chipre. A cerim\u00f3nia de inaugura\u00e7\u00e3o contou com a\" \/>\n<meta property=\"og:url\" content=\"https:\/\/automotiverevista.pt\/index.php\/2023\/09\/19\/zenith-revela-o-defy-skyline-sapphire-em-nova-boutique\/\" \/>\n<meta property=\"og:site_name\" content=\"Revista Automotive\" \/>\n<meta property=\"article:published_time\" content=\"2023-09-19T09:17:44+00:00\" \/>\n<meta property=\"article:modified_time\" content=\"2023-09-19T09:17:55+00:00\" \/>\n<meta property=\"og:image\" content=\"https:\/\/automotiverevista.pt\/wp-content\/uploads\/2023\/09\/y-7-1.jpg\" \/>\n\t<meta property=\"og:image:width\" content=\"2072\" \/>\n\t<meta property=\"og:image:height\" content=\"1604\" \/>\n\t<meta property=\"og:image:type\" content=\"image\/jpeg\" \/>\n<meta name=\"author\" content=\"adminNovo\" \/>\n<meta name=\"twitter:card\" content=\"summary_large_image\" \/>\n<meta name=\"twitter:label1\" content=\"Escrito por\" \/>\n\t<meta name=\"twitter:data1\" content=\"adminNovo\" \/>\n\t<meta name=\"twitter:label2\" content=\"Tempo estimado de leitura\" \/>\n\t<meta name=\"twitter:data2\" content=\"3 minutos\" \/>\n<script type=\"application\/ld+json\" class=\"yoast-schema-graph\">{\"@context\":\"https:\\\/\\\/schema.org\",\"@graph\":[{\"@type\":\"Article\",\"@id\":\"https:\\\/\\\/automotiverevista.pt\\\/index.php\\\/2023\\\/09\\\/19\\\/zenith-revela-o-defy-skyline-sapphire-em-nova-boutique\\\/#article\",\"isPartOf\":{\"@id\":\"https:\\\/\\\/automotiverevista.pt\\\/index.php\\\/2023\\\/09\\\/19\\\/zenith-revela-o-defy-skyline-sapphire-em-nova-boutique\\\/\"},\"author\":{\"name\":\"adminNovo\",\"@id\":\"https:\\\/\\\/automotiverevista.pt\\\/#\\\/schema\\\/person\\\/1265858bc8c78a0f969de814da8be281\"},\"headline\":\"Zenith revela o Defy Skyline Sapphire em nova boutique\",\"datePublished\":\"2023-09-19T09:17:44+00:00\",\"dateModified\":\"2023-09-19T09:17:55+00:00\",\"mainEntityOfPage\":{\"@id\":\"https:\\\/\\\/automotiverevista.pt\\\/index.php\\\/2023\\\/09\\\/19\\\/zenith-revela-o-defy-skyline-sapphire-em-nova-boutique\\\/\"},\"wordCount\":384,\"publisher\":{\"@id\":\"https:\\\/\\\/automotiverevista.pt\\\/#organization\"},\"image\":{\"@id\":\"https:\\\/\\\/automotiverevista.pt\\\/index.php\\\/2023\\\/09\\\/19\\\/zenith-revela-o-defy-skyline-sapphire-em-nova-boutique\\\/#primaryimage\"},\"thumbnailUrl\":\"https:\\\/\\\/automotiverevista.pt\\\/wp-content\\\/uploads\\\/2023\\\/09\\\/y-7-1.jpg\",\"articleSection\":[\"Coffee Break\"],\"inLanguage\":\"pt-PT\"},{\"@type\":\"WebPage\",\"@id\":\"https:\\\/\\\/automotiverevista.pt\\\/index.php\\\/2023\\\/09\\\/19\\\/zenith-revela-o-defy-skyline-sapphire-em-nova-boutique\\\/\",\"url\":\"https:\\\/\\\/automotiverevista.pt\\\/index.php\\\/2023\\\/09\\\/19\\\/zenith-revela-o-defy-skyline-sapphire-em-nova-boutique\\\/\",\"name\":\"Zenith revela o Defy Skyline Sapphire em nova boutique - Revista Automotive\",\"isPartOf\":{\"@id\":\"https:\\\/\\\/automotiverevista.pt\\\/#website\"},\"primaryImageOfPage\":{\"@id\":\"https:\\\/\\\/automotiverevista.pt\\\/index.php\\\/2023\\\/09\\\/19\\\/zenith-revela-o-defy-skyline-sapphire-em-nova-boutique\\\/#primaryimage\"},\"image\":{\"@id\":\"https:\\\/\\\/automotiverevista.pt\\\/index.php\\\/2023\\\/09\\\/19\\\/zenith-revela-o-defy-skyline-sapphire-em-nova-boutique\\\/#primaryimage\"},\"thumbnailUrl\":\"https:\\\/\\\/automotiverevista.pt\\\/wp-content\\\/uploads\\\/2023\\\/09\\\/y-7-1.jpg\",\"datePublished\":\"2023-09-19T09:17:44+00:00\",\"dateModified\":\"2023-09-19T09:17:55+00:00\",\"description\":\"A ZENITH abriu a primeira boutique no Sul da Europa, na na\u00e7\u00e3o insular do Chipre. A cerim\u00f3nia de inaugura\u00e7\u00e3o contou com a\",\"breadcrumb\":{\"@id\":\"https:\\\/\\\/automotiverevista.pt\\\/index.php\\\/2023\\\/09\\\/19\\\/zenith-revela-o-defy-skyline-sapphire-em-nova-boutique\\\/#breadcrumb\"},\"inLanguage\":\"pt-PT\",\"potentialAction\":[{\"@type\":\"ReadAction\",\"target\":[\"https:\\\/\\\/automotiverevista.pt\\\/index.php\\\/2023\\\/09\\\/19\\\/zenith-revela-o-defy-skyline-sapphire-em-nova-boutique\\\/\"]}]},{\"@type\":\"ImageObject\",\"inLanguage\":\"pt-PT\",\"@id\":\"https:\\\/\\\/automotiverevista.pt\\\/index.php\\\/2023\\\/09\\\/19\\\/zenith-revela-o-defy-skyline-sapphire-em-nova-boutique\\\/#primaryimage\",\"url\":\"https:\\\/\\\/automotiverevista.pt\\\/wp-content\\\/uploads\\\/2023\\\/09\\\/y-7-1.jpg\",\"contentUrl\":\"https:\\\/\\\/automotiverevista.pt\\\/wp-content\\\/uploads\\\/2023\\\/09\\\/y-7-1.jpg\",\"width\":2072,\"height\":1604},{\"@type\":\"BreadcrumbList\",\"@id\":\"https:\\\/\\\/automotiverevista.pt\\\/index.php\\\/2023\\\/09\\\/19\\\/zenith-revela-o-defy-skyline-sapphire-em-nova-boutique\\\/#breadcrumb\",\"itemListElement\":[{\"@type\":\"ListItem\",\"position\":1,\"name\":\"Home\",\"item\":\"https:\\\/\\\/automotiverevista.pt\\\/\"},{\"@type\":\"ListItem\",\"position\":2,\"name\":\"Zenith revela o Defy Skyline Sapphire em nova boutique\"}]},{\"@type\":\"WebSite\",\"@id\":\"https:\\\/\\\/automotiverevista.pt\\\/#website\",\"url\":\"https:\\\/\\\/automotiverevista.pt\\\/\",\"name\":\"Revista Automotive\",\"description\":\"Revista Automotive Portugal\",\"publisher\":{\"@id\":\"https:\\\/\\\/automotiverevista.pt\\\/#organization\"},\"potentialAction\":[{\"@type\":\"SearchAction\",\"target\":{\"@type\":\"EntryPoint\",\"urlTemplate\":\"https:\\\/\\\/automotiverevista.pt\\\/?s={search_term_string}\"},\"query-input\":{\"@type\":\"PropertyValueSpecification\",\"valueRequired\":true,\"valueName\":\"search_term_string\"}}],\"inLanguage\":\"pt-PT\"},{\"@type\":\"Organization\",\"@id\":\"https:\\\/\\\/automotiverevista.pt\\\/#organization\",\"name\":\"Revista Automotive Portugal\",\"url\":\"https:\\\/\\\/automotiverevista.pt\\\/\",\"logo\":{\"@type\":\"ImageObject\",\"inLanguage\":\"pt-PT\",\"@id\":\"https:\\\/\\\/automotiverevista.pt\\\/#\\\/schema\\\/logo\\\/image\\\/\",\"url\":\"https:\\\/\\\/automotiverevista.pt\\\/wp-content\\\/uploads\\\/2022\\\/07\\\/Logo-Automotive-2021_500-1.jpg\",\"contentUrl\":\"https:\\\/\\\/automotiverevista.pt\\\/wp-content\\\/uploads\\\/2022\\\/07\\\/Logo-Automotive-2021_500-1.jpg\",\"width\":500,\"height\":160,\"caption\":\"Revista Automotive Portugal\"},\"image\":{\"@id\":\"https:\\\/\\\/automotiverevista.pt\\\/#\\\/schema\\\/logo\\\/image\\\/\"},\"sameAs\":[\"https:\\\/\\\/linkedin.com\\\/in\\\/automotiverevista\"]},{\"@type\":\"Person\",\"@id\":\"https:\\\/\\\/automotiverevista.pt\\\/#\\\/schema\\\/person\\\/1265858bc8c78a0f969de814da8be281\",\"name\":\"adminNovo\",\"image\":{\"@type\":\"ImageObject\",\"inLanguage\":\"pt-PT\",\"@id\":\"https:\\\/\\\/secure.gravatar.com\\\/avatar\\\/c606c1288dcc11eb4c709aa5136fdb962583c410f5c23c0b7bf6917c542be355?s=96&d=mm&r=g\",\"url\":\"https:\\\/\\\/secure.gravatar.com\\\/avatar\\\/c606c1288dcc11eb4c709aa5136fdb962583c410f5c23c0b7bf6917c542be355?s=96&d=mm&r=g\",\"contentUrl\":\"https:\\\/\\\/secure.gravatar.com\\\/avatar\\\/c606c1288dcc11eb4c709aa5136fdb962583c410f5c23c0b7bf6917c542be355?s=96&d=mm&r=g\",\"caption\":\"adminNovo\"},\"sameAs\":[\"https:\\\/\\\/automotiverevista.pt\"],\"url\":\"https:\\\/\\\/automotiverevista.pt\\\/index.php\\\/author\\\/adminnovo\\\/\"}]}<\/script>\n<!-- \/ Yoast SEO Premium plugin. -->","yoast_head_json":{"title":"Zenith revela o Defy Skyline Sapphire em nova boutique - Revista Automotive","description":"A ZENITH abriu a primeira boutique no Sul da Europa, na na\u00e7\u00e3o insular do Chipre. A cerim\u00f3nia de inaugura\u00e7\u00e3o contou com a","robots":{"index":"index","follow":"follow","max-snippet":"max-snippet:-1","max-image-preview":"max-image-preview:large","max-video-preview":"max-video-preview:-1"},"canonical":"https:\/\/automotiverevista.pt\/index.php\/2023\/09\/19\/zenith-revela-o-defy-skyline-sapphire-em-nova-boutique\/","og_locale":"pt_PT","og_type":"article","og_title":"Zenith revela o Defy Skyline Sapphire em nova boutique","og_description":"A ZENITH abriu a primeira boutique no Sul da Europa, na na\u00e7\u00e3o insular do Chipre. A cerim\u00f3nia de inaugura\u00e7\u00e3o contou com a","og_url":"https:\/\/automotiverevista.pt\/index.php\/2023\/09\/19\/zenith-revela-o-defy-skyline-sapphire-em-nova-boutique\/","og_site_name":"Revista Automotive","article_published_time":"2023-09-19T09:17:44+00:00","article_modified_time":"2023-09-19T09:17:55+00:00","og_image":[{"width":2072,"height":1604,"url":"https:\/\/automotiverevista.pt\/wp-content\/uploads\/2023\/09\/y-7-1.jpg","type":"image\/jpeg"}],"author":"adminNovo","twitter_card":"summary_large_image","twitter_misc":{"Escrito por":"adminNovo","Tempo estimado de leitura":"3 minutos"},"schema":{"@context":"https:\/\/schema.org","@graph":[{"@type":"Article","@id":"https:\/\/automotiverevista.pt\/index.php\/2023\/09\/19\/zenith-revela-o-defy-skyline-sapphire-em-nova-boutique\/#article","isPartOf":{"@id":"https:\/\/automotiverevista.pt\/index.php\/2023\/09\/19\/zenith-revela-o-defy-skyline-sapphire-em-nova-boutique\/"},"author":{"name":"adminNovo","@id":"https:\/\/automotiverevista.pt\/#\/schema\/person\/1265858bc8c78a0f969de814da8be281"},"headline":"Zenith revela o Defy Skyline Sapphire em nova boutique","datePublished":"2023-09-19T09:17:44+00:00","dateModified":"2023-09-19T09:17:55+00:00","mainEntityOfPage":{"@id":"https:\/\/automotiverevista.pt\/index.php\/2023\/09\/19\/zenith-revela-o-defy-skyline-sapphire-em-nova-boutique\/"},"wordCount":384,"publisher":{"@id":"https:\/\/automotiverevista.pt\/#organization"},"image":{"@id":"https:\/\/automotiverevista.pt\/index.php\/2023\/09\/19\/zenith-revela-o-defy-skyline-sapphire-em-nova-boutique\/#primaryimage"},"thumbnailUrl":"https:\/\/automotiverevista.pt\/wp-content\/uploads\/2023\/09\/y-7-1.jpg","articleSection":["Coffee Break"],"inLanguage":"pt-PT"},{"@type":"WebPage","@id":"https:\/\/automotiverevista.pt\/index.php\/2023\/09\/19\/zenith-revela-o-defy-skyline-sapphire-em-nova-boutique\/","url":"https:\/\/automotiverevista.pt\/index.php\/2023\/09\/19\/zenith-revela-o-defy-skyline-sapphire-em-nova-boutique\/","name":"Zenith revela o Defy Skyline Sapphire em nova boutique - Revista Automotive","isPartOf":{"@id":"https:\/\/automotiverevista.pt\/#website"},"primaryImageOfPage":{"@id":"https:\/\/automotiverevista.pt\/index.php\/2023\/09\/19\/zenith-revela-o-defy-skyline-sapphire-em-nova-boutique\/#primaryimage"},"image":{"@id":"https:\/\/automotiverevista.pt\/index.php\/2023\/09\/19\/zenith-revela-o-defy-skyline-sapphire-em-nova-boutique\/#primaryimage"},"thumbnailUrl":"https:\/\/automotiverevista.pt\/wp-content\/uploads\/2023\/09\/y-7-1.jpg","datePublished":"2023-09-19T09:17:44+00:00","dateModified":"2023-09-19T09:17:55+00:00","description":"A ZENITH abriu a primeira boutique no Sul da Europa, na na\u00e7\u00e3o insular do Chipre. A cerim\u00f3nia de inaugura\u00e7\u00e3o contou com a","breadcrumb":{"@id":"https:\/\/automotiverevista.pt\/index.php\/2023\/09\/19\/zenith-revela-o-defy-skyline-sapphire-em-nova-boutique\/#breadcrumb"},"inLanguage":"pt-PT","potentialAction":[{"@type":"ReadAction","target":["https:\/\/automotiverevista.pt\/index.php\/2023\/09\/19\/zenith-revela-o-defy-skyline-sapphire-em-nova-boutique\/"]}]},{"@type":"ImageObject","inLanguage":"pt-PT","@id":"https:\/\/automotiverevista.pt\/index.php\/2023\/09\/19\/zenith-revela-o-defy-skyline-sapphire-em-nova-boutique\/#primaryimage","url":"https:\/\/automotiverevista.pt\/wp-content\/uploads\/2023\/09\/y-7-1.jpg","contentUrl":"https:\/\/automotiverevista.pt\/wp-content\/uploads\/2023\/09\/y-7-1.jpg","width":2072,"height":1604},{"@type":"BreadcrumbList","@id":"https:\/\/automotiverevista.pt\/index.php\/2023\/09\/19\/zenith-revela-o-defy-skyline-sapphire-em-nova-boutique\/#breadcrumb","itemListElement":[{"@type":"ListItem","position":1,"name":"Home","item":"https:\/\/automotiverevista.pt\/"},{"@type":"ListItem","position":2,"name":"Zenith revela o Defy Skyline Sapphire em nova boutique"}]},{"@type":"WebSite","@id":"https:\/\/automotiverevista.pt\/#website","url":"https:\/\/automotiverevista.pt\/","name":"Revista Automotive","description":"Revista Automotive Portugal","publisher":{"@id":"https:\/\/automotiverevista.pt\/#organization"},"potentialAction":[{"@type":"SearchAction","target":{"@type":"EntryPoint","urlTemplate":"https:\/\/automotiverevista.pt\/?s={search_term_string}"},"query-input":{"@type":"PropertyValueSpecification","valueRequired":true,"valueName":"search_term_string"}}],"inLanguage":"pt-PT"},{"@type":"Organization","@id":"https:\/\/automotiverevista.pt\/#organization","name":"Revista Automotive Portugal","url":"https:\/\/automotiverevista.pt\/","logo":{"@type":"ImageObject","inLanguage":"pt-PT","@id":"https:\/\/automotiverevista.pt\/#\/schema\/logo\/image\/","url":"https:\/\/automotiverevista.pt\/wp-content\/uploads\/2022\/07\/Logo-Automotive-2021_500-1.jpg","contentUrl":"https:\/\/automotiverevista.pt\/wp-content\/uploads\/2022\/07\/Logo-Automotive-2021_500-1.jpg","width":500,"height":160,"caption":"Revista Automotive Portugal"},"image":{"@id":"https:\/\/automotiverevista.pt\/#\/schema\/logo\/image\/"},"sameAs":["https:\/\/linkedin.com\/in\/automotiverevista"]},{"@type":"Person","@id":"https:\/\/automotiverevista.pt\/#\/schema\/person\/1265858bc8c78a0f969de814da8be281","name":"adminNovo","image":{"@type":"ImageObject","inLanguage":"pt-PT","@id":"https:\/\/secure.gravatar.com\/avatar\/c606c1288dcc11eb4c709aa5136fdb962583c410f5c23c0b7bf6917c542be355?s=96&d=mm&r=g","url":"https:\/\/secure.gravatar.com\/avatar\/c606c1288dcc11eb4c709aa5136fdb962583c410f5c23c0b7bf6917c542be355?s=96&d=mm&r=g","contentUrl":"https:\/\/secure.gravatar.com\/avatar\/c606c1288dcc11eb4c709aa5136fdb962583c410f5c23c0b7bf6917c542be355?s=96&d=mm&r=g","caption":"adminNovo"},"sameAs":["https:\/\/automotiverevista.pt"],"url":"https:\/\/automotiverevista.pt\/index.php\/author\/adminnovo\/"}]}},"_links":{"self":[{"href":"https:\/\/automotiverevista.pt\/index.php\/wp-json\/wp\/v2\/posts\/3929","targetHints":{"allow":["GET"]}}],"collection":[{"href":"https:\/\/automotiverevista.pt\/index.php\/wp-json\/wp\/v2\/posts"}],"about":[{"href":"https:\/\/automotiverevista.pt\/index.php\/wp-json\/wp\/v2\/types\/post"}],"author":[{"embeddable":true,"href":"https:\/\/automotiverevista.pt\/index.php\/wp-json\/wp\/v2\/users\/1"}],"replies":[{"embeddable":true,"href":"https:\/\/automotiverevista.pt\/index.php\/wp-json\/wp\/v2\/comments?post=3929"}],"version-history":[{"count":3,"href":"https:\/\/automotiverevista.pt\/index.php\/wp-json\/wp\/v2\/posts\/3929\/revisions"}],"predecessor-version":[{"id":3941,"href":"https:\/\/automotiverevista.pt\/index.php\/wp-json\/wp\/v2\/posts\/3929\/revisions\/3941"}],"wp:featuredmedia":[{"embeddable":true,"href":"https:\/\/automotiverevista.pt\/index.php\/wp-json\/wp\/v2\/media\/3933"}],"wp:attachment":[{"href":"https:\/\/automotiverevista.pt\/index.php\/wp-json\/wp\/v2\/media?parent=3929"}],"wp:term":[{"taxonomy":"category","embeddable":true,"href":"https:\/\/automotiverevista.pt\/index.php\/wp-json\/wp\/v2\/categories?post=3929"},{"taxonomy":"post_tag","embeddable":true,"href":"https:\/\/automotiverevista.pt\/index.php\/wp-json\/wp\/v2\/tags?post=3929"}],"curies":[{"name":"wp","href":"https:\/\/api.w.org\/{rel}","templated":true}]}}