{"id":3946,"date":"2023-09-20T05:36:00","date_gmt":"2023-09-20T05:36:00","guid":{"rendered":"https:\/\/automotiverevista.pt\/?p=3946"},"modified":"2023-09-19T18:38:44","modified_gmt":"2023-09-19T18:38:44","slug":"puma-celebra-60o-aniversario-do-porsche-911","status":"publish","type":"post","link":"https:\/\/automotiverevista.pt\/index.php\/2023\/09\/20\/puma-celebra-60o-aniversario-do-porsche-911\/","title":{"rendered":"PUMA celebra 60\u00ba anivers\u00e1rio do Porsche 911"},"content":{"rendered":"\n<p>A PUMA e a Porsche, prestam homenagem ao ic\u00f3nico Porsche 911, que continua a cativar os f\u00e3s em todo o mundo, ao celebrarem o seu 60\u00ba anivers\u00e1rio. Em homenagem a este marco, a PUMA e a Porsche apresentam dois modelos exclusivos de t\u00e9nis com <a href=\"https:\/\/automotiverevista.pt\/index.php\/2023\/05\/24\/salao-watches-wonders-espelho-de-um-setor-valorizado\/\">edi\u00e7\u00e3o limitada<\/a>: Retro Sneaker e Heritage Sneaker. Ambos prestam homenagem ao <a href=\"https:\/\/automotiverevista.pt\/index.php\/2023\/02\/25\/a-historia-da-porsche-comeca-nos-automoveis-eletricos\/\">profundo legado e<\/a> ao presente din\u00e2mico do Porsche 911.<\/p>\n\n\n\n<p>O modelo Retro Sneaker captura com requinte a ess\u00eancia do hist\u00f3rico Porsche 911 S 2.5 de 1972. Com uma silhueta elegante e distinta que relembra o design cl\u00e1ssico do autom\u00f3vel, apresentam uma elegante paleta de cores Light Blue que reflete a ic\u00f3nica tonalidade exterior do ve\u00edculo. Como homenagem \u00e0s origens do 911, o n\u00famero inicial 56 aparece no calcanhar, numa associa\u00e7\u00e3o direta com o passado.<\/p>\n\n\n\n<figure class=\"wp-block-image size-large is-resized\"><img decoding=\"async\" src=\"https:\/\/automotiverevista.pt\/wp-content\/uploads\/2023\/09\/308238_v3-910x1024.webp\" alt=\"\" class=\"wp-image-3948\" style=\"width:401px;height:451px\" width=\"401\" height=\"451\" srcset=\"https:\/\/automotiverevista.pt\/wp-content\/uploads\/2023\/09\/308238_v3-910x1024.webp 910w, https:\/\/automotiverevista.pt\/wp-content\/uploads\/2023\/09\/308238_v3-267x300.webp 267w, https:\/\/automotiverevista.pt\/wp-content\/uploads\/2023\/09\/308238_v3-768x864.webp 768w, https:\/\/automotiverevista.pt\/wp-content\/uploads\/2023\/09\/308238_v3-1365x1536.webp 1365w, https:\/\/automotiverevista.pt\/wp-content\/uploads\/2023\/09\/308238_v3-1820x2048.webp 1820w, https:\/\/automotiverevista.pt\/wp-content\/uploads\/2023\/09\/308238_v3-750x844.webp 750w, https:\/\/automotiverevista.pt\/wp-content\/uploads\/2023\/09\/308238_v3-1140x1283.webp 1140w, https:\/\/automotiverevista.pt\/wp-content\/uploads\/2023\/09\/308238_v3.webp 1920w\" sizes=\"(max-width: 401px) 100vw, 401px\" \/><\/figure>\n\n\n\n<p>Limitado a apenas 1972 pares \u2013 para celebrar o ano de nascimento do ve\u00edculo \u2013 cada modelo Retro \u00e9 numerado individualmente e distingue-se ainda pela presen\u00e7a do emblem\u00e1tico <em>lettering<\/em> da Porsche na parte superior da aba em couro. Um emblema circular distinto e o logotipo dos 60 anos do modelo 911 acentuam ainda mais o car\u00e1ter desportivo das sapatilhas, culminando numa obra-prima de cal\u00e7ado.<\/p>\n\n\n\n<p>Os Heritage Sneaker s\u00e3o uma homenagem \u00e0 personifica\u00e7\u00e3o contempor\u00e2nea do Porsche 911 na forma do novo 911 S\/T. Inspirando-se no comportamento desportivo deste ve\u00edculo, distinguem-se num modelo elegante, atual e din\u00e2mico. A constru\u00e7\u00e3o em couro liso, com um tom cinza que remete para o exterior do autom\u00f3vel, exala sofistica\u00e7\u00e3o. A inclus\u00e3o do n\u00famero inicial 63, comemorativo do ano de cria\u00e7\u00e3o do 911, acrescenta um toque pessoal a estes t\u00e9nis de edi\u00e7\u00e3o limitada, com apenas 1963 pares dispon\u00edveis. Tal como no Retro Sneaker, a numera\u00e7\u00e3o individual \u00e9 exibida na parte inferior da lingua. A etiqueta, em tecido, apresenta o logotipo colorido dos 60 anos do Porsche 911, e acentua a aura desportiva dos Heritage.<\/p>\n\n\n\n<figure class=\"wp-block-image size-large is-resized\"><img decoding=\"async\" src=\"https:\/\/automotiverevista.pt\/wp-content\/uploads\/2023\/09\/308240_v2-910x1024.webp\" alt=\"\" class=\"wp-image-3949\" style=\"width:474px;height:533px\" width=\"474\" height=\"533\" srcset=\"https:\/\/automotiverevista.pt\/wp-content\/uploads\/2023\/09\/308240_v2-910x1024.webp 910w, https:\/\/automotiverevista.pt\/wp-content\/uploads\/2023\/09\/308240_v2-267x300.webp 267w, https:\/\/automotiverevista.pt\/wp-content\/uploads\/2023\/09\/308240_v2-768x864.webp 768w, https:\/\/automotiverevista.pt\/wp-content\/uploads\/2023\/09\/308240_v2-1365x1536.webp 1365w, https:\/\/automotiverevista.pt\/wp-content\/uploads\/2023\/09\/308240_v2-1820x2048.webp 1820w, https:\/\/automotiverevista.pt\/wp-content\/uploads\/2023\/09\/308240_v2-750x844.webp 750w, https:\/\/automotiverevista.pt\/wp-content\/uploads\/2023\/09\/308240_v2-1140x1283.webp 1140w, https:\/\/automotiverevista.pt\/wp-content\/uploads\/2023\/09\/308240_v2.webp 1920w\" sizes=\"(max-width: 474px) 100vw, 474px\" \/><\/figure>\n\n\n\n<p>Os t\u00e9nis PUMA X Porsche 911, de edi\u00e7\u00e3o limitada, est\u00e3o dispon\u00edveis exclusivamente em puma.com na Europa a partir de 24 de setembro. Encontram-se ainda dispon\u00edveis em shop.porsche.com, na loja do <a href=\"https:\/\/automotiverevista.pt\/index.php\/2023\/02\/25\/a-historia-da-porsche-comeca-nos-automoveis-eletricos\/\">Museu Porsche<\/a> em Stuttgart-Zuffenhausen, e nas lojas da f\u00e1brica da Porsche em Zuffenhausen e Weissach.<\/p>\n","protected":false},"excerpt":{"rendered":"<p>A PUMA e a Porsche, prestam homenagem ao ic\u00f3nico Porsche 911, que continua a cativar os f\u00e3s em todo o mundo, ao celebrarem o seu 60\u00ba anivers\u00e1rio. Em homenagem a este marco, a PUMA e a Porsche apresentam dois modelos exclusivos de t\u00e9nis com edi\u00e7\u00e3o limitada: Retro Sneaker e Heritage Sneaker. Ambos prestam homenagem ao [&hellip;]<\/p>\n","protected":false},"author":1,"featured_media":3947,"comment_status":"closed","ping_status":"open","sticky":false,"template":"","format":"standard","meta":{"jnews-multi-image_gallery":[],"jnews_single_post":{"subtitle":"","format":"standard","video":"","gallery":"","source_name":"","source_url":"","via_name":"","via_url":"","override_template":"0","override":[{"template":"2","single_blog_custom":"","parallax":"1","fullscreen":"1","layout":"right-sidebar","sidebar":"default-sidebar","second_sidebar":"default-sidebar","sticky_sidebar":"1","share_position":"topbottom","share_float_style":"share-monocrhome","show_share_counter":"0","show_view_counter":"0","show_featured":"1","show_post_meta":"1","show_post_author":"0","show_post_author_image":"1","show_post_date":"1","post_date_format":"default","post_date_format_custom":"Y\/m\/d","show_post_category":"1","show_post_reading_time":"0","post_reading_time_wpm":"300","show_zoom_button":"0","zoom_button_out_step":"2","zoom_button_in_step":"3","show_post_tag":"1","show_prev_next_post":"0","show_popup_post":"1","number_popup_post":"1","show_author_box":"0","show_post_related":"1","show_inline_post_related":"1"}],"override_image_size":"0","image_override":[{"single_post_thumbnail_size":"crop-500","single_post_gallery_size":"crop-500"}],"trending_post":"0","trending_post_position":"meta","trending_post_label":"Trending","sponsored_post":"0","sponsored_post_label":"Sponsored by","sponsored_post_name":"","sponsored_post_url":"","sponsored_post_logo_enable":"0","sponsored_post_logo":"","sponsored_post_desc":"","disable_ad":"0"},"jnews_primary_category":{"id":"","hide":""},"footnotes":""},"categories":[111],"tags":[],"class_list":["post-3946","post","type-post","status-publish","format-standard","has-post-thumbnail","hentry","category-coffee-break"],"yoast_head":"<!-- This site is optimized with the Yoast SEO Premium plugin v27.2 (Yoast SEO v27.5) - https:\/\/yoast.com\/product\/yoast-seo-premium-wordpress\/ -->\n<title>PUMA celebra 60\u00ba anivers\u00e1rio do Porsche 911 - Revista Automotive<\/title>\n<meta name=\"description\" content=\"A PUMA e a Porsche, prestam homenagem ao ic\u00f3nico Porsche 911, que continua a cativar os f\u00e3s em todo o mund\" \/>\n<meta name=\"robots\" content=\"index, follow, max-snippet:-1, max-image-preview:large, max-video-preview:-1\" \/>\n<link rel=\"canonical\" href=\"https:\/\/automotiverevista.pt\/index.php\/2023\/09\/20\/puma-celebra-60o-aniversario-do-porsche-911\/\" \/>\n<meta property=\"og:locale\" content=\"pt_PT\" \/>\n<meta property=\"og:type\" content=\"article\" \/>\n<meta property=\"og:title\" content=\"PUMA celebra 60\u00ba anivers\u00e1rio do Porsche 911\" \/>\n<meta property=\"og:description\" content=\"A PUMA e a Porsche, prestam homenagem ao ic\u00f3nico Porsche 911, que continua a cativar os f\u00e3s em todo o mund\" \/>\n<meta property=\"og:url\" content=\"https:\/\/automotiverevista.pt\/index.php\/2023\/09\/20\/puma-celebra-60o-aniversario-do-porsche-911\/\" \/>\n<meta property=\"og:site_name\" content=\"Revista Automotive\" \/>\n<meta property=\"article:published_time\" content=\"2023-09-20T05:36:00+00:00\" \/>\n<meta property=\"og:image\" content=\"https:\/\/automotiverevista.pt\/wp-content\/uploads\/2023\/09\/img_low.jpg\" \/>\n\t<meta property=\"og:image:width\" content=\"1920\" \/>\n\t<meta property=\"og:image:height\" content=\"1080\" \/>\n\t<meta property=\"og:image:type\" content=\"image\/jpeg\" \/>\n<meta name=\"author\" content=\"adminNovo\" \/>\n<meta name=\"twitter:card\" content=\"summary_large_image\" \/>\n<meta name=\"twitter:label1\" content=\"Escrito por\" \/>\n\t<meta name=\"twitter:data1\" content=\"adminNovo\" \/>\n\t<meta name=\"twitter:label2\" content=\"Tempo estimado de leitura\" \/>\n\t<meta name=\"twitter:data2\" content=\"3 minutos\" \/>\n<script type=\"application\/ld+json\" class=\"yoast-schema-graph\">{\"@context\":\"https:\\\/\\\/schema.org\",\"@graph\":[{\"@type\":\"Article\",\"@id\":\"https:\\\/\\\/automotiverevista.pt\\\/index.php\\\/2023\\\/09\\\/20\\\/puma-celebra-60o-aniversario-do-porsche-911\\\/#article\",\"isPartOf\":{\"@id\":\"https:\\\/\\\/automotiverevista.pt\\\/index.php\\\/2023\\\/09\\\/20\\\/puma-celebra-60o-aniversario-do-porsche-911\\\/\"},\"author\":{\"name\":\"adminNovo\",\"@id\":\"https:\\\/\\\/automotiverevista.pt\\\/#\\\/schema\\\/person\\\/1265858bc8c78a0f969de814da8be281\"},\"headline\":\"PUMA celebra 60\u00ba anivers\u00e1rio do Porsche 911\",\"datePublished\":\"2023-09-20T05:36:00+00:00\",\"mainEntityOfPage\":{\"@id\":\"https:\\\/\\\/automotiverevista.pt\\\/index.php\\\/2023\\\/09\\\/20\\\/puma-celebra-60o-aniversario-do-porsche-911\\\/\"},\"wordCount\":376,\"publisher\":{\"@id\":\"https:\\\/\\\/automotiverevista.pt\\\/#organization\"},\"image\":{\"@id\":\"https:\\\/\\\/automotiverevista.pt\\\/index.php\\\/2023\\\/09\\\/20\\\/puma-celebra-60o-aniversario-do-porsche-911\\\/#primaryimage\"},\"thumbnailUrl\":\"https:\\\/\\\/automotiverevista.pt\\\/wp-content\\\/uploads\\\/2023\\\/09\\\/img_low.jpg\",\"articleSection\":[\"Coffee Break\"],\"inLanguage\":\"pt-PT\"},{\"@type\":\"WebPage\",\"@id\":\"https:\\\/\\\/automotiverevista.pt\\\/index.php\\\/2023\\\/09\\\/20\\\/puma-celebra-60o-aniversario-do-porsche-911\\\/\",\"url\":\"https:\\\/\\\/automotiverevista.pt\\\/index.php\\\/2023\\\/09\\\/20\\\/puma-celebra-60o-aniversario-do-porsche-911\\\/\",\"name\":\"PUMA celebra 60\u00ba anivers\u00e1rio do Porsche 911 - Revista Automotive\",\"isPartOf\":{\"@id\":\"https:\\\/\\\/automotiverevista.pt\\\/#website\"},\"primaryImageOfPage\":{\"@id\":\"https:\\\/\\\/automotiverevista.pt\\\/index.php\\\/2023\\\/09\\\/20\\\/puma-celebra-60o-aniversario-do-porsche-911\\\/#primaryimage\"},\"image\":{\"@id\":\"https:\\\/\\\/automotiverevista.pt\\\/index.php\\\/2023\\\/09\\\/20\\\/puma-celebra-60o-aniversario-do-porsche-911\\\/#primaryimage\"},\"thumbnailUrl\":\"https:\\\/\\\/automotiverevista.pt\\\/wp-content\\\/uploads\\\/2023\\\/09\\\/img_low.jpg\",\"datePublished\":\"2023-09-20T05:36:00+00:00\",\"description\":\"A PUMA e a Porsche, prestam homenagem ao ic\u00f3nico Porsche 911, que continua a cativar os f\u00e3s em todo o mund\",\"breadcrumb\":{\"@id\":\"https:\\\/\\\/automotiverevista.pt\\\/index.php\\\/2023\\\/09\\\/20\\\/puma-celebra-60o-aniversario-do-porsche-911\\\/#breadcrumb\"},\"inLanguage\":\"pt-PT\",\"potentialAction\":[{\"@type\":\"ReadAction\",\"target\":[\"https:\\\/\\\/automotiverevista.pt\\\/index.php\\\/2023\\\/09\\\/20\\\/puma-celebra-60o-aniversario-do-porsche-911\\\/\"]}]},{\"@type\":\"ImageObject\",\"inLanguage\":\"pt-PT\",\"@id\":\"https:\\\/\\\/automotiverevista.pt\\\/index.php\\\/2023\\\/09\\\/20\\\/puma-celebra-60o-aniversario-do-porsche-911\\\/#primaryimage\",\"url\":\"https:\\\/\\\/automotiverevista.pt\\\/wp-content\\\/uploads\\\/2023\\\/09\\\/img_low.jpg\",\"contentUrl\":\"https:\\\/\\\/automotiverevista.pt\\\/wp-content\\\/uploads\\\/2023\\\/09\\\/img_low.jpg\",\"width\":1920,\"height\":1080},{\"@type\":\"BreadcrumbList\",\"@id\":\"https:\\\/\\\/automotiverevista.pt\\\/index.php\\\/2023\\\/09\\\/20\\\/puma-celebra-60o-aniversario-do-porsche-911\\\/#breadcrumb\",\"itemListElement\":[{\"@type\":\"ListItem\",\"position\":1,\"name\":\"Home\",\"item\":\"https:\\\/\\\/automotiverevista.pt\\\/\"},{\"@type\":\"ListItem\",\"position\":2,\"name\":\"PUMA celebra 60\u00ba anivers\u00e1rio do Porsche 911\"}]},{\"@type\":\"WebSite\",\"@id\":\"https:\\\/\\\/automotiverevista.pt\\\/#website\",\"url\":\"https:\\\/\\\/automotiverevista.pt\\\/\",\"name\":\"Revista Automotive\",\"description\":\"Revista Automotive Portugal\",\"publisher\":{\"@id\":\"https:\\\/\\\/automotiverevista.pt\\\/#organization\"},\"potentialAction\":[{\"@type\":\"SearchAction\",\"target\":{\"@type\":\"EntryPoint\",\"urlTemplate\":\"https:\\\/\\\/automotiverevista.pt\\\/?s={search_term_string}\"},\"query-input\":{\"@type\":\"PropertyValueSpecification\",\"valueRequired\":true,\"valueName\":\"search_term_string\"}}],\"inLanguage\":\"pt-PT\"},{\"@type\":\"Organization\",\"@id\":\"https:\\\/\\\/automotiverevista.pt\\\/#organization\",\"name\":\"Revista Automotive Portugal\",\"url\":\"https:\\\/\\\/automotiverevista.pt\\\/\",\"logo\":{\"@type\":\"ImageObject\",\"inLanguage\":\"pt-PT\",\"@id\":\"https:\\\/\\\/automotiverevista.pt\\\/#\\\/schema\\\/logo\\\/image\\\/\",\"url\":\"https:\\\/\\\/automotiverevista.pt\\\/wp-content\\\/uploads\\\/2022\\\/07\\\/Logo-Automotive-2021_500-1.jpg\",\"contentUrl\":\"https:\\\/\\\/automotiverevista.pt\\\/wp-content\\\/uploads\\\/2022\\\/07\\\/Logo-Automotive-2021_500-1.jpg\",\"width\":500,\"height\":160,\"caption\":\"Revista Automotive Portugal\"},\"image\":{\"@id\":\"https:\\\/\\\/automotiverevista.pt\\\/#\\\/schema\\\/logo\\\/image\\\/\"},\"sameAs\":[\"https:\\\/\\\/linkedin.com\\\/in\\\/automotiverevista\"]},{\"@type\":\"Person\",\"@id\":\"https:\\\/\\\/automotiverevista.pt\\\/#\\\/schema\\\/person\\\/1265858bc8c78a0f969de814da8be281\",\"name\":\"adminNovo\",\"image\":{\"@type\":\"ImageObject\",\"inLanguage\":\"pt-PT\",\"@id\":\"https:\\\/\\\/secure.gravatar.com\\\/avatar\\\/c606c1288dcc11eb4c709aa5136fdb962583c410f5c23c0b7bf6917c542be355?s=96&d=mm&r=g\",\"url\":\"https:\\\/\\\/secure.gravatar.com\\\/avatar\\\/c606c1288dcc11eb4c709aa5136fdb962583c410f5c23c0b7bf6917c542be355?s=96&d=mm&r=g\",\"contentUrl\":\"https:\\\/\\\/secure.gravatar.com\\\/avatar\\\/c606c1288dcc11eb4c709aa5136fdb962583c410f5c23c0b7bf6917c542be355?s=96&d=mm&r=g\",\"caption\":\"adminNovo\"},\"sameAs\":[\"https:\\\/\\\/automotiverevista.pt\"],\"url\":\"https:\\\/\\\/automotiverevista.pt\\\/index.php\\\/author\\\/adminnovo\\\/\"}]}<\/script>\n<!-- \/ Yoast SEO Premium plugin. -->","yoast_head_json":{"title":"PUMA celebra 60\u00ba anivers\u00e1rio do Porsche 911 - Revista Automotive","description":"A PUMA e a Porsche, prestam homenagem ao ic\u00f3nico Porsche 911, que continua a cativar os f\u00e3s em todo o mund","robots":{"index":"index","follow":"follow","max-snippet":"max-snippet:-1","max-image-preview":"max-image-preview:large","max-video-preview":"max-video-preview:-1"},"canonical":"https:\/\/automotiverevista.pt\/index.php\/2023\/09\/20\/puma-celebra-60o-aniversario-do-porsche-911\/","og_locale":"pt_PT","og_type":"article","og_title":"PUMA celebra 60\u00ba anivers\u00e1rio do Porsche 911","og_description":"A PUMA e a Porsche, prestam homenagem ao ic\u00f3nico Porsche 911, que continua a cativar os f\u00e3s em todo o mund","og_url":"https:\/\/automotiverevista.pt\/index.php\/2023\/09\/20\/puma-celebra-60o-aniversario-do-porsche-911\/","og_site_name":"Revista Automotive","article_published_time":"2023-09-20T05:36:00+00:00","og_image":[{"width":1920,"height":1080,"url":"https:\/\/automotiverevista.pt\/wp-content\/uploads\/2023\/09\/img_low.jpg","type":"image\/jpeg"}],"author":"adminNovo","twitter_card":"summary_large_image","twitter_misc":{"Escrito por":"adminNovo","Tempo estimado de leitura":"3 minutos"},"schema":{"@context":"https:\/\/schema.org","@graph":[{"@type":"Article","@id":"https:\/\/automotiverevista.pt\/index.php\/2023\/09\/20\/puma-celebra-60o-aniversario-do-porsche-911\/#article","isPartOf":{"@id":"https:\/\/automotiverevista.pt\/index.php\/2023\/09\/20\/puma-celebra-60o-aniversario-do-porsche-911\/"},"author":{"name":"adminNovo","@id":"https:\/\/automotiverevista.pt\/#\/schema\/person\/1265858bc8c78a0f969de814da8be281"},"headline":"PUMA celebra 60\u00ba anivers\u00e1rio do Porsche 911","datePublished":"2023-09-20T05:36:00+00:00","mainEntityOfPage":{"@id":"https:\/\/automotiverevista.pt\/index.php\/2023\/09\/20\/puma-celebra-60o-aniversario-do-porsche-911\/"},"wordCount":376,"publisher":{"@id":"https:\/\/automotiverevista.pt\/#organization"},"image":{"@id":"https:\/\/automotiverevista.pt\/index.php\/2023\/09\/20\/puma-celebra-60o-aniversario-do-porsche-911\/#primaryimage"},"thumbnailUrl":"https:\/\/automotiverevista.pt\/wp-content\/uploads\/2023\/09\/img_low.jpg","articleSection":["Coffee Break"],"inLanguage":"pt-PT"},{"@type":"WebPage","@id":"https:\/\/automotiverevista.pt\/index.php\/2023\/09\/20\/puma-celebra-60o-aniversario-do-porsche-911\/","url":"https:\/\/automotiverevista.pt\/index.php\/2023\/09\/20\/puma-celebra-60o-aniversario-do-porsche-911\/","name":"PUMA celebra 60\u00ba anivers\u00e1rio do Porsche 911 - Revista Automotive","isPartOf":{"@id":"https:\/\/automotiverevista.pt\/#website"},"primaryImageOfPage":{"@id":"https:\/\/automotiverevista.pt\/index.php\/2023\/09\/20\/puma-celebra-60o-aniversario-do-porsche-911\/#primaryimage"},"image":{"@id":"https:\/\/automotiverevista.pt\/index.php\/2023\/09\/20\/puma-celebra-60o-aniversario-do-porsche-911\/#primaryimage"},"thumbnailUrl":"https:\/\/automotiverevista.pt\/wp-content\/uploads\/2023\/09\/img_low.jpg","datePublished":"2023-09-20T05:36:00+00:00","description":"A PUMA e a Porsche, prestam homenagem ao ic\u00f3nico Porsche 911, que continua a cativar os f\u00e3s em todo o mund","breadcrumb":{"@id":"https:\/\/automotiverevista.pt\/index.php\/2023\/09\/20\/puma-celebra-60o-aniversario-do-porsche-911\/#breadcrumb"},"inLanguage":"pt-PT","potentialAction":[{"@type":"ReadAction","target":["https:\/\/automotiverevista.pt\/index.php\/2023\/09\/20\/puma-celebra-60o-aniversario-do-porsche-911\/"]}]},{"@type":"ImageObject","inLanguage":"pt-PT","@id":"https:\/\/automotiverevista.pt\/index.php\/2023\/09\/20\/puma-celebra-60o-aniversario-do-porsche-911\/#primaryimage","url":"https:\/\/automotiverevista.pt\/wp-content\/uploads\/2023\/09\/img_low.jpg","contentUrl":"https:\/\/automotiverevista.pt\/wp-content\/uploads\/2023\/09\/img_low.jpg","width":1920,"height":1080},{"@type":"BreadcrumbList","@id":"https:\/\/automotiverevista.pt\/index.php\/2023\/09\/20\/puma-celebra-60o-aniversario-do-porsche-911\/#breadcrumb","itemListElement":[{"@type":"ListItem","position":1,"name":"Home","item":"https:\/\/automotiverevista.pt\/"},{"@type":"ListItem","position":2,"name":"PUMA celebra 60\u00ba anivers\u00e1rio do Porsche 911"}]},{"@type":"WebSite","@id":"https:\/\/automotiverevista.pt\/#website","url":"https:\/\/automotiverevista.pt\/","name":"Revista Automotive","description":"Revista Automotive Portugal","publisher":{"@id":"https:\/\/automotiverevista.pt\/#organization"},"potentialAction":[{"@type":"SearchAction","target":{"@type":"EntryPoint","urlTemplate":"https:\/\/automotiverevista.pt\/?s={search_term_string}"},"query-input":{"@type":"PropertyValueSpecification","valueRequired":true,"valueName":"search_term_string"}}],"inLanguage":"pt-PT"},{"@type":"Organization","@id":"https:\/\/automotiverevista.pt\/#organization","name":"Revista Automotive Portugal","url":"https:\/\/automotiverevista.pt\/","logo":{"@type":"ImageObject","inLanguage":"pt-PT","@id":"https:\/\/automotiverevista.pt\/#\/schema\/logo\/image\/","url":"https:\/\/automotiverevista.pt\/wp-content\/uploads\/2022\/07\/Logo-Automotive-2021_500-1.jpg","contentUrl":"https:\/\/automotiverevista.pt\/wp-content\/uploads\/2022\/07\/Logo-Automotive-2021_500-1.jpg","width":500,"height":160,"caption":"Revista Automotive Portugal"},"image":{"@id":"https:\/\/automotiverevista.pt\/#\/schema\/logo\/image\/"},"sameAs":["https:\/\/linkedin.com\/in\/automotiverevista"]},{"@type":"Person","@id":"https:\/\/automotiverevista.pt\/#\/schema\/person\/1265858bc8c78a0f969de814da8be281","name":"adminNovo","image":{"@type":"ImageObject","inLanguage":"pt-PT","@id":"https:\/\/secure.gravatar.com\/avatar\/c606c1288dcc11eb4c709aa5136fdb962583c410f5c23c0b7bf6917c542be355?s=96&d=mm&r=g","url":"https:\/\/secure.gravatar.com\/avatar\/c606c1288dcc11eb4c709aa5136fdb962583c410f5c23c0b7bf6917c542be355?s=96&d=mm&r=g","contentUrl":"https:\/\/secure.gravatar.com\/avatar\/c606c1288dcc11eb4c709aa5136fdb962583c410f5c23c0b7bf6917c542be355?s=96&d=mm&r=g","caption":"adminNovo"},"sameAs":["https:\/\/automotiverevista.pt"],"url":"https:\/\/automotiverevista.pt\/index.php\/author\/adminnovo\/"}]}},"_links":{"self":[{"href":"https:\/\/automotiverevista.pt\/index.php\/wp-json\/wp\/v2\/posts\/3946","targetHints":{"allow":["GET"]}}],"collection":[{"href":"https:\/\/automotiverevista.pt\/index.php\/wp-json\/wp\/v2\/posts"}],"about":[{"href":"https:\/\/automotiverevista.pt\/index.php\/wp-json\/wp\/v2\/types\/post"}],"author":[{"embeddable":true,"href":"https:\/\/automotiverevista.pt\/index.php\/wp-json\/wp\/v2\/users\/1"}],"replies":[{"embeddable":true,"href":"https:\/\/automotiverevista.pt\/index.php\/wp-json\/wp\/v2\/comments?post=3946"}],"version-history":[{"count":2,"href":"https:\/\/automotiverevista.pt\/index.php\/wp-json\/wp\/v2\/posts\/3946\/revisions"}],"predecessor-version":[{"id":3951,"href":"https:\/\/automotiverevista.pt\/index.php\/wp-json\/wp\/v2\/posts\/3946\/revisions\/3951"}],"wp:featuredmedia":[{"embeddable":true,"href":"https:\/\/automotiverevista.pt\/index.php\/wp-json\/wp\/v2\/media\/3947"}],"wp:attachment":[{"href":"https:\/\/automotiverevista.pt\/index.php\/wp-json\/wp\/v2\/media?parent=3946"}],"wp:term":[{"taxonomy":"category","embeddable":true,"href":"https:\/\/automotiverevista.pt\/index.php\/wp-json\/wp\/v2\/categories?post=3946"},{"taxonomy":"post_tag","embeddable":true,"href":"https:\/\/automotiverevista.pt\/index.php\/wp-json\/wp\/v2\/tags?post=3946"}],"curies":[{"name":"wp","href":"https:\/\/api.w.org\/{rel}","templated":true}]}}