{"id":3955,"date":"2023-09-20T08:46:00","date_gmt":"2023-09-20T08:46:00","guid":{"rendered":"https:\/\/automotiverevista.pt\/?p=3955"},"modified":"2023-09-19T18:48:04","modified_gmt":"2023-09-19T18:48:04","slug":"scania-inicia-operacao-na-nova-unidade-de-baterias","status":"publish","type":"post","link":"https:\/\/automotiverevista.pt\/index.php\/2023\/09\/20\/scania-inicia-operacao-na-nova-unidade-de-baterias\/","title":{"rendered":"Scania\u00a0inicia opera\u00e7\u00e3o na nova unidade de baterias"},"content":{"rendered":"\n<p>Trata-se de um momento hist\u00f3rico para a Scania, e tamb\u00e9m para o Grupo TRATON, com a inaugura\u00e7\u00e3o da sua unidade de produ\u00e7\u00e3o de baterias na sede sueca, em S\u00f6dert\u00e4lje. O in\u00edcio das opera\u00e7\u00f5es na nova unidade permite a produ\u00e7\u00e3o em s\u00e9rie de <a href=\"https:\/\/youtu.be\/Y40zqJkPZCI?si=veGu0qJt9XAXOtsq\">ve\u00edculos el\u00e9tricos de trabalho pesado.<\/a><\/p>\n\n\n\n<p><a href=\"https:\/\/automotiverevista.pt\/index.php\/2023\/01\/13\/scania-descarbonizacao-sera-financiada-pelos-motores-diesel\/\"><strong>Christian Levin<\/strong>,<\/a> presidente e CEO da Scania e do TRATON GROUP, declarou na ocasi\u00e3o que \u201cestamos extremamente orgulhosos com esta nova unidade. Na Scania, temos como objetivo impulsionar a mudan\u00e7a para um sistema de transportes <a href=\"https:\/\/automotiverevista.pt\/index.php\/2023\/05\/02\/scania-ja-plantou-mais-de-35-000-arvores\/\">sustent\u00e1vel<\/a>. Com o in\u00edcio das opera\u00e7\u00f5es na unidade da bateria, estamos prontos para acelerar a mudan\u00e7a para a eletrifica\u00e7\u00e3o\u201d.<\/p>\n\n\n\n<p><strong>Montagem de c\u00e9lulas de alto rendimento<\/strong><\/p>\n\n\n\n<p>Em 2030,\u00a0a Scania tem como objetivo atingir 50% de vendas de ve\u00edculos el\u00e9tricos. \u201cA mudan\u00e7a para <a href=\"https:\/\/youtu.be\/Y40zqJkPZCI?si=veGu0qJt9XAXOtsq\">solu\u00e7\u00f5es eletrificadas<\/a> \u00e9 a maior transforma\u00e7\u00e3o na hist\u00f3ria dos transportes e 2023, \u00e9 o ano do arranque, gra\u00e7as a um substancial investimento realizado pela Scania neste projeto\u201d, acrescentou <a href=\"https:\/\/automotiverevista.pt\/index.php\/2023\/01\/13\/scania-descarbonizacao-sera-financiada-pelos-motores-diesel\/\">Christian Levin.<\/a><\/p>\n\n\n\n<p>Em abril deste ano, a Scania e a Northvolt revelaram uma c\u00e9lula de bateria desenvolvida em conjunto para transportes de trabalho pesado, com elevado desempenho. A c\u00e9lula \u00e9 produzida na giga f\u00e1brica Northvolt ETT no norte da Su\u00e9cia e desde o in\u00edcio deste m\u00eas de setembro, passou a ser montada na nova unidade de 18 mil m2 metros, localizada em S\u00f6dert\u00e4lje, permitindo o arranque da produ\u00e7\u00e3o em s\u00e9rie de cami\u00f5es el\u00e9tricos premium da Scania para transportes regionais.<\/p>\n\n\n\n<p><strong>Produ\u00e7\u00e3o em larga escala de ve\u00edculos el\u00e9tricos&nbsp;<\/strong><\/p>\n\n\n\n<p>Ao localizar a unidade de montagem adjacente \u00e0 linha de chassis em S\u00f6dert\u00e4lje, que foi redesenhada este ver\u00e3o para produ\u00e7\u00e3o em larga escala de ve\u00edculos el\u00e9tricos, criaram-se as condi\u00e7\u00f5es ideais para um fabrico r\u00e1pido e eficiente. A unidade da bateria ir\u00e1 empregar 550 colegas Scania e \u00e9 altamente automatizada, desde os materiais de entrada at\u00e9 \u00e0 produ\u00e7\u00e3o e \u00e0 entrega.<\/p>\n","protected":false},"excerpt":{"rendered":"<p>Trata-se de um momento hist\u00f3rico para a Scania, e tamb\u00e9m para o Grupo TRATON, com a inaugura\u00e7\u00e3o da sua unidade de produ\u00e7\u00e3o de baterias na sede sueca, em S\u00f6dert\u00e4lje. O in\u00edcio das opera\u00e7\u00f5es na nova unidade permite a produ\u00e7\u00e3o em s\u00e9rie de ve\u00edculos el\u00e9tricos de trabalho pesado. Christian Levin, presidente e CEO da Scania e [&hellip;]<\/p>\n","protected":false},"author":1,"featured_media":3956,"comment_status":"closed","ping_status":"open","sticky":false,"template":"","format":"standard","meta":{"jnews-multi-image_gallery":[],"jnews_single_post":{"subtitle":"","format":"standard","video":"","gallery":"","source_name":"","source_url":"","via_name":"","via_url":"","override_template":"0","override":[{"template":"2","single_blog_custom":"","parallax":"1","fullscreen":"1","layout":"right-sidebar","sidebar":"default-sidebar","second_sidebar":"default-sidebar","sticky_sidebar":"1","share_position":"topbottom","share_float_style":"share-monocrhome","show_share_counter":"0","show_view_counter":"0","show_featured":"1","show_post_meta":"1","show_post_author":"0","show_post_author_image":"1","show_post_date":"1","post_date_format":"default","post_date_format_custom":"Y\/m\/d","show_post_category":"1","show_post_reading_time":"0","post_reading_time_wpm":"300","show_zoom_button":"0","zoom_button_out_step":"2","zoom_button_in_step":"3","show_post_tag":"1","show_prev_next_post":"0","show_popup_post":"1","number_popup_post":"1","show_author_box":"0","show_post_related":"1","show_inline_post_related":"1"}],"override_image_size":"0","image_override":[{"single_post_thumbnail_size":"crop-500","single_post_gallery_size":"crop-500"}],"trending_post":"0","trending_post_position":"meta","trending_post_label":"Trending","sponsored_post":"0","sponsored_post_label":"Sponsored by","sponsored_post_name":"","sponsored_post_url":"","sponsored_post_logo_enable":"0","sponsored_post_logo":"","sponsored_post_desc":"","disable_ad":"0"},"jnews_primary_category":{"id":"","hide":""},"footnotes":""},"categories":[25],"tags":[],"class_list":["post-3955","post","type-post","status-publish","format-standard","has-post-thumbnail","hentry","category-pesados-e-maquinas"],"yoast_head":"<!-- This site is optimized with the Yoast SEO Premium plugin v27.2 (Yoast SEO v27.5) - https:\/\/yoast.com\/product\/yoast-seo-premium-wordpress\/ -->\n<title>Scania\u00a0inicia opera\u00e7\u00e3o na nova unidade de baterias - Revista Automotive<\/title>\n<meta name=\"description\" content=\"Trata-se de um momento hist\u00f3rico para a Scania, e tamb\u00e9m para o Grupo TRATON, com a inaugura\u00e7\u00e3o da sua baterias na sede sueca, em S\u00f6dert\u00e4lje\" \/>\n<meta name=\"robots\" content=\"index, follow, max-snippet:-1, max-image-preview:large, max-video-preview:-1\" \/>\n<link rel=\"canonical\" href=\"https:\/\/automotiverevista.pt\/index.php\/2023\/09\/20\/scania-inicia-operacao-na-nova-unidade-de-baterias\/\" \/>\n<meta property=\"og:locale\" content=\"pt_PT\" \/>\n<meta property=\"og:type\" content=\"article\" \/>\n<meta property=\"og:title\" content=\"Scania\u00a0inicia opera\u00e7\u00e3o na nova unidade de baterias\" \/>\n<meta property=\"og:description\" content=\"Trata-se de um momento hist\u00f3rico para a Scania, e tamb\u00e9m para o Grupo TRATON, com a inaugura\u00e7\u00e3o da sua baterias na sede sueca, em S\u00f6dert\u00e4lje\" \/>\n<meta property=\"og:url\" content=\"https:\/\/automotiverevista.pt\/index.php\/2023\/09\/20\/scania-inicia-operacao-na-nova-unidade-de-baterias\/\" \/>\n<meta property=\"og:site_name\" content=\"Revista Automotive\" \/>\n<meta property=\"article:published_time\" content=\"2023-09-20T08:46:00+00:00\" \/>\n<meta property=\"og:image\" content=\"https:\/\/automotiverevista.pt\/wp-content\/uploads\/2023\/09\/Fabrica-Scania.jpeg\" \/>\n\t<meta property=\"og:image:width\" content=\"992\" \/>\n\t<meta property=\"og:image:height\" content=\"740\" \/>\n\t<meta property=\"og:image:type\" content=\"image\/jpeg\" \/>\n<meta name=\"author\" content=\"adminNovo\" \/>\n<meta name=\"twitter:card\" content=\"summary_large_image\" \/>\n<meta name=\"twitter:label1\" content=\"Escrito por\" \/>\n\t<meta name=\"twitter:data1\" content=\"adminNovo\" \/>\n\t<meta name=\"twitter:label2\" content=\"Tempo estimado de leitura\" \/>\n\t<meta name=\"twitter:data2\" content=\"2 minutos\" \/>\n<script type=\"application\/ld+json\" class=\"yoast-schema-graph\">{\"@context\":\"https:\\\/\\\/schema.org\",\"@graph\":[{\"@type\":\"Article\",\"@id\":\"https:\\\/\\\/automotiverevista.pt\\\/index.php\\\/2023\\\/09\\\/20\\\/scania-inicia-operacao-na-nova-unidade-de-baterias\\\/#article\",\"isPartOf\":{\"@id\":\"https:\\\/\\\/automotiverevista.pt\\\/index.php\\\/2023\\\/09\\\/20\\\/scania-inicia-operacao-na-nova-unidade-de-baterias\\\/\"},\"author\":{\"name\":\"adminNovo\",\"@id\":\"https:\\\/\\\/automotiverevista.pt\\\/#\\\/schema\\\/person\\\/1265858bc8c78a0f969de814da8be281\"},\"headline\":\"Scania\u00a0inicia opera\u00e7\u00e3o na nova unidade de baterias\",\"datePublished\":\"2023-09-20T08:46:00+00:00\",\"mainEntityOfPage\":{\"@id\":\"https:\\\/\\\/automotiverevista.pt\\\/index.php\\\/2023\\\/09\\\/20\\\/scania-inicia-operacao-na-nova-unidade-de-baterias\\\/\"},\"wordCount\":347,\"publisher\":{\"@id\":\"https:\\\/\\\/automotiverevista.pt\\\/#organization\"},\"image\":{\"@id\":\"https:\\\/\\\/automotiverevista.pt\\\/index.php\\\/2023\\\/09\\\/20\\\/scania-inicia-operacao-na-nova-unidade-de-baterias\\\/#primaryimage\"},\"thumbnailUrl\":\"https:\\\/\\\/automotiverevista.pt\\\/wp-content\\\/uploads\\\/2023\\\/09\\\/Fabrica-Scania.jpeg\",\"articleSection\":[\"Pesados e M\u00e1quinas\"],\"inLanguage\":\"pt-PT\"},{\"@type\":\"WebPage\",\"@id\":\"https:\\\/\\\/automotiverevista.pt\\\/index.php\\\/2023\\\/09\\\/20\\\/scania-inicia-operacao-na-nova-unidade-de-baterias\\\/\",\"url\":\"https:\\\/\\\/automotiverevista.pt\\\/index.php\\\/2023\\\/09\\\/20\\\/scania-inicia-operacao-na-nova-unidade-de-baterias\\\/\",\"name\":\"Scania\u00a0inicia opera\u00e7\u00e3o na nova unidade de baterias - Revista Automotive\",\"isPartOf\":{\"@id\":\"https:\\\/\\\/automotiverevista.pt\\\/#website\"},\"primaryImageOfPage\":{\"@id\":\"https:\\\/\\\/automotiverevista.pt\\\/index.php\\\/2023\\\/09\\\/20\\\/scania-inicia-operacao-na-nova-unidade-de-baterias\\\/#primaryimage\"},\"image\":{\"@id\":\"https:\\\/\\\/automotiverevista.pt\\\/index.php\\\/2023\\\/09\\\/20\\\/scania-inicia-operacao-na-nova-unidade-de-baterias\\\/#primaryimage\"},\"thumbnailUrl\":\"https:\\\/\\\/automotiverevista.pt\\\/wp-content\\\/uploads\\\/2023\\\/09\\\/Fabrica-Scania.jpeg\",\"datePublished\":\"2023-09-20T08:46:00+00:00\",\"description\":\"Trata-se de um momento hist\u00f3rico para a Scania, e tamb\u00e9m para o Grupo TRATON, com a inaugura\u00e7\u00e3o da sua baterias na sede sueca, em S\u00f6dert\u00e4lje\",\"breadcrumb\":{\"@id\":\"https:\\\/\\\/automotiverevista.pt\\\/index.php\\\/2023\\\/09\\\/20\\\/scania-inicia-operacao-na-nova-unidade-de-baterias\\\/#breadcrumb\"},\"inLanguage\":\"pt-PT\",\"potentialAction\":[{\"@type\":\"ReadAction\",\"target\":[\"https:\\\/\\\/automotiverevista.pt\\\/index.php\\\/2023\\\/09\\\/20\\\/scania-inicia-operacao-na-nova-unidade-de-baterias\\\/\"]}]},{\"@type\":\"ImageObject\",\"inLanguage\":\"pt-PT\",\"@id\":\"https:\\\/\\\/automotiverevista.pt\\\/index.php\\\/2023\\\/09\\\/20\\\/scania-inicia-operacao-na-nova-unidade-de-baterias\\\/#primaryimage\",\"url\":\"https:\\\/\\\/automotiverevista.pt\\\/wp-content\\\/uploads\\\/2023\\\/09\\\/Fabrica-Scania.jpeg\",\"contentUrl\":\"https:\\\/\\\/automotiverevista.pt\\\/wp-content\\\/uploads\\\/2023\\\/09\\\/Fabrica-Scania.jpeg\",\"width\":992,\"height\":740},{\"@type\":\"BreadcrumbList\",\"@id\":\"https:\\\/\\\/automotiverevista.pt\\\/index.php\\\/2023\\\/09\\\/20\\\/scania-inicia-operacao-na-nova-unidade-de-baterias\\\/#breadcrumb\",\"itemListElement\":[{\"@type\":\"ListItem\",\"position\":1,\"name\":\"Home\",\"item\":\"https:\\\/\\\/automotiverevista.pt\\\/\"},{\"@type\":\"ListItem\",\"position\":2,\"name\":\"Scania\u00a0inicia opera\u00e7\u00e3o na nova unidade de baterias\"}]},{\"@type\":\"WebSite\",\"@id\":\"https:\\\/\\\/automotiverevista.pt\\\/#website\",\"url\":\"https:\\\/\\\/automotiverevista.pt\\\/\",\"name\":\"Revista Automotive\",\"description\":\"Revista Automotive Portugal\",\"publisher\":{\"@id\":\"https:\\\/\\\/automotiverevista.pt\\\/#organization\"},\"potentialAction\":[{\"@type\":\"SearchAction\",\"target\":{\"@type\":\"EntryPoint\",\"urlTemplate\":\"https:\\\/\\\/automotiverevista.pt\\\/?s={search_term_string}\"},\"query-input\":{\"@type\":\"PropertyValueSpecification\",\"valueRequired\":true,\"valueName\":\"search_term_string\"}}],\"inLanguage\":\"pt-PT\"},{\"@type\":\"Organization\",\"@id\":\"https:\\\/\\\/automotiverevista.pt\\\/#organization\",\"name\":\"Revista Automotive Portugal\",\"url\":\"https:\\\/\\\/automotiverevista.pt\\\/\",\"logo\":{\"@type\":\"ImageObject\",\"inLanguage\":\"pt-PT\",\"@id\":\"https:\\\/\\\/automotiverevista.pt\\\/#\\\/schema\\\/logo\\\/image\\\/\",\"url\":\"https:\\\/\\\/automotiverevista.pt\\\/wp-content\\\/uploads\\\/2022\\\/07\\\/Logo-Automotive-2021_500-1.jpg\",\"contentUrl\":\"https:\\\/\\\/automotiverevista.pt\\\/wp-content\\\/uploads\\\/2022\\\/07\\\/Logo-Automotive-2021_500-1.jpg\",\"width\":500,\"height\":160,\"caption\":\"Revista Automotive Portugal\"},\"image\":{\"@id\":\"https:\\\/\\\/automotiverevista.pt\\\/#\\\/schema\\\/logo\\\/image\\\/\"},\"sameAs\":[\"https:\\\/\\\/linkedin.com\\\/in\\\/automotiverevista\"]},{\"@type\":\"Person\",\"@id\":\"https:\\\/\\\/automotiverevista.pt\\\/#\\\/schema\\\/person\\\/1265858bc8c78a0f969de814da8be281\",\"name\":\"adminNovo\",\"image\":{\"@type\":\"ImageObject\",\"inLanguage\":\"pt-PT\",\"@id\":\"https:\\\/\\\/secure.gravatar.com\\\/avatar\\\/c606c1288dcc11eb4c709aa5136fdb962583c410f5c23c0b7bf6917c542be355?s=96&d=mm&r=g\",\"url\":\"https:\\\/\\\/secure.gravatar.com\\\/avatar\\\/c606c1288dcc11eb4c709aa5136fdb962583c410f5c23c0b7bf6917c542be355?s=96&d=mm&r=g\",\"contentUrl\":\"https:\\\/\\\/secure.gravatar.com\\\/avatar\\\/c606c1288dcc11eb4c709aa5136fdb962583c410f5c23c0b7bf6917c542be355?s=96&d=mm&r=g\",\"caption\":\"adminNovo\"},\"sameAs\":[\"https:\\\/\\\/automotiverevista.pt\"],\"url\":\"https:\\\/\\\/automotiverevista.pt\\\/index.php\\\/author\\\/adminnovo\\\/\"}]}<\/script>\n<!-- \/ Yoast SEO Premium plugin. -->","yoast_head_json":{"title":"Scania\u00a0inicia opera\u00e7\u00e3o na nova unidade de baterias - Revista Automotive","description":"Trata-se de um momento hist\u00f3rico para a Scania, e tamb\u00e9m para o Grupo TRATON, com a inaugura\u00e7\u00e3o da sua baterias na sede sueca, em S\u00f6dert\u00e4lje","robots":{"index":"index","follow":"follow","max-snippet":"max-snippet:-1","max-image-preview":"max-image-preview:large","max-video-preview":"max-video-preview:-1"},"canonical":"https:\/\/automotiverevista.pt\/index.php\/2023\/09\/20\/scania-inicia-operacao-na-nova-unidade-de-baterias\/","og_locale":"pt_PT","og_type":"article","og_title":"Scania\u00a0inicia opera\u00e7\u00e3o na nova unidade de baterias","og_description":"Trata-se de um momento hist\u00f3rico para a Scania, e tamb\u00e9m para o Grupo TRATON, com a inaugura\u00e7\u00e3o da sua baterias na sede sueca, em S\u00f6dert\u00e4lje","og_url":"https:\/\/automotiverevista.pt\/index.php\/2023\/09\/20\/scania-inicia-operacao-na-nova-unidade-de-baterias\/","og_site_name":"Revista Automotive","article_published_time":"2023-09-20T08:46:00+00:00","og_image":[{"width":992,"height":740,"url":"https:\/\/automotiverevista.pt\/wp-content\/uploads\/2023\/09\/Fabrica-Scania.jpeg","type":"image\/jpeg"}],"author":"adminNovo","twitter_card":"summary_large_image","twitter_misc":{"Escrito por":"adminNovo","Tempo estimado de leitura":"2 minutos"},"schema":{"@context":"https:\/\/schema.org","@graph":[{"@type":"Article","@id":"https:\/\/automotiverevista.pt\/index.php\/2023\/09\/20\/scania-inicia-operacao-na-nova-unidade-de-baterias\/#article","isPartOf":{"@id":"https:\/\/automotiverevista.pt\/index.php\/2023\/09\/20\/scania-inicia-operacao-na-nova-unidade-de-baterias\/"},"author":{"name":"adminNovo","@id":"https:\/\/automotiverevista.pt\/#\/schema\/person\/1265858bc8c78a0f969de814da8be281"},"headline":"Scania\u00a0inicia opera\u00e7\u00e3o na nova unidade de baterias","datePublished":"2023-09-20T08:46:00+00:00","mainEntityOfPage":{"@id":"https:\/\/automotiverevista.pt\/index.php\/2023\/09\/20\/scania-inicia-operacao-na-nova-unidade-de-baterias\/"},"wordCount":347,"publisher":{"@id":"https:\/\/automotiverevista.pt\/#organization"},"image":{"@id":"https:\/\/automotiverevista.pt\/index.php\/2023\/09\/20\/scania-inicia-operacao-na-nova-unidade-de-baterias\/#primaryimage"},"thumbnailUrl":"https:\/\/automotiverevista.pt\/wp-content\/uploads\/2023\/09\/Fabrica-Scania.jpeg","articleSection":["Pesados e M\u00e1quinas"],"inLanguage":"pt-PT"},{"@type":"WebPage","@id":"https:\/\/automotiverevista.pt\/index.php\/2023\/09\/20\/scania-inicia-operacao-na-nova-unidade-de-baterias\/","url":"https:\/\/automotiverevista.pt\/index.php\/2023\/09\/20\/scania-inicia-operacao-na-nova-unidade-de-baterias\/","name":"Scania\u00a0inicia opera\u00e7\u00e3o na nova unidade de baterias - Revista Automotive","isPartOf":{"@id":"https:\/\/automotiverevista.pt\/#website"},"primaryImageOfPage":{"@id":"https:\/\/automotiverevista.pt\/index.php\/2023\/09\/20\/scania-inicia-operacao-na-nova-unidade-de-baterias\/#primaryimage"},"image":{"@id":"https:\/\/automotiverevista.pt\/index.php\/2023\/09\/20\/scania-inicia-operacao-na-nova-unidade-de-baterias\/#primaryimage"},"thumbnailUrl":"https:\/\/automotiverevista.pt\/wp-content\/uploads\/2023\/09\/Fabrica-Scania.jpeg","datePublished":"2023-09-20T08:46:00+00:00","description":"Trata-se de um momento hist\u00f3rico para a Scania, e tamb\u00e9m para o Grupo TRATON, com a inaugura\u00e7\u00e3o da sua baterias na sede sueca, em S\u00f6dert\u00e4lje","breadcrumb":{"@id":"https:\/\/automotiverevista.pt\/index.php\/2023\/09\/20\/scania-inicia-operacao-na-nova-unidade-de-baterias\/#breadcrumb"},"inLanguage":"pt-PT","potentialAction":[{"@type":"ReadAction","target":["https:\/\/automotiverevista.pt\/index.php\/2023\/09\/20\/scania-inicia-operacao-na-nova-unidade-de-baterias\/"]}]},{"@type":"ImageObject","inLanguage":"pt-PT","@id":"https:\/\/automotiverevista.pt\/index.php\/2023\/09\/20\/scania-inicia-operacao-na-nova-unidade-de-baterias\/#primaryimage","url":"https:\/\/automotiverevista.pt\/wp-content\/uploads\/2023\/09\/Fabrica-Scania.jpeg","contentUrl":"https:\/\/automotiverevista.pt\/wp-content\/uploads\/2023\/09\/Fabrica-Scania.jpeg","width":992,"height":740},{"@type":"BreadcrumbList","@id":"https:\/\/automotiverevista.pt\/index.php\/2023\/09\/20\/scania-inicia-operacao-na-nova-unidade-de-baterias\/#breadcrumb","itemListElement":[{"@type":"ListItem","position":1,"name":"Home","item":"https:\/\/automotiverevista.pt\/"},{"@type":"ListItem","position":2,"name":"Scania\u00a0inicia opera\u00e7\u00e3o na nova unidade de baterias"}]},{"@type":"WebSite","@id":"https:\/\/automotiverevista.pt\/#website","url":"https:\/\/automotiverevista.pt\/","name":"Revista Automotive","description":"Revista Automotive Portugal","publisher":{"@id":"https:\/\/automotiverevista.pt\/#organization"},"potentialAction":[{"@type":"SearchAction","target":{"@type":"EntryPoint","urlTemplate":"https:\/\/automotiverevista.pt\/?s={search_term_string}"},"query-input":{"@type":"PropertyValueSpecification","valueRequired":true,"valueName":"search_term_string"}}],"inLanguage":"pt-PT"},{"@type":"Organization","@id":"https:\/\/automotiverevista.pt\/#organization","name":"Revista Automotive Portugal","url":"https:\/\/automotiverevista.pt\/","logo":{"@type":"ImageObject","inLanguage":"pt-PT","@id":"https:\/\/automotiverevista.pt\/#\/schema\/logo\/image\/","url":"https:\/\/automotiverevista.pt\/wp-content\/uploads\/2022\/07\/Logo-Automotive-2021_500-1.jpg","contentUrl":"https:\/\/automotiverevista.pt\/wp-content\/uploads\/2022\/07\/Logo-Automotive-2021_500-1.jpg","width":500,"height":160,"caption":"Revista Automotive Portugal"},"image":{"@id":"https:\/\/automotiverevista.pt\/#\/schema\/logo\/image\/"},"sameAs":["https:\/\/linkedin.com\/in\/automotiverevista"]},{"@type":"Person","@id":"https:\/\/automotiverevista.pt\/#\/schema\/person\/1265858bc8c78a0f969de814da8be281","name":"adminNovo","image":{"@type":"ImageObject","inLanguage":"pt-PT","@id":"https:\/\/secure.gravatar.com\/avatar\/c606c1288dcc11eb4c709aa5136fdb962583c410f5c23c0b7bf6917c542be355?s=96&d=mm&r=g","url":"https:\/\/secure.gravatar.com\/avatar\/c606c1288dcc11eb4c709aa5136fdb962583c410f5c23c0b7bf6917c542be355?s=96&d=mm&r=g","contentUrl":"https:\/\/secure.gravatar.com\/avatar\/c606c1288dcc11eb4c709aa5136fdb962583c410f5c23c0b7bf6917c542be355?s=96&d=mm&r=g","caption":"adminNovo"},"sameAs":["https:\/\/automotiverevista.pt"],"url":"https:\/\/automotiverevista.pt\/index.php\/author\/adminnovo\/"}]}},"_links":{"self":[{"href":"https:\/\/automotiverevista.pt\/index.php\/wp-json\/wp\/v2\/posts\/3955","targetHints":{"allow":["GET"]}}],"collection":[{"href":"https:\/\/automotiverevista.pt\/index.php\/wp-json\/wp\/v2\/posts"}],"about":[{"href":"https:\/\/automotiverevista.pt\/index.php\/wp-json\/wp\/v2\/types\/post"}],"author":[{"embeddable":true,"href":"https:\/\/automotiverevista.pt\/index.php\/wp-json\/wp\/v2\/users\/1"}],"replies":[{"embeddable":true,"href":"https:\/\/automotiverevista.pt\/index.php\/wp-json\/wp\/v2\/comments?post=3955"}],"version-history":[{"count":1,"href":"https:\/\/automotiverevista.pt\/index.php\/wp-json\/wp\/v2\/posts\/3955\/revisions"}],"predecessor-version":[{"id":3957,"href":"https:\/\/automotiverevista.pt\/index.php\/wp-json\/wp\/v2\/posts\/3955\/revisions\/3957"}],"wp:featuredmedia":[{"embeddable":true,"href":"https:\/\/automotiverevista.pt\/index.php\/wp-json\/wp\/v2\/media\/3956"}],"wp:attachment":[{"href":"https:\/\/automotiverevista.pt\/index.php\/wp-json\/wp\/v2\/media?parent=3955"}],"wp:term":[{"taxonomy":"category","embeddable":true,"href":"https:\/\/automotiverevista.pt\/index.php\/wp-json\/wp\/v2\/categories?post=3955"},{"taxonomy":"post_tag","embeddable":true,"href":"https:\/\/automotiverevista.pt\/index.php\/wp-json\/wp\/v2\/tags?post=3955"}],"curies":[{"name":"wp","href":"https:\/\/api.w.org\/{rel}","templated":true}]}}