{"id":3999,"date":"2023-09-22T09:41:40","date_gmt":"2023-09-22T09:41:40","guid":{"rendered":"https:\/\/automotiverevista.pt\/?p=3999"},"modified":"2023-09-22T09:41:46","modified_gmt":"2023-09-22T09:41:46","slug":"litocar-inaugura-novas-instalacoes-volvo-em-viseu","status":"publish","type":"post","link":"https:\/\/automotiverevista.pt\/index.php\/2023\/09\/22\/litocar-inaugura-novas-instalacoes-volvo-em-viseu\/","title":{"rendered":"Litocar inaugura novas instala\u00e7\u00f5es Volvo em Viseu"},"content":{"rendered":"\n<p>A Litocar inaugurou o seu concession\u00e1rio Volvo em Viseu, para melhor acolher os seus clientes, dando continuidade \u00e0 presen\u00e7a da marca sueca na regi\u00e3o. <\/p>\n\n\n\n<p>Esta renova\u00e7\u00e3o vem no seguimento da que ocorreu em Coimbra (<a href=\"https:\/\/automotiverevista.pt\/index.php\/2023\/04\/11\/novas-instalacoes-volvo-na-litocar-coimbra\/\">conforme noticiado pela Revista Automotive<\/a>), faltando apenas a renova\u00e7\u00e3o do espa\u00e7o Volvo na Litocar de Leiria, prevista para o final deste ano, para fechar este ciclo de incorpora\u00e7\u00e3o da marca nos concession\u00e1rios Litocar, iniciado em 2022.<\/p>\n\n\n\n<p>Sob o mote \u201cREchange the Future!\u201d o evento de inaugura\u00e7\u00e3o do novo concession\u00e1rio Volvo Viseu contou com a presen\u00e7a do Munic\u00edpio de Viseu, da Volvo Car Portugal e da administra\u00e7\u00e3o da Litocar.<\/p>\n\n\n\n<figure class=\"wp-block-image size-large\"><img decoding=\"async\" width=\"1024\" height=\"576\" src=\"https:\/\/automotiverevista.pt\/wp-content\/uploads\/2023\/09\/1695291149403-1024x576.jpg\" alt=\"\" class=\"wp-image-4001\" srcset=\"https:\/\/automotiverevista.pt\/wp-content\/uploads\/2023\/09\/1695291149403-1024x576.jpg 1024w, https:\/\/automotiverevista.pt\/wp-content\/uploads\/2023\/09\/1695291149403-300x169.jpg 300w, https:\/\/automotiverevista.pt\/wp-content\/uploads\/2023\/09\/1695291149403-768x432.jpg 768w, https:\/\/automotiverevista.pt\/wp-content\/uploads\/2023\/09\/1695291149403-1536x864.jpg 1536w, https:\/\/automotiverevista.pt\/wp-content\/uploads\/2023\/09\/1695291149403-750x422.jpg 750w, https:\/\/automotiverevista.pt\/wp-content\/uploads\/2023\/09\/1695291149403-1140x641.jpg 1140w, https:\/\/automotiverevista.pt\/wp-content\/uploads\/2023\/09\/1695291149403.jpg 1600w\" sizes=\"(max-width: 1024px) 100vw, 1024px\" \/><\/figure>\n\n\n\n<p>Mais uma vez a Litocar provou seu amplamente merecedora do <a href=\"https:\/\/automotiverevista.pt\/index.php\/2022\/11\/30\/litocar-vence-categoria-concessionario-automovel-nos-premios-fleet-service-2022\/\">Pr\u00e9mio \u201cConcession\u00e1rio Autom\u00f3vel\u201d nos Pr\u00e9mios Fleet &amp; Service 2022.<\/a> Recorde-se que no ano de 2022, protagonizaram uma das maiores movimenta\u00e7\u00f5es empresariais no setor das concess\u00f5es autom\u00f3veis, com a compra da Ascendum Auto. A compra incluiu todos os concession\u00e1rios da Ascendum Auto, nomeadamente as unidades de Lisboa, Coimbra, Leiria e Viseu, abarcando a comercializa\u00e7\u00e3o de autom\u00f3veis novos e usados das marcas Volvo, Mitsubishi Motors, Fuso e Maxus.\u00a0 Esta aquisi\u00e7\u00e3o, posicionou o Grupo Litocar num lugar de destaque no panorama nacional, no setor dos concession\u00e1rios autom\u00f3veis.<\/p>\n\n\n\n<figure class=\"wp-block-image size-large\"><img decoding=\"async\" width=\"1024\" height=\"681\" src=\"https:\/\/automotiverevista.pt\/wp-content\/uploads\/2023\/09\/1695291150380-1024x681.jpg\" alt=\"\" class=\"wp-image-4002\" srcset=\"https:\/\/automotiverevista.pt\/wp-content\/uploads\/2023\/09\/1695291150380-1024x681.jpg 1024w, https:\/\/automotiverevista.pt\/wp-content\/uploads\/2023\/09\/1695291150380-300x200.jpg 300w, https:\/\/automotiverevista.pt\/wp-content\/uploads\/2023\/09\/1695291150380-768x511.jpg 768w, https:\/\/automotiverevista.pt\/wp-content\/uploads\/2023\/09\/1695291150380-1536x1021.jpg 1536w, https:\/\/automotiverevista.pt\/wp-content\/uploads\/2023\/09\/1695291150380-750x499.jpg 750w, https:\/\/automotiverevista.pt\/wp-content\/uploads\/2023\/09\/1695291150380-1140x758.jpg 1140w, https:\/\/automotiverevista.pt\/wp-content\/uploads\/2023\/09\/1695291150380.jpg 1600w\" sizes=\"(max-width: 1024px) 100vw, 1024px\" \/><\/figure>\n","protected":false},"excerpt":{"rendered":"<p>A Litocar inaugurou o seu concession\u00e1rio Volvo em Viseu, para melhor acolher os seus clientes, dando continuidade \u00e0 presen\u00e7a da marca sueca na regi\u00e3o. Esta renova\u00e7\u00e3o vem no seguimento da que ocorreu em Coimbra (conforme noticiado pela Revista Automotive), faltando apenas a renova\u00e7\u00e3o do espa\u00e7o Volvo na Litocar de Leiria, prevista para o final deste [&hellip;]<\/p>\n","protected":false},"author":1,"featured_media":4000,"comment_status":"closed","ping_status":"open","sticky":false,"template":"","format":"standard","meta":{"jnews-multi-image_gallery":[],"jnews_single_post":{"subtitle":"","format":"standard","video":"","gallery":"","source_name":"","source_url":"","via_name":"","via_url":"","override_template":"0","override":[{"template":"2","single_blog_custom":"","parallax":"1","fullscreen":"1","layout":"right-sidebar","sidebar":"default-sidebar","second_sidebar":"default-sidebar","sticky_sidebar":"1","share_position":"topbottom","share_float_style":"share-monocrhome","show_share_counter":"0","show_view_counter":"0","show_featured":"1","show_post_meta":"1","show_post_author":"0","show_post_author_image":"1","show_post_date":"1","post_date_format":"default","post_date_format_custom":"Y\/m\/d","show_post_category":"1","show_post_reading_time":"0","post_reading_time_wpm":"300","show_zoom_button":"0","zoom_button_out_step":"2","zoom_button_in_step":"3","show_post_tag":"1","show_prev_next_post":"0","show_popup_post":"1","number_popup_post":"1","show_author_box":"0","show_post_related":"1","show_inline_post_related":"1"}],"override_image_size":"0","image_override":[{"single_post_thumbnail_size":"crop-500","single_post_gallery_size":"crop-500"}],"trending_post":"0","trending_post_position":"meta","trending_post_label":"Trending","sponsored_post":"0","sponsored_post_label":"Sponsored by","sponsored_post_name":"","sponsored_post_url":"","sponsored_post_logo_enable":"0","sponsored_post_logo":"","sponsored_post_desc":"","disable_ad":"0"},"jnews_primary_category":{"id":"","hide":""},"footnotes":""},"categories":[23],"tags":[],"class_list":["post-3999","post","type-post","status-publish","format-standard","has-post-thumbnail","hentry","category-frotas"],"yoast_head":"<!-- This site is optimized with the Yoast SEO Premium plugin v27.5 (Yoast SEO v27.5) - https:\/\/yoast.com\/product\/yoast-seo-premium-wordpress\/ -->\n<title>Litocar inaugura novas instala\u00e7\u00f5es Volvo em Viseu - Revista Automotive<\/title>\n<meta name=\"description\" content=\"A Litocar inaugurou o seu concession\u00e1rio Volvo em Viseu, para melhor acolher os seus clientes, A Litocar inaugurou o seu concession\u00e1rio Volvo\" \/>\n<meta name=\"robots\" content=\"index, follow, max-snippet:-1, max-image-preview:large, max-video-preview:-1\" \/>\n<link rel=\"canonical\" href=\"https:\/\/automotiverevista.pt\/index.php\/2023\/09\/22\/litocar-inaugura-novas-instalacoes-volvo-em-viseu\/\" \/>\n<meta property=\"og:locale\" content=\"pt_PT\" \/>\n<meta property=\"og:type\" content=\"article\" \/>\n<meta property=\"og:title\" content=\"Litocar inaugura novas instala\u00e7\u00f5es Volvo em Viseu\" \/>\n<meta property=\"og:description\" content=\"A Litocar inaugurou o seu concession\u00e1rio Volvo em Viseu, para melhor acolher os seus clientes, A Litocar inaugurou o seu concession\u00e1rio Volvo\" \/>\n<meta property=\"og:url\" content=\"https:\/\/automotiverevista.pt\/index.php\/2023\/09\/22\/litocar-inaugura-novas-instalacoes-volvo-em-viseu\/\" \/>\n<meta property=\"og:site_name\" content=\"Revista Automotive\" \/>\n<meta property=\"article:published_time\" content=\"2023-09-22T09:41:40+00:00\" \/>\n<meta property=\"article:modified_time\" content=\"2023-09-22T09:41:46+00:00\" \/>\n<meta property=\"og:image\" content=\"https:\/\/automotiverevista.pt\/wp-content\/uploads\/2023\/09\/1695291148531.jpg\" \/>\n\t<meta property=\"og:image:width\" content=\"1600\" \/>\n\t<meta property=\"og:image:height\" content=\"1064\" \/>\n\t<meta property=\"og:image:type\" content=\"image\/jpeg\" \/>\n<meta name=\"author\" content=\"adminNovo\" \/>\n<meta name=\"twitter:card\" content=\"summary_large_image\" \/>\n<meta name=\"twitter:label1\" content=\"Escrito por\" \/>\n\t<meta name=\"twitter:data1\" content=\"adminNovo\" \/>\n\t<meta name=\"twitter:label2\" content=\"Tempo estimado de leitura\" \/>\n\t<meta name=\"twitter:data2\" content=\"2 minutos\" \/>\n<script type=\"application\/ld+json\" class=\"yoast-schema-graph\">{\"@context\":\"https:\\\/\\\/schema.org\",\"@graph\":[{\"@type\":\"Article\",\"@id\":\"https:\\\/\\\/automotiverevista.pt\\\/index.php\\\/2023\\\/09\\\/22\\\/litocar-inaugura-novas-instalacoes-volvo-em-viseu\\\/#article\",\"isPartOf\":{\"@id\":\"https:\\\/\\\/automotiverevista.pt\\\/index.php\\\/2023\\\/09\\\/22\\\/litocar-inaugura-novas-instalacoes-volvo-em-viseu\\\/\"},\"author\":{\"name\":\"adminNovo\",\"@id\":\"https:\\\/\\\/automotiverevista.pt\\\/#\\\/schema\\\/person\\\/1265858bc8c78a0f969de814da8be281\"},\"headline\":\"Litocar inaugura novas instala\u00e7\u00f5es Volvo em Viseu\",\"datePublished\":\"2023-09-22T09:41:40+00:00\",\"dateModified\":\"2023-09-22T09:41:46+00:00\",\"mainEntityOfPage\":{\"@id\":\"https:\\\/\\\/automotiverevista.pt\\\/index.php\\\/2023\\\/09\\\/22\\\/litocar-inaugura-novas-instalacoes-volvo-em-viseu\\\/\"},\"wordCount\":226,\"publisher\":{\"@id\":\"https:\\\/\\\/automotiverevista.pt\\\/#organization\"},\"image\":{\"@id\":\"https:\\\/\\\/automotiverevista.pt\\\/index.php\\\/2023\\\/09\\\/22\\\/litocar-inaugura-novas-instalacoes-volvo-em-viseu\\\/#primaryimage\"},\"thumbnailUrl\":\"https:\\\/\\\/automotiverevista.pt\\\/wp-content\\\/uploads\\\/2023\\\/09\\\/1695291148531.jpg\",\"articleSection\":[\"Frotas\"],\"inLanguage\":\"pt-PT\"},{\"@type\":\"WebPage\",\"@id\":\"https:\\\/\\\/automotiverevista.pt\\\/index.php\\\/2023\\\/09\\\/22\\\/litocar-inaugura-novas-instalacoes-volvo-em-viseu\\\/\",\"url\":\"https:\\\/\\\/automotiverevista.pt\\\/index.php\\\/2023\\\/09\\\/22\\\/litocar-inaugura-novas-instalacoes-volvo-em-viseu\\\/\",\"name\":\"Litocar inaugura novas instala\u00e7\u00f5es Volvo em Viseu - Revista Automotive\",\"isPartOf\":{\"@id\":\"https:\\\/\\\/automotiverevista.pt\\\/#website\"},\"primaryImageOfPage\":{\"@id\":\"https:\\\/\\\/automotiverevista.pt\\\/index.php\\\/2023\\\/09\\\/22\\\/litocar-inaugura-novas-instalacoes-volvo-em-viseu\\\/#primaryimage\"},\"image\":{\"@id\":\"https:\\\/\\\/automotiverevista.pt\\\/index.php\\\/2023\\\/09\\\/22\\\/litocar-inaugura-novas-instalacoes-volvo-em-viseu\\\/#primaryimage\"},\"thumbnailUrl\":\"https:\\\/\\\/automotiverevista.pt\\\/wp-content\\\/uploads\\\/2023\\\/09\\\/1695291148531.jpg\",\"datePublished\":\"2023-09-22T09:41:40+00:00\",\"dateModified\":\"2023-09-22T09:41:46+00:00\",\"description\":\"A Litocar inaugurou o seu concession\u00e1rio Volvo em Viseu, para melhor acolher os seus clientes, A Litocar inaugurou o seu concession\u00e1rio Volvo\",\"breadcrumb\":{\"@id\":\"https:\\\/\\\/automotiverevista.pt\\\/index.php\\\/2023\\\/09\\\/22\\\/litocar-inaugura-novas-instalacoes-volvo-em-viseu\\\/#breadcrumb\"},\"inLanguage\":\"pt-PT\",\"potentialAction\":[{\"@type\":\"ReadAction\",\"target\":[\"https:\\\/\\\/automotiverevista.pt\\\/index.php\\\/2023\\\/09\\\/22\\\/litocar-inaugura-novas-instalacoes-volvo-em-viseu\\\/\"]}]},{\"@type\":\"ImageObject\",\"inLanguage\":\"pt-PT\",\"@id\":\"https:\\\/\\\/automotiverevista.pt\\\/index.php\\\/2023\\\/09\\\/22\\\/litocar-inaugura-novas-instalacoes-volvo-em-viseu\\\/#primaryimage\",\"url\":\"https:\\\/\\\/automotiverevista.pt\\\/wp-content\\\/uploads\\\/2023\\\/09\\\/1695291148531.jpg\",\"contentUrl\":\"https:\\\/\\\/automotiverevista.pt\\\/wp-content\\\/uploads\\\/2023\\\/09\\\/1695291148531.jpg\",\"width\":1600,\"height\":1064},{\"@type\":\"BreadcrumbList\",\"@id\":\"https:\\\/\\\/automotiverevista.pt\\\/index.php\\\/2023\\\/09\\\/22\\\/litocar-inaugura-novas-instalacoes-volvo-em-viseu\\\/#breadcrumb\",\"itemListElement\":[{\"@type\":\"ListItem\",\"position\":1,\"name\":\"Home\",\"item\":\"https:\\\/\\\/automotiverevista.pt\\\/\"},{\"@type\":\"ListItem\",\"position\":2,\"name\":\"Litocar inaugura novas instala\u00e7\u00f5es Volvo em Viseu\"}]},{\"@type\":\"WebSite\",\"@id\":\"https:\\\/\\\/automotiverevista.pt\\\/#website\",\"url\":\"https:\\\/\\\/automotiverevista.pt\\\/\",\"name\":\"Revista Automotive\",\"description\":\"Revista Automotive Portugal\",\"publisher\":{\"@id\":\"https:\\\/\\\/automotiverevista.pt\\\/#organization\"},\"potentialAction\":[{\"@type\":\"SearchAction\",\"target\":{\"@type\":\"EntryPoint\",\"urlTemplate\":\"https:\\\/\\\/automotiverevista.pt\\\/?s={search_term_string}\"},\"query-input\":{\"@type\":\"PropertyValueSpecification\",\"valueRequired\":true,\"valueName\":\"search_term_string\"}}],\"inLanguage\":\"pt-PT\"},{\"@type\":\"Organization\",\"@id\":\"https:\\\/\\\/automotiverevista.pt\\\/#organization\",\"name\":\"Revista Automotive Portugal\",\"url\":\"https:\\\/\\\/automotiverevista.pt\\\/\",\"logo\":{\"@type\":\"ImageObject\",\"inLanguage\":\"pt-PT\",\"@id\":\"https:\\\/\\\/automotiverevista.pt\\\/#\\\/schema\\\/logo\\\/image\\\/\",\"url\":\"https:\\\/\\\/automotiverevista.pt\\\/wp-content\\\/uploads\\\/2022\\\/07\\\/Logo-Automotive-2021_500-1.jpg\",\"contentUrl\":\"https:\\\/\\\/automotiverevista.pt\\\/wp-content\\\/uploads\\\/2022\\\/07\\\/Logo-Automotive-2021_500-1.jpg\",\"width\":500,\"height\":160,\"caption\":\"Revista Automotive Portugal\"},\"image\":{\"@id\":\"https:\\\/\\\/automotiverevista.pt\\\/#\\\/schema\\\/logo\\\/image\\\/\"},\"sameAs\":[\"https:\\\/\\\/linkedin.com\\\/in\\\/automotiverevista\"]},{\"@type\":\"Person\",\"@id\":\"https:\\\/\\\/automotiverevista.pt\\\/#\\\/schema\\\/person\\\/1265858bc8c78a0f969de814da8be281\",\"name\":\"adminNovo\",\"image\":{\"@type\":\"ImageObject\",\"inLanguage\":\"pt-PT\",\"@id\":\"https:\\\/\\\/secure.gravatar.com\\\/avatar\\\/c606c1288dcc11eb4c709aa5136fdb962583c410f5c23c0b7bf6917c542be355?s=96&d=mm&r=g\",\"url\":\"https:\\\/\\\/secure.gravatar.com\\\/avatar\\\/c606c1288dcc11eb4c709aa5136fdb962583c410f5c23c0b7bf6917c542be355?s=96&d=mm&r=g\",\"contentUrl\":\"https:\\\/\\\/secure.gravatar.com\\\/avatar\\\/c606c1288dcc11eb4c709aa5136fdb962583c410f5c23c0b7bf6917c542be355?s=96&d=mm&r=g\",\"caption\":\"adminNovo\"},\"sameAs\":[\"https:\\\/\\\/automotiverevista.pt\"],\"url\":\"https:\\\/\\\/automotiverevista.pt\\\/index.php\\\/author\\\/adminnovo\\\/\"}]}<\/script>\n<!-- \/ Yoast SEO Premium plugin. -->","yoast_head_json":{"title":"Litocar inaugura novas instala\u00e7\u00f5es Volvo em Viseu - Revista Automotive","description":"A Litocar inaugurou o seu concession\u00e1rio Volvo em Viseu, para melhor acolher os seus clientes, A Litocar inaugurou o seu concession\u00e1rio Volvo","robots":{"index":"index","follow":"follow","max-snippet":"max-snippet:-1","max-image-preview":"max-image-preview:large","max-video-preview":"max-video-preview:-1"},"canonical":"https:\/\/automotiverevista.pt\/index.php\/2023\/09\/22\/litocar-inaugura-novas-instalacoes-volvo-em-viseu\/","og_locale":"pt_PT","og_type":"article","og_title":"Litocar inaugura novas instala\u00e7\u00f5es Volvo em Viseu","og_description":"A Litocar inaugurou o seu concession\u00e1rio Volvo em Viseu, para melhor acolher os seus clientes, A Litocar inaugurou o seu concession\u00e1rio Volvo","og_url":"https:\/\/automotiverevista.pt\/index.php\/2023\/09\/22\/litocar-inaugura-novas-instalacoes-volvo-em-viseu\/","og_site_name":"Revista Automotive","article_published_time":"2023-09-22T09:41:40+00:00","article_modified_time":"2023-09-22T09:41:46+00:00","og_image":[{"width":1600,"height":1064,"url":"https:\/\/automotiverevista.pt\/wp-content\/uploads\/2023\/09\/1695291148531.jpg","type":"image\/jpeg"}],"author":"adminNovo","twitter_card":"summary_large_image","twitter_misc":{"Escrito por":"adminNovo","Tempo estimado de leitura":"2 minutos"},"schema":{"@context":"https:\/\/schema.org","@graph":[{"@type":"Article","@id":"https:\/\/automotiverevista.pt\/index.php\/2023\/09\/22\/litocar-inaugura-novas-instalacoes-volvo-em-viseu\/#article","isPartOf":{"@id":"https:\/\/automotiverevista.pt\/index.php\/2023\/09\/22\/litocar-inaugura-novas-instalacoes-volvo-em-viseu\/"},"author":{"name":"adminNovo","@id":"https:\/\/automotiverevista.pt\/#\/schema\/person\/1265858bc8c78a0f969de814da8be281"},"headline":"Litocar inaugura novas instala\u00e7\u00f5es Volvo em Viseu","datePublished":"2023-09-22T09:41:40+00:00","dateModified":"2023-09-22T09:41:46+00:00","mainEntityOfPage":{"@id":"https:\/\/automotiverevista.pt\/index.php\/2023\/09\/22\/litocar-inaugura-novas-instalacoes-volvo-em-viseu\/"},"wordCount":226,"publisher":{"@id":"https:\/\/automotiverevista.pt\/#organization"},"image":{"@id":"https:\/\/automotiverevista.pt\/index.php\/2023\/09\/22\/litocar-inaugura-novas-instalacoes-volvo-em-viseu\/#primaryimage"},"thumbnailUrl":"https:\/\/automotiverevista.pt\/wp-content\/uploads\/2023\/09\/1695291148531.jpg","articleSection":["Frotas"],"inLanguage":"pt-PT"},{"@type":"WebPage","@id":"https:\/\/automotiverevista.pt\/index.php\/2023\/09\/22\/litocar-inaugura-novas-instalacoes-volvo-em-viseu\/","url":"https:\/\/automotiverevista.pt\/index.php\/2023\/09\/22\/litocar-inaugura-novas-instalacoes-volvo-em-viseu\/","name":"Litocar inaugura novas instala\u00e7\u00f5es Volvo em Viseu - Revista Automotive","isPartOf":{"@id":"https:\/\/automotiverevista.pt\/#website"},"primaryImageOfPage":{"@id":"https:\/\/automotiverevista.pt\/index.php\/2023\/09\/22\/litocar-inaugura-novas-instalacoes-volvo-em-viseu\/#primaryimage"},"image":{"@id":"https:\/\/automotiverevista.pt\/index.php\/2023\/09\/22\/litocar-inaugura-novas-instalacoes-volvo-em-viseu\/#primaryimage"},"thumbnailUrl":"https:\/\/automotiverevista.pt\/wp-content\/uploads\/2023\/09\/1695291148531.jpg","datePublished":"2023-09-22T09:41:40+00:00","dateModified":"2023-09-22T09:41:46+00:00","description":"A Litocar inaugurou o seu concession\u00e1rio Volvo em Viseu, para melhor acolher os seus clientes, A Litocar inaugurou o seu concession\u00e1rio Volvo","breadcrumb":{"@id":"https:\/\/automotiverevista.pt\/index.php\/2023\/09\/22\/litocar-inaugura-novas-instalacoes-volvo-em-viseu\/#breadcrumb"},"inLanguage":"pt-PT","potentialAction":[{"@type":"ReadAction","target":["https:\/\/automotiverevista.pt\/index.php\/2023\/09\/22\/litocar-inaugura-novas-instalacoes-volvo-em-viseu\/"]}]},{"@type":"ImageObject","inLanguage":"pt-PT","@id":"https:\/\/automotiverevista.pt\/index.php\/2023\/09\/22\/litocar-inaugura-novas-instalacoes-volvo-em-viseu\/#primaryimage","url":"https:\/\/automotiverevista.pt\/wp-content\/uploads\/2023\/09\/1695291148531.jpg","contentUrl":"https:\/\/automotiverevista.pt\/wp-content\/uploads\/2023\/09\/1695291148531.jpg","width":1600,"height":1064},{"@type":"BreadcrumbList","@id":"https:\/\/automotiverevista.pt\/index.php\/2023\/09\/22\/litocar-inaugura-novas-instalacoes-volvo-em-viseu\/#breadcrumb","itemListElement":[{"@type":"ListItem","position":1,"name":"Home","item":"https:\/\/automotiverevista.pt\/"},{"@type":"ListItem","position":2,"name":"Litocar inaugura novas instala\u00e7\u00f5es Volvo em Viseu"}]},{"@type":"WebSite","@id":"https:\/\/automotiverevista.pt\/#website","url":"https:\/\/automotiverevista.pt\/","name":"Revista Automotive","description":"Revista Automotive Portugal","publisher":{"@id":"https:\/\/automotiverevista.pt\/#organization"},"potentialAction":[{"@type":"SearchAction","target":{"@type":"EntryPoint","urlTemplate":"https:\/\/automotiverevista.pt\/?s={search_term_string}"},"query-input":{"@type":"PropertyValueSpecification","valueRequired":true,"valueName":"search_term_string"}}],"inLanguage":"pt-PT"},{"@type":"Organization","@id":"https:\/\/automotiverevista.pt\/#organization","name":"Revista Automotive Portugal","url":"https:\/\/automotiverevista.pt\/","logo":{"@type":"ImageObject","inLanguage":"pt-PT","@id":"https:\/\/automotiverevista.pt\/#\/schema\/logo\/image\/","url":"https:\/\/automotiverevista.pt\/wp-content\/uploads\/2022\/07\/Logo-Automotive-2021_500-1.jpg","contentUrl":"https:\/\/automotiverevista.pt\/wp-content\/uploads\/2022\/07\/Logo-Automotive-2021_500-1.jpg","width":500,"height":160,"caption":"Revista Automotive Portugal"},"image":{"@id":"https:\/\/automotiverevista.pt\/#\/schema\/logo\/image\/"},"sameAs":["https:\/\/linkedin.com\/in\/automotiverevista"]},{"@type":"Person","@id":"https:\/\/automotiverevista.pt\/#\/schema\/person\/1265858bc8c78a0f969de814da8be281","name":"adminNovo","image":{"@type":"ImageObject","inLanguage":"pt-PT","@id":"https:\/\/secure.gravatar.com\/avatar\/c606c1288dcc11eb4c709aa5136fdb962583c410f5c23c0b7bf6917c542be355?s=96&d=mm&r=g","url":"https:\/\/secure.gravatar.com\/avatar\/c606c1288dcc11eb4c709aa5136fdb962583c410f5c23c0b7bf6917c542be355?s=96&d=mm&r=g","contentUrl":"https:\/\/secure.gravatar.com\/avatar\/c606c1288dcc11eb4c709aa5136fdb962583c410f5c23c0b7bf6917c542be355?s=96&d=mm&r=g","caption":"adminNovo"},"sameAs":["https:\/\/automotiverevista.pt"],"url":"https:\/\/automotiverevista.pt\/index.php\/author\/adminnovo\/"}]}},"_links":{"self":[{"href":"https:\/\/automotiverevista.pt\/index.php\/wp-json\/wp\/v2\/posts\/3999","targetHints":{"allow":["GET"]}}],"collection":[{"href":"https:\/\/automotiverevista.pt\/index.php\/wp-json\/wp\/v2\/posts"}],"about":[{"href":"https:\/\/automotiverevista.pt\/index.php\/wp-json\/wp\/v2\/types\/post"}],"author":[{"embeddable":true,"href":"https:\/\/automotiverevista.pt\/index.php\/wp-json\/wp\/v2\/users\/1"}],"replies":[{"embeddable":true,"href":"https:\/\/automotiverevista.pt\/index.php\/wp-json\/wp\/v2\/comments?post=3999"}],"version-history":[{"count":2,"href":"https:\/\/automotiverevista.pt\/index.php\/wp-json\/wp\/v2\/posts\/3999\/revisions"}],"predecessor-version":[{"id":4004,"href":"https:\/\/automotiverevista.pt\/index.php\/wp-json\/wp\/v2\/posts\/3999\/revisions\/4004"}],"wp:featuredmedia":[{"embeddable":true,"href":"https:\/\/automotiverevista.pt\/index.php\/wp-json\/wp\/v2\/media\/4000"}],"wp:attachment":[{"href":"https:\/\/automotiverevista.pt\/index.php\/wp-json\/wp\/v2\/media?parent=3999"}],"wp:term":[{"taxonomy":"category","embeddable":true,"href":"https:\/\/automotiverevista.pt\/index.php\/wp-json\/wp\/v2\/categories?post=3999"},{"taxonomy":"post_tag","embeddable":true,"href":"https:\/\/automotiverevista.pt\/index.php\/wp-json\/wp\/v2\/tags?post=3999"}],"curies":[{"name":"wp","href":"https:\/\/api.w.org\/{rel}","templated":true}]}}