{"id":4011,"date":"2023-09-25T09:35:42","date_gmt":"2023-09-25T09:35:42","guid":{"rendered":"https:\/\/automotiverevista.pt\/?p=4011"},"modified":"2023-09-25T09:35:58","modified_gmt":"2023-09-25T09:35:58","slug":"iveco-bus-disponibiliza-software-de-frotas-da-chargepoint","status":"publish","type":"post","link":"https:\/\/automotiverevista.pt\/index.php\/2023\/09\/25\/iveco-bus-disponibiliza-software-de-frotas-da-chargepoint\/","title":{"rendered":"IVECO BUS disponibiliza software de frotas da ChargePoint"},"content":{"rendered":"\n<p>A <a href=\"https:\/\/automotiverevista.pt\/index.php\/2022\/06\/10\/iveco-bus-apresenta-nova-gama-em-portugal\/\">IVECO BUS,<\/a><a href=\"https:\/\/automotiverevista.pt\/index.php\/2023\/02\/21\/iveco-bus-com-encomenda-de-150-autocarros-eletricos\/\"> refer\u00eancia europeia e<\/a>m mobilidade sustent\u00e1vel, atrav\u00e9s das suas solu\u00e7\u00f5es inovadoras para o transporte de passageiros, e a ChargePoint assinaram um acordo que permite \u00e0 IVECO BUS oferecer o portef\u00f3lio de <em>software<\/em> de frotas da ChargePoint \u00e0 sua base de clientes europeus.<\/p>\n\n\n\n<p>A experi\u00eancia combinada das duas empresas permitir\u00e1 apoiar os operadores de transportes na sua transi\u00e7\u00e3o para a eletromobilidade, disponibilizando uma oferta de primeira classe para as opera\u00e7\u00f5es das suas frotas e infraestruturas de carregamento.<\/p>\n\n\n\n<p>Esta solu\u00e7\u00e3o disponibilizar\u00e1 aos operadores dados sobre o estado dos seus ve\u00edculos, baterias e infraestruturas de carregamento, permitindo-lhes otimizar a gest\u00e3o das suas frotas. Permitir\u00e1, tamb\u00e9m, uma monitoriza\u00e7\u00e3o proativa em termos de gest\u00e3o dos carregamentos, previs\u00e3o de autonomias, planeamento otimizado de rotas de entrega e hor\u00e1rios, simplificando a gest\u00e3o das <a href=\"https:\/\/automotiverevista.pt\/index.php\/2023\/06\/01\/iveco-bus-com-100-novas-entregas-do-crossway\/\">opera\u00e7\u00f5es dos ve\u00edculos.<\/a><\/p>\n\n\n\n<p>Est\u00e3o tamb\u00e9m dispon\u00edveis uma funcionalidade de gest\u00e3o inteligente de carregamento e uma ferramenta de gest\u00e3o do centro de log\u00edstica dos ve\u00edculos, conectada com os hor\u00e1rios de funcionamento dos autocarros. Estes servi\u00e7os permitir\u00e3o uma gest\u00e3o otimizada da energia dispon\u00edvel para os carregamentos, com a consequente redu\u00e7\u00e3o dos custos para o operador.<\/p>\n\n\n\n<p>Este novo servi\u00e7o estende a oferta<a href=\"https:\/\/automotiverevista.pt\/index.php\/2022\/06\/10\/iveco-bus-apresenta-nova-gama-em-portugal\/\"> IVECO BUS<\/a> em termos de servi\u00e7os conectados IVECO ON. Os m\u00f3dulos individuais est\u00e3o dispon\u00edveis para aquisi\u00e7\u00e3o direta \u00e0 IVECO BUS, e podem ser ativados no portal IVECO ON. Esta nova oferta permite \u00e0 <a href=\"https:\/\/automotiverevista.pt\/index.php\/2022\/06\/10\/iveco-bus-apresenta-nova-gama-em-portugal\/\">IVECO BUS<\/a> fornecer aos seus clientes uma solu\u00e7\u00e3o <em>in-house<\/em> agn\u00f3stica (interoper\u00e1vel entre variados sistemas) com novas e mais alargadas funcionalidades, refor\u00e7ando a sua posi\u00e7\u00e3o como especialista em solu\u00e7\u00f5es completas de mobilidade el\u00e9trica.<\/p>\n","protected":false},"excerpt":{"rendered":"<p>A IVECO BUS, refer\u00eancia europeia em mobilidade sustent\u00e1vel, atrav\u00e9s das suas solu\u00e7\u00f5es inovadoras para o transporte de passageiros, e a ChargePoint assinaram um acordo que permite \u00e0 IVECO BUS oferecer o portef\u00f3lio de software de frotas da ChargePoint \u00e0 sua base de clientes europeus. A experi\u00eancia combinada das duas empresas permitir\u00e1 apoiar os operadores de [&hellip;]<\/p>\n","protected":false},"author":1,"featured_media":4012,"comment_status":"closed","ping_status":"open","sticky":false,"template":"","format":"standard","meta":{"jnews-multi-image_gallery":[],"jnews_single_post":{"subtitle":"","format":"standard","video":"","gallery":"","source_name":"","source_url":"","via_name":"","via_url":"","override_template":"0","override":[{"template":"2","single_blog_custom":"","parallax":"1","fullscreen":"1","layout":"right-sidebar","sidebar":"default-sidebar","second_sidebar":"default-sidebar","sticky_sidebar":"1","share_position":"topbottom","share_float_style":"share-monocrhome","show_share_counter":"0","show_view_counter":"0","show_featured":"1","show_post_meta":"1","show_post_author":"0","show_post_author_image":"1","show_post_date":"1","post_date_format":"default","post_date_format_custom":"Y\/m\/d","show_post_category":"1","show_post_reading_time":"0","post_reading_time_wpm":"300","show_zoom_button":"0","zoom_button_out_step":"2","zoom_button_in_step":"3","show_post_tag":"1","show_prev_next_post":"0","show_popup_post":"1","number_popup_post":"1","show_author_box":"0","show_post_related":"1","show_inline_post_related":"1"}],"override_image_size":"0","image_override":[{"single_post_thumbnail_size":"crop-500","single_post_gallery_size":"crop-500"}],"trending_post":"0","trending_post_position":"meta","trending_post_label":"Trending","sponsored_post":"0","sponsored_post_label":"Sponsored by","sponsored_post_name":"","sponsored_post_url":"","sponsored_post_logo_enable":"0","sponsored_post_logo":"","sponsored_post_desc":"","disable_ad":"0"},"jnews_primary_category":{"id":"","hide":""},"footnotes":""},"categories":[25],"tags":[],"class_list":["post-4011","post","type-post","status-publish","format-standard","has-post-thumbnail","hentry","category-pesados-e-maquinas"],"yoast_head":"<!-- This site is optimized with the Yoast SEO Premium plugin v27.2 (Yoast SEO v27.5) - https:\/\/yoast.com\/product\/yoast-seo-premium-wordpress\/ -->\n<title>IVECO BUS disponibiliza software de frotas da ChargePoint - Revista Automotive<\/title>\n<meta name=\"description\" content=\"A IVECO BUS, europeia em mobilidade sustent\u00e1vel, atrav\u00e9s das suas solu\u00e7\u00f5es inovadoras para o transporte de passageiros, e a ChargePoint\" \/>\n<meta name=\"robots\" content=\"index, follow, max-snippet:-1, max-image-preview:large, max-video-preview:-1\" \/>\n<link rel=\"canonical\" href=\"https:\/\/automotiverevista.pt\/index.php\/2023\/09\/25\/iveco-bus-disponibiliza-software-de-frotas-da-chargepoint\/\" \/>\n<meta property=\"og:locale\" content=\"pt_PT\" \/>\n<meta property=\"og:type\" content=\"article\" \/>\n<meta property=\"og:title\" content=\"IVECO BUS disponibiliza software de frotas da ChargePoint\" \/>\n<meta property=\"og:description\" content=\"A IVECO BUS, europeia em mobilidade sustent\u00e1vel, atrav\u00e9s das suas solu\u00e7\u00f5es inovadoras para o transporte de passageiros, e a ChargePoint\" \/>\n<meta property=\"og:url\" content=\"https:\/\/automotiverevista.pt\/index.php\/2023\/09\/25\/iveco-bus-disponibiliza-software-de-frotas-da-chargepoint\/\" \/>\n<meta property=\"og:site_name\" content=\"Revista Automotive\" \/>\n<meta property=\"article:published_time\" content=\"2023-09-25T09:35:42+00:00\" \/>\n<meta property=\"article:modified_time\" content=\"2023-09-25T09:35:58+00:00\" \/>\n<meta property=\"og:image\" content=\"https:\/\/automotiverevista.pt\/wp-content\/uploads\/2023\/09\/2023_09_19_iveco_bus_chargepoint_20230919.jpg\" \/>\n\t<meta property=\"og:image:width\" content=\"2475\" \/>\n\t<meta property=\"og:image:height\" content=\"2475\" \/>\n\t<meta property=\"og:image:type\" content=\"image\/jpeg\" \/>\n<meta name=\"author\" content=\"adminNovo\" \/>\n<meta name=\"twitter:card\" content=\"summary_large_image\" \/>\n<meta name=\"twitter:label1\" content=\"Escrito por\" \/>\n\t<meta name=\"twitter:data1\" content=\"adminNovo\" \/>\n\t<meta name=\"twitter:label2\" content=\"Tempo estimado de leitura\" \/>\n\t<meta name=\"twitter:data2\" content=\"2 minutos\" \/>\n<script type=\"application\/ld+json\" class=\"yoast-schema-graph\">{\"@context\":\"https:\\\/\\\/schema.org\",\"@graph\":[{\"@type\":\"Article\",\"@id\":\"https:\\\/\\\/automotiverevista.pt\\\/index.php\\\/2023\\\/09\\\/25\\\/iveco-bus-disponibiliza-software-de-frotas-da-chargepoint\\\/#article\",\"isPartOf\":{\"@id\":\"https:\\\/\\\/automotiverevista.pt\\\/index.php\\\/2023\\\/09\\\/25\\\/iveco-bus-disponibiliza-software-de-frotas-da-chargepoint\\\/\"},\"author\":{\"name\":\"adminNovo\",\"@id\":\"https:\\\/\\\/automotiverevista.pt\\\/#\\\/schema\\\/person\\\/1265858bc8c78a0f969de814da8be281\"},\"headline\":\"IVECO BUS disponibiliza software de frotas da ChargePoint\",\"datePublished\":\"2023-09-25T09:35:42+00:00\",\"dateModified\":\"2023-09-25T09:35:58+00:00\",\"mainEntityOfPage\":{\"@id\":\"https:\\\/\\\/automotiverevista.pt\\\/index.php\\\/2023\\\/09\\\/25\\\/iveco-bus-disponibiliza-software-de-frotas-da-chargepoint\\\/\"},\"wordCount\":301,\"publisher\":{\"@id\":\"https:\\\/\\\/automotiverevista.pt\\\/#organization\"},\"image\":{\"@id\":\"https:\\\/\\\/automotiverevista.pt\\\/index.php\\\/2023\\\/09\\\/25\\\/iveco-bus-disponibiliza-software-de-frotas-da-chargepoint\\\/#primaryimage\"},\"thumbnailUrl\":\"https:\\\/\\\/automotiverevista.pt\\\/wp-content\\\/uploads\\\/2023\\\/09\\\/2023_09_19_iveco_bus_chargepoint_20230919.jpg\",\"articleSection\":[\"Pesados e M\u00e1quinas\"],\"inLanguage\":\"pt-PT\"},{\"@type\":\"WebPage\",\"@id\":\"https:\\\/\\\/automotiverevista.pt\\\/index.php\\\/2023\\\/09\\\/25\\\/iveco-bus-disponibiliza-software-de-frotas-da-chargepoint\\\/\",\"url\":\"https:\\\/\\\/automotiverevista.pt\\\/index.php\\\/2023\\\/09\\\/25\\\/iveco-bus-disponibiliza-software-de-frotas-da-chargepoint\\\/\",\"name\":\"IVECO BUS disponibiliza software de frotas da ChargePoint - Revista Automotive\",\"isPartOf\":{\"@id\":\"https:\\\/\\\/automotiverevista.pt\\\/#website\"},\"primaryImageOfPage\":{\"@id\":\"https:\\\/\\\/automotiverevista.pt\\\/index.php\\\/2023\\\/09\\\/25\\\/iveco-bus-disponibiliza-software-de-frotas-da-chargepoint\\\/#primaryimage\"},\"image\":{\"@id\":\"https:\\\/\\\/automotiverevista.pt\\\/index.php\\\/2023\\\/09\\\/25\\\/iveco-bus-disponibiliza-software-de-frotas-da-chargepoint\\\/#primaryimage\"},\"thumbnailUrl\":\"https:\\\/\\\/automotiverevista.pt\\\/wp-content\\\/uploads\\\/2023\\\/09\\\/2023_09_19_iveco_bus_chargepoint_20230919.jpg\",\"datePublished\":\"2023-09-25T09:35:42+00:00\",\"dateModified\":\"2023-09-25T09:35:58+00:00\",\"description\":\"A IVECO BUS, europeia em mobilidade sustent\u00e1vel, atrav\u00e9s das suas solu\u00e7\u00f5es inovadoras para o transporte de passageiros, e a ChargePoint\",\"breadcrumb\":{\"@id\":\"https:\\\/\\\/automotiverevista.pt\\\/index.php\\\/2023\\\/09\\\/25\\\/iveco-bus-disponibiliza-software-de-frotas-da-chargepoint\\\/#breadcrumb\"},\"inLanguage\":\"pt-PT\",\"potentialAction\":[{\"@type\":\"ReadAction\",\"target\":[\"https:\\\/\\\/automotiverevista.pt\\\/index.php\\\/2023\\\/09\\\/25\\\/iveco-bus-disponibiliza-software-de-frotas-da-chargepoint\\\/\"]}]},{\"@type\":\"ImageObject\",\"inLanguage\":\"pt-PT\",\"@id\":\"https:\\\/\\\/automotiverevista.pt\\\/index.php\\\/2023\\\/09\\\/25\\\/iveco-bus-disponibiliza-software-de-frotas-da-chargepoint\\\/#primaryimage\",\"url\":\"https:\\\/\\\/automotiverevista.pt\\\/wp-content\\\/uploads\\\/2023\\\/09\\\/2023_09_19_iveco_bus_chargepoint_20230919.jpg\",\"contentUrl\":\"https:\\\/\\\/automotiverevista.pt\\\/wp-content\\\/uploads\\\/2023\\\/09\\\/2023_09_19_iveco_bus_chargepoint_20230919.jpg\",\"width\":2475,\"height\":2475},{\"@type\":\"BreadcrumbList\",\"@id\":\"https:\\\/\\\/automotiverevista.pt\\\/index.php\\\/2023\\\/09\\\/25\\\/iveco-bus-disponibiliza-software-de-frotas-da-chargepoint\\\/#breadcrumb\",\"itemListElement\":[{\"@type\":\"ListItem\",\"position\":1,\"name\":\"Home\",\"item\":\"https:\\\/\\\/automotiverevista.pt\\\/\"},{\"@type\":\"ListItem\",\"position\":2,\"name\":\"IVECO BUS disponibiliza software de frotas da ChargePoint\"}]},{\"@type\":\"WebSite\",\"@id\":\"https:\\\/\\\/automotiverevista.pt\\\/#website\",\"url\":\"https:\\\/\\\/automotiverevista.pt\\\/\",\"name\":\"Revista Automotive\",\"description\":\"Revista Automotive Portugal\",\"publisher\":{\"@id\":\"https:\\\/\\\/automotiverevista.pt\\\/#organization\"},\"potentialAction\":[{\"@type\":\"SearchAction\",\"target\":{\"@type\":\"EntryPoint\",\"urlTemplate\":\"https:\\\/\\\/automotiverevista.pt\\\/?s={search_term_string}\"},\"query-input\":{\"@type\":\"PropertyValueSpecification\",\"valueRequired\":true,\"valueName\":\"search_term_string\"}}],\"inLanguage\":\"pt-PT\"},{\"@type\":\"Organization\",\"@id\":\"https:\\\/\\\/automotiverevista.pt\\\/#organization\",\"name\":\"Revista Automotive Portugal\",\"url\":\"https:\\\/\\\/automotiverevista.pt\\\/\",\"logo\":{\"@type\":\"ImageObject\",\"inLanguage\":\"pt-PT\",\"@id\":\"https:\\\/\\\/automotiverevista.pt\\\/#\\\/schema\\\/logo\\\/image\\\/\",\"url\":\"https:\\\/\\\/automotiverevista.pt\\\/wp-content\\\/uploads\\\/2022\\\/07\\\/Logo-Automotive-2021_500-1.jpg\",\"contentUrl\":\"https:\\\/\\\/automotiverevista.pt\\\/wp-content\\\/uploads\\\/2022\\\/07\\\/Logo-Automotive-2021_500-1.jpg\",\"width\":500,\"height\":160,\"caption\":\"Revista Automotive Portugal\"},\"image\":{\"@id\":\"https:\\\/\\\/automotiverevista.pt\\\/#\\\/schema\\\/logo\\\/image\\\/\"},\"sameAs\":[\"https:\\\/\\\/linkedin.com\\\/in\\\/automotiverevista\"]},{\"@type\":\"Person\",\"@id\":\"https:\\\/\\\/automotiverevista.pt\\\/#\\\/schema\\\/person\\\/1265858bc8c78a0f969de814da8be281\",\"name\":\"adminNovo\",\"image\":{\"@type\":\"ImageObject\",\"inLanguage\":\"pt-PT\",\"@id\":\"https:\\\/\\\/secure.gravatar.com\\\/avatar\\\/c606c1288dcc11eb4c709aa5136fdb962583c410f5c23c0b7bf6917c542be355?s=96&d=mm&r=g\",\"url\":\"https:\\\/\\\/secure.gravatar.com\\\/avatar\\\/c606c1288dcc11eb4c709aa5136fdb962583c410f5c23c0b7bf6917c542be355?s=96&d=mm&r=g\",\"contentUrl\":\"https:\\\/\\\/secure.gravatar.com\\\/avatar\\\/c606c1288dcc11eb4c709aa5136fdb962583c410f5c23c0b7bf6917c542be355?s=96&d=mm&r=g\",\"caption\":\"adminNovo\"},\"sameAs\":[\"https:\\\/\\\/automotiverevista.pt\"],\"url\":\"https:\\\/\\\/automotiverevista.pt\\\/index.php\\\/author\\\/adminnovo\\\/\"}]}<\/script>\n<!-- \/ Yoast SEO Premium plugin. -->","yoast_head_json":{"title":"IVECO BUS disponibiliza software de frotas da ChargePoint - Revista Automotive","description":"A IVECO BUS, europeia em mobilidade sustent\u00e1vel, atrav\u00e9s das suas solu\u00e7\u00f5es inovadoras para o transporte de passageiros, e a ChargePoint","robots":{"index":"index","follow":"follow","max-snippet":"max-snippet:-1","max-image-preview":"max-image-preview:large","max-video-preview":"max-video-preview:-1"},"canonical":"https:\/\/automotiverevista.pt\/index.php\/2023\/09\/25\/iveco-bus-disponibiliza-software-de-frotas-da-chargepoint\/","og_locale":"pt_PT","og_type":"article","og_title":"IVECO BUS disponibiliza software de frotas da ChargePoint","og_description":"A IVECO BUS, europeia em mobilidade sustent\u00e1vel, atrav\u00e9s das suas solu\u00e7\u00f5es inovadoras para o transporte de passageiros, e a ChargePoint","og_url":"https:\/\/automotiverevista.pt\/index.php\/2023\/09\/25\/iveco-bus-disponibiliza-software-de-frotas-da-chargepoint\/","og_site_name":"Revista Automotive","article_published_time":"2023-09-25T09:35:42+00:00","article_modified_time":"2023-09-25T09:35:58+00:00","og_image":[{"width":2475,"height":2475,"url":"https:\/\/automotiverevista.pt\/wp-content\/uploads\/2023\/09\/2023_09_19_iveco_bus_chargepoint_20230919.jpg","type":"image\/jpeg"}],"author":"adminNovo","twitter_card":"summary_large_image","twitter_misc":{"Escrito por":"adminNovo","Tempo estimado de leitura":"2 minutos"},"schema":{"@context":"https:\/\/schema.org","@graph":[{"@type":"Article","@id":"https:\/\/automotiverevista.pt\/index.php\/2023\/09\/25\/iveco-bus-disponibiliza-software-de-frotas-da-chargepoint\/#article","isPartOf":{"@id":"https:\/\/automotiverevista.pt\/index.php\/2023\/09\/25\/iveco-bus-disponibiliza-software-de-frotas-da-chargepoint\/"},"author":{"name":"adminNovo","@id":"https:\/\/automotiverevista.pt\/#\/schema\/person\/1265858bc8c78a0f969de814da8be281"},"headline":"IVECO BUS disponibiliza software de frotas da ChargePoint","datePublished":"2023-09-25T09:35:42+00:00","dateModified":"2023-09-25T09:35:58+00:00","mainEntityOfPage":{"@id":"https:\/\/automotiverevista.pt\/index.php\/2023\/09\/25\/iveco-bus-disponibiliza-software-de-frotas-da-chargepoint\/"},"wordCount":301,"publisher":{"@id":"https:\/\/automotiverevista.pt\/#organization"},"image":{"@id":"https:\/\/automotiverevista.pt\/index.php\/2023\/09\/25\/iveco-bus-disponibiliza-software-de-frotas-da-chargepoint\/#primaryimage"},"thumbnailUrl":"https:\/\/automotiverevista.pt\/wp-content\/uploads\/2023\/09\/2023_09_19_iveco_bus_chargepoint_20230919.jpg","articleSection":["Pesados e M\u00e1quinas"],"inLanguage":"pt-PT"},{"@type":"WebPage","@id":"https:\/\/automotiverevista.pt\/index.php\/2023\/09\/25\/iveco-bus-disponibiliza-software-de-frotas-da-chargepoint\/","url":"https:\/\/automotiverevista.pt\/index.php\/2023\/09\/25\/iveco-bus-disponibiliza-software-de-frotas-da-chargepoint\/","name":"IVECO BUS disponibiliza software de frotas da ChargePoint - Revista Automotive","isPartOf":{"@id":"https:\/\/automotiverevista.pt\/#website"},"primaryImageOfPage":{"@id":"https:\/\/automotiverevista.pt\/index.php\/2023\/09\/25\/iveco-bus-disponibiliza-software-de-frotas-da-chargepoint\/#primaryimage"},"image":{"@id":"https:\/\/automotiverevista.pt\/index.php\/2023\/09\/25\/iveco-bus-disponibiliza-software-de-frotas-da-chargepoint\/#primaryimage"},"thumbnailUrl":"https:\/\/automotiverevista.pt\/wp-content\/uploads\/2023\/09\/2023_09_19_iveco_bus_chargepoint_20230919.jpg","datePublished":"2023-09-25T09:35:42+00:00","dateModified":"2023-09-25T09:35:58+00:00","description":"A IVECO BUS, europeia em mobilidade sustent\u00e1vel, atrav\u00e9s das suas solu\u00e7\u00f5es inovadoras para o transporte de passageiros, e a ChargePoint","breadcrumb":{"@id":"https:\/\/automotiverevista.pt\/index.php\/2023\/09\/25\/iveco-bus-disponibiliza-software-de-frotas-da-chargepoint\/#breadcrumb"},"inLanguage":"pt-PT","potentialAction":[{"@type":"ReadAction","target":["https:\/\/automotiverevista.pt\/index.php\/2023\/09\/25\/iveco-bus-disponibiliza-software-de-frotas-da-chargepoint\/"]}]},{"@type":"ImageObject","inLanguage":"pt-PT","@id":"https:\/\/automotiverevista.pt\/index.php\/2023\/09\/25\/iveco-bus-disponibiliza-software-de-frotas-da-chargepoint\/#primaryimage","url":"https:\/\/automotiverevista.pt\/wp-content\/uploads\/2023\/09\/2023_09_19_iveco_bus_chargepoint_20230919.jpg","contentUrl":"https:\/\/automotiverevista.pt\/wp-content\/uploads\/2023\/09\/2023_09_19_iveco_bus_chargepoint_20230919.jpg","width":2475,"height":2475},{"@type":"BreadcrumbList","@id":"https:\/\/automotiverevista.pt\/index.php\/2023\/09\/25\/iveco-bus-disponibiliza-software-de-frotas-da-chargepoint\/#breadcrumb","itemListElement":[{"@type":"ListItem","position":1,"name":"Home","item":"https:\/\/automotiverevista.pt\/"},{"@type":"ListItem","position":2,"name":"IVECO BUS disponibiliza software de frotas da ChargePoint"}]},{"@type":"WebSite","@id":"https:\/\/automotiverevista.pt\/#website","url":"https:\/\/automotiverevista.pt\/","name":"Revista Automotive","description":"Revista Automotive Portugal","publisher":{"@id":"https:\/\/automotiverevista.pt\/#organization"},"potentialAction":[{"@type":"SearchAction","target":{"@type":"EntryPoint","urlTemplate":"https:\/\/automotiverevista.pt\/?s={search_term_string}"},"query-input":{"@type":"PropertyValueSpecification","valueRequired":true,"valueName":"search_term_string"}}],"inLanguage":"pt-PT"},{"@type":"Organization","@id":"https:\/\/automotiverevista.pt\/#organization","name":"Revista Automotive Portugal","url":"https:\/\/automotiverevista.pt\/","logo":{"@type":"ImageObject","inLanguage":"pt-PT","@id":"https:\/\/automotiverevista.pt\/#\/schema\/logo\/image\/","url":"https:\/\/automotiverevista.pt\/wp-content\/uploads\/2022\/07\/Logo-Automotive-2021_500-1.jpg","contentUrl":"https:\/\/automotiverevista.pt\/wp-content\/uploads\/2022\/07\/Logo-Automotive-2021_500-1.jpg","width":500,"height":160,"caption":"Revista Automotive Portugal"},"image":{"@id":"https:\/\/automotiverevista.pt\/#\/schema\/logo\/image\/"},"sameAs":["https:\/\/linkedin.com\/in\/automotiverevista"]},{"@type":"Person","@id":"https:\/\/automotiverevista.pt\/#\/schema\/person\/1265858bc8c78a0f969de814da8be281","name":"adminNovo","image":{"@type":"ImageObject","inLanguage":"pt-PT","@id":"https:\/\/secure.gravatar.com\/avatar\/c606c1288dcc11eb4c709aa5136fdb962583c410f5c23c0b7bf6917c542be355?s=96&d=mm&r=g","url":"https:\/\/secure.gravatar.com\/avatar\/c606c1288dcc11eb4c709aa5136fdb962583c410f5c23c0b7bf6917c542be355?s=96&d=mm&r=g","contentUrl":"https:\/\/secure.gravatar.com\/avatar\/c606c1288dcc11eb4c709aa5136fdb962583c410f5c23c0b7bf6917c542be355?s=96&d=mm&r=g","caption":"adminNovo"},"sameAs":["https:\/\/automotiverevista.pt"],"url":"https:\/\/automotiverevista.pt\/index.php\/author\/adminnovo\/"}]}},"_links":{"self":[{"href":"https:\/\/automotiverevista.pt\/index.php\/wp-json\/wp\/v2\/posts\/4011","targetHints":{"allow":["GET"]}}],"collection":[{"href":"https:\/\/automotiverevista.pt\/index.php\/wp-json\/wp\/v2\/posts"}],"about":[{"href":"https:\/\/automotiverevista.pt\/index.php\/wp-json\/wp\/v2\/types\/post"}],"author":[{"embeddable":true,"href":"https:\/\/automotiverevista.pt\/index.php\/wp-json\/wp\/v2\/users\/1"}],"replies":[{"embeddable":true,"href":"https:\/\/automotiverevista.pt\/index.php\/wp-json\/wp\/v2\/comments?post=4011"}],"version-history":[{"count":2,"href":"https:\/\/automotiverevista.pt\/index.php\/wp-json\/wp\/v2\/posts\/4011\/revisions"}],"predecessor-version":[{"id":4014,"href":"https:\/\/automotiverevista.pt\/index.php\/wp-json\/wp\/v2\/posts\/4011\/revisions\/4014"}],"wp:featuredmedia":[{"embeddable":true,"href":"https:\/\/automotiverevista.pt\/index.php\/wp-json\/wp\/v2\/media\/4012"}],"wp:attachment":[{"href":"https:\/\/automotiverevista.pt\/index.php\/wp-json\/wp\/v2\/media?parent=4011"}],"wp:term":[{"taxonomy":"category","embeddable":true,"href":"https:\/\/automotiverevista.pt\/index.php\/wp-json\/wp\/v2\/categories?post=4011"},{"taxonomy":"post_tag","embeddable":true,"href":"https:\/\/automotiverevista.pt\/index.php\/wp-json\/wp\/v2\/tags?post=4011"}],"curies":[{"name":"wp","href":"https:\/\/api.w.org\/{rel}","templated":true}]}}