{"id":4024,"date":"2023-09-27T05:21:00","date_gmt":"2023-09-27T05:21:00","guid":{"rendered":"https:\/\/automotiverevista.pt\/?p=4024"},"modified":"2023-09-26T21:24:40","modified_gmt":"2023-09-26T21:24:40","slug":"krone-com-10-anos-de-producao-na-turquia","status":"publish","type":"post","link":"https:\/\/automotiverevista.pt\/index.php\/2023\/09\/27\/krone-com-10-anos-de-producao-na-turquia\/","title":{"rendered":"Krone com 10 anos de produ\u00e7\u00e3o na Turquia"},"content":{"rendered":"\n<p>Este ano, a Krone comemora o d\u00e9cimo anivers\u00e1rio da f\u00e1brica da Krone em Tire (Turquia), cerca de 60 km ao sul da capital da prov\u00edncia, Izmir.<\/p>\n\n\n\n<p>Com esta localiza\u00e7\u00e3o, que complementa a produ\u00e7\u00e3o internacional, a Krone sublinha a sua abordagem geoestrat\u00e9gica. Al\u00e9m do mercado interno turco de alto volume, a f\u00e1brica abastece 31 pa\u00edses diferentes na Europa, M\u00e9dio e Extremo Oriente, \u00c1frica e Am\u00e9rica do Sul. A participa\u00e7\u00e3o das exporta\u00e7\u00f5es em 2022 foi de cerca de 63%.<\/p>\n\n\n\n<p>A f\u00e1brica foi inaugurada oficialmente em 19 de mar\u00e7o de 2013, com in\u00edcio de produ\u00e7\u00e3o j\u00e1 em 2012. Em 2022, foram produzidos 5.500 reboques, e a meta para 2023 \u00e9 de 7.000 unidades. Atualmente, mais de 500 pessoas trabalham em Tire. Al\u00e9m dos semirreboques plataforma Profi Liner e Mega Liner, s\u00e3o produzidos em Tire os chassis porta-containers Box Liner.<\/p>\n\n\n\n<figure class=\"wp-block-image size-large is-resized\"><img decoding=\"async\" src=\"https:\/\/automotiverevista.pt\/wp-content\/uploads\/2023\/09\/Capturar-1024x493.jpg\" alt=\"\" class=\"wp-image-4026\" style=\"width:838px;height:404px\" width=\"838\" height=\"404\" srcset=\"https:\/\/automotiverevista.pt\/wp-content\/uploads\/2023\/09\/Capturar-1024x493.jpg 1024w, https:\/\/automotiverevista.pt\/wp-content\/uploads\/2023\/09\/Capturar-300x145.jpg 300w, https:\/\/automotiverevista.pt\/wp-content\/uploads\/2023\/09\/Capturar-768x370.jpg 768w, https:\/\/automotiverevista.pt\/wp-content\/uploads\/2023\/09\/Capturar-1536x740.jpg 1536w, https:\/\/automotiverevista.pt\/wp-content\/uploads\/2023\/09\/Capturar-750x361.jpg 750w, https:\/\/automotiverevista.pt\/wp-content\/uploads\/2023\/09\/Capturar-1140x549.jpg 1140w, https:\/\/automotiverevista.pt\/wp-content\/uploads\/2023\/09\/Capturar.jpg 1600w\" sizes=\"(max-width: 838px) 100vw, 838px\" \/><\/figure>\n\n\n\n<p>Em 2023, a Krone modernizou completamente a \u00e1rea de produ\u00e7\u00e3o de 5.000 m2 e, em maio, a nova unidade de produ\u00e7\u00e3o de chassis de 4.800 m2 entrou em opera\u00e7\u00e3o. Atualmente a planta possui uma \u00e1rea total de 229 mil m2. Com base nestes investimentos, a Krone planeia aumentar a produ\u00e7\u00e3o na f\u00e1brica de Tire para 10.000 unidades anuais at\u00e9 2026.<\/p>\n","protected":false},"excerpt":{"rendered":"<p>Este ano, a Krone comemora o d\u00e9cimo anivers\u00e1rio da f\u00e1brica da Krone em Tire (Turquia), cerca de 60 km ao sul da capital da prov\u00edncia, Izmir. Com esta localiza\u00e7\u00e3o, que complementa a produ\u00e7\u00e3o internacional, a Krone sublinha a sua abordagem geoestrat\u00e9gica. Al\u00e9m do mercado interno turco de alto volume, a f\u00e1brica abastece 31 pa\u00edses diferentes [&hellip;]<\/p>\n","protected":false},"author":1,"featured_media":4025,"comment_status":"closed","ping_status":"open","sticky":false,"template":"","format":"standard","meta":{"jnews-multi-image_gallery":[],"jnews_single_post":{"subtitle":"","format":"standard","video":"","gallery":"","source_name":"","source_url":"","via_name":"","via_url":"","override_template":"0","override":[{"template":"2","single_blog_custom":"","parallax":"1","fullscreen":"1","layout":"right-sidebar","sidebar":"default-sidebar","second_sidebar":"default-sidebar","sticky_sidebar":"1","share_position":"topbottom","share_float_style":"share-monocrhome","show_share_counter":"0","show_view_counter":"0","show_featured":"1","show_post_meta":"1","show_post_author":"0","show_post_author_image":"1","show_post_date":"1","post_date_format":"default","post_date_format_custom":"Y\/m\/d","show_post_category":"1","show_post_reading_time":"0","post_reading_time_wpm":"300","show_zoom_button":"0","zoom_button_out_step":"2","zoom_button_in_step":"3","show_post_tag":"1","show_prev_next_post":"0","show_popup_post":"1","number_popup_post":"1","show_author_box":"0","show_post_related":"1","show_inline_post_related":"1"}],"override_image_size":"0","image_override":[{"single_post_thumbnail_size":"crop-500","single_post_gallery_size":"crop-500"}],"trending_post":"0","trending_post_position":"meta","trending_post_label":"Trending","sponsored_post":"0","sponsored_post_label":"Sponsored by","sponsored_post_name":"","sponsored_post_url":"","sponsored_post_logo_enable":"0","sponsored_post_logo":"","sponsored_post_desc":"","disable_ad":"0"},"jnews_primary_category":{"id":"","hide":""},"footnotes":""},"categories":[25],"tags":[],"class_list":["post-4024","post","type-post","status-publish","format-standard","has-post-thumbnail","hentry","category-pesados-e-maquinas"],"yoast_head":"<!-- This site is optimized with the Yoast SEO Premium plugin v27.2 (Yoast SEO v27.5) - https:\/\/yoast.com\/product\/yoast-seo-premium-wordpress\/ -->\n<title>Krone com 10 anos de produ\u00e7\u00e3o na Turquia - Revista Automotive<\/title>\n<meta name=\"description\" content=\"Este ano de 2023, a marca de semirreboques Krone comemora o d\u00e9cimo anivers\u00e1rio da f\u00e1brica da Krone em Tire (Turquia),\" \/>\n<meta name=\"robots\" content=\"index, follow, max-snippet:-1, max-image-preview:large, max-video-preview:-1\" \/>\n<link rel=\"canonical\" href=\"https:\/\/automotiverevista.pt\/index.php\/2023\/09\/27\/krone-com-10-anos-de-producao-na-turquia\/\" \/>\n<meta property=\"og:locale\" content=\"pt_PT\" \/>\n<meta property=\"og:type\" content=\"article\" \/>\n<meta property=\"og:title\" content=\"Krone com 10 anos de produ\u00e7\u00e3o na Turquia\" \/>\n<meta property=\"og:description\" content=\"Este ano de 2023, a marca de semirreboques Krone comemora o d\u00e9cimo anivers\u00e1rio da f\u00e1brica da Krone em Tire (Turquia),\" \/>\n<meta property=\"og:url\" content=\"https:\/\/automotiverevista.pt\/index.php\/2023\/09\/27\/krone-com-10-anos-de-producao-na-turquia\/\" \/>\n<meta property=\"og:site_name\" content=\"Revista Automotive\" \/>\n<meta property=\"article:published_time\" content=\"2023-09-27T05:21:00+00:00\" \/>\n<meta property=\"og:image\" content=\"https:\/\/automotiverevista.pt\/wp-content\/uploads\/2023\/09\/krone-used-logo-semirremorque_picture_428.jpg\" \/>\n\t<meta property=\"og:image:width\" content=\"1029\" \/>\n\t<meta property=\"og:image:height\" content=\"373\" \/>\n\t<meta property=\"og:image:type\" content=\"image\/jpeg\" \/>\n<meta name=\"author\" content=\"adminNovo\" \/>\n<meta name=\"twitter:card\" content=\"summary_large_image\" \/>\n<meta name=\"twitter:label1\" content=\"Escrito por\" \/>\n\t<meta name=\"twitter:data1\" content=\"adminNovo\" \/>\n\t<meta name=\"twitter:label2\" content=\"Tempo estimado de leitura\" \/>\n\t<meta name=\"twitter:data2\" content=\"2 minutos\" \/>\n<script type=\"application\/ld+json\" class=\"yoast-schema-graph\">{\"@context\":\"https:\\\/\\\/schema.org\",\"@graph\":[{\"@type\":\"Article\",\"@id\":\"https:\\\/\\\/automotiverevista.pt\\\/index.php\\\/2023\\\/09\\\/27\\\/krone-com-10-anos-de-producao-na-turquia\\\/#article\",\"isPartOf\":{\"@id\":\"https:\\\/\\\/automotiverevista.pt\\\/index.php\\\/2023\\\/09\\\/27\\\/krone-com-10-anos-de-producao-na-turquia\\\/\"},\"author\":{\"name\":\"adminNovo\",\"@id\":\"https:\\\/\\\/automotiverevista.pt\\\/#\\\/schema\\\/person\\\/1265858bc8c78a0f969de814da8be281\"},\"headline\":\"Krone com 10 anos de produ\u00e7\u00e3o na Turquia\",\"datePublished\":\"2023-09-27T05:21:00+00:00\",\"mainEntityOfPage\":{\"@id\":\"https:\\\/\\\/automotiverevista.pt\\\/index.php\\\/2023\\\/09\\\/27\\\/krone-com-10-anos-de-producao-na-turquia\\\/\"},\"wordCount\":210,\"publisher\":{\"@id\":\"https:\\\/\\\/automotiverevista.pt\\\/#organization\"},\"image\":{\"@id\":\"https:\\\/\\\/automotiverevista.pt\\\/index.php\\\/2023\\\/09\\\/27\\\/krone-com-10-anos-de-producao-na-turquia\\\/#primaryimage\"},\"thumbnailUrl\":\"https:\\\/\\\/automotiverevista.pt\\\/wp-content\\\/uploads\\\/2023\\\/09\\\/krone-used-logo-semirremorque_picture_428.jpg\",\"articleSection\":[\"Pesados e M\u00e1quinas\"],\"inLanguage\":\"pt-PT\"},{\"@type\":\"WebPage\",\"@id\":\"https:\\\/\\\/automotiverevista.pt\\\/index.php\\\/2023\\\/09\\\/27\\\/krone-com-10-anos-de-producao-na-turquia\\\/\",\"url\":\"https:\\\/\\\/automotiverevista.pt\\\/index.php\\\/2023\\\/09\\\/27\\\/krone-com-10-anos-de-producao-na-turquia\\\/\",\"name\":\"Krone com 10 anos de produ\u00e7\u00e3o na Turquia - Revista Automotive\",\"isPartOf\":{\"@id\":\"https:\\\/\\\/automotiverevista.pt\\\/#website\"},\"primaryImageOfPage\":{\"@id\":\"https:\\\/\\\/automotiverevista.pt\\\/index.php\\\/2023\\\/09\\\/27\\\/krone-com-10-anos-de-producao-na-turquia\\\/#primaryimage\"},\"image\":{\"@id\":\"https:\\\/\\\/automotiverevista.pt\\\/index.php\\\/2023\\\/09\\\/27\\\/krone-com-10-anos-de-producao-na-turquia\\\/#primaryimage\"},\"thumbnailUrl\":\"https:\\\/\\\/automotiverevista.pt\\\/wp-content\\\/uploads\\\/2023\\\/09\\\/krone-used-logo-semirremorque_picture_428.jpg\",\"datePublished\":\"2023-09-27T05:21:00+00:00\",\"description\":\"Este ano de 2023, a marca de semirreboques Krone comemora o d\u00e9cimo anivers\u00e1rio da f\u00e1brica da Krone em Tire (Turquia),\",\"breadcrumb\":{\"@id\":\"https:\\\/\\\/automotiverevista.pt\\\/index.php\\\/2023\\\/09\\\/27\\\/krone-com-10-anos-de-producao-na-turquia\\\/#breadcrumb\"},\"inLanguage\":\"pt-PT\",\"potentialAction\":[{\"@type\":\"ReadAction\",\"target\":[\"https:\\\/\\\/automotiverevista.pt\\\/index.php\\\/2023\\\/09\\\/27\\\/krone-com-10-anos-de-producao-na-turquia\\\/\"]}]},{\"@type\":\"ImageObject\",\"inLanguage\":\"pt-PT\",\"@id\":\"https:\\\/\\\/automotiverevista.pt\\\/index.php\\\/2023\\\/09\\\/27\\\/krone-com-10-anos-de-producao-na-turquia\\\/#primaryimage\",\"url\":\"https:\\\/\\\/automotiverevista.pt\\\/wp-content\\\/uploads\\\/2023\\\/09\\\/krone-used-logo-semirremorque_picture_428.jpg\",\"contentUrl\":\"https:\\\/\\\/automotiverevista.pt\\\/wp-content\\\/uploads\\\/2023\\\/09\\\/krone-used-logo-semirremorque_picture_428.jpg\",\"width\":1029,\"height\":373},{\"@type\":\"BreadcrumbList\",\"@id\":\"https:\\\/\\\/automotiverevista.pt\\\/index.php\\\/2023\\\/09\\\/27\\\/krone-com-10-anos-de-producao-na-turquia\\\/#breadcrumb\",\"itemListElement\":[{\"@type\":\"ListItem\",\"position\":1,\"name\":\"Home\",\"item\":\"https:\\\/\\\/automotiverevista.pt\\\/\"},{\"@type\":\"ListItem\",\"position\":2,\"name\":\"Krone com 10 anos de produ\u00e7\u00e3o na Turquia\"}]},{\"@type\":\"WebSite\",\"@id\":\"https:\\\/\\\/automotiverevista.pt\\\/#website\",\"url\":\"https:\\\/\\\/automotiverevista.pt\\\/\",\"name\":\"Revista Automotive\",\"description\":\"Revista Automotive Portugal\",\"publisher\":{\"@id\":\"https:\\\/\\\/automotiverevista.pt\\\/#organization\"},\"potentialAction\":[{\"@type\":\"SearchAction\",\"target\":{\"@type\":\"EntryPoint\",\"urlTemplate\":\"https:\\\/\\\/automotiverevista.pt\\\/?s={search_term_string}\"},\"query-input\":{\"@type\":\"PropertyValueSpecification\",\"valueRequired\":true,\"valueName\":\"search_term_string\"}}],\"inLanguage\":\"pt-PT\"},{\"@type\":\"Organization\",\"@id\":\"https:\\\/\\\/automotiverevista.pt\\\/#organization\",\"name\":\"Revista Automotive Portugal\",\"url\":\"https:\\\/\\\/automotiverevista.pt\\\/\",\"logo\":{\"@type\":\"ImageObject\",\"inLanguage\":\"pt-PT\",\"@id\":\"https:\\\/\\\/automotiverevista.pt\\\/#\\\/schema\\\/logo\\\/image\\\/\",\"url\":\"https:\\\/\\\/automotiverevista.pt\\\/wp-content\\\/uploads\\\/2022\\\/07\\\/Logo-Automotive-2021_500-1.jpg\",\"contentUrl\":\"https:\\\/\\\/automotiverevista.pt\\\/wp-content\\\/uploads\\\/2022\\\/07\\\/Logo-Automotive-2021_500-1.jpg\",\"width\":500,\"height\":160,\"caption\":\"Revista Automotive Portugal\"},\"image\":{\"@id\":\"https:\\\/\\\/automotiverevista.pt\\\/#\\\/schema\\\/logo\\\/image\\\/\"},\"sameAs\":[\"https:\\\/\\\/linkedin.com\\\/in\\\/automotiverevista\"]},{\"@type\":\"Person\",\"@id\":\"https:\\\/\\\/automotiverevista.pt\\\/#\\\/schema\\\/person\\\/1265858bc8c78a0f969de814da8be281\",\"name\":\"adminNovo\",\"image\":{\"@type\":\"ImageObject\",\"inLanguage\":\"pt-PT\",\"@id\":\"https:\\\/\\\/secure.gravatar.com\\\/avatar\\\/c606c1288dcc11eb4c709aa5136fdb962583c410f5c23c0b7bf6917c542be355?s=96&d=mm&r=g\",\"url\":\"https:\\\/\\\/secure.gravatar.com\\\/avatar\\\/c606c1288dcc11eb4c709aa5136fdb962583c410f5c23c0b7bf6917c542be355?s=96&d=mm&r=g\",\"contentUrl\":\"https:\\\/\\\/secure.gravatar.com\\\/avatar\\\/c606c1288dcc11eb4c709aa5136fdb962583c410f5c23c0b7bf6917c542be355?s=96&d=mm&r=g\",\"caption\":\"adminNovo\"},\"sameAs\":[\"https:\\\/\\\/automotiverevista.pt\"],\"url\":\"https:\\\/\\\/automotiverevista.pt\\\/index.php\\\/author\\\/adminnovo\\\/\"}]}<\/script>\n<!-- \/ Yoast SEO Premium plugin. -->","yoast_head_json":{"title":"Krone com 10 anos de produ\u00e7\u00e3o na Turquia - Revista Automotive","description":"Este ano de 2023, a marca de semirreboques Krone comemora o d\u00e9cimo anivers\u00e1rio da f\u00e1brica da Krone em Tire (Turquia),","robots":{"index":"index","follow":"follow","max-snippet":"max-snippet:-1","max-image-preview":"max-image-preview:large","max-video-preview":"max-video-preview:-1"},"canonical":"https:\/\/automotiverevista.pt\/index.php\/2023\/09\/27\/krone-com-10-anos-de-producao-na-turquia\/","og_locale":"pt_PT","og_type":"article","og_title":"Krone com 10 anos de produ\u00e7\u00e3o na Turquia","og_description":"Este ano de 2023, a marca de semirreboques Krone comemora o d\u00e9cimo anivers\u00e1rio da f\u00e1brica da Krone em Tire (Turquia),","og_url":"https:\/\/automotiverevista.pt\/index.php\/2023\/09\/27\/krone-com-10-anos-de-producao-na-turquia\/","og_site_name":"Revista Automotive","article_published_time":"2023-09-27T05:21:00+00:00","og_image":[{"width":1029,"height":373,"url":"https:\/\/automotiverevista.pt\/wp-content\/uploads\/2023\/09\/krone-used-logo-semirremorque_picture_428.jpg","type":"image\/jpeg"}],"author":"adminNovo","twitter_card":"summary_large_image","twitter_misc":{"Escrito por":"adminNovo","Tempo estimado de leitura":"2 minutos"},"schema":{"@context":"https:\/\/schema.org","@graph":[{"@type":"Article","@id":"https:\/\/automotiverevista.pt\/index.php\/2023\/09\/27\/krone-com-10-anos-de-producao-na-turquia\/#article","isPartOf":{"@id":"https:\/\/automotiverevista.pt\/index.php\/2023\/09\/27\/krone-com-10-anos-de-producao-na-turquia\/"},"author":{"name":"adminNovo","@id":"https:\/\/automotiverevista.pt\/#\/schema\/person\/1265858bc8c78a0f969de814da8be281"},"headline":"Krone com 10 anos de produ\u00e7\u00e3o na Turquia","datePublished":"2023-09-27T05:21:00+00:00","mainEntityOfPage":{"@id":"https:\/\/automotiverevista.pt\/index.php\/2023\/09\/27\/krone-com-10-anos-de-producao-na-turquia\/"},"wordCount":210,"publisher":{"@id":"https:\/\/automotiverevista.pt\/#organization"},"image":{"@id":"https:\/\/automotiverevista.pt\/index.php\/2023\/09\/27\/krone-com-10-anos-de-producao-na-turquia\/#primaryimage"},"thumbnailUrl":"https:\/\/automotiverevista.pt\/wp-content\/uploads\/2023\/09\/krone-used-logo-semirremorque_picture_428.jpg","articleSection":["Pesados e M\u00e1quinas"],"inLanguage":"pt-PT"},{"@type":"WebPage","@id":"https:\/\/automotiverevista.pt\/index.php\/2023\/09\/27\/krone-com-10-anos-de-producao-na-turquia\/","url":"https:\/\/automotiverevista.pt\/index.php\/2023\/09\/27\/krone-com-10-anos-de-producao-na-turquia\/","name":"Krone com 10 anos de produ\u00e7\u00e3o na Turquia - Revista Automotive","isPartOf":{"@id":"https:\/\/automotiverevista.pt\/#website"},"primaryImageOfPage":{"@id":"https:\/\/automotiverevista.pt\/index.php\/2023\/09\/27\/krone-com-10-anos-de-producao-na-turquia\/#primaryimage"},"image":{"@id":"https:\/\/automotiverevista.pt\/index.php\/2023\/09\/27\/krone-com-10-anos-de-producao-na-turquia\/#primaryimage"},"thumbnailUrl":"https:\/\/automotiverevista.pt\/wp-content\/uploads\/2023\/09\/krone-used-logo-semirremorque_picture_428.jpg","datePublished":"2023-09-27T05:21:00+00:00","description":"Este ano de 2023, a marca de semirreboques Krone comemora o d\u00e9cimo anivers\u00e1rio da f\u00e1brica da Krone em Tire (Turquia),","breadcrumb":{"@id":"https:\/\/automotiverevista.pt\/index.php\/2023\/09\/27\/krone-com-10-anos-de-producao-na-turquia\/#breadcrumb"},"inLanguage":"pt-PT","potentialAction":[{"@type":"ReadAction","target":["https:\/\/automotiverevista.pt\/index.php\/2023\/09\/27\/krone-com-10-anos-de-producao-na-turquia\/"]}]},{"@type":"ImageObject","inLanguage":"pt-PT","@id":"https:\/\/automotiverevista.pt\/index.php\/2023\/09\/27\/krone-com-10-anos-de-producao-na-turquia\/#primaryimage","url":"https:\/\/automotiverevista.pt\/wp-content\/uploads\/2023\/09\/krone-used-logo-semirremorque_picture_428.jpg","contentUrl":"https:\/\/automotiverevista.pt\/wp-content\/uploads\/2023\/09\/krone-used-logo-semirremorque_picture_428.jpg","width":1029,"height":373},{"@type":"BreadcrumbList","@id":"https:\/\/automotiverevista.pt\/index.php\/2023\/09\/27\/krone-com-10-anos-de-producao-na-turquia\/#breadcrumb","itemListElement":[{"@type":"ListItem","position":1,"name":"Home","item":"https:\/\/automotiverevista.pt\/"},{"@type":"ListItem","position":2,"name":"Krone com 10 anos de produ\u00e7\u00e3o na Turquia"}]},{"@type":"WebSite","@id":"https:\/\/automotiverevista.pt\/#website","url":"https:\/\/automotiverevista.pt\/","name":"Revista Automotive","description":"Revista Automotive Portugal","publisher":{"@id":"https:\/\/automotiverevista.pt\/#organization"},"potentialAction":[{"@type":"SearchAction","target":{"@type":"EntryPoint","urlTemplate":"https:\/\/automotiverevista.pt\/?s={search_term_string}"},"query-input":{"@type":"PropertyValueSpecification","valueRequired":true,"valueName":"search_term_string"}}],"inLanguage":"pt-PT"},{"@type":"Organization","@id":"https:\/\/automotiverevista.pt\/#organization","name":"Revista Automotive Portugal","url":"https:\/\/automotiverevista.pt\/","logo":{"@type":"ImageObject","inLanguage":"pt-PT","@id":"https:\/\/automotiverevista.pt\/#\/schema\/logo\/image\/","url":"https:\/\/automotiverevista.pt\/wp-content\/uploads\/2022\/07\/Logo-Automotive-2021_500-1.jpg","contentUrl":"https:\/\/automotiverevista.pt\/wp-content\/uploads\/2022\/07\/Logo-Automotive-2021_500-1.jpg","width":500,"height":160,"caption":"Revista Automotive Portugal"},"image":{"@id":"https:\/\/automotiverevista.pt\/#\/schema\/logo\/image\/"},"sameAs":["https:\/\/linkedin.com\/in\/automotiverevista"]},{"@type":"Person","@id":"https:\/\/automotiverevista.pt\/#\/schema\/person\/1265858bc8c78a0f969de814da8be281","name":"adminNovo","image":{"@type":"ImageObject","inLanguage":"pt-PT","@id":"https:\/\/secure.gravatar.com\/avatar\/c606c1288dcc11eb4c709aa5136fdb962583c410f5c23c0b7bf6917c542be355?s=96&d=mm&r=g","url":"https:\/\/secure.gravatar.com\/avatar\/c606c1288dcc11eb4c709aa5136fdb962583c410f5c23c0b7bf6917c542be355?s=96&d=mm&r=g","contentUrl":"https:\/\/secure.gravatar.com\/avatar\/c606c1288dcc11eb4c709aa5136fdb962583c410f5c23c0b7bf6917c542be355?s=96&d=mm&r=g","caption":"adminNovo"},"sameAs":["https:\/\/automotiverevista.pt"],"url":"https:\/\/automotiverevista.pt\/index.php\/author\/adminnovo\/"}]}},"_links":{"self":[{"href":"https:\/\/automotiverevista.pt\/index.php\/wp-json\/wp\/v2\/posts\/4024","targetHints":{"allow":["GET"]}}],"collection":[{"href":"https:\/\/automotiverevista.pt\/index.php\/wp-json\/wp\/v2\/posts"}],"about":[{"href":"https:\/\/automotiverevista.pt\/index.php\/wp-json\/wp\/v2\/types\/post"}],"author":[{"embeddable":true,"href":"https:\/\/automotiverevista.pt\/index.php\/wp-json\/wp\/v2\/users\/1"}],"replies":[{"embeddable":true,"href":"https:\/\/automotiverevista.pt\/index.php\/wp-json\/wp\/v2\/comments?post=4024"}],"version-history":[{"count":1,"href":"https:\/\/automotiverevista.pt\/index.php\/wp-json\/wp\/v2\/posts\/4024\/revisions"}],"predecessor-version":[{"id":4027,"href":"https:\/\/automotiverevista.pt\/index.php\/wp-json\/wp\/v2\/posts\/4024\/revisions\/4027"}],"wp:featuredmedia":[{"embeddable":true,"href":"https:\/\/automotiverevista.pt\/index.php\/wp-json\/wp\/v2\/media\/4025"}],"wp:attachment":[{"href":"https:\/\/automotiverevista.pt\/index.php\/wp-json\/wp\/v2\/media?parent=4024"}],"wp:term":[{"taxonomy":"category","embeddable":true,"href":"https:\/\/automotiverevista.pt\/index.php\/wp-json\/wp\/v2\/categories?post=4024"},{"taxonomy":"post_tag","embeddable":true,"href":"https:\/\/automotiverevista.pt\/index.php\/wp-json\/wp\/v2\/tags?post=4024"}],"curies":[{"name":"wp","href":"https:\/\/api.w.org\/{rel}","templated":true}]}}