{"id":4059,"date":"2023-09-29T10:02:00","date_gmt":"2023-09-29T10:02:00","guid":{"rendered":"https:\/\/automotiverevista.pt\/?p=4059"},"modified":"2023-09-29T10:15:25","modified_gmt":"2023-09-29T10:15:25","slug":"mcoutinho-lisboa-oriente-inaugura-espaco-em-lisboa","status":"publish","type":"post","link":"https:\/\/automotiverevista.pt\/index.php\/2023\/09\/29\/mcoutinho-lisboa-oriente-inaugura-espaco-em-lisboa\/","title":{"rendered":"MCoutinho inaugura espa\u00e7o em Lisboa"},"content":{"rendered":"\n<p>Com a presen\u00e7a das principais dire\u00e7\u00f5es do Grupo Stellantis em Portugal e num ambiente de festa, o <a href=\"https:\/\/youtu.be\/ucc-17vNBWs?si=OLgNX79dXQRsRQzT\">Grupo MCoutinho<\/a> inaugurou oficialmente ontem, a sua unidade na capital do pa\u00eds, que conta com amplas instala\u00e7\u00f5es, estando localizada na competitiva regi\u00e3o conhecida por Lisboa Oriental.<\/p>\n\n\n\n<p>A nova <a href=\"https:\/\/youtu.be\/ucc-17vNBWs?si=OLgNX79dXQRsRQzT\">unidade <\/a>surge com a aquisi\u00e7\u00e3o, em 2021, das empresas LISBOA ORIENTE e LOURESFOR. Desde a chegada do Grupo MCoutinho a Lisboa, a empresa ultrapassou a fasquia de 5 mil autom\u00f3veis vendidos e um volume de neg\u00f3cios de 115 milh\u00f5es de euros, como resultado desta expans\u00e3o. Refira-se que o Grupo atrav\u00e9s da sua rede nacional integra um portef\u00f3lio de 24 marcas e a repara\u00e7\u00e3o autorizada de 29, empregando mais de 1000 colaboradores nas suas diversas concess\u00f5es.<\/p>\n\n\n\n<figure class=\"wp-block-image size-large is-resized\"><img decoding=\"async\" src=\"https:\/\/automotiverevista.pt\/wp-content\/uploads\/2023\/09\/20230928_205415-2-1024x722.jpg\" alt=\"\" class=\"wp-image-4065\" style=\"width:726px;height:512px\" width=\"726\" height=\"512\" srcset=\"https:\/\/automotiverevista.pt\/wp-content\/uploads\/2023\/09\/20230928_205415-2-1024x722.jpg 1024w, https:\/\/automotiverevista.pt\/wp-content\/uploads\/2023\/09\/20230928_205415-2-300x212.jpg 300w, https:\/\/automotiverevista.pt\/wp-content\/uploads\/2023\/09\/20230928_205415-2-768x541.jpg 768w, https:\/\/automotiverevista.pt\/wp-content\/uploads\/2023\/09\/20230928_205415-2-1536x1083.jpg 1536w, https:\/\/automotiverevista.pt\/wp-content\/uploads\/2023\/09\/20230928_205415-2-120x86.jpg 120w, https:\/\/automotiverevista.pt\/wp-content\/uploads\/2023\/09\/20230928_205415-2-750x529.jpg 750w, https:\/\/automotiverevista.pt\/wp-content\/uploads\/2023\/09\/20230928_205415-2-1140x804.jpg 1140w, https:\/\/automotiverevista.pt\/wp-content\/uploads\/2023\/09\/20230928_205415-2.jpg 2000w\" sizes=\"(max-width: 726px) 100vw, 726px\" \/><figcaption class=\"wp-element-caption\">Pablo Puey, diretor de Opera\u00e7\u00f5es Stellantis Portugal (\u00e0 esq.), com Jo\u00e3o Mano, diretor-geral da concess\u00e3o MCoutinho Lisboa Oriente<\/figcaption><\/figure>\n\n\n\n<p><strong>Novas marcas<\/strong><\/p>\n\n\n\n<p>Com a inaugura\u00e7\u00e3o, o Grupo assinala a transforma\u00e7\u00e3o do neg\u00f3cio desta unidade, maximizando a oferta de solu\u00e7\u00f5es de mobilidade para um mercado cada vez mais exigente. Agora, e para al\u00e9m da marca Peugeot e da Spoticar, a concess\u00e3o Lisboa Oriente a <a href=\"https:\/\/automotiverevista.pt\/index.php\/2021\/07\/12\/renault-mcoutinho-leiria-vence-premio-concessao-automovel-2021\/\">MCoutinho <\/a>passa a integrar as marcas Alfa Romeo e a DS, esta \u00faltima uma estreia no portef\u00f3lio do pr\u00f3prio Grupo.<\/p>\n\n\n\n<figure class=\"wp-block-gallery has-nested-images columns-default is-cropped wp-block-gallery-1 is-layout-flex wp-block-gallery-is-layout-flex\">\n<figure class=\"wp-block-image size-large\"><img decoding=\"async\" width=\"1024\" height=\"712\" data-id=\"4072\" src=\"https:\/\/automotiverevista.pt\/wp-content\/uploads\/2023\/09\/e-1024x712.jpg\" alt=\"\" class=\"wp-image-4072\" srcset=\"https:\/\/automotiverevista.pt\/wp-content\/uploads\/2023\/09\/e-1024x712.jpg 1024w, https:\/\/automotiverevista.pt\/wp-content\/uploads\/2023\/09\/e-300x209.jpg 300w, https:\/\/automotiverevista.pt\/wp-content\/uploads\/2023\/09\/e-768x534.jpg 768w, https:\/\/automotiverevista.pt\/wp-content\/uploads\/2023\/09\/e-1536x1068.jpg 1536w, https:\/\/automotiverevista.pt\/wp-content\/uploads\/2023\/09\/e-750x521.jpg 750w, https:\/\/automotiverevista.pt\/wp-content\/uploads\/2023\/09\/e-1140x793.jpg 1140w, https:\/\/automotiverevista.pt\/wp-content\/uploads\/2023\/09\/e.jpg 1588w\" sizes=\"(max-width: 1024px) 100vw, 1024px\" \/><\/figure>\n\n\n\n<figure class=\"wp-block-image size-large\"><img decoding=\"async\" width=\"1024\" height=\"768\" data-id=\"4068\" src=\"https:\/\/automotiverevista.pt\/wp-content\/uploads\/2023\/09\/20230928_201837-1024x768.jpg\" alt=\"\" class=\"wp-image-4068\" srcset=\"https:\/\/automotiverevista.pt\/wp-content\/uploads\/2023\/09\/20230928_201837-1024x768.jpg 1024w, https:\/\/automotiverevista.pt\/wp-content\/uploads\/2023\/09\/20230928_201837-300x225.jpg 300w, https:\/\/automotiverevista.pt\/wp-content\/uploads\/2023\/09\/20230928_201837-768x576.jpg 768w, https:\/\/automotiverevista.pt\/wp-content\/uploads\/2023\/09\/20230928_201837-1536x1152.jpg 1536w, https:\/\/automotiverevista.pt\/wp-content\/uploads\/2023\/09\/20230928_201837-750x563.jpg 750w, https:\/\/automotiverevista.pt\/wp-content\/uploads\/2023\/09\/20230928_201837-1140x855.jpg 1140w, https:\/\/automotiverevista.pt\/wp-content\/uploads\/2023\/09\/20230928_201837.jpg 2000w\" sizes=\"(max-width: 1024px) 100vw, 1024px\" \/><\/figure>\n\n\n\n<figure class=\"wp-block-image size-large\"><img decoding=\"async\" width=\"1024\" height=\"768\" data-id=\"4069\" src=\"https:\/\/automotiverevista.pt\/wp-content\/uploads\/2023\/09\/20230928_202648-1024x768.jpg\" alt=\"\" class=\"wp-image-4069\" srcset=\"https:\/\/automotiverevista.pt\/wp-content\/uploads\/2023\/09\/20230928_202648-1024x768.jpg 1024w, https:\/\/automotiverevista.pt\/wp-content\/uploads\/2023\/09\/20230928_202648-300x225.jpg 300w, https:\/\/automotiverevista.pt\/wp-content\/uploads\/2023\/09\/20230928_202648-768x576.jpg 768w, https:\/\/automotiverevista.pt\/wp-content\/uploads\/2023\/09\/20230928_202648-1536x1152.jpg 1536w, https:\/\/automotiverevista.pt\/wp-content\/uploads\/2023\/09\/20230928_202648-750x563.jpg 750w, https:\/\/automotiverevista.pt\/wp-content\/uploads\/2023\/09\/20230928_202648-1140x855.jpg 1140w, https:\/\/automotiverevista.pt\/wp-content\/uploads\/2023\/09\/20230928_202648.jpg 2000w\" sizes=\"(max-width: 1024px) 100vw, 1024px\" \/><\/figure>\n<\/figure>\n\n\n\n<p>Novidade tamb\u00e9m \u00e9 a introdu\u00e7\u00e3o da marca MCoutinho Usados, bem como do novo reparador autorizado Opel. Um novo ciclo, com investimentos e novos neg\u00f3cios na \u00e1rea de viaturas novas e usadas, de servi\u00e7os de manuten\u00e7\u00e3o e repara\u00e7\u00e3o autom\u00f3vel e de uma nova opera\u00e7\u00e3o de mobilidade.<\/p>\n\n\n\n<figure class=\"wp-block-image size-large is-resized\"><img decoding=\"async\" src=\"https:\/\/automotiverevista.pt\/wp-content\/uploads\/2023\/09\/20230928_192821-1-1024x768.jpg\" alt=\"\" class=\"wp-image-4073\" style=\"width:689px;height:517px\" width=\"689\" height=\"517\" srcset=\"https:\/\/automotiverevista.pt\/wp-content\/uploads\/2023\/09\/20230928_192821-1-1024x768.jpg 1024w, https:\/\/automotiverevista.pt\/wp-content\/uploads\/2023\/09\/20230928_192821-1-300x225.jpg 300w, https:\/\/automotiverevista.pt\/wp-content\/uploads\/2023\/09\/20230928_192821-1-768x576.jpg 768w, https:\/\/automotiverevista.pt\/wp-content\/uploads\/2023\/09\/20230928_192821-1-1536x1152.jpg 1536w, https:\/\/automotiverevista.pt\/wp-content\/uploads\/2023\/09\/20230928_192821-1-750x563.jpg 750w, https:\/\/automotiverevista.pt\/wp-content\/uploads\/2023\/09\/20230928_192821-1-1140x855.jpg 1140w, https:\/\/automotiverevista.pt\/wp-content\/uploads\/2023\/09\/20230928_192821-1.jpg 2000w\" sizes=\"(max-width: 689px) 100vw, 689px\" \/><figcaption class=\"wp-element-caption\">Susana Teixeira e Margarida Coutinho, diretoras no Grupo MCoutinho.<\/figcaption><\/figure>\n\n\n\n<p><strong>Stellantis<\/strong><\/p>\n\n\n\n<p>Em entrevista \u00e0 Revista Automotive, <strong>Pablo Puey<\/strong>, diretor de opera\u00e7\u00f5es do Grupo Stellantis em Portugal, destacou a import\u00e2ncia do Grupo MCoutinho para a expans\u00e3o das marcas Peugeot, DS e Alfa-Romeo na regi\u00e3o Lisboa Oriente e elogiou o esfor\u00e7o e a confian\u00e7a deste grupo empresarial, que tem uma rela\u00e7\u00e3o hist\u00f3rica de mais de 50 anos com a marca Peugeot. O Grupo MCoutinho representa mais de 10% da rede Peugeot em Portugal.<\/p>\n\n\n\n<figure class=\"wp-block-image size-large is-resized\"><img decoding=\"async\" src=\"https:\/\/automotiverevista.pt\/wp-content\/uploads\/2023\/09\/20230928_185002-1024x768.jpg\" alt=\"\" class=\"wp-image-4074\" style=\"width:632px;height:474px\" width=\"632\" height=\"474\" srcset=\"https:\/\/automotiverevista.pt\/wp-content\/uploads\/2023\/09\/20230928_185002-1024x768.jpg 1024w, https:\/\/automotiverevista.pt\/wp-content\/uploads\/2023\/09\/20230928_185002-300x225.jpg 300w, https:\/\/automotiverevista.pt\/wp-content\/uploads\/2023\/09\/20230928_185002-768x576.jpg 768w, https:\/\/automotiverevista.pt\/wp-content\/uploads\/2023\/09\/20230928_185002-1536x1152.jpg 1536w, https:\/\/automotiverevista.pt\/wp-content\/uploads\/2023\/09\/20230928_185002-750x563.jpg 750w, https:\/\/automotiverevista.pt\/wp-content\/uploads\/2023\/09\/20230928_185002-1140x855.jpg 1140w, https:\/\/automotiverevista.pt\/wp-content\/uploads\/2023\/09\/20230928_185002.jpg 2000w\" sizes=\"(max-width: 632px) 100vw, 632px\" \/><\/figure>\n\n\n\n<p>\u201cEste novo espa\u00e7o tamb\u00e9m inaugura a rela\u00e7\u00e3o com a DS, uma das marcas premium da Stellantis, e incorpora a Alfa-Romeo, outra marca de refer\u00eancia mundial do nosso grupo. A Stellantis tem uma quota total de 27% de vendas de ve\u00edculos novos em Portugal, e a nossa lideran\u00e7a tamb\u00e9m se baseia no esfor\u00e7o da nossa rede e de uma rela\u00e7\u00e3o de confian\u00e7a com os nossos parceiros, como \u00e9 exemplo o Grupo <a href=\"https:\/\/automotiverevista.pt\/index.php\/2021\/07\/12\/renault-mcoutinho-leiria-vence-premio-concessao-automovel-2021\/\">MCoutinh<\/a>o\u201d, ressaltou.<\/p>\n\n\n\n<figure class=\"wp-block-image size-large is-resized\"><img decoding=\"async\" src=\"https:\/\/automotiverevista.pt\/wp-content\/uploads\/2023\/09\/1695900546799-1024x821.jpg\" alt=\"\" class=\"wp-image-4075\" style=\"width:697px;height:558px\" width=\"697\" height=\"558\" srcset=\"https:\/\/automotiverevista.pt\/wp-content\/uploads\/2023\/09\/1695900546799-1024x821.jpg 1024w, https:\/\/automotiverevista.pt\/wp-content\/uploads\/2023\/09\/1695900546799-300x241.jpg 300w, https:\/\/automotiverevista.pt\/wp-content\/uploads\/2023\/09\/1695900546799-768x616.jpg 768w, https:\/\/automotiverevista.pt\/wp-content\/uploads\/2023\/09\/1695900546799-750x601.jpg 750w, https:\/\/automotiverevista.pt\/wp-content\/uploads\/2023\/09\/1695900546799.jpg 1080w\" sizes=\"(max-width: 697px) 100vw, 697px\" \/><\/figure>\n","protected":false},"excerpt":{"rendered":"<p>Com a presen\u00e7a das principais dire\u00e7\u00f5es do Grupo Stellantis em Portugal e num ambiente de festa, o Grupo MCoutinho inaugurou oficialmente ontem, a sua unidade na capital do pa\u00eds, que conta com amplas instala\u00e7\u00f5es, estando localizada na competitiva regi\u00e3o conhecida por Lisboa Oriental. A nova unidade surge com a aquisi\u00e7\u00e3o, em 2021, das empresas LISBOA [&hellip;]<\/p>\n","protected":false},"author":1,"featured_media":4062,"comment_status":"closed","ping_status":"open","sticky":false,"template":"","format":"standard","meta":{"jnews-multi-image_gallery":[],"jnews_single_post":{"subtitle":"","format":"standard","video":"","gallery":"","source_name":"","source_url":"","via_name":"","via_url":"","override_template":"0","override":[{"template":"2","single_blog_custom":"","parallax":"1","fullscreen":"1","layout":"right-sidebar","sidebar":"default-sidebar","second_sidebar":"default-sidebar","sticky_sidebar":"1","share_position":"topbottom","share_float_style":"share-monocrhome","show_share_counter":"0","show_view_counter":"0","show_featured":"1","show_post_meta":"1","show_post_author":"0","show_post_author_image":"1","show_post_date":"1","post_date_format":"default","post_date_format_custom":"Y\/m\/d","show_post_category":"1","show_post_reading_time":"0","post_reading_time_wpm":"300","show_zoom_button":"0","zoom_button_out_step":"2","zoom_button_in_step":"3","show_post_tag":"1","show_prev_next_post":"0","show_popup_post":"1","number_popup_post":"1","show_author_box":"0","show_post_related":"1","show_inline_post_related":"1"}],"override_image_size":"0","image_override":[{"single_post_thumbnail_size":"crop-500","single_post_gallery_size":"crop-500"}],"trending_post":"0","trending_post_position":"meta","trending_post_label":"Trending","sponsored_post":"0","sponsored_post_label":"Sponsored by","sponsored_post_name":"","sponsored_post_url":"","sponsored_post_logo_enable":"0","sponsored_post_logo":"","sponsored_post_desc":"","disable_ad":"0"},"jnews_primary_category":{"id":"","hide":""},"footnotes":""},"categories":[23],"tags":[],"class_list":["post-4059","post","type-post","status-publish","format-standard","has-post-thumbnail","hentry","category-frotas"],"yoast_head":"<!-- This site is optimized with the Yoast SEO Premium plugin v27.2 (Yoast SEO v27.5) - https:\/\/yoast.com\/product\/yoast-seo-premium-wordpress\/ -->\n<title>MCoutinho inaugura espa\u00e7o em Lisboa - Revista Automotive<\/title>\n<meta name=\"description\" content=\"o Grupo Stellantis em Portugal iente de festa, o Grupo MCoutinho inaugurou ontem, a sua unidade na capital do pa\u00eds, que cona com amplas insta\" \/>\n<meta name=\"robots\" content=\"index, follow, max-snippet:-1, max-image-preview:large, max-video-preview:-1\" \/>\n<link rel=\"canonical\" href=\"https:\/\/automotiverevista.pt\/index.php\/2023\/09\/29\/mcoutinho-lisboa-oriente-inaugura-espaco-em-lisboa\/\" \/>\n<meta property=\"og:locale\" content=\"pt_PT\" \/>\n<meta property=\"og:type\" content=\"article\" \/>\n<meta property=\"og:title\" content=\"MCoutinho inaugura espa\u00e7o em Lisboa\" \/>\n<meta property=\"og:description\" content=\"o Grupo Stellantis em Portugal iente de festa, o Grupo MCoutinho inaugurou ontem, a sua unidade na capital do pa\u00eds, que cona com amplas insta\" \/>\n<meta property=\"og:url\" content=\"https:\/\/automotiverevista.pt\/index.php\/2023\/09\/29\/mcoutinho-lisboa-oriente-inaugura-espaco-em-lisboa\/\" \/>\n<meta property=\"og:site_name\" content=\"Revista Automotive\" \/>\n<meta property=\"article:published_time\" content=\"2023-09-29T10:02:00+00:00\" \/>\n<meta property=\"article:modified_time\" content=\"2023-09-29T10:15:25+00:00\" \/>\n<meta property=\"og:image\" content=\"https:\/\/automotiverevista.pt\/wp-content\/uploads\/2023\/09\/20230928_203914.jpg\" \/>\n\t<meta property=\"og:image:width\" content=\"2000\" \/>\n\t<meta property=\"og:image:height\" content=\"1500\" \/>\n\t<meta property=\"og:image:type\" content=\"image\/jpeg\" \/>\n<meta name=\"author\" content=\"adminNovo\" \/>\n<meta name=\"twitter:card\" content=\"summary_large_image\" \/>\n<meta name=\"twitter:label1\" content=\"Escrito por\" \/>\n\t<meta name=\"twitter:data1\" content=\"adminNovo\" \/>\n\t<meta name=\"twitter:label2\" content=\"Tempo estimado de leitura\" \/>\n\t<meta name=\"twitter:data2\" content=\"4 minutos\" \/>\n<script type=\"application\/ld+json\" class=\"yoast-schema-graph\">{\"@context\":\"https:\\\/\\\/schema.org\",\"@graph\":[{\"@type\":\"Article\",\"@id\":\"https:\\\/\\\/automotiverevista.pt\\\/index.php\\\/2023\\\/09\\\/29\\\/mcoutinho-lisboa-oriente-inaugura-espaco-em-lisboa\\\/#article\",\"isPartOf\":{\"@id\":\"https:\\\/\\\/automotiverevista.pt\\\/index.php\\\/2023\\\/09\\\/29\\\/mcoutinho-lisboa-oriente-inaugura-espaco-em-lisboa\\\/\"},\"author\":{\"name\":\"adminNovo\",\"@id\":\"https:\\\/\\\/automotiverevista.pt\\\/#\\\/schema\\\/person\\\/1265858bc8c78a0f969de814da8be281\"},\"headline\":\"MCoutinho inaugura espa\u00e7o em Lisboa\",\"datePublished\":\"2023-09-29T10:02:00+00:00\",\"dateModified\":\"2023-09-29T10:15:25+00:00\",\"mainEntityOfPage\":{\"@id\":\"https:\\\/\\\/automotiverevista.pt\\\/index.php\\\/2023\\\/09\\\/29\\\/mcoutinho-lisboa-oriente-inaugura-espaco-em-lisboa\\\/\"},\"wordCount\":442,\"publisher\":{\"@id\":\"https:\\\/\\\/automotiverevista.pt\\\/#organization\"},\"image\":{\"@id\":\"https:\\\/\\\/automotiverevista.pt\\\/index.php\\\/2023\\\/09\\\/29\\\/mcoutinho-lisboa-oriente-inaugura-espaco-em-lisboa\\\/#primaryimage\"},\"thumbnailUrl\":\"https:\\\/\\\/automotiverevista.pt\\\/wp-content\\\/uploads\\\/2023\\\/09\\\/20230928_203914.jpg\",\"articleSection\":[\"Frotas\"],\"inLanguage\":\"pt-PT\"},{\"@type\":\"WebPage\",\"@id\":\"https:\\\/\\\/automotiverevista.pt\\\/index.php\\\/2023\\\/09\\\/29\\\/mcoutinho-lisboa-oriente-inaugura-espaco-em-lisboa\\\/\",\"url\":\"https:\\\/\\\/automotiverevista.pt\\\/index.php\\\/2023\\\/09\\\/29\\\/mcoutinho-lisboa-oriente-inaugura-espaco-em-lisboa\\\/\",\"name\":\"MCoutinho inaugura espa\u00e7o em Lisboa - Revista Automotive\",\"isPartOf\":{\"@id\":\"https:\\\/\\\/automotiverevista.pt\\\/#website\"},\"primaryImageOfPage\":{\"@id\":\"https:\\\/\\\/automotiverevista.pt\\\/index.php\\\/2023\\\/09\\\/29\\\/mcoutinho-lisboa-oriente-inaugura-espaco-em-lisboa\\\/#primaryimage\"},\"image\":{\"@id\":\"https:\\\/\\\/automotiverevista.pt\\\/index.php\\\/2023\\\/09\\\/29\\\/mcoutinho-lisboa-oriente-inaugura-espaco-em-lisboa\\\/#primaryimage\"},\"thumbnailUrl\":\"https:\\\/\\\/automotiverevista.pt\\\/wp-content\\\/uploads\\\/2023\\\/09\\\/20230928_203914.jpg\",\"datePublished\":\"2023-09-29T10:02:00+00:00\",\"dateModified\":\"2023-09-29T10:15:25+00:00\",\"description\":\"o Grupo Stellantis em Portugal iente de festa, o Grupo MCoutinho inaugurou ontem, a sua unidade na capital do pa\u00eds, que cona com amplas insta\",\"breadcrumb\":{\"@id\":\"https:\\\/\\\/automotiverevista.pt\\\/index.php\\\/2023\\\/09\\\/29\\\/mcoutinho-lisboa-oriente-inaugura-espaco-em-lisboa\\\/#breadcrumb\"},\"inLanguage\":\"pt-PT\",\"potentialAction\":[{\"@type\":\"ReadAction\",\"target\":[\"https:\\\/\\\/automotiverevista.pt\\\/index.php\\\/2023\\\/09\\\/29\\\/mcoutinho-lisboa-oriente-inaugura-espaco-em-lisboa\\\/\"]}]},{\"@type\":\"ImageObject\",\"inLanguage\":\"pt-PT\",\"@id\":\"https:\\\/\\\/automotiverevista.pt\\\/index.php\\\/2023\\\/09\\\/29\\\/mcoutinho-lisboa-oriente-inaugura-espaco-em-lisboa\\\/#primaryimage\",\"url\":\"https:\\\/\\\/automotiverevista.pt\\\/wp-content\\\/uploads\\\/2023\\\/09\\\/20230928_203914.jpg\",\"contentUrl\":\"https:\\\/\\\/automotiverevista.pt\\\/wp-content\\\/uploads\\\/2023\\\/09\\\/20230928_203914.jpg\",\"width\":2000,\"height\":1500},{\"@type\":\"BreadcrumbList\",\"@id\":\"https:\\\/\\\/automotiverevista.pt\\\/index.php\\\/2023\\\/09\\\/29\\\/mcoutinho-lisboa-oriente-inaugura-espaco-em-lisboa\\\/#breadcrumb\",\"itemListElement\":[{\"@type\":\"ListItem\",\"position\":1,\"name\":\"Home\",\"item\":\"https:\\\/\\\/automotiverevista.pt\\\/\"},{\"@type\":\"ListItem\",\"position\":2,\"name\":\"MCoutinho inaugura espa\u00e7o em Lisboa\"}]},{\"@type\":\"WebSite\",\"@id\":\"https:\\\/\\\/automotiverevista.pt\\\/#website\",\"url\":\"https:\\\/\\\/automotiverevista.pt\\\/\",\"name\":\"Revista Automotive\",\"description\":\"Revista Automotive Portugal\",\"publisher\":{\"@id\":\"https:\\\/\\\/automotiverevista.pt\\\/#organization\"},\"potentialAction\":[{\"@type\":\"SearchAction\",\"target\":{\"@type\":\"EntryPoint\",\"urlTemplate\":\"https:\\\/\\\/automotiverevista.pt\\\/?s={search_term_string}\"},\"query-input\":{\"@type\":\"PropertyValueSpecification\",\"valueRequired\":true,\"valueName\":\"search_term_string\"}}],\"inLanguage\":\"pt-PT\"},{\"@type\":\"Organization\",\"@id\":\"https:\\\/\\\/automotiverevista.pt\\\/#organization\",\"name\":\"Revista Automotive Portugal\",\"url\":\"https:\\\/\\\/automotiverevista.pt\\\/\",\"logo\":{\"@type\":\"ImageObject\",\"inLanguage\":\"pt-PT\",\"@id\":\"https:\\\/\\\/automotiverevista.pt\\\/#\\\/schema\\\/logo\\\/image\\\/\",\"url\":\"https:\\\/\\\/automotiverevista.pt\\\/wp-content\\\/uploads\\\/2022\\\/07\\\/Logo-Automotive-2021_500-1.jpg\",\"contentUrl\":\"https:\\\/\\\/automotiverevista.pt\\\/wp-content\\\/uploads\\\/2022\\\/07\\\/Logo-Automotive-2021_500-1.jpg\",\"width\":500,\"height\":160,\"caption\":\"Revista Automotive Portugal\"},\"image\":{\"@id\":\"https:\\\/\\\/automotiverevista.pt\\\/#\\\/schema\\\/logo\\\/image\\\/\"},\"sameAs\":[\"https:\\\/\\\/linkedin.com\\\/in\\\/automotiverevista\"]},{\"@type\":\"Person\",\"@id\":\"https:\\\/\\\/automotiverevista.pt\\\/#\\\/schema\\\/person\\\/1265858bc8c78a0f969de814da8be281\",\"name\":\"adminNovo\",\"image\":{\"@type\":\"ImageObject\",\"inLanguage\":\"pt-PT\",\"@id\":\"https:\\\/\\\/secure.gravatar.com\\\/avatar\\\/c606c1288dcc11eb4c709aa5136fdb962583c410f5c23c0b7bf6917c542be355?s=96&d=mm&r=g\",\"url\":\"https:\\\/\\\/secure.gravatar.com\\\/avatar\\\/c606c1288dcc11eb4c709aa5136fdb962583c410f5c23c0b7bf6917c542be355?s=96&d=mm&r=g\",\"contentUrl\":\"https:\\\/\\\/secure.gravatar.com\\\/avatar\\\/c606c1288dcc11eb4c709aa5136fdb962583c410f5c23c0b7bf6917c542be355?s=96&d=mm&r=g\",\"caption\":\"adminNovo\"},\"sameAs\":[\"https:\\\/\\\/automotiverevista.pt\"],\"url\":\"https:\\\/\\\/automotiverevista.pt\\\/index.php\\\/author\\\/adminnovo\\\/\"}]}<\/script>\n<!-- \/ Yoast SEO Premium plugin. -->","yoast_head_json":{"title":"MCoutinho inaugura espa\u00e7o em Lisboa - Revista Automotive","description":"o Grupo Stellantis em Portugal iente de festa, o Grupo MCoutinho inaugurou ontem, a sua unidade na capital do pa\u00eds, que cona com amplas insta","robots":{"index":"index","follow":"follow","max-snippet":"max-snippet:-1","max-image-preview":"max-image-preview:large","max-video-preview":"max-video-preview:-1"},"canonical":"https:\/\/automotiverevista.pt\/index.php\/2023\/09\/29\/mcoutinho-lisboa-oriente-inaugura-espaco-em-lisboa\/","og_locale":"pt_PT","og_type":"article","og_title":"MCoutinho inaugura espa\u00e7o em Lisboa","og_description":"o Grupo Stellantis em Portugal iente de festa, o Grupo MCoutinho inaugurou ontem, a sua unidade na capital do pa\u00eds, que cona com amplas insta","og_url":"https:\/\/automotiverevista.pt\/index.php\/2023\/09\/29\/mcoutinho-lisboa-oriente-inaugura-espaco-em-lisboa\/","og_site_name":"Revista Automotive","article_published_time":"2023-09-29T10:02:00+00:00","article_modified_time":"2023-09-29T10:15:25+00:00","og_image":[{"width":2000,"height":1500,"url":"https:\/\/automotiverevista.pt\/wp-content\/uploads\/2023\/09\/20230928_203914.jpg","type":"image\/jpeg"}],"author":"adminNovo","twitter_card":"summary_large_image","twitter_misc":{"Escrito por":"adminNovo","Tempo estimado de leitura":"4 minutos"},"schema":{"@context":"https:\/\/schema.org","@graph":[{"@type":"Article","@id":"https:\/\/automotiverevista.pt\/index.php\/2023\/09\/29\/mcoutinho-lisboa-oriente-inaugura-espaco-em-lisboa\/#article","isPartOf":{"@id":"https:\/\/automotiverevista.pt\/index.php\/2023\/09\/29\/mcoutinho-lisboa-oriente-inaugura-espaco-em-lisboa\/"},"author":{"name":"adminNovo","@id":"https:\/\/automotiverevista.pt\/#\/schema\/person\/1265858bc8c78a0f969de814da8be281"},"headline":"MCoutinho inaugura espa\u00e7o em Lisboa","datePublished":"2023-09-29T10:02:00+00:00","dateModified":"2023-09-29T10:15:25+00:00","mainEntityOfPage":{"@id":"https:\/\/automotiverevista.pt\/index.php\/2023\/09\/29\/mcoutinho-lisboa-oriente-inaugura-espaco-em-lisboa\/"},"wordCount":442,"publisher":{"@id":"https:\/\/automotiverevista.pt\/#organization"},"image":{"@id":"https:\/\/automotiverevista.pt\/index.php\/2023\/09\/29\/mcoutinho-lisboa-oriente-inaugura-espaco-em-lisboa\/#primaryimage"},"thumbnailUrl":"https:\/\/automotiverevista.pt\/wp-content\/uploads\/2023\/09\/20230928_203914.jpg","articleSection":["Frotas"],"inLanguage":"pt-PT"},{"@type":"WebPage","@id":"https:\/\/automotiverevista.pt\/index.php\/2023\/09\/29\/mcoutinho-lisboa-oriente-inaugura-espaco-em-lisboa\/","url":"https:\/\/automotiverevista.pt\/index.php\/2023\/09\/29\/mcoutinho-lisboa-oriente-inaugura-espaco-em-lisboa\/","name":"MCoutinho inaugura espa\u00e7o em Lisboa - Revista Automotive","isPartOf":{"@id":"https:\/\/automotiverevista.pt\/#website"},"primaryImageOfPage":{"@id":"https:\/\/automotiverevista.pt\/index.php\/2023\/09\/29\/mcoutinho-lisboa-oriente-inaugura-espaco-em-lisboa\/#primaryimage"},"image":{"@id":"https:\/\/automotiverevista.pt\/index.php\/2023\/09\/29\/mcoutinho-lisboa-oriente-inaugura-espaco-em-lisboa\/#primaryimage"},"thumbnailUrl":"https:\/\/automotiverevista.pt\/wp-content\/uploads\/2023\/09\/20230928_203914.jpg","datePublished":"2023-09-29T10:02:00+00:00","dateModified":"2023-09-29T10:15:25+00:00","description":"o Grupo Stellantis em Portugal iente de festa, o Grupo MCoutinho inaugurou ontem, a sua unidade na capital do pa\u00eds, que cona com amplas insta","breadcrumb":{"@id":"https:\/\/automotiverevista.pt\/index.php\/2023\/09\/29\/mcoutinho-lisboa-oriente-inaugura-espaco-em-lisboa\/#breadcrumb"},"inLanguage":"pt-PT","potentialAction":[{"@type":"ReadAction","target":["https:\/\/automotiverevista.pt\/index.php\/2023\/09\/29\/mcoutinho-lisboa-oriente-inaugura-espaco-em-lisboa\/"]}]},{"@type":"ImageObject","inLanguage":"pt-PT","@id":"https:\/\/automotiverevista.pt\/index.php\/2023\/09\/29\/mcoutinho-lisboa-oriente-inaugura-espaco-em-lisboa\/#primaryimage","url":"https:\/\/automotiverevista.pt\/wp-content\/uploads\/2023\/09\/20230928_203914.jpg","contentUrl":"https:\/\/automotiverevista.pt\/wp-content\/uploads\/2023\/09\/20230928_203914.jpg","width":2000,"height":1500},{"@type":"BreadcrumbList","@id":"https:\/\/automotiverevista.pt\/index.php\/2023\/09\/29\/mcoutinho-lisboa-oriente-inaugura-espaco-em-lisboa\/#breadcrumb","itemListElement":[{"@type":"ListItem","position":1,"name":"Home","item":"https:\/\/automotiverevista.pt\/"},{"@type":"ListItem","position":2,"name":"MCoutinho inaugura espa\u00e7o em Lisboa"}]},{"@type":"WebSite","@id":"https:\/\/automotiverevista.pt\/#website","url":"https:\/\/automotiverevista.pt\/","name":"Revista Automotive","description":"Revista Automotive Portugal","publisher":{"@id":"https:\/\/automotiverevista.pt\/#organization"},"potentialAction":[{"@type":"SearchAction","target":{"@type":"EntryPoint","urlTemplate":"https:\/\/automotiverevista.pt\/?s={search_term_string}"},"query-input":{"@type":"PropertyValueSpecification","valueRequired":true,"valueName":"search_term_string"}}],"inLanguage":"pt-PT"},{"@type":"Organization","@id":"https:\/\/automotiverevista.pt\/#organization","name":"Revista Automotive Portugal","url":"https:\/\/automotiverevista.pt\/","logo":{"@type":"ImageObject","inLanguage":"pt-PT","@id":"https:\/\/automotiverevista.pt\/#\/schema\/logo\/image\/","url":"https:\/\/automotiverevista.pt\/wp-content\/uploads\/2022\/07\/Logo-Automotive-2021_500-1.jpg","contentUrl":"https:\/\/automotiverevista.pt\/wp-content\/uploads\/2022\/07\/Logo-Automotive-2021_500-1.jpg","width":500,"height":160,"caption":"Revista Automotive Portugal"},"image":{"@id":"https:\/\/automotiverevista.pt\/#\/schema\/logo\/image\/"},"sameAs":["https:\/\/linkedin.com\/in\/automotiverevista"]},{"@type":"Person","@id":"https:\/\/automotiverevista.pt\/#\/schema\/person\/1265858bc8c78a0f969de814da8be281","name":"adminNovo","image":{"@type":"ImageObject","inLanguage":"pt-PT","@id":"https:\/\/secure.gravatar.com\/avatar\/c606c1288dcc11eb4c709aa5136fdb962583c410f5c23c0b7bf6917c542be355?s=96&d=mm&r=g","url":"https:\/\/secure.gravatar.com\/avatar\/c606c1288dcc11eb4c709aa5136fdb962583c410f5c23c0b7bf6917c542be355?s=96&d=mm&r=g","contentUrl":"https:\/\/secure.gravatar.com\/avatar\/c606c1288dcc11eb4c709aa5136fdb962583c410f5c23c0b7bf6917c542be355?s=96&d=mm&r=g","caption":"adminNovo"},"sameAs":["https:\/\/automotiverevista.pt"],"url":"https:\/\/automotiverevista.pt\/index.php\/author\/adminnovo\/"}]}},"_links":{"self":[{"href":"https:\/\/automotiverevista.pt\/index.php\/wp-json\/wp\/v2\/posts\/4059","targetHints":{"allow":["GET"]}}],"collection":[{"href":"https:\/\/automotiverevista.pt\/index.php\/wp-json\/wp\/v2\/posts"}],"about":[{"href":"https:\/\/automotiverevista.pt\/index.php\/wp-json\/wp\/v2\/types\/post"}],"author":[{"embeddable":true,"href":"https:\/\/automotiverevista.pt\/index.php\/wp-json\/wp\/v2\/users\/1"}],"replies":[{"embeddable":true,"href":"https:\/\/automotiverevista.pt\/index.php\/wp-json\/wp\/v2\/comments?post=4059"}],"version-history":[{"count":6,"href":"https:\/\/automotiverevista.pt\/index.php\/wp-json\/wp\/v2\/posts\/4059\/revisions"}],"predecessor-version":[{"id":4081,"href":"https:\/\/automotiverevista.pt\/index.php\/wp-json\/wp\/v2\/posts\/4059\/revisions\/4081"}],"wp:featuredmedia":[{"embeddable":true,"href":"https:\/\/automotiverevista.pt\/index.php\/wp-json\/wp\/v2\/media\/4062"}],"wp:attachment":[{"href":"https:\/\/automotiverevista.pt\/index.php\/wp-json\/wp\/v2\/media?parent=4059"}],"wp:term":[{"taxonomy":"category","embeddable":true,"href":"https:\/\/automotiverevista.pt\/index.php\/wp-json\/wp\/v2\/categories?post=4059"},{"taxonomy":"post_tag","embeddable":true,"href":"https:\/\/automotiverevista.pt\/index.php\/wp-json\/wp\/v2\/tags?post=4059"}],"curies":[{"name":"wp","href":"https:\/\/api.w.org\/{rel}","templated":true}]}}