{"id":4095,"date":"2023-10-02T14:04:24","date_gmt":"2023-10-02T14:04:24","guid":{"rendered":"https:\/\/automotiverevista.pt\/?p=4095"},"modified":"2023-10-02T14:04:36","modified_gmt":"2023-10-02T14:04:36","slug":"abertas-as-inscricoes-para-curso-de-relojoaria-do-ipr","status":"publish","type":"post","link":"https:\/\/automotiverevista.pt\/index.php\/2023\/10\/02\/abertas-as-inscricoes-para-curso-de-relojoaria-do-ipr\/","title":{"rendered":"Abertas as inscri\u00e7\u00f5es para curso de relojoaria do IPR"},"content":{"rendered":"\n<p>Entre outras atividades, no site do IPR &#8211; Instituto Portugu\u00eas de Relojoaria \u00e9 poss\u00edvel consultar o Blog Di\u00e1rio, encontrar um relojoeiro ou fazer a inscri\u00e7\u00e3o nas v\u00e1rias forma\u00e7\u00f5es que o Instituto promove, entre as quais destacamos o curso de relojoaria: Alfaiates do Tempo.<\/p>\n\n\n\n<p>\u00a0<strong><a href=\"https:\/\/automotiverevista.pt\/index.php\/2023\/08\/21\/byd-atto-3\/\">Nuno Margalha,<\/a><\/strong>\u00a0diretor e fundador do IPR, conta-nos que \u201cesta \u00e9 uma forma\u00e7\u00e3o de 4h pr\u00e1ticas e 2h te\u00f3ricas, quinzenais, que decorre ao longo de 12 meses. \u00c9 certificada pela DGERT e tem como formadores os Mestres Relojoeiros Am\u00e9rico Henriques e Paulo Anast\u00e1cio, nomes bem conhecidos no \u00e2mbito da comunidade formadora de relojoaria em Portugal. Os alunos aprendem a fazer a manuten\u00e7\u00e3o a rel\u00f3gios mec\u00e2nicos e de quartzo, num hor\u00e1rio compat\u00edvel com a vida familiar e profissional, sempre com um \u00f3timo ambiente.<\/p>\n\n\n\n<p>As inscri\u00e7\u00f5es e informa\u00e7\u00f5es deste curso podem ser consultadas no endere\u00e7o web do IPR: <a href=\"http:\/\/www.institutoportuguesderelojoaria.pt\">www.institutoportuguesderelojoaria.pt<\/a><\/p>\n\n\n\n<figure class=\"wp-block-image size-large is-resized\"><img decoding=\"async\" src=\"https:\/\/automotiverevista.pt\/wp-content\/uploads\/2023\/10\/e-1024x768.jpg\" alt=\"\" class=\"wp-image-4097\" style=\"width:803px;height:602px\" width=\"803\" height=\"602\" srcset=\"https:\/\/automotiverevista.pt\/wp-content\/uploads\/2023\/10\/e-1024x768.jpg 1024w, https:\/\/automotiverevista.pt\/wp-content\/uploads\/2023\/10\/e-300x225.jpg 300w, https:\/\/automotiverevista.pt\/wp-content\/uploads\/2023\/10\/e-768x576.jpg 768w, https:\/\/automotiverevista.pt\/wp-content\/uploads\/2023\/10\/e-1536x1152.jpg 1536w, https:\/\/automotiverevista.pt\/wp-content\/uploads\/2023\/10\/e-750x563.jpg 750w, https:\/\/automotiverevista.pt\/wp-content\/uploads\/2023\/10\/e-1140x855.jpg 1140w, https:\/\/automotiverevista.pt\/wp-content\/uploads\/2023\/10\/e.jpg 2048w\" sizes=\"(max-width: 803px) 100vw, 803px\" \/><\/figure>\n","protected":false},"excerpt":{"rendered":"<p>Entre outras atividades, no site do IPR &#8211; Instituto Portugu\u00eas de Relojoaria \u00e9 poss\u00edvel consultar o Blog Di\u00e1rio, encontrar um relojoeiro ou fazer a inscri\u00e7\u00e3o nas v\u00e1rias forma\u00e7\u00f5es que o Instituto promove, entre as quais destacamos o curso de relojoaria: Alfaiates do Tempo. \u00a0Nuno Margalha,\u00a0diretor e fundador do IPR, conta-nos que \u201cesta \u00e9 uma forma\u00e7\u00e3o [&hellip;]<\/p>\n","protected":false},"author":1,"featured_media":4096,"comment_status":"closed","ping_status":"open","sticky":false,"template":"","format":"standard","meta":{"jnews-multi-image_gallery":[],"jnews_single_post":{"subtitle":"","format":"standard","video":"","gallery":"","source_name":"","source_url":"","via_name":"","via_url":"","override_template":"0","override":[{"template":"2","single_blog_custom":"","parallax":"1","fullscreen":"1","layout":"right-sidebar","sidebar":"default-sidebar","second_sidebar":"default-sidebar","sticky_sidebar":"1","share_position":"topbottom","share_float_style":"share-monocrhome","show_share_counter":"0","show_view_counter":"0","show_featured":"1","show_post_meta":"1","show_post_author":"0","show_post_author_image":"1","show_post_date":"1","post_date_format":"default","post_date_format_custom":"Y\/m\/d","show_post_category":"1","show_post_reading_time":"0","post_reading_time_wpm":"300","show_zoom_button":"0","zoom_button_out_step":"2","zoom_button_in_step":"3","show_post_tag":"1","show_prev_next_post":"0","show_popup_post":"1","number_popup_post":"1","show_author_box":"0","show_post_related":"1","show_inline_post_related":"1"}],"override_image_size":"0","image_override":[{"single_post_thumbnail_size":"crop-500","single_post_gallery_size":"crop-500"}],"trending_post":"0","trending_post_position":"meta","trending_post_label":"Trending","sponsored_post":"0","sponsored_post_label":"Sponsored by","sponsored_post_name":"","sponsored_post_url":"","sponsored_post_logo_enable":"0","sponsored_post_logo":"","sponsored_post_desc":"","disable_ad":"0"},"jnews_primary_category":{"id":"","hide":""},"footnotes":""},"categories":[111],"tags":[],"class_list":["post-4095","post","type-post","status-publish","format-standard","has-post-thumbnail","hentry","category-coffee-break"],"yoast_head":"<!-- This site is optimized with the Yoast SEO Premium plugin v27.2 (Yoast SEO v27.5) - https:\/\/yoast.com\/product\/yoast-seo-premium-wordpress\/ -->\n<title>Abertas as inscri\u00e7\u00f5es para curso de relojoaria do IPR - Revista Automotive<\/title>\n<meta name=\"description\" content=\"Entre outras atividades, no site do IPR - Instituto Portugu\u00eas de Relojoaria \u00e9 poss\u00edvel consultar o Blog Di\u00e1rio, enco\" \/>\n<meta name=\"robots\" content=\"index, follow, max-snippet:-1, max-image-preview:large, max-video-preview:-1\" \/>\n<link rel=\"canonical\" href=\"https:\/\/automotiverevista.pt\/index.php\/2023\/10\/02\/abertas-as-inscricoes-para-curso-de-relojoaria-do-ipr\/\" \/>\n<meta property=\"og:locale\" content=\"pt_PT\" \/>\n<meta property=\"og:type\" content=\"article\" \/>\n<meta property=\"og:title\" content=\"Abertas as inscri\u00e7\u00f5es para curso de relojoaria do IPR\" \/>\n<meta property=\"og:description\" content=\"Entre outras atividades, no site do IPR - Instituto Portugu\u00eas de Relojoaria \u00e9 poss\u00edvel consultar o Blog Di\u00e1rio, enco\" \/>\n<meta property=\"og:url\" content=\"https:\/\/automotiverevista.pt\/index.php\/2023\/10\/02\/abertas-as-inscricoes-para-curso-de-relojoaria-do-ipr\/\" \/>\n<meta property=\"og:site_name\" content=\"Revista Automotive\" \/>\n<meta property=\"article:published_time\" content=\"2023-10-02T14:04:24+00:00\" \/>\n<meta property=\"article:modified_time\" content=\"2023-10-02T14:04:36+00:00\" \/>\n<meta property=\"og:image\" content=\"https:\/\/automotiverevista.pt\/wp-content\/uploads\/2023\/10\/12-750x375-1.jpg\" \/>\n\t<meta property=\"og:image:width\" content=\"750\" \/>\n\t<meta property=\"og:image:height\" content=\"375\" \/>\n\t<meta property=\"og:image:type\" content=\"image\/jpeg\" \/>\n<meta name=\"author\" content=\"adminNovo\" \/>\n<meta name=\"twitter:card\" content=\"summary_large_image\" \/>\n<meta name=\"twitter:label1\" content=\"Escrito por\" \/>\n\t<meta name=\"twitter:data1\" content=\"adminNovo\" \/>\n\t<meta name=\"twitter:label2\" content=\"Tempo estimado de leitura\" \/>\n\t<meta name=\"twitter:data2\" content=\"1 minuto\" \/>\n<script type=\"application\/ld+json\" class=\"yoast-schema-graph\">{\"@context\":\"https:\\\/\\\/schema.org\",\"@graph\":[{\"@type\":\"Article\",\"@id\":\"https:\\\/\\\/automotiverevista.pt\\\/index.php\\\/2023\\\/10\\\/02\\\/abertas-as-inscricoes-para-curso-de-relojoaria-do-ipr\\\/#article\",\"isPartOf\":{\"@id\":\"https:\\\/\\\/automotiverevista.pt\\\/index.php\\\/2023\\\/10\\\/02\\\/abertas-as-inscricoes-para-curso-de-relojoaria-do-ipr\\\/\"},\"author\":{\"name\":\"adminNovo\",\"@id\":\"https:\\\/\\\/automotiverevista.pt\\\/#\\\/schema\\\/person\\\/1265858bc8c78a0f969de814da8be281\"},\"headline\":\"Abertas as inscri\u00e7\u00f5es para curso de relojoaria do IPR\",\"datePublished\":\"2023-10-02T14:04:24+00:00\",\"dateModified\":\"2023-10-02T14:04:36+00:00\",\"mainEntityOfPage\":{\"@id\":\"https:\\\/\\\/automotiverevista.pt\\\/index.php\\\/2023\\\/10\\\/02\\\/abertas-as-inscricoes-para-curso-de-relojoaria-do-ipr\\\/\"},\"wordCount\":167,\"publisher\":{\"@id\":\"https:\\\/\\\/automotiverevista.pt\\\/#organization\"},\"image\":{\"@id\":\"https:\\\/\\\/automotiverevista.pt\\\/index.php\\\/2023\\\/10\\\/02\\\/abertas-as-inscricoes-para-curso-de-relojoaria-do-ipr\\\/#primaryimage\"},\"thumbnailUrl\":\"https:\\\/\\\/automotiverevista.pt\\\/wp-content\\\/uploads\\\/2023\\\/10\\\/12-750x375-1.jpg\",\"articleSection\":[\"Coffee Break\"],\"inLanguage\":\"pt-PT\"},{\"@type\":\"WebPage\",\"@id\":\"https:\\\/\\\/automotiverevista.pt\\\/index.php\\\/2023\\\/10\\\/02\\\/abertas-as-inscricoes-para-curso-de-relojoaria-do-ipr\\\/\",\"url\":\"https:\\\/\\\/automotiverevista.pt\\\/index.php\\\/2023\\\/10\\\/02\\\/abertas-as-inscricoes-para-curso-de-relojoaria-do-ipr\\\/\",\"name\":\"Abertas as inscri\u00e7\u00f5es para curso de relojoaria do IPR - Revista Automotive\",\"isPartOf\":{\"@id\":\"https:\\\/\\\/automotiverevista.pt\\\/#website\"},\"primaryImageOfPage\":{\"@id\":\"https:\\\/\\\/automotiverevista.pt\\\/index.php\\\/2023\\\/10\\\/02\\\/abertas-as-inscricoes-para-curso-de-relojoaria-do-ipr\\\/#primaryimage\"},\"image\":{\"@id\":\"https:\\\/\\\/automotiverevista.pt\\\/index.php\\\/2023\\\/10\\\/02\\\/abertas-as-inscricoes-para-curso-de-relojoaria-do-ipr\\\/#primaryimage\"},\"thumbnailUrl\":\"https:\\\/\\\/automotiverevista.pt\\\/wp-content\\\/uploads\\\/2023\\\/10\\\/12-750x375-1.jpg\",\"datePublished\":\"2023-10-02T14:04:24+00:00\",\"dateModified\":\"2023-10-02T14:04:36+00:00\",\"description\":\"Entre outras atividades, no site do IPR - Instituto Portugu\u00eas de Relojoaria \u00e9 poss\u00edvel consultar o Blog Di\u00e1rio, enco\",\"breadcrumb\":{\"@id\":\"https:\\\/\\\/automotiverevista.pt\\\/index.php\\\/2023\\\/10\\\/02\\\/abertas-as-inscricoes-para-curso-de-relojoaria-do-ipr\\\/#breadcrumb\"},\"inLanguage\":\"pt-PT\",\"potentialAction\":[{\"@type\":\"ReadAction\",\"target\":[\"https:\\\/\\\/automotiverevista.pt\\\/index.php\\\/2023\\\/10\\\/02\\\/abertas-as-inscricoes-para-curso-de-relojoaria-do-ipr\\\/\"]}]},{\"@type\":\"ImageObject\",\"inLanguage\":\"pt-PT\",\"@id\":\"https:\\\/\\\/automotiverevista.pt\\\/index.php\\\/2023\\\/10\\\/02\\\/abertas-as-inscricoes-para-curso-de-relojoaria-do-ipr\\\/#primaryimage\",\"url\":\"https:\\\/\\\/automotiverevista.pt\\\/wp-content\\\/uploads\\\/2023\\\/10\\\/12-750x375-1.jpg\",\"contentUrl\":\"https:\\\/\\\/automotiverevista.pt\\\/wp-content\\\/uploads\\\/2023\\\/10\\\/12-750x375-1.jpg\",\"width\":750,\"height\":375},{\"@type\":\"BreadcrumbList\",\"@id\":\"https:\\\/\\\/automotiverevista.pt\\\/index.php\\\/2023\\\/10\\\/02\\\/abertas-as-inscricoes-para-curso-de-relojoaria-do-ipr\\\/#breadcrumb\",\"itemListElement\":[{\"@type\":\"ListItem\",\"position\":1,\"name\":\"Home\",\"item\":\"https:\\\/\\\/automotiverevista.pt\\\/\"},{\"@type\":\"ListItem\",\"position\":2,\"name\":\"Abertas as inscri\u00e7\u00f5es para curso de relojoaria do IPR\"}]},{\"@type\":\"WebSite\",\"@id\":\"https:\\\/\\\/automotiverevista.pt\\\/#website\",\"url\":\"https:\\\/\\\/automotiverevista.pt\\\/\",\"name\":\"Revista Automotive\",\"description\":\"Revista Automotive Portugal\",\"publisher\":{\"@id\":\"https:\\\/\\\/automotiverevista.pt\\\/#organization\"},\"potentialAction\":[{\"@type\":\"SearchAction\",\"target\":{\"@type\":\"EntryPoint\",\"urlTemplate\":\"https:\\\/\\\/automotiverevista.pt\\\/?s={search_term_string}\"},\"query-input\":{\"@type\":\"PropertyValueSpecification\",\"valueRequired\":true,\"valueName\":\"search_term_string\"}}],\"inLanguage\":\"pt-PT\"},{\"@type\":\"Organization\",\"@id\":\"https:\\\/\\\/automotiverevista.pt\\\/#organization\",\"name\":\"Revista Automotive Portugal\",\"url\":\"https:\\\/\\\/automotiverevista.pt\\\/\",\"logo\":{\"@type\":\"ImageObject\",\"inLanguage\":\"pt-PT\",\"@id\":\"https:\\\/\\\/automotiverevista.pt\\\/#\\\/schema\\\/logo\\\/image\\\/\",\"url\":\"https:\\\/\\\/automotiverevista.pt\\\/wp-content\\\/uploads\\\/2022\\\/07\\\/Logo-Automotive-2021_500-1.jpg\",\"contentUrl\":\"https:\\\/\\\/automotiverevista.pt\\\/wp-content\\\/uploads\\\/2022\\\/07\\\/Logo-Automotive-2021_500-1.jpg\",\"width\":500,\"height\":160,\"caption\":\"Revista Automotive Portugal\"},\"image\":{\"@id\":\"https:\\\/\\\/automotiverevista.pt\\\/#\\\/schema\\\/logo\\\/image\\\/\"},\"sameAs\":[\"https:\\\/\\\/linkedin.com\\\/in\\\/automotiverevista\"]},{\"@type\":\"Person\",\"@id\":\"https:\\\/\\\/automotiverevista.pt\\\/#\\\/schema\\\/person\\\/1265858bc8c78a0f969de814da8be281\",\"name\":\"adminNovo\",\"image\":{\"@type\":\"ImageObject\",\"inLanguage\":\"pt-PT\",\"@id\":\"https:\\\/\\\/secure.gravatar.com\\\/avatar\\\/c606c1288dcc11eb4c709aa5136fdb962583c410f5c23c0b7bf6917c542be355?s=96&d=mm&r=g\",\"url\":\"https:\\\/\\\/secure.gravatar.com\\\/avatar\\\/c606c1288dcc11eb4c709aa5136fdb962583c410f5c23c0b7bf6917c542be355?s=96&d=mm&r=g\",\"contentUrl\":\"https:\\\/\\\/secure.gravatar.com\\\/avatar\\\/c606c1288dcc11eb4c709aa5136fdb962583c410f5c23c0b7bf6917c542be355?s=96&d=mm&r=g\",\"caption\":\"adminNovo\"},\"sameAs\":[\"https:\\\/\\\/automotiverevista.pt\"],\"url\":\"https:\\\/\\\/automotiverevista.pt\\\/index.php\\\/author\\\/adminnovo\\\/\"}]}<\/script>\n<!-- \/ Yoast SEO Premium plugin. -->","yoast_head_json":{"title":"Abertas as inscri\u00e7\u00f5es para curso de relojoaria do IPR - Revista Automotive","description":"Entre outras atividades, no site do IPR - Instituto Portugu\u00eas de Relojoaria \u00e9 poss\u00edvel consultar o Blog Di\u00e1rio, enco","robots":{"index":"index","follow":"follow","max-snippet":"max-snippet:-1","max-image-preview":"max-image-preview:large","max-video-preview":"max-video-preview:-1"},"canonical":"https:\/\/automotiverevista.pt\/index.php\/2023\/10\/02\/abertas-as-inscricoes-para-curso-de-relojoaria-do-ipr\/","og_locale":"pt_PT","og_type":"article","og_title":"Abertas as inscri\u00e7\u00f5es para curso de relojoaria do IPR","og_description":"Entre outras atividades, no site do IPR - Instituto Portugu\u00eas de Relojoaria \u00e9 poss\u00edvel consultar o Blog Di\u00e1rio, enco","og_url":"https:\/\/automotiverevista.pt\/index.php\/2023\/10\/02\/abertas-as-inscricoes-para-curso-de-relojoaria-do-ipr\/","og_site_name":"Revista Automotive","article_published_time":"2023-10-02T14:04:24+00:00","article_modified_time":"2023-10-02T14:04:36+00:00","og_image":[{"width":750,"height":375,"url":"https:\/\/automotiverevista.pt\/wp-content\/uploads\/2023\/10\/12-750x375-1.jpg","type":"image\/jpeg"}],"author":"adminNovo","twitter_card":"summary_large_image","twitter_misc":{"Escrito por":"adminNovo","Tempo estimado de leitura":"1 minuto"},"schema":{"@context":"https:\/\/schema.org","@graph":[{"@type":"Article","@id":"https:\/\/automotiverevista.pt\/index.php\/2023\/10\/02\/abertas-as-inscricoes-para-curso-de-relojoaria-do-ipr\/#article","isPartOf":{"@id":"https:\/\/automotiverevista.pt\/index.php\/2023\/10\/02\/abertas-as-inscricoes-para-curso-de-relojoaria-do-ipr\/"},"author":{"name":"adminNovo","@id":"https:\/\/automotiverevista.pt\/#\/schema\/person\/1265858bc8c78a0f969de814da8be281"},"headline":"Abertas as inscri\u00e7\u00f5es para curso de relojoaria do IPR","datePublished":"2023-10-02T14:04:24+00:00","dateModified":"2023-10-02T14:04:36+00:00","mainEntityOfPage":{"@id":"https:\/\/automotiverevista.pt\/index.php\/2023\/10\/02\/abertas-as-inscricoes-para-curso-de-relojoaria-do-ipr\/"},"wordCount":167,"publisher":{"@id":"https:\/\/automotiverevista.pt\/#organization"},"image":{"@id":"https:\/\/automotiverevista.pt\/index.php\/2023\/10\/02\/abertas-as-inscricoes-para-curso-de-relojoaria-do-ipr\/#primaryimage"},"thumbnailUrl":"https:\/\/automotiverevista.pt\/wp-content\/uploads\/2023\/10\/12-750x375-1.jpg","articleSection":["Coffee Break"],"inLanguage":"pt-PT"},{"@type":"WebPage","@id":"https:\/\/automotiverevista.pt\/index.php\/2023\/10\/02\/abertas-as-inscricoes-para-curso-de-relojoaria-do-ipr\/","url":"https:\/\/automotiverevista.pt\/index.php\/2023\/10\/02\/abertas-as-inscricoes-para-curso-de-relojoaria-do-ipr\/","name":"Abertas as inscri\u00e7\u00f5es para curso de relojoaria do IPR - Revista Automotive","isPartOf":{"@id":"https:\/\/automotiverevista.pt\/#website"},"primaryImageOfPage":{"@id":"https:\/\/automotiverevista.pt\/index.php\/2023\/10\/02\/abertas-as-inscricoes-para-curso-de-relojoaria-do-ipr\/#primaryimage"},"image":{"@id":"https:\/\/automotiverevista.pt\/index.php\/2023\/10\/02\/abertas-as-inscricoes-para-curso-de-relojoaria-do-ipr\/#primaryimage"},"thumbnailUrl":"https:\/\/automotiverevista.pt\/wp-content\/uploads\/2023\/10\/12-750x375-1.jpg","datePublished":"2023-10-02T14:04:24+00:00","dateModified":"2023-10-02T14:04:36+00:00","description":"Entre outras atividades, no site do IPR - Instituto Portugu\u00eas de Relojoaria \u00e9 poss\u00edvel consultar o Blog Di\u00e1rio, enco","breadcrumb":{"@id":"https:\/\/automotiverevista.pt\/index.php\/2023\/10\/02\/abertas-as-inscricoes-para-curso-de-relojoaria-do-ipr\/#breadcrumb"},"inLanguage":"pt-PT","potentialAction":[{"@type":"ReadAction","target":["https:\/\/automotiverevista.pt\/index.php\/2023\/10\/02\/abertas-as-inscricoes-para-curso-de-relojoaria-do-ipr\/"]}]},{"@type":"ImageObject","inLanguage":"pt-PT","@id":"https:\/\/automotiverevista.pt\/index.php\/2023\/10\/02\/abertas-as-inscricoes-para-curso-de-relojoaria-do-ipr\/#primaryimage","url":"https:\/\/automotiverevista.pt\/wp-content\/uploads\/2023\/10\/12-750x375-1.jpg","contentUrl":"https:\/\/automotiverevista.pt\/wp-content\/uploads\/2023\/10\/12-750x375-1.jpg","width":750,"height":375},{"@type":"BreadcrumbList","@id":"https:\/\/automotiverevista.pt\/index.php\/2023\/10\/02\/abertas-as-inscricoes-para-curso-de-relojoaria-do-ipr\/#breadcrumb","itemListElement":[{"@type":"ListItem","position":1,"name":"Home","item":"https:\/\/automotiverevista.pt\/"},{"@type":"ListItem","position":2,"name":"Abertas as inscri\u00e7\u00f5es para curso de relojoaria do IPR"}]},{"@type":"WebSite","@id":"https:\/\/automotiverevista.pt\/#website","url":"https:\/\/automotiverevista.pt\/","name":"Revista Automotive","description":"Revista Automotive Portugal","publisher":{"@id":"https:\/\/automotiverevista.pt\/#organization"},"potentialAction":[{"@type":"SearchAction","target":{"@type":"EntryPoint","urlTemplate":"https:\/\/automotiverevista.pt\/?s={search_term_string}"},"query-input":{"@type":"PropertyValueSpecification","valueRequired":true,"valueName":"search_term_string"}}],"inLanguage":"pt-PT"},{"@type":"Organization","@id":"https:\/\/automotiverevista.pt\/#organization","name":"Revista Automotive Portugal","url":"https:\/\/automotiverevista.pt\/","logo":{"@type":"ImageObject","inLanguage":"pt-PT","@id":"https:\/\/automotiverevista.pt\/#\/schema\/logo\/image\/","url":"https:\/\/automotiverevista.pt\/wp-content\/uploads\/2022\/07\/Logo-Automotive-2021_500-1.jpg","contentUrl":"https:\/\/automotiverevista.pt\/wp-content\/uploads\/2022\/07\/Logo-Automotive-2021_500-1.jpg","width":500,"height":160,"caption":"Revista Automotive Portugal"},"image":{"@id":"https:\/\/automotiverevista.pt\/#\/schema\/logo\/image\/"},"sameAs":["https:\/\/linkedin.com\/in\/automotiverevista"]},{"@type":"Person","@id":"https:\/\/automotiverevista.pt\/#\/schema\/person\/1265858bc8c78a0f969de814da8be281","name":"adminNovo","image":{"@type":"ImageObject","inLanguage":"pt-PT","@id":"https:\/\/secure.gravatar.com\/avatar\/c606c1288dcc11eb4c709aa5136fdb962583c410f5c23c0b7bf6917c542be355?s=96&d=mm&r=g","url":"https:\/\/secure.gravatar.com\/avatar\/c606c1288dcc11eb4c709aa5136fdb962583c410f5c23c0b7bf6917c542be355?s=96&d=mm&r=g","contentUrl":"https:\/\/secure.gravatar.com\/avatar\/c606c1288dcc11eb4c709aa5136fdb962583c410f5c23c0b7bf6917c542be355?s=96&d=mm&r=g","caption":"adminNovo"},"sameAs":["https:\/\/automotiverevista.pt"],"url":"https:\/\/automotiverevista.pt\/index.php\/author\/adminnovo\/"}]}},"_links":{"self":[{"href":"https:\/\/automotiverevista.pt\/index.php\/wp-json\/wp\/v2\/posts\/4095","targetHints":{"allow":["GET"]}}],"collection":[{"href":"https:\/\/automotiverevista.pt\/index.php\/wp-json\/wp\/v2\/posts"}],"about":[{"href":"https:\/\/automotiverevista.pt\/index.php\/wp-json\/wp\/v2\/types\/post"}],"author":[{"embeddable":true,"href":"https:\/\/automotiverevista.pt\/index.php\/wp-json\/wp\/v2\/users\/1"}],"replies":[{"embeddable":true,"href":"https:\/\/automotiverevista.pt\/index.php\/wp-json\/wp\/v2\/comments?post=4095"}],"version-history":[{"count":1,"href":"https:\/\/automotiverevista.pt\/index.php\/wp-json\/wp\/v2\/posts\/4095\/revisions"}],"predecessor-version":[{"id":4098,"href":"https:\/\/automotiverevista.pt\/index.php\/wp-json\/wp\/v2\/posts\/4095\/revisions\/4098"}],"wp:featuredmedia":[{"embeddable":true,"href":"https:\/\/automotiverevista.pt\/index.php\/wp-json\/wp\/v2\/media\/4096"}],"wp:attachment":[{"href":"https:\/\/automotiverevista.pt\/index.php\/wp-json\/wp\/v2\/media?parent=4095"}],"wp:term":[{"taxonomy":"category","embeddable":true,"href":"https:\/\/automotiverevista.pt\/index.php\/wp-json\/wp\/v2\/categories?post=4095"},{"taxonomy":"post_tag","embeddable":true,"href":"https:\/\/automotiverevista.pt\/index.php\/wp-json\/wp\/v2\/tags?post=4095"}],"curies":[{"name":"wp","href":"https:\/\/api.w.org\/{rel}","templated":true}]}}