{"id":4121,"date":"2023-10-16T08:00:00","date_gmt":"2023-10-16T08:00:00","guid":{"rendered":"https:\/\/automotiverevista.pt\/?p=4121"},"modified":"2023-10-16T08:38:08","modified_gmt":"2023-10-16T08:38:08","slug":"lexus-rz-450e-versao-eletrica-do-luxo-contemporaneo","status":"publish","type":"post","link":"https:\/\/automotiverevista.pt\/index.php\/2023\/10\/16\/lexus-rz-450e-versao-eletrica-do-luxo-contemporaneo\/","title":{"rendered":"Lexus RZ 450e \u2013 a vers\u00e3o el\u00e9trica do luxo contempor\u00e2neo"},"content":{"rendered":"\n<p>Para realizar o assessment do novo Lexus RZ 450e, a Revista Automotive convidou Vasco Pacheco, gestor numa empresa de nutri\u00e7\u00e3o animal, bem como professor de economia e gest\u00e3o. O profissional transmitiu-nos assim, as suas sensa\u00e7\u00f5es de estar ao volante do primeiro carro 100% el\u00e9trico constru\u00eddo de raiz pela Lexus:<\/p>\n\n\n\n<p>\u201cQuando me fizeram o convite para testar um carro el\u00e9trico fiquei muito reticente. A minha prefer\u00eancia atualmente tem sido por carros mais antigos do que novos, porque nos novos tem-se perdido a \u201cpersonalidade\u201d de cada marca, o que afeta a sensa\u00e7\u00e3o de condu\u00e7\u00e3o. Habitualmente fa\u00e7o 50.000 km por ano, mas ultimamente tenho tido um ritmo diferente e baixado para os 30.000 km\/ano. Utilizo a viatura para trabalho e passeio, assim preciso de versatilidade, conforto e seguran\u00e7a.&nbsp;<\/p>\n\n\n\n<figure class=\"wp-block-image size-large\"><img decoding=\"async\" width=\"1024\" height=\"768\" src=\"https:\/\/automotiverevista.pt\/wp-content\/uploads\/2023\/10\/20230917_171712-1024x768.jpg\" alt=\"\" class=\"wp-image-4123\" srcset=\"https:\/\/automotiverevista.pt\/wp-content\/uploads\/2023\/10\/20230917_171712-1024x768.jpg 1024w, https:\/\/automotiverevista.pt\/wp-content\/uploads\/2023\/10\/20230917_171712-300x225.jpg 300w, https:\/\/automotiverevista.pt\/wp-content\/uploads\/2023\/10\/20230917_171712-768x576.jpg 768w, https:\/\/automotiverevista.pt\/wp-content\/uploads\/2023\/10\/20230917_171712-750x563.jpg 750w, https:\/\/automotiverevista.pt\/wp-content\/uploads\/2023\/10\/20230917_171712-1140x855.jpg 1140w, https:\/\/automotiverevista.pt\/wp-content\/uploads\/2023\/10\/20230917_171712.jpg 1500w\" sizes=\"(max-width: 1024px) 100vw, 1024px\" \/><\/figure>\n\n\n\n<p>Assim que entrei neste carro senti que se me tapassem o logotipo do volante, eu mesmo assim iria saber que estou dentro de um carro do grupo Toyota. Mant\u00e9m algumas refer\u00eancias e tem alguns pormenores, como as condutas de ar, os formatos dos bot\u00f5es, que nos transmitem essa informa\u00e7\u00e3o j\u00e1 gravada anteriormente na nossa mente. Deixou-me logo confort\u00e1vel. H\u00e1 marcas que quando avan\u00e7am para a eletrifica\u00e7\u00e3o acabam por \u201cdesfigurar\u201d o carro, perdendo assim a identidade t\u00e3o caracter\u00edstica da marca.<\/p>\n\n\n\n<figure class=\"wp-block-image size-large\"><img decoding=\"async\" width=\"1024\" height=\"799\" src=\"https:\/\/automotiverevista.pt\/wp-content\/uploads\/2023\/10\/IMG_2222_corte-1024x799.jpg\" alt=\"\" class=\"wp-image-4124\" srcset=\"https:\/\/automotiverevista.pt\/wp-content\/uploads\/2023\/10\/IMG_2222_corte-1024x799.jpg 1024w, https:\/\/automotiverevista.pt\/wp-content\/uploads\/2023\/10\/IMG_2222_corte-300x234.jpg 300w, https:\/\/automotiverevista.pt\/wp-content\/uploads\/2023\/10\/IMG_2222_corte-768x599.jpg 768w, https:\/\/automotiverevista.pt\/wp-content\/uploads\/2023\/10\/IMG_2222_corte-750x585.jpg 750w, https:\/\/automotiverevista.pt\/wp-content\/uploads\/2023\/10\/IMG_2222_corte-1140x889.jpg 1140w, https:\/\/automotiverevista.pt\/wp-content\/uploads\/2023\/10\/IMG_2222_corte.jpg 1442w\" sizes=\"(max-width: 1024px) 100vw, 1024px\" \/><\/figure>\n\n\n\n<p>Interessante que me sentei no carro e ajustei muito pouco o banco. A ergonomia da posi\u00e7\u00e3o de condu\u00e7\u00e3o est\u00e1 bem conseguida e fiquei logo bem posicionado. S\u00f3 tive de baixar o volante para conseguir ver a totalidade do painel de instrumentos, que est\u00e1 um pouco escondido.&nbsp;<\/p>\n\n\n\n<figure class=\"wp-block-image size-large\"><img decoding=\"async\" width=\"1024\" height=\"683\" src=\"https:\/\/automotiverevista.pt\/wp-content\/uploads\/2023\/10\/IMG_2252-1024x683.jpg\" alt=\"\" class=\"wp-image-4125\" srcset=\"https:\/\/automotiverevista.pt\/wp-content\/uploads\/2023\/10\/IMG_2252-1024x683.jpg 1024w, https:\/\/automotiverevista.pt\/wp-content\/uploads\/2023\/10\/IMG_2252-300x200.jpg 300w, https:\/\/automotiverevista.pt\/wp-content\/uploads\/2023\/10\/IMG_2252-768x512.jpg 768w, https:\/\/automotiverevista.pt\/wp-content\/uploads\/2023\/10\/IMG_2252-750x500.jpg 750w, https:\/\/automotiverevista.pt\/wp-content\/uploads\/2023\/10\/IMG_2252-1140x760.jpg 1140w, https:\/\/automotiverevista.pt\/wp-content\/uploads\/2023\/10\/IMG_2252.jpg 1500w\" sizes=\"(max-width: 1024px) 100vw, 1024px\" \/><\/figure>\n\n\n\n<p><strong>Teste din\u00e2mico<\/strong><\/p>\n\n\n\n<p>Ao conduzi-lo vi-me perfeitamente com um carro destes no dia-a-dia, porque este Lexus transmite uma \u00f3tima sensa\u00e7\u00e3o de condu\u00e7\u00e3o. Gosto da sensibilidade do trav\u00e3o, pensei que seria mais brusco. A sensa\u00e7\u00e3o que tenho de desacelera\u00e7\u00e3o \u00e9 igual a que tenho num carro a combust\u00e3o. A dire\u00e7\u00e3o \u00e9 bastante precisa e n\u00e3o \u00e9 demasiado leve. Gosto dos comandos do volante, com bot\u00f5es mais tradicionais e muito f\u00e1ceis de gerir. Os bot\u00f5es demasiados touchscreen d\u00e3o uma sensa\u00e7\u00e3o de fragilidade. Gosto de sentir bot\u00f5es f\u00edsicos, transmitem robustez. O volante deste RZ 450e \u00e9 fora de s\u00e9rie. Os comandos s\u00e3o intuitivos e virados para o condutor.&nbsp;<\/p>\n\n\n\n<figure class=\"wp-block-image size-large\"><img decoding=\"async\" width=\"1024\" height=\"683\" src=\"https:\/\/automotiverevista.pt\/wp-content\/uploads\/2023\/10\/IMG_2263-1024x683.jpg\" alt=\"\" class=\"wp-image-4126\" srcset=\"https:\/\/automotiverevista.pt\/wp-content\/uploads\/2023\/10\/IMG_2263-1024x683.jpg 1024w, https:\/\/automotiverevista.pt\/wp-content\/uploads\/2023\/10\/IMG_2263-300x200.jpg 300w, https:\/\/automotiverevista.pt\/wp-content\/uploads\/2023\/10\/IMG_2263-768x512.jpg 768w, https:\/\/automotiverevista.pt\/wp-content\/uploads\/2023\/10\/IMG_2263-750x500.jpg 750w, https:\/\/automotiverevista.pt\/wp-content\/uploads\/2023\/10\/IMG_2263-1140x760.jpg 1140w, https:\/\/automotiverevista.pt\/wp-content\/uploads\/2023\/10\/IMG_2263.jpg 1500w\" sizes=\"(max-width: 1024px) 100vw, 1024px\" \/><\/figure>\n\n\n\n<p>Tem muitos sistemas de aux\u00edlio \u00e0 condu\u00e7\u00e3o, v\u00e1rios deles s\u00e3o interventivos. No entanto, podem ser desligados se o condutor considerar que s\u00e3o demasiado interventivos. Interessante que fiz um percurso habitual, e este Lexus reconhece as faixas de rodagem onde o meu carro n\u00e3o consegue. Percebe-se que os sensores deste Lexus est\u00e3o mais avan\u00e7ados.&nbsp;<\/p>\n\n\n\n<p>Testei os cinco modos de condu\u00e7\u00e3o: Eco, Normal, Sport, Range (privilegia a autonomia da bateria) e o Custom (onde podemos parametrizar). Cada um tem uma caracter\u00edstica pr\u00f3pria e adequada a cada gosto ou estados d\u2019alma.&nbsp;<\/p>\n\n\n\n<figure class=\"wp-block-image size-large\"><img decoding=\"async\" width=\"1024\" height=\"683\" src=\"https:\/\/automotiverevista.pt\/wp-content\/uploads\/2023\/10\/IMG_2272-1024x683.jpg\" alt=\"\" class=\"wp-image-4127\" srcset=\"https:\/\/automotiverevista.pt\/wp-content\/uploads\/2023\/10\/IMG_2272-1024x683.jpg 1024w, https:\/\/automotiverevista.pt\/wp-content\/uploads\/2023\/10\/IMG_2272-300x200.jpg 300w, https:\/\/automotiverevista.pt\/wp-content\/uploads\/2023\/10\/IMG_2272-768x512.jpg 768w, https:\/\/automotiverevista.pt\/wp-content\/uploads\/2023\/10\/IMG_2272-750x500.jpg 750w, https:\/\/automotiverevista.pt\/wp-content\/uploads\/2023\/10\/IMG_2272-1140x760.jpg 1140w, https:\/\/automotiverevista.pt\/wp-content\/uploads\/2023\/10\/IMG_2272.jpg 1500w\" sizes=\"(max-width: 1024px) 100vw, 1024px\" \/><\/figure>\n\n\n\n<p><strong>Seguran\u00e7a e conforto<\/strong><\/p>\n\n\n\n<p>O sistema de antiabertura das portas (se vier um carro) \u00e9 muito importante &#8211; \u00e9 mais um ponto de seguran\u00e7a para todos. Apesar do tamanho, \u00e9 um carro f\u00e1cil de manobrar, mesmo em espa\u00e7os pequenos. Sabemos que \u00e9 um carro alto e largo, porque transmite essa robustez na condu\u00e7\u00e3o, mas nem por isso deixa de ser \u00e1gil e suave. A insonoriza\u00e7\u00e3o \u00e9 \u00f3tima.&nbsp;<\/p>\n\n\n\n<p>Acho que a Lexus conseguiu fazer bem a transi\u00e7\u00e3o para o el\u00e9trico. Quando um carro \u00e9 demasiado digital, fica de tal forma confuso que o condutor n\u00e3o se sente \u00e0 vontade com os comandos, um simples toque e perdemos a rota, muda de m\u00fasica, enfim causa logo uma entropia dentro do carro.&nbsp;<\/p>\n\n\n\n<figure class=\"wp-block-image size-large\"><img decoding=\"async\" width=\"1024\" height=\"683\" src=\"https:\/\/automotiverevista.pt\/wp-content\/uploads\/2023\/10\/IMG_2299-1024x683.jpg\" alt=\"\" class=\"wp-image-4128\" srcset=\"https:\/\/automotiverevista.pt\/wp-content\/uploads\/2023\/10\/IMG_2299-1024x683.jpg 1024w, https:\/\/automotiverevista.pt\/wp-content\/uploads\/2023\/10\/IMG_2299-300x200.jpg 300w, https:\/\/automotiverevista.pt\/wp-content\/uploads\/2023\/10\/IMG_2299-768x512.jpg 768w, https:\/\/automotiverevista.pt\/wp-content\/uploads\/2023\/10\/IMG_2299-750x500.jpg 750w, https:\/\/automotiverevista.pt\/wp-content\/uploads\/2023\/10\/IMG_2299-1140x760.jpg 1140w, https:\/\/automotiverevista.pt\/wp-content\/uploads\/2023\/10\/IMG_2299.jpg 1500w\" sizes=\"(max-width: 1024px) 100vw, 1024px\" \/><\/figure>\n\n\n\n<p>No dia-a-dia, conduzo um carro a combust\u00e3o e com caixa de velocidades manual, sinto que a passagem para este el\u00e9trico se faz bem. Tem uma \u00f3tima facilidade de adapta\u00e7\u00e3o. \u00c9 adequado para o meu estilo de condu\u00e7\u00e3o.<\/p>\n\n\n\n<p><strong>Adapta\u00e7\u00e3o e veracidade<\/strong><\/p>\n\n\n\n<p>Al\u00e9m de muitas coisas boas, diria que a grande mais-valia deste RZ 450e \u00e9 que uma pessoa n\u00e3o precisa de investir muito do seu tempo, para se capacitar a conduzi-lo. Convivo precisamente com esse p\u00fablico. A nutri\u00e7\u00e3o animal, \u00e9 uma \u00e1rea que lida com pessoas que s\u00e3o muito bem-sucedidas na vida e uma das barreiras da tecnologia \u00e9 precisamente o investimento de tempo que se tem de fazer, para se adequar e ajustar os par\u00e2metros de um carro muito tecnol\u00f3gico.&nbsp;<\/p>\n\n\n\n<figure class=\"wp-block-image size-large\"><img decoding=\"async\" width=\"1024\" height=\"683\" src=\"https:\/\/automotiverevista.pt\/wp-content\/uploads\/2023\/10\/IMG_2313-1024x683.jpg\" alt=\"\" class=\"wp-image-4129\" srcset=\"https:\/\/automotiverevista.pt\/wp-content\/uploads\/2023\/10\/IMG_2313-1024x683.jpg 1024w, https:\/\/automotiverevista.pt\/wp-content\/uploads\/2023\/10\/IMG_2313-300x200.jpg 300w, https:\/\/automotiverevista.pt\/wp-content\/uploads\/2023\/10\/IMG_2313-768x512.jpg 768w, https:\/\/automotiverevista.pt\/wp-content\/uploads\/2023\/10\/IMG_2313-750x500.jpg 750w, https:\/\/automotiverevista.pt\/wp-content\/uploads\/2023\/10\/IMG_2313-1140x760.jpg 1140w, https:\/\/automotiverevista.pt\/wp-content\/uploads\/2023\/10\/IMG_2313.jpg 1500w\" sizes=\"(max-width: 1024px) 100vw, 1024px\" \/><\/figure>\n\n\n\n<p>Um carro muito complexo, com centenas de op\u00e7\u00f5es, perde-se muito tempo at\u00e9 ficar confort\u00e1vel e ter o carro programado \u00e0 sua maneira. Este \u00e9 o contr\u00e1rio, o carro j\u00e1 vem programado de uma maneira confort\u00e1vel e simples (sem ser simplista). Depois se quisermos, h\u00e1 um mundo de coisas a explorar, mas o impacto inicial \u00e9 nulo.<\/p>\n\n\n\n<p>As pessoas que t\u00eam estima e valorizam os seus animais, s\u00e3o mais \u201ctradicionais\u201d no sentido de valorizar a qualidade e confian\u00e7a; assim como eu, apreciam a realidade das coisas. A autonomia que este Lexus informa, \u00e9 aquela que efetivamente est\u00e1 a cumprir.&nbsp;<\/p>\n\n\n\n<figure class=\"wp-block-image size-large\"><img decoding=\"async\" width=\"1024\" height=\"683\" src=\"https:\/\/automotiverevista.pt\/wp-content\/uploads\/2023\/10\/IMG_2327-1024x683.jpg\" alt=\"\" class=\"wp-image-4130\" srcset=\"https:\/\/automotiverevista.pt\/wp-content\/uploads\/2023\/10\/IMG_2327-1024x683.jpg 1024w, https:\/\/automotiverevista.pt\/wp-content\/uploads\/2023\/10\/IMG_2327-300x200.jpg 300w, https:\/\/automotiverevista.pt\/wp-content\/uploads\/2023\/10\/IMG_2327-768x512.jpg 768w, https:\/\/automotiverevista.pt\/wp-content\/uploads\/2023\/10\/IMG_2327-750x500.jpg 750w, https:\/\/automotiverevista.pt\/wp-content\/uploads\/2023\/10\/IMG_2327-1140x760.jpg 1140w, https:\/\/automotiverevista.pt\/wp-content\/uploads\/2023\/10\/IMG_2327.jpg 1500w\" sizes=\"(max-width: 1024px) 100vw, 1024px\" \/><\/figure>\n\n\n\n<p><strong>Valores da marca<\/strong><\/p>\n\n\n\n<p>Considero a Lexus uma marca com credibilidade e coer\u00eancia. H\u00e1 marcas muito disruptivas no mercado dos el\u00e9tricos, mas que de repente, baixam os pre\u00e7os dos carros abruptamente sem raz\u00e3o de fundo. Isso desvaloriza a marca e defrauda os clientes.&nbsp;<\/p>\n\n\n\n<p>A Lexus \u00e9 uma marca que se valoriza e isso nota-se neste RZ, quer pela est\u00e9tica exterior muito aprimorada, quer pelo interior onde \u00e9 bastante envolvente. Os el\u00e9tricos tipicamente t\u00eam interiores muito despidos: t\u00eam um volante e um <em>tablet<\/em> ao meio do tablier. Este carro tem uma envolv\u00eancia com os passageiros.&nbsp; Conduzi-o algumas horas e senti que j\u00e1 o conduzo h\u00e1 v\u00e1rios anos. D\u00e1-nos uma confian\u00e7a genu\u00edna, que depois alicia a explorarmos mais a verdadeira din\u00e2mica do carro, com o seus mais de 300cv.<\/p>\n\n\n\n<figure class=\"wp-block-image size-large\"><img decoding=\"async\" width=\"1024\" height=\"683\" src=\"https:\/\/automotiverevista.pt\/wp-content\/uploads\/2023\/10\/IMG_2360-1024x683.jpg\" alt=\"\" class=\"wp-image-4131\" srcset=\"https:\/\/automotiverevista.pt\/wp-content\/uploads\/2023\/10\/IMG_2360-1024x683.jpg 1024w, https:\/\/automotiverevista.pt\/wp-content\/uploads\/2023\/10\/IMG_2360-300x200.jpg 300w, https:\/\/automotiverevista.pt\/wp-content\/uploads\/2023\/10\/IMG_2360-768x512.jpg 768w, https:\/\/automotiverevista.pt\/wp-content\/uploads\/2023\/10\/IMG_2360-750x500.jpg 750w, https:\/\/automotiverevista.pt\/wp-content\/uploads\/2023\/10\/IMG_2360-1140x760.jpg 1140w, https:\/\/automotiverevista.pt\/wp-content\/uploads\/2023\/10\/IMG_2360.jpg 1500w\" sizes=\"(max-width: 1024px) 100vw, 1024px\" \/><\/figure>\n\n\n\n<p>J\u00e1 tinha conduzido outros carros el\u00e9tricos e n\u00e3o me tinha sentido deslumbrado. Neste RZ sinto-me deslumbrado. Tem presen\u00e7a e personalidade. Al\u00e9m de um espa\u00e7o interior abundante, inclusivamente para os ocupantes traseiros. Com este RZ 450e, sinto que \u00e9 ligar e andar. Tudo funciona bem \u00e0 primeira, n\u00e3o h\u00e1 uma disrup\u00e7\u00e3o que \u00e9 desconfort\u00e1vel.<\/p>\n\n\n\n<p>Sou uma pessoa muito low-profile, e \u00e0 partida n\u00e3o pensaria num Lexus para mim. At\u00e9 conduzir este RZ. Senti-me bem com este carro. N\u00e3o tem um luxo opressivo ou ostensivo. Transmite bom gosto e uma contemporaneidade inteligente\u201d conclui Vasco Pacheco.<\/p>\n\n\n","protected":false},"excerpt":{"rendered":"<p>Para realizar o assessment do novo Lexus RZ 450e, a Revista Automotive convidou Vasco Pacheco, gestor numa empresa de nutri\u00e7\u00e3o animal, bem como professor de economia e gest\u00e3o. O profissional transmitiu-nos assim, as suas sensa\u00e7\u00f5es de estar ao volante do primeiro carro 100% el\u00e9trico constru\u00eddo de raiz pela Lexus: \u201cQuando me fizeram o convite para [&hellip;]<\/p>\n","protected":false},"author":3,"featured_media":4235,"comment_status":"closed","ping_status":"open","sticky":false,"template":"","format":"standard","meta":{"jnews-multi-image_gallery":[],"jnews_single_post":{"subtitle":"","format":"standard","video":"","gallery":"","source_name":"","source_url":"","via_name":"","via_url":"","override_template":"0","override":[{"template":"2","single_blog_custom":"","parallax":"1","fullscreen":"1","layout":"right-sidebar","sidebar":"default-sidebar","second_sidebar":"default-sidebar","sticky_sidebar":"1","share_position":"topbottom","share_float_style":"share-monocrhome","show_share_counter":"0","show_view_counter":"0","show_featured":"1","show_post_meta":"1","show_post_author":"0","show_post_author_image":"1","show_post_date":"1","post_date_format":"default","post_date_format_custom":"Y\/m\/d","show_post_category":"1","show_post_reading_time":"0","post_reading_time_wpm":"300","show_zoom_button":"0","zoom_button_out_step":"2","zoom_button_in_step":"3","show_post_tag":"1","show_prev_next_post":"0","show_popup_post":"1","number_popup_post":"1","show_author_box":"0","show_post_related":"1","show_inline_post_related":"1"}],"override_image_size":"0","image_override":[{"single_post_thumbnail_size":"crop-500","single_post_gallery_size":"crop-500"}],"trending_post":"0","trending_post_position":"meta","trending_post_label":"Trending","sponsored_post":"0","sponsored_post_label":"Sponsored by","sponsored_post_name":"","sponsored_post_url":"","sponsored_post_logo_enable":"0","sponsored_post_logo":"","sponsored_post_desc":"","disable_ad":"0"},"jnews_primary_category":{"id":"","hide":""},"footnotes":""},"categories":[23],"tags":[],"class_list":["post-4121","post","type-post","status-publish","format-standard","has-post-thumbnail","hentry","category-frotas"],"yoast_head":"<!-- This site is optimized with the Yoast SEO Premium plugin v27.2 (Yoast SEO v27.5) - https:\/\/yoast.com\/product\/yoast-seo-premium-wordpress\/ -->\n<title>Lexus RZ 450e \u2013 a vers\u00e3o el\u00e9trica do luxo contempor\u00e2neo - Revista Automotive %<\/title>\n<meta name=\"description\" content=\"Lexus RZ 450e \u2013 a vers\u00e3o el\u00e9trica do luxo contempor\u00e2neo. a Lexus uma marca com credibilidade e coer\u00eancia\" \/>\n<meta name=\"robots\" content=\"index, follow, max-snippet:-1, max-image-preview:large, max-video-preview:-1\" \/>\n<link rel=\"canonical\" href=\"https:\/\/automotiverevista.pt\/index.php\/2023\/10\/16\/lexus-rz-450e-versao-eletrica-do-luxo-contemporaneo\/\" \/>\n<meta property=\"og:locale\" content=\"pt_PT\" \/>\n<meta property=\"og:type\" content=\"article\" \/>\n<meta property=\"og:title\" content=\"Lexus RZ 450e \u2013 a vers\u00e3o el\u00e9trica do luxo contempor\u00e2neo\" \/>\n<meta property=\"og:description\" content=\"Lexus RZ 450e \u2013 a vers\u00e3o el\u00e9trica do luxo contempor\u00e2neo. a Lexus uma marca com credibilidade e coer\u00eancia\" \/>\n<meta property=\"og:url\" content=\"https:\/\/automotiverevista.pt\/index.php\/2023\/10\/16\/lexus-rz-450e-versao-eletrica-do-luxo-contemporaneo\/\" \/>\n<meta property=\"og:site_name\" content=\"Revista Automotive\" \/>\n<meta property=\"article:published_time\" content=\"2023-10-16T08:00:00+00:00\" \/>\n<meta property=\"article:modified_time\" content=\"2023-10-16T08:38:08+00:00\" \/>\n<meta property=\"og:image\" content=\"https:\/\/automotiverevista.pt\/wp-content\/uploads\/2023\/10\/IMG_2242_Low-scaled.jpg\" \/>\n\t<meta property=\"og:image:width\" content=\"2560\" \/>\n\t<meta property=\"og:image:height\" content=\"1707\" \/>\n\t<meta property=\"og:image:type\" content=\"image\/jpeg\" \/>\n<meta name=\"author\" content=\"MiguelMarques\" \/>\n<meta name=\"twitter:card\" content=\"summary_large_image\" \/>\n<meta name=\"twitter:label1\" content=\"Escrito por\" \/>\n\t<meta name=\"twitter:data1\" content=\"MiguelMarques\" \/>\n\t<meta name=\"twitter:label2\" content=\"Tempo estimado de leitura\" \/>\n\t<meta name=\"twitter:data2\" content=\"8 minutos\" \/>\n<script type=\"application\/ld+json\" class=\"yoast-schema-graph\">{\"@context\":\"https:\\\/\\\/schema.org\",\"@graph\":[{\"@type\":\"Article\",\"@id\":\"https:\\\/\\\/automotiverevista.pt\\\/index.php\\\/2023\\\/10\\\/16\\\/lexus-rz-450e-versao-eletrica-do-luxo-contemporaneo\\\/#article\",\"isPartOf\":{\"@id\":\"https:\\\/\\\/automotiverevista.pt\\\/index.php\\\/2023\\\/10\\\/16\\\/lexus-rz-450e-versao-eletrica-do-luxo-contemporaneo\\\/\"},\"author\":{\"name\":\"MiguelMarques\",\"@id\":\"https:\\\/\\\/automotiverevista.pt\\\/#\\\/schema\\\/person\\\/d705335f9c428a4a0cae3d11afb2e0ef\"},\"headline\":\"Lexus RZ 450e \u2013 a vers\u00e3o el\u00e9trica do luxo contempor\u00e2neo\",\"datePublished\":\"2023-10-16T08:00:00+00:00\",\"dateModified\":\"2023-10-16T08:38:08+00:00\",\"mainEntityOfPage\":{\"@id\":\"https:\\\/\\\/automotiverevista.pt\\\/index.php\\\/2023\\\/10\\\/16\\\/lexus-rz-450e-versao-eletrica-do-luxo-contemporaneo\\\/\"},\"wordCount\":1097,\"publisher\":{\"@id\":\"https:\\\/\\\/automotiverevista.pt\\\/#organization\"},\"image\":{\"@id\":\"https:\\\/\\\/automotiverevista.pt\\\/index.php\\\/2023\\\/10\\\/16\\\/lexus-rz-450e-versao-eletrica-do-luxo-contemporaneo\\\/#primaryimage\"},\"thumbnailUrl\":\"https:\\\/\\\/automotiverevista.pt\\\/wp-content\\\/uploads\\\/2023\\\/10\\\/IMG_2242_Low-scaled.jpg\",\"articleSection\":[\"Frotas\"],\"inLanguage\":\"pt-PT\"},{\"@type\":\"WebPage\",\"@id\":\"https:\\\/\\\/automotiverevista.pt\\\/index.php\\\/2023\\\/10\\\/16\\\/lexus-rz-450e-versao-eletrica-do-luxo-contemporaneo\\\/\",\"url\":\"https:\\\/\\\/automotiverevista.pt\\\/index.php\\\/2023\\\/10\\\/16\\\/lexus-rz-450e-versao-eletrica-do-luxo-contemporaneo\\\/\",\"name\":\"Lexus RZ 450e \u2013 a vers\u00e3o el\u00e9trica do luxo contempor\u00e2neo - Revista Automotive %\",\"isPartOf\":{\"@id\":\"https:\\\/\\\/automotiverevista.pt\\\/#website\"},\"primaryImageOfPage\":{\"@id\":\"https:\\\/\\\/automotiverevista.pt\\\/index.php\\\/2023\\\/10\\\/16\\\/lexus-rz-450e-versao-eletrica-do-luxo-contemporaneo\\\/#primaryimage\"},\"image\":{\"@id\":\"https:\\\/\\\/automotiverevista.pt\\\/index.php\\\/2023\\\/10\\\/16\\\/lexus-rz-450e-versao-eletrica-do-luxo-contemporaneo\\\/#primaryimage\"},\"thumbnailUrl\":\"https:\\\/\\\/automotiverevista.pt\\\/wp-content\\\/uploads\\\/2023\\\/10\\\/IMG_2242_Low-scaled.jpg\",\"datePublished\":\"2023-10-16T08:00:00+00:00\",\"dateModified\":\"2023-10-16T08:38:08+00:00\",\"description\":\"Lexus RZ 450e \u2013 a vers\u00e3o el\u00e9trica do luxo contempor\u00e2neo. a Lexus uma marca com credibilidade e coer\u00eancia\",\"breadcrumb\":{\"@id\":\"https:\\\/\\\/automotiverevista.pt\\\/index.php\\\/2023\\\/10\\\/16\\\/lexus-rz-450e-versao-eletrica-do-luxo-contemporaneo\\\/#breadcrumb\"},\"inLanguage\":\"pt-PT\",\"potentialAction\":[{\"@type\":\"ReadAction\",\"target\":[\"https:\\\/\\\/automotiverevista.pt\\\/index.php\\\/2023\\\/10\\\/16\\\/lexus-rz-450e-versao-eletrica-do-luxo-contemporaneo\\\/\"]}]},{\"@type\":\"ImageObject\",\"inLanguage\":\"pt-PT\",\"@id\":\"https:\\\/\\\/automotiverevista.pt\\\/index.php\\\/2023\\\/10\\\/16\\\/lexus-rz-450e-versao-eletrica-do-luxo-contemporaneo\\\/#primaryimage\",\"url\":\"https:\\\/\\\/automotiverevista.pt\\\/wp-content\\\/uploads\\\/2023\\\/10\\\/IMG_2242_Low-scaled.jpg\",\"contentUrl\":\"https:\\\/\\\/automotiverevista.pt\\\/wp-content\\\/uploads\\\/2023\\\/10\\\/IMG_2242_Low-scaled.jpg\",\"width\":2560,\"height\":1707},{\"@type\":\"BreadcrumbList\",\"@id\":\"https:\\\/\\\/automotiverevista.pt\\\/index.php\\\/2023\\\/10\\\/16\\\/lexus-rz-450e-versao-eletrica-do-luxo-contemporaneo\\\/#breadcrumb\",\"itemListElement\":[{\"@type\":\"ListItem\",\"position\":1,\"name\":\"Home\",\"item\":\"https:\\\/\\\/automotiverevista.pt\\\/\"},{\"@type\":\"ListItem\",\"position\":2,\"name\":\"Lexus RZ 450e \u2013 a vers\u00e3o el\u00e9trica do luxo contempor\u00e2neo\"}]},{\"@type\":\"WebSite\",\"@id\":\"https:\\\/\\\/automotiverevista.pt\\\/#website\",\"url\":\"https:\\\/\\\/automotiverevista.pt\\\/\",\"name\":\"Revista Automotive\",\"description\":\"Revista Automotive Portugal\",\"publisher\":{\"@id\":\"https:\\\/\\\/automotiverevista.pt\\\/#organization\"},\"potentialAction\":[{\"@type\":\"SearchAction\",\"target\":{\"@type\":\"EntryPoint\",\"urlTemplate\":\"https:\\\/\\\/automotiverevista.pt\\\/?s={search_term_string}\"},\"query-input\":{\"@type\":\"PropertyValueSpecification\",\"valueRequired\":true,\"valueName\":\"search_term_string\"}}],\"inLanguage\":\"pt-PT\"},{\"@type\":\"Organization\",\"@id\":\"https:\\\/\\\/automotiverevista.pt\\\/#organization\",\"name\":\"Revista Automotive Portugal\",\"url\":\"https:\\\/\\\/automotiverevista.pt\\\/\",\"logo\":{\"@type\":\"ImageObject\",\"inLanguage\":\"pt-PT\",\"@id\":\"https:\\\/\\\/automotiverevista.pt\\\/#\\\/schema\\\/logo\\\/image\\\/\",\"url\":\"https:\\\/\\\/automotiverevista.pt\\\/wp-content\\\/uploads\\\/2022\\\/07\\\/Logo-Automotive-2021_500-1.jpg\",\"contentUrl\":\"https:\\\/\\\/automotiverevista.pt\\\/wp-content\\\/uploads\\\/2022\\\/07\\\/Logo-Automotive-2021_500-1.jpg\",\"width\":500,\"height\":160,\"caption\":\"Revista Automotive Portugal\"},\"image\":{\"@id\":\"https:\\\/\\\/automotiverevista.pt\\\/#\\\/schema\\\/logo\\\/image\\\/\"},\"sameAs\":[\"https:\\\/\\\/linkedin.com\\\/in\\\/automotiverevista\"]},{\"@type\":\"Person\",\"@id\":\"https:\\\/\\\/automotiverevista.pt\\\/#\\\/schema\\\/person\\\/d705335f9c428a4a0cae3d11afb2e0ef\",\"name\":\"MiguelMarques\",\"image\":{\"@type\":\"ImageObject\",\"inLanguage\":\"pt-PT\",\"@id\":\"https:\\\/\\\/secure.gravatar.com\\\/avatar\\\/635d1f118671d87c579d5e4f6491bfc0081e3bbddd605eb321931e9c938270b5?s=96&d=mm&r=g\",\"url\":\"https:\\\/\\\/secure.gravatar.com\\\/avatar\\\/635d1f118671d87c579d5e4f6491bfc0081e3bbddd605eb321931e9c938270b5?s=96&d=mm&r=g\",\"contentUrl\":\"https:\\\/\\\/secure.gravatar.com\\\/avatar\\\/635d1f118671d87c579d5e4f6491bfc0081e3bbddd605eb321931e9c938270b5?s=96&d=mm&r=g\",\"caption\":\"MiguelMarques\"},\"url\":\"https:\\\/\\\/automotiverevista.pt\\\/index.php\\\/author\\\/miguelmarques\\\/\"}]}<\/script>\n<!-- \/ Yoast SEO Premium plugin. -->","yoast_head_json":{"title":"Lexus RZ 450e \u2013 a vers\u00e3o el\u00e9trica do luxo contempor\u00e2neo - Revista Automotive %","description":"Lexus RZ 450e \u2013 a vers\u00e3o el\u00e9trica do luxo contempor\u00e2neo. a Lexus uma marca com credibilidade e coer\u00eancia","robots":{"index":"index","follow":"follow","max-snippet":"max-snippet:-1","max-image-preview":"max-image-preview:large","max-video-preview":"max-video-preview:-1"},"canonical":"https:\/\/automotiverevista.pt\/index.php\/2023\/10\/16\/lexus-rz-450e-versao-eletrica-do-luxo-contemporaneo\/","og_locale":"pt_PT","og_type":"article","og_title":"Lexus RZ 450e \u2013 a vers\u00e3o el\u00e9trica do luxo contempor\u00e2neo","og_description":"Lexus RZ 450e \u2013 a vers\u00e3o el\u00e9trica do luxo contempor\u00e2neo. a Lexus uma marca com credibilidade e coer\u00eancia","og_url":"https:\/\/automotiverevista.pt\/index.php\/2023\/10\/16\/lexus-rz-450e-versao-eletrica-do-luxo-contemporaneo\/","og_site_name":"Revista Automotive","article_published_time":"2023-10-16T08:00:00+00:00","article_modified_time":"2023-10-16T08:38:08+00:00","og_image":[{"width":2560,"height":1707,"url":"https:\/\/automotiverevista.pt\/wp-content\/uploads\/2023\/10\/IMG_2242_Low-scaled.jpg","type":"image\/jpeg"}],"author":"MiguelMarques","twitter_card":"summary_large_image","twitter_misc":{"Escrito por":"MiguelMarques","Tempo estimado de leitura":"8 minutos"},"schema":{"@context":"https:\/\/schema.org","@graph":[{"@type":"Article","@id":"https:\/\/automotiverevista.pt\/index.php\/2023\/10\/16\/lexus-rz-450e-versao-eletrica-do-luxo-contemporaneo\/#article","isPartOf":{"@id":"https:\/\/automotiverevista.pt\/index.php\/2023\/10\/16\/lexus-rz-450e-versao-eletrica-do-luxo-contemporaneo\/"},"author":{"name":"MiguelMarques","@id":"https:\/\/automotiverevista.pt\/#\/schema\/person\/d705335f9c428a4a0cae3d11afb2e0ef"},"headline":"Lexus RZ 450e \u2013 a vers\u00e3o el\u00e9trica do luxo contempor\u00e2neo","datePublished":"2023-10-16T08:00:00+00:00","dateModified":"2023-10-16T08:38:08+00:00","mainEntityOfPage":{"@id":"https:\/\/automotiverevista.pt\/index.php\/2023\/10\/16\/lexus-rz-450e-versao-eletrica-do-luxo-contemporaneo\/"},"wordCount":1097,"publisher":{"@id":"https:\/\/automotiverevista.pt\/#organization"},"image":{"@id":"https:\/\/automotiverevista.pt\/index.php\/2023\/10\/16\/lexus-rz-450e-versao-eletrica-do-luxo-contemporaneo\/#primaryimage"},"thumbnailUrl":"https:\/\/automotiverevista.pt\/wp-content\/uploads\/2023\/10\/IMG_2242_Low-scaled.jpg","articleSection":["Frotas"],"inLanguage":"pt-PT"},{"@type":"WebPage","@id":"https:\/\/automotiverevista.pt\/index.php\/2023\/10\/16\/lexus-rz-450e-versao-eletrica-do-luxo-contemporaneo\/","url":"https:\/\/automotiverevista.pt\/index.php\/2023\/10\/16\/lexus-rz-450e-versao-eletrica-do-luxo-contemporaneo\/","name":"Lexus RZ 450e \u2013 a vers\u00e3o el\u00e9trica do luxo contempor\u00e2neo - Revista Automotive %","isPartOf":{"@id":"https:\/\/automotiverevista.pt\/#website"},"primaryImageOfPage":{"@id":"https:\/\/automotiverevista.pt\/index.php\/2023\/10\/16\/lexus-rz-450e-versao-eletrica-do-luxo-contemporaneo\/#primaryimage"},"image":{"@id":"https:\/\/automotiverevista.pt\/index.php\/2023\/10\/16\/lexus-rz-450e-versao-eletrica-do-luxo-contemporaneo\/#primaryimage"},"thumbnailUrl":"https:\/\/automotiverevista.pt\/wp-content\/uploads\/2023\/10\/IMG_2242_Low-scaled.jpg","datePublished":"2023-10-16T08:00:00+00:00","dateModified":"2023-10-16T08:38:08+00:00","description":"Lexus RZ 450e \u2013 a vers\u00e3o el\u00e9trica do luxo contempor\u00e2neo. a Lexus uma marca com credibilidade e coer\u00eancia","breadcrumb":{"@id":"https:\/\/automotiverevista.pt\/index.php\/2023\/10\/16\/lexus-rz-450e-versao-eletrica-do-luxo-contemporaneo\/#breadcrumb"},"inLanguage":"pt-PT","potentialAction":[{"@type":"ReadAction","target":["https:\/\/automotiverevista.pt\/index.php\/2023\/10\/16\/lexus-rz-450e-versao-eletrica-do-luxo-contemporaneo\/"]}]},{"@type":"ImageObject","inLanguage":"pt-PT","@id":"https:\/\/automotiverevista.pt\/index.php\/2023\/10\/16\/lexus-rz-450e-versao-eletrica-do-luxo-contemporaneo\/#primaryimage","url":"https:\/\/automotiverevista.pt\/wp-content\/uploads\/2023\/10\/IMG_2242_Low-scaled.jpg","contentUrl":"https:\/\/automotiverevista.pt\/wp-content\/uploads\/2023\/10\/IMG_2242_Low-scaled.jpg","width":2560,"height":1707},{"@type":"BreadcrumbList","@id":"https:\/\/automotiverevista.pt\/index.php\/2023\/10\/16\/lexus-rz-450e-versao-eletrica-do-luxo-contemporaneo\/#breadcrumb","itemListElement":[{"@type":"ListItem","position":1,"name":"Home","item":"https:\/\/automotiverevista.pt\/"},{"@type":"ListItem","position":2,"name":"Lexus RZ 450e \u2013 a vers\u00e3o el\u00e9trica do luxo contempor\u00e2neo"}]},{"@type":"WebSite","@id":"https:\/\/automotiverevista.pt\/#website","url":"https:\/\/automotiverevista.pt\/","name":"Revista Automotive","description":"Revista Automotive Portugal","publisher":{"@id":"https:\/\/automotiverevista.pt\/#organization"},"potentialAction":[{"@type":"SearchAction","target":{"@type":"EntryPoint","urlTemplate":"https:\/\/automotiverevista.pt\/?s={search_term_string}"},"query-input":{"@type":"PropertyValueSpecification","valueRequired":true,"valueName":"search_term_string"}}],"inLanguage":"pt-PT"},{"@type":"Organization","@id":"https:\/\/automotiverevista.pt\/#organization","name":"Revista Automotive Portugal","url":"https:\/\/automotiverevista.pt\/","logo":{"@type":"ImageObject","inLanguage":"pt-PT","@id":"https:\/\/automotiverevista.pt\/#\/schema\/logo\/image\/","url":"https:\/\/automotiverevista.pt\/wp-content\/uploads\/2022\/07\/Logo-Automotive-2021_500-1.jpg","contentUrl":"https:\/\/automotiverevista.pt\/wp-content\/uploads\/2022\/07\/Logo-Automotive-2021_500-1.jpg","width":500,"height":160,"caption":"Revista Automotive Portugal"},"image":{"@id":"https:\/\/automotiverevista.pt\/#\/schema\/logo\/image\/"},"sameAs":["https:\/\/linkedin.com\/in\/automotiverevista"]},{"@type":"Person","@id":"https:\/\/automotiverevista.pt\/#\/schema\/person\/d705335f9c428a4a0cae3d11afb2e0ef","name":"MiguelMarques","image":{"@type":"ImageObject","inLanguage":"pt-PT","@id":"https:\/\/secure.gravatar.com\/avatar\/635d1f118671d87c579d5e4f6491bfc0081e3bbddd605eb321931e9c938270b5?s=96&d=mm&r=g","url":"https:\/\/secure.gravatar.com\/avatar\/635d1f118671d87c579d5e4f6491bfc0081e3bbddd605eb321931e9c938270b5?s=96&d=mm&r=g","contentUrl":"https:\/\/secure.gravatar.com\/avatar\/635d1f118671d87c579d5e4f6491bfc0081e3bbddd605eb321931e9c938270b5?s=96&d=mm&r=g","caption":"MiguelMarques"},"url":"https:\/\/automotiverevista.pt\/index.php\/author\/miguelmarques\/"}]}},"_links":{"self":[{"href":"https:\/\/automotiverevista.pt\/index.php\/wp-json\/wp\/v2\/posts\/4121","targetHints":{"allow":["GET"]}}],"collection":[{"href":"https:\/\/automotiverevista.pt\/index.php\/wp-json\/wp\/v2\/posts"}],"about":[{"href":"https:\/\/automotiverevista.pt\/index.php\/wp-json\/wp\/v2\/types\/post"}],"author":[{"embeddable":true,"href":"https:\/\/automotiverevista.pt\/index.php\/wp-json\/wp\/v2\/users\/3"}],"replies":[{"embeddable":true,"href":"https:\/\/automotiverevista.pt\/index.php\/wp-json\/wp\/v2\/comments?post=4121"}],"version-history":[{"count":2,"href":"https:\/\/automotiverevista.pt\/index.php\/wp-json\/wp\/v2\/posts\/4121\/revisions"}],"predecessor-version":[{"id":4233,"href":"https:\/\/automotiverevista.pt\/index.php\/wp-json\/wp\/v2\/posts\/4121\/revisions\/4233"}],"wp:featuredmedia":[{"embeddable":true,"href":"https:\/\/automotiverevista.pt\/index.php\/wp-json\/wp\/v2\/media\/4235"}],"wp:attachment":[{"href":"https:\/\/automotiverevista.pt\/index.php\/wp-json\/wp\/v2\/media?parent=4121"}],"wp:term":[{"taxonomy":"category","embeddable":true,"href":"https:\/\/automotiverevista.pt\/index.php\/wp-json\/wp\/v2\/categories?post=4121"},{"taxonomy":"post_tag","embeddable":true,"href":"https:\/\/automotiverevista.pt\/index.php\/wp-json\/wp\/v2\/tags?post=4121"}],"curies":[{"name":"wp","href":"https:\/\/api.w.org\/{rel}","templated":true}]}}