{"id":4134,"date":"2023-10-16T07:00:00","date_gmt":"2023-10-16T07:00:00","guid":{"rendered":"https:\/\/automotiverevista.pt\/?p=4134"},"modified":"2023-10-14T15:31:46","modified_gmt":"2023-10-14T15:31:46","slug":"transanatolia-percorrer-a-heranca-cultural-da-turquia","status":"publish","type":"post","link":"https:\/\/automotiverevista.pt\/index.php\/2023\/10\/16\/transanatolia-percorrer-a-heranca-cultural-da-turquia\/","title":{"rendered":"TransAnatolia \u2013 percorrer a heran\u00e7a cultural da Turquia"},"content":{"rendered":"\n<p>A TransAnatolia tem-se tornado uma refer\u00eancia no panorama mundial dos ralis. Este ano, o n\u00famero expressivo de participantes comprova essa tend\u00eancia: marcaram presen\u00e7a 125 pilotos de 13 pa\u00edses, incluindo It\u00e1lia, Fran\u00e7a, Inglaterra, Holanda e tamb\u00e9m Portugal. A Revista Automotive esteve tamb\u00e9m presente e acompanhamos a partida da cidade de Samsun, e as etapas de Tokat e Sivas.<\/p>\n\n\n\n<p>Portugal esteve representado na prova pelo piloto <strong>Rui Gon\u00e7alves<\/strong> (foto abaixo) na categoria de motos, que nos brindou com a lideran\u00e7a da prova nas etapas iniciais da corrida, \u00e0 frente de 36 concorrentes. A FIA tamb\u00e9m se fez representar de observadores oficiais, prova da crescente import\u00e2ncia desta competi\u00e7\u00e3o.<\/p>\n\n\n\n<figure class=\"wp-block-image size-large\"><img decoding=\"async\" width=\"1024\" height=\"768\" src=\"https:\/\/automotiverevista.pt\/wp-content\/uploads\/2023\/10\/20230902_110528-1024x768.jpg\" alt=\"\" class=\"wp-image-4136\" srcset=\"https:\/\/automotiverevista.pt\/wp-content\/uploads\/2023\/10\/20230902_110528-1024x768.jpg 1024w, https:\/\/automotiverevista.pt\/wp-content\/uploads\/2023\/10\/20230902_110528-300x225.jpg 300w, https:\/\/automotiverevista.pt\/wp-content\/uploads\/2023\/10\/20230902_110528-768x576.jpg 768w, https:\/\/automotiverevista.pt\/wp-content\/uploads\/2023\/10\/20230902_110528-750x563.jpg 750w, https:\/\/automotiverevista.pt\/wp-content\/uploads\/2023\/10\/20230902_110528-1140x855.jpg 1140w, https:\/\/automotiverevista.pt\/wp-content\/uploads\/2023\/10\/20230902_110528.jpg 1500w\" sizes=\"(max-width: 1024px) 100vw, 1024px\" \/><\/figure>\n\n\n\n<p>Estando na sua 13\u00ba edi\u00e7\u00e3o, a TransAnatolia contou este ano com uma <strong>rota \u00fanica para comemorar o 100\u00ba anivers\u00e1rio da Rep\u00fablica Turca<\/strong>. O percurso come\u00e7ou na industrializada cidade de Samsun e terminou em Izmir, seguindo os vest\u00edgios da Guerra da Independ\u00eancia Turca.<\/p>\n\n\n\n<figure class=\"wp-block-image size-large\"><img decoding=\"async\" width=\"1024\" height=\"768\" src=\"https:\/\/automotiverevista.pt\/wp-content\/uploads\/2023\/10\/20230902_162308-1024x768.jpg\" alt=\"\" class=\"wp-image-4137\" srcset=\"https:\/\/automotiverevista.pt\/wp-content\/uploads\/2023\/10\/20230902_162308-1024x768.jpg 1024w, https:\/\/automotiverevista.pt\/wp-content\/uploads\/2023\/10\/20230902_162308-300x225.jpg 300w, https:\/\/automotiverevista.pt\/wp-content\/uploads\/2023\/10\/20230902_162308-768x576.jpg 768w, https:\/\/automotiverevista.pt\/wp-content\/uploads\/2023\/10\/20230902_162308-750x563.jpg 750w, https:\/\/automotiverevista.pt\/wp-content\/uploads\/2023\/10\/20230902_162308-1140x855.jpg 1140w, https:\/\/automotiverevista.pt\/wp-content\/uploads\/2023\/10\/20230902_162308.jpg 1500w\" sizes=\"(max-width: 1024px) 100vw, 1024px\" \/><\/figure>\n\n\n\n<p><strong>Diversidade de ve\u00edculos e g\u00e9nero&nbsp;<\/strong><\/p>\n\n\n\n<p>A TransAnatolia, a primeira e \u00fanica corrida de rali cross-country da Turquia, \u00e9 disputada em cinco categorias \u2013 Motos, Quads, Buggys, Autom\u00f3veis e Cami\u00f5es. Todos os anos \u00e9 preparada uma nova rota para a corrida, e a competi\u00e7\u00e3o leva os participantes a percorrer alguns dos locais naturais e hist\u00f3ricos mais importantes da Turquia.&nbsp;<\/p>\n\n\n\n<figure class=\"wp-block-image size-large\"><img decoding=\"async\" width=\"1024\" height=\"768\" src=\"https:\/\/automotiverevista.pt\/wp-content\/uploads\/2023\/10\/20230902_162411-1024x768.jpg\" alt=\"\" class=\"wp-image-4138\" srcset=\"https:\/\/automotiverevista.pt\/wp-content\/uploads\/2023\/10\/20230902_162411-1024x768.jpg 1024w, https:\/\/automotiverevista.pt\/wp-content\/uploads\/2023\/10\/20230902_162411-300x225.jpg 300w, https:\/\/automotiverevista.pt\/wp-content\/uploads\/2023\/10\/20230902_162411-768x576.jpg 768w, https:\/\/automotiverevista.pt\/wp-content\/uploads\/2023\/10\/20230902_162411-750x563.jpg 750w, https:\/\/automotiverevista.pt\/wp-content\/uploads\/2023\/10\/20230902_162411-1140x855.jpg 1140w, https:\/\/automotiverevista.pt\/wp-content\/uploads\/2023\/10\/20230902_162411.jpg 1500w\" sizes=\"(max-width: 1024px) 100vw, 1024px\" \/><\/figure>\n\n\n\n<p>Na prova deste ano, que reuniu pilotos amadores e profissionais, surpreendeu-nos o n\u00famero de mulheres participantes. Havia um grande contingente feminino nos jipes (piloto e navegadora), seguido pelas motos, e at\u00e9 uma equipe totalmente feminina nos cami\u00f5es, ao volante do gigante da Tatra! Desde turcas a holandesas, a presen\u00e7a feminina enalteceu a prova.&nbsp;<\/p>\n\n\n\n<p>Embora os percursos da TransAnatolia sejam caracterizados por terrenos altamente rochosos que alternam com estradas de terra, areia e etapas de alta velocidade, tamb\u00e9m proporcionam aos participantes v\u00e1rios encontros com locais hist\u00f3ricos, partilha de conhecimentos e momentos inesquec\u00edveis. Mas, o mais importante, \u00e9 a oportunidade \u00fanica de uma melhor compreens\u00e3o do estilo de vida do povo turco.<\/p>\n\n\n\n<figure class=\"wp-block-image size-large\"><img decoding=\"async\" width=\"1024\" height=\"768\" src=\"https:\/\/automotiverevista.pt\/wp-content\/uploads\/2023\/10\/20230903_103658-1024x768.jpg\" alt=\"\" class=\"wp-image-4139\" srcset=\"https:\/\/automotiverevista.pt\/wp-content\/uploads\/2023\/10\/20230903_103658-1024x768.jpg 1024w, https:\/\/automotiverevista.pt\/wp-content\/uploads\/2023\/10\/20230903_103658-300x225.jpg 300w, https:\/\/automotiverevista.pt\/wp-content\/uploads\/2023\/10\/20230903_103658-768x576.jpg 768w, https:\/\/automotiverevista.pt\/wp-content\/uploads\/2023\/10\/20230903_103658-750x563.jpg 750w, https:\/\/automotiverevista.pt\/wp-content\/uploads\/2023\/10\/20230903_103658-1140x855.jpg 1140w, https:\/\/automotiverevista.pt\/wp-content\/uploads\/2023\/10\/20230903_103658.jpg 1500w\" sizes=\"(max-width: 1024px) 100vw, 1024px\" \/><\/figure>\n\n\n\n<p><strong>Estilo de vida<\/strong><\/p>\n\n\n\n<p>Um pouco por todo o lado sente-se prosperidade nas cidades. Respira-se seguran\u00e7a, sem, no entanto, existir presen\u00e7a policial ostensiva. As pessoas, locais ou estrangeiros, vivem descontra\u00eddas, convivem saudavelmente entre si e a divers\u00e3o n\u00e3o se faz atrav\u00e9s do puro consumismo, algo que para n\u00f3s europeus \u00e9 coisa que s\u00f3 nos lembramos de vivenciar nos anos 90.&nbsp;<\/p>\n\n\n\n<figure class=\"wp-block-image size-large\"><img decoding=\"async\" width=\"1024\" height=\"768\" src=\"https:\/\/automotiverevista.pt\/wp-content\/uploads\/2023\/10\/20230903_133232-1024x768.jpg\" alt=\"\" class=\"wp-image-4140\" srcset=\"https:\/\/automotiverevista.pt\/wp-content\/uploads\/2023\/10\/20230903_133232-1024x768.jpg 1024w, https:\/\/automotiverevista.pt\/wp-content\/uploads\/2023\/10\/20230903_133232-300x225.jpg 300w, https:\/\/automotiverevista.pt\/wp-content\/uploads\/2023\/10\/20230903_133232-768x576.jpg 768w, https:\/\/automotiverevista.pt\/wp-content\/uploads\/2023\/10\/20230903_133232-750x563.jpg 750w, https:\/\/automotiverevista.pt\/wp-content\/uploads\/2023\/10\/20230903_133232-1140x855.jpg 1140w, https:\/\/automotiverevista.pt\/wp-content\/uploads\/2023\/10\/20230903_133232.jpg 1500w\" sizes=\"(max-width: 1024px) 100vw, 1024px\" \/><\/figure>\n\n\n\n<p>Enquanto jornalistas, n\u00e3o tivemos quaisquer impedimentos. Foi poss\u00edvel fotografar sem restri\u00e7\u00f5es todos os locais onde estivemos e fazer as perguntas a quem quer que fosse. Ao contr\u00e1rio de outros pa\u00edses daquela regi\u00e3o, n\u00e3o \u00e9 necess\u00e1rio visto para se entrar no pa\u00eds., sendo poss\u00edvel circular entre cidades sem os chamados checkpoints militarizados e n\u00e3o h\u00e1 controlo de identidades de forma ostensiva, como ainda ocorre em outros pa\u00edses daquela regi\u00e3o do globo.&nbsp;<\/p>\n\n\n\n<p>Mesmo em cidades menos tur\u00edsticas como foi o caso de Tokat e Sivas, o panorama \u00e9 o mesmo: seguran\u00e7a, prosperidade, limpeza, harmonia e conv\u00edvio saud\u00e1vel. As estruturas vi\u00e1rias est\u00e3o acima do expect\u00e1vel, e at\u00e9 em cidades localizadas mais no interior do pa\u00eds, encontr\u00e1mos sem\u00e1foros \u201cinteligentes\u201d, que funcionam de acordo com o fluxo das viaturas.<\/p>\n\n\n\n<figure class=\"wp-block-image size-large\"><img decoding=\"async\" width=\"1024\" height=\"768\" src=\"https:\/\/automotiverevista.pt\/wp-content\/uploads\/2023\/10\/20230903_143327-1024x768.jpg\" alt=\"\" class=\"wp-image-4141\" srcset=\"https:\/\/automotiverevista.pt\/wp-content\/uploads\/2023\/10\/20230903_143327-1024x768.jpg 1024w, https:\/\/automotiverevista.pt\/wp-content\/uploads\/2023\/10\/20230903_143327-300x225.jpg 300w, https:\/\/automotiverevista.pt\/wp-content\/uploads\/2023\/10\/20230903_143327-768x576.jpg 768w, https:\/\/automotiverevista.pt\/wp-content\/uploads\/2023\/10\/20230903_143327-750x563.jpg 750w, https:\/\/automotiverevista.pt\/wp-content\/uploads\/2023\/10\/20230903_143327-1140x855.jpg 1140w, https:\/\/automotiverevista.pt\/wp-content\/uploads\/2023\/10\/20230903_143327.jpg 1500w\" sizes=\"(max-width: 1024px) 100vw, 1024px\" \/><\/figure>\n\n\n\n<p><strong>Bem-estar nas estradas<\/strong><\/p>\n\n\n\n<p>Outro aspeto que nos surpreendeu pela positiva: as esta\u00e7\u00f5es de servi\u00e7o. H\u00e1 por todo o lado e s\u00e3o de qualidade, inclusive em percursos como de Tokat a Sivas (passando pela Turquia mais profunda), encontramos esta\u00e7\u00f5es de servi\u00e7o muito bem estruturadas, com todos os servi\u00e7os.<\/p>\n\n\n\n<p>As paisagens da regi\u00e3o s\u00e3o muito similares ao Alentejo portugu\u00eas, o que nos deu um grande sentimento de perten\u00e7a, facilitado ainda mais pela cultura turca do consumo do caf\u00e9, algo parecida com a nossa.&nbsp;<\/p>\n\n\n\n<figure class=\"wp-block-image size-large\"><img decoding=\"async\" width=\"1024\" height=\"768\" src=\"https:\/\/automotiverevista.pt\/wp-content\/uploads\/2023\/10\/20230903_143622-1024x768.jpg\" alt=\"\" class=\"wp-image-4142\" srcset=\"https:\/\/automotiverevista.pt\/wp-content\/uploads\/2023\/10\/20230903_143622-1024x768.jpg 1024w, https:\/\/automotiverevista.pt\/wp-content\/uploads\/2023\/10\/20230903_143622-300x225.jpg 300w, https:\/\/automotiverevista.pt\/wp-content\/uploads\/2023\/10\/20230903_143622-768x576.jpg 768w, https:\/\/automotiverevista.pt\/wp-content\/uploads\/2023\/10\/20230903_143622-750x563.jpg 750w, https:\/\/automotiverevista.pt\/wp-content\/uploads\/2023\/10\/20230903_143622-1140x855.jpg 1140w, https:\/\/automotiverevista.pt\/wp-content\/uploads\/2023\/10\/20230903_143622.jpg 1500w\" sizes=\"(max-width: 1024px) 100vw, 1024px\" \/><\/figure>\n\n\n\n<p>Diferentemente do nosso pa\u00eds, e no que toca a infraestruturas aeroportu\u00e1rias, os turcos contam hoje com estruturas aeroportu\u00e1rias de topo. O aeroporto de Istambul, por exemplo, \u00e9 magistral, quer em dimens\u00f5es, quer na qualidade da constru\u00e7\u00e3o e servi\u00e7os. Tamb\u00e9m Sivas &#8211; uma cidade praticamente no meio do \u201cnada\u201d \u2013 conta com um aeroporto muito bem estruturado e digno.&nbsp;<\/p>\n\n\n\n<figure class=\"wp-block-image size-large\"><img decoding=\"async\" width=\"768\" height=\"1024\" src=\"https:\/\/automotiverevista.pt\/wp-content\/uploads\/2023\/10\/20230903_224305-768x1024.jpg\" alt=\"\" class=\"wp-image-4143\" srcset=\"https:\/\/automotiverevista.pt\/wp-content\/uploads\/2023\/10\/20230903_224305-768x1024.jpg 768w, https:\/\/automotiverevista.pt\/wp-content\/uploads\/2023\/10\/20230903_224305-225x300.jpg 225w, https:\/\/automotiverevista.pt\/wp-content\/uploads\/2023\/10\/20230903_224305-750x1000.jpg 750w, https:\/\/automotiverevista.pt\/wp-content\/uploads\/2023\/10\/20230903_224305.jpg 844w\" sizes=\"(max-width: 768px) 100vw, 768px\" \/><\/figure>\n\n\n\n<p>A Turquia \u00e9 assim muito mais do que um pa\u00eds \u201capenas\u201d baseado no turismo dos resorts e praias paradis\u00edacas, ou com megacidades cosmopolitas. Descobrimos que h\u00e1 localidades long\u00ednquas com o seu encanto, prosperidade e uma propens\u00e3o para a qualidade, seja ela nos produtos, neg\u00f3cios ou at\u00e9 nas rela\u00e7\u00f5es interpessoais. Uma heran\u00e7a cultural que convida a ser vivida e apreciada, bem de perto.<\/p>\n\n\n\n<figure class=\"wp-block-image size-large\"><img decoding=\"async\" width=\"1024\" height=\"768\" src=\"https:\/\/automotiverevista.pt\/wp-content\/uploads\/2023\/10\/20230903_144106-1024x768.jpg\" alt=\"\" class=\"wp-image-4144\" srcset=\"https:\/\/automotiverevista.pt\/wp-content\/uploads\/2023\/10\/20230903_144106-1024x768.jpg 1024w, https:\/\/automotiverevista.pt\/wp-content\/uploads\/2023\/10\/20230903_144106-300x225.jpg 300w, https:\/\/automotiverevista.pt\/wp-content\/uploads\/2023\/10\/20230903_144106-768x576.jpg 768w, https:\/\/automotiverevista.pt\/wp-content\/uploads\/2023\/10\/20230903_144106-750x563.jpg 750w, https:\/\/automotiverevista.pt\/wp-content\/uploads\/2023\/10\/20230903_144106-1140x855.jpg 1140w, https:\/\/automotiverevista.pt\/wp-content\/uploads\/2023\/10\/20230903_144106.jpg 1500w\" sizes=\"(max-width: 1024px) 100vw, 1024px\" \/><\/figure>\n","protected":false},"excerpt":{"rendered":"<p>A TransAnatolia tem-se tornado uma refer\u00eancia no panorama mundial dos ralis. Este ano, o n\u00famero expressivo de participantes comprova essa tend\u00eancia: marcaram presen\u00e7a 125 pilotos de 13 pa\u00edses, incluindo It\u00e1lia, Fran\u00e7a, Inglaterra, Holanda e tamb\u00e9m Portugal. A Revista Automotive esteve tamb\u00e9m presente e acompanhamos a partida da cidade de Samsun, e as etapas de Tokat [&hellip;]<\/p>\n","protected":false},"author":3,"featured_media":4135,"comment_status":"closed","ping_status":"open","sticky":false,"template":"","format":"standard","meta":{"jnews-multi-image_gallery":[],"jnews_single_post":{"subtitle":"","format":"standard","video":"","gallery":"","source_name":"","source_url":"","via_name":"","via_url":"","override_template":"0","override":[{"template":"2","single_blog_custom":"","parallax":"1","fullscreen":"1","layout":"right-sidebar","sidebar":"default-sidebar","second_sidebar":"default-sidebar","sticky_sidebar":"1","share_position":"topbottom","share_float_style":"share-monocrhome","show_share_counter":"0","show_view_counter":"0","show_featured":"1","show_post_meta":"1","show_post_author":"0","show_post_author_image":"1","show_post_date":"1","post_date_format":"default","post_date_format_custom":"Y\/m\/d","show_post_category":"1","show_post_reading_time":"0","post_reading_time_wpm":"300","show_zoom_button":"0","zoom_button_out_step":"2","zoom_button_in_step":"3","show_post_tag":"1","show_prev_next_post":"0","show_popup_post":"1","number_popup_post":"1","show_author_box":"0","show_post_related":"1","show_inline_post_related":"1"}],"override_image_size":"0","image_override":[{"single_post_thumbnail_size":"crop-500","single_post_gallery_size":"crop-500"}],"trending_post":"0","trending_post_position":"meta","trending_post_label":"Trending","sponsored_post":"0","sponsored_post_label":"Sponsored by","sponsored_post_name":"","sponsored_post_url":"","sponsored_post_logo_enable":"0","sponsored_post_logo":"","sponsored_post_desc":"","disable_ad":"0"},"jnews_primary_category":{"id":"","hide":""},"footnotes":""},"categories":[111],"tags":[],"class_list":["post-4134","post","type-post","status-publish","format-standard","has-post-thumbnail","hentry","category-coffee-break"],"yoast_head":"<!-- This site is optimized with the Yoast SEO Premium plugin v27.2 (Yoast SEO v27.5) - https:\/\/yoast.com\/product\/yoast-seo-premium-wordpress\/ -->\n<title>TransAnatolia \u2013 percorrer a heran\u00e7a cultural da Turquia - Revista Automotive<\/title>\n<meta name=\"description\" content=\"Este ano marcaram presen\u00e7a 125 pilotos de 13 pa\u00edses, incluindo It\u00e1lia, Fran\u00e7a, Inglaterra, Holanda e tamb\u00e9m Portugal.\" \/>\n<meta name=\"robots\" content=\"index, follow, max-snippet:-1, max-image-preview:large, max-video-preview:-1\" \/>\n<link rel=\"canonical\" href=\"https:\/\/automotiverevista.pt\/index.php\/2023\/10\/16\/transanatolia-percorrer-a-heranca-cultural-da-turquia\/\" \/>\n<meta property=\"og:locale\" content=\"pt_PT\" \/>\n<meta property=\"og:type\" content=\"article\" \/>\n<meta property=\"og:title\" content=\"TransAnatolia \u2013 percorrer a heran\u00e7a cultural da Turquia\" \/>\n<meta property=\"og:description\" content=\"Este ano marcaram presen\u00e7a 125 pilotos de 13 pa\u00edses, incluindo It\u00e1lia, Fran\u00e7a, Inglaterra, Holanda e tamb\u00e9m Portugal.\" \/>\n<meta property=\"og:url\" content=\"https:\/\/automotiverevista.pt\/index.php\/2023\/10\/16\/transanatolia-percorrer-a-heranca-cultural-da-turquia\/\" \/>\n<meta property=\"og:site_name\" content=\"Revista Automotive\" \/>\n<meta property=\"article:published_time\" content=\"2023-10-16T07:00:00+00:00\" \/>\n<meta property=\"og:image\" content=\"https:\/\/automotiverevista.pt\/wp-content\/uploads\/2023\/10\/FotoAbertura-1.jpg\" \/>\n\t<meta property=\"og:image:width\" content=\"1500\" \/>\n\t<meta property=\"og:image:height\" content=\"760\" \/>\n\t<meta property=\"og:image:type\" content=\"image\/jpeg\" \/>\n<meta name=\"author\" content=\"MiguelMarques\" \/>\n<meta name=\"twitter:card\" content=\"summary_large_image\" \/>\n<meta name=\"twitter:label1\" content=\"Escrito por\" \/>\n\t<meta name=\"twitter:data1\" content=\"MiguelMarques\" \/>\n\t<meta name=\"twitter:label2\" content=\"Tempo estimado de leitura\" \/>\n\t<meta name=\"twitter:data2\" content=\"6 minutos\" \/>\n<script type=\"application\/ld+json\" class=\"yoast-schema-graph\">{\"@context\":\"https:\\\/\\\/schema.org\",\"@graph\":[{\"@type\":\"Article\",\"@id\":\"https:\\\/\\\/automotiverevista.pt\\\/index.php\\\/2023\\\/10\\\/16\\\/transanatolia-percorrer-a-heranca-cultural-da-turquia\\\/#article\",\"isPartOf\":{\"@id\":\"https:\\\/\\\/automotiverevista.pt\\\/index.php\\\/2023\\\/10\\\/16\\\/transanatolia-percorrer-a-heranca-cultural-da-turquia\\\/\"},\"author\":{\"name\":\"MiguelMarques\",\"@id\":\"https:\\\/\\\/automotiverevista.pt\\\/#\\\/schema\\\/person\\\/d705335f9c428a4a0cae3d11afb2e0ef\"},\"headline\":\"TransAnatolia \u2013 percorrer a heran\u00e7a cultural da Turquia\",\"datePublished\":\"2023-10-16T07:00:00+00:00\",\"mainEntityOfPage\":{\"@id\":\"https:\\\/\\\/automotiverevista.pt\\\/index.php\\\/2023\\\/10\\\/16\\\/transanatolia-percorrer-a-heranca-cultural-da-turquia\\\/\"},\"wordCount\":785,\"publisher\":{\"@id\":\"https:\\\/\\\/automotiverevista.pt\\\/#organization\"},\"image\":{\"@id\":\"https:\\\/\\\/automotiverevista.pt\\\/index.php\\\/2023\\\/10\\\/16\\\/transanatolia-percorrer-a-heranca-cultural-da-turquia\\\/#primaryimage\"},\"thumbnailUrl\":\"https:\\\/\\\/automotiverevista.pt\\\/wp-content\\\/uploads\\\/2023\\\/10\\\/FotoAbertura-1.jpg\",\"articleSection\":[\"Coffee Break\"],\"inLanguage\":\"pt-PT\"},{\"@type\":\"WebPage\",\"@id\":\"https:\\\/\\\/automotiverevista.pt\\\/index.php\\\/2023\\\/10\\\/16\\\/transanatolia-percorrer-a-heranca-cultural-da-turquia\\\/\",\"url\":\"https:\\\/\\\/automotiverevista.pt\\\/index.php\\\/2023\\\/10\\\/16\\\/transanatolia-percorrer-a-heranca-cultural-da-turquia\\\/\",\"name\":\"TransAnatolia \u2013 percorrer a heran\u00e7a cultural da Turquia - Revista Automotive\",\"isPartOf\":{\"@id\":\"https:\\\/\\\/automotiverevista.pt\\\/#website\"},\"primaryImageOfPage\":{\"@id\":\"https:\\\/\\\/automotiverevista.pt\\\/index.php\\\/2023\\\/10\\\/16\\\/transanatolia-percorrer-a-heranca-cultural-da-turquia\\\/#primaryimage\"},\"image\":{\"@id\":\"https:\\\/\\\/automotiverevista.pt\\\/index.php\\\/2023\\\/10\\\/16\\\/transanatolia-percorrer-a-heranca-cultural-da-turquia\\\/#primaryimage\"},\"thumbnailUrl\":\"https:\\\/\\\/automotiverevista.pt\\\/wp-content\\\/uploads\\\/2023\\\/10\\\/FotoAbertura-1.jpg\",\"datePublished\":\"2023-10-16T07:00:00+00:00\",\"description\":\"Este ano marcaram presen\u00e7a 125 pilotos de 13 pa\u00edses, incluindo It\u00e1lia, Fran\u00e7a, Inglaterra, Holanda e tamb\u00e9m Portugal.\",\"breadcrumb\":{\"@id\":\"https:\\\/\\\/automotiverevista.pt\\\/index.php\\\/2023\\\/10\\\/16\\\/transanatolia-percorrer-a-heranca-cultural-da-turquia\\\/#breadcrumb\"},\"inLanguage\":\"pt-PT\",\"potentialAction\":[{\"@type\":\"ReadAction\",\"target\":[\"https:\\\/\\\/automotiverevista.pt\\\/index.php\\\/2023\\\/10\\\/16\\\/transanatolia-percorrer-a-heranca-cultural-da-turquia\\\/\"]}]},{\"@type\":\"ImageObject\",\"inLanguage\":\"pt-PT\",\"@id\":\"https:\\\/\\\/automotiverevista.pt\\\/index.php\\\/2023\\\/10\\\/16\\\/transanatolia-percorrer-a-heranca-cultural-da-turquia\\\/#primaryimage\",\"url\":\"https:\\\/\\\/automotiverevista.pt\\\/wp-content\\\/uploads\\\/2023\\\/10\\\/FotoAbertura-1.jpg\",\"contentUrl\":\"https:\\\/\\\/automotiverevista.pt\\\/wp-content\\\/uploads\\\/2023\\\/10\\\/FotoAbertura-1.jpg\",\"width\":1500,\"height\":760},{\"@type\":\"BreadcrumbList\",\"@id\":\"https:\\\/\\\/automotiverevista.pt\\\/index.php\\\/2023\\\/10\\\/16\\\/transanatolia-percorrer-a-heranca-cultural-da-turquia\\\/#breadcrumb\",\"itemListElement\":[{\"@type\":\"ListItem\",\"position\":1,\"name\":\"Home\",\"item\":\"https:\\\/\\\/automotiverevista.pt\\\/\"},{\"@type\":\"ListItem\",\"position\":2,\"name\":\"TransAnatolia \u2013 percorrer a heran\u00e7a cultural da Turquia\"}]},{\"@type\":\"WebSite\",\"@id\":\"https:\\\/\\\/automotiverevista.pt\\\/#website\",\"url\":\"https:\\\/\\\/automotiverevista.pt\\\/\",\"name\":\"Revista Automotive\",\"description\":\"Revista Automotive Portugal\",\"publisher\":{\"@id\":\"https:\\\/\\\/automotiverevista.pt\\\/#organization\"},\"potentialAction\":[{\"@type\":\"SearchAction\",\"target\":{\"@type\":\"EntryPoint\",\"urlTemplate\":\"https:\\\/\\\/automotiverevista.pt\\\/?s={search_term_string}\"},\"query-input\":{\"@type\":\"PropertyValueSpecification\",\"valueRequired\":true,\"valueName\":\"search_term_string\"}}],\"inLanguage\":\"pt-PT\"},{\"@type\":\"Organization\",\"@id\":\"https:\\\/\\\/automotiverevista.pt\\\/#organization\",\"name\":\"Revista Automotive Portugal\",\"url\":\"https:\\\/\\\/automotiverevista.pt\\\/\",\"logo\":{\"@type\":\"ImageObject\",\"inLanguage\":\"pt-PT\",\"@id\":\"https:\\\/\\\/automotiverevista.pt\\\/#\\\/schema\\\/logo\\\/image\\\/\",\"url\":\"https:\\\/\\\/automotiverevista.pt\\\/wp-content\\\/uploads\\\/2022\\\/07\\\/Logo-Automotive-2021_500-1.jpg\",\"contentUrl\":\"https:\\\/\\\/automotiverevista.pt\\\/wp-content\\\/uploads\\\/2022\\\/07\\\/Logo-Automotive-2021_500-1.jpg\",\"width\":500,\"height\":160,\"caption\":\"Revista Automotive Portugal\"},\"image\":{\"@id\":\"https:\\\/\\\/automotiverevista.pt\\\/#\\\/schema\\\/logo\\\/image\\\/\"},\"sameAs\":[\"https:\\\/\\\/linkedin.com\\\/in\\\/automotiverevista\"]},{\"@type\":\"Person\",\"@id\":\"https:\\\/\\\/automotiverevista.pt\\\/#\\\/schema\\\/person\\\/d705335f9c428a4a0cae3d11afb2e0ef\",\"name\":\"MiguelMarques\",\"image\":{\"@type\":\"ImageObject\",\"inLanguage\":\"pt-PT\",\"@id\":\"https:\\\/\\\/secure.gravatar.com\\\/avatar\\\/635d1f118671d87c579d5e4f6491bfc0081e3bbddd605eb321931e9c938270b5?s=96&d=mm&r=g\",\"url\":\"https:\\\/\\\/secure.gravatar.com\\\/avatar\\\/635d1f118671d87c579d5e4f6491bfc0081e3bbddd605eb321931e9c938270b5?s=96&d=mm&r=g\",\"contentUrl\":\"https:\\\/\\\/secure.gravatar.com\\\/avatar\\\/635d1f118671d87c579d5e4f6491bfc0081e3bbddd605eb321931e9c938270b5?s=96&d=mm&r=g\",\"caption\":\"MiguelMarques\"},\"url\":\"https:\\\/\\\/automotiverevista.pt\\\/index.php\\\/author\\\/miguelmarques\\\/\"}]}<\/script>\n<!-- \/ Yoast SEO Premium plugin. -->","yoast_head_json":{"title":"TransAnatolia \u2013 percorrer a heran\u00e7a cultural da Turquia - Revista Automotive","description":"Este ano marcaram presen\u00e7a 125 pilotos de 13 pa\u00edses, incluindo It\u00e1lia, Fran\u00e7a, Inglaterra, Holanda e tamb\u00e9m Portugal.","robots":{"index":"index","follow":"follow","max-snippet":"max-snippet:-1","max-image-preview":"max-image-preview:large","max-video-preview":"max-video-preview:-1"},"canonical":"https:\/\/automotiverevista.pt\/index.php\/2023\/10\/16\/transanatolia-percorrer-a-heranca-cultural-da-turquia\/","og_locale":"pt_PT","og_type":"article","og_title":"TransAnatolia \u2013 percorrer a heran\u00e7a cultural da Turquia","og_description":"Este ano marcaram presen\u00e7a 125 pilotos de 13 pa\u00edses, incluindo It\u00e1lia, Fran\u00e7a, Inglaterra, Holanda e tamb\u00e9m Portugal.","og_url":"https:\/\/automotiverevista.pt\/index.php\/2023\/10\/16\/transanatolia-percorrer-a-heranca-cultural-da-turquia\/","og_site_name":"Revista Automotive","article_published_time":"2023-10-16T07:00:00+00:00","og_image":[{"width":1500,"height":760,"url":"https:\/\/automotiverevista.pt\/wp-content\/uploads\/2023\/10\/FotoAbertura-1.jpg","type":"image\/jpeg"}],"author":"MiguelMarques","twitter_card":"summary_large_image","twitter_misc":{"Escrito por":"MiguelMarques","Tempo estimado de leitura":"6 minutos"},"schema":{"@context":"https:\/\/schema.org","@graph":[{"@type":"Article","@id":"https:\/\/automotiverevista.pt\/index.php\/2023\/10\/16\/transanatolia-percorrer-a-heranca-cultural-da-turquia\/#article","isPartOf":{"@id":"https:\/\/automotiverevista.pt\/index.php\/2023\/10\/16\/transanatolia-percorrer-a-heranca-cultural-da-turquia\/"},"author":{"name":"MiguelMarques","@id":"https:\/\/automotiverevista.pt\/#\/schema\/person\/d705335f9c428a4a0cae3d11afb2e0ef"},"headline":"TransAnatolia \u2013 percorrer a heran\u00e7a cultural da Turquia","datePublished":"2023-10-16T07:00:00+00:00","mainEntityOfPage":{"@id":"https:\/\/automotiverevista.pt\/index.php\/2023\/10\/16\/transanatolia-percorrer-a-heranca-cultural-da-turquia\/"},"wordCount":785,"publisher":{"@id":"https:\/\/automotiverevista.pt\/#organization"},"image":{"@id":"https:\/\/automotiverevista.pt\/index.php\/2023\/10\/16\/transanatolia-percorrer-a-heranca-cultural-da-turquia\/#primaryimage"},"thumbnailUrl":"https:\/\/automotiverevista.pt\/wp-content\/uploads\/2023\/10\/FotoAbertura-1.jpg","articleSection":["Coffee Break"],"inLanguage":"pt-PT"},{"@type":"WebPage","@id":"https:\/\/automotiverevista.pt\/index.php\/2023\/10\/16\/transanatolia-percorrer-a-heranca-cultural-da-turquia\/","url":"https:\/\/automotiverevista.pt\/index.php\/2023\/10\/16\/transanatolia-percorrer-a-heranca-cultural-da-turquia\/","name":"TransAnatolia \u2013 percorrer a heran\u00e7a cultural da Turquia - Revista Automotive","isPartOf":{"@id":"https:\/\/automotiverevista.pt\/#website"},"primaryImageOfPage":{"@id":"https:\/\/automotiverevista.pt\/index.php\/2023\/10\/16\/transanatolia-percorrer-a-heranca-cultural-da-turquia\/#primaryimage"},"image":{"@id":"https:\/\/automotiverevista.pt\/index.php\/2023\/10\/16\/transanatolia-percorrer-a-heranca-cultural-da-turquia\/#primaryimage"},"thumbnailUrl":"https:\/\/automotiverevista.pt\/wp-content\/uploads\/2023\/10\/FotoAbertura-1.jpg","datePublished":"2023-10-16T07:00:00+00:00","description":"Este ano marcaram presen\u00e7a 125 pilotos de 13 pa\u00edses, incluindo It\u00e1lia, Fran\u00e7a, Inglaterra, Holanda e tamb\u00e9m Portugal.","breadcrumb":{"@id":"https:\/\/automotiverevista.pt\/index.php\/2023\/10\/16\/transanatolia-percorrer-a-heranca-cultural-da-turquia\/#breadcrumb"},"inLanguage":"pt-PT","potentialAction":[{"@type":"ReadAction","target":["https:\/\/automotiverevista.pt\/index.php\/2023\/10\/16\/transanatolia-percorrer-a-heranca-cultural-da-turquia\/"]}]},{"@type":"ImageObject","inLanguage":"pt-PT","@id":"https:\/\/automotiverevista.pt\/index.php\/2023\/10\/16\/transanatolia-percorrer-a-heranca-cultural-da-turquia\/#primaryimage","url":"https:\/\/automotiverevista.pt\/wp-content\/uploads\/2023\/10\/FotoAbertura-1.jpg","contentUrl":"https:\/\/automotiverevista.pt\/wp-content\/uploads\/2023\/10\/FotoAbertura-1.jpg","width":1500,"height":760},{"@type":"BreadcrumbList","@id":"https:\/\/automotiverevista.pt\/index.php\/2023\/10\/16\/transanatolia-percorrer-a-heranca-cultural-da-turquia\/#breadcrumb","itemListElement":[{"@type":"ListItem","position":1,"name":"Home","item":"https:\/\/automotiverevista.pt\/"},{"@type":"ListItem","position":2,"name":"TransAnatolia \u2013 percorrer a heran\u00e7a cultural da Turquia"}]},{"@type":"WebSite","@id":"https:\/\/automotiverevista.pt\/#website","url":"https:\/\/automotiverevista.pt\/","name":"Revista Automotive","description":"Revista Automotive Portugal","publisher":{"@id":"https:\/\/automotiverevista.pt\/#organization"},"potentialAction":[{"@type":"SearchAction","target":{"@type":"EntryPoint","urlTemplate":"https:\/\/automotiverevista.pt\/?s={search_term_string}"},"query-input":{"@type":"PropertyValueSpecification","valueRequired":true,"valueName":"search_term_string"}}],"inLanguage":"pt-PT"},{"@type":"Organization","@id":"https:\/\/automotiverevista.pt\/#organization","name":"Revista Automotive Portugal","url":"https:\/\/automotiverevista.pt\/","logo":{"@type":"ImageObject","inLanguage":"pt-PT","@id":"https:\/\/automotiverevista.pt\/#\/schema\/logo\/image\/","url":"https:\/\/automotiverevista.pt\/wp-content\/uploads\/2022\/07\/Logo-Automotive-2021_500-1.jpg","contentUrl":"https:\/\/automotiverevista.pt\/wp-content\/uploads\/2022\/07\/Logo-Automotive-2021_500-1.jpg","width":500,"height":160,"caption":"Revista Automotive Portugal"},"image":{"@id":"https:\/\/automotiverevista.pt\/#\/schema\/logo\/image\/"},"sameAs":["https:\/\/linkedin.com\/in\/automotiverevista"]},{"@type":"Person","@id":"https:\/\/automotiverevista.pt\/#\/schema\/person\/d705335f9c428a4a0cae3d11afb2e0ef","name":"MiguelMarques","image":{"@type":"ImageObject","inLanguage":"pt-PT","@id":"https:\/\/secure.gravatar.com\/avatar\/635d1f118671d87c579d5e4f6491bfc0081e3bbddd605eb321931e9c938270b5?s=96&d=mm&r=g","url":"https:\/\/secure.gravatar.com\/avatar\/635d1f118671d87c579d5e4f6491bfc0081e3bbddd605eb321931e9c938270b5?s=96&d=mm&r=g","contentUrl":"https:\/\/secure.gravatar.com\/avatar\/635d1f118671d87c579d5e4f6491bfc0081e3bbddd605eb321931e9c938270b5?s=96&d=mm&r=g","caption":"MiguelMarques"},"url":"https:\/\/automotiverevista.pt\/index.php\/author\/miguelmarques\/"}]}},"_links":{"self":[{"href":"https:\/\/automotiverevista.pt\/index.php\/wp-json\/wp\/v2\/posts\/4134","targetHints":{"allow":["GET"]}}],"collection":[{"href":"https:\/\/automotiverevista.pt\/index.php\/wp-json\/wp\/v2\/posts"}],"about":[{"href":"https:\/\/automotiverevista.pt\/index.php\/wp-json\/wp\/v2\/types\/post"}],"author":[{"embeddable":true,"href":"https:\/\/automotiverevista.pt\/index.php\/wp-json\/wp\/v2\/users\/3"}],"replies":[{"embeddable":true,"href":"https:\/\/automotiverevista.pt\/index.php\/wp-json\/wp\/v2\/comments?post=4134"}],"version-history":[{"count":1,"href":"https:\/\/automotiverevista.pt\/index.php\/wp-json\/wp\/v2\/posts\/4134\/revisions"}],"predecessor-version":[{"id":4145,"href":"https:\/\/automotiverevista.pt\/index.php\/wp-json\/wp\/v2\/posts\/4134\/revisions\/4145"}],"wp:featuredmedia":[{"embeddable":true,"href":"https:\/\/automotiverevista.pt\/index.php\/wp-json\/wp\/v2\/media\/4135"}],"wp:attachment":[{"href":"https:\/\/automotiverevista.pt\/index.php\/wp-json\/wp\/v2\/media?parent=4134"}],"wp:term":[{"taxonomy":"category","embeddable":true,"href":"https:\/\/automotiverevista.pt\/index.php\/wp-json\/wp\/v2\/categories?post=4134"},{"taxonomy":"post_tag","embeddable":true,"href":"https:\/\/automotiverevista.pt\/index.php\/wp-json\/wp\/v2\/tags?post=4134"}],"curies":[{"name":"wp","href":"https:\/\/api.w.org\/{rel}","templated":true}]}}