{"id":4189,"date":"2023-10-20T07:00:00","date_gmt":"2023-10-20T07:00:00","guid":{"rendered":"https:\/\/automotiverevista.pt\/?p=4189"},"modified":"2023-10-15T11:13:30","modified_gmt":"2023-10-15T11:13:30","slug":"volkswagen-tiguan-harmonia-movimento","status":"publish","type":"post","link":"https:\/\/automotiverevista.pt\/index.php\/2023\/10\/20\/volkswagen-tiguan-harmonia-movimento\/","title":{"rendered":"Volkswagen Tiguan \u2013 harmonia em movimento\u00a0"},"content":{"rendered":"\n<p>Sem muitos rodeios dir\u00edamos que, este modelo que a Automotive teve a experi\u00eancia de conduzir, tem uma palavra-chave que o define: harmonia. Quer nas propor\u00e7\u00f5es, quer no visual, quer mesmo ao n\u00edvel do equipamento.&nbsp;<\/p>\n\n\n\n<p>Este SUV, que n\u00e3o chega a ser um Crossover, transpira harmonia e equil\u00edbrio desde o pormenor mais pequeno \u00e0 estrutura maior do carro, mas comecemos pelo espa\u00e7o interior.&nbsp; Tanto no lugar dos passageiros \u00e0 frente, como dos passageiros que viajam atr\u00e1s, o interior possui largura e amplitude suficiente para que todos se sintam livres de movimentos, e sem que para isso a marca tivesse de optar por uma maior dimens\u00e3o exterior do modelo. O novo VW Tiguan consegue, na harmonia das suas dimens\u00f5es, a simetria do espa\u00e7o interior e exterior na sua mais perfeita ordem.<\/p>\n\n\n\n<figure class=\"wp-block-image size-large\"><img decoding=\"async\" width=\"1024\" height=\"768\" src=\"https:\/\/automotiverevista.pt\/wp-content\/uploads\/2023\/10\/20230728_150949-1024x768.jpg\" alt=\"\" class=\"wp-image-4191\" srcset=\"https:\/\/automotiverevista.pt\/wp-content\/uploads\/2023\/10\/20230728_150949-1024x768.jpg 1024w, https:\/\/automotiverevista.pt\/wp-content\/uploads\/2023\/10\/20230728_150949-300x225.jpg 300w, https:\/\/automotiverevista.pt\/wp-content\/uploads\/2023\/10\/20230728_150949-768x576.jpg 768w, https:\/\/automotiverevista.pt\/wp-content\/uploads\/2023\/10\/20230728_150949-750x563.jpg 750w, https:\/\/automotiverevista.pt\/wp-content\/uploads\/2023\/10\/20230728_150949-1140x855.jpg 1140w, https:\/\/automotiverevista.pt\/wp-content\/uploads\/2023\/10\/20230728_150949.jpg 1500w\" sizes=\"(max-width: 1024px) 100vw, 1024px\" \/><\/figure>\n\n\n\n<p><strong>Motoriza\u00e7\u00e3o<\/strong><\/p>\n\n\n\n<p>O mesmo se aplica \u00e0 presta\u00e7\u00e3o do motor, onde podemos continuar a falar em harmonia e equil\u00edbrio, pois o carro \u00e9 composto por um motor suficiente que lhe permite aventurar-se por uma viagem mais longa. Bastante \u00e1gil, quando \u00e9 necess\u00e1rio que o seja, tanto em percursos estradistas como em citadinos, este carro \u00e9 dotado de uma manobrabilidade extremamente f\u00e1cil e leve.<\/p>\n\n\n\n<p>A bagageira, por sua vez, n\u00e3o sendo a maior do mercado, tem um compromisso harmonioso com a capacidade, o que lhe permite arrecadar um volume de material a transportar interessante, tornando-se mesmo suficiente para longas viagens, inclusive, com todas as malas e material correspondente a uma fam\u00edlia que viaja de f\u00e9rias.<\/p>\n\n\n\n<p>Destaca-se o conforto da condu\u00e7\u00e3o distribu\u00edda por 5 modos: <strong>Eco, Confort, Normal, Sport e Individual<\/strong>. Este \u00faltimo, em espec\u00edfico, permite configurar os par\u00e2metros que se deseja possuir numa condu\u00e7\u00e3o personalizada, por exemplo.<\/p>\n\n\n\n<p><strong>Funcionalidade digital<\/strong><\/p>\n\n\n\n<p>Encontr\u00e1mos um painel de instrumentos completamente digital, podendo ser configurado com mais ou menos informa\u00e7\u00f5es, deixando vis\u00edvel o que \u00e9 apenas essencial para quem gosta de conduzir com pouco \u2018ru\u00eddo\u2019 informativo. \u00c0 semelhan\u00e7a do que temos vindo a sublinhar, os restantes comandos n\u00e3o fogem \u00e0 regra da harmonia espelhada entre formatos de bot\u00f5es que parecem anal\u00f3gicos, sendo digitais. Exemplo disso \u00e9 o comando do ar condicionado que, n\u00e3o sendo completamente anal\u00f3gico, tamb\u00e9m n\u00e3o \u00e9 completamente digital.&nbsp;<\/p>\n\n\n\n<p>A Volkswagen conseguiu, neste modelo, uma tipologia de comando cuja linha entre o anal\u00f3gico e o digital \u00e9 deveras t\u00e9nue e de dif\u00edcil defini\u00e7\u00e3o. Talvez possamos dizer que estamos perante uma funcionalidade digital com aspeto anal\u00f3gico, sem cair em erro. Algo oposto a outros modelos da marca, onde tudo \u00e9 francamente digital na sua configura\u00e7\u00e3o.<\/p>\n\n\n\n<p>A caixa de velocidades \u00e9 tamb\u00e9m bastante equilibrada com os seus consumos, sendo um carro que consome 6,7L\/100km, em velocidade moderada. O que n\u00e3o deixa de ser um equil\u00edbrio bastante interessante dado a resist\u00eancia que o ve\u00edculo faz ao ar, j\u00e1 que n\u00e3o podemos esquecer que \u00e9 um carro alto.&nbsp;<\/p>\n\n\n\n<figure class=\"wp-block-image size-large\"><img decoding=\"async\" width=\"1024\" height=\"768\" src=\"https:\/\/automotiverevista.pt\/wp-content\/uploads\/2023\/10\/20230728_151314-1024x768.jpg\" alt=\"\" class=\"wp-image-4192\" srcset=\"https:\/\/automotiverevista.pt\/wp-content\/uploads\/2023\/10\/20230728_151314-1024x768.jpg 1024w, https:\/\/automotiverevista.pt\/wp-content\/uploads\/2023\/10\/20230728_151314-300x225.jpg 300w, https:\/\/automotiverevista.pt\/wp-content\/uploads\/2023\/10\/20230728_151314-768x576.jpg 768w, https:\/\/automotiverevista.pt\/wp-content\/uploads\/2023\/10\/20230728_151314-750x563.jpg 750w, https:\/\/automotiverevista.pt\/wp-content\/uploads\/2023\/10\/20230728_151314-1140x855.jpg 1140w, https:\/\/automotiverevista.pt\/wp-content\/uploads\/2023\/10\/20230728_151314.jpg 1500w\" sizes=\"(max-width: 1024px) 100vw, 1024px\" \/><\/figure>\n\n\n\n<p><strong>Imagem frotista<\/strong><\/p>\n\n\n\n<p>Das v\u00e1rias tecnologias da assist\u00eancia \u00e0 condu\u00e7\u00e3o existe uma que \u00e9 digna de nota: o <em>cruise control<\/em> preditivo que, simulando um pouco o que j\u00e1 se faz nos cami\u00f5es, possui uma caracter\u00edstica curiosa que queremos partilhar consigo. Ligando-o, o carro ir\u00e1 reconhecer imediatamente a cartomancia da estrada a percorrer e adaptar\u00e1 a velocidade \u00e0 estrada programada, podendo ainda avisar de curvas mais perigosas ou que exijam mais controlo de velocidade.<\/p>\n\n\n\n<p>A est\u00e9tica \u00e9, portanto, agrad\u00e1vel \u00e0 vista, sem linhas profundamente arredondadas e\/ou angulares, cujo design n\u00e3o quebrou totalmente com o aspeto tradicional da Volkswagen, que tamb\u00e9m tem evolu\u00eddo com os tempos. Este modelo incorpora caracter\u00edsticas muito \u00e0 imagem de um carro frotista e cujo visual executivo lhe d\u00e1 aquele toque especial que o faz adaptar-se na perfei\u00e7\u00e3o \u00e0s empresas, sendo um bom ve\u00edculo nas m\u00e3os de um diretor geral ou \u00e1gil nas m\u00e3os de uma dire\u00e7\u00e3o interm\u00e9dia.<\/p>\n\n\n\n<p>\u00c9 uma escolha que agradar\u00e1 a todos os seus condutores e os seduzir\u00e1 pela leveza de ser um carro que prima pela harmonia, em todos os sentidos.<\/p>\n","protected":false},"excerpt":{"rendered":"<p>Sem muitos rodeios dir\u00edamos que, este modelo que a Automotive teve a experi\u00eancia de conduzir, tem uma palavra-chave que o define: harmonia. Quer nas propor\u00e7\u00f5es, quer no visual, quer mesmo ao n\u00edvel do equipamento.&nbsp; Este SUV, que n\u00e3o chega a ser um Crossover, transpira harmonia e equil\u00edbrio desde o pormenor mais pequeno \u00e0 estrutura maior [&hellip;]<\/p>\n","protected":false},"author":3,"featured_media":4190,"comment_status":"closed","ping_status":"open","sticky":false,"template":"","format":"standard","meta":{"jnews-multi-image_gallery":[],"jnews_single_post":{"subtitle":"","format":"standard","video":"","gallery":"","source_name":"","source_url":"","via_name":"","via_url":"","override_template":"0","override":[{"template":"2","single_blog_custom":"","parallax":"1","fullscreen":"1","layout":"right-sidebar","sidebar":"default-sidebar","second_sidebar":"default-sidebar","sticky_sidebar":"1","share_position":"topbottom","share_float_style":"share-monocrhome","show_share_counter":"0","show_view_counter":"0","show_featured":"1","show_post_meta":"1","show_post_author":"0","show_post_author_image":"1","show_post_date":"1","post_date_format":"default","post_date_format_custom":"Y\/m\/d","show_post_category":"1","show_post_reading_time":"0","post_reading_time_wpm":"300","show_zoom_button":"0","zoom_button_out_step":"2","zoom_button_in_step":"3","show_post_tag":"1","show_prev_next_post":"0","show_popup_post":"1","number_popup_post":"1","show_author_box":"0","show_post_related":"1","show_inline_post_related":"1"}],"override_image_size":"0","image_override":[{"single_post_thumbnail_size":"crop-500","single_post_gallery_size":"crop-500"}],"trending_post":"0","trending_post_position":"meta","trending_post_label":"Trending","sponsored_post":"0","sponsored_post_label":"Sponsored by","sponsored_post_name":"","sponsored_post_url":"","sponsored_post_logo_enable":"0","sponsored_post_logo":"","sponsored_post_desc":"","disable_ad":"0"},"jnews_primary_category":{"id":"","hide":""},"footnotes":""},"categories":[23],"tags":[],"class_list":["post-4189","post","type-post","status-publish","format-standard","has-post-thumbnail","hentry","category-frotas"],"yoast_head":"<!-- This site is optimized with the Yoast SEO Premium plugin v27.2 (Yoast SEO v27.5) - https:\/\/yoast.com\/product\/yoast-seo-premium-wordpress\/ -->\n<title>Volkswagen Tiguan \u2013 harmonia em movimento\u00a0 - Revista Automotive Frotas<\/title>\n<meta name=\"description\" content=\"Volkswagen Tiguan \u2013 harmonia em movimento.\u00a0Sem muitos rodeios dir\u00edamos que, este modelo que a Automotive teve a experi\u00eancia de conduzir\" \/>\n<meta name=\"robots\" content=\"index, follow, max-snippet:-1, max-image-preview:large, max-video-preview:-1\" \/>\n<link rel=\"canonical\" href=\"https:\/\/automotiverevista.pt\/index.php\/2023\/10\/20\/volkswagen-tiguan-harmonia-movimento\/\" \/>\n<meta property=\"og:locale\" content=\"pt_PT\" \/>\n<meta property=\"og:type\" content=\"article\" \/>\n<meta property=\"og:title\" content=\"Volkswagen Tiguan \u2013 harmonia em movimento\u00a0\" \/>\n<meta property=\"og:description\" content=\"Volkswagen Tiguan \u2013 harmonia em movimento.\u00a0Sem muitos rodeios dir\u00edamos que, este modelo que a Automotive teve a experi\u00eancia de conduzir\" \/>\n<meta property=\"og:url\" content=\"https:\/\/automotiverevista.pt\/index.php\/2023\/10\/20\/volkswagen-tiguan-harmonia-movimento\/\" \/>\n<meta property=\"og:site_name\" content=\"Revista Automotive\" \/>\n<meta property=\"article:published_time\" content=\"2023-10-20T07:00:00+00:00\" \/>\n<meta property=\"og:image\" content=\"https:\/\/automotiverevista.pt\/wp-content\/uploads\/2023\/10\/FotoAbertura-8.jpg\" \/>\n\t<meta property=\"og:image:width\" content=\"1500\" \/>\n\t<meta property=\"og:image:height\" content=\"1125\" \/>\n\t<meta property=\"og:image:type\" content=\"image\/jpeg\" \/>\n<meta name=\"author\" content=\"MiguelMarques\" \/>\n<meta name=\"twitter:card\" content=\"summary_large_image\" \/>\n<meta name=\"twitter:label1\" content=\"Escrito por\" \/>\n\t<meta name=\"twitter:data1\" content=\"MiguelMarques\" \/>\n\t<meta name=\"twitter:label2\" content=\"Tempo estimado de leitura\" \/>\n\t<meta name=\"twitter:data2\" content=\"4 minutos\" \/>\n<script type=\"application\/ld+json\" class=\"yoast-schema-graph\">{\"@context\":\"https:\\\/\\\/schema.org\",\"@graph\":[{\"@type\":\"Article\",\"@id\":\"https:\\\/\\\/automotiverevista.pt\\\/index.php\\\/2023\\\/10\\\/20\\\/volkswagen-tiguan-harmonia-movimento\\\/#article\",\"isPartOf\":{\"@id\":\"https:\\\/\\\/automotiverevista.pt\\\/index.php\\\/2023\\\/10\\\/20\\\/volkswagen-tiguan-harmonia-movimento\\\/\"},\"author\":{\"name\":\"MiguelMarques\",\"@id\":\"https:\\\/\\\/automotiverevista.pt\\\/#\\\/schema\\\/person\\\/d705335f9c428a4a0cae3d11afb2e0ef\"},\"headline\":\"Volkswagen Tiguan \u2013 harmonia em movimento\u00a0\",\"datePublished\":\"2023-10-20T07:00:00+00:00\",\"mainEntityOfPage\":{\"@id\":\"https:\\\/\\\/automotiverevista.pt\\\/index.php\\\/2023\\\/10\\\/20\\\/volkswagen-tiguan-harmonia-movimento\\\/\"},\"wordCount\":686,\"publisher\":{\"@id\":\"https:\\\/\\\/automotiverevista.pt\\\/#organization\"},\"image\":{\"@id\":\"https:\\\/\\\/automotiverevista.pt\\\/index.php\\\/2023\\\/10\\\/20\\\/volkswagen-tiguan-harmonia-movimento\\\/#primaryimage\"},\"thumbnailUrl\":\"https:\\\/\\\/automotiverevista.pt\\\/wp-content\\\/uploads\\\/2023\\\/10\\\/FotoAbertura-8.jpg\",\"articleSection\":[\"Frotas\"],\"inLanguage\":\"pt-PT\"},{\"@type\":\"WebPage\",\"@id\":\"https:\\\/\\\/automotiverevista.pt\\\/index.php\\\/2023\\\/10\\\/20\\\/volkswagen-tiguan-harmonia-movimento\\\/\",\"url\":\"https:\\\/\\\/automotiverevista.pt\\\/index.php\\\/2023\\\/10\\\/20\\\/volkswagen-tiguan-harmonia-movimento\\\/\",\"name\":\"Volkswagen Tiguan \u2013 harmonia em movimento\u00a0 - Revista Automotive Frotas\",\"isPartOf\":{\"@id\":\"https:\\\/\\\/automotiverevista.pt\\\/#website\"},\"primaryImageOfPage\":{\"@id\":\"https:\\\/\\\/automotiverevista.pt\\\/index.php\\\/2023\\\/10\\\/20\\\/volkswagen-tiguan-harmonia-movimento\\\/#primaryimage\"},\"image\":{\"@id\":\"https:\\\/\\\/automotiverevista.pt\\\/index.php\\\/2023\\\/10\\\/20\\\/volkswagen-tiguan-harmonia-movimento\\\/#primaryimage\"},\"thumbnailUrl\":\"https:\\\/\\\/automotiverevista.pt\\\/wp-content\\\/uploads\\\/2023\\\/10\\\/FotoAbertura-8.jpg\",\"datePublished\":\"2023-10-20T07:00:00+00:00\",\"description\":\"Volkswagen Tiguan \u2013 harmonia em movimento.\u00a0Sem muitos rodeios dir\u00edamos que, este modelo que a Automotive teve a experi\u00eancia de conduzir\",\"breadcrumb\":{\"@id\":\"https:\\\/\\\/automotiverevista.pt\\\/index.php\\\/2023\\\/10\\\/20\\\/volkswagen-tiguan-harmonia-movimento\\\/#breadcrumb\"},\"inLanguage\":\"pt-PT\",\"potentialAction\":[{\"@type\":\"ReadAction\",\"target\":[\"https:\\\/\\\/automotiverevista.pt\\\/index.php\\\/2023\\\/10\\\/20\\\/volkswagen-tiguan-harmonia-movimento\\\/\"]}]},{\"@type\":\"ImageObject\",\"inLanguage\":\"pt-PT\",\"@id\":\"https:\\\/\\\/automotiverevista.pt\\\/index.php\\\/2023\\\/10\\\/20\\\/volkswagen-tiguan-harmonia-movimento\\\/#primaryimage\",\"url\":\"https:\\\/\\\/automotiverevista.pt\\\/wp-content\\\/uploads\\\/2023\\\/10\\\/FotoAbertura-8.jpg\",\"contentUrl\":\"https:\\\/\\\/automotiverevista.pt\\\/wp-content\\\/uploads\\\/2023\\\/10\\\/FotoAbertura-8.jpg\",\"width\":1500,\"height\":1125},{\"@type\":\"BreadcrumbList\",\"@id\":\"https:\\\/\\\/automotiverevista.pt\\\/index.php\\\/2023\\\/10\\\/20\\\/volkswagen-tiguan-harmonia-movimento\\\/#breadcrumb\",\"itemListElement\":[{\"@type\":\"ListItem\",\"position\":1,\"name\":\"Home\",\"item\":\"https:\\\/\\\/automotiverevista.pt\\\/\"},{\"@type\":\"ListItem\",\"position\":2,\"name\":\"Volkswagen Tiguan \u2013 harmonia em movimento\u00a0\"}]},{\"@type\":\"WebSite\",\"@id\":\"https:\\\/\\\/automotiverevista.pt\\\/#website\",\"url\":\"https:\\\/\\\/automotiverevista.pt\\\/\",\"name\":\"Revista Automotive\",\"description\":\"Revista Automotive Portugal\",\"publisher\":{\"@id\":\"https:\\\/\\\/automotiverevista.pt\\\/#organization\"},\"potentialAction\":[{\"@type\":\"SearchAction\",\"target\":{\"@type\":\"EntryPoint\",\"urlTemplate\":\"https:\\\/\\\/automotiverevista.pt\\\/?s={search_term_string}\"},\"query-input\":{\"@type\":\"PropertyValueSpecification\",\"valueRequired\":true,\"valueName\":\"search_term_string\"}}],\"inLanguage\":\"pt-PT\"},{\"@type\":\"Organization\",\"@id\":\"https:\\\/\\\/automotiverevista.pt\\\/#organization\",\"name\":\"Revista Automotive Portugal\",\"url\":\"https:\\\/\\\/automotiverevista.pt\\\/\",\"logo\":{\"@type\":\"ImageObject\",\"inLanguage\":\"pt-PT\",\"@id\":\"https:\\\/\\\/automotiverevista.pt\\\/#\\\/schema\\\/logo\\\/image\\\/\",\"url\":\"https:\\\/\\\/automotiverevista.pt\\\/wp-content\\\/uploads\\\/2022\\\/07\\\/Logo-Automotive-2021_500-1.jpg\",\"contentUrl\":\"https:\\\/\\\/automotiverevista.pt\\\/wp-content\\\/uploads\\\/2022\\\/07\\\/Logo-Automotive-2021_500-1.jpg\",\"width\":500,\"height\":160,\"caption\":\"Revista Automotive Portugal\"},\"image\":{\"@id\":\"https:\\\/\\\/automotiverevista.pt\\\/#\\\/schema\\\/logo\\\/image\\\/\"},\"sameAs\":[\"https:\\\/\\\/linkedin.com\\\/in\\\/automotiverevista\"]},{\"@type\":\"Person\",\"@id\":\"https:\\\/\\\/automotiverevista.pt\\\/#\\\/schema\\\/person\\\/d705335f9c428a4a0cae3d11afb2e0ef\",\"name\":\"MiguelMarques\",\"image\":{\"@type\":\"ImageObject\",\"inLanguage\":\"pt-PT\",\"@id\":\"https:\\\/\\\/secure.gravatar.com\\\/avatar\\\/635d1f118671d87c579d5e4f6491bfc0081e3bbddd605eb321931e9c938270b5?s=96&d=mm&r=g\",\"url\":\"https:\\\/\\\/secure.gravatar.com\\\/avatar\\\/635d1f118671d87c579d5e4f6491bfc0081e3bbddd605eb321931e9c938270b5?s=96&d=mm&r=g\",\"contentUrl\":\"https:\\\/\\\/secure.gravatar.com\\\/avatar\\\/635d1f118671d87c579d5e4f6491bfc0081e3bbddd605eb321931e9c938270b5?s=96&d=mm&r=g\",\"caption\":\"MiguelMarques\"},\"url\":\"https:\\\/\\\/automotiverevista.pt\\\/index.php\\\/author\\\/miguelmarques\\\/\"}]}<\/script>\n<!-- \/ Yoast SEO Premium plugin. -->","yoast_head_json":{"title":"Volkswagen Tiguan \u2013 harmonia em movimento\u00a0 - Revista Automotive Frotas","description":"Volkswagen Tiguan \u2013 harmonia em movimento.\u00a0Sem muitos rodeios dir\u00edamos que, este modelo que a Automotive teve a experi\u00eancia de conduzir","robots":{"index":"index","follow":"follow","max-snippet":"max-snippet:-1","max-image-preview":"max-image-preview:large","max-video-preview":"max-video-preview:-1"},"canonical":"https:\/\/automotiverevista.pt\/index.php\/2023\/10\/20\/volkswagen-tiguan-harmonia-movimento\/","og_locale":"pt_PT","og_type":"article","og_title":"Volkswagen Tiguan \u2013 harmonia em movimento\u00a0","og_description":"Volkswagen Tiguan \u2013 harmonia em movimento.\u00a0Sem muitos rodeios dir\u00edamos que, este modelo que a Automotive teve a experi\u00eancia de conduzir","og_url":"https:\/\/automotiverevista.pt\/index.php\/2023\/10\/20\/volkswagen-tiguan-harmonia-movimento\/","og_site_name":"Revista Automotive","article_published_time":"2023-10-20T07:00:00+00:00","og_image":[{"width":1500,"height":1125,"url":"https:\/\/automotiverevista.pt\/wp-content\/uploads\/2023\/10\/FotoAbertura-8.jpg","type":"image\/jpeg"}],"author":"MiguelMarques","twitter_card":"summary_large_image","twitter_misc":{"Escrito por":"MiguelMarques","Tempo estimado de leitura":"4 minutos"},"schema":{"@context":"https:\/\/schema.org","@graph":[{"@type":"Article","@id":"https:\/\/automotiverevista.pt\/index.php\/2023\/10\/20\/volkswagen-tiguan-harmonia-movimento\/#article","isPartOf":{"@id":"https:\/\/automotiverevista.pt\/index.php\/2023\/10\/20\/volkswagen-tiguan-harmonia-movimento\/"},"author":{"name":"MiguelMarques","@id":"https:\/\/automotiverevista.pt\/#\/schema\/person\/d705335f9c428a4a0cae3d11afb2e0ef"},"headline":"Volkswagen Tiguan \u2013 harmonia em movimento\u00a0","datePublished":"2023-10-20T07:00:00+00:00","mainEntityOfPage":{"@id":"https:\/\/automotiverevista.pt\/index.php\/2023\/10\/20\/volkswagen-tiguan-harmonia-movimento\/"},"wordCount":686,"publisher":{"@id":"https:\/\/automotiverevista.pt\/#organization"},"image":{"@id":"https:\/\/automotiverevista.pt\/index.php\/2023\/10\/20\/volkswagen-tiguan-harmonia-movimento\/#primaryimage"},"thumbnailUrl":"https:\/\/automotiverevista.pt\/wp-content\/uploads\/2023\/10\/FotoAbertura-8.jpg","articleSection":["Frotas"],"inLanguage":"pt-PT"},{"@type":"WebPage","@id":"https:\/\/automotiverevista.pt\/index.php\/2023\/10\/20\/volkswagen-tiguan-harmonia-movimento\/","url":"https:\/\/automotiverevista.pt\/index.php\/2023\/10\/20\/volkswagen-tiguan-harmonia-movimento\/","name":"Volkswagen Tiguan \u2013 harmonia em movimento\u00a0 - Revista Automotive Frotas","isPartOf":{"@id":"https:\/\/automotiverevista.pt\/#website"},"primaryImageOfPage":{"@id":"https:\/\/automotiverevista.pt\/index.php\/2023\/10\/20\/volkswagen-tiguan-harmonia-movimento\/#primaryimage"},"image":{"@id":"https:\/\/automotiverevista.pt\/index.php\/2023\/10\/20\/volkswagen-tiguan-harmonia-movimento\/#primaryimage"},"thumbnailUrl":"https:\/\/automotiverevista.pt\/wp-content\/uploads\/2023\/10\/FotoAbertura-8.jpg","datePublished":"2023-10-20T07:00:00+00:00","description":"Volkswagen Tiguan \u2013 harmonia em movimento.\u00a0Sem muitos rodeios dir\u00edamos que, este modelo que a Automotive teve a experi\u00eancia de conduzir","breadcrumb":{"@id":"https:\/\/automotiverevista.pt\/index.php\/2023\/10\/20\/volkswagen-tiguan-harmonia-movimento\/#breadcrumb"},"inLanguage":"pt-PT","potentialAction":[{"@type":"ReadAction","target":["https:\/\/automotiverevista.pt\/index.php\/2023\/10\/20\/volkswagen-tiguan-harmonia-movimento\/"]}]},{"@type":"ImageObject","inLanguage":"pt-PT","@id":"https:\/\/automotiverevista.pt\/index.php\/2023\/10\/20\/volkswagen-tiguan-harmonia-movimento\/#primaryimage","url":"https:\/\/automotiverevista.pt\/wp-content\/uploads\/2023\/10\/FotoAbertura-8.jpg","contentUrl":"https:\/\/automotiverevista.pt\/wp-content\/uploads\/2023\/10\/FotoAbertura-8.jpg","width":1500,"height":1125},{"@type":"BreadcrumbList","@id":"https:\/\/automotiverevista.pt\/index.php\/2023\/10\/20\/volkswagen-tiguan-harmonia-movimento\/#breadcrumb","itemListElement":[{"@type":"ListItem","position":1,"name":"Home","item":"https:\/\/automotiverevista.pt\/"},{"@type":"ListItem","position":2,"name":"Volkswagen Tiguan \u2013 harmonia em movimento\u00a0"}]},{"@type":"WebSite","@id":"https:\/\/automotiverevista.pt\/#website","url":"https:\/\/automotiverevista.pt\/","name":"Revista Automotive","description":"Revista Automotive Portugal","publisher":{"@id":"https:\/\/automotiverevista.pt\/#organization"},"potentialAction":[{"@type":"SearchAction","target":{"@type":"EntryPoint","urlTemplate":"https:\/\/automotiverevista.pt\/?s={search_term_string}"},"query-input":{"@type":"PropertyValueSpecification","valueRequired":true,"valueName":"search_term_string"}}],"inLanguage":"pt-PT"},{"@type":"Organization","@id":"https:\/\/automotiverevista.pt\/#organization","name":"Revista Automotive Portugal","url":"https:\/\/automotiverevista.pt\/","logo":{"@type":"ImageObject","inLanguage":"pt-PT","@id":"https:\/\/automotiverevista.pt\/#\/schema\/logo\/image\/","url":"https:\/\/automotiverevista.pt\/wp-content\/uploads\/2022\/07\/Logo-Automotive-2021_500-1.jpg","contentUrl":"https:\/\/automotiverevista.pt\/wp-content\/uploads\/2022\/07\/Logo-Automotive-2021_500-1.jpg","width":500,"height":160,"caption":"Revista Automotive Portugal"},"image":{"@id":"https:\/\/automotiverevista.pt\/#\/schema\/logo\/image\/"},"sameAs":["https:\/\/linkedin.com\/in\/automotiverevista"]},{"@type":"Person","@id":"https:\/\/automotiverevista.pt\/#\/schema\/person\/d705335f9c428a4a0cae3d11afb2e0ef","name":"MiguelMarques","image":{"@type":"ImageObject","inLanguage":"pt-PT","@id":"https:\/\/secure.gravatar.com\/avatar\/635d1f118671d87c579d5e4f6491bfc0081e3bbddd605eb321931e9c938270b5?s=96&d=mm&r=g","url":"https:\/\/secure.gravatar.com\/avatar\/635d1f118671d87c579d5e4f6491bfc0081e3bbddd605eb321931e9c938270b5?s=96&d=mm&r=g","contentUrl":"https:\/\/secure.gravatar.com\/avatar\/635d1f118671d87c579d5e4f6491bfc0081e3bbddd605eb321931e9c938270b5?s=96&d=mm&r=g","caption":"MiguelMarques"},"url":"https:\/\/automotiverevista.pt\/index.php\/author\/miguelmarques\/"}]}},"_links":{"self":[{"href":"https:\/\/automotiverevista.pt\/index.php\/wp-json\/wp\/v2\/posts\/4189","targetHints":{"allow":["GET"]}}],"collection":[{"href":"https:\/\/automotiverevista.pt\/index.php\/wp-json\/wp\/v2\/posts"}],"about":[{"href":"https:\/\/automotiverevista.pt\/index.php\/wp-json\/wp\/v2\/types\/post"}],"author":[{"embeddable":true,"href":"https:\/\/automotiverevista.pt\/index.php\/wp-json\/wp\/v2\/users\/3"}],"replies":[{"embeddable":true,"href":"https:\/\/automotiverevista.pt\/index.php\/wp-json\/wp\/v2\/comments?post=4189"}],"version-history":[{"count":1,"href":"https:\/\/automotiverevista.pt\/index.php\/wp-json\/wp\/v2\/posts\/4189\/revisions"}],"predecessor-version":[{"id":4193,"href":"https:\/\/automotiverevista.pt\/index.php\/wp-json\/wp\/v2\/posts\/4189\/revisions\/4193"}],"wp:featuredmedia":[{"embeddable":true,"href":"https:\/\/automotiverevista.pt\/index.php\/wp-json\/wp\/v2\/media\/4190"}],"wp:attachment":[{"href":"https:\/\/automotiverevista.pt\/index.php\/wp-json\/wp\/v2\/media?parent=4189"}],"wp:term":[{"taxonomy":"category","embeddable":true,"href":"https:\/\/automotiverevista.pt\/index.php\/wp-json\/wp\/v2\/categories?post=4189"},{"taxonomy":"post_tag","embeddable":true,"href":"https:\/\/automotiverevista.pt\/index.php\/wp-json\/wp\/v2\/tags?post=4189"}],"curies":[{"name":"wp","href":"https:\/\/api.w.org\/{rel}","templated":true}]}}