{"id":4237,"date":"2023-10-25T08:00:00","date_gmt":"2023-10-25T08:00:00","guid":{"rendered":"https:\/\/automotiverevista.pt\/?p=4237"},"modified":"2023-10-16T10:44:29","modified_gmt":"2023-10-16T10:44:29","slug":"audi-a6-plugin","status":"publish","type":"post","link":"https:\/\/automotiverevista.pt\/index.php\/2023\/10\/25\/audi-a6-plugin\/","title":{"rendered":"Audi A6 h\u00edbrido plug-in feito \u00e0 medida para a fiscalidade\u00a0"},"content":{"rendered":"\n<p>Tendo sido lan\u00e7ado em Portugal no ver\u00e3o de 2022, o Audi A6 50 TFSI eQuattro n\u00e3o \u00e9 propriamente uma novidade no nosso mercado, mas representa bem a oferta h\u00edbrida plug-in da marca alem\u00e3 para as empresas.&nbsp;<\/p>\n\n\n\n<p>Com uma autonomia em modo 100% el\u00e9trico de 65 km, emiss\u00f5es de 31 g\/km, e um pre\u00e7o a rondar os 75 mil euros, este Audi tem uma tributa\u00e7\u00e3o aut\u00f3noma de apenas 15%. \u00c9, por assim dizer, um carro feito \u201c\u00e0 medida\u201d para a fiscalidade portuguesa.&nbsp;<\/p>\n\n\n\n<figure class=\"wp-block-image size-large\"><img decoding=\"async\" width=\"1024\" height=\"768\" src=\"https:\/\/automotiverevista.pt\/wp-content\/uploads\/2023\/10\/20230727_145442-1024x768.jpg\" alt=\"\" class=\"wp-image-4239\" srcset=\"https:\/\/automotiverevista.pt\/wp-content\/uploads\/2023\/10\/20230727_145442-1024x768.jpg 1024w, https:\/\/automotiverevista.pt\/wp-content\/uploads\/2023\/10\/20230727_145442-300x225.jpg 300w, https:\/\/automotiverevista.pt\/wp-content\/uploads\/2023\/10\/20230727_145442-768x576.jpg 768w, https:\/\/automotiverevista.pt\/wp-content\/uploads\/2023\/10\/20230727_145442-750x563.jpg 750w, https:\/\/automotiverevista.pt\/wp-content\/uploads\/2023\/10\/20230727_145442-1140x855.jpg 1140w, https:\/\/automotiverevista.pt\/wp-content\/uploads\/2023\/10\/20230727_145442.jpg 1500w\" sizes=\"(max-width: 1024px) 100vw, 1024px\" \/><\/figure>\n\n\n\n<p>Se adicionarmos o facto de ser uma marca premium, vers\u00e3o carrinha, e que conta com 300 cavalos, este Audi A6 50 TFSI eQuattro encaixa como uma luva no gosto do condutor nacional. O que vale dizer que os apreciadores da condu\u00e7\u00e3o mais desportiva dos carros da Audi, n\u00e3o ir\u00e3o ficar defraudados com esta \u201cvers\u00e3o fiscal\u201d.&nbsp;<\/p>\n\n\n\n<p><strong>Altern\u00e2ncia&nbsp;<\/strong><\/p>\n\n\n\n<p>A hibridiza\u00e7\u00e3o s\u00f3 veio ajudar \u00e0 din\u00e2mica de condu\u00e7\u00e3o deste Audi, principalmente nos arranques que faz em modo 100% el\u00e9trico, pois demonstra uma grande rapidez de rea\u00e7\u00e3o. Depois, quando o motor a gasolina entra em funcionamento, faz-se notar pela sua vivacidade. A constante altern\u00e2ncia entre modo el\u00e9trico e a combust\u00e3o \u00e9 acompanhada de um solavanco seco, por isso a condu\u00e7\u00e3o deste A6 \u00e9 tudo menos mon\u00f3tona. Se a isto somarmos a tra\u00e7\u00e3o integral Quattro, chegamos a um denominador bastante desportivo para um executivo da sua dimens\u00e3o.<\/p>\n\n\n\n<figure class=\"wp-block-image size-large\"><img decoding=\"async\" width=\"1024\" height=\"768\" src=\"https:\/\/automotiverevista.pt\/wp-content\/uploads\/2023\/10\/20230727_145508-1024x768.jpg\" alt=\"\" class=\"wp-image-4240\" srcset=\"https:\/\/automotiverevista.pt\/wp-content\/uploads\/2023\/10\/20230727_145508-1024x768.jpg 1024w, https:\/\/automotiverevista.pt\/wp-content\/uploads\/2023\/10\/20230727_145508-300x225.jpg 300w, https:\/\/automotiverevista.pt\/wp-content\/uploads\/2023\/10\/20230727_145508-768x576.jpg 768w, https:\/\/automotiverevista.pt\/wp-content\/uploads\/2023\/10\/20230727_145508-750x563.jpg 750w, https:\/\/automotiverevista.pt\/wp-content\/uploads\/2023\/10\/20230727_145508-1140x855.jpg 1140w, https:\/\/automotiverevista.pt\/wp-content\/uploads\/2023\/10\/20230727_145508.jpg 1500w\" sizes=\"(max-width: 1024px) 100vw, 1024px\" \/><\/figure>\n\n\n\n<p>Os amantes das novas tecnologias t\u00eam neste carro quase todos os seus desejos cumpridos, com a grande vantagem de n\u00e3o comprometer a est\u00e9tica atrativa que a Audi nos habituou. Assim, este modelo A6 consegue acomodar dois ecr\u00e3s na consola central (que substituem por completo os bot\u00f5es f\u00edsicos), de forma esteticamente harmoniosa e bela, em contraste com outras op\u00e7\u00f5es do mercado que simplesmente encaixam um \u201ctablet\u201d no tablier. A quase totalidade dos comandos nesta viatura \u00e9 assim comandada por estes ecr\u00e3s t\u00e1teis, que podem ser configurados ao bel-prazer do condutor.&nbsp;<\/p>\n\n\n\n<p>O painel de instrumentos reflete tamb\u00e9m o caracter digital, com uma visualiza\u00e7\u00e3o de imensos par\u00e2metros, muito \u00fatil para quem n\u00e3o quer perder \u201cpitada\u201d do que se passa com o carro (e fora dele). E por falar em fora, o visual denota logo a vertente mais \u201cdesportiva\u201d deste A6, com uma silhueta baixa para melhor aproveitar a aerodin\u00e2mica. No entanto, consegue manter a imagem de um carro mais executivo, ocultando assim a sua real din\u00e2mica de condu\u00e7\u00e3o.<\/p>\n\n\n\n<figure class=\"wp-block-image size-large\"><img decoding=\"async\" width=\"1024\" height=\"768\" src=\"https:\/\/automotiverevista.pt\/wp-content\/uploads\/2023\/10\/20230727_145724-1024x768.jpg\" alt=\"\" class=\"wp-image-4241\" srcset=\"https:\/\/automotiverevista.pt\/wp-content\/uploads\/2023\/10\/20230727_145724-1024x768.jpg 1024w, https:\/\/automotiverevista.pt\/wp-content\/uploads\/2023\/10\/20230727_145724-300x225.jpg 300w, https:\/\/automotiverevista.pt\/wp-content\/uploads\/2023\/10\/20230727_145724-768x576.jpg 768w, https:\/\/automotiverevista.pt\/wp-content\/uploads\/2023\/10\/20230727_145724-750x563.jpg 750w, https:\/\/automotiverevista.pt\/wp-content\/uploads\/2023\/10\/20230727_145724-1140x855.jpg 1140w, https:\/\/automotiverevista.pt\/wp-content\/uploads\/2023\/10\/20230727_145724.jpg 1500w\" sizes=\"(max-width: 1024px) 100vw, 1024px\" \/><\/figure>\n\n\n\n<p><strong>Ficha T\u00e9cnica<\/strong><\/p>\n\n\n\n<p><strong>Motor<\/strong>&nbsp;Gasolina 4 cil. em linha 1984cc PHEV<br><strong>Pot\u00eancia combinada<\/strong>&nbsp;299 cv (220 kW)<br><strong>Bin\u00e1rio m\u00e1ximo<\/strong>&nbsp;450 Nm<br><strong>Transmiss\u00e3o&nbsp;<\/strong>Integral, Auto. 7 vel.<br><strong>Comp.\/Alt.\/Larg.<\/strong>&nbsp;4,95\/1,88\/1,49 m<br><strong>Dist. entre eixos<\/strong>&nbsp;2,92 m<br><strong>Peso<\/strong>&nbsp;2150 kg&nbsp;<br><strong>Bagageira<\/strong>&nbsp;405 \u2013 1.535 l<br><strong>Acel. 0-100 km\/h<\/strong>&nbsp;6,2s<br><strong>Vel. m\u00e1x.<\/strong>&nbsp;250 km\/h<br><strong>Consumo (WLTP)<\/strong>&nbsp;1,3 [<strong>1,6*<\/strong>] l\/100 km<br><strong>Emiss\u00f5es de CO2 (WLTP)<\/strong>&nbsp;31 g\/km<br><strong>Capacidade da bateria<\/strong>&nbsp;14,4 KWh (\u00fateis)<br><strong>Autonomia el\u00e9trica<\/strong>&nbsp;65 (<strong>56*<\/strong>) km<br><strong>Tempo de carga<\/strong>&nbsp;2,5 horas (0-100% 7,4 KW)<\/p>\n","protected":false},"excerpt":{"rendered":"<p>Tendo sido lan\u00e7ado em Portugal no ver\u00e3o de 2022, o Audi A6 50 TFSI eQuattro n\u00e3o \u00e9 propriamente uma novidade no nosso mercado, mas representa bem a oferta h\u00edbrida plug-in da marca alem\u00e3 para as empresas.&nbsp; Com uma autonomia em modo 100% el\u00e9trico de 65 km, emiss\u00f5es de 31 g\/km, e um pre\u00e7o a rondar [&hellip;]<\/p>\n","protected":false},"author":3,"featured_media":4238,"comment_status":"closed","ping_status":"open","sticky":false,"template":"","format":"standard","meta":{"jnews-multi-image_gallery":[],"jnews_single_post":{"subtitle":"","format":"standard","video":"","gallery":"","source_name":"","source_url":"","via_name":"","via_url":"","override_template":"0","override":[{"template":"2","single_blog_custom":"","parallax":"1","fullscreen":"1","layout":"right-sidebar","sidebar":"default-sidebar","second_sidebar":"default-sidebar","sticky_sidebar":"1","share_position":"topbottom","share_float_style":"share-monocrhome","show_share_counter":"0","show_view_counter":"0","show_featured":"1","show_post_meta":"1","show_post_author":"0","show_post_author_image":"1","show_post_date":"1","post_date_format":"default","post_date_format_custom":"Y\/m\/d","show_post_category":"1","show_post_reading_time":"0","post_reading_time_wpm":"300","show_zoom_button":"0","zoom_button_out_step":"2","zoom_button_in_step":"3","show_post_tag":"1","show_prev_next_post":"0","show_popup_post":"1","number_popup_post":"1","show_author_box":"0","show_post_related":"1","show_inline_post_related":"1"}],"override_image_size":"0","image_override":[{"single_post_thumbnail_size":"crop-500","single_post_gallery_size":"crop-500"}],"trending_post":"0","trending_post_position":"meta","trending_post_label":"Trending","sponsored_post":"0","sponsored_post_label":"Sponsored by","sponsored_post_name":"","sponsored_post_url":"","sponsored_post_logo_enable":"0","sponsored_post_logo":"","sponsored_post_desc":"","disable_ad":"0"},"jnews_primary_category":{"id":"","hide":""},"footnotes":""},"categories":[23],"tags":[],"class_list":["post-4237","post","type-post","status-publish","format-standard","has-post-thumbnail","hentry","category-frotas"],"yoast_head":"<!-- This site is optimized with the Yoast SEO Premium plugin v27.2 (Yoast SEO v27.5) - https:\/\/yoast.com\/product\/yoast-seo-premium-wordpress\/ -->\n<title>Audi A6 h\u00edbrido plug-in feito \u00e0 medida para a fiscalidade\u00a0 - Revista Automotive<\/title>\n<meta name=\"description\" content=\"Tendo sido lan\u00e7ado em Portugal no ver\u00e3o de 2022, o Audi A6 50 TFSI eQuattro n\u00e3o \u00e9 propriamente uma novidade no nosso mercado\" \/>\n<meta name=\"robots\" content=\"index, follow, max-snippet:-1, max-image-preview:large, max-video-preview:-1\" \/>\n<link rel=\"canonical\" href=\"https:\/\/automotiverevista.pt\/index.php\/2023\/10\/25\/audi-a6-plugin\/\" \/>\n<meta property=\"og:locale\" content=\"pt_PT\" \/>\n<meta property=\"og:type\" content=\"article\" \/>\n<meta property=\"og:title\" content=\"Audi A6 h\u00edbrido plug-in feito \u00e0 medida para a fiscalidade\u00a0\" \/>\n<meta property=\"og:description\" content=\"Tendo sido lan\u00e7ado em Portugal no ver\u00e3o de 2022, o Audi A6 50 TFSI eQuattro n\u00e3o \u00e9 propriamente uma novidade no nosso mercado\" \/>\n<meta property=\"og:url\" content=\"https:\/\/automotiverevista.pt\/index.php\/2023\/10\/25\/audi-a6-plugin\/\" \/>\n<meta property=\"og:site_name\" content=\"Revista Automotive\" \/>\n<meta property=\"article:published_time\" content=\"2023-10-25T08:00:00+00:00\" \/>\n<meta property=\"og:image\" content=\"https:\/\/automotiverevista.pt\/wp-content\/uploads\/2023\/10\/FotoAbertura-15.jpg\" \/>\n\t<meta property=\"og:image:width\" content=\"1500\" \/>\n\t<meta property=\"og:image:height\" content=\"1125\" \/>\n\t<meta property=\"og:image:type\" content=\"image\/jpeg\" \/>\n<meta name=\"author\" content=\"MiguelMarques\" \/>\n<meta name=\"twitter:card\" content=\"summary_large_image\" \/>\n<meta name=\"twitter:label1\" content=\"Escrito por\" \/>\n\t<meta name=\"twitter:data1\" content=\"MiguelMarques\" \/>\n\t<meta name=\"twitter:label2\" content=\"Tempo estimado de leitura\" \/>\n\t<meta name=\"twitter:data2\" content=\"4 minutos\" \/>\n<script type=\"application\/ld+json\" class=\"yoast-schema-graph\">{\"@context\":\"https:\\\/\\\/schema.org\",\"@graph\":[{\"@type\":\"Article\",\"@id\":\"https:\\\/\\\/automotiverevista.pt\\\/index.php\\\/2023\\\/10\\\/25\\\/audi-a6-plugin\\\/#article\",\"isPartOf\":{\"@id\":\"https:\\\/\\\/automotiverevista.pt\\\/index.php\\\/2023\\\/10\\\/25\\\/audi-a6-plugin\\\/\"},\"author\":{\"name\":\"MiguelMarques\",\"@id\":\"https:\\\/\\\/automotiverevista.pt\\\/#\\\/schema\\\/person\\\/d705335f9c428a4a0cae3d11afb2e0ef\"},\"headline\":\"Audi A6 h\u00edbrido plug-in feito \u00e0 medida para a fiscalidade\u00a0\",\"datePublished\":\"2023-10-25T08:00:00+00:00\",\"mainEntityOfPage\":{\"@id\":\"https:\\\/\\\/automotiverevista.pt\\\/index.php\\\/2023\\\/10\\\/25\\\/audi-a6-plugin\\\/\"},\"wordCount\":519,\"publisher\":{\"@id\":\"https:\\\/\\\/automotiverevista.pt\\\/#organization\"},\"image\":{\"@id\":\"https:\\\/\\\/automotiverevista.pt\\\/index.php\\\/2023\\\/10\\\/25\\\/audi-a6-plugin\\\/#primaryimage\"},\"thumbnailUrl\":\"https:\\\/\\\/automotiverevista.pt\\\/wp-content\\\/uploads\\\/2023\\\/10\\\/FotoAbertura-15.jpg\",\"articleSection\":[\"Frotas\"],\"inLanguage\":\"pt-PT\"},{\"@type\":\"WebPage\",\"@id\":\"https:\\\/\\\/automotiverevista.pt\\\/index.php\\\/2023\\\/10\\\/25\\\/audi-a6-plugin\\\/\",\"url\":\"https:\\\/\\\/automotiverevista.pt\\\/index.php\\\/2023\\\/10\\\/25\\\/audi-a6-plugin\\\/\",\"name\":\"Audi A6 h\u00edbrido plug-in feito \u00e0 medida para a fiscalidade\u00a0 - Revista Automotive\",\"isPartOf\":{\"@id\":\"https:\\\/\\\/automotiverevista.pt\\\/#website\"},\"primaryImageOfPage\":{\"@id\":\"https:\\\/\\\/automotiverevista.pt\\\/index.php\\\/2023\\\/10\\\/25\\\/audi-a6-plugin\\\/#primaryimage\"},\"image\":{\"@id\":\"https:\\\/\\\/automotiverevista.pt\\\/index.php\\\/2023\\\/10\\\/25\\\/audi-a6-plugin\\\/#primaryimage\"},\"thumbnailUrl\":\"https:\\\/\\\/automotiverevista.pt\\\/wp-content\\\/uploads\\\/2023\\\/10\\\/FotoAbertura-15.jpg\",\"datePublished\":\"2023-10-25T08:00:00+00:00\",\"description\":\"Tendo sido lan\u00e7ado em Portugal no ver\u00e3o de 2022, o Audi A6 50 TFSI eQuattro n\u00e3o \u00e9 propriamente uma novidade no nosso mercado\",\"breadcrumb\":{\"@id\":\"https:\\\/\\\/automotiverevista.pt\\\/index.php\\\/2023\\\/10\\\/25\\\/audi-a6-plugin\\\/#breadcrumb\"},\"inLanguage\":\"pt-PT\",\"potentialAction\":[{\"@type\":\"ReadAction\",\"target\":[\"https:\\\/\\\/automotiverevista.pt\\\/index.php\\\/2023\\\/10\\\/25\\\/audi-a6-plugin\\\/\"]}]},{\"@type\":\"ImageObject\",\"inLanguage\":\"pt-PT\",\"@id\":\"https:\\\/\\\/automotiverevista.pt\\\/index.php\\\/2023\\\/10\\\/25\\\/audi-a6-plugin\\\/#primaryimage\",\"url\":\"https:\\\/\\\/automotiverevista.pt\\\/wp-content\\\/uploads\\\/2023\\\/10\\\/FotoAbertura-15.jpg\",\"contentUrl\":\"https:\\\/\\\/automotiverevista.pt\\\/wp-content\\\/uploads\\\/2023\\\/10\\\/FotoAbertura-15.jpg\",\"width\":1500,\"height\":1125},{\"@type\":\"BreadcrumbList\",\"@id\":\"https:\\\/\\\/automotiverevista.pt\\\/index.php\\\/2023\\\/10\\\/25\\\/audi-a6-plugin\\\/#breadcrumb\",\"itemListElement\":[{\"@type\":\"ListItem\",\"position\":1,\"name\":\"Home\",\"item\":\"https:\\\/\\\/automotiverevista.pt\\\/\"},{\"@type\":\"ListItem\",\"position\":2,\"name\":\"Audi A6 h\u00edbrido plug-in feito \u00e0 medida para a fiscalidade\u00a0\"}]},{\"@type\":\"WebSite\",\"@id\":\"https:\\\/\\\/automotiverevista.pt\\\/#website\",\"url\":\"https:\\\/\\\/automotiverevista.pt\\\/\",\"name\":\"Revista Automotive\",\"description\":\"Revista Automotive Portugal\",\"publisher\":{\"@id\":\"https:\\\/\\\/automotiverevista.pt\\\/#organization\"},\"potentialAction\":[{\"@type\":\"SearchAction\",\"target\":{\"@type\":\"EntryPoint\",\"urlTemplate\":\"https:\\\/\\\/automotiverevista.pt\\\/?s={search_term_string}\"},\"query-input\":{\"@type\":\"PropertyValueSpecification\",\"valueRequired\":true,\"valueName\":\"search_term_string\"}}],\"inLanguage\":\"pt-PT\"},{\"@type\":\"Organization\",\"@id\":\"https:\\\/\\\/automotiverevista.pt\\\/#organization\",\"name\":\"Revista Automotive Portugal\",\"url\":\"https:\\\/\\\/automotiverevista.pt\\\/\",\"logo\":{\"@type\":\"ImageObject\",\"inLanguage\":\"pt-PT\",\"@id\":\"https:\\\/\\\/automotiverevista.pt\\\/#\\\/schema\\\/logo\\\/image\\\/\",\"url\":\"https:\\\/\\\/automotiverevista.pt\\\/wp-content\\\/uploads\\\/2022\\\/07\\\/Logo-Automotive-2021_500-1.jpg\",\"contentUrl\":\"https:\\\/\\\/automotiverevista.pt\\\/wp-content\\\/uploads\\\/2022\\\/07\\\/Logo-Automotive-2021_500-1.jpg\",\"width\":500,\"height\":160,\"caption\":\"Revista Automotive Portugal\"},\"image\":{\"@id\":\"https:\\\/\\\/automotiverevista.pt\\\/#\\\/schema\\\/logo\\\/image\\\/\"},\"sameAs\":[\"https:\\\/\\\/linkedin.com\\\/in\\\/automotiverevista\"]},{\"@type\":\"Person\",\"@id\":\"https:\\\/\\\/automotiverevista.pt\\\/#\\\/schema\\\/person\\\/d705335f9c428a4a0cae3d11afb2e0ef\",\"name\":\"MiguelMarques\",\"image\":{\"@type\":\"ImageObject\",\"inLanguage\":\"pt-PT\",\"@id\":\"https:\\\/\\\/secure.gravatar.com\\\/avatar\\\/635d1f118671d87c579d5e4f6491bfc0081e3bbddd605eb321931e9c938270b5?s=96&d=mm&r=g\",\"url\":\"https:\\\/\\\/secure.gravatar.com\\\/avatar\\\/635d1f118671d87c579d5e4f6491bfc0081e3bbddd605eb321931e9c938270b5?s=96&d=mm&r=g\",\"contentUrl\":\"https:\\\/\\\/secure.gravatar.com\\\/avatar\\\/635d1f118671d87c579d5e4f6491bfc0081e3bbddd605eb321931e9c938270b5?s=96&d=mm&r=g\",\"caption\":\"MiguelMarques\"},\"url\":\"https:\\\/\\\/automotiverevista.pt\\\/index.php\\\/author\\\/miguelmarques\\\/\"}]}<\/script>\n<!-- \/ Yoast SEO Premium plugin. -->","yoast_head_json":{"title":"Audi A6 h\u00edbrido plug-in feito \u00e0 medida para a fiscalidade\u00a0 - Revista Automotive","description":"Tendo sido lan\u00e7ado em Portugal no ver\u00e3o de 2022, o Audi A6 50 TFSI eQuattro n\u00e3o \u00e9 propriamente uma novidade no nosso mercado","robots":{"index":"index","follow":"follow","max-snippet":"max-snippet:-1","max-image-preview":"max-image-preview:large","max-video-preview":"max-video-preview:-1"},"canonical":"https:\/\/automotiverevista.pt\/index.php\/2023\/10\/25\/audi-a6-plugin\/","og_locale":"pt_PT","og_type":"article","og_title":"Audi A6 h\u00edbrido plug-in feito \u00e0 medida para a fiscalidade\u00a0","og_description":"Tendo sido lan\u00e7ado em Portugal no ver\u00e3o de 2022, o Audi A6 50 TFSI eQuattro n\u00e3o \u00e9 propriamente uma novidade no nosso mercado","og_url":"https:\/\/automotiverevista.pt\/index.php\/2023\/10\/25\/audi-a6-plugin\/","og_site_name":"Revista Automotive","article_published_time":"2023-10-25T08:00:00+00:00","og_image":[{"width":1500,"height":1125,"url":"https:\/\/automotiverevista.pt\/wp-content\/uploads\/2023\/10\/FotoAbertura-15.jpg","type":"image\/jpeg"}],"author":"MiguelMarques","twitter_card":"summary_large_image","twitter_misc":{"Escrito por":"MiguelMarques","Tempo estimado de leitura":"4 minutos"},"schema":{"@context":"https:\/\/schema.org","@graph":[{"@type":"Article","@id":"https:\/\/automotiverevista.pt\/index.php\/2023\/10\/25\/audi-a6-plugin\/#article","isPartOf":{"@id":"https:\/\/automotiverevista.pt\/index.php\/2023\/10\/25\/audi-a6-plugin\/"},"author":{"name":"MiguelMarques","@id":"https:\/\/automotiverevista.pt\/#\/schema\/person\/d705335f9c428a4a0cae3d11afb2e0ef"},"headline":"Audi A6 h\u00edbrido plug-in feito \u00e0 medida para a fiscalidade\u00a0","datePublished":"2023-10-25T08:00:00+00:00","mainEntityOfPage":{"@id":"https:\/\/automotiverevista.pt\/index.php\/2023\/10\/25\/audi-a6-plugin\/"},"wordCount":519,"publisher":{"@id":"https:\/\/automotiverevista.pt\/#organization"},"image":{"@id":"https:\/\/automotiverevista.pt\/index.php\/2023\/10\/25\/audi-a6-plugin\/#primaryimage"},"thumbnailUrl":"https:\/\/automotiverevista.pt\/wp-content\/uploads\/2023\/10\/FotoAbertura-15.jpg","articleSection":["Frotas"],"inLanguage":"pt-PT"},{"@type":"WebPage","@id":"https:\/\/automotiverevista.pt\/index.php\/2023\/10\/25\/audi-a6-plugin\/","url":"https:\/\/automotiverevista.pt\/index.php\/2023\/10\/25\/audi-a6-plugin\/","name":"Audi A6 h\u00edbrido plug-in feito \u00e0 medida para a fiscalidade\u00a0 - Revista Automotive","isPartOf":{"@id":"https:\/\/automotiverevista.pt\/#website"},"primaryImageOfPage":{"@id":"https:\/\/automotiverevista.pt\/index.php\/2023\/10\/25\/audi-a6-plugin\/#primaryimage"},"image":{"@id":"https:\/\/automotiverevista.pt\/index.php\/2023\/10\/25\/audi-a6-plugin\/#primaryimage"},"thumbnailUrl":"https:\/\/automotiverevista.pt\/wp-content\/uploads\/2023\/10\/FotoAbertura-15.jpg","datePublished":"2023-10-25T08:00:00+00:00","description":"Tendo sido lan\u00e7ado em Portugal no ver\u00e3o de 2022, o Audi A6 50 TFSI eQuattro n\u00e3o \u00e9 propriamente uma novidade no nosso mercado","breadcrumb":{"@id":"https:\/\/automotiverevista.pt\/index.php\/2023\/10\/25\/audi-a6-plugin\/#breadcrumb"},"inLanguage":"pt-PT","potentialAction":[{"@type":"ReadAction","target":["https:\/\/automotiverevista.pt\/index.php\/2023\/10\/25\/audi-a6-plugin\/"]}]},{"@type":"ImageObject","inLanguage":"pt-PT","@id":"https:\/\/automotiverevista.pt\/index.php\/2023\/10\/25\/audi-a6-plugin\/#primaryimage","url":"https:\/\/automotiverevista.pt\/wp-content\/uploads\/2023\/10\/FotoAbertura-15.jpg","contentUrl":"https:\/\/automotiverevista.pt\/wp-content\/uploads\/2023\/10\/FotoAbertura-15.jpg","width":1500,"height":1125},{"@type":"BreadcrumbList","@id":"https:\/\/automotiverevista.pt\/index.php\/2023\/10\/25\/audi-a6-plugin\/#breadcrumb","itemListElement":[{"@type":"ListItem","position":1,"name":"Home","item":"https:\/\/automotiverevista.pt\/"},{"@type":"ListItem","position":2,"name":"Audi A6 h\u00edbrido plug-in feito \u00e0 medida para a fiscalidade\u00a0"}]},{"@type":"WebSite","@id":"https:\/\/automotiverevista.pt\/#website","url":"https:\/\/automotiverevista.pt\/","name":"Revista Automotive","description":"Revista Automotive Portugal","publisher":{"@id":"https:\/\/automotiverevista.pt\/#organization"},"potentialAction":[{"@type":"SearchAction","target":{"@type":"EntryPoint","urlTemplate":"https:\/\/automotiverevista.pt\/?s={search_term_string}"},"query-input":{"@type":"PropertyValueSpecification","valueRequired":true,"valueName":"search_term_string"}}],"inLanguage":"pt-PT"},{"@type":"Organization","@id":"https:\/\/automotiverevista.pt\/#organization","name":"Revista Automotive Portugal","url":"https:\/\/automotiverevista.pt\/","logo":{"@type":"ImageObject","inLanguage":"pt-PT","@id":"https:\/\/automotiverevista.pt\/#\/schema\/logo\/image\/","url":"https:\/\/automotiverevista.pt\/wp-content\/uploads\/2022\/07\/Logo-Automotive-2021_500-1.jpg","contentUrl":"https:\/\/automotiverevista.pt\/wp-content\/uploads\/2022\/07\/Logo-Automotive-2021_500-1.jpg","width":500,"height":160,"caption":"Revista Automotive Portugal"},"image":{"@id":"https:\/\/automotiverevista.pt\/#\/schema\/logo\/image\/"},"sameAs":["https:\/\/linkedin.com\/in\/automotiverevista"]},{"@type":"Person","@id":"https:\/\/automotiverevista.pt\/#\/schema\/person\/d705335f9c428a4a0cae3d11afb2e0ef","name":"MiguelMarques","image":{"@type":"ImageObject","inLanguage":"pt-PT","@id":"https:\/\/secure.gravatar.com\/avatar\/635d1f118671d87c579d5e4f6491bfc0081e3bbddd605eb321931e9c938270b5?s=96&d=mm&r=g","url":"https:\/\/secure.gravatar.com\/avatar\/635d1f118671d87c579d5e4f6491bfc0081e3bbddd605eb321931e9c938270b5?s=96&d=mm&r=g","contentUrl":"https:\/\/secure.gravatar.com\/avatar\/635d1f118671d87c579d5e4f6491bfc0081e3bbddd605eb321931e9c938270b5?s=96&d=mm&r=g","caption":"MiguelMarques"},"url":"https:\/\/automotiverevista.pt\/index.php\/author\/miguelmarques\/"}]}},"_links":{"self":[{"href":"https:\/\/automotiverevista.pt\/index.php\/wp-json\/wp\/v2\/posts\/4237","targetHints":{"allow":["GET"]}}],"collection":[{"href":"https:\/\/automotiverevista.pt\/index.php\/wp-json\/wp\/v2\/posts"}],"about":[{"href":"https:\/\/automotiverevista.pt\/index.php\/wp-json\/wp\/v2\/types\/post"}],"author":[{"embeddable":true,"href":"https:\/\/automotiverevista.pt\/index.php\/wp-json\/wp\/v2\/users\/3"}],"replies":[{"embeddable":true,"href":"https:\/\/automotiverevista.pt\/index.php\/wp-json\/wp\/v2\/comments?post=4237"}],"version-history":[{"count":1,"href":"https:\/\/automotiverevista.pt\/index.php\/wp-json\/wp\/v2\/posts\/4237\/revisions"}],"predecessor-version":[{"id":4242,"href":"https:\/\/automotiverevista.pt\/index.php\/wp-json\/wp\/v2\/posts\/4237\/revisions\/4242"}],"wp:featuredmedia":[{"embeddable":true,"href":"https:\/\/automotiverevista.pt\/index.php\/wp-json\/wp\/v2\/media\/4238"}],"wp:attachment":[{"href":"https:\/\/automotiverevista.pt\/index.php\/wp-json\/wp\/v2\/media?parent=4237"}],"wp:term":[{"taxonomy":"category","embeddable":true,"href":"https:\/\/automotiverevista.pt\/index.php\/wp-json\/wp\/v2\/categories?post=4237"},{"taxonomy":"post_tag","embeddable":true,"href":"https:\/\/automotiverevista.pt\/index.php\/wp-json\/wp\/v2\/tags?post=4237"}],"curies":[{"name":"wp","href":"https:\/\/api.w.org\/{rel}","templated":true}]}}