{"id":4259,"date":"2023-10-26T08:07:00","date_gmt":"2023-10-26T08:07:00","guid":{"rendered":"https:\/\/automotiverevista.pt\/?p=4259"},"modified":"2023-10-19T15:10:30","modified_gmt":"2023-10-19T15:10:30","slug":"renault-kangoo-combinacao-ainda-mais-funcional","status":"publish","type":"post","link":"https:\/\/automotiverevista.pt\/index.php\/2023\/10\/26\/renault-kangoo-combinacao-ainda-mais-funcional\/","title":{"rendered":"Renault Kangoo \u2013 combina\u00e7\u00e3o ainda mais funcional"},"content":{"rendered":"\n<p>Apresentamos-lhe o novo Renault Kangoo, com linhas din\u00e2micas e formas requintadas. Se procura um ve\u00edculo capaz de acomodar passageiros de maneira confort\u00e1vel e eficiente, \u00e9 este.&nbsp;<\/p>\n\n\n\n<p>Depois da conquista do <strong>Pr\u00e9mio Furg\u00e3o do Ano de 2022<\/strong> , atribu\u00eddo pela Revista Automotive, a atual vers\u00e3o de passageiro mant\u00e9m as caracter\u00edsticas funcionais que fizeram do Renault Kangoo um modelo de sucesso nas empresas, com a vantagem de que surge com novas atualiza\u00e7\u00f5es e melhorias evidentes.<\/p>\n\n\n\n<figure class=\"wp-block-image size-large\"><img decoding=\"async\" width=\"1024\" height=\"768\" src=\"https:\/\/automotiverevista.pt\/wp-content\/uploads\/2023\/10\/20230727_124130-1024x768.jpg\" alt=\"\" class=\"wp-image-4261\" srcset=\"https:\/\/automotiverevista.pt\/wp-content\/uploads\/2023\/10\/20230727_124130-1024x768.jpg 1024w, https:\/\/automotiverevista.pt\/wp-content\/uploads\/2023\/10\/20230727_124130-300x225.jpg 300w, https:\/\/automotiverevista.pt\/wp-content\/uploads\/2023\/10\/20230727_124130-768x576.jpg 768w, https:\/\/automotiverevista.pt\/wp-content\/uploads\/2023\/10\/20230727_124130-750x563.jpg 750w, https:\/\/automotiverevista.pt\/wp-content\/uploads\/2023\/10\/20230727_124130-1140x855.jpg 1140w, https:\/\/automotiverevista.pt\/wp-content\/uploads\/2023\/10\/20230727_124130.jpg 1500w\" sizes=\"(max-width: 1024px) 100vw, 1024px\" \/><\/figure>\n\n\n\n<p>Comecemos pelo<em> design<\/em>, moderno e funcional, foi pensado para dar comodidade e maximizar o espa\u00e7o interior, o que o torna perfeito para quem possui fam\u00edlias grandes, empresas de transporte e\/ou grupos. Para isto ser poss\u00edvel, a Renault trabalhou nas caracter\u00edsticas dos assentos, muito mais confort\u00e1veis e flex\u00edveis, assim como no volume da bagageira, bem maior e cujo piso se tornou mais baixo para facilitar a carga e descarga.&nbsp;<\/p>\n\n\n\n<p>Este combi n\u00e3o descuidou a seguran\u00e7a de quem transporta e, neste sentido, o modelo da Renault incorpora uma variedade de recursos de seguran\u00e7a, entre eles um sistema avan\u00e7ado de assist\u00eancia ao condutor, sistema de travagem de emerg\u00eancia e um alerta de sa\u00edda de faixa. O motor tamb\u00e9m se tornou mais eficiente quanto ao consumo de combust\u00edvel, reduzindo as emiss\u00f5es de carbono.<\/p>\n\n\n\n<figure class=\"wp-block-image size-large\"><img decoding=\"async\" width=\"1024\" height=\"768\" src=\"https:\/\/automotiverevista.pt\/wp-content\/uploads\/2023\/10\/20230727_124151-1024x768.jpg\" alt=\"\" class=\"wp-image-4262\" srcset=\"https:\/\/automotiverevista.pt\/wp-content\/uploads\/2023\/10\/20230727_124151-1024x768.jpg 1024w, https:\/\/automotiverevista.pt\/wp-content\/uploads\/2023\/10\/20230727_124151-300x225.jpg 300w, https:\/\/automotiverevista.pt\/wp-content\/uploads\/2023\/10\/20230727_124151-768x576.jpg 768w, https:\/\/automotiverevista.pt\/wp-content\/uploads\/2023\/10\/20230727_124151-750x563.jpg 750w, https:\/\/automotiverevista.pt\/wp-content\/uploads\/2023\/10\/20230727_124151-1140x855.jpg 1140w, https:\/\/automotiverevista.pt\/wp-content\/uploads\/2023\/10\/20230727_124151.jpg 1500w\" sizes=\"(max-width: 1024px) 100vw, 1024px\" \/><\/figure>\n\n\n\n<p>Sem esquecer as funcionalidades multim\u00e9dia, o novo Kangoo guarda no seu interior um sistema de <em>infotainment <\/em>avan\u00e7ado. O EASY&nbsp;LINK \u00e9 acess\u00edvel a partir do ecr\u00e3 central de 8&#8221;, que proporciona uma navega\u00e7\u00e3o intuitiva e integra\u00e7\u00e3o perfeita com <em>smartphones<\/em>. Agora, se j\u00e1 estiver convencido, desejamos-lhe boa viagem.<\/p>\n\n\n\n<p><strong>Motor: <\/strong>Gasolina 4 cilindros com 1333 cm<sup>3<\/sup><\/p>\n\n\n\n<p><strong>Pot\u00eancia: <\/strong>&nbsp; 130 CV&nbsp; | <strong>Tra\u00e7\u00e3o<\/strong>: Dianteira<\/p>\n\n\n\n<p><strong>Caixa de velocidades: <\/strong>Manual<\/p>\n\n\n\n<p><strong>Peso: &nbsp; <\/strong>1625 kg<strong> &nbsp; &nbsp; <\/strong>| <strong>Bagageira<\/strong>:&nbsp; M\u00e1ximo 775L<\/p>\n\n\n\n<p><strong>Pre\u00e7o base: <\/strong>34 221\u20ac &nbsp; | <strong>Vers\u00e3o ensaiada:&nbsp;<\/strong> 34&nbsp;283\u20ac<\/p>\n\n\n\n<p><strong>Consumo combinado ciclo WLTP: <\/strong>6.8 lt\/100<\/p>\n\n\n\n<p><strong>Emiss\u00f5es CO2 ciclo WLTP: <\/strong>153g\/km<\/p>\n\n\n","protected":false},"excerpt":{"rendered":"<p>Apresentamos-lhe o novo Renault Kangoo, com linhas din\u00e2micas e formas requintadas. Se procura um ve\u00edculo capaz de acomodar passageiros de maneira confort\u00e1vel e eficiente, \u00e9 este.&nbsp; Depois da conquista do Pr\u00e9mio Furg\u00e3o do Ano de 2022 , atribu\u00eddo pela Revista Automotive, a atual vers\u00e3o de passageiro mant\u00e9m as caracter\u00edsticas funcionais que fizeram do Renault Kangoo [&hellip;]<\/p>\n","protected":false},"author":3,"featured_media":4260,"comment_status":"closed","ping_status":"open","sticky":false,"template":"","format":"standard","meta":{"jnews-multi-image_gallery":[],"jnews_single_post":{"subtitle":"","format":"standard","video":"","gallery":"","source_name":"","source_url":"","via_name":"","via_url":"","override_template":"0","override":[{"template":"2","single_blog_custom":"","parallax":"1","fullscreen":"1","layout":"right-sidebar","sidebar":"default-sidebar","second_sidebar":"default-sidebar","sticky_sidebar":"1","share_position":"topbottom","share_float_style":"share-monocrhome","show_share_counter":"0","show_view_counter":"0","show_featured":"1","show_post_meta":"1","show_post_author":"0","show_post_author_image":"1","show_post_date":"1","post_date_format":"default","post_date_format_custom":"Y\/m\/d","show_post_category":"1","show_post_reading_time":"0","post_reading_time_wpm":"300","show_zoom_button":"0","zoom_button_out_step":"2","zoom_button_in_step":"3","show_post_tag":"1","show_prev_next_post":"0","show_popup_post":"1","number_popup_post":"1","show_author_box":"0","show_post_related":"1","show_inline_post_related":"1"}],"override_image_size":"0","image_override":[{"single_post_thumbnail_size":"crop-500","single_post_gallery_size":"crop-500"}],"trending_post":"0","trending_post_position":"meta","trending_post_label":"Trending","sponsored_post":"0","sponsored_post_label":"Sponsored by","sponsored_post_name":"","sponsored_post_url":"","sponsored_post_logo_enable":"0","sponsored_post_logo":"","sponsored_post_desc":"","disable_ad":"0"},"jnews_primary_category":{"id":"","hide":""},"footnotes":""},"categories":[23],"tags":[],"class_list":["post-4259","post","type-post","status-publish","format-standard","has-post-thumbnail","hentry","category-frotas"],"yoast_head":"<!-- This site is optimized with the Yoast SEO Premium plugin v27.2 (Yoast SEO v27.5) - https:\/\/yoast.com\/product\/yoast-seo-premium-wordpress\/ -->\n<title>Renault Kangoo \u2013 combina\u00e7\u00e3o ainda mais funcional - Revista Automotive<\/title>\n<meta name=\"robots\" content=\"index, follow, max-snippet:-1, max-image-preview:large, max-video-preview:-1\" \/>\n<link rel=\"canonical\" href=\"https:\/\/automotiverevista.pt\/index.php\/2023\/10\/26\/renault-kangoo-combinacao-ainda-mais-funcional\/\" \/>\n<meta property=\"og:locale\" content=\"pt_PT\" \/>\n<meta property=\"og:type\" content=\"article\" \/>\n<meta property=\"og:title\" content=\"Renault Kangoo \u2013 combina\u00e7\u00e3o ainda mais funcional\" \/>\n<meta property=\"og:description\" content=\"Apresentamos-lhe o novo Renault Kangoo, com linhas din\u00e2micas e formas requintadas. Se procura um ve\u00edculo capaz de acomodar passageiros de maneira confort\u00e1vel e eficiente, \u00e9 este.&nbsp; Depois da conquista do Pr\u00e9mio Furg\u00e3o do Ano de 2022 , atribu\u00eddo pela Revista Automotive, a atual vers\u00e3o de passageiro mant\u00e9m as caracter\u00edsticas funcionais que fizeram do Renault Kangoo [&hellip;]\" \/>\n<meta property=\"og:url\" content=\"https:\/\/automotiverevista.pt\/index.php\/2023\/10\/26\/renault-kangoo-combinacao-ainda-mais-funcional\/\" \/>\n<meta property=\"og:site_name\" content=\"Revista Automotive\" \/>\n<meta property=\"article:published_time\" content=\"2023-10-26T08:07:00+00:00\" \/>\n<meta property=\"og:image\" content=\"https:\/\/automotiverevista.pt\/wp-content\/uploads\/2023\/10\/FotoAbertura-18.jpg\" \/>\n\t<meta property=\"og:image:width\" content=\"1500\" \/>\n\t<meta property=\"og:image:height\" content=\"1125\" \/>\n\t<meta property=\"og:image:type\" content=\"image\/jpeg\" \/>\n<meta name=\"author\" content=\"MiguelMarques\" \/>\n<meta name=\"twitter:card\" content=\"summary_large_image\" \/>\n<meta name=\"twitter:label1\" content=\"Escrito por\" \/>\n\t<meta name=\"twitter:data1\" content=\"MiguelMarques\" \/>\n\t<meta name=\"twitter:label2\" content=\"Tempo estimado de leitura\" \/>\n\t<meta name=\"twitter:data2\" content=\"3 minutos\" \/>\n<script type=\"application\/ld+json\" class=\"yoast-schema-graph\">{\"@context\":\"https:\\\/\\\/schema.org\",\"@graph\":[{\"@type\":\"Article\",\"@id\":\"https:\\\/\\\/automotiverevista.pt\\\/index.php\\\/2023\\\/10\\\/26\\\/renault-kangoo-combinacao-ainda-mais-funcional\\\/#article\",\"isPartOf\":{\"@id\":\"https:\\\/\\\/automotiverevista.pt\\\/index.php\\\/2023\\\/10\\\/26\\\/renault-kangoo-combinacao-ainda-mais-funcional\\\/\"},\"author\":{\"name\":\"MiguelMarques\",\"@id\":\"https:\\\/\\\/automotiverevista.pt\\\/#\\\/schema\\\/person\\\/d705335f9c428a4a0cae3d11afb2e0ef\"},\"headline\":\"Renault Kangoo \u2013 combina\u00e7\u00e3o ainda mais funcional\",\"datePublished\":\"2023-10-26T08:07:00+00:00\",\"mainEntityOfPage\":{\"@id\":\"https:\\\/\\\/automotiverevista.pt\\\/index.php\\\/2023\\\/10\\\/26\\\/renault-kangoo-combinacao-ainda-mais-funcional\\\/\"},\"wordCount\":335,\"publisher\":{\"@id\":\"https:\\\/\\\/automotiverevista.pt\\\/#organization\"},\"image\":{\"@id\":\"https:\\\/\\\/automotiverevista.pt\\\/index.php\\\/2023\\\/10\\\/26\\\/renault-kangoo-combinacao-ainda-mais-funcional\\\/#primaryimage\"},\"thumbnailUrl\":\"https:\\\/\\\/automotiverevista.pt\\\/wp-content\\\/uploads\\\/2023\\\/10\\\/FotoAbertura-18.jpg\",\"articleSection\":[\"Frotas\"],\"inLanguage\":\"pt-PT\"},{\"@type\":\"WebPage\",\"@id\":\"https:\\\/\\\/automotiverevista.pt\\\/index.php\\\/2023\\\/10\\\/26\\\/renault-kangoo-combinacao-ainda-mais-funcional\\\/\",\"url\":\"https:\\\/\\\/automotiverevista.pt\\\/index.php\\\/2023\\\/10\\\/26\\\/renault-kangoo-combinacao-ainda-mais-funcional\\\/\",\"name\":\"Renault Kangoo \u2013 combina\u00e7\u00e3o ainda mais funcional - Revista Automotive\",\"isPartOf\":{\"@id\":\"https:\\\/\\\/automotiverevista.pt\\\/#website\"},\"primaryImageOfPage\":{\"@id\":\"https:\\\/\\\/automotiverevista.pt\\\/index.php\\\/2023\\\/10\\\/26\\\/renault-kangoo-combinacao-ainda-mais-funcional\\\/#primaryimage\"},\"image\":{\"@id\":\"https:\\\/\\\/automotiverevista.pt\\\/index.php\\\/2023\\\/10\\\/26\\\/renault-kangoo-combinacao-ainda-mais-funcional\\\/#primaryimage\"},\"thumbnailUrl\":\"https:\\\/\\\/automotiverevista.pt\\\/wp-content\\\/uploads\\\/2023\\\/10\\\/FotoAbertura-18.jpg\",\"datePublished\":\"2023-10-26T08:07:00+00:00\",\"breadcrumb\":{\"@id\":\"https:\\\/\\\/automotiverevista.pt\\\/index.php\\\/2023\\\/10\\\/26\\\/renault-kangoo-combinacao-ainda-mais-funcional\\\/#breadcrumb\"},\"inLanguage\":\"pt-PT\",\"potentialAction\":[{\"@type\":\"ReadAction\",\"target\":[\"https:\\\/\\\/automotiverevista.pt\\\/index.php\\\/2023\\\/10\\\/26\\\/renault-kangoo-combinacao-ainda-mais-funcional\\\/\"]}]},{\"@type\":\"ImageObject\",\"inLanguage\":\"pt-PT\",\"@id\":\"https:\\\/\\\/automotiverevista.pt\\\/index.php\\\/2023\\\/10\\\/26\\\/renault-kangoo-combinacao-ainda-mais-funcional\\\/#primaryimage\",\"url\":\"https:\\\/\\\/automotiverevista.pt\\\/wp-content\\\/uploads\\\/2023\\\/10\\\/FotoAbertura-18.jpg\",\"contentUrl\":\"https:\\\/\\\/automotiverevista.pt\\\/wp-content\\\/uploads\\\/2023\\\/10\\\/FotoAbertura-18.jpg\",\"width\":1500,\"height\":1125},{\"@type\":\"BreadcrumbList\",\"@id\":\"https:\\\/\\\/automotiverevista.pt\\\/index.php\\\/2023\\\/10\\\/26\\\/renault-kangoo-combinacao-ainda-mais-funcional\\\/#breadcrumb\",\"itemListElement\":[{\"@type\":\"ListItem\",\"position\":1,\"name\":\"Home\",\"item\":\"https:\\\/\\\/automotiverevista.pt\\\/\"},{\"@type\":\"ListItem\",\"position\":2,\"name\":\"Renault Kangoo \u2013 combina\u00e7\u00e3o ainda mais funcional\"}]},{\"@type\":\"WebSite\",\"@id\":\"https:\\\/\\\/automotiverevista.pt\\\/#website\",\"url\":\"https:\\\/\\\/automotiverevista.pt\\\/\",\"name\":\"Revista Automotive\",\"description\":\"Revista Automotive Portugal\",\"publisher\":{\"@id\":\"https:\\\/\\\/automotiverevista.pt\\\/#organization\"},\"potentialAction\":[{\"@type\":\"SearchAction\",\"target\":{\"@type\":\"EntryPoint\",\"urlTemplate\":\"https:\\\/\\\/automotiverevista.pt\\\/?s={search_term_string}\"},\"query-input\":{\"@type\":\"PropertyValueSpecification\",\"valueRequired\":true,\"valueName\":\"search_term_string\"}}],\"inLanguage\":\"pt-PT\"},{\"@type\":\"Organization\",\"@id\":\"https:\\\/\\\/automotiverevista.pt\\\/#organization\",\"name\":\"Revista Automotive Portugal\",\"url\":\"https:\\\/\\\/automotiverevista.pt\\\/\",\"logo\":{\"@type\":\"ImageObject\",\"inLanguage\":\"pt-PT\",\"@id\":\"https:\\\/\\\/automotiverevista.pt\\\/#\\\/schema\\\/logo\\\/image\\\/\",\"url\":\"https:\\\/\\\/automotiverevista.pt\\\/wp-content\\\/uploads\\\/2022\\\/07\\\/Logo-Automotive-2021_500-1.jpg\",\"contentUrl\":\"https:\\\/\\\/automotiverevista.pt\\\/wp-content\\\/uploads\\\/2022\\\/07\\\/Logo-Automotive-2021_500-1.jpg\",\"width\":500,\"height\":160,\"caption\":\"Revista Automotive Portugal\"},\"image\":{\"@id\":\"https:\\\/\\\/automotiverevista.pt\\\/#\\\/schema\\\/logo\\\/image\\\/\"},\"sameAs\":[\"https:\\\/\\\/linkedin.com\\\/in\\\/automotiverevista\"]},{\"@type\":\"Person\",\"@id\":\"https:\\\/\\\/automotiverevista.pt\\\/#\\\/schema\\\/person\\\/d705335f9c428a4a0cae3d11afb2e0ef\",\"name\":\"MiguelMarques\",\"image\":{\"@type\":\"ImageObject\",\"inLanguage\":\"pt-PT\",\"@id\":\"https:\\\/\\\/secure.gravatar.com\\\/avatar\\\/635d1f118671d87c579d5e4f6491bfc0081e3bbddd605eb321931e9c938270b5?s=96&d=mm&r=g\",\"url\":\"https:\\\/\\\/secure.gravatar.com\\\/avatar\\\/635d1f118671d87c579d5e4f6491bfc0081e3bbddd605eb321931e9c938270b5?s=96&d=mm&r=g\",\"contentUrl\":\"https:\\\/\\\/secure.gravatar.com\\\/avatar\\\/635d1f118671d87c579d5e4f6491bfc0081e3bbddd605eb321931e9c938270b5?s=96&d=mm&r=g\",\"caption\":\"MiguelMarques\"},\"url\":\"https:\\\/\\\/automotiverevista.pt\\\/index.php\\\/author\\\/miguelmarques\\\/\"}]}<\/script>\n<!-- \/ Yoast SEO Premium plugin. -->","yoast_head_json":{"title":"Renault Kangoo \u2013 combina\u00e7\u00e3o ainda mais funcional - Revista Automotive","robots":{"index":"index","follow":"follow","max-snippet":"max-snippet:-1","max-image-preview":"max-image-preview:large","max-video-preview":"max-video-preview:-1"},"canonical":"https:\/\/automotiverevista.pt\/index.php\/2023\/10\/26\/renault-kangoo-combinacao-ainda-mais-funcional\/","og_locale":"pt_PT","og_type":"article","og_title":"Renault Kangoo \u2013 combina\u00e7\u00e3o ainda mais funcional","og_description":"Apresentamos-lhe o novo Renault Kangoo, com linhas din\u00e2micas e formas requintadas. Se procura um ve\u00edculo capaz de acomodar passageiros de maneira confort\u00e1vel e eficiente, \u00e9 este.&nbsp; Depois da conquista do Pr\u00e9mio Furg\u00e3o do Ano de 2022 , atribu\u00eddo pela Revista Automotive, a atual vers\u00e3o de passageiro mant\u00e9m as caracter\u00edsticas funcionais que fizeram do Renault Kangoo [&hellip;]","og_url":"https:\/\/automotiverevista.pt\/index.php\/2023\/10\/26\/renault-kangoo-combinacao-ainda-mais-funcional\/","og_site_name":"Revista Automotive","article_published_time":"2023-10-26T08:07:00+00:00","og_image":[{"width":1500,"height":1125,"url":"https:\/\/automotiverevista.pt\/wp-content\/uploads\/2023\/10\/FotoAbertura-18.jpg","type":"image\/jpeg"}],"author":"MiguelMarques","twitter_card":"summary_large_image","twitter_misc":{"Escrito por":"MiguelMarques","Tempo estimado de leitura":"3 minutos"},"schema":{"@context":"https:\/\/schema.org","@graph":[{"@type":"Article","@id":"https:\/\/automotiverevista.pt\/index.php\/2023\/10\/26\/renault-kangoo-combinacao-ainda-mais-funcional\/#article","isPartOf":{"@id":"https:\/\/automotiverevista.pt\/index.php\/2023\/10\/26\/renault-kangoo-combinacao-ainda-mais-funcional\/"},"author":{"name":"MiguelMarques","@id":"https:\/\/automotiverevista.pt\/#\/schema\/person\/d705335f9c428a4a0cae3d11afb2e0ef"},"headline":"Renault Kangoo \u2013 combina\u00e7\u00e3o ainda mais funcional","datePublished":"2023-10-26T08:07:00+00:00","mainEntityOfPage":{"@id":"https:\/\/automotiverevista.pt\/index.php\/2023\/10\/26\/renault-kangoo-combinacao-ainda-mais-funcional\/"},"wordCount":335,"publisher":{"@id":"https:\/\/automotiverevista.pt\/#organization"},"image":{"@id":"https:\/\/automotiverevista.pt\/index.php\/2023\/10\/26\/renault-kangoo-combinacao-ainda-mais-funcional\/#primaryimage"},"thumbnailUrl":"https:\/\/automotiverevista.pt\/wp-content\/uploads\/2023\/10\/FotoAbertura-18.jpg","articleSection":["Frotas"],"inLanguage":"pt-PT"},{"@type":"WebPage","@id":"https:\/\/automotiverevista.pt\/index.php\/2023\/10\/26\/renault-kangoo-combinacao-ainda-mais-funcional\/","url":"https:\/\/automotiverevista.pt\/index.php\/2023\/10\/26\/renault-kangoo-combinacao-ainda-mais-funcional\/","name":"Renault Kangoo \u2013 combina\u00e7\u00e3o ainda mais funcional - Revista Automotive","isPartOf":{"@id":"https:\/\/automotiverevista.pt\/#website"},"primaryImageOfPage":{"@id":"https:\/\/automotiverevista.pt\/index.php\/2023\/10\/26\/renault-kangoo-combinacao-ainda-mais-funcional\/#primaryimage"},"image":{"@id":"https:\/\/automotiverevista.pt\/index.php\/2023\/10\/26\/renault-kangoo-combinacao-ainda-mais-funcional\/#primaryimage"},"thumbnailUrl":"https:\/\/automotiverevista.pt\/wp-content\/uploads\/2023\/10\/FotoAbertura-18.jpg","datePublished":"2023-10-26T08:07:00+00:00","breadcrumb":{"@id":"https:\/\/automotiverevista.pt\/index.php\/2023\/10\/26\/renault-kangoo-combinacao-ainda-mais-funcional\/#breadcrumb"},"inLanguage":"pt-PT","potentialAction":[{"@type":"ReadAction","target":["https:\/\/automotiverevista.pt\/index.php\/2023\/10\/26\/renault-kangoo-combinacao-ainda-mais-funcional\/"]}]},{"@type":"ImageObject","inLanguage":"pt-PT","@id":"https:\/\/automotiverevista.pt\/index.php\/2023\/10\/26\/renault-kangoo-combinacao-ainda-mais-funcional\/#primaryimage","url":"https:\/\/automotiverevista.pt\/wp-content\/uploads\/2023\/10\/FotoAbertura-18.jpg","contentUrl":"https:\/\/automotiverevista.pt\/wp-content\/uploads\/2023\/10\/FotoAbertura-18.jpg","width":1500,"height":1125},{"@type":"BreadcrumbList","@id":"https:\/\/automotiverevista.pt\/index.php\/2023\/10\/26\/renault-kangoo-combinacao-ainda-mais-funcional\/#breadcrumb","itemListElement":[{"@type":"ListItem","position":1,"name":"Home","item":"https:\/\/automotiverevista.pt\/"},{"@type":"ListItem","position":2,"name":"Renault Kangoo \u2013 combina\u00e7\u00e3o ainda mais funcional"}]},{"@type":"WebSite","@id":"https:\/\/automotiverevista.pt\/#website","url":"https:\/\/automotiverevista.pt\/","name":"Revista Automotive","description":"Revista Automotive Portugal","publisher":{"@id":"https:\/\/automotiverevista.pt\/#organization"},"potentialAction":[{"@type":"SearchAction","target":{"@type":"EntryPoint","urlTemplate":"https:\/\/automotiverevista.pt\/?s={search_term_string}"},"query-input":{"@type":"PropertyValueSpecification","valueRequired":true,"valueName":"search_term_string"}}],"inLanguage":"pt-PT"},{"@type":"Organization","@id":"https:\/\/automotiverevista.pt\/#organization","name":"Revista Automotive Portugal","url":"https:\/\/automotiverevista.pt\/","logo":{"@type":"ImageObject","inLanguage":"pt-PT","@id":"https:\/\/automotiverevista.pt\/#\/schema\/logo\/image\/","url":"https:\/\/automotiverevista.pt\/wp-content\/uploads\/2022\/07\/Logo-Automotive-2021_500-1.jpg","contentUrl":"https:\/\/automotiverevista.pt\/wp-content\/uploads\/2022\/07\/Logo-Automotive-2021_500-1.jpg","width":500,"height":160,"caption":"Revista Automotive Portugal"},"image":{"@id":"https:\/\/automotiverevista.pt\/#\/schema\/logo\/image\/"},"sameAs":["https:\/\/linkedin.com\/in\/automotiverevista"]},{"@type":"Person","@id":"https:\/\/automotiverevista.pt\/#\/schema\/person\/d705335f9c428a4a0cae3d11afb2e0ef","name":"MiguelMarques","image":{"@type":"ImageObject","inLanguage":"pt-PT","@id":"https:\/\/secure.gravatar.com\/avatar\/635d1f118671d87c579d5e4f6491bfc0081e3bbddd605eb321931e9c938270b5?s=96&d=mm&r=g","url":"https:\/\/secure.gravatar.com\/avatar\/635d1f118671d87c579d5e4f6491bfc0081e3bbddd605eb321931e9c938270b5?s=96&d=mm&r=g","contentUrl":"https:\/\/secure.gravatar.com\/avatar\/635d1f118671d87c579d5e4f6491bfc0081e3bbddd605eb321931e9c938270b5?s=96&d=mm&r=g","caption":"MiguelMarques"},"url":"https:\/\/automotiverevista.pt\/index.php\/author\/miguelmarques\/"}]}},"_links":{"self":[{"href":"https:\/\/automotiverevista.pt\/index.php\/wp-json\/wp\/v2\/posts\/4259","targetHints":{"allow":["GET"]}}],"collection":[{"href":"https:\/\/automotiverevista.pt\/index.php\/wp-json\/wp\/v2\/posts"}],"about":[{"href":"https:\/\/automotiverevista.pt\/index.php\/wp-json\/wp\/v2\/types\/post"}],"author":[{"embeddable":true,"href":"https:\/\/automotiverevista.pt\/index.php\/wp-json\/wp\/v2\/users\/3"}],"replies":[{"embeddable":true,"href":"https:\/\/automotiverevista.pt\/index.php\/wp-json\/wp\/v2\/comments?post=4259"}],"version-history":[{"count":2,"href":"https:\/\/automotiverevista.pt\/index.php\/wp-json\/wp\/v2\/posts\/4259\/revisions"}],"predecessor-version":[{"id":4265,"href":"https:\/\/automotiverevista.pt\/index.php\/wp-json\/wp\/v2\/posts\/4259\/revisions\/4265"}],"wp:featuredmedia":[{"embeddable":true,"href":"https:\/\/automotiverevista.pt\/index.php\/wp-json\/wp\/v2\/media\/4260"}],"wp:attachment":[{"href":"https:\/\/automotiverevista.pt\/index.php\/wp-json\/wp\/v2\/media?parent=4259"}],"wp:term":[{"taxonomy":"category","embeddable":true,"href":"https:\/\/automotiverevista.pt\/index.php\/wp-json\/wp\/v2\/categories?post=4259"},{"taxonomy":"post_tag","embeddable":true,"href":"https:\/\/automotiverevista.pt\/index.php\/wp-json\/wp\/v2\/tags?post=4259"}],"curies":[{"name":"wp","href":"https:\/\/api.w.org\/{rel}","templated":true}]}}