{"id":4597,"date":"2023-11-10T08:00:00","date_gmt":"2023-11-10T08:00:00","guid":{"rendered":"https:\/\/automotiverevista.pt\/?p=4597"},"modified":"2023-11-04T09:41:49","modified_gmt":"2023-11-04T09:41:49","slug":"mercedes-setra-autocarros","status":"publish","type":"post","link":"https:\/\/automotiverevista.pt\/index.php\/2023\/11\/10\/mercedes-setra-autocarros\/","title":{"rendered":"Novos autocarros suburbanos Setra MultiClass 500 LE"},"content":{"rendered":"\n<p>Um design \u00fanico e ic\u00f3nico, com rentabilidade, m\u00e1xima seguran\u00e7a e solu\u00e7\u00f5es pr\u00e1ticas at\u00e9 ao mais \u00ednfimo pormenor: o novo Setra MultiClass 500 LE estabelece uma nova refer\u00eancia no segmento de autocarros suburbanos.<\/p>\n\n\n\n<p>Pouco depois da estreia da nova gera\u00e7\u00e3o de autocarros Setra ComfortClass 500 e TopClass 500 &#8211; evento que teve lugar em Lisboa e que a Revista Automotive participou &#8211;&nbsp; a marca&nbsp; Setra surpreende novamente com o lan\u00e7amento dos seus autocarros suburbanos, da s\u00e9rie MultiClass 500 LE.<\/p>\n\n\n\n<figure class=\"wp-block-image size-large\"><img decoding=\"async\" width=\"1024\" height=\"683\" src=\"https:\/\/automotiverevista.pt\/wp-content\/uploads\/2023\/11\/IMG_2738-1024x683.jpg\" alt=\"\" class=\"wp-image-4599\" srcset=\"https:\/\/automotiverevista.pt\/wp-content\/uploads\/2023\/11\/IMG_2738-1024x683.jpg 1024w, https:\/\/automotiverevista.pt\/wp-content\/uploads\/2023\/11\/IMG_2738-300x200.jpg 300w, https:\/\/automotiverevista.pt\/wp-content\/uploads\/2023\/11\/IMG_2738-768x512.jpg 768w, https:\/\/automotiverevista.pt\/wp-content\/uploads\/2023\/11\/IMG_2738-1536x1024.jpg 1536w, https:\/\/automotiverevista.pt\/wp-content\/uploads\/2023\/11\/IMG_2738-2048x1365.jpg 2048w, https:\/\/automotiverevista.pt\/wp-content\/uploads\/2023\/11\/IMG_2738-750x500.jpg 750w, https:\/\/automotiverevista.pt\/wp-content\/uploads\/2023\/11\/IMG_2738-1140x760.jpg 1140w\" sizes=\"(max-width: 1024px) 100vw, 1024px\" \/><\/figure>\n\n\n\n<p>O novo MultiClass 500 LE foi o destaque absoluto no stand da Mercedes-Benz na Busworld deste ano. O MultiClass 500 consiste numa gama de 4 modelos entre 10,51 e 14,52 metros de comprimento, com dois e tr\u00eas eixos. Perfeito para servi\u00e7os suburbanos pr\u00f3ximos \u00e0 cidade, tais como linhas suburbanas ou para o transporte escolar. Traz consigo uma grande novidade no segmento: o Preventive Brake Assist 2. Este engenho, que j\u00e1 vai na sua segunda gera\u00e7\u00e3o, consiste num sistema de travagem de emerg\u00eancia ativo, que equipa agora pela primeira vez os autocarros de curta dist\u00e2ncia da Setra.<\/p>\n\n\n","protected":false},"excerpt":{"rendered":"<p>Um design \u00fanico e ic\u00f3nico, com rentabilidade, m\u00e1xima seguran\u00e7a e solu\u00e7\u00f5es pr\u00e1ticas at\u00e9 ao mais \u00ednfimo pormenor: o novo Setra MultiClass 500 LE estabelece uma nova refer\u00eancia no segmento de autocarros suburbanos. Pouco depois da estreia da nova gera\u00e7\u00e3o de autocarros Setra ComfortClass 500 e TopClass 500 &#8211; evento que teve lugar em Lisboa e [&hellip;]<\/p>\n","protected":false},"author":3,"featured_media":4598,"comment_status":"closed","ping_status":"open","sticky":false,"template":"","format":"standard","meta":{"jnews-multi-image_gallery":[],"jnews_single_post":{"subtitle":"","format":"standard","video":"","gallery":"","source_name":"","source_url":"","via_name":"","via_url":"","override_template":"0","override":[{"template":"2","single_blog_custom":"","parallax":"1","fullscreen":"1","layout":"right-sidebar","sidebar":"default-sidebar","second_sidebar":"default-sidebar","sticky_sidebar":"1","share_position":"topbottom","share_float_style":"share-monocrhome","show_share_counter":"0","show_view_counter":"0","show_featured":"1","show_post_meta":"1","show_post_author":"0","show_post_author_image":"1","show_post_date":"1","post_date_format":"default","post_date_format_custom":"Y\/m\/d","show_post_category":"1","show_post_reading_time":"0","post_reading_time_wpm":"300","show_zoom_button":"0","zoom_button_out_step":"2","zoom_button_in_step":"3","show_post_tag":"1","show_prev_next_post":"0","show_popup_post":"1","number_popup_post":"1","show_author_box":"0","show_post_related":"1","show_inline_post_related":"1"}],"override_image_size":"0","image_override":[{"single_post_thumbnail_size":"crop-500","single_post_gallery_size":"crop-500"}],"trending_post":"0","trending_post_position":"meta","trending_post_label":"Trending","sponsored_post":"0","sponsored_post_label":"Sponsored by","sponsored_post_name":"","sponsored_post_url":"","sponsored_post_logo_enable":"0","sponsored_post_logo":"","sponsored_post_desc":"","disable_ad":"0"},"jnews_primary_category":{"id":"","hide":""},"footnotes":""},"categories":[25],"tags":[],"class_list":["post-4597","post","type-post","status-publish","format-standard","has-post-thumbnail","hentry","category-pesados-e-maquinas"],"yoast_head":"<!-- This site is optimized with the Yoast SEO Premium plugin v27.2 (Yoast SEO v27.5) - https:\/\/yoast.com\/product\/yoast-seo-premium-wordpress\/ -->\n<title>Novos autocarros suburbanos Setra MultiClass 500 LE - Revista Automotive<\/title>\n<meta name=\"description\" content=\"evento qem Lisboa e que a Revista Automotive participou -\u00a0 a marca\u00a0 Setra lan\u00e7amento dos seus autocarros suburbanos, da s\u00e9rie MultiClass 500\" \/>\n<meta name=\"robots\" content=\"index, follow, max-snippet:-1, max-image-preview:large, max-video-preview:-1\" \/>\n<link rel=\"canonical\" href=\"https:\/\/automotiverevista.pt\/index.php\/2023\/11\/10\/mercedes-setra-autocarros\/\" \/>\n<meta property=\"og:locale\" content=\"pt_PT\" \/>\n<meta property=\"og:type\" content=\"article\" \/>\n<meta property=\"og:title\" content=\"Novos autocarros suburbanos Setra MultiClass 500 LE\" \/>\n<meta property=\"og:description\" content=\"evento qem Lisboa e que a Revista Automotive participou -\u00a0 a marca\u00a0 Setra lan\u00e7amento dos seus autocarros suburbanos, da s\u00e9rie MultiClass 500\" \/>\n<meta property=\"og:url\" content=\"https:\/\/automotiverevista.pt\/index.php\/2023\/11\/10\/mercedes-setra-autocarros\/\" \/>\n<meta property=\"og:site_name\" content=\"Revista Automotive\" \/>\n<meta property=\"article:published_time\" content=\"2023-11-10T08:00:00+00:00\" \/>\n<meta property=\"og:image\" content=\"https:\/\/automotiverevista.pt\/wp-content\/uploads\/2023\/11\/FotoAbertura-6-scaled.jpg\" \/>\n\t<meta property=\"og:image:width\" content=\"2560\" \/>\n\t<meta property=\"og:image:height\" content=\"1707\" \/>\n\t<meta property=\"og:image:type\" content=\"image\/jpeg\" \/>\n<meta name=\"author\" content=\"MiguelMarques\" \/>\n<meta name=\"twitter:card\" content=\"summary_large_image\" \/>\n<meta name=\"twitter:label1\" content=\"Escrito por\" \/>\n\t<meta name=\"twitter:data1\" content=\"MiguelMarques\" \/>\n\t<meta name=\"twitter:label2\" content=\"Tempo estimado de leitura\" \/>\n\t<meta name=\"twitter:data2\" content=\"2 minutos\" \/>\n<script type=\"application\/ld+json\" class=\"yoast-schema-graph\">{\"@context\":\"https:\\\/\\\/schema.org\",\"@graph\":[{\"@type\":\"Article\",\"@id\":\"https:\\\/\\\/automotiverevista.pt\\\/index.php\\\/2023\\\/11\\\/10\\\/mercedes-setra-autocarros\\\/#article\",\"isPartOf\":{\"@id\":\"https:\\\/\\\/automotiverevista.pt\\\/index.php\\\/2023\\\/11\\\/10\\\/mercedes-setra-autocarros\\\/\"},\"author\":{\"name\":\"MiguelMarques\",\"@id\":\"https:\\\/\\\/automotiverevista.pt\\\/#\\\/schema\\\/person\\\/d705335f9c428a4a0cae3d11afb2e0ef\"},\"headline\":\"Novos autocarros suburbanos Setra MultiClass 500 LE\",\"datePublished\":\"2023-11-10T08:00:00+00:00\",\"mainEntityOfPage\":{\"@id\":\"https:\\\/\\\/automotiverevista.pt\\\/index.php\\\/2023\\\/11\\\/10\\\/mercedes-setra-autocarros\\\/\"},\"wordCount\":186,\"publisher\":{\"@id\":\"https:\\\/\\\/automotiverevista.pt\\\/#organization\"},\"image\":{\"@id\":\"https:\\\/\\\/automotiverevista.pt\\\/index.php\\\/2023\\\/11\\\/10\\\/mercedes-setra-autocarros\\\/#primaryimage\"},\"thumbnailUrl\":\"https:\\\/\\\/automotiverevista.pt\\\/wp-content\\\/uploads\\\/2023\\\/11\\\/FotoAbertura-6-scaled.jpg\",\"articleSection\":[\"Pesados e M\u00e1quinas\"],\"inLanguage\":\"pt-PT\"},{\"@type\":\"WebPage\",\"@id\":\"https:\\\/\\\/automotiverevista.pt\\\/index.php\\\/2023\\\/11\\\/10\\\/mercedes-setra-autocarros\\\/\",\"url\":\"https:\\\/\\\/automotiverevista.pt\\\/index.php\\\/2023\\\/11\\\/10\\\/mercedes-setra-autocarros\\\/\",\"name\":\"Novos autocarros suburbanos Setra MultiClass 500 LE - Revista Automotive\",\"isPartOf\":{\"@id\":\"https:\\\/\\\/automotiverevista.pt\\\/#website\"},\"primaryImageOfPage\":{\"@id\":\"https:\\\/\\\/automotiverevista.pt\\\/index.php\\\/2023\\\/11\\\/10\\\/mercedes-setra-autocarros\\\/#primaryimage\"},\"image\":{\"@id\":\"https:\\\/\\\/automotiverevista.pt\\\/index.php\\\/2023\\\/11\\\/10\\\/mercedes-setra-autocarros\\\/#primaryimage\"},\"thumbnailUrl\":\"https:\\\/\\\/automotiverevista.pt\\\/wp-content\\\/uploads\\\/2023\\\/11\\\/FotoAbertura-6-scaled.jpg\",\"datePublished\":\"2023-11-10T08:00:00+00:00\",\"description\":\"evento qem Lisboa e que a Revista Automotive participou -\u00a0 a marca\u00a0 Setra lan\u00e7amento dos seus autocarros suburbanos, da s\u00e9rie MultiClass 500\",\"breadcrumb\":{\"@id\":\"https:\\\/\\\/automotiverevista.pt\\\/index.php\\\/2023\\\/11\\\/10\\\/mercedes-setra-autocarros\\\/#breadcrumb\"},\"inLanguage\":\"pt-PT\",\"potentialAction\":[{\"@type\":\"ReadAction\",\"target\":[\"https:\\\/\\\/automotiverevista.pt\\\/index.php\\\/2023\\\/11\\\/10\\\/mercedes-setra-autocarros\\\/\"]}]},{\"@type\":\"ImageObject\",\"inLanguage\":\"pt-PT\",\"@id\":\"https:\\\/\\\/automotiverevista.pt\\\/index.php\\\/2023\\\/11\\\/10\\\/mercedes-setra-autocarros\\\/#primaryimage\",\"url\":\"https:\\\/\\\/automotiverevista.pt\\\/wp-content\\\/uploads\\\/2023\\\/11\\\/FotoAbertura-6-scaled.jpg\",\"contentUrl\":\"https:\\\/\\\/automotiverevista.pt\\\/wp-content\\\/uploads\\\/2023\\\/11\\\/FotoAbertura-6-scaled.jpg\",\"width\":2560,\"height\":1707},{\"@type\":\"BreadcrumbList\",\"@id\":\"https:\\\/\\\/automotiverevista.pt\\\/index.php\\\/2023\\\/11\\\/10\\\/mercedes-setra-autocarros\\\/#breadcrumb\",\"itemListElement\":[{\"@type\":\"ListItem\",\"position\":1,\"name\":\"Home\",\"item\":\"https:\\\/\\\/automotiverevista.pt\\\/\"},{\"@type\":\"ListItem\",\"position\":2,\"name\":\"Novos autocarros suburbanos Setra MultiClass 500 LE\"}]},{\"@type\":\"WebSite\",\"@id\":\"https:\\\/\\\/automotiverevista.pt\\\/#website\",\"url\":\"https:\\\/\\\/automotiverevista.pt\\\/\",\"name\":\"Revista Automotive\",\"description\":\"Revista Automotive Portugal\",\"publisher\":{\"@id\":\"https:\\\/\\\/automotiverevista.pt\\\/#organization\"},\"potentialAction\":[{\"@type\":\"SearchAction\",\"target\":{\"@type\":\"EntryPoint\",\"urlTemplate\":\"https:\\\/\\\/automotiverevista.pt\\\/?s={search_term_string}\"},\"query-input\":{\"@type\":\"PropertyValueSpecification\",\"valueRequired\":true,\"valueName\":\"search_term_string\"}}],\"inLanguage\":\"pt-PT\"},{\"@type\":\"Organization\",\"@id\":\"https:\\\/\\\/automotiverevista.pt\\\/#organization\",\"name\":\"Revista Automotive Portugal\",\"url\":\"https:\\\/\\\/automotiverevista.pt\\\/\",\"logo\":{\"@type\":\"ImageObject\",\"inLanguage\":\"pt-PT\",\"@id\":\"https:\\\/\\\/automotiverevista.pt\\\/#\\\/schema\\\/logo\\\/image\\\/\",\"url\":\"https:\\\/\\\/automotiverevista.pt\\\/wp-content\\\/uploads\\\/2022\\\/07\\\/Logo-Automotive-2021_500-1.jpg\",\"contentUrl\":\"https:\\\/\\\/automotiverevista.pt\\\/wp-content\\\/uploads\\\/2022\\\/07\\\/Logo-Automotive-2021_500-1.jpg\",\"width\":500,\"height\":160,\"caption\":\"Revista Automotive Portugal\"},\"image\":{\"@id\":\"https:\\\/\\\/automotiverevista.pt\\\/#\\\/schema\\\/logo\\\/image\\\/\"},\"sameAs\":[\"https:\\\/\\\/linkedin.com\\\/in\\\/automotiverevista\"]},{\"@type\":\"Person\",\"@id\":\"https:\\\/\\\/automotiverevista.pt\\\/#\\\/schema\\\/person\\\/d705335f9c428a4a0cae3d11afb2e0ef\",\"name\":\"MiguelMarques\",\"image\":{\"@type\":\"ImageObject\",\"inLanguage\":\"pt-PT\",\"@id\":\"https:\\\/\\\/secure.gravatar.com\\\/avatar\\\/635d1f118671d87c579d5e4f6491bfc0081e3bbddd605eb321931e9c938270b5?s=96&d=mm&r=g\",\"url\":\"https:\\\/\\\/secure.gravatar.com\\\/avatar\\\/635d1f118671d87c579d5e4f6491bfc0081e3bbddd605eb321931e9c938270b5?s=96&d=mm&r=g\",\"contentUrl\":\"https:\\\/\\\/secure.gravatar.com\\\/avatar\\\/635d1f118671d87c579d5e4f6491bfc0081e3bbddd605eb321931e9c938270b5?s=96&d=mm&r=g\",\"caption\":\"MiguelMarques\"},\"url\":\"https:\\\/\\\/automotiverevista.pt\\\/index.php\\\/author\\\/miguelmarques\\\/\"}]}<\/script>\n<!-- \/ Yoast SEO Premium plugin. -->","yoast_head_json":{"title":"Novos autocarros suburbanos Setra MultiClass 500 LE - Revista Automotive","description":"evento qem Lisboa e que a Revista Automotive participou -\u00a0 a marca\u00a0 Setra lan\u00e7amento dos seus autocarros suburbanos, da s\u00e9rie MultiClass 500","robots":{"index":"index","follow":"follow","max-snippet":"max-snippet:-1","max-image-preview":"max-image-preview:large","max-video-preview":"max-video-preview:-1"},"canonical":"https:\/\/automotiverevista.pt\/index.php\/2023\/11\/10\/mercedes-setra-autocarros\/","og_locale":"pt_PT","og_type":"article","og_title":"Novos autocarros suburbanos Setra MultiClass 500 LE","og_description":"evento qem Lisboa e que a Revista Automotive participou -\u00a0 a marca\u00a0 Setra lan\u00e7amento dos seus autocarros suburbanos, da s\u00e9rie MultiClass 500","og_url":"https:\/\/automotiverevista.pt\/index.php\/2023\/11\/10\/mercedes-setra-autocarros\/","og_site_name":"Revista Automotive","article_published_time":"2023-11-10T08:00:00+00:00","og_image":[{"width":2560,"height":1707,"url":"https:\/\/automotiverevista.pt\/wp-content\/uploads\/2023\/11\/FotoAbertura-6-scaled.jpg","type":"image\/jpeg"}],"author":"MiguelMarques","twitter_card":"summary_large_image","twitter_misc":{"Escrito por":"MiguelMarques","Tempo estimado de leitura":"2 minutos"},"schema":{"@context":"https:\/\/schema.org","@graph":[{"@type":"Article","@id":"https:\/\/automotiverevista.pt\/index.php\/2023\/11\/10\/mercedes-setra-autocarros\/#article","isPartOf":{"@id":"https:\/\/automotiverevista.pt\/index.php\/2023\/11\/10\/mercedes-setra-autocarros\/"},"author":{"name":"MiguelMarques","@id":"https:\/\/automotiverevista.pt\/#\/schema\/person\/d705335f9c428a4a0cae3d11afb2e0ef"},"headline":"Novos autocarros suburbanos Setra MultiClass 500 LE","datePublished":"2023-11-10T08:00:00+00:00","mainEntityOfPage":{"@id":"https:\/\/automotiverevista.pt\/index.php\/2023\/11\/10\/mercedes-setra-autocarros\/"},"wordCount":186,"publisher":{"@id":"https:\/\/automotiverevista.pt\/#organization"},"image":{"@id":"https:\/\/automotiverevista.pt\/index.php\/2023\/11\/10\/mercedes-setra-autocarros\/#primaryimage"},"thumbnailUrl":"https:\/\/automotiverevista.pt\/wp-content\/uploads\/2023\/11\/FotoAbertura-6-scaled.jpg","articleSection":["Pesados e M\u00e1quinas"],"inLanguage":"pt-PT"},{"@type":"WebPage","@id":"https:\/\/automotiverevista.pt\/index.php\/2023\/11\/10\/mercedes-setra-autocarros\/","url":"https:\/\/automotiverevista.pt\/index.php\/2023\/11\/10\/mercedes-setra-autocarros\/","name":"Novos autocarros suburbanos Setra MultiClass 500 LE - Revista Automotive","isPartOf":{"@id":"https:\/\/automotiverevista.pt\/#website"},"primaryImageOfPage":{"@id":"https:\/\/automotiverevista.pt\/index.php\/2023\/11\/10\/mercedes-setra-autocarros\/#primaryimage"},"image":{"@id":"https:\/\/automotiverevista.pt\/index.php\/2023\/11\/10\/mercedes-setra-autocarros\/#primaryimage"},"thumbnailUrl":"https:\/\/automotiverevista.pt\/wp-content\/uploads\/2023\/11\/FotoAbertura-6-scaled.jpg","datePublished":"2023-11-10T08:00:00+00:00","description":"evento qem Lisboa e que a Revista Automotive participou -\u00a0 a marca\u00a0 Setra lan\u00e7amento dos seus autocarros suburbanos, da s\u00e9rie MultiClass 500","breadcrumb":{"@id":"https:\/\/automotiverevista.pt\/index.php\/2023\/11\/10\/mercedes-setra-autocarros\/#breadcrumb"},"inLanguage":"pt-PT","potentialAction":[{"@type":"ReadAction","target":["https:\/\/automotiverevista.pt\/index.php\/2023\/11\/10\/mercedes-setra-autocarros\/"]}]},{"@type":"ImageObject","inLanguage":"pt-PT","@id":"https:\/\/automotiverevista.pt\/index.php\/2023\/11\/10\/mercedes-setra-autocarros\/#primaryimage","url":"https:\/\/automotiverevista.pt\/wp-content\/uploads\/2023\/11\/FotoAbertura-6-scaled.jpg","contentUrl":"https:\/\/automotiverevista.pt\/wp-content\/uploads\/2023\/11\/FotoAbertura-6-scaled.jpg","width":2560,"height":1707},{"@type":"BreadcrumbList","@id":"https:\/\/automotiverevista.pt\/index.php\/2023\/11\/10\/mercedes-setra-autocarros\/#breadcrumb","itemListElement":[{"@type":"ListItem","position":1,"name":"Home","item":"https:\/\/automotiverevista.pt\/"},{"@type":"ListItem","position":2,"name":"Novos autocarros suburbanos Setra MultiClass 500 LE"}]},{"@type":"WebSite","@id":"https:\/\/automotiverevista.pt\/#website","url":"https:\/\/automotiverevista.pt\/","name":"Revista Automotive","description":"Revista Automotive Portugal","publisher":{"@id":"https:\/\/automotiverevista.pt\/#organization"},"potentialAction":[{"@type":"SearchAction","target":{"@type":"EntryPoint","urlTemplate":"https:\/\/automotiverevista.pt\/?s={search_term_string}"},"query-input":{"@type":"PropertyValueSpecification","valueRequired":true,"valueName":"search_term_string"}}],"inLanguage":"pt-PT"},{"@type":"Organization","@id":"https:\/\/automotiverevista.pt\/#organization","name":"Revista Automotive Portugal","url":"https:\/\/automotiverevista.pt\/","logo":{"@type":"ImageObject","inLanguage":"pt-PT","@id":"https:\/\/automotiverevista.pt\/#\/schema\/logo\/image\/","url":"https:\/\/automotiverevista.pt\/wp-content\/uploads\/2022\/07\/Logo-Automotive-2021_500-1.jpg","contentUrl":"https:\/\/automotiverevista.pt\/wp-content\/uploads\/2022\/07\/Logo-Automotive-2021_500-1.jpg","width":500,"height":160,"caption":"Revista Automotive Portugal"},"image":{"@id":"https:\/\/automotiverevista.pt\/#\/schema\/logo\/image\/"},"sameAs":["https:\/\/linkedin.com\/in\/automotiverevista"]},{"@type":"Person","@id":"https:\/\/automotiverevista.pt\/#\/schema\/person\/d705335f9c428a4a0cae3d11afb2e0ef","name":"MiguelMarques","image":{"@type":"ImageObject","inLanguage":"pt-PT","@id":"https:\/\/secure.gravatar.com\/avatar\/635d1f118671d87c579d5e4f6491bfc0081e3bbddd605eb321931e9c938270b5?s=96&d=mm&r=g","url":"https:\/\/secure.gravatar.com\/avatar\/635d1f118671d87c579d5e4f6491bfc0081e3bbddd605eb321931e9c938270b5?s=96&d=mm&r=g","contentUrl":"https:\/\/secure.gravatar.com\/avatar\/635d1f118671d87c579d5e4f6491bfc0081e3bbddd605eb321931e9c938270b5?s=96&d=mm&r=g","caption":"MiguelMarques"},"url":"https:\/\/automotiverevista.pt\/index.php\/author\/miguelmarques\/"}]}},"_links":{"self":[{"href":"https:\/\/automotiverevista.pt\/index.php\/wp-json\/wp\/v2\/posts\/4597","targetHints":{"allow":["GET"]}}],"collection":[{"href":"https:\/\/automotiverevista.pt\/index.php\/wp-json\/wp\/v2\/posts"}],"about":[{"href":"https:\/\/automotiverevista.pt\/index.php\/wp-json\/wp\/v2\/types\/post"}],"author":[{"embeddable":true,"href":"https:\/\/automotiverevista.pt\/index.php\/wp-json\/wp\/v2\/users\/3"}],"replies":[{"embeddable":true,"href":"https:\/\/automotiverevista.pt\/index.php\/wp-json\/wp\/v2\/comments?post=4597"}],"version-history":[{"count":1,"href":"https:\/\/automotiverevista.pt\/index.php\/wp-json\/wp\/v2\/posts\/4597\/revisions"}],"predecessor-version":[{"id":4601,"href":"https:\/\/automotiverevista.pt\/index.php\/wp-json\/wp\/v2\/posts\/4597\/revisions\/4601"}],"wp:featuredmedia":[{"embeddable":true,"href":"https:\/\/automotiverevista.pt\/index.php\/wp-json\/wp\/v2\/media\/4598"}],"wp:attachment":[{"href":"https:\/\/automotiverevista.pt\/index.php\/wp-json\/wp\/v2\/media?parent=4597"}],"wp:term":[{"taxonomy":"category","embeddable":true,"href":"https:\/\/automotiverevista.pt\/index.php\/wp-json\/wp\/v2\/categories?post=4597"},{"taxonomy":"post_tag","embeddable":true,"href":"https:\/\/automotiverevista.pt\/index.php\/wp-json\/wp\/v2\/tags?post=4597"}],"curies":[{"name":"wp","href":"https:\/\/api.w.org\/{rel}","templated":true}]}}