{"id":4682,"date":"2023-11-17T12:27:57","date_gmt":"2023-11-17T12:27:57","guid":{"rendered":"https:\/\/automotiverevista.pt\/?p=4682"},"modified":"2023-11-17T12:28:09","modified_gmt":"2023-11-17T12:28:09","slug":"daf-xd-vence-premio-camiao-do-ano-2024-em-portugal","status":"publish","type":"post","link":"https:\/\/automotiverevista.pt\/index.php\/2023\/11\/17\/daf-xd-vence-premio-camiao-do-ano-2024-em-portugal\/","title":{"rendered":"DAF XD vence Pr\u00e9mio Cami\u00e3o do Ano 2024 em Portugal"},"content":{"rendered":"\n<p>O DAF XD venceu o <strong>Pr\u00e9mio Cami\u00e3o do Ano 2024,<\/strong> na 7\u00aa edi\u00e7\u00e3o dos Pr\u00e9mios Fleet &amp; Service 2023 realizada pela Revista Automotive. A entrega dos pr\u00e9mios teve lugar, ontem, no Vila Gal\u00e9 Collection Pal\u00e1cio dos Arcos, em Oeiras, concelho sede da Revista Automotive, num exclusivo jantar que reuniu os vencedores nas quase duas dezenas de categorias deste ano, e que foram acompanhados por alguns convidados nacionais e internacionais.<\/p>\n\n\n\n<p>Na foto, Nuno Mendes, <em>Area Manager<\/em> da DAF Portugal, recebeu o <strong>Pr\u00e9mio Cami\u00e3o do Ano 2024<\/strong>, acompanhado por Eduardo Gaspar, diretor da Revista Automotive.<\/p>\n\n\n\n<p>Eduardo Gaspar, diretor da Revista Automotive, referiu que \u201co transporte rodovi\u00e1rio de mercadorias \u00e9 fundamental para movimentar a nossa economia. Assim, a DAF lan\u00e7ou a sua gera\u00e7\u00e3o de cami\u00f5es XD que veio acrescentar um novo padr\u00e3o em termos de qualidade, seguran\u00e7a, efici\u00eancia e conforto do condutor, para al\u00e9m de estar totalmente preparada para sistemas de transmiss\u00e3o de &#8220;zero emiss\u00f5es&#8221;.<\/p>\n\n\n\n<figure class=\"wp-block-image size-large is-resized\"><img decoding=\"async\" width=\"1024\" height=\"456\" src=\"https:\/\/automotiverevista.pt\/wp-content\/uploads\/2023\/11\/Logo_Camiao2024-1024x456.jpg\" alt=\"\" class=\"wp-image-4687\" style=\"width:391px;height:auto\" srcset=\"https:\/\/automotiverevista.pt\/wp-content\/uploads\/2023\/11\/Logo_Camiao2024-1024x456.jpg 1024w, https:\/\/automotiverevista.pt\/wp-content\/uploads\/2023\/11\/Logo_Camiao2024-300x134.jpg 300w, https:\/\/automotiverevista.pt\/wp-content\/uploads\/2023\/11\/Logo_Camiao2024-768x342.jpg 768w, https:\/\/automotiverevista.pt\/wp-content\/uploads\/2023\/11\/Logo_Camiao2024-1536x684.jpg 1536w, https:\/\/automotiverevista.pt\/wp-content\/uploads\/2023\/11\/Logo_Camiao2024-2048x912.jpg 2048w, https:\/\/automotiverevista.pt\/wp-content\/uploads\/2023\/11\/Logo_Camiao2024-750x334.jpg 750w, https:\/\/automotiverevista.pt\/wp-content\/uploads\/2023\/11\/Logo_Camiao2024-1140x508.jpg 1140w\" sizes=\"(max-width: 1024px) 100vw, 1024px\" \/><\/figure>\n\n\n\n<p>A efici\u00eancia de combust\u00edvel e as baixas emiss\u00f5es de CO2 s\u00e3o obtidas atrav\u00e9s de, entre outros, uma aerodin\u00e2mica excecional da cabina, um novo sistema de transmiss\u00e3o PACCAR MX-11 e sistemas de assist\u00eancia avan\u00e7ada ao condutor. A efici\u00eancia de combust\u00edvel da nova gera\u00e7\u00e3o DAF XD foi comprovada pela Revista Automotive, que esteve ao volante de v\u00e1rios modelos XD atrav\u00e9s de um ensaio in\u00e9dito, desde Barcelona at\u00e9 \u00e0 sede da marca em Eindhoven. O <strong>DAF XD \u00e9 assim merecedor do pr\u00e9mio Cami\u00e3o do Ano 2024 em Portugal<\/strong> \u201d, destacou.\u00a0<\/p>\n\n\n\n<figure class=\"wp-block-image size-large is-resized\"><img decoding=\"async\" width=\"1024\" height=\"615\" src=\"https:\/\/automotiverevista.pt\/wp-content\/uploads\/2023\/11\/20221025_094006_2_lr-1024x615.jpg\" alt=\"\" class=\"wp-image-4686\" style=\"width:937px;height:auto\" srcset=\"https:\/\/automotiverevista.pt\/wp-content\/uploads\/2023\/11\/20221025_094006_2_lr-1024x615.jpg 1024w, https:\/\/automotiverevista.pt\/wp-content\/uploads\/2023\/11\/20221025_094006_2_lr-300x180.jpg 300w, https:\/\/automotiverevista.pt\/wp-content\/uploads\/2023\/11\/20221025_094006_2_lr-768x461.jpg 768w, https:\/\/automotiverevista.pt\/wp-content\/uploads\/2023\/11\/20221025_094006_2_lr-1536x922.jpg 1536w, https:\/\/automotiverevista.pt\/wp-content\/uploads\/2023\/11\/20221025_094006_2_lr-2048x1230.jpg 2048w, https:\/\/automotiverevista.pt\/wp-content\/uploads\/2023\/11\/20221025_094006_2_lr-750x450.jpg 750w, https:\/\/automotiverevista.pt\/wp-content\/uploads\/2023\/11\/20221025_094006_2_lr-1140x685.jpg 1140w\" sizes=\"(max-width: 1024px) 100vw, 1024px\" \/><\/figure>\n\n\n\n<p><strong>DAF XD Cami\u00e3o do Ano 2024 em Portugal<\/strong>&nbsp;&nbsp;&nbsp;&nbsp;&nbsp;&nbsp;&nbsp;&nbsp;&nbsp;&nbsp;&nbsp;&nbsp;&nbsp;&nbsp;&nbsp;&nbsp;&nbsp;&nbsp;&nbsp;&nbsp;&nbsp;&nbsp;&nbsp;&nbsp;&nbsp;&nbsp;&nbsp;&nbsp;&nbsp;&nbsp;&nbsp;&nbsp;&nbsp;&nbsp;&nbsp;<\/p>\n\n\n\n<p>Os pr\u00e9mios Fleet &amp; Service Automotive anualmente entregues pela Revista Automotive, visam reconhecer as empresas, entidades, produtos, servi\u00e7os e profissionais pela excel\u00eancia e m\u00e9rito das suas atividades nas \u00e1reas das Frotas, P\u00f3s-Venda, Pesados, M\u00e1quinas Industriais e Ambiente.<\/p>\n\n\n\n<p>A atribui\u00e7\u00e3o dos&nbsp;<strong>Pr\u00e9mios Fleet &amp; Service Automotive<\/strong>&nbsp;\u00e9 baseada em crit\u00e9rios internos da Revista, bem como na ausculta\u00e7\u00e3o de diferentes profissionais intervenientes do mercado (<em>stakeholders<\/em>) ao longo do ano civil. Assim sendo, os pr\u00e9mios n\u00e3o carecem de inscri\u00e7\u00e3o nem de qualquer formalidade, n\u00e3o h\u00e1 lugar a pagamento, joia ou outro tipo de suporte financeiro. Garante-se assim a isen\u00e7\u00e3o da distin\u00e7\u00e3o e a abrang\u00eancia a todos os intervenientes do mercado autom\u00f3vel, nas suas diferentes \u00e1reas.<\/p>\n","protected":false},"excerpt":{"rendered":"<p>O DAF XD venceu o Pr\u00e9mio Cami\u00e3o do Ano 2024, na 7\u00aa edi\u00e7\u00e3o dos Pr\u00e9mios Fleet &amp; Service 2023 realizada pela Revista Automotive. A entrega dos pr\u00e9mios teve lugar, ontem, no Vila Gal\u00e9 Collection Pal\u00e1cio dos Arcos, em Oeiras, concelho sede da Revista Automotive, num exclusivo jantar que reuniu os vencedores nas quase duas dezenas [&hellip;]<\/p>\n","protected":false},"author":1,"featured_media":4685,"comment_status":"closed","ping_status":"open","sticky":false,"template":"","format":"standard","meta":{"jnews-multi-image_gallery":[],"jnews_single_post":{"subtitle":"","format":"standard","video":"","gallery":"","source_name":"","source_url":"","via_name":"","via_url":"","override_template":"0","override":[{"template":"2","single_blog_custom":"","parallax":"1","fullscreen":"1","layout":"right-sidebar","sidebar":"default-sidebar","second_sidebar":"default-sidebar","sticky_sidebar":"1","share_position":"topbottom","share_float_style":"share-monocrhome","show_share_counter":"0","show_view_counter":"0","show_featured":"1","show_post_meta":"1","show_post_author":"0","show_post_author_image":"1","show_post_date":"1","post_date_format":"default","post_date_format_custom":"Y\/m\/d","show_post_category":"1","show_post_reading_time":"0","post_reading_time_wpm":"300","show_zoom_button":"0","zoom_button_out_step":"2","zoom_button_in_step":"3","show_post_tag":"1","show_prev_next_post":"0","show_popup_post":"1","number_popup_post":"1","show_author_box":"0","show_post_related":"1","show_inline_post_related":"1"}],"override_image_size":"0","image_override":[{"single_post_thumbnail_size":"crop-500","single_post_gallery_size":"crop-500"}],"trending_post":"0","trending_post_position":"meta","trending_post_label":"Trending","sponsored_post":"0","sponsored_post_label":"Sponsored by","sponsored_post_name":"","sponsored_post_url":"","sponsored_post_logo_enable":"0","sponsored_post_logo":"","sponsored_post_desc":"","disable_ad":"0"},"jnews_primary_category":{"id":"","hide":""},"footnotes":""},"categories":[25],"tags":[],"class_list":["post-4682","post","type-post","status-publish","format-standard","has-post-thumbnail","hentry","category-pesados-e-maquinas"],"yoast_head":"<!-- This site is optimized with the Yoast SEO Premium plugin v27.2 (Yoast SEO v27.5) - https:\/\/yoast.com\/product\/yoast-seo-premium-wordpress\/ -->\n<title>DAF XD vence Pr\u00e9mio Cami\u00e3o do Ano 2024 em Portugal - Revista Automotive<\/title>\n<meta name=\"description\" content=\"O DAF XD venceu o Pr\u00e9mio Cami\u00e3o do Ano 2024, na 7\u00aa edi\u00e7\u00e3o dos Pr\u00e9mios Fleet &amp; Service 2023 realizada pela Revista Automotive\" \/>\n<meta name=\"robots\" content=\"index, follow, max-snippet:-1, max-image-preview:large, max-video-preview:-1\" \/>\n<link rel=\"canonical\" href=\"https:\/\/automotiverevista.pt\/index.php\/2023\/11\/17\/daf-xd-vence-premio-camiao-do-ano-2024-em-portugal\/\" \/>\n<meta property=\"og:locale\" content=\"pt_PT\" \/>\n<meta property=\"og:type\" content=\"article\" \/>\n<meta property=\"og:title\" content=\"DAF XD vence Pr\u00e9mio Cami\u00e3o do Ano 2024 em Portugal\" \/>\n<meta property=\"og:description\" content=\"O DAF XD venceu o Pr\u00e9mio Cami\u00e3o do Ano 2024, na 7\u00aa edi\u00e7\u00e3o dos Pr\u00e9mios Fleet &amp; Service 2023 realizada pela Revista Automotive\" \/>\n<meta property=\"og:url\" content=\"https:\/\/automotiverevista.pt\/index.php\/2023\/11\/17\/daf-xd-vence-premio-camiao-do-ano-2024-em-portugal\/\" \/>\n<meta property=\"og:site_name\" content=\"Revista Automotive\" \/>\n<meta property=\"article:published_time\" content=\"2023-11-17T12:27:57+00:00\" \/>\n<meta property=\"article:modified_time\" content=\"2023-11-17T12:28:09+00:00\" \/>\n<meta property=\"og:image\" content=\"https:\/\/automotiverevista.pt\/wp-content\/uploads\/2023\/11\/EduardoGaspar_NunoMendes-1-scaled.jpg\" \/>\n\t<meta property=\"og:image:width\" content=\"2560\" \/>\n\t<meta property=\"og:image:height\" content=\"1393\" \/>\n\t<meta property=\"og:image:type\" content=\"image\/jpeg\" \/>\n<meta name=\"author\" content=\"adminNovo\" \/>\n<meta name=\"twitter:card\" content=\"summary_large_image\" \/>\n<meta name=\"twitter:label1\" content=\"Escrito por\" \/>\n\t<meta name=\"twitter:data1\" content=\"adminNovo\" \/>\n\t<meta name=\"twitter:label2\" content=\"Tempo estimado de leitura\" \/>\n\t<meta name=\"twitter:data2\" content=\"3 minutos\" \/>\n<script type=\"application\/ld+json\" class=\"yoast-schema-graph\">{\"@context\":\"https:\\\/\\\/schema.org\",\"@graph\":[{\"@type\":\"Article\",\"@id\":\"https:\\\/\\\/automotiverevista.pt\\\/index.php\\\/2023\\\/11\\\/17\\\/daf-xd-vence-premio-camiao-do-ano-2024-em-portugal\\\/#article\",\"isPartOf\":{\"@id\":\"https:\\\/\\\/automotiverevista.pt\\\/index.php\\\/2023\\\/11\\\/17\\\/daf-xd-vence-premio-camiao-do-ano-2024-em-portugal\\\/\"},\"author\":{\"name\":\"adminNovo\",\"@id\":\"https:\\\/\\\/automotiverevista.pt\\\/#\\\/schema\\\/person\\\/1265858bc8c78a0f969de814da8be281\"},\"headline\":\"DAF XD vence Pr\u00e9mio Cami\u00e3o do Ano 2024 em Portugal\",\"datePublished\":\"2023-11-17T12:27:57+00:00\",\"dateModified\":\"2023-11-17T12:28:09+00:00\",\"mainEntityOfPage\":{\"@id\":\"https:\\\/\\\/automotiverevista.pt\\\/index.php\\\/2023\\\/11\\\/17\\\/daf-xd-vence-premio-camiao-do-ano-2024-em-portugal\\\/\"},\"wordCount\":450,\"publisher\":{\"@id\":\"https:\\\/\\\/automotiverevista.pt\\\/#organization\"},\"image\":{\"@id\":\"https:\\\/\\\/automotiverevista.pt\\\/index.php\\\/2023\\\/11\\\/17\\\/daf-xd-vence-premio-camiao-do-ano-2024-em-portugal\\\/#primaryimage\"},\"thumbnailUrl\":\"https:\\\/\\\/automotiverevista.pt\\\/wp-content\\\/uploads\\\/2023\\\/11\\\/EduardoGaspar_NunoMendes-1-scaled.jpg\",\"articleSection\":[\"Pesados e M\u00e1quinas\"],\"inLanguage\":\"pt-PT\"},{\"@type\":\"WebPage\",\"@id\":\"https:\\\/\\\/automotiverevista.pt\\\/index.php\\\/2023\\\/11\\\/17\\\/daf-xd-vence-premio-camiao-do-ano-2024-em-portugal\\\/\",\"url\":\"https:\\\/\\\/automotiverevista.pt\\\/index.php\\\/2023\\\/11\\\/17\\\/daf-xd-vence-premio-camiao-do-ano-2024-em-portugal\\\/\",\"name\":\"DAF XD vence Pr\u00e9mio Cami\u00e3o do Ano 2024 em Portugal - Revista Automotive\",\"isPartOf\":{\"@id\":\"https:\\\/\\\/automotiverevista.pt\\\/#website\"},\"primaryImageOfPage\":{\"@id\":\"https:\\\/\\\/automotiverevista.pt\\\/index.php\\\/2023\\\/11\\\/17\\\/daf-xd-vence-premio-camiao-do-ano-2024-em-portugal\\\/#primaryimage\"},\"image\":{\"@id\":\"https:\\\/\\\/automotiverevista.pt\\\/index.php\\\/2023\\\/11\\\/17\\\/daf-xd-vence-premio-camiao-do-ano-2024-em-portugal\\\/#primaryimage\"},\"thumbnailUrl\":\"https:\\\/\\\/automotiverevista.pt\\\/wp-content\\\/uploads\\\/2023\\\/11\\\/EduardoGaspar_NunoMendes-1-scaled.jpg\",\"datePublished\":\"2023-11-17T12:27:57+00:00\",\"dateModified\":\"2023-11-17T12:28:09+00:00\",\"description\":\"O DAF XD venceu o Pr\u00e9mio Cami\u00e3o do Ano 2024, na 7\u00aa edi\u00e7\u00e3o dos Pr\u00e9mios Fleet & Service 2023 realizada pela Revista Automotive\",\"breadcrumb\":{\"@id\":\"https:\\\/\\\/automotiverevista.pt\\\/index.php\\\/2023\\\/11\\\/17\\\/daf-xd-vence-premio-camiao-do-ano-2024-em-portugal\\\/#breadcrumb\"},\"inLanguage\":\"pt-PT\",\"potentialAction\":[{\"@type\":\"ReadAction\",\"target\":[\"https:\\\/\\\/automotiverevista.pt\\\/index.php\\\/2023\\\/11\\\/17\\\/daf-xd-vence-premio-camiao-do-ano-2024-em-portugal\\\/\"]}]},{\"@type\":\"ImageObject\",\"inLanguage\":\"pt-PT\",\"@id\":\"https:\\\/\\\/automotiverevista.pt\\\/index.php\\\/2023\\\/11\\\/17\\\/daf-xd-vence-premio-camiao-do-ano-2024-em-portugal\\\/#primaryimage\",\"url\":\"https:\\\/\\\/automotiverevista.pt\\\/wp-content\\\/uploads\\\/2023\\\/11\\\/EduardoGaspar_NunoMendes-1-scaled.jpg\",\"contentUrl\":\"https:\\\/\\\/automotiverevista.pt\\\/wp-content\\\/uploads\\\/2023\\\/11\\\/EduardoGaspar_NunoMendes-1-scaled.jpg\",\"width\":2560,\"height\":1393},{\"@type\":\"BreadcrumbList\",\"@id\":\"https:\\\/\\\/automotiverevista.pt\\\/index.php\\\/2023\\\/11\\\/17\\\/daf-xd-vence-premio-camiao-do-ano-2024-em-portugal\\\/#breadcrumb\",\"itemListElement\":[{\"@type\":\"ListItem\",\"position\":1,\"name\":\"Home\",\"item\":\"https:\\\/\\\/automotiverevista.pt\\\/\"},{\"@type\":\"ListItem\",\"position\":2,\"name\":\"DAF XD vence Pr\u00e9mio Cami\u00e3o do Ano 2024 em Portugal\"}]},{\"@type\":\"WebSite\",\"@id\":\"https:\\\/\\\/automotiverevista.pt\\\/#website\",\"url\":\"https:\\\/\\\/automotiverevista.pt\\\/\",\"name\":\"Revista Automotive\",\"description\":\"Revista Automotive Portugal\",\"publisher\":{\"@id\":\"https:\\\/\\\/automotiverevista.pt\\\/#organization\"},\"potentialAction\":[{\"@type\":\"SearchAction\",\"target\":{\"@type\":\"EntryPoint\",\"urlTemplate\":\"https:\\\/\\\/automotiverevista.pt\\\/?s={search_term_string}\"},\"query-input\":{\"@type\":\"PropertyValueSpecification\",\"valueRequired\":true,\"valueName\":\"search_term_string\"}}],\"inLanguage\":\"pt-PT\"},{\"@type\":\"Organization\",\"@id\":\"https:\\\/\\\/automotiverevista.pt\\\/#organization\",\"name\":\"Revista Automotive Portugal\",\"url\":\"https:\\\/\\\/automotiverevista.pt\\\/\",\"logo\":{\"@type\":\"ImageObject\",\"inLanguage\":\"pt-PT\",\"@id\":\"https:\\\/\\\/automotiverevista.pt\\\/#\\\/schema\\\/logo\\\/image\\\/\",\"url\":\"https:\\\/\\\/automotiverevista.pt\\\/wp-content\\\/uploads\\\/2022\\\/07\\\/Logo-Automotive-2021_500-1.jpg\",\"contentUrl\":\"https:\\\/\\\/automotiverevista.pt\\\/wp-content\\\/uploads\\\/2022\\\/07\\\/Logo-Automotive-2021_500-1.jpg\",\"width\":500,\"height\":160,\"caption\":\"Revista Automotive Portugal\"},\"image\":{\"@id\":\"https:\\\/\\\/automotiverevista.pt\\\/#\\\/schema\\\/logo\\\/image\\\/\"},\"sameAs\":[\"https:\\\/\\\/linkedin.com\\\/in\\\/automotiverevista\"]},{\"@type\":\"Person\",\"@id\":\"https:\\\/\\\/automotiverevista.pt\\\/#\\\/schema\\\/person\\\/1265858bc8c78a0f969de814da8be281\",\"name\":\"adminNovo\",\"image\":{\"@type\":\"ImageObject\",\"inLanguage\":\"pt-PT\",\"@id\":\"https:\\\/\\\/secure.gravatar.com\\\/avatar\\\/c606c1288dcc11eb4c709aa5136fdb962583c410f5c23c0b7bf6917c542be355?s=96&d=mm&r=g\",\"url\":\"https:\\\/\\\/secure.gravatar.com\\\/avatar\\\/c606c1288dcc11eb4c709aa5136fdb962583c410f5c23c0b7bf6917c542be355?s=96&d=mm&r=g\",\"contentUrl\":\"https:\\\/\\\/secure.gravatar.com\\\/avatar\\\/c606c1288dcc11eb4c709aa5136fdb962583c410f5c23c0b7bf6917c542be355?s=96&d=mm&r=g\",\"caption\":\"adminNovo\"},\"sameAs\":[\"https:\\\/\\\/automotiverevista.pt\"],\"url\":\"https:\\\/\\\/automotiverevista.pt\\\/index.php\\\/author\\\/adminnovo\\\/\"}]}<\/script>\n<!-- \/ Yoast SEO Premium plugin. -->","yoast_head_json":{"title":"DAF XD vence Pr\u00e9mio Cami\u00e3o do Ano 2024 em Portugal - Revista Automotive","description":"O DAF XD venceu o Pr\u00e9mio Cami\u00e3o do Ano 2024, na 7\u00aa edi\u00e7\u00e3o dos Pr\u00e9mios Fleet & Service 2023 realizada pela Revista Automotive","robots":{"index":"index","follow":"follow","max-snippet":"max-snippet:-1","max-image-preview":"max-image-preview:large","max-video-preview":"max-video-preview:-1"},"canonical":"https:\/\/automotiverevista.pt\/index.php\/2023\/11\/17\/daf-xd-vence-premio-camiao-do-ano-2024-em-portugal\/","og_locale":"pt_PT","og_type":"article","og_title":"DAF XD vence Pr\u00e9mio Cami\u00e3o do Ano 2024 em Portugal","og_description":"O DAF XD venceu o Pr\u00e9mio Cami\u00e3o do Ano 2024, na 7\u00aa edi\u00e7\u00e3o dos Pr\u00e9mios Fleet & Service 2023 realizada pela Revista Automotive","og_url":"https:\/\/automotiverevista.pt\/index.php\/2023\/11\/17\/daf-xd-vence-premio-camiao-do-ano-2024-em-portugal\/","og_site_name":"Revista Automotive","article_published_time":"2023-11-17T12:27:57+00:00","article_modified_time":"2023-11-17T12:28:09+00:00","og_image":[{"width":2560,"height":1393,"url":"https:\/\/automotiverevista.pt\/wp-content\/uploads\/2023\/11\/EduardoGaspar_NunoMendes-1-scaled.jpg","type":"image\/jpeg"}],"author":"adminNovo","twitter_card":"summary_large_image","twitter_misc":{"Escrito por":"adminNovo","Tempo estimado de leitura":"3 minutos"},"schema":{"@context":"https:\/\/schema.org","@graph":[{"@type":"Article","@id":"https:\/\/automotiverevista.pt\/index.php\/2023\/11\/17\/daf-xd-vence-premio-camiao-do-ano-2024-em-portugal\/#article","isPartOf":{"@id":"https:\/\/automotiverevista.pt\/index.php\/2023\/11\/17\/daf-xd-vence-premio-camiao-do-ano-2024-em-portugal\/"},"author":{"name":"adminNovo","@id":"https:\/\/automotiverevista.pt\/#\/schema\/person\/1265858bc8c78a0f969de814da8be281"},"headline":"DAF XD vence Pr\u00e9mio Cami\u00e3o do Ano 2024 em Portugal","datePublished":"2023-11-17T12:27:57+00:00","dateModified":"2023-11-17T12:28:09+00:00","mainEntityOfPage":{"@id":"https:\/\/automotiverevista.pt\/index.php\/2023\/11\/17\/daf-xd-vence-premio-camiao-do-ano-2024-em-portugal\/"},"wordCount":450,"publisher":{"@id":"https:\/\/automotiverevista.pt\/#organization"},"image":{"@id":"https:\/\/automotiverevista.pt\/index.php\/2023\/11\/17\/daf-xd-vence-premio-camiao-do-ano-2024-em-portugal\/#primaryimage"},"thumbnailUrl":"https:\/\/automotiverevista.pt\/wp-content\/uploads\/2023\/11\/EduardoGaspar_NunoMendes-1-scaled.jpg","articleSection":["Pesados e M\u00e1quinas"],"inLanguage":"pt-PT"},{"@type":"WebPage","@id":"https:\/\/automotiverevista.pt\/index.php\/2023\/11\/17\/daf-xd-vence-premio-camiao-do-ano-2024-em-portugal\/","url":"https:\/\/automotiverevista.pt\/index.php\/2023\/11\/17\/daf-xd-vence-premio-camiao-do-ano-2024-em-portugal\/","name":"DAF XD vence Pr\u00e9mio Cami\u00e3o do Ano 2024 em Portugal - Revista Automotive","isPartOf":{"@id":"https:\/\/automotiverevista.pt\/#website"},"primaryImageOfPage":{"@id":"https:\/\/automotiverevista.pt\/index.php\/2023\/11\/17\/daf-xd-vence-premio-camiao-do-ano-2024-em-portugal\/#primaryimage"},"image":{"@id":"https:\/\/automotiverevista.pt\/index.php\/2023\/11\/17\/daf-xd-vence-premio-camiao-do-ano-2024-em-portugal\/#primaryimage"},"thumbnailUrl":"https:\/\/automotiverevista.pt\/wp-content\/uploads\/2023\/11\/EduardoGaspar_NunoMendes-1-scaled.jpg","datePublished":"2023-11-17T12:27:57+00:00","dateModified":"2023-11-17T12:28:09+00:00","description":"O DAF XD venceu o Pr\u00e9mio Cami\u00e3o do Ano 2024, na 7\u00aa edi\u00e7\u00e3o dos Pr\u00e9mios Fleet & Service 2023 realizada pela Revista Automotive","breadcrumb":{"@id":"https:\/\/automotiverevista.pt\/index.php\/2023\/11\/17\/daf-xd-vence-premio-camiao-do-ano-2024-em-portugal\/#breadcrumb"},"inLanguage":"pt-PT","potentialAction":[{"@type":"ReadAction","target":["https:\/\/automotiverevista.pt\/index.php\/2023\/11\/17\/daf-xd-vence-premio-camiao-do-ano-2024-em-portugal\/"]}]},{"@type":"ImageObject","inLanguage":"pt-PT","@id":"https:\/\/automotiverevista.pt\/index.php\/2023\/11\/17\/daf-xd-vence-premio-camiao-do-ano-2024-em-portugal\/#primaryimage","url":"https:\/\/automotiverevista.pt\/wp-content\/uploads\/2023\/11\/EduardoGaspar_NunoMendes-1-scaled.jpg","contentUrl":"https:\/\/automotiverevista.pt\/wp-content\/uploads\/2023\/11\/EduardoGaspar_NunoMendes-1-scaled.jpg","width":2560,"height":1393},{"@type":"BreadcrumbList","@id":"https:\/\/automotiverevista.pt\/index.php\/2023\/11\/17\/daf-xd-vence-premio-camiao-do-ano-2024-em-portugal\/#breadcrumb","itemListElement":[{"@type":"ListItem","position":1,"name":"Home","item":"https:\/\/automotiverevista.pt\/"},{"@type":"ListItem","position":2,"name":"DAF XD vence Pr\u00e9mio Cami\u00e3o do Ano 2024 em Portugal"}]},{"@type":"WebSite","@id":"https:\/\/automotiverevista.pt\/#website","url":"https:\/\/automotiverevista.pt\/","name":"Revista Automotive","description":"Revista Automotive Portugal","publisher":{"@id":"https:\/\/automotiverevista.pt\/#organization"},"potentialAction":[{"@type":"SearchAction","target":{"@type":"EntryPoint","urlTemplate":"https:\/\/automotiverevista.pt\/?s={search_term_string}"},"query-input":{"@type":"PropertyValueSpecification","valueRequired":true,"valueName":"search_term_string"}}],"inLanguage":"pt-PT"},{"@type":"Organization","@id":"https:\/\/automotiverevista.pt\/#organization","name":"Revista Automotive Portugal","url":"https:\/\/automotiverevista.pt\/","logo":{"@type":"ImageObject","inLanguage":"pt-PT","@id":"https:\/\/automotiverevista.pt\/#\/schema\/logo\/image\/","url":"https:\/\/automotiverevista.pt\/wp-content\/uploads\/2022\/07\/Logo-Automotive-2021_500-1.jpg","contentUrl":"https:\/\/automotiverevista.pt\/wp-content\/uploads\/2022\/07\/Logo-Automotive-2021_500-1.jpg","width":500,"height":160,"caption":"Revista Automotive Portugal"},"image":{"@id":"https:\/\/automotiverevista.pt\/#\/schema\/logo\/image\/"},"sameAs":["https:\/\/linkedin.com\/in\/automotiverevista"]},{"@type":"Person","@id":"https:\/\/automotiverevista.pt\/#\/schema\/person\/1265858bc8c78a0f969de814da8be281","name":"adminNovo","image":{"@type":"ImageObject","inLanguage":"pt-PT","@id":"https:\/\/secure.gravatar.com\/avatar\/c606c1288dcc11eb4c709aa5136fdb962583c410f5c23c0b7bf6917c542be355?s=96&d=mm&r=g","url":"https:\/\/secure.gravatar.com\/avatar\/c606c1288dcc11eb4c709aa5136fdb962583c410f5c23c0b7bf6917c542be355?s=96&d=mm&r=g","contentUrl":"https:\/\/secure.gravatar.com\/avatar\/c606c1288dcc11eb4c709aa5136fdb962583c410f5c23c0b7bf6917c542be355?s=96&d=mm&r=g","caption":"adminNovo"},"sameAs":["https:\/\/automotiverevista.pt"],"url":"https:\/\/automotiverevista.pt\/index.php\/author\/adminnovo\/"}]}},"_links":{"self":[{"href":"https:\/\/automotiverevista.pt\/index.php\/wp-json\/wp\/v2\/posts\/4682","targetHints":{"allow":["GET"]}}],"collection":[{"href":"https:\/\/automotiverevista.pt\/index.php\/wp-json\/wp\/v2\/posts"}],"about":[{"href":"https:\/\/automotiverevista.pt\/index.php\/wp-json\/wp\/v2\/types\/post"}],"author":[{"embeddable":true,"href":"https:\/\/automotiverevista.pt\/index.php\/wp-json\/wp\/v2\/users\/1"}],"replies":[{"embeddable":true,"href":"https:\/\/automotiverevista.pt\/index.php\/wp-json\/wp\/v2\/comments?post=4682"}],"version-history":[{"count":2,"href":"https:\/\/automotiverevista.pt\/index.php\/wp-json\/wp\/v2\/posts\/4682\/revisions"}],"predecessor-version":[{"id":4688,"href":"https:\/\/automotiverevista.pt\/index.php\/wp-json\/wp\/v2\/posts\/4682\/revisions\/4688"}],"wp:featuredmedia":[{"embeddable":true,"href":"https:\/\/automotiverevista.pt\/index.php\/wp-json\/wp\/v2\/media\/4685"}],"wp:attachment":[{"href":"https:\/\/automotiverevista.pt\/index.php\/wp-json\/wp\/v2\/media?parent=4682"}],"wp:term":[{"taxonomy":"category","embeddable":true,"href":"https:\/\/automotiverevista.pt\/index.php\/wp-json\/wp\/v2\/categories?post=4682"},{"taxonomy":"post_tag","embeddable":true,"href":"https:\/\/automotiverevista.pt\/index.php\/wp-json\/wp\/v2\/tags?post=4682"}],"curies":[{"name":"wp","href":"https:\/\/api.w.org\/{rel}","templated":true}]}}