{"id":4888,"date":"2023-12-14T14:51:45","date_gmt":"2023-12-14T14:51:45","guid":{"rendered":"https:\/\/automotiverevista.pt\/?p=4888"},"modified":"2023-12-14T14:51:57","modified_gmt":"2023-12-14T14:51:57","slug":"trw-ajuda-as-oficinas-nas-reparacoes-de-veiculos-eletricos","status":"publish","type":"post","link":"https:\/\/automotiverevista.pt\/index.php\/2023\/12\/14\/trw-ajuda-as-oficinas-nas-reparacoes-de-veiculos-eletricos\/","title":{"rendered":"TRW ajuda as oficinas nas repara\u00e7\u00f5es de ve\u00edculos el\u00e9tricos"},"content":{"rendered":"\n<p>O sistema hidr\u00e1ulico \u00e9 o elemento central do sistema de travagem nos autom\u00f3veis el\u00e9tricos. Segundo a ZF, as oficinas devem utilizar sempre pe\u00e7as de substitui\u00e7\u00e3o de qualidade original para garantir o desempenho habitual do sistema de travagem. Para facilitar o trabalho das oficinas, a ZF Aftermarket est\u00e1 a complementar a sua gama de componentes de travagem da marca TRW com cilindros principais e cilindros de roda, bem como pin\u00e7as de trav\u00e3o para ve\u00edculos el\u00e9tricos. O programa \u00e9 completado com os tubos de trav\u00e3o.<\/p>\n\n\n\n<p>O trav\u00e3o \u00e9 o sistema de seguran\u00e7a mais importante de um autom\u00f3vel. Isto significa que as oficinas n\u00e3o devem fazer ced\u00eancias na qualidade das pe\u00e7as quando reparam o sistema de travagem. Especialmente nos autom\u00f3veis el\u00e9tricos, porque o seu sistema de travagem foi concebido pelo fabricante para as condi\u00e7\u00f5es especiais de funcionamento dos ve\u00edculos el\u00e9tricos (VE). O sistema de travagem hidr\u00e1ulico deve ser particularmente sens\u00edvel para que o condutor n\u00e3o sinta a transi\u00e7\u00e3o entre a travagem el\u00e9trica (recupera\u00e7\u00e3o) e a travagem hidr\u00e1ulica. E deve ser capaz de suportar per\u00edodos prolongados de inatividade, uma vez que apenas a travagem el\u00e9trica \u00e9 utilizada durante a desacelera\u00e7\u00e3o moderada.<\/p>\n\n\n\n<figure class=\"wp-block-image size-large is-resized\"><img decoding=\"async\" width=\"1024\" height=\"769\" src=\"https:\/\/automotiverevista.pt\/wp-content\/uploads\/2023\/12\/1__TRW_Brake_Master_Cylinder-1024x769.jpg\" alt=\"\" class=\"wp-image-4890\" style=\"width:622px;height:auto\" srcset=\"https:\/\/automotiverevista.pt\/wp-content\/uploads\/2023\/12\/1__TRW_Brake_Master_Cylinder-1024x769.jpg 1024w, https:\/\/automotiverevista.pt\/wp-content\/uploads\/2023\/12\/1__TRW_Brake_Master_Cylinder-300x225.jpg 300w, https:\/\/automotiverevista.pt\/wp-content\/uploads\/2023\/12\/1__TRW_Brake_Master_Cylinder-768x577.jpg 768w, https:\/\/automotiverevista.pt\/wp-content\/uploads\/2023\/12\/1__TRW_Brake_Master_Cylinder-1536x1154.jpg 1536w, https:\/\/automotiverevista.pt\/wp-content\/uploads\/2023\/12\/1__TRW_Brake_Master_Cylinder-2048x1539.jpg 2048w, https:\/\/automotiverevista.pt\/wp-content\/uploads\/2023\/12\/1__TRW_Brake_Master_Cylinder-750x563.jpg 750w, https:\/\/automotiverevista.pt\/wp-content\/uploads\/2023\/12\/1__TRW_Brake_Master_Cylinder-1140x856.jpg 1140w\" sizes=\"(max-width: 1024px) 100vw, 1024px\" \/><\/figure>\n\n\n\n<p>A ZF Aftermarket fornece, para o mercado independente de p\u00f3s-venda, uma vasta gama de componentes hidr\u00e1ulicos de qualidade original sob a sua marca TRW, que podem ser utilizados para reparar muitos dos autom\u00f3veis el\u00e9tricos atuais. Uma novidade no mercado, por exemplo, \u00e9 o cilindro principal de trav\u00e3o para modelos baseados no Modular Electric Toolkit (MEB) da Volkswagen (VW ID.3, ID.4, ID.5, Audi Q4 e-tron e e-tron Sportback, Skoda Enyaq e Cupra Born). O cilindro principal de trav\u00e3o funciona perfeitamente com o servofreio eletr\u00f3nico da TRW (EBB, Electronic Brake Booster).<\/p>\n\n\n\n<p>Uma outra adi\u00e7\u00e3o ao programa TRW s\u00e3o os cilindros de roda, que a empresa fornece para in\u00fameros modelos com trav\u00f5es de tambor. As mais recentes novidades para ve\u00edculos el\u00e9tricos s\u00e3o para modelos como o Opel Rocks-E, o Renault Zoe e o Twingo III, o Skoda E-Citigo, o VW E-Up, o Peugeot 208 II, bem como o Smart Fourtwo e o Forfour. No total, a marca TRW cobre quase todo o parque autom\u00f3vel europeu, com mais de 600 refer\u00eancias de pe\u00e7as. Os cilindros de roda TRW est\u00e3o dispon\u00edveis nas vers\u00f5es em ferro fundido e alum\u00ednio e s\u00e3o fabricados de acordo com as especifica\u00e7\u00f5es do equipamento original.<\/p>\n\n\n\n<p>O programa TRW de pe\u00e7as hidr\u00e1ulicas para o sistema de travagem \u00e9 completado por um extenso portf\u00f3lio de pin\u00e7as de trav\u00e3o. As novas adi\u00e7\u00f5es incluem pin\u00e7as para autom\u00f3veis el\u00e9tricos, como o Audi e-tron, o BMW i3 e o iX3, bem como numerosos modelos do Stellantis Group, incluindo ve\u00edculos comerciais ligeiros e os ve\u00edculos de teto alto da Citro\u00ebn e da Peugeot, os pequenos autom\u00f3veis Opel Corsa E e Peugeot E-2008 e o Citro\u00ebn \u00eb-C4. Existem tamb\u00e9m modelos el\u00e9tricos da Ford, Fiat e Iveco.<\/p>\n\n\n\n<p>A ZF Aftermarket recomenda que as oficinas substituam sempre os tubos de trav\u00e3o quando substituem as pin\u00e7as de trav\u00e3o. De acordo com a experi\u00eancia dos especialistas da ZF, muitas vezes n\u00e3o \u00e9 dada a mesma aten\u00e7\u00e3o a estes importantes componentes do que \u00e0s pe\u00e7as de desgaste, como as pastilhas e os discos de trav\u00e3o. No entanto, os novos tubos de trav\u00e3o asseguram o fluxo volum\u00e9trico do \u00f3leo de trav\u00f5es especificado pelo fabricante do autom\u00f3vel, garantem a press\u00e3o de travagem ideal, evitam que as pe\u00e7as de substitui\u00e7\u00e3o rec\u00e9m-instaladas sejam contaminadas com res\u00edduos dos tubos antigos e deixam o sistema de travagem nas condi\u00e7\u00f5es ideais.<\/p>\n","protected":false},"excerpt":{"rendered":"<p>O sistema hidr\u00e1ulico \u00e9 o elemento central do sistema de travagem nos autom\u00f3veis el\u00e9tricos. Segundo a ZF, as oficinas devem utilizar sempre pe\u00e7as de substitui\u00e7\u00e3o de qualidade original para garantir o desempenho habitual do sistema de travagem. Para facilitar o trabalho das oficinas, a ZF Aftermarket est\u00e1 a complementar a sua gama de componentes de [&hellip;]<\/p>\n","protected":false},"author":1,"featured_media":4889,"comment_status":"closed","ping_status":"open","sticky":false,"template":"","format":"standard","meta":{"jnews-multi-image_gallery":[],"jnews_single_post":{"subtitle":"","format":"standard","video":"","gallery":"","source_name":"","source_url":"","via_name":"","via_url":"","override_template":"0","override":[{"template":"2","single_blog_custom":"","parallax":"1","fullscreen":"1","layout":"right-sidebar","sidebar":"default-sidebar","second_sidebar":"default-sidebar","sticky_sidebar":"1","share_position":"topbottom","share_float_style":"share-monocrhome","show_share_counter":"0","show_view_counter":"0","show_featured":"1","show_post_meta":"1","show_post_author":"0","show_post_author_image":"1","show_post_date":"1","post_date_format":"default","post_date_format_custom":"Y\/m\/d","show_post_category":"1","show_post_reading_time":"0","post_reading_time_wpm":"300","show_zoom_button":"0","zoom_button_out_step":"2","zoom_button_in_step":"3","show_post_tag":"1","show_prev_next_post":"0","show_popup_post":"1","number_popup_post":"1","show_author_box":"0","show_post_related":"1","show_inline_post_related":"1"}],"override_image_size":"0","image_override":[{"single_post_thumbnail_size":"crop-500","single_post_gallery_size":"crop-500"}],"trending_post":"0","trending_post_position":"meta","trending_post_label":"Trending","sponsored_post":"0","sponsored_post_label":"Sponsored by","sponsored_post_name":"","sponsored_post_url":"","sponsored_post_logo_enable":"0","sponsored_post_logo":"","sponsored_post_desc":"","disable_ad":"0"},"jnews_primary_category":{"id":"","hide":""},"footnotes":""},"categories":[21],"tags":[],"class_list":["post-4888","post","type-post","status-publish","format-standard","has-post-thumbnail","hentry","category-pos-venda"],"yoast_head":"<!-- This site is optimized with the Yoast SEO Premium plugin v27.5 (Yoast SEO v27.5) - https:\/\/yoast.com\/product\/yoast-seo-premium-wordpress\/ -->\n<title>TRW ajuda as oficinas nas repara\u00e7\u00f5es de ve\u00edculos el\u00e9tricos - Revista Automotive<\/title>\n<meta name=\"description\" content=\"TRW ajuda as oficinas nas repara\u00e7\u00f5es de ve\u00edculos el\u00e9tricos\" \/>\n<meta name=\"robots\" content=\"index, follow, max-snippet:-1, max-image-preview:large, max-video-preview:-1\" \/>\n<link rel=\"canonical\" href=\"https:\/\/automotiverevista.pt\/index.php\/2023\/12\/14\/trw-ajuda-as-oficinas-nas-reparacoes-de-veiculos-eletricos\/\" \/>\n<meta property=\"og:locale\" content=\"pt_PT\" \/>\n<meta property=\"og:type\" content=\"article\" \/>\n<meta property=\"og:title\" content=\"TRW ajuda as oficinas nas repara\u00e7\u00f5es de ve\u00edculos el\u00e9tricos\" \/>\n<meta property=\"og:description\" content=\"TRW ajuda as oficinas nas repara\u00e7\u00f5es de ve\u00edculos el\u00e9tricos\" \/>\n<meta property=\"og:url\" content=\"https:\/\/automotiverevista.pt\/index.php\/2023\/12\/14\/trw-ajuda-as-oficinas-nas-reparacoes-de-veiculos-eletricos\/\" \/>\n<meta property=\"og:site_name\" content=\"Revista Automotive\" \/>\n<meta property=\"article:published_time\" content=\"2023-12-14T14:51:45+00:00\" \/>\n<meta property=\"article:modified_time\" content=\"2023-12-14T14:51:57+00:00\" \/>\n<meta property=\"og:image\" content=\"https:\/\/automotiverevista.pt\/wp-content\/uploads\/2023\/12\/we.jpg\" \/>\n\t<meta property=\"og:image:width\" content=\"2456\" \/>\n\t<meta property=\"og:image:height\" content=\"1360\" \/>\n\t<meta property=\"og:image:type\" content=\"image\/jpeg\" \/>\n<meta name=\"author\" content=\"adminNovo\" \/>\n<meta name=\"twitter:card\" content=\"summary_large_image\" \/>\n<meta name=\"twitter:label1\" content=\"Escrito por\" \/>\n\t<meta name=\"twitter:data1\" content=\"adminNovo\" \/>\n\t<meta name=\"twitter:label2\" content=\"Tempo estimado de leitura\" \/>\n\t<meta name=\"twitter:data2\" content=\"4 minutos\" \/>\n<script type=\"application\/ld+json\" class=\"yoast-schema-graph\">{\"@context\":\"https:\\\/\\\/schema.org\",\"@graph\":[{\"@type\":\"Article\",\"@id\":\"https:\\\/\\\/automotiverevista.pt\\\/index.php\\\/2023\\\/12\\\/14\\\/trw-ajuda-as-oficinas-nas-reparacoes-de-veiculos-eletricos\\\/#article\",\"isPartOf\":{\"@id\":\"https:\\\/\\\/automotiverevista.pt\\\/index.php\\\/2023\\\/12\\\/14\\\/trw-ajuda-as-oficinas-nas-reparacoes-de-veiculos-eletricos\\\/\"},\"author\":{\"name\":\"adminNovo\",\"@id\":\"https:\\\/\\\/automotiverevista.pt\\\/#\\\/schema\\\/person\\\/1265858bc8c78a0f969de814da8be281\"},\"headline\":\"TRW ajuda as oficinas nas repara\u00e7\u00f5es de ve\u00edculos el\u00e9tricos\",\"datePublished\":\"2023-12-14T14:51:45+00:00\",\"dateModified\":\"2023-12-14T14:51:57+00:00\",\"mainEntityOfPage\":{\"@id\":\"https:\\\/\\\/automotiverevista.pt\\\/index.php\\\/2023\\\/12\\\/14\\\/trw-ajuda-as-oficinas-nas-reparacoes-de-veiculos-eletricos\\\/\"},\"wordCount\":658,\"publisher\":{\"@id\":\"https:\\\/\\\/automotiverevista.pt\\\/#organization\"},\"image\":{\"@id\":\"https:\\\/\\\/automotiverevista.pt\\\/index.php\\\/2023\\\/12\\\/14\\\/trw-ajuda-as-oficinas-nas-reparacoes-de-veiculos-eletricos\\\/#primaryimage\"},\"thumbnailUrl\":\"https:\\\/\\\/automotiverevista.pt\\\/wp-content\\\/uploads\\\/2023\\\/12\\\/we.jpg\",\"articleSection\":[\"P\u00f3s-Venda\"],\"inLanguage\":\"pt-PT\"},{\"@type\":\"WebPage\",\"@id\":\"https:\\\/\\\/automotiverevista.pt\\\/index.php\\\/2023\\\/12\\\/14\\\/trw-ajuda-as-oficinas-nas-reparacoes-de-veiculos-eletricos\\\/\",\"url\":\"https:\\\/\\\/automotiverevista.pt\\\/index.php\\\/2023\\\/12\\\/14\\\/trw-ajuda-as-oficinas-nas-reparacoes-de-veiculos-eletricos\\\/\",\"name\":\"TRW ajuda as oficinas nas repara\u00e7\u00f5es de ve\u00edculos el\u00e9tricos - Revista Automotive\",\"isPartOf\":{\"@id\":\"https:\\\/\\\/automotiverevista.pt\\\/#website\"},\"primaryImageOfPage\":{\"@id\":\"https:\\\/\\\/automotiverevista.pt\\\/index.php\\\/2023\\\/12\\\/14\\\/trw-ajuda-as-oficinas-nas-reparacoes-de-veiculos-eletricos\\\/#primaryimage\"},\"image\":{\"@id\":\"https:\\\/\\\/automotiverevista.pt\\\/index.php\\\/2023\\\/12\\\/14\\\/trw-ajuda-as-oficinas-nas-reparacoes-de-veiculos-eletricos\\\/#primaryimage\"},\"thumbnailUrl\":\"https:\\\/\\\/automotiverevista.pt\\\/wp-content\\\/uploads\\\/2023\\\/12\\\/we.jpg\",\"datePublished\":\"2023-12-14T14:51:45+00:00\",\"dateModified\":\"2023-12-14T14:51:57+00:00\",\"description\":\"TRW ajuda as oficinas nas repara\u00e7\u00f5es de ve\u00edculos el\u00e9tricos\",\"breadcrumb\":{\"@id\":\"https:\\\/\\\/automotiverevista.pt\\\/index.php\\\/2023\\\/12\\\/14\\\/trw-ajuda-as-oficinas-nas-reparacoes-de-veiculos-eletricos\\\/#breadcrumb\"},\"inLanguage\":\"pt-PT\",\"potentialAction\":[{\"@type\":\"ReadAction\",\"target\":[\"https:\\\/\\\/automotiverevista.pt\\\/index.php\\\/2023\\\/12\\\/14\\\/trw-ajuda-as-oficinas-nas-reparacoes-de-veiculos-eletricos\\\/\"]}]},{\"@type\":\"ImageObject\",\"inLanguage\":\"pt-PT\",\"@id\":\"https:\\\/\\\/automotiverevista.pt\\\/index.php\\\/2023\\\/12\\\/14\\\/trw-ajuda-as-oficinas-nas-reparacoes-de-veiculos-eletricos\\\/#primaryimage\",\"url\":\"https:\\\/\\\/automotiverevista.pt\\\/wp-content\\\/uploads\\\/2023\\\/12\\\/we.jpg\",\"contentUrl\":\"https:\\\/\\\/automotiverevista.pt\\\/wp-content\\\/uploads\\\/2023\\\/12\\\/we.jpg\",\"width\":2456,\"height\":1360},{\"@type\":\"BreadcrumbList\",\"@id\":\"https:\\\/\\\/automotiverevista.pt\\\/index.php\\\/2023\\\/12\\\/14\\\/trw-ajuda-as-oficinas-nas-reparacoes-de-veiculos-eletricos\\\/#breadcrumb\",\"itemListElement\":[{\"@type\":\"ListItem\",\"position\":1,\"name\":\"Home\",\"item\":\"https:\\\/\\\/automotiverevista.pt\\\/\"},{\"@type\":\"ListItem\",\"position\":2,\"name\":\"TRW ajuda as oficinas nas repara\u00e7\u00f5es de ve\u00edculos el\u00e9tricos\"}]},{\"@type\":\"WebSite\",\"@id\":\"https:\\\/\\\/automotiverevista.pt\\\/#website\",\"url\":\"https:\\\/\\\/automotiverevista.pt\\\/\",\"name\":\"Revista Automotive\",\"description\":\"Revista Automotive Portugal\",\"publisher\":{\"@id\":\"https:\\\/\\\/automotiverevista.pt\\\/#organization\"},\"potentialAction\":[{\"@type\":\"SearchAction\",\"target\":{\"@type\":\"EntryPoint\",\"urlTemplate\":\"https:\\\/\\\/automotiverevista.pt\\\/?s={search_term_string}\"},\"query-input\":{\"@type\":\"PropertyValueSpecification\",\"valueRequired\":true,\"valueName\":\"search_term_string\"}}],\"inLanguage\":\"pt-PT\"},{\"@type\":\"Organization\",\"@id\":\"https:\\\/\\\/automotiverevista.pt\\\/#organization\",\"name\":\"Revista Automotive Portugal\",\"url\":\"https:\\\/\\\/automotiverevista.pt\\\/\",\"logo\":{\"@type\":\"ImageObject\",\"inLanguage\":\"pt-PT\",\"@id\":\"https:\\\/\\\/automotiverevista.pt\\\/#\\\/schema\\\/logo\\\/image\\\/\",\"url\":\"https:\\\/\\\/automotiverevista.pt\\\/wp-content\\\/uploads\\\/2022\\\/07\\\/Logo-Automotive-2021_500-1.jpg\",\"contentUrl\":\"https:\\\/\\\/automotiverevista.pt\\\/wp-content\\\/uploads\\\/2022\\\/07\\\/Logo-Automotive-2021_500-1.jpg\",\"width\":500,\"height\":160,\"caption\":\"Revista Automotive Portugal\"},\"image\":{\"@id\":\"https:\\\/\\\/automotiverevista.pt\\\/#\\\/schema\\\/logo\\\/image\\\/\"},\"sameAs\":[\"https:\\\/\\\/linkedin.com\\\/in\\\/automotiverevista\"]},{\"@type\":\"Person\",\"@id\":\"https:\\\/\\\/automotiverevista.pt\\\/#\\\/schema\\\/person\\\/1265858bc8c78a0f969de814da8be281\",\"name\":\"adminNovo\",\"image\":{\"@type\":\"ImageObject\",\"inLanguage\":\"pt-PT\",\"@id\":\"https:\\\/\\\/secure.gravatar.com\\\/avatar\\\/c606c1288dcc11eb4c709aa5136fdb962583c410f5c23c0b7bf6917c542be355?s=96&d=mm&r=g\",\"url\":\"https:\\\/\\\/secure.gravatar.com\\\/avatar\\\/c606c1288dcc11eb4c709aa5136fdb962583c410f5c23c0b7bf6917c542be355?s=96&d=mm&r=g\",\"contentUrl\":\"https:\\\/\\\/secure.gravatar.com\\\/avatar\\\/c606c1288dcc11eb4c709aa5136fdb962583c410f5c23c0b7bf6917c542be355?s=96&d=mm&r=g\",\"caption\":\"adminNovo\"},\"sameAs\":[\"https:\\\/\\\/automotiverevista.pt\"],\"url\":\"https:\\\/\\\/automotiverevista.pt\\\/index.php\\\/author\\\/adminnovo\\\/\"}]}<\/script>\n<!-- \/ Yoast SEO Premium plugin. -->","yoast_head_json":{"title":"TRW ajuda as oficinas nas repara\u00e7\u00f5es de ve\u00edculos el\u00e9tricos - Revista Automotive","description":"TRW ajuda as oficinas nas repara\u00e7\u00f5es de ve\u00edculos el\u00e9tricos","robots":{"index":"index","follow":"follow","max-snippet":"max-snippet:-1","max-image-preview":"max-image-preview:large","max-video-preview":"max-video-preview:-1"},"canonical":"https:\/\/automotiverevista.pt\/index.php\/2023\/12\/14\/trw-ajuda-as-oficinas-nas-reparacoes-de-veiculos-eletricos\/","og_locale":"pt_PT","og_type":"article","og_title":"TRW ajuda as oficinas nas repara\u00e7\u00f5es de ve\u00edculos el\u00e9tricos","og_description":"TRW ajuda as oficinas nas repara\u00e7\u00f5es de ve\u00edculos el\u00e9tricos","og_url":"https:\/\/automotiverevista.pt\/index.php\/2023\/12\/14\/trw-ajuda-as-oficinas-nas-reparacoes-de-veiculos-eletricos\/","og_site_name":"Revista Automotive","article_published_time":"2023-12-14T14:51:45+00:00","article_modified_time":"2023-12-14T14:51:57+00:00","og_image":[{"width":2456,"height":1360,"url":"https:\/\/automotiverevista.pt\/wp-content\/uploads\/2023\/12\/we.jpg","type":"image\/jpeg"}],"author":"adminNovo","twitter_card":"summary_large_image","twitter_misc":{"Escrito por":"adminNovo","Tempo estimado de leitura":"4 minutos"},"schema":{"@context":"https:\/\/schema.org","@graph":[{"@type":"Article","@id":"https:\/\/automotiverevista.pt\/index.php\/2023\/12\/14\/trw-ajuda-as-oficinas-nas-reparacoes-de-veiculos-eletricos\/#article","isPartOf":{"@id":"https:\/\/automotiverevista.pt\/index.php\/2023\/12\/14\/trw-ajuda-as-oficinas-nas-reparacoes-de-veiculos-eletricos\/"},"author":{"name":"adminNovo","@id":"https:\/\/automotiverevista.pt\/#\/schema\/person\/1265858bc8c78a0f969de814da8be281"},"headline":"TRW ajuda as oficinas nas repara\u00e7\u00f5es de ve\u00edculos el\u00e9tricos","datePublished":"2023-12-14T14:51:45+00:00","dateModified":"2023-12-14T14:51:57+00:00","mainEntityOfPage":{"@id":"https:\/\/automotiverevista.pt\/index.php\/2023\/12\/14\/trw-ajuda-as-oficinas-nas-reparacoes-de-veiculos-eletricos\/"},"wordCount":658,"publisher":{"@id":"https:\/\/automotiverevista.pt\/#organization"},"image":{"@id":"https:\/\/automotiverevista.pt\/index.php\/2023\/12\/14\/trw-ajuda-as-oficinas-nas-reparacoes-de-veiculos-eletricos\/#primaryimage"},"thumbnailUrl":"https:\/\/automotiverevista.pt\/wp-content\/uploads\/2023\/12\/we.jpg","articleSection":["P\u00f3s-Venda"],"inLanguage":"pt-PT"},{"@type":"WebPage","@id":"https:\/\/automotiverevista.pt\/index.php\/2023\/12\/14\/trw-ajuda-as-oficinas-nas-reparacoes-de-veiculos-eletricos\/","url":"https:\/\/automotiverevista.pt\/index.php\/2023\/12\/14\/trw-ajuda-as-oficinas-nas-reparacoes-de-veiculos-eletricos\/","name":"TRW ajuda as oficinas nas repara\u00e7\u00f5es de ve\u00edculos el\u00e9tricos - Revista Automotive","isPartOf":{"@id":"https:\/\/automotiverevista.pt\/#website"},"primaryImageOfPage":{"@id":"https:\/\/automotiverevista.pt\/index.php\/2023\/12\/14\/trw-ajuda-as-oficinas-nas-reparacoes-de-veiculos-eletricos\/#primaryimage"},"image":{"@id":"https:\/\/automotiverevista.pt\/index.php\/2023\/12\/14\/trw-ajuda-as-oficinas-nas-reparacoes-de-veiculos-eletricos\/#primaryimage"},"thumbnailUrl":"https:\/\/automotiverevista.pt\/wp-content\/uploads\/2023\/12\/we.jpg","datePublished":"2023-12-14T14:51:45+00:00","dateModified":"2023-12-14T14:51:57+00:00","description":"TRW ajuda as oficinas nas repara\u00e7\u00f5es de ve\u00edculos el\u00e9tricos","breadcrumb":{"@id":"https:\/\/automotiverevista.pt\/index.php\/2023\/12\/14\/trw-ajuda-as-oficinas-nas-reparacoes-de-veiculos-eletricos\/#breadcrumb"},"inLanguage":"pt-PT","potentialAction":[{"@type":"ReadAction","target":["https:\/\/automotiverevista.pt\/index.php\/2023\/12\/14\/trw-ajuda-as-oficinas-nas-reparacoes-de-veiculos-eletricos\/"]}]},{"@type":"ImageObject","inLanguage":"pt-PT","@id":"https:\/\/automotiverevista.pt\/index.php\/2023\/12\/14\/trw-ajuda-as-oficinas-nas-reparacoes-de-veiculos-eletricos\/#primaryimage","url":"https:\/\/automotiverevista.pt\/wp-content\/uploads\/2023\/12\/we.jpg","contentUrl":"https:\/\/automotiverevista.pt\/wp-content\/uploads\/2023\/12\/we.jpg","width":2456,"height":1360},{"@type":"BreadcrumbList","@id":"https:\/\/automotiverevista.pt\/index.php\/2023\/12\/14\/trw-ajuda-as-oficinas-nas-reparacoes-de-veiculos-eletricos\/#breadcrumb","itemListElement":[{"@type":"ListItem","position":1,"name":"Home","item":"https:\/\/automotiverevista.pt\/"},{"@type":"ListItem","position":2,"name":"TRW ajuda as oficinas nas repara\u00e7\u00f5es de ve\u00edculos el\u00e9tricos"}]},{"@type":"WebSite","@id":"https:\/\/automotiverevista.pt\/#website","url":"https:\/\/automotiverevista.pt\/","name":"Revista Automotive","description":"Revista Automotive Portugal","publisher":{"@id":"https:\/\/automotiverevista.pt\/#organization"},"potentialAction":[{"@type":"SearchAction","target":{"@type":"EntryPoint","urlTemplate":"https:\/\/automotiverevista.pt\/?s={search_term_string}"},"query-input":{"@type":"PropertyValueSpecification","valueRequired":true,"valueName":"search_term_string"}}],"inLanguage":"pt-PT"},{"@type":"Organization","@id":"https:\/\/automotiverevista.pt\/#organization","name":"Revista Automotive Portugal","url":"https:\/\/automotiverevista.pt\/","logo":{"@type":"ImageObject","inLanguage":"pt-PT","@id":"https:\/\/automotiverevista.pt\/#\/schema\/logo\/image\/","url":"https:\/\/automotiverevista.pt\/wp-content\/uploads\/2022\/07\/Logo-Automotive-2021_500-1.jpg","contentUrl":"https:\/\/automotiverevista.pt\/wp-content\/uploads\/2022\/07\/Logo-Automotive-2021_500-1.jpg","width":500,"height":160,"caption":"Revista Automotive Portugal"},"image":{"@id":"https:\/\/automotiverevista.pt\/#\/schema\/logo\/image\/"},"sameAs":["https:\/\/linkedin.com\/in\/automotiverevista"]},{"@type":"Person","@id":"https:\/\/automotiverevista.pt\/#\/schema\/person\/1265858bc8c78a0f969de814da8be281","name":"adminNovo","image":{"@type":"ImageObject","inLanguage":"pt-PT","@id":"https:\/\/secure.gravatar.com\/avatar\/c606c1288dcc11eb4c709aa5136fdb962583c410f5c23c0b7bf6917c542be355?s=96&d=mm&r=g","url":"https:\/\/secure.gravatar.com\/avatar\/c606c1288dcc11eb4c709aa5136fdb962583c410f5c23c0b7bf6917c542be355?s=96&d=mm&r=g","contentUrl":"https:\/\/secure.gravatar.com\/avatar\/c606c1288dcc11eb4c709aa5136fdb962583c410f5c23c0b7bf6917c542be355?s=96&d=mm&r=g","caption":"adminNovo"},"sameAs":["https:\/\/automotiverevista.pt"],"url":"https:\/\/automotiverevista.pt\/index.php\/author\/adminnovo\/"}]}},"_links":{"self":[{"href":"https:\/\/automotiverevista.pt\/index.php\/wp-json\/wp\/v2\/posts\/4888","targetHints":{"allow":["GET"]}}],"collection":[{"href":"https:\/\/automotiverevista.pt\/index.php\/wp-json\/wp\/v2\/posts"}],"about":[{"href":"https:\/\/automotiverevista.pt\/index.php\/wp-json\/wp\/v2\/types\/post"}],"author":[{"embeddable":true,"href":"https:\/\/automotiverevista.pt\/index.php\/wp-json\/wp\/v2\/users\/1"}],"replies":[{"embeddable":true,"href":"https:\/\/automotiverevista.pt\/index.php\/wp-json\/wp\/v2\/comments?post=4888"}],"version-history":[{"count":2,"href":"https:\/\/automotiverevista.pt\/index.php\/wp-json\/wp\/v2\/posts\/4888\/revisions"}],"predecessor-version":[{"id":4893,"href":"https:\/\/automotiverevista.pt\/index.php\/wp-json\/wp\/v2\/posts\/4888\/revisions\/4893"}],"wp:featuredmedia":[{"embeddable":true,"href":"https:\/\/automotiverevista.pt\/index.php\/wp-json\/wp\/v2\/media\/4889"}],"wp:attachment":[{"href":"https:\/\/automotiverevista.pt\/index.php\/wp-json\/wp\/v2\/media?parent=4888"}],"wp:term":[{"taxonomy":"category","embeddable":true,"href":"https:\/\/automotiverevista.pt\/index.php\/wp-json\/wp\/v2\/categories?post=4888"},{"taxonomy":"post_tag","embeddable":true,"href":"https:\/\/automotiverevista.pt\/index.php\/wp-json\/wp\/v2\/tags?post=4888"}],"curies":[{"name":"wp","href":"https:\/\/api.w.org\/{rel}","templated":true}]}}