{"id":4929,"date":"2024-01-03T09:58:55","date_gmt":"2024-01-03T09:58:55","guid":{"rendered":"https:\/\/automotiverevista.pt\/?p=4929"},"modified":"2024-01-04T11:37:43","modified_gmt":"2024-01-04T11:37:43","slug":"portugal-com-mais-disponibilidade-de-biocombustiveis","status":"publish","type":"post","link":"https:\/\/automotiverevista.pt\/index.php\/2024\/01\/03\/portugal-com-mais-disponibilidade-de-biocombustiveis\/","title":{"rendered":"Portugal com mais disponibilidade de biocombust\u00edveis"},"content":{"rendered":"\n<p>A Repsol terminou 2023 com mais de&nbsp;112.000 m3 de biocombust\u00edveis&nbsp;incorporados nos combust\u00edveis l\u00edquidos rodovi\u00e1rios da sua marca em Portugal, um aumento de 11% em compara\u00e7\u00e3o com 2022, o que reflete o impacto do in\u00edcio da comercializa\u00e7\u00e3o de combust\u00edvel 100% renov\u00e1vel no pa\u00eds. Esta incorpora\u00e7\u00e3o permitiu&nbsp;<strong>reduzir cerca de 290 quilotoneladas de CO<\/strong><strong><sub>2<\/sub><\/strong>&nbsp;no setor da mobilidade e continuar a contribuir para a descarboniza\u00e7\u00e3o do transporte rodovi\u00e1rio nacional.<\/p>\n\n\n\n<p>Ao longo do \u00faltimo ano, a Repsol caminhou a passos largos rumo a uma maior sustentabilidade, destacando-se pela introdu\u00e7\u00e3o do combust\u00edvel 100% renov\u00e1vel. Trata-se de um biocombust\u00edvel avan\u00e7ado, <strong>produzido a partir de res\u00edduos org\u00e2nicos, que apresenta zero emiss\u00f5es l\u00edquidas durante a sua utiliza\u00e7\u00e3o<\/strong>. Esta conquista representa n\u00e3o apenas um marco na procura por fontes mais sustent\u00e1veis de energia, mas tamb\u00e9m uma solu\u00e7\u00e3o proeminente para descarbonizar, especialmente, o setor de transporte pesado.<\/p>\n\n\n\n<p><strong>Mais esta\u00e7\u00f5es e menos emiss\u00f5es<\/strong><strong><\/strong><\/p>\n\n\n\n<p>Este tipo de combust\u00edveis desempenha um papel crucial na transi\u00e7\u00e3o energ\u00e9tica, especialmente em setores de mobilidade nos quais a eletrifica\u00e7\u00e3o se revela mais desafiadora. A introdu\u00e7\u00e3o destas solu\u00e7\u00f5es inovadoras tem possibilitado uma redu\u00e7\u00e3o significativa das emiss\u00f5es, capitalizando a efici\u00eancia dessas alternativas, o conhecimento pr\u00e9vio acumulado e a infraestrutura j\u00e1 existente.<\/p>\n\n\n\n<p>Este compromisso da Repsol em adotar pr\u00e1ticas mais sustent\u00e1veis reflete uma vis\u00e3o ambientalmente respons\u00e1vel, como tamb\u00e9m contribui para impulsionar positivamente o desenvolvimento sustent\u00e1vel nos diferentes segmentos da ind\u00fastria.<\/p>\n\n\n\n<p>A empresa conclui o ano com <strong>15 esta\u00e7\u00f5es de servi\u00e7o de abastecimento<\/strong> desta solu\u00e7\u00e3o de combust\u00edvel, em Portugal: Alcochete, Antu\u00e3, Vila Nova de Gaia, Vila Nova da Rainha, Gr\u00e2ndola A e B, 2.\u00aa Circular Aeroporto N-S, 2.\u00aa Circular Benfica Est\u00e1dio, Canal Caveira, Coina, Ermesinde, S\u00e3o Jo\u00e3o da Batalha, Condeixa, Santa Iria da Az\u00f3ia e Padr\u00e3o Moreira. Entre julho e dezembro, foram poupadas mais de 840 toneladas de emiss\u00f5es de CO2 e sedimentando o compromisso da Repsol para tornar&nbsp;o planeta mais sustent\u00e1vel e menos polu\u00eddo.<\/p>\n\n\n\n<p><strong>Estrutura ib\u00e9rica<\/strong><strong><\/strong><\/p>\n\n\n\n<p>&#8220;Os combust\u00edveis 100% renov\u00e1veis, representam uma alternativa tang\u00edvel para os portugueses, oferecendo um contributo efetivo e imediato no combate \u00e0s altera\u00e7\u00f5es clim\u00e1ticas&#8221;, afirma&nbsp;<strong>Armando Oliveira<\/strong>, Administrador-delegado da Repsol Portuguesa.<\/p>\n\n\n\n<p>Neste contexto, o Laborat\u00f3rio Repsol do Terminal de L\u00edquidos da Ban\u00e1tica (TLB) tem tido um papel crescente na introdu\u00e7\u00e3o de combust\u00edveis renov\u00e1veis no mercado nacional. O TLB \u00e9 um terminal de uso privativo, especializado na rece\u00e7\u00e3o\/expedi\u00e7\u00e3o e armazenagem de produtos qu\u00edmicos, combust\u00edveis l\u00edquidos, betumes asf\u00e1lticos, lubrificantes e gases de petr\u00f3leo liquefeitos.<\/p>\n\n\n\n<p>De recordar,&nbsp;que a companhia est\u00e1 a construir, em Espanha, nas suas instala\u00e7\u00f5es em Cartagena, Regi\u00e3o de M\u00farcia, a primeira&nbsp;f\u00e1brica de produ\u00e7\u00e3o de biocombust\u00edveis avan\u00e7ados, que&nbsp;permitir\u00e3o a&nbsp;produ\u00e7\u00e3o de 250 mil toneladas anuais de combust\u00edveis a partir de res\u00edduos.&nbsp;A constru\u00e7\u00e3o dever\u00e1 estar conclu\u00edda nos pr\u00f3ximos meses.<\/p>\n","protected":false},"excerpt":{"rendered":"<p>A Repsol terminou 2023 com mais de&nbsp;112.000 m3 de biocombust\u00edveis&nbsp;incorporados nos combust\u00edveis l\u00edquidos rodovi\u00e1rios da sua marca em Portugal, um aumento de 11% em compara\u00e7\u00e3o com 2022, o que reflete o impacto do in\u00edcio da comercializa\u00e7\u00e3o de combust\u00edvel 100% renov\u00e1vel no pa\u00eds. Esta incorpora\u00e7\u00e3o permitiu&nbsp;reduzir cerca de 290 quilotoneladas de CO2&nbsp;no setor da mobilidade e [&hellip;]<\/p>\n","protected":false},"author":1,"featured_media":4954,"comment_status":"closed","ping_status":"open","sticky":false,"template":"","format":"standard","meta":{"jnews-multi-image_gallery":[],"jnews_single_post":{"subtitle":"","format":"standard","video":"","gallery":"","source_name":"","source_url":"","via_name":"","via_url":"","override_template":"0","override":[{"template":"2","single_blog_custom":"","parallax":"1","fullscreen":"1","layout":"right-sidebar","sidebar":"default-sidebar","second_sidebar":"default-sidebar","sticky_sidebar":"1","share_position":"topbottom","share_float_style":"share-monocrhome","show_share_counter":"0","show_view_counter":"0","show_featured":"1","show_post_meta":"1","show_post_author":"0","show_post_author_image":"1","show_post_date":"1","post_date_format":"default","post_date_format_custom":"Y\/m\/d","show_post_category":"1","show_post_reading_time":"0","post_reading_time_wpm":"300","show_zoom_button":"0","zoom_button_out_step":"2","zoom_button_in_step":"3","show_post_tag":"1","show_prev_next_post":"0","show_popup_post":"1","number_popup_post":"1","show_author_box":"0","show_post_related":"1","show_inline_post_related":"1"}],"override_image_size":"0","image_override":[{"single_post_thumbnail_size":"crop-500","single_post_gallery_size":"crop-500"}],"trending_post":"0","trending_post_position":"meta","trending_post_label":"Trending","sponsored_post":"0","sponsored_post_label":"Sponsored by","sponsored_post_name":"","sponsored_post_url":"","sponsored_post_logo_enable":"0","sponsored_post_logo":"","sponsored_post_desc":"","disable_ad":"0"},"jnews_primary_category":{"id":"","hide":""},"footnotes":""},"categories":[23],"tags":[],"class_list":["post-4929","post","type-post","status-publish","format-standard","has-post-thumbnail","hentry","category-frotas"],"yoast_head":"<!-- This site is optimized with the Yoast SEO Premium plugin v27.5 (Yoast SEO v27.5) - https:\/\/yoast.com\/product\/yoast-seo-premium-wordpress\/ -->\n<title>Portugal com mais disponibilidade de biocombust\u00edveis - Revista Automotive<\/title>\n<meta name=\"robots\" content=\"index, follow, max-snippet:-1, max-image-preview:large, max-video-preview:-1\" \/>\n<link rel=\"canonical\" href=\"https:\/\/automotiverevista.pt\/index.php\/2024\/01\/03\/portugal-com-mais-disponibilidade-de-biocombustiveis\/\" \/>\n<meta property=\"og:locale\" content=\"pt_PT\" \/>\n<meta property=\"og:type\" content=\"article\" \/>\n<meta property=\"og:title\" content=\"Portugal com mais disponibilidade de biocombust\u00edveis\" \/>\n<meta property=\"og:description\" content=\"A Repsol terminou 2023 com mais de&nbsp;112.000 m3 de biocombust\u00edveis&nbsp;incorporados nos combust\u00edveis l\u00edquidos rodovi\u00e1rios da sua marca em Portugal, um aumento de 11% em compara\u00e7\u00e3o com 2022, o que reflete o impacto do in\u00edcio da comercializa\u00e7\u00e3o de combust\u00edvel 100% renov\u00e1vel no pa\u00eds. Esta incorpora\u00e7\u00e3o permitiu&nbsp;reduzir cerca de 290 quilotoneladas de CO2&nbsp;no setor da mobilidade e [&hellip;]\" \/>\n<meta property=\"og:url\" content=\"https:\/\/automotiverevista.pt\/index.php\/2024\/01\/03\/portugal-com-mais-disponibilidade-de-biocombustiveis\/\" \/>\n<meta property=\"og:site_name\" content=\"Revista Automotive\" \/>\n<meta property=\"article:published_time\" content=\"2024-01-03T09:58:55+00:00\" \/>\n<meta property=\"article:modified_time\" content=\"2024-01-04T11:37:43+00:00\" \/>\n<meta property=\"og:image\" content=\"https:\/\/automotiverevista.pt\/wp-content\/uploads\/2024\/01\/Repsol_025.jpg\" \/>\n\t<meta property=\"og:image:width\" content=\"1000\" \/>\n\t<meta property=\"og:image:height\" content=\"666\" \/>\n\t<meta property=\"og:image:type\" content=\"image\/jpeg\" \/>\n<meta name=\"author\" content=\"adminNovo\" \/>\n<meta name=\"twitter:card\" content=\"summary_large_image\" \/>\n<meta name=\"twitter:label1\" content=\"Escrito por\" \/>\n\t<meta name=\"twitter:data1\" content=\"adminNovo\" \/>\n\t<meta name=\"twitter:label2\" content=\"Tempo estimado de leitura\" \/>\n\t<meta name=\"twitter:data2\" content=\"3 minutos\" \/>\n<script type=\"application\/ld+json\" class=\"yoast-schema-graph\">{\"@context\":\"https:\\\/\\\/schema.org\",\"@graph\":[{\"@type\":\"Article\",\"@id\":\"https:\\\/\\\/automotiverevista.pt\\\/index.php\\\/2024\\\/01\\\/03\\\/portugal-com-mais-disponibilidade-de-biocombustiveis\\\/#article\",\"isPartOf\":{\"@id\":\"https:\\\/\\\/automotiverevista.pt\\\/index.php\\\/2024\\\/01\\\/03\\\/portugal-com-mais-disponibilidade-de-biocombustiveis\\\/\"},\"author\":{\"name\":\"adminNovo\",\"@id\":\"https:\\\/\\\/automotiverevista.pt\\\/#\\\/schema\\\/person\\\/1265858bc8c78a0f969de814da8be281\"},\"headline\":\"Portugal com mais disponibilidade de biocombust\u00edveis\",\"datePublished\":\"2024-01-03T09:58:55+00:00\",\"dateModified\":\"2024-01-04T11:37:43+00:00\",\"mainEntityOfPage\":{\"@id\":\"https:\\\/\\\/automotiverevista.pt\\\/index.php\\\/2024\\\/01\\\/03\\\/portugal-com-mais-disponibilidade-de-biocombustiveis\\\/\"},\"wordCount\":536,\"publisher\":{\"@id\":\"https:\\\/\\\/automotiverevista.pt\\\/#organization\"},\"image\":{\"@id\":\"https:\\\/\\\/automotiverevista.pt\\\/index.php\\\/2024\\\/01\\\/03\\\/portugal-com-mais-disponibilidade-de-biocombustiveis\\\/#primaryimage\"},\"thumbnailUrl\":\"https:\\\/\\\/automotiverevista.pt\\\/wp-content\\\/uploads\\\/2024\\\/01\\\/Repsol_025.jpg\",\"articleSection\":[\"Frotas\"],\"inLanguage\":\"pt-PT\"},{\"@type\":\"WebPage\",\"@id\":\"https:\\\/\\\/automotiverevista.pt\\\/index.php\\\/2024\\\/01\\\/03\\\/portugal-com-mais-disponibilidade-de-biocombustiveis\\\/\",\"url\":\"https:\\\/\\\/automotiverevista.pt\\\/index.php\\\/2024\\\/01\\\/03\\\/portugal-com-mais-disponibilidade-de-biocombustiveis\\\/\",\"name\":\"Portugal com mais disponibilidade de biocombust\u00edveis - Revista Automotive\",\"isPartOf\":{\"@id\":\"https:\\\/\\\/automotiverevista.pt\\\/#website\"},\"primaryImageOfPage\":{\"@id\":\"https:\\\/\\\/automotiverevista.pt\\\/index.php\\\/2024\\\/01\\\/03\\\/portugal-com-mais-disponibilidade-de-biocombustiveis\\\/#primaryimage\"},\"image\":{\"@id\":\"https:\\\/\\\/automotiverevista.pt\\\/index.php\\\/2024\\\/01\\\/03\\\/portugal-com-mais-disponibilidade-de-biocombustiveis\\\/#primaryimage\"},\"thumbnailUrl\":\"https:\\\/\\\/automotiverevista.pt\\\/wp-content\\\/uploads\\\/2024\\\/01\\\/Repsol_025.jpg\",\"datePublished\":\"2024-01-03T09:58:55+00:00\",\"dateModified\":\"2024-01-04T11:37:43+00:00\",\"breadcrumb\":{\"@id\":\"https:\\\/\\\/automotiverevista.pt\\\/index.php\\\/2024\\\/01\\\/03\\\/portugal-com-mais-disponibilidade-de-biocombustiveis\\\/#breadcrumb\"},\"inLanguage\":\"pt-PT\",\"potentialAction\":[{\"@type\":\"ReadAction\",\"target\":[\"https:\\\/\\\/automotiverevista.pt\\\/index.php\\\/2024\\\/01\\\/03\\\/portugal-com-mais-disponibilidade-de-biocombustiveis\\\/\"]}]},{\"@type\":\"ImageObject\",\"inLanguage\":\"pt-PT\",\"@id\":\"https:\\\/\\\/automotiverevista.pt\\\/index.php\\\/2024\\\/01\\\/03\\\/portugal-com-mais-disponibilidade-de-biocombustiveis\\\/#primaryimage\",\"url\":\"https:\\\/\\\/automotiverevista.pt\\\/wp-content\\\/uploads\\\/2024\\\/01\\\/Repsol_025.jpg\",\"contentUrl\":\"https:\\\/\\\/automotiverevista.pt\\\/wp-content\\\/uploads\\\/2024\\\/01\\\/Repsol_025.jpg\",\"width\":1000,\"height\":666},{\"@type\":\"BreadcrumbList\",\"@id\":\"https:\\\/\\\/automotiverevista.pt\\\/index.php\\\/2024\\\/01\\\/03\\\/portugal-com-mais-disponibilidade-de-biocombustiveis\\\/#breadcrumb\",\"itemListElement\":[{\"@type\":\"ListItem\",\"position\":1,\"name\":\"Home\",\"item\":\"https:\\\/\\\/automotiverevista.pt\\\/\"},{\"@type\":\"ListItem\",\"position\":2,\"name\":\"Portugal com mais disponibilidade de biocombust\u00edveis\"}]},{\"@type\":\"WebSite\",\"@id\":\"https:\\\/\\\/automotiverevista.pt\\\/#website\",\"url\":\"https:\\\/\\\/automotiverevista.pt\\\/\",\"name\":\"Revista Automotive\",\"description\":\"Revista Automotive Portugal\",\"publisher\":{\"@id\":\"https:\\\/\\\/automotiverevista.pt\\\/#organization\"},\"potentialAction\":[{\"@type\":\"SearchAction\",\"target\":{\"@type\":\"EntryPoint\",\"urlTemplate\":\"https:\\\/\\\/automotiverevista.pt\\\/?s={search_term_string}\"},\"query-input\":{\"@type\":\"PropertyValueSpecification\",\"valueRequired\":true,\"valueName\":\"search_term_string\"}}],\"inLanguage\":\"pt-PT\"},{\"@type\":\"Organization\",\"@id\":\"https:\\\/\\\/automotiverevista.pt\\\/#organization\",\"name\":\"Revista Automotive Portugal\",\"url\":\"https:\\\/\\\/automotiverevista.pt\\\/\",\"logo\":{\"@type\":\"ImageObject\",\"inLanguage\":\"pt-PT\",\"@id\":\"https:\\\/\\\/automotiverevista.pt\\\/#\\\/schema\\\/logo\\\/image\\\/\",\"url\":\"https:\\\/\\\/automotiverevista.pt\\\/wp-content\\\/uploads\\\/2022\\\/07\\\/Logo-Automotive-2021_500-1.jpg\",\"contentUrl\":\"https:\\\/\\\/automotiverevista.pt\\\/wp-content\\\/uploads\\\/2022\\\/07\\\/Logo-Automotive-2021_500-1.jpg\",\"width\":500,\"height\":160,\"caption\":\"Revista Automotive Portugal\"},\"image\":{\"@id\":\"https:\\\/\\\/automotiverevista.pt\\\/#\\\/schema\\\/logo\\\/image\\\/\"},\"sameAs\":[\"https:\\\/\\\/linkedin.com\\\/in\\\/automotiverevista\"]},{\"@type\":\"Person\",\"@id\":\"https:\\\/\\\/automotiverevista.pt\\\/#\\\/schema\\\/person\\\/1265858bc8c78a0f969de814da8be281\",\"name\":\"adminNovo\",\"image\":{\"@type\":\"ImageObject\",\"inLanguage\":\"pt-PT\",\"@id\":\"https:\\\/\\\/secure.gravatar.com\\\/avatar\\\/c606c1288dcc11eb4c709aa5136fdb962583c410f5c23c0b7bf6917c542be355?s=96&d=mm&r=g\",\"url\":\"https:\\\/\\\/secure.gravatar.com\\\/avatar\\\/c606c1288dcc11eb4c709aa5136fdb962583c410f5c23c0b7bf6917c542be355?s=96&d=mm&r=g\",\"contentUrl\":\"https:\\\/\\\/secure.gravatar.com\\\/avatar\\\/c606c1288dcc11eb4c709aa5136fdb962583c410f5c23c0b7bf6917c542be355?s=96&d=mm&r=g\",\"caption\":\"adminNovo\"},\"sameAs\":[\"https:\\\/\\\/automotiverevista.pt\"],\"url\":\"https:\\\/\\\/automotiverevista.pt\\\/index.php\\\/author\\\/adminnovo\\\/\"}]}<\/script>\n<!-- \/ Yoast SEO Premium plugin. -->","yoast_head_json":{"title":"Portugal com mais disponibilidade de biocombust\u00edveis - Revista Automotive","robots":{"index":"index","follow":"follow","max-snippet":"max-snippet:-1","max-image-preview":"max-image-preview:large","max-video-preview":"max-video-preview:-1"},"canonical":"https:\/\/automotiverevista.pt\/index.php\/2024\/01\/03\/portugal-com-mais-disponibilidade-de-biocombustiveis\/","og_locale":"pt_PT","og_type":"article","og_title":"Portugal com mais disponibilidade de biocombust\u00edveis","og_description":"A Repsol terminou 2023 com mais de&nbsp;112.000 m3 de biocombust\u00edveis&nbsp;incorporados nos combust\u00edveis l\u00edquidos rodovi\u00e1rios da sua marca em Portugal, um aumento de 11% em compara\u00e7\u00e3o com 2022, o que reflete o impacto do in\u00edcio da comercializa\u00e7\u00e3o de combust\u00edvel 100% renov\u00e1vel no pa\u00eds. Esta incorpora\u00e7\u00e3o permitiu&nbsp;reduzir cerca de 290 quilotoneladas de CO2&nbsp;no setor da mobilidade e [&hellip;]","og_url":"https:\/\/automotiverevista.pt\/index.php\/2024\/01\/03\/portugal-com-mais-disponibilidade-de-biocombustiveis\/","og_site_name":"Revista Automotive","article_published_time":"2024-01-03T09:58:55+00:00","article_modified_time":"2024-01-04T11:37:43+00:00","og_image":[{"width":1000,"height":666,"url":"https:\/\/automotiverevista.pt\/wp-content\/uploads\/2024\/01\/Repsol_025.jpg","type":"image\/jpeg"}],"author":"adminNovo","twitter_card":"summary_large_image","twitter_misc":{"Escrito por":"adminNovo","Tempo estimado de leitura":"3 minutos"},"schema":{"@context":"https:\/\/schema.org","@graph":[{"@type":"Article","@id":"https:\/\/automotiverevista.pt\/index.php\/2024\/01\/03\/portugal-com-mais-disponibilidade-de-biocombustiveis\/#article","isPartOf":{"@id":"https:\/\/automotiverevista.pt\/index.php\/2024\/01\/03\/portugal-com-mais-disponibilidade-de-biocombustiveis\/"},"author":{"name":"adminNovo","@id":"https:\/\/automotiverevista.pt\/#\/schema\/person\/1265858bc8c78a0f969de814da8be281"},"headline":"Portugal com mais disponibilidade de biocombust\u00edveis","datePublished":"2024-01-03T09:58:55+00:00","dateModified":"2024-01-04T11:37:43+00:00","mainEntityOfPage":{"@id":"https:\/\/automotiverevista.pt\/index.php\/2024\/01\/03\/portugal-com-mais-disponibilidade-de-biocombustiveis\/"},"wordCount":536,"publisher":{"@id":"https:\/\/automotiverevista.pt\/#organization"},"image":{"@id":"https:\/\/automotiverevista.pt\/index.php\/2024\/01\/03\/portugal-com-mais-disponibilidade-de-biocombustiveis\/#primaryimage"},"thumbnailUrl":"https:\/\/automotiverevista.pt\/wp-content\/uploads\/2024\/01\/Repsol_025.jpg","articleSection":["Frotas"],"inLanguage":"pt-PT"},{"@type":"WebPage","@id":"https:\/\/automotiverevista.pt\/index.php\/2024\/01\/03\/portugal-com-mais-disponibilidade-de-biocombustiveis\/","url":"https:\/\/automotiverevista.pt\/index.php\/2024\/01\/03\/portugal-com-mais-disponibilidade-de-biocombustiveis\/","name":"Portugal com mais disponibilidade de biocombust\u00edveis - Revista Automotive","isPartOf":{"@id":"https:\/\/automotiverevista.pt\/#website"},"primaryImageOfPage":{"@id":"https:\/\/automotiverevista.pt\/index.php\/2024\/01\/03\/portugal-com-mais-disponibilidade-de-biocombustiveis\/#primaryimage"},"image":{"@id":"https:\/\/automotiverevista.pt\/index.php\/2024\/01\/03\/portugal-com-mais-disponibilidade-de-biocombustiveis\/#primaryimage"},"thumbnailUrl":"https:\/\/automotiverevista.pt\/wp-content\/uploads\/2024\/01\/Repsol_025.jpg","datePublished":"2024-01-03T09:58:55+00:00","dateModified":"2024-01-04T11:37:43+00:00","breadcrumb":{"@id":"https:\/\/automotiverevista.pt\/index.php\/2024\/01\/03\/portugal-com-mais-disponibilidade-de-biocombustiveis\/#breadcrumb"},"inLanguage":"pt-PT","potentialAction":[{"@type":"ReadAction","target":["https:\/\/automotiverevista.pt\/index.php\/2024\/01\/03\/portugal-com-mais-disponibilidade-de-biocombustiveis\/"]}]},{"@type":"ImageObject","inLanguage":"pt-PT","@id":"https:\/\/automotiverevista.pt\/index.php\/2024\/01\/03\/portugal-com-mais-disponibilidade-de-biocombustiveis\/#primaryimage","url":"https:\/\/automotiverevista.pt\/wp-content\/uploads\/2024\/01\/Repsol_025.jpg","contentUrl":"https:\/\/automotiverevista.pt\/wp-content\/uploads\/2024\/01\/Repsol_025.jpg","width":1000,"height":666},{"@type":"BreadcrumbList","@id":"https:\/\/automotiverevista.pt\/index.php\/2024\/01\/03\/portugal-com-mais-disponibilidade-de-biocombustiveis\/#breadcrumb","itemListElement":[{"@type":"ListItem","position":1,"name":"Home","item":"https:\/\/automotiverevista.pt\/"},{"@type":"ListItem","position":2,"name":"Portugal com mais disponibilidade de biocombust\u00edveis"}]},{"@type":"WebSite","@id":"https:\/\/automotiverevista.pt\/#website","url":"https:\/\/automotiverevista.pt\/","name":"Revista Automotive","description":"Revista Automotive Portugal","publisher":{"@id":"https:\/\/automotiverevista.pt\/#organization"},"potentialAction":[{"@type":"SearchAction","target":{"@type":"EntryPoint","urlTemplate":"https:\/\/automotiverevista.pt\/?s={search_term_string}"},"query-input":{"@type":"PropertyValueSpecification","valueRequired":true,"valueName":"search_term_string"}}],"inLanguage":"pt-PT"},{"@type":"Organization","@id":"https:\/\/automotiverevista.pt\/#organization","name":"Revista Automotive Portugal","url":"https:\/\/automotiverevista.pt\/","logo":{"@type":"ImageObject","inLanguage":"pt-PT","@id":"https:\/\/automotiverevista.pt\/#\/schema\/logo\/image\/","url":"https:\/\/automotiverevista.pt\/wp-content\/uploads\/2022\/07\/Logo-Automotive-2021_500-1.jpg","contentUrl":"https:\/\/automotiverevista.pt\/wp-content\/uploads\/2022\/07\/Logo-Automotive-2021_500-1.jpg","width":500,"height":160,"caption":"Revista Automotive Portugal"},"image":{"@id":"https:\/\/automotiverevista.pt\/#\/schema\/logo\/image\/"},"sameAs":["https:\/\/linkedin.com\/in\/automotiverevista"]},{"@type":"Person","@id":"https:\/\/automotiverevista.pt\/#\/schema\/person\/1265858bc8c78a0f969de814da8be281","name":"adminNovo","image":{"@type":"ImageObject","inLanguage":"pt-PT","@id":"https:\/\/secure.gravatar.com\/avatar\/c606c1288dcc11eb4c709aa5136fdb962583c410f5c23c0b7bf6917c542be355?s=96&d=mm&r=g","url":"https:\/\/secure.gravatar.com\/avatar\/c606c1288dcc11eb4c709aa5136fdb962583c410f5c23c0b7bf6917c542be355?s=96&d=mm&r=g","contentUrl":"https:\/\/secure.gravatar.com\/avatar\/c606c1288dcc11eb4c709aa5136fdb962583c410f5c23c0b7bf6917c542be355?s=96&d=mm&r=g","caption":"adminNovo"},"sameAs":["https:\/\/automotiverevista.pt"],"url":"https:\/\/automotiverevista.pt\/index.php\/author\/adminnovo\/"}]}},"_links":{"self":[{"href":"https:\/\/automotiverevista.pt\/index.php\/wp-json\/wp\/v2\/posts\/4929","targetHints":{"allow":["GET"]}}],"collection":[{"href":"https:\/\/automotiverevista.pt\/index.php\/wp-json\/wp\/v2\/posts"}],"about":[{"href":"https:\/\/automotiverevista.pt\/index.php\/wp-json\/wp\/v2\/types\/post"}],"author":[{"embeddable":true,"href":"https:\/\/automotiverevista.pt\/index.php\/wp-json\/wp\/v2\/users\/1"}],"replies":[{"embeddable":true,"href":"https:\/\/automotiverevista.pt\/index.php\/wp-json\/wp\/v2\/comments?post=4929"}],"version-history":[{"count":1,"href":"https:\/\/automotiverevista.pt\/index.php\/wp-json\/wp\/v2\/posts\/4929\/revisions"}],"predecessor-version":[{"id":4931,"href":"https:\/\/automotiverevista.pt\/index.php\/wp-json\/wp\/v2\/posts\/4929\/revisions\/4931"}],"wp:featuredmedia":[{"embeddable":true,"href":"https:\/\/automotiverevista.pt\/index.php\/wp-json\/wp\/v2\/media\/4954"}],"wp:attachment":[{"href":"https:\/\/automotiverevista.pt\/index.php\/wp-json\/wp\/v2\/media?parent=4929"}],"wp:term":[{"taxonomy":"category","embeddable":true,"href":"https:\/\/automotiverevista.pt\/index.php\/wp-json\/wp\/v2\/categories?post=4929"},{"taxonomy":"post_tag","embeddable":true,"href":"https:\/\/automotiverevista.pt\/index.php\/wp-json\/wp\/v2\/tags?post=4929"}],"curies":[{"name":"wp","href":"https:\/\/api.w.org\/{rel}","templated":true}]}}