{"id":4981,"date":"2024-01-05T05:00:00","date_gmt":"2024-01-05T05:00:00","guid":{"rendered":"https:\/\/automotiverevista.pt\/?p=4981"},"modified":"2024-01-04T21:15:39","modified_gmt":"2024-01-04T21:15:39","slug":"gb-passaporte-digital","status":"publish","type":"post","link":"https:\/\/automotiverevista.pt\/index.php\/2024\/01\/05\/gb-passaporte-digital\/","title":{"rendered":"Passaporte digital das baterias ser\u00e1 uma realidade"},"content":{"rendered":"\n<p>A GVB, entidade de gest\u00e3o e valoriza\u00e7\u00e3o de baterias usadas, realizou o seu encontro anual na cidade de Aveiro, onde reuniu os parceiros do seu sistema para um balan\u00e7o das suas atividades neste ano e, tamb\u00e9m, dar-lhes conta das importantes altera\u00e7\u00f5es no que concerne ao novo regulamento das baterias na UE.&nbsp;<\/p>\n\n\n\n<p><strong>Rui Cabral<\/strong>, diretor geral da GVB e orador na recente Confer\u00eancia Automotive, anunciou no encontro que se aguarda pela implementa\u00e7\u00e3o do novo regulamento UE 2023\/1542, com destaque para uma nova classifica\u00e7\u00e3o de baterias, bem como a exist\u00eancia de um passaporte digital, com obten\u00e7\u00e3o de informa\u00e7\u00e3o atrav\u00e9s de c\u00f3digo QR.&nbsp;<\/p>\n\n\n\n<p>Em 2023, foram colocadas no mercado nacional cerca de 12,3k t de baterias novas e recolhidas cerca de 15,5k t de res\u00edduos, levando a GVB a ultrapassar a meta de 98% de recolhas, face ao colocado no mercado, prevista em licen\u00e7a, e que foi de 126,5%.<\/p>\n","protected":false},"excerpt":{"rendered":"<p>A GVB, entidade de gest\u00e3o e valoriza\u00e7\u00e3o de baterias usadas, realizou o seu encontro anual na cidade de Aveiro, onde reuniu os parceiros do seu sistema para um balan\u00e7o das suas atividades neste ano e, tamb\u00e9m, dar-lhes conta das importantes altera\u00e7\u00f5es no que concerne ao novo regulamento das baterias na UE.&nbsp; Rui Cabral, diretor geral [&hellip;]<\/p>\n","protected":false},"author":3,"featured_media":4982,"comment_status":"closed","ping_status":"open","sticky":false,"template":"","format":"standard","meta":{"jnews-multi-image_gallery":[],"jnews_single_post":{"subtitle":"","format":"standard","video":"","gallery":"","source_name":"","source_url":"","via_name":"","via_url":"","override_template":"0","override":[{"template":"2","single_blog_custom":"","parallax":"1","fullscreen":"1","layout":"right-sidebar","sidebar":"default-sidebar","second_sidebar":"default-sidebar","sticky_sidebar":"1","share_position":"topbottom","share_float_style":"share-monocrhome","show_share_counter":"0","show_view_counter":"0","show_featured":"1","show_post_meta":"1","show_post_author":"0","show_post_author_image":"1","show_post_date":"1","post_date_format":"default","post_date_format_custom":"Y\/m\/d","show_post_category":"1","show_post_reading_time":"0","post_reading_time_wpm":"300","show_zoom_button":"0","zoom_button_out_step":"2","zoom_button_in_step":"3","show_post_tag":"1","show_prev_next_post":"0","show_popup_post":"1","number_popup_post":"1","show_author_box":"0","show_post_related":"1","show_inline_post_related":"1"}],"override_image_size":"0","image_override":[{"single_post_thumbnail_size":"crop-500","single_post_gallery_size":"crop-500"}],"trending_post":"0","trending_post_position":"meta","trending_post_label":"Trending","sponsored_post":"0","sponsored_post_label":"Sponsored by","sponsored_post_name":"","sponsored_post_url":"","sponsored_post_logo_enable":"0","sponsored_post_logo":"","sponsored_post_desc":"","disable_ad":"0"},"jnews_primary_category":{"id":"","hide":""},"footnotes":""},"categories":[21],"tags":[],"class_list":["post-4981","post","type-post","status-publish","format-standard","has-post-thumbnail","hentry","category-pos-venda"],"yoast_head":"<!-- This site is optimized with the Yoast SEO Premium plugin v27.5 (Yoast SEO v27.5) - https:\/\/yoast.com\/product\/yoast-seo-premium-wordpress\/ -->\n<title>Passaporte digital das baterias ser\u00e1 uma realidade - Revista Automotive<\/title>\n<meta name=\"description\" content=\"GVB, entidade de gest\u00e3o e valoriza\u00e7\u00e3o de baterias usadas, realizou o seu encontro anual na cidade de Aveiro, onde reuniu os parceiros\" \/>\n<meta name=\"robots\" content=\"index, follow, max-snippet:-1, max-image-preview:large, max-video-preview:-1\" \/>\n<link rel=\"canonical\" href=\"https:\/\/automotiverevista.pt\/index.php\/2024\/01\/05\/gb-passaporte-digital\/\" \/>\n<meta property=\"og:locale\" content=\"pt_PT\" \/>\n<meta property=\"og:type\" content=\"article\" \/>\n<meta property=\"og:title\" content=\"Passaporte digital das baterias ser\u00e1 uma realidade\" \/>\n<meta property=\"og:description\" content=\"GVB, entidade de gest\u00e3o e valoriza\u00e7\u00e3o de baterias usadas, realizou o seu encontro anual na cidade de Aveiro, onde reuniu os parceiros\" \/>\n<meta property=\"og:url\" content=\"https:\/\/automotiverevista.pt\/index.php\/2024\/01\/05\/gb-passaporte-digital\/\" \/>\n<meta property=\"og:site_name\" content=\"Revista Automotive\" \/>\n<meta property=\"article:published_time\" content=\"2024-01-05T05:00:00+00:00\" \/>\n<meta property=\"og:image\" content=\"https:\/\/automotiverevista.pt\/wp-content\/uploads\/2024\/01\/Imagem1.jpg\" \/>\n\t<meta property=\"og:image:width\" content=\"831\" \/>\n\t<meta property=\"og:image:height\" content=\"624\" \/>\n\t<meta property=\"og:image:type\" content=\"image\/jpeg\" \/>\n<meta name=\"author\" content=\"MiguelMarques\" \/>\n<meta name=\"twitter:card\" content=\"summary_large_image\" \/>\n<meta name=\"twitter:label1\" content=\"Escrito por\" \/>\n\t<meta name=\"twitter:data1\" content=\"MiguelMarques\" \/>\n\t<meta name=\"twitter:label2\" content=\"Tempo estimado de leitura\" \/>\n\t<meta name=\"twitter:data2\" content=\"2 minutos\" \/>\n<script type=\"application\/ld+json\" class=\"yoast-schema-graph\">{\"@context\":\"https:\\\/\\\/schema.org\",\"@graph\":[{\"@type\":\"Article\",\"@id\":\"https:\\\/\\\/automotiverevista.pt\\\/index.php\\\/2024\\\/01\\\/05\\\/gb-passaporte-digital\\\/#article\",\"isPartOf\":{\"@id\":\"https:\\\/\\\/automotiverevista.pt\\\/index.php\\\/2024\\\/01\\\/05\\\/gb-passaporte-digital\\\/\"},\"author\":{\"name\":\"MiguelMarques\",\"@id\":\"https:\\\/\\\/automotiverevista.pt\\\/#\\\/schema\\\/person\\\/d705335f9c428a4a0cae3d11afb2e0ef\"},\"headline\":\"Passaporte digital das baterias ser\u00e1 uma realidade\",\"datePublished\":\"2024-01-05T05:00:00+00:00\",\"mainEntityOfPage\":{\"@id\":\"https:\\\/\\\/automotiverevista.pt\\\/index.php\\\/2024\\\/01\\\/05\\\/gb-passaporte-digital\\\/\"},\"wordCount\":166,\"publisher\":{\"@id\":\"https:\\\/\\\/automotiverevista.pt\\\/#organization\"},\"image\":{\"@id\":\"https:\\\/\\\/automotiverevista.pt\\\/index.php\\\/2024\\\/01\\\/05\\\/gb-passaporte-digital\\\/#primaryimage\"},\"thumbnailUrl\":\"https:\\\/\\\/automotiverevista.pt\\\/wp-content\\\/uploads\\\/2024\\\/01\\\/Imagem1.jpg\",\"articleSection\":[\"P\u00f3s-Venda\"],\"inLanguage\":\"pt-PT\"},{\"@type\":\"WebPage\",\"@id\":\"https:\\\/\\\/automotiverevista.pt\\\/index.php\\\/2024\\\/01\\\/05\\\/gb-passaporte-digital\\\/\",\"url\":\"https:\\\/\\\/automotiverevista.pt\\\/index.php\\\/2024\\\/01\\\/05\\\/gb-passaporte-digital\\\/\",\"name\":\"Passaporte digital das baterias ser\u00e1 uma realidade - Revista Automotive\",\"isPartOf\":{\"@id\":\"https:\\\/\\\/automotiverevista.pt\\\/#website\"},\"primaryImageOfPage\":{\"@id\":\"https:\\\/\\\/automotiverevista.pt\\\/index.php\\\/2024\\\/01\\\/05\\\/gb-passaporte-digital\\\/#primaryimage\"},\"image\":{\"@id\":\"https:\\\/\\\/automotiverevista.pt\\\/index.php\\\/2024\\\/01\\\/05\\\/gb-passaporte-digital\\\/#primaryimage\"},\"thumbnailUrl\":\"https:\\\/\\\/automotiverevista.pt\\\/wp-content\\\/uploads\\\/2024\\\/01\\\/Imagem1.jpg\",\"datePublished\":\"2024-01-05T05:00:00+00:00\",\"description\":\"GVB, entidade de gest\u00e3o e valoriza\u00e7\u00e3o de baterias usadas, realizou o seu encontro anual na cidade de Aveiro, onde reuniu os parceiros\",\"breadcrumb\":{\"@id\":\"https:\\\/\\\/automotiverevista.pt\\\/index.php\\\/2024\\\/01\\\/05\\\/gb-passaporte-digital\\\/#breadcrumb\"},\"inLanguage\":\"pt-PT\",\"potentialAction\":[{\"@type\":\"ReadAction\",\"target\":[\"https:\\\/\\\/automotiverevista.pt\\\/index.php\\\/2024\\\/01\\\/05\\\/gb-passaporte-digital\\\/\"]}]},{\"@type\":\"ImageObject\",\"inLanguage\":\"pt-PT\",\"@id\":\"https:\\\/\\\/automotiverevista.pt\\\/index.php\\\/2024\\\/01\\\/05\\\/gb-passaporte-digital\\\/#primaryimage\",\"url\":\"https:\\\/\\\/automotiverevista.pt\\\/wp-content\\\/uploads\\\/2024\\\/01\\\/Imagem1.jpg\",\"contentUrl\":\"https:\\\/\\\/automotiverevista.pt\\\/wp-content\\\/uploads\\\/2024\\\/01\\\/Imagem1.jpg\",\"width\":831,\"height\":624},{\"@type\":\"BreadcrumbList\",\"@id\":\"https:\\\/\\\/automotiverevista.pt\\\/index.php\\\/2024\\\/01\\\/05\\\/gb-passaporte-digital\\\/#breadcrumb\",\"itemListElement\":[{\"@type\":\"ListItem\",\"position\":1,\"name\":\"Home\",\"item\":\"https:\\\/\\\/automotiverevista.pt\\\/\"},{\"@type\":\"ListItem\",\"position\":2,\"name\":\"Passaporte digital das baterias ser\u00e1 uma realidade\"}]},{\"@type\":\"WebSite\",\"@id\":\"https:\\\/\\\/automotiverevista.pt\\\/#website\",\"url\":\"https:\\\/\\\/automotiverevista.pt\\\/\",\"name\":\"Revista Automotive\",\"description\":\"Revista Automotive Portugal\",\"publisher\":{\"@id\":\"https:\\\/\\\/automotiverevista.pt\\\/#organization\"},\"potentialAction\":[{\"@type\":\"SearchAction\",\"target\":{\"@type\":\"EntryPoint\",\"urlTemplate\":\"https:\\\/\\\/automotiverevista.pt\\\/?s={search_term_string}\"},\"query-input\":{\"@type\":\"PropertyValueSpecification\",\"valueRequired\":true,\"valueName\":\"search_term_string\"}}],\"inLanguage\":\"pt-PT\"},{\"@type\":\"Organization\",\"@id\":\"https:\\\/\\\/automotiverevista.pt\\\/#organization\",\"name\":\"Revista Automotive Portugal\",\"url\":\"https:\\\/\\\/automotiverevista.pt\\\/\",\"logo\":{\"@type\":\"ImageObject\",\"inLanguage\":\"pt-PT\",\"@id\":\"https:\\\/\\\/automotiverevista.pt\\\/#\\\/schema\\\/logo\\\/image\\\/\",\"url\":\"https:\\\/\\\/automotiverevista.pt\\\/wp-content\\\/uploads\\\/2022\\\/07\\\/Logo-Automotive-2021_500-1.jpg\",\"contentUrl\":\"https:\\\/\\\/automotiverevista.pt\\\/wp-content\\\/uploads\\\/2022\\\/07\\\/Logo-Automotive-2021_500-1.jpg\",\"width\":500,\"height\":160,\"caption\":\"Revista Automotive Portugal\"},\"image\":{\"@id\":\"https:\\\/\\\/automotiverevista.pt\\\/#\\\/schema\\\/logo\\\/image\\\/\"},\"sameAs\":[\"https:\\\/\\\/linkedin.com\\\/in\\\/automotiverevista\"]},{\"@type\":\"Person\",\"@id\":\"https:\\\/\\\/automotiverevista.pt\\\/#\\\/schema\\\/person\\\/d705335f9c428a4a0cae3d11afb2e0ef\",\"name\":\"MiguelMarques\",\"image\":{\"@type\":\"ImageObject\",\"inLanguage\":\"pt-PT\",\"@id\":\"https:\\\/\\\/secure.gravatar.com\\\/avatar\\\/635d1f118671d87c579d5e4f6491bfc0081e3bbddd605eb321931e9c938270b5?s=96&d=mm&r=g\",\"url\":\"https:\\\/\\\/secure.gravatar.com\\\/avatar\\\/635d1f118671d87c579d5e4f6491bfc0081e3bbddd605eb321931e9c938270b5?s=96&d=mm&r=g\",\"contentUrl\":\"https:\\\/\\\/secure.gravatar.com\\\/avatar\\\/635d1f118671d87c579d5e4f6491bfc0081e3bbddd605eb321931e9c938270b5?s=96&d=mm&r=g\",\"caption\":\"MiguelMarques\"},\"url\":\"https:\\\/\\\/automotiverevista.pt\\\/index.php\\\/author\\\/miguelmarques\\\/\"}]}<\/script>\n<!-- \/ Yoast SEO Premium plugin. -->","yoast_head_json":{"title":"Passaporte digital das baterias ser\u00e1 uma realidade - Revista Automotive","description":"GVB, entidade de gest\u00e3o e valoriza\u00e7\u00e3o de baterias usadas, realizou o seu encontro anual na cidade de Aveiro, onde reuniu os parceiros","robots":{"index":"index","follow":"follow","max-snippet":"max-snippet:-1","max-image-preview":"max-image-preview:large","max-video-preview":"max-video-preview:-1"},"canonical":"https:\/\/automotiverevista.pt\/index.php\/2024\/01\/05\/gb-passaporte-digital\/","og_locale":"pt_PT","og_type":"article","og_title":"Passaporte digital das baterias ser\u00e1 uma realidade","og_description":"GVB, entidade de gest\u00e3o e valoriza\u00e7\u00e3o de baterias usadas, realizou o seu encontro anual na cidade de Aveiro, onde reuniu os parceiros","og_url":"https:\/\/automotiverevista.pt\/index.php\/2024\/01\/05\/gb-passaporte-digital\/","og_site_name":"Revista Automotive","article_published_time":"2024-01-05T05:00:00+00:00","og_image":[{"width":831,"height":624,"url":"https:\/\/automotiverevista.pt\/wp-content\/uploads\/2024\/01\/Imagem1.jpg","type":"image\/jpeg"}],"author":"MiguelMarques","twitter_card":"summary_large_image","twitter_misc":{"Escrito por":"MiguelMarques","Tempo estimado de leitura":"2 minutos"},"schema":{"@context":"https:\/\/schema.org","@graph":[{"@type":"Article","@id":"https:\/\/automotiverevista.pt\/index.php\/2024\/01\/05\/gb-passaporte-digital\/#article","isPartOf":{"@id":"https:\/\/automotiverevista.pt\/index.php\/2024\/01\/05\/gb-passaporte-digital\/"},"author":{"name":"MiguelMarques","@id":"https:\/\/automotiverevista.pt\/#\/schema\/person\/d705335f9c428a4a0cae3d11afb2e0ef"},"headline":"Passaporte digital das baterias ser\u00e1 uma realidade","datePublished":"2024-01-05T05:00:00+00:00","mainEntityOfPage":{"@id":"https:\/\/automotiverevista.pt\/index.php\/2024\/01\/05\/gb-passaporte-digital\/"},"wordCount":166,"publisher":{"@id":"https:\/\/automotiverevista.pt\/#organization"},"image":{"@id":"https:\/\/automotiverevista.pt\/index.php\/2024\/01\/05\/gb-passaporte-digital\/#primaryimage"},"thumbnailUrl":"https:\/\/automotiverevista.pt\/wp-content\/uploads\/2024\/01\/Imagem1.jpg","articleSection":["P\u00f3s-Venda"],"inLanguage":"pt-PT"},{"@type":"WebPage","@id":"https:\/\/automotiverevista.pt\/index.php\/2024\/01\/05\/gb-passaporte-digital\/","url":"https:\/\/automotiverevista.pt\/index.php\/2024\/01\/05\/gb-passaporte-digital\/","name":"Passaporte digital das baterias ser\u00e1 uma realidade - Revista Automotive","isPartOf":{"@id":"https:\/\/automotiverevista.pt\/#website"},"primaryImageOfPage":{"@id":"https:\/\/automotiverevista.pt\/index.php\/2024\/01\/05\/gb-passaporte-digital\/#primaryimage"},"image":{"@id":"https:\/\/automotiverevista.pt\/index.php\/2024\/01\/05\/gb-passaporte-digital\/#primaryimage"},"thumbnailUrl":"https:\/\/automotiverevista.pt\/wp-content\/uploads\/2024\/01\/Imagem1.jpg","datePublished":"2024-01-05T05:00:00+00:00","description":"GVB, entidade de gest\u00e3o e valoriza\u00e7\u00e3o de baterias usadas, realizou o seu encontro anual na cidade de Aveiro, onde reuniu os parceiros","breadcrumb":{"@id":"https:\/\/automotiverevista.pt\/index.php\/2024\/01\/05\/gb-passaporte-digital\/#breadcrumb"},"inLanguage":"pt-PT","potentialAction":[{"@type":"ReadAction","target":["https:\/\/automotiverevista.pt\/index.php\/2024\/01\/05\/gb-passaporte-digital\/"]}]},{"@type":"ImageObject","inLanguage":"pt-PT","@id":"https:\/\/automotiverevista.pt\/index.php\/2024\/01\/05\/gb-passaporte-digital\/#primaryimage","url":"https:\/\/automotiverevista.pt\/wp-content\/uploads\/2024\/01\/Imagem1.jpg","contentUrl":"https:\/\/automotiverevista.pt\/wp-content\/uploads\/2024\/01\/Imagem1.jpg","width":831,"height":624},{"@type":"BreadcrumbList","@id":"https:\/\/automotiverevista.pt\/index.php\/2024\/01\/05\/gb-passaporte-digital\/#breadcrumb","itemListElement":[{"@type":"ListItem","position":1,"name":"Home","item":"https:\/\/automotiverevista.pt\/"},{"@type":"ListItem","position":2,"name":"Passaporte digital das baterias ser\u00e1 uma realidade"}]},{"@type":"WebSite","@id":"https:\/\/automotiverevista.pt\/#website","url":"https:\/\/automotiverevista.pt\/","name":"Revista Automotive","description":"Revista Automotive Portugal","publisher":{"@id":"https:\/\/automotiverevista.pt\/#organization"},"potentialAction":[{"@type":"SearchAction","target":{"@type":"EntryPoint","urlTemplate":"https:\/\/automotiverevista.pt\/?s={search_term_string}"},"query-input":{"@type":"PropertyValueSpecification","valueRequired":true,"valueName":"search_term_string"}}],"inLanguage":"pt-PT"},{"@type":"Organization","@id":"https:\/\/automotiverevista.pt\/#organization","name":"Revista Automotive Portugal","url":"https:\/\/automotiverevista.pt\/","logo":{"@type":"ImageObject","inLanguage":"pt-PT","@id":"https:\/\/automotiverevista.pt\/#\/schema\/logo\/image\/","url":"https:\/\/automotiverevista.pt\/wp-content\/uploads\/2022\/07\/Logo-Automotive-2021_500-1.jpg","contentUrl":"https:\/\/automotiverevista.pt\/wp-content\/uploads\/2022\/07\/Logo-Automotive-2021_500-1.jpg","width":500,"height":160,"caption":"Revista Automotive Portugal"},"image":{"@id":"https:\/\/automotiverevista.pt\/#\/schema\/logo\/image\/"},"sameAs":["https:\/\/linkedin.com\/in\/automotiverevista"]},{"@type":"Person","@id":"https:\/\/automotiverevista.pt\/#\/schema\/person\/d705335f9c428a4a0cae3d11afb2e0ef","name":"MiguelMarques","image":{"@type":"ImageObject","inLanguage":"pt-PT","@id":"https:\/\/secure.gravatar.com\/avatar\/635d1f118671d87c579d5e4f6491bfc0081e3bbddd605eb321931e9c938270b5?s=96&d=mm&r=g","url":"https:\/\/secure.gravatar.com\/avatar\/635d1f118671d87c579d5e4f6491bfc0081e3bbddd605eb321931e9c938270b5?s=96&d=mm&r=g","contentUrl":"https:\/\/secure.gravatar.com\/avatar\/635d1f118671d87c579d5e4f6491bfc0081e3bbddd605eb321931e9c938270b5?s=96&d=mm&r=g","caption":"MiguelMarques"},"url":"https:\/\/automotiverevista.pt\/index.php\/author\/miguelmarques\/"}]}},"_links":{"self":[{"href":"https:\/\/automotiverevista.pt\/index.php\/wp-json\/wp\/v2\/posts\/4981","targetHints":{"allow":["GET"]}}],"collection":[{"href":"https:\/\/automotiverevista.pt\/index.php\/wp-json\/wp\/v2\/posts"}],"about":[{"href":"https:\/\/automotiverevista.pt\/index.php\/wp-json\/wp\/v2\/types\/post"}],"author":[{"embeddable":true,"href":"https:\/\/automotiverevista.pt\/index.php\/wp-json\/wp\/v2\/users\/3"}],"replies":[{"embeddable":true,"href":"https:\/\/automotiverevista.pt\/index.php\/wp-json\/wp\/v2\/comments?post=4981"}],"version-history":[{"count":1,"href":"https:\/\/automotiverevista.pt\/index.php\/wp-json\/wp\/v2\/posts\/4981\/revisions"}],"predecessor-version":[{"id":4983,"href":"https:\/\/automotiverevista.pt\/index.php\/wp-json\/wp\/v2\/posts\/4981\/revisions\/4983"}],"wp:featuredmedia":[{"embeddable":true,"href":"https:\/\/automotiverevista.pt\/index.php\/wp-json\/wp\/v2\/media\/4982"}],"wp:attachment":[{"href":"https:\/\/automotiverevista.pt\/index.php\/wp-json\/wp\/v2\/media?parent=4981"}],"wp:term":[{"taxonomy":"category","embeddable":true,"href":"https:\/\/automotiverevista.pt\/index.php\/wp-json\/wp\/v2\/categories?post=4981"},{"taxonomy":"post_tag","embeddable":true,"href":"https:\/\/automotiverevista.pt\/index.php\/wp-json\/wp\/v2\/tags?post=4981"}],"curies":[{"name":"wp","href":"https:\/\/api.w.org\/{rel}","templated":true}]}}