{"id":5019,"date":"2024-01-07T08:03:00","date_gmt":"2024-01-07T08:03:00","guid":{"rendered":"https:\/\/automotiverevista.pt\/?p=5019"},"modified":"2024-01-06T23:07:51","modified_gmt":"2024-01-06T23:07:51","slug":"transwhite","status":"publish","type":"post","link":"https:\/\/automotiverevista.pt\/index.php\/2024\/01\/07\/transwhite\/","title":{"rendered":"Transwhite vence Pr\u00e9mio Frota Pesados 2023"},"content":{"rendered":"\n<p>A Transwhite venceu o <strong>Pr\u00e9mio Frota Pesados,<\/strong> na 7\u00aa edi\u00e7\u00e3o dos Pr\u00e9mios Fleet &amp; Service 2023 realizada pela Revista Automotive. A entrega dos pr\u00e9mios teve lugar, no Vila Gal\u00e9 Collection Pal\u00e1cio dos Arcos, em Oeiras, concelho sede da Revista Automotive, num exclusivo jantar que reuniu os vencedores nas quase duas dezenas de categorias deste ano, e que foram acompanhados por alguns convidados nacionais e internacionais.<\/p>\n\n\n\n<p>Na foto, Manuela S\u00e1bio, <em>Manager<\/em> da Transwhite e Manuela Henriques, da Transwhite, receberam o <strong>Pr\u00e9mio Frota Pesados 2023,<\/strong> acompanhadas por Eduardo Gaspar, diretor da Revista Automotive e Nuno Mendes, <em>Area Manager<\/em> da DAF Portugal.<\/p>\n\n\n\n<p>Eduardo Gaspar, diretor da Revista Automotive, referiu que \u201cesta empresa, com sede em Caldas da Rainha, tem vindo a investir ao longo dos anos numa frota de cami\u00f5es modernos, optando por seguir o caminho da qualidade e a dinamizar a manuten\u00e7\u00e3o e repara\u00e7\u00e3o da sua frota, dispondo de oficinas pr\u00f3prias.<\/p>\n\n\n\n<p>Investe numa decora\u00e7\u00e3o criativa e dignificadora da sua frota de cami\u00f5es, principalmente nos seus semirreboques, onde tem destacado a dedica\u00e7\u00e3o dos seus profissionais. Valoriza os seus motoristas e muitos cami\u00f5es da sua frota tem uma imagem \u201cpersonalizada\u201d e diversificada, cuidadosamente desenvolvida para ser notada positivamente na estrada e fazer a diferen\u00e7a.<\/p>\n\n\n\n<p>A Transwhite tem implementado v\u00e1rias a\u00e7\u00f5es com os seus funcion\u00e1rios de forma a reconhecer o seu papel na evolu\u00e7\u00e3o da empresa, sendo por isso merecedora do <strong>Pr\u00e9mio Frota Pesados 2023<\/strong>\u201d, destacou. &nbsp;<\/p>\n","protected":false},"excerpt":{"rendered":"<p>A Transwhite venceu o Pr\u00e9mio Frota Pesados, na 7\u00aa edi\u00e7\u00e3o dos Pr\u00e9mios Fleet &amp; Service 2023 realizada pela Revista Automotive. A entrega dos pr\u00e9mios teve lugar, no Vila Gal\u00e9 Collection Pal\u00e1cio dos Arcos, em Oeiras, concelho sede da Revista Automotive, num exclusivo jantar que reuniu os vencedores nas quase duas dezenas de categorias deste ano, [&hellip;]<\/p>\n","protected":false},"author":3,"featured_media":5020,"comment_status":"closed","ping_status":"open","sticky":false,"template":"","format":"standard","meta":{"jnews-multi-image_gallery":[],"jnews_single_post":{"subtitle":"","format":"standard","video":"","gallery":"","source_name":"","source_url":"","via_name":"","via_url":"","override_template":"0","override":[{"template":"2","single_blog_custom":"","parallax":"1","fullscreen":"1","layout":"right-sidebar","sidebar":"default-sidebar","second_sidebar":"default-sidebar","sticky_sidebar":"1","share_position":"topbottom","share_float_style":"share-monocrhome","show_share_counter":"0","show_view_counter":"0","show_featured":"1","show_post_meta":"1","show_post_author":"0","show_post_author_image":"1","show_post_date":"1","post_date_format":"default","post_date_format_custom":"Y\/m\/d","show_post_category":"1","show_post_reading_time":"0","post_reading_time_wpm":"300","show_zoom_button":"0","zoom_button_out_step":"2","zoom_button_in_step":"3","show_post_tag":"1","show_prev_next_post":"0","show_popup_post":"1","number_popup_post":"1","show_author_box":"0","show_post_related":"1","show_inline_post_related":"1"}],"override_image_size":"0","image_override":[{"single_post_thumbnail_size":"crop-500","single_post_gallery_size":"crop-500"}],"trending_post":"0","trending_post_position":"meta","trending_post_label":"Trending","sponsored_post":"0","sponsored_post_label":"Sponsored by","sponsored_post_name":"","sponsored_post_url":"","sponsored_post_logo_enable":"0","sponsored_post_logo":"","sponsored_post_desc":"","disable_ad":"0"},"jnews_primary_category":{"id":"","hide":""},"footnotes":""},"categories":[25],"tags":[],"class_list":["post-5019","post","type-post","status-publish","format-standard","has-post-thumbnail","hentry","category-pesados-e-maquinas"],"yoast_head":"<!-- This site is optimized with the Yoast SEO Premium plugin v27.5 (Yoast SEO v27.5) - https:\/\/yoast.com\/product\/yoast-seo-premium-wordpress\/ -->\n<title>Transwhite vence Pr\u00e9mio Frota Pesados 2023 - Revista Automotive<\/title>\n<meta name=\"description\" content=\"A Transwhite venceu o Pr\u00e9mio Frota Pesados, na 7\u00aa edi\u00e7\u00e3o dos Pr\u00e9mios Fleet &amp; Service 2023 realizada pela Revista Automotive.\" \/>\n<meta name=\"robots\" content=\"index, follow, max-snippet:-1, max-image-preview:large, max-video-preview:-1\" \/>\n<link rel=\"canonical\" href=\"https:\/\/automotiverevista.pt\/index.php\/2024\/01\/07\/transwhite\/\" \/>\n<meta property=\"og:locale\" content=\"pt_PT\" \/>\n<meta property=\"og:type\" content=\"article\" \/>\n<meta property=\"og:title\" content=\"Transwhite vence Pr\u00e9mio Frota Pesados 2023\" \/>\n<meta property=\"og:description\" content=\"A Transwhite venceu o Pr\u00e9mio Frota Pesados, na 7\u00aa edi\u00e7\u00e3o dos Pr\u00e9mios Fleet &amp; Service 2023 realizada pela Revista Automotive.\" \/>\n<meta property=\"og:url\" content=\"https:\/\/automotiverevista.pt\/index.php\/2024\/01\/07\/transwhite\/\" \/>\n<meta property=\"og:site_name\" content=\"Revista Automotive\" \/>\n<meta property=\"article:published_time\" content=\"2024-01-07T08:03:00+00:00\" \/>\n<meta property=\"og:image\" content=\"https:\/\/automotiverevista.pt\/wp-content\/uploads\/2024\/01\/IMG_3539_LR-scaled.jpg\" \/>\n\t<meta property=\"og:image:width\" content=\"2560\" \/>\n\t<meta property=\"og:image:height\" content=\"1707\" \/>\n\t<meta property=\"og:image:type\" content=\"image\/jpeg\" \/>\n<meta name=\"author\" content=\"MiguelMarques\" \/>\n<meta name=\"twitter:card\" content=\"summary_large_image\" \/>\n<meta name=\"twitter:label1\" content=\"Escrito por\" \/>\n\t<meta name=\"twitter:data1\" content=\"MiguelMarques\" \/>\n\t<meta name=\"twitter:label2\" content=\"Tempo estimado de leitura\" \/>\n\t<meta name=\"twitter:data2\" content=\"2 minutos\" \/>\n<script type=\"application\/ld+json\" class=\"yoast-schema-graph\">{\"@context\":\"https:\\\/\\\/schema.org\",\"@graph\":[{\"@type\":\"Article\",\"@id\":\"https:\\\/\\\/automotiverevista.pt\\\/index.php\\\/2024\\\/01\\\/07\\\/transwhite\\\/#article\",\"isPartOf\":{\"@id\":\"https:\\\/\\\/automotiverevista.pt\\\/index.php\\\/2024\\\/01\\\/07\\\/transwhite\\\/\"},\"author\":{\"name\":\"MiguelMarques\",\"@id\":\"https:\\\/\\\/automotiverevista.pt\\\/#\\\/schema\\\/person\\\/d705335f9c428a4a0cae3d11afb2e0ef\"},\"headline\":\"Transwhite vence Pr\u00e9mio Frota Pesados 2023\",\"datePublished\":\"2024-01-07T08:03:00+00:00\",\"mainEntityOfPage\":{\"@id\":\"https:\\\/\\\/automotiverevista.pt\\\/index.php\\\/2024\\\/01\\\/07\\\/transwhite\\\/\"},\"wordCount\":255,\"publisher\":{\"@id\":\"https:\\\/\\\/automotiverevista.pt\\\/#organization\"},\"image\":{\"@id\":\"https:\\\/\\\/automotiverevista.pt\\\/index.php\\\/2024\\\/01\\\/07\\\/transwhite\\\/#primaryimage\"},\"thumbnailUrl\":\"https:\\\/\\\/automotiverevista.pt\\\/wp-content\\\/uploads\\\/2024\\\/01\\\/IMG_3539_LR-scaled.jpg\",\"articleSection\":[\"Pesados e M\u00e1quinas\"],\"inLanguage\":\"pt-PT\"},{\"@type\":\"WebPage\",\"@id\":\"https:\\\/\\\/automotiverevista.pt\\\/index.php\\\/2024\\\/01\\\/07\\\/transwhite\\\/\",\"url\":\"https:\\\/\\\/automotiverevista.pt\\\/index.php\\\/2024\\\/01\\\/07\\\/transwhite\\\/\",\"name\":\"Transwhite vence Pr\u00e9mio Frota Pesados 2023 - Revista Automotive\",\"isPartOf\":{\"@id\":\"https:\\\/\\\/automotiverevista.pt\\\/#website\"},\"primaryImageOfPage\":{\"@id\":\"https:\\\/\\\/automotiverevista.pt\\\/index.php\\\/2024\\\/01\\\/07\\\/transwhite\\\/#primaryimage\"},\"image\":{\"@id\":\"https:\\\/\\\/automotiverevista.pt\\\/index.php\\\/2024\\\/01\\\/07\\\/transwhite\\\/#primaryimage\"},\"thumbnailUrl\":\"https:\\\/\\\/automotiverevista.pt\\\/wp-content\\\/uploads\\\/2024\\\/01\\\/IMG_3539_LR-scaled.jpg\",\"datePublished\":\"2024-01-07T08:03:00+00:00\",\"description\":\"A Transwhite venceu o Pr\u00e9mio Frota Pesados, na 7\u00aa edi\u00e7\u00e3o dos Pr\u00e9mios Fleet & Service 2023 realizada pela Revista Automotive.\",\"breadcrumb\":{\"@id\":\"https:\\\/\\\/automotiverevista.pt\\\/index.php\\\/2024\\\/01\\\/07\\\/transwhite\\\/#breadcrumb\"},\"inLanguage\":\"pt-PT\",\"potentialAction\":[{\"@type\":\"ReadAction\",\"target\":[\"https:\\\/\\\/automotiverevista.pt\\\/index.php\\\/2024\\\/01\\\/07\\\/transwhite\\\/\"]}]},{\"@type\":\"ImageObject\",\"inLanguage\":\"pt-PT\",\"@id\":\"https:\\\/\\\/automotiverevista.pt\\\/index.php\\\/2024\\\/01\\\/07\\\/transwhite\\\/#primaryimage\",\"url\":\"https:\\\/\\\/automotiverevista.pt\\\/wp-content\\\/uploads\\\/2024\\\/01\\\/IMG_3539_LR-scaled.jpg\",\"contentUrl\":\"https:\\\/\\\/automotiverevista.pt\\\/wp-content\\\/uploads\\\/2024\\\/01\\\/IMG_3539_LR-scaled.jpg\",\"width\":2560,\"height\":1707},{\"@type\":\"BreadcrumbList\",\"@id\":\"https:\\\/\\\/automotiverevista.pt\\\/index.php\\\/2024\\\/01\\\/07\\\/transwhite\\\/#breadcrumb\",\"itemListElement\":[{\"@type\":\"ListItem\",\"position\":1,\"name\":\"Home\",\"item\":\"https:\\\/\\\/automotiverevista.pt\\\/\"},{\"@type\":\"ListItem\",\"position\":2,\"name\":\"Transwhite vence Pr\u00e9mio Frota Pesados 2023\"}]},{\"@type\":\"WebSite\",\"@id\":\"https:\\\/\\\/automotiverevista.pt\\\/#website\",\"url\":\"https:\\\/\\\/automotiverevista.pt\\\/\",\"name\":\"Revista Automotive\",\"description\":\"Revista Automotive Portugal\",\"publisher\":{\"@id\":\"https:\\\/\\\/automotiverevista.pt\\\/#organization\"},\"potentialAction\":[{\"@type\":\"SearchAction\",\"target\":{\"@type\":\"EntryPoint\",\"urlTemplate\":\"https:\\\/\\\/automotiverevista.pt\\\/?s={search_term_string}\"},\"query-input\":{\"@type\":\"PropertyValueSpecification\",\"valueRequired\":true,\"valueName\":\"search_term_string\"}}],\"inLanguage\":\"pt-PT\"},{\"@type\":\"Organization\",\"@id\":\"https:\\\/\\\/automotiverevista.pt\\\/#organization\",\"name\":\"Revista Automotive Portugal\",\"url\":\"https:\\\/\\\/automotiverevista.pt\\\/\",\"logo\":{\"@type\":\"ImageObject\",\"inLanguage\":\"pt-PT\",\"@id\":\"https:\\\/\\\/automotiverevista.pt\\\/#\\\/schema\\\/logo\\\/image\\\/\",\"url\":\"https:\\\/\\\/automotiverevista.pt\\\/wp-content\\\/uploads\\\/2022\\\/07\\\/Logo-Automotive-2021_500-1.jpg\",\"contentUrl\":\"https:\\\/\\\/automotiverevista.pt\\\/wp-content\\\/uploads\\\/2022\\\/07\\\/Logo-Automotive-2021_500-1.jpg\",\"width\":500,\"height\":160,\"caption\":\"Revista Automotive Portugal\"},\"image\":{\"@id\":\"https:\\\/\\\/automotiverevista.pt\\\/#\\\/schema\\\/logo\\\/image\\\/\"},\"sameAs\":[\"https:\\\/\\\/linkedin.com\\\/in\\\/automotiverevista\"]},{\"@type\":\"Person\",\"@id\":\"https:\\\/\\\/automotiverevista.pt\\\/#\\\/schema\\\/person\\\/d705335f9c428a4a0cae3d11afb2e0ef\",\"name\":\"MiguelMarques\",\"image\":{\"@type\":\"ImageObject\",\"inLanguage\":\"pt-PT\",\"@id\":\"https:\\\/\\\/secure.gravatar.com\\\/avatar\\\/635d1f118671d87c579d5e4f6491bfc0081e3bbddd605eb321931e9c938270b5?s=96&d=mm&r=g\",\"url\":\"https:\\\/\\\/secure.gravatar.com\\\/avatar\\\/635d1f118671d87c579d5e4f6491bfc0081e3bbddd605eb321931e9c938270b5?s=96&d=mm&r=g\",\"contentUrl\":\"https:\\\/\\\/secure.gravatar.com\\\/avatar\\\/635d1f118671d87c579d5e4f6491bfc0081e3bbddd605eb321931e9c938270b5?s=96&d=mm&r=g\",\"caption\":\"MiguelMarques\"},\"url\":\"https:\\\/\\\/automotiverevista.pt\\\/index.php\\\/author\\\/miguelmarques\\\/\"}]}<\/script>\n<!-- \/ Yoast SEO Premium plugin. -->","yoast_head_json":{"title":"Transwhite vence Pr\u00e9mio Frota Pesados 2023 - Revista Automotive","description":"A Transwhite venceu o Pr\u00e9mio Frota Pesados, na 7\u00aa edi\u00e7\u00e3o dos Pr\u00e9mios Fleet & Service 2023 realizada pela Revista Automotive.","robots":{"index":"index","follow":"follow","max-snippet":"max-snippet:-1","max-image-preview":"max-image-preview:large","max-video-preview":"max-video-preview:-1"},"canonical":"https:\/\/automotiverevista.pt\/index.php\/2024\/01\/07\/transwhite\/","og_locale":"pt_PT","og_type":"article","og_title":"Transwhite vence Pr\u00e9mio Frota Pesados 2023","og_description":"A Transwhite venceu o Pr\u00e9mio Frota Pesados, na 7\u00aa edi\u00e7\u00e3o dos Pr\u00e9mios Fleet & Service 2023 realizada pela Revista Automotive.","og_url":"https:\/\/automotiverevista.pt\/index.php\/2024\/01\/07\/transwhite\/","og_site_name":"Revista Automotive","article_published_time":"2024-01-07T08:03:00+00:00","og_image":[{"width":2560,"height":1707,"url":"https:\/\/automotiverevista.pt\/wp-content\/uploads\/2024\/01\/IMG_3539_LR-scaled.jpg","type":"image\/jpeg"}],"author":"MiguelMarques","twitter_card":"summary_large_image","twitter_misc":{"Escrito por":"MiguelMarques","Tempo estimado de leitura":"2 minutos"},"schema":{"@context":"https:\/\/schema.org","@graph":[{"@type":"Article","@id":"https:\/\/automotiverevista.pt\/index.php\/2024\/01\/07\/transwhite\/#article","isPartOf":{"@id":"https:\/\/automotiverevista.pt\/index.php\/2024\/01\/07\/transwhite\/"},"author":{"name":"MiguelMarques","@id":"https:\/\/automotiverevista.pt\/#\/schema\/person\/d705335f9c428a4a0cae3d11afb2e0ef"},"headline":"Transwhite vence Pr\u00e9mio Frota Pesados 2023","datePublished":"2024-01-07T08:03:00+00:00","mainEntityOfPage":{"@id":"https:\/\/automotiverevista.pt\/index.php\/2024\/01\/07\/transwhite\/"},"wordCount":255,"publisher":{"@id":"https:\/\/automotiverevista.pt\/#organization"},"image":{"@id":"https:\/\/automotiverevista.pt\/index.php\/2024\/01\/07\/transwhite\/#primaryimage"},"thumbnailUrl":"https:\/\/automotiverevista.pt\/wp-content\/uploads\/2024\/01\/IMG_3539_LR-scaled.jpg","articleSection":["Pesados e M\u00e1quinas"],"inLanguage":"pt-PT"},{"@type":"WebPage","@id":"https:\/\/automotiverevista.pt\/index.php\/2024\/01\/07\/transwhite\/","url":"https:\/\/automotiverevista.pt\/index.php\/2024\/01\/07\/transwhite\/","name":"Transwhite vence Pr\u00e9mio Frota Pesados 2023 - Revista Automotive","isPartOf":{"@id":"https:\/\/automotiverevista.pt\/#website"},"primaryImageOfPage":{"@id":"https:\/\/automotiverevista.pt\/index.php\/2024\/01\/07\/transwhite\/#primaryimage"},"image":{"@id":"https:\/\/automotiverevista.pt\/index.php\/2024\/01\/07\/transwhite\/#primaryimage"},"thumbnailUrl":"https:\/\/automotiverevista.pt\/wp-content\/uploads\/2024\/01\/IMG_3539_LR-scaled.jpg","datePublished":"2024-01-07T08:03:00+00:00","description":"A Transwhite venceu o Pr\u00e9mio Frota Pesados, na 7\u00aa edi\u00e7\u00e3o dos Pr\u00e9mios Fleet & Service 2023 realizada pela Revista Automotive.","breadcrumb":{"@id":"https:\/\/automotiverevista.pt\/index.php\/2024\/01\/07\/transwhite\/#breadcrumb"},"inLanguage":"pt-PT","potentialAction":[{"@type":"ReadAction","target":["https:\/\/automotiverevista.pt\/index.php\/2024\/01\/07\/transwhite\/"]}]},{"@type":"ImageObject","inLanguage":"pt-PT","@id":"https:\/\/automotiverevista.pt\/index.php\/2024\/01\/07\/transwhite\/#primaryimage","url":"https:\/\/automotiverevista.pt\/wp-content\/uploads\/2024\/01\/IMG_3539_LR-scaled.jpg","contentUrl":"https:\/\/automotiverevista.pt\/wp-content\/uploads\/2024\/01\/IMG_3539_LR-scaled.jpg","width":2560,"height":1707},{"@type":"BreadcrumbList","@id":"https:\/\/automotiverevista.pt\/index.php\/2024\/01\/07\/transwhite\/#breadcrumb","itemListElement":[{"@type":"ListItem","position":1,"name":"Home","item":"https:\/\/automotiverevista.pt\/"},{"@type":"ListItem","position":2,"name":"Transwhite vence Pr\u00e9mio Frota Pesados 2023"}]},{"@type":"WebSite","@id":"https:\/\/automotiverevista.pt\/#website","url":"https:\/\/automotiverevista.pt\/","name":"Revista Automotive","description":"Revista Automotive Portugal","publisher":{"@id":"https:\/\/automotiverevista.pt\/#organization"},"potentialAction":[{"@type":"SearchAction","target":{"@type":"EntryPoint","urlTemplate":"https:\/\/automotiverevista.pt\/?s={search_term_string}"},"query-input":{"@type":"PropertyValueSpecification","valueRequired":true,"valueName":"search_term_string"}}],"inLanguage":"pt-PT"},{"@type":"Organization","@id":"https:\/\/automotiverevista.pt\/#organization","name":"Revista Automotive Portugal","url":"https:\/\/automotiverevista.pt\/","logo":{"@type":"ImageObject","inLanguage":"pt-PT","@id":"https:\/\/automotiverevista.pt\/#\/schema\/logo\/image\/","url":"https:\/\/automotiverevista.pt\/wp-content\/uploads\/2022\/07\/Logo-Automotive-2021_500-1.jpg","contentUrl":"https:\/\/automotiverevista.pt\/wp-content\/uploads\/2022\/07\/Logo-Automotive-2021_500-1.jpg","width":500,"height":160,"caption":"Revista Automotive Portugal"},"image":{"@id":"https:\/\/automotiverevista.pt\/#\/schema\/logo\/image\/"},"sameAs":["https:\/\/linkedin.com\/in\/automotiverevista"]},{"@type":"Person","@id":"https:\/\/automotiverevista.pt\/#\/schema\/person\/d705335f9c428a4a0cae3d11afb2e0ef","name":"MiguelMarques","image":{"@type":"ImageObject","inLanguage":"pt-PT","@id":"https:\/\/secure.gravatar.com\/avatar\/635d1f118671d87c579d5e4f6491bfc0081e3bbddd605eb321931e9c938270b5?s=96&d=mm&r=g","url":"https:\/\/secure.gravatar.com\/avatar\/635d1f118671d87c579d5e4f6491bfc0081e3bbddd605eb321931e9c938270b5?s=96&d=mm&r=g","contentUrl":"https:\/\/secure.gravatar.com\/avatar\/635d1f118671d87c579d5e4f6491bfc0081e3bbddd605eb321931e9c938270b5?s=96&d=mm&r=g","caption":"MiguelMarques"},"url":"https:\/\/automotiverevista.pt\/index.php\/author\/miguelmarques\/"}]}},"_links":{"self":[{"href":"https:\/\/automotiverevista.pt\/index.php\/wp-json\/wp\/v2\/posts\/5019","targetHints":{"allow":["GET"]}}],"collection":[{"href":"https:\/\/automotiverevista.pt\/index.php\/wp-json\/wp\/v2\/posts"}],"about":[{"href":"https:\/\/automotiverevista.pt\/index.php\/wp-json\/wp\/v2\/types\/post"}],"author":[{"embeddable":true,"href":"https:\/\/automotiverevista.pt\/index.php\/wp-json\/wp\/v2\/users\/3"}],"replies":[{"embeddable":true,"href":"https:\/\/automotiverevista.pt\/index.php\/wp-json\/wp\/v2\/comments?post=5019"}],"version-history":[{"count":1,"href":"https:\/\/automotiverevista.pt\/index.php\/wp-json\/wp\/v2\/posts\/5019\/revisions"}],"predecessor-version":[{"id":5021,"href":"https:\/\/automotiverevista.pt\/index.php\/wp-json\/wp\/v2\/posts\/5019\/revisions\/5021"}],"wp:featuredmedia":[{"embeddable":true,"href":"https:\/\/automotiverevista.pt\/index.php\/wp-json\/wp\/v2\/media\/5020"}],"wp:attachment":[{"href":"https:\/\/automotiverevista.pt\/index.php\/wp-json\/wp\/v2\/media?parent=5019"}],"wp:term":[{"taxonomy":"category","embeddable":true,"href":"https:\/\/automotiverevista.pt\/index.php\/wp-json\/wp\/v2\/categories?post=5019"},{"taxonomy":"post_tag","embeddable":true,"href":"https:\/\/automotiverevista.pt\/index.php\/wp-json\/wp\/v2\/tags?post=5019"}],"curies":[{"name":"wp","href":"https:\/\/api.w.org\/{rel}","templated":true}]}}