{"id":5118,"date":"2024-01-08T10:18:52","date_gmt":"2024-01-08T10:18:52","guid":{"rendered":"https:\/\/automotiverevista.pt\/?p=5118"},"modified":"2024-01-08T10:19:02","modified_gmt":"2024-01-08T10:19:02","slug":"sampa-iberica-com-maior-abrangencia-e-dinamica-empresarial","status":"publish","type":"post","link":"https:\/\/automotiverevista.pt\/index.php\/2024\/01\/08\/sampa-iberica-com-maior-abrangencia-e-dinamica-empresarial\/","title":{"rendered":"Sampa Ib\u00e9rica com maior abrang\u00eancia e din\u00e2mica empresarial"},"content":{"rendered":"\n<p>Recentemente, a Sampa Ib\u00e9rica foi distinguida com o Pr\u00e9mio Fleet &amp; Service Automotive, na \u00e1rea da Comunica\u00e7\u00e3o Empresarial.<\/p>\n\n\n\n<p>Nas linhas que se seguem H\u00e9rnan Marqu\u00e9s, diretor geral da Sampa Ib\u00e9rica S.L., aborda nesta entrevista concedida em Madrid, \u00e0 Revista Automotive Portugal, a evolu\u00e7\u00e3o da marca nos \u00faltimos 3 anos, e a sua recente afilia\u00e7\u00e3o \u00e0 ASFARES, Associa\u00e7\u00e3o Espanhola de Fabricantes de Semirreboques, Cisternas e Ve\u00edculos An\u00e1logos.<\/p>\n\n\n\n<p>\u201cEsta parceria estrat\u00e9gica sinaliza uma nova etapa para a empresa, demonstrando a nossa ambi\u00e7\u00e3o em expandir as opera\u00e7\u00f5es em territ\u00f3rio espanhol e potenciar colabora\u00e7\u00f5es com os grandes fabricantes de semirreboques da regi\u00e3o\u201d, sublinha H\u00e9rnan Marqu\u00e9s.<\/p>\n\n\n\n<figure class=\"wp-block-image size-large is-resized\"><img decoding=\"async\" width=\"1024\" height=\"683\" src=\"https:\/\/automotiverevista.pt\/wp-content\/uploads\/2024\/01\/IMG_3279-1-1024x683.jpg\" alt=\"\" class=\"wp-image-5121\" style=\"width:690px;height:auto\" srcset=\"https:\/\/automotiverevista.pt\/wp-content\/uploads\/2024\/01\/IMG_3279-1-1024x683.jpg 1024w, https:\/\/automotiverevista.pt\/wp-content\/uploads\/2024\/01\/IMG_3279-1-300x200.jpg 300w\" sizes=\"(max-width: 1024px) 100vw, 1024px\" \/><\/figure>\n\n\n\n<p>De acordo com o diretor da Sampa Ib\u00e9rcia \u201ca entrada na ASFARES proporcionar\u00e1 a oportunidade de estabelecer di\u00e1logos cruciais com os principais fabricantes de semirreboques e empresas que trabalham com esta tipologia de produto, tais como Lecitrailer, Granalu, Parcisa, Tisvol, Frigicoll, Schmitz Cargobull e SOR, entre tantos outros. Esta intera\u00e7\u00e3o direta visa promover a marca e explorar poss\u00edveis colabora\u00e7\u00f5es como fornecedor original para equipamentos, produzidos em solo espanhol.<\/p>\n\n\n\n<p>O objetivo central \u00e9 introduzir a Sampa n\u00e3o apenas como fornecedora de pe\u00e7a de reposi\u00e7\u00e3o, mas como uma solu\u00e7\u00e3o abrangente para as empresas de semirreboques. A Sampa ambiciona ser reconhecida como uma parceira estrat\u00e9gica no desenvolvimento de equipamentos, n\u00e3o s\u00f3 em Espanha, mas tamb\u00e9m em muitos outros pa\u00edses, dentro e fora da Uni\u00e3o Europeia\u201d, sublinha o respons\u00e1vel da Sampa Ib\u00e9rica.<\/p>\n\n\n\n<figure class=\"wp-block-image size-large is-resized\"><img decoding=\"async\" width=\"1024\" height=\"683\" src=\"https:\/\/automotiverevista.pt\/wp-content\/uploads\/2024\/01\/IMG_3276-2-1024x683.jpg\" alt=\"\" class=\"wp-image-5123\" style=\"width:660px;height:auto\" srcset=\"https:\/\/automotiverevista.pt\/wp-content\/uploads\/2024\/01\/IMG_3276-2-1024x683.jpg 1024w, https:\/\/automotiverevista.pt\/wp-content\/uploads\/2024\/01\/IMG_3276-2-300x200.jpg 300w, https:\/\/automotiverevista.pt\/wp-content\/uploads\/2024\/01\/IMG_3276-2-768x512.jpg 768w\" sizes=\"(max-width: 1024px) 100vw, 1024px\" \/><\/figure>\n\n\n\n<p><strong>Crescimento sustent\u00e1vel<\/strong><\/p>\n\n\n\n<p>O crescimento exponencial e sustent\u00e1vel da Sampa em apenas 3 anos de presen\u00e7a f\u00edsica nos mercados de Espanha e Portugal, reflete-se em v\u00e1rios dom\u00ednios do seu neg\u00f3cio. O investimento cont\u00ednuo no mercado secund\u00e1rio e na amplia\u00e7\u00e3o da gama de produtos tem sido um dos pilares do seu desenvolvimento.<\/p>\n\n\n\n<p>Segundo H\u00e9rnan Marqu\u00e9s \u201co nosso investimento visa melhorar a gama de produtos e otimizar as opera\u00e7\u00f5es, garantindo uma presen\u00e7a robusta no mercado de pe\u00e7as e acess\u00f3rios para ve\u00edculos industriais.&nbsp; Para al\u00e9m de fabricar mais de 20 mil produtos de 24 categorias diferentes, a Sampa tamb\u00e9m distribuiu mais de 25 mil produtos, o que ampliou a nossa atual gama de pe\u00e7as e equipamentos, para um total de 80 mil produtos.<\/p>\n\n\n\n<p>Gra\u00e7as a nossa experi\u00eancia na fabrica\u00e7\u00e3o e distribui\u00e7\u00e3o de pe\u00e7as e componentes para a ind\u00fastria autom\u00f3vel e para o setor de p\u00f3s-venda de ve\u00edculos pesados em geral (cami\u00f5es, autocarros e m\u00e1quinas de constru\u00e7\u00e3o), a Sampa tornou-se uma grande exportadora para mais de 160 pa\u00edses, e hoje proporciona emprego a mais de 4500 funcion\u00e1rios, de 30 diferentes nacionalidades.<\/p>\n\n\n\n<figure class=\"wp-block-image size-full is-resized\"><img decoding=\"async\" width=\"2560\" height=\"1707\" src=\"https:\/\/automotiverevista.pt\/wp-content\/uploads\/2024\/01\/IMG_3285-1-scaled.jpg\" alt=\"\" class=\"wp-image-5122\" style=\"width:782px;height:auto\" srcset=\"https:\/\/automotiverevista.pt\/wp-content\/uploads\/2024\/01\/IMG_3285-1-scaled.jpg 2560w, https:\/\/automotiverevista.pt\/wp-content\/uploads\/2024\/01\/IMG_3285-1-300x200.jpg 300w\" sizes=\"(max-width: 2560px) 100vw, 2560px\" \/><\/figure>\n\n\n\n<p><strong>Desafios e adapta\u00e7\u00f5es no mercado atual<\/strong><\/p>\n\n\n\n<p>No entanto, o contexto atual n\u00e3o est\u00e1 isento de desafios. A instabilidade econ\u00f3mica, os aumentos de custos de transporte e a flutua\u00e7\u00e3o nos pre\u00e7os dos combust\u00edveis t\u00eam impactado as opera\u00e7\u00f5es da Sampa. Esta realidade impulsiona a nossa empresa a adaptar-se constantemente, alinhando-se n\u00e3o apenas \u00e0s mudan\u00e7as regulat\u00f3rias, mas tamb\u00e9m \u00e0s exig\u00eancias do mercado, cada vez mais profissional.<\/p>\n\n\n\n<p>Este ano, e apesar das adversidades, a Sampa Ib\u00e9rica dever\u00e1 alcan\u00e7ar um crescimento significativo na fatura\u00e7\u00e3o, aproximando-se dos 7 milh\u00f5es e meio de euros, representando um aumento de quase 40% em rela\u00e7\u00e3o ao ano anterior. Esta proje\u00e7\u00e3o otimista \u00e9 um reflexo do empenho da empresa em superar os desafios e responder de forma \u00e1gil \u00e0s demandas do mercado, onde muito contribuiu o desempenho dos nossos distribuidores e parceiros comerciais no mercado ib\u00e9rico.<\/p>\n\n\n\n<p>A abordagem transparente da Sampa, ao abrir m\u00e3o de exclusividades de distribui\u00e7\u00e3o, optando por uma rede mais aberta, tem-se revelado eficaz. A empresa tem mantido uma rela\u00e7\u00e3o muito pr\u00f3xima com distribuidores e parceiros, expandindo o alcance da marca e refor\u00e7ando a confian\u00e7a no seu cat\u00e1logo de produtos.<\/p>\n\n\n\n<p>A mudan\u00e7a para um modelo mais aberto e a recetividade dos distribuidores demonstram uma resposta positiva no mercado, sendo reflexo da estrat\u00e9gia adotada pela Sampa. O reconhecimento, n\u00e3o apenas em termos de pr\u00e9mios e distin\u00e7\u00f5es, mas na aceita\u00e7\u00e3o e fideliza\u00e7\u00e3o dos clientes, refor\u00e7a a determina\u00e7\u00e3o da nossa empresa em se manter com leg\u00edtimas ambi\u00e7\u00f5es de crescer e de fazer mais e melhor para os clientes desta importante \u00e1rea de neg\u00f3cio, que \u00e9 o mercado de ve\u00edculos pesados em geral.<\/p>\n\n\n\n<figure class=\"wp-block-image size-full is-resized\"><img decoding=\"async\" src=\"https:\/\/automotiverevista.pt\/wp-content\/uploads\/2024\/01\/IMG_3236.jpg\" alt=\"\" class=\"wp-image-5037\" style=\"width:710px;height:auto\"\/><\/figure>\n\n\n\n<p><strong>Mercado internacional e Portugal<\/strong><\/p>\n\n\n\n<p>O mercado internacional, embora promissor, apresenta desafios pr\u00f3prios. A entrada em pa\u00edses africanos, como Angola, Mo\u00e7ambique e Cabo Verde, trouxe benef\u00edcios para a Sampa. \u201cNo entanto, recentemente, observou-se uma redu\u00e7\u00e3o na capacidade desses mercados em honrar compromissos de pagamento, criando natural impacto nas nossas exporta\u00e7\u00f5es.<\/p>\n\n\n\n<p>Esta din\u00e2mica internacional evidencia a necessidade de equilibrar o crescimento e a presen\u00e7a da marca nos mercados externos, mantendo a estabilidade financeira. A adapta\u00e7\u00e3o a estes desafios \u00e9 crucial para a manuten\u00e7\u00e3o do ritmo de crescimento e para a consolida\u00e7\u00e3o da presen\u00e7a da nossa marca al\u00e9m-fronteiras.<\/p>\n\n\n\n<p>O feedback dos distribuidores em Portugal \u00e9, em geral, positivo, indicando um n\u00edvel satisfat\u00f3rio de coopera\u00e7\u00e3o e de proximidade com a nossa marca e nosso modelo de neg\u00f3cio. A aceita\u00e7\u00e3o e a dedica\u00e7\u00e3o dos distribuidores t\u00eam sido fundamentais para a consolida\u00e7\u00e3o da Sampa no mercado portugu\u00eas, sublinha o respons\u00e1vel da marca.<\/p>\n\n\n\n\n\n<p>Manteremos uma postura proativa com os nossos parceiros comerciais, mesmo diante das constantes mudan\u00e7as no panorama econ\u00f3mico. A nossa experi\u00eancia comercial, o forte investimento em novos produtos, aliados \u00e0 capacidade de inova\u00e7\u00e3o e \u00e0 flexibilidade na abordagem dos mercados, \u00e9 a ess\u00eancia da estrat\u00e9gia da empresa.<\/p>\n\n\n\n<p>\u00c0 medida que o ano avan\u00e7a, mantemos o nosso otimismo quanto ao crescimento e \u00e0s oportunidades existentes no mercado ib\u00e9rico. A empresa est\u00e1 comprometida em expandir a sua presen\u00e7a e aprimorar a sua oferta, mantendo a qualidade e a excel\u00eancia no servi\u00e7o prestado, quer na venda, quer na distribui\u00e7\u00e3o, acompanhamento dos nossos distribuidores e respetivo m\u00fatuo pelos concorrentes do mercado\u201d, salientou o diretor-geral da Sampa Ib\u00e9rica.<\/p>\n","protected":false},"excerpt":{"rendered":"<p>Recentemente, a Sampa Ib\u00e9rica foi distinguida com o Pr\u00e9mio Fleet &amp; Service Automotive, na \u00e1rea da Comunica\u00e7\u00e3o Empresarial. Nas linhas que se seguem H\u00e9rnan Marqu\u00e9s, diretor geral da Sampa Ib\u00e9rica S.L., aborda nesta entrevista concedida em Madrid, \u00e0 Revista Automotive Portugal, a evolu\u00e7\u00e3o da marca nos \u00faltimos 3 anos, e a sua recente afilia\u00e7\u00e3o \u00e0 [&hellip;]<\/p>\n","protected":false},"author":1,"featured_media":5120,"comment_status":"closed","ping_status":"open","sticky":false,"template":"","format":"standard","meta":{"jnews-multi-image_gallery":[],"jnews_single_post":{"subtitle":"","format":"standard","video":"","gallery":"","source_name":"","source_url":"","via_name":"","via_url":"","override_template":"0","override":[{"template":"2","single_blog_custom":"","parallax":"1","fullscreen":"1","layout":"right-sidebar","sidebar":"default-sidebar","second_sidebar":"default-sidebar","sticky_sidebar":"1","share_position":"topbottom","share_float_style":"share-monocrhome","show_share_counter":"0","show_view_counter":"0","show_featured":"1","show_post_meta":"1","show_post_author":"0","show_post_author_image":"1","show_post_date":"1","post_date_format":"default","post_date_format_custom":"Y\/m\/d","show_post_category":"1","show_post_reading_time":"0","post_reading_time_wpm":"300","show_zoom_button":"0","zoom_button_out_step":"2","zoom_button_in_step":"3","show_post_tag":"1","show_prev_next_post":"0","show_popup_post":"1","number_popup_post":"1","show_author_box":"0","show_post_related":"1","show_inline_post_related":"1"}],"override_image_size":"0","image_override":[{"single_post_thumbnail_size":"crop-500","single_post_gallery_size":"crop-500"}],"trending_post":"0","trending_post_position":"meta","trending_post_label":"Trending","sponsored_post":"0","sponsored_post_label":"Sponsored by","sponsored_post_name":"","sponsored_post_url":"","sponsored_post_logo_enable":"0","sponsored_post_logo":"","sponsored_post_desc":"","disable_ad":"0"},"jnews_primary_category":{"id":"","hide":""},"footnotes":""},"categories":[25],"tags":[],"class_list":["post-5118","post","type-post","status-publish","format-standard","has-post-thumbnail","hentry","category-pesados-e-maquinas"],"yoast_head":"<!-- This site is optimized with the Yoast SEO Premium plugin v27.5 (Yoast SEO v27.5) - https:\/\/yoast.com\/product\/yoast-seo-premium-wordpress\/ -->\n<title>Sampa Ib\u00e9rica com maior abrang\u00eancia e din\u00e2mica empresarial - Revista Automotive<\/title>\n<meta name=\"description\" content=\"Recentemente, a Sampa Ib\u00e9rica foi distinguida com o Pr\u00e9mio Fleet &amp; Service Automotive, na \u00e1rea da Comunica\u00e7\u00e3o Empresarial.\" \/>\n<meta name=\"robots\" content=\"index, follow, max-snippet:-1, max-image-preview:large, max-video-preview:-1\" \/>\n<link rel=\"canonical\" href=\"https:\/\/automotiverevista.pt\/index.php\/2024\/01\/08\/sampa-iberica-com-maior-abrangencia-e-dinamica-empresarial\/\" \/>\n<meta property=\"og:locale\" content=\"pt_PT\" \/>\n<meta property=\"og:type\" content=\"article\" \/>\n<meta property=\"og:title\" content=\"Sampa Ib\u00e9rica com maior abrang\u00eancia e din\u00e2mica empresarial\" \/>\n<meta property=\"og:description\" content=\"Recentemente, a Sampa Ib\u00e9rica foi distinguida com o Pr\u00e9mio Fleet &amp; Service Automotive, na \u00e1rea da Comunica\u00e7\u00e3o Empresarial.\" \/>\n<meta property=\"og:url\" content=\"https:\/\/automotiverevista.pt\/index.php\/2024\/01\/08\/sampa-iberica-com-maior-abrangencia-e-dinamica-empresarial\/\" \/>\n<meta property=\"og:site_name\" content=\"Revista Automotive\" \/>\n<meta property=\"article:published_time\" content=\"2024-01-08T10:18:52+00:00\" \/>\n<meta property=\"article:modified_time\" content=\"2024-01-08T10:19:02+00:00\" \/>\n<meta property=\"og:image\" content=\"https:\/\/automotiverevista.pt\/wp-content\/uploads\/2024\/01\/IMG_3240-1-scaled.jpg\" \/>\n\t<meta property=\"og:image:width\" content=\"2560\" \/>\n\t<meta property=\"og:image:height\" content=\"1707\" \/>\n\t<meta property=\"og:image:type\" content=\"image\/jpeg\" \/>\n<meta name=\"author\" content=\"adminNovo\" \/>\n<meta name=\"twitter:card\" content=\"summary_large_image\" \/>\n<meta name=\"twitter:label1\" content=\"Escrito por\" \/>\n\t<meta name=\"twitter:data1\" content=\"adminNovo\" \/>\n\t<meta name=\"twitter:label2\" content=\"Tempo estimado de leitura\" \/>\n\t<meta name=\"twitter:data2\" content=\"7 minutos\" \/>\n<script type=\"application\/ld+json\" class=\"yoast-schema-graph\">{\"@context\":\"https:\\\/\\\/schema.org\",\"@graph\":[{\"@type\":\"Article\",\"@id\":\"https:\\\/\\\/automotiverevista.pt\\\/index.php\\\/2024\\\/01\\\/08\\\/sampa-iberica-com-maior-abrangencia-e-dinamica-empresarial\\\/#article\",\"isPartOf\":{\"@id\":\"https:\\\/\\\/automotiverevista.pt\\\/index.php\\\/2024\\\/01\\\/08\\\/sampa-iberica-com-maior-abrangencia-e-dinamica-empresarial\\\/\"},\"author\":{\"name\":\"adminNovo\",\"@id\":\"https:\\\/\\\/automotiverevista.pt\\\/#\\\/schema\\\/person\\\/1265858bc8c78a0f969de814da8be281\"},\"headline\":\"Sampa Ib\u00e9rica com maior abrang\u00eancia e din\u00e2mica empresarial\",\"datePublished\":\"2024-01-08T10:18:52+00:00\",\"dateModified\":\"2024-01-08T10:19:02+00:00\",\"mainEntityOfPage\":{\"@id\":\"https:\\\/\\\/automotiverevista.pt\\\/index.php\\\/2024\\\/01\\\/08\\\/sampa-iberica-com-maior-abrangencia-e-dinamica-empresarial\\\/\"},\"wordCount\":1061,\"publisher\":{\"@id\":\"https:\\\/\\\/automotiverevista.pt\\\/#organization\"},\"image\":{\"@id\":\"https:\\\/\\\/automotiverevista.pt\\\/index.php\\\/2024\\\/01\\\/08\\\/sampa-iberica-com-maior-abrangencia-e-dinamica-empresarial\\\/#primaryimage\"},\"thumbnailUrl\":\"https:\\\/\\\/automotiverevista.pt\\\/wp-content\\\/uploads\\\/2024\\\/01\\\/IMG_3240-1-scaled.jpg\",\"articleSection\":[\"Pesados e M\u00e1quinas\"],\"inLanguage\":\"pt-PT\"},{\"@type\":\"WebPage\",\"@id\":\"https:\\\/\\\/automotiverevista.pt\\\/index.php\\\/2024\\\/01\\\/08\\\/sampa-iberica-com-maior-abrangencia-e-dinamica-empresarial\\\/\",\"url\":\"https:\\\/\\\/automotiverevista.pt\\\/index.php\\\/2024\\\/01\\\/08\\\/sampa-iberica-com-maior-abrangencia-e-dinamica-empresarial\\\/\",\"name\":\"Sampa Ib\u00e9rica com maior abrang\u00eancia e din\u00e2mica empresarial - Revista Automotive\",\"isPartOf\":{\"@id\":\"https:\\\/\\\/automotiverevista.pt\\\/#website\"},\"primaryImageOfPage\":{\"@id\":\"https:\\\/\\\/automotiverevista.pt\\\/index.php\\\/2024\\\/01\\\/08\\\/sampa-iberica-com-maior-abrangencia-e-dinamica-empresarial\\\/#primaryimage\"},\"image\":{\"@id\":\"https:\\\/\\\/automotiverevista.pt\\\/index.php\\\/2024\\\/01\\\/08\\\/sampa-iberica-com-maior-abrangencia-e-dinamica-empresarial\\\/#primaryimage\"},\"thumbnailUrl\":\"https:\\\/\\\/automotiverevista.pt\\\/wp-content\\\/uploads\\\/2024\\\/01\\\/IMG_3240-1-scaled.jpg\",\"datePublished\":\"2024-01-08T10:18:52+00:00\",\"dateModified\":\"2024-01-08T10:19:02+00:00\",\"description\":\"Recentemente, a Sampa Ib\u00e9rica foi distinguida com o Pr\u00e9mio Fleet & Service Automotive, na \u00e1rea da Comunica\u00e7\u00e3o Empresarial.\",\"breadcrumb\":{\"@id\":\"https:\\\/\\\/automotiverevista.pt\\\/index.php\\\/2024\\\/01\\\/08\\\/sampa-iberica-com-maior-abrangencia-e-dinamica-empresarial\\\/#breadcrumb\"},\"inLanguage\":\"pt-PT\",\"potentialAction\":[{\"@type\":\"ReadAction\",\"target\":[\"https:\\\/\\\/automotiverevista.pt\\\/index.php\\\/2024\\\/01\\\/08\\\/sampa-iberica-com-maior-abrangencia-e-dinamica-empresarial\\\/\"]}]},{\"@type\":\"ImageObject\",\"inLanguage\":\"pt-PT\",\"@id\":\"https:\\\/\\\/automotiverevista.pt\\\/index.php\\\/2024\\\/01\\\/08\\\/sampa-iberica-com-maior-abrangencia-e-dinamica-empresarial\\\/#primaryimage\",\"url\":\"https:\\\/\\\/automotiverevista.pt\\\/wp-content\\\/uploads\\\/2024\\\/01\\\/IMG_3240-1-scaled.jpg\",\"contentUrl\":\"https:\\\/\\\/automotiverevista.pt\\\/wp-content\\\/uploads\\\/2024\\\/01\\\/IMG_3240-1-scaled.jpg\",\"width\":2560,\"height\":1707},{\"@type\":\"BreadcrumbList\",\"@id\":\"https:\\\/\\\/automotiverevista.pt\\\/index.php\\\/2024\\\/01\\\/08\\\/sampa-iberica-com-maior-abrangencia-e-dinamica-empresarial\\\/#breadcrumb\",\"itemListElement\":[{\"@type\":\"ListItem\",\"position\":1,\"name\":\"Home\",\"item\":\"https:\\\/\\\/automotiverevista.pt\\\/\"},{\"@type\":\"ListItem\",\"position\":2,\"name\":\"Sampa Ib\u00e9rica com maior abrang\u00eancia e din\u00e2mica empresarial\"}]},{\"@type\":\"WebSite\",\"@id\":\"https:\\\/\\\/automotiverevista.pt\\\/#website\",\"url\":\"https:\\\/\\\/automotiverevista.pt\\\/\",\"name\":\"Revista Automotive\",\"description\":\"Revista Automotive Portugal\",\"publisher\":{\"@id\":\"https:\\\/\\\/automotiverevista.pt\\\/#organization\"},\"potentialAction\":[{\"@type\":\"SearchAction\",\"target\":{\"@type\":\"EntryPoint\",\"urlTemplate\":\"https:\\\/\\\/automotiverevista.pt\\\/?s={search_term_string}\"},\"query-input\":{\"@type\":\"PropertyValueSpecification\",\"valueRequired\":true,\"valueName\":\"search_term_string\"}}],\"inLanguage\":\"pt-PT\"},{\"@type\":\"Organization\",\"@id\":\"https:\\\/\\\/automotiverevista.pt\\\/#organization\",\"name\":\"Revista Automotive Portugal\",\"url\":\"https:\\\/\\\/automotiverevista.pt\\\/\",\"logo\":{\"@type\":\"ImageObject\",\"inLanguage\":\"pt-PT\",\"@id\":\"https:\\\/\\\/automotiverevista.pt\\\/#\\\/schema\\\/logo\\\/image\\\/\",\"url\":\"https:\\\/\\\/automotiverevista.pt\\\/wp-content\\\/uploads\\\/2022\\\/07\\\/Logo-Automotive-2021_500-1.jpg\",\"contentUrl\":\"https:\\\/\\\/automotiverevista.pt\\\/wp-content\\\/uploads\\\/2022\\\/07\\\/Logo-Automotive-2021_500-1.jpg\",\"width\":500,\"height\":160,\"caption\":\"Revista Automotive Portugal\"},\"image\":{\"@id\":\"https:\\\/\\\/automotiverevista.pt\\\/#\\\/schema\\\/logo\\\/image\\\/\"},\"sameAs\":[\"https:\\\/\\\/linkedin.com\\\/in\\\/automotiverevista\"]},{\"@type\":\"Person\",\"@id\":\"https:\\\/\\\/automotiverevista.pt\\\/#\\\/schema\\\/person\\\/1265858bc8c78a0f969de814da8be281\",\"name\":\"adminNovo\",\"image\":{\"@type\":\"ImageObject\",\"inLanguage\":\"pt-PT\",\"@id\":\"https:\\\/\\\/secure.gravatar.com\\\/avatar\\\/c606c1288dcc11eb4c709aa5136fdb962583c410f5c23c0b7bf6917c542be355?s=96&d=mm&r=g\",\"url\":\"https:\\\/\\\/secure.gravatar.com\\\/avatar\\\/c606c1288dcc11eb4c709aa5136fdb962583c410f5c23c0b7bf6917c542be355?s=96&d=mm&r=g\",\"contentUrl\":\"https:\\\/\\\/secure.gravatar.com\\\/avatar\\\/c606c1288dcc11eb4c709aa5136fdb962583c410f5c23c0b7bf6917c542be355?s=96&d=mm&r=g\",\"caption\":\"adminNovo\"},\"sameAs\":[\"https:\\\/\\\/automotiverevista.pt\"],\"url\":\"https:\\\/\\\/automotiverevista.pt\\\/index.php\\\/author\\\/adminnovo\\\/\"}]}<\/script>\n<!-- \/ Yoast SEO Premium plugin. -->","yoast_head_json":{"title":"Sampa Ib\u00e9rica com maior abrang\u00eancia e din\u00e2mica empresarial - Revista Automotive","description":"Recentemente, a Sampa Ib\u00e9rica foi distinguida com o Pr\u00e9mio Fleet & Service Automotive, na \u00e1rea da Comunica\u00e7\u00e3o Empresarial.","robots":{"index":"index","follow":"follow","max-snippet":"max-snippet:-1","max-image-preview":"max-image-preview:large","max-video-preview":"max-video-preview:-1"},"canonical":"https:\/\/automotiverevista.pt\/index.php\/2024\/01\/08\/sampa-iberica-com-maior-abrangencia-e-dinamica-empresarial\/","og_locale":"pt_PT","og_type":"article","og_title":"Sampa Ib\u00e9rica com maior abrang\u00eancia e din\u00e2mica empresarial","og_description":"Recentemente, a Sampa Ib\u00e9rica foi distinguida com o Pr\u00e9mio Fleet & Service Automotive, na \u00e1rea da Comunica\u00e7\u00e3o Empresarial.","og_url":"https:\/\/automotiverevista.pt\/index.php\/2024\/01\/08\/sampa-iberica-com-maior-abrangencia-e-dinamica-empresarial\/","og_site_name":"Revista Automotive","article_published_time":"2024-01-08T10:18:52+00:00","article_modified_time":"2024-01-08T10:19:02+00:00","og_image":[{"width":2560,"height":1707,"url":"https:\/\/automotiverevista.pt\/wp-content\/uploads\/2024\/01\/IMG_3240-1-scaled.jpg","type":"image\/jpeg"}],"author":"adminNovo","twitter_card":"summary_large_image","twitter_misc":{"Escrito por":"adminNovo","Tempo estimado de leitura":"7 minutos"},"schema":{"@context":"https:\/\/schema.org","@graph":[{"@type":"Article","@id":"https:\/\/automotiverevista.pt\/index.php\/2024\/01\/08\/sampa-iberica-com-maior-abrangencia-e-dinamica-empresarial\/#article","isPartOf":{"@id":"https:\/\/automotiverevista.pt\/index.php\/2024\/01\/08\/sampa-iberica-com-maior-abrangencia-e-dinamica-empresarial\/"},"author":{"name":"adminNovo","@id":"https:\/\/automotiverevista.pt\/#\/schema\/person\/1265858bc8c78a0f969de814da8be281"},"headline":"Sampa Ib\u00e9rica com maior abrang\u00eancia e din\u00e2mica empresarial","datePublished":"2024-01-08T10:18:52+00:00","dateModified":"2024-01-08T10:19:02+00:00","mainEntityOfPage":{"@id":"https:\/\/automotiverevista.pt\/index.php\/2024\/01\/08\/sampa-iberica-com-maior-abrangencia-e-dinamica-empresarial\/"},"wordCount":1061,"publisher":{"@id":"https:\/\/automotiverevista.pt\/#organization"},"image":{"@id":"https:\/\/automotiverevista.pt\/index.php\/2024\/01\/08\/sampa-iberica-com-maior-abrangencia-e-dinamica-empresarial\/#primaryimage"},"thumbnailUrl":"https:\/\/automotiverevista.pt\/wp-content\/uploads\/2024\/01\/IMG_3240-1-scaled.jpg","articleSection":["Pesados e M\u00e1quinas"],"inLanguage":"pt-PT"},{"@type":"WebPage","@id":"https:\/\/automotiverevista.pt\/index.php\/2024\/01\/08\/sampa-iberica-com-maior-abrangencia-e-dinamica-empresarial\/","url":"https:\/\/automotiverevista.pt\/index.php\/2024\/01\/08\/sampa-iberica-com-maior-abrangencia-e-dinamica-empresarial\/","name":"Sampa Ib\u00e9rica com maior abrang\u00eancia e din\u00e2mica empresarial - Revista Automotive","isPartOf":{"@id":"https:\/\/automotiverevista.pt\/#website"},"primaryImageOfPage":{"@id":"https:\/\/automotiverevista.pt\/index.php\/2024\/01\/08\/sampa-iberica-com-maior-abrangencia-e-dinamica-empresarial\/#primaryimage"},"image":{"@id":"https:\/\/automotiverevista.pt\/index.php\/2024\/01\/08\/sampa-iberica-com-maior-abrangencia-e-dinamica-empresarial\/#primaryimage"},"thumbnailUrl":"https:\/\/automotiverevista.pt\/wp-content\/uploads\/2024\/01\/IMG_3240-1-scaled.jpg","datePublished":"2024-01-08T10:18:52+00:00","dateModified":"2024-01-08T10:19:02+00:00","description":"Recentemente, a Sampa Ib\u00e9rica foi distinguida com o Pr\u00e9mio Fleet & Service Automotive, na \u00e1rea da Comunica\u00e7\u00e3o Empresarial.","breadcrumb":{"@id":"https:\/\/automotiverevista.pt\/index.php\/2024\/01\/08\/sampa-iberica-com-maior-abrangencia-e-dinamica-empresarial\/#breadcrumb"},"inLanguage":"pt-PT","potentialAction":[{"@type":"ReadAction","target":["https:\/\/automotiverevista.pt\/index.php\/2024\/01\/08\/sampa-iberica-com-maior-abrangencia-e-dinamica-empresarial\/"]}]},{"@type":"ImageObject","inLanguage":"pt-PT","@id":"https:\/\/automotiverevista.pt\/index.php\/2024\/01\/08\/sampa-iberica-com-maior-abrangencia-e-dinamica-empresarial\/#primaryimage","url":"https:\/\/automotiverevista.pt\/wp-content\/uploads\/2024\/01\/IMG_3240-1-scaled.jpg","contentUrl":"https:\/\/automotiverevista.pt\/wp-content\/uploads\/2024\/01\/IMG_3240-1-scaled.jpg","width":2560,"height":1707},{"@type":"BreadcrumbList","@id":"https:\/\/automotiverevista.pt\/index.php\/2024\/01\/08\/sampa-iberica-com-maior-abrangencia-e-dinamica-empresarial\/#breadcrumb","itemListElement":[{"@type":"ListItem","position":1,"name":"Home","item":"https:\/\/automotiverevista.pt\/"},{"@type":"ListItem","position":2,"name":"Sampa Ib\u00e9rica com maior abrang\u00eancia e din\u00e2mica empresarial"}]},{"@type":"WebSite","@id":"https:\/\/automotiverevista.pt\/#website","url":"https:\/\/automotiverevista.pt\/","name":"Revista Automotive","description":"Revista Automotive Portugal","publisher":{"@id":"https:\/\/automotiverevista.pt\/#organization"},"potentialAction":[{"@type":"SearchAction","target":{"@type":"EntryPoint","urlTemplate":"https:\/\/automotiverevista.pt\/?s={search_term_string}"},"query-input":{"@type":"PropertyValueSpecification","valueRequired":true,"valueName":"search_term_string"}}],"inLanguage":"pt-PT"},{"@type":"Organization","@id":"https:\/\/automotiverevista.pt\/#organization","name":"Revista Automotive Portugal","url":"https:\/\/automotiverevista.pt\/","logo":{"@type":"ImageObject","inLanguage":"pt-PT","@id":"https:\/\/automotiverevista.pt\/#\/schema\/logo\/image\/","url":"https:\/\/automotiverevista.pt\/wp-content\/uploads\/2022\/07\/Logo-Automotive-2021_500-1.jpg","contentUrl":"https:\/\/automotiverevista.pt\/wp-content\/uploads\/2022\/07\/Logo-Automotive-2021_500-1.jpg","width":500,"height":160,"caption":"Revista Automotive Portugal"},"image":{"@id":"https:\/\/automotiverevista.pt\/#\/schema\/logo\/image\/"},"sameAs":["https:\/\/linkedin.com\/in\/automotiverevista"]},{"@type":"Person","@id":"https:\/\/automotiverevista.pt\/#\/schema\/person\/1265858bc8c78a0f969de814da8be281","name":"adminNovo","image":{"@type":"ImageObject","inLanguage":"pt-PT","@id":"https:\/\/secure.gravatar.com\/avatar\/c606c1288dcc11eb4c709aa5136fdb962583c410f5c23c0b7bf6917c542be355?s=96&d=mm&r=g","url":"https:\/\/secure.gravatar.com\/avatar\/c606c1288dcc11eb4c709aa5136fdb962583c410f5c23c0b7bf6917c542be355?s=96&d=mm&r=g","contentUrl":"https:\/\/secure.gravatar.com\/avatar\/c606c1288dcc11eb4c709aa5136fdb962583c410f5c23c0b7bf6917c542be355?s=96&d=mm&r=g","caption":"adminNovo"},"sameAs":["https:\/\/automotiverevista.pt"],"url":"https:\/\/automotiverevista.pt\/index.php\/author\/adminnovo\/"}]}},"_links":{"self":[{"href":"https:\/\/automotiverevista.pt\/index.php\/wp-json\/wp\/v2\/posts\/5118","targetHints":{"allow":["GET"]}}],"collection":[{"href":"https:\/\/automotiverevista.pt\/index.php\/wp-json\/wp\/v2\/posts"}],"about":[{"href":"https:\/\/automotiverevista.pt\/index.php\/wp-json\/wp\/v2\/types\/post"}],"author":[{"embeddable":true,"href":"https:\/\/automotiverevista.pt\/index.php\/wp-json\/wp\/v2\/users\/1"}],"replies":[{"embeddable":true,"href":"https:\/\/automotiverevista.pt\/index.php\/wp-json\/wp\/v2\/comments?post=5118"}],"version-history":[{"count":1,"href":"https:\/\/automotiverevista.pt\/index.php\/wp-json\/wp\/v2\/posts\/5118\/revisions"}],"predecessor-version":[{"id":5127,"href":"https:\/\/automotiverevista.pt\/index.php\/wp-json\/wp\/v2\/posts\/5118\/revisions\/5127"}],"wp:featuredmedia":[{"embeddable":true,"href":"https:\/\/automotiverevista.pt\/index.php\/wp-json\/wp\/v2\/media\/5120"}],"wp:attachment":[{"href":"https:\/\/automotiverevista.pt\/index.php\/wp-json\/wp\/v2\/media?parent=5118"}],"wp:term":[{"taxonomy":"category","embeddable":true,"href":"https:\/\/automotiverevista.pt\/index.php\/wp-json\/wp\/v2\/categories?post=5118"},{"taxonomy":"post_tag","embeddable":true,"href":"https:\/\/automotiverevista.pt\/index.php\/wp-json\/wp\/v2\/tags?post=5118"}],"curies":[{"name":"wp","href":"https:\/\/api.w.org\/{rel}","templated":true}]}}