{"id":5377,"date":"2024-01-29T08:28:00","date_gmt":"2024-01-29T08:28:00","guid":{"rendered":"https:\/\/automotiverevista.pt\/?p=5377"},"modified":"2024-01-28T20:00:54","modified_gmt":"2024-01-28T20:00:54","slug":"neoplan-tourliner-comemorou-20-anos-nas-estradas","status":"publish","type":"post","link":"https:\/\/automotiverevista.pt\/index.php\/2024\/01\/29\/neoplan-tourliner-comemorou-20-anos-nas-estradas\/","title":{"rendered":"NEOPLAN Tourliner comemorou 20 anos nas estradas"},"content":{"rendered":"\n<p>O autocarro Tourliner foi lan\u00e7ado como uma nova classe de entrada para a marca premium NEOPLAN, h\u00e1 20 anos. Hoje, o Tourliner \u00e9 um <a href=\"https:\/\/automotiverevista.pt\/index.php\/2023\/11\/08\/man-autocarros\/\">autocarro de excel\u00eancia<\/a> e est\u00e1 presente nas estradas da Europa e tamb\u00e9m em Portugal, contando com mais de 3800 unidades em circula\u00e7\u00e3o. Para este ano de 2024, este modelo receber\u00e1 uma importante atualiza\u00e7\u00e3o t\u00e9cnica.<\/p>\n\n\n\n<p>Uma das datas mais importantes na hist\u00f3ria da empresa NEOPLAN foi 2001, ano em que a Gottlob Auw\u00e4rter GmbH &amp; Co. KG foi adquirida pela MAN Nutzfahrzeuge AG em Munique \u2013 estabelecendo assim as bases da NEOPLAN. Atualmente, todos os modelos NEOPLAN s\u00e3o fabricados na moderna f\u00e1brica de autocarros da MAN localizada em Ancara (Turquia), dando assim seguimento a uma hist\u00f3ria de sucesso que come\u00e7ou com o modelo Tourliner em 2003.<\/p>\n\n\n\n<p>Assim, como todos os autocarros da MAN Truck &amp; Bus, o NEOPLAN Tourliner receber\u00e1 em 2024 uma nova plataforma el\u00e9trica e eletr\u00f3nica. Para al\u00e9m do desempenho superior e do design compacto dos novos componentes eletr\u00f3nicos, a plataforma tamb\u00e9m incluir\u00e1 um novo sistema de suspens\u00e3o.<\/p>\n\n\n\n<figure class=\"wp-block-image size-large is-resized\"><img decoding=\"async\" width=\"1024\" height=\"768\" src=\"https:\/\/automotiverevista.pt\/wp-content\/uploads\/2024\/01\/20231124_175038-1024x768.jpg\" alt=\"\" class=\"wp-image-5379\" style=\"width:748px;height:auto\" srcset=\"https:\/\/automotiverevista.pt\/wp-content\/uploads\/2024\/01\/20231124_175038-1024x768.jpg 1024w, https:\/\/automotiverevista.pt\/wp-content\/uploads\/2024\/01\/20231124_175038-300x225.jpg 300w, https:\/\/automotiverevista.pt\/wp-content\/uploads\/2024\/01\/20231124_175038-768x576.jpg 768w, https:\/\/automotiverevista.pt\/wp-content\/uploads\/2024\/01\/20231124_175038-1536x1152.jpg 1536w, https:\/\/automotiverevista.pt\/wp-content\/uploads\/2024\/01\/20231124_175038-750x563.jpg 750w, https:\/\/automotiverevista.pt\/wp-content\/uploads\/2024\/01\/20231124_175038-1140x855.jpg 1140w, https:\/\/automotiverevista.pt\/wp-content\/uploads\/2024\/01\/20231124_175038.jpg 2000w\" sizes=\"(max-width: 1024px) 100vw, 1024px\" \/><\/figure>\n\n\n\n<p>O novo cockpit digital com o inteligente sistema operacional MAN SmartSelect \u00e9 um destaque especial e aumentar\u00e1 a atratividade do novo Tourliner. O modelo esteve em exposi\u00e7\u00e3o na Conven\u00e7\u00e3o da ARP deste ano, realizada em Braga, ao lado do novo MAN Lion\u2019s City E, o autocarro 100% el\u00e9trico da marca. Na foto, <strong>Jo\u00e3o Cruz<\/strong>, diretor da unidade de neg\u00f3cio <a href=\"https:\/\/youtu.be\/Fh-UeZ9-oUU?si=yolnU9_QsujC8G3e\">Autocarros <\/a>da <a href=\"https:\/\/automotiverevista.pt\/index.php\/2024\/01\/11\/gama-man-tge-transformados-vence-premio-revelacao\/\">MAN Truck &amp; Bus Portugal<\/a>.<\/p>\n","protected":false},"excerpt":{"rendered":"<p>O autocarro Tourliner foi lan\u00e7ado como uma nova classe de entrada para a marca premium NEOPLAN, h\u00e1 20 anos. Hoje, o Tourliner \u00e9 um autocarro de excel\u00eancia e est\u00e1 presente nas estradas da Europa e tamb\u00e9m em Portugal, contando com mais de 3800 unidades em circula\u00e7\u00e3o. Para este ano de 2024, este modelo receber\u00e1 uma [&hellip;]<\/p>\n","protected":false},"author":1,"featured_media":5378,"comment_status":"closed","ping_status":"open","sticky":false,"template":"","format":"standard","meta":{"jnews-multi-image_gallery":[],"jnews_single_post":{"subtitle":"","format":"standard","video":"","gallery":"","source_name":"","source_url":"","via_name":"","via_url":"","override_template":"0","override":[{"template":"2","single_blog_custom":"","parallax":"1","fullscreen":"1","layout":"right-sidebar","sidebar":"default-sidebar","second_sidebar":"default-sidebar","sticky_sidebar":"1","share_position":"topbottom","share_float_style":"share-monocrhome","show_share_counter":"0","show_view_counter":"0","show_featured":"1","show_post_meta":"1","show_post_author":"0","show_post_author_image":"1","show_post_date":"1","post_date_format":"default","post_date_format_custom":"Y\/m\/d","show_post_category":"1","show_post_reading_time":"0","post_reading_time_wpm":"300","show_zoom_button":"0","zoom_button_out_step":"2","zoom_button_in_step":"3","show_post_tag":"1","show_prev_next_post":"0","show_popup_post":"1","number_popup_post":"1","show_author_box":"0","show_post_related":"1","show_inline_post_related":"1"}],"override_image_size":"0","image_override":[{"single_post_thumbnail_size":"crop-500","single_post_gallery_size":"crop-500"}],"trending_post":"0","trending_post_position":"meta","trending_post_label":"Trending","sponsored_post":"0","sponsored_post_label":"Sponsored by","sponsored_post_name":"","sponsored_post_url":"","sponsored_post_logo_enable":"0","sponsored_post_logo":"","sponsored_post_desc":"","disable_ad":"0"},"jnews_primary_category":{"id":"","hide":""},"footnotes":""},"categories":[25],"tags":[],"class_list":["post-5377","post","type-post","status-publish","format-standard","has-post-thumbnail","hentry","category-pesados-e-maquinas"],"yoast_head":"<!-- This site is optimized with the Yoast SEO Premium plugin v27.5 (Yoast SEO v27.5) - https:\/\/yoast.com\/product\/yoast-seo-premium-wordpress\/ -->\n<title>NEOPLAN Tourliner comemorou 20 anos nas estradas - Revista Automotive<\/title>\n<meta name=\"description\" content=\"O autocarro Tourliner foi lan\u00e7ado como uma nova classe de entrada para a marca premium NEOPLAN, h\u00e1 20 anos.\" \/>\n<meta name=\"robots\" content=\"index, follow, max-snippet:-1, max-image-preview:large, max-video-preview:-1\" \/>\n<link rel=\"canonical\" href=\"https:\/\/automotiverevista.pt\/index.php\/2024\/01\/29\/neoplan-tourliner-comemorou-20-anos-nas-estradas\/\" \/>\n<meta property=\"og:locale\" content=\"pt_PT\" \/>\n<meta property=\"og:type\" content=\"article\" \/>\n<meta property=\"og:title\" content=\"NEOPLAN Tourliner comemorou 20 anos nas estradas\" \/>\n<meta property=\"og:description\" content=\"O autocarro Tourliner foi lan\u00e7ado como uma nova classe de entrada para a marca premium NEOPLAN, h\u00e1 20 anos.\" \/>\n<meta property=\"og:url\" content=\"https:\/\/automotiverevista.pt\/index.php\/2024\/01\/29\/neoplan-tourliner-comemorou-20-anos-nas-estradas\/\" \/>\n<meta property=\"og:site_name\" content=\"Revista Automotive\" \/>\n<meta property=\"article:published_time\" content=\"2024-01-29T08:28:00+00:00\" \/>\n<meta property=\"og:image\" content=\"https:\/\/automotiverevista.pt\/wp-content\/uploads\/2024\/01\/20231124_172729.jpg\" \/>\n\t<meta property=\"og:image:width\" content=\"2000\" \/>\n\t<meta property=\"og:image:height\" content=\"1500\" \/>\n\t<meta property=\"og:image:type\" content=\"image\/jpeg\" \/>\n<meta name=\"author\" content=\"adminNovo\" \/>\n<meta name=\"twitter:card\" content=\"summary_large_image\" \/>\n<meta name=\"twitter:label1\" content=\"Escrito por\" \/>\n\t<meta name=\"twitter:data1\" content=\"adminNovo\" \/>\n\t<meta name=\"twitter:label2\" content=\"Tempo estimado de leitura\" \/>\n\t<meta name=\"twitter:data2\" content=\"2 minutos\" \/>\n<script type=\"application\/ld+json\" class=\"yoast-schema-graph\">{\"@context\":\"https:\\\/\\\/schema.org\",\"@graph\":[{\"@type\":\"Article\",\"@id\":\"https:\\\/\\\/automotiverevista.pt\\\/index.php\\\/2024\\\/01\\\/29\\\/neoplan-tourliner-comemorou-20-anos-nas-estradas\\\/#article\",\"isPartOf\":{\"@id\":\"https:\\\/\\\/automotiverevista.pt\\\/index.php\\\/2024\\\/01\\\/29\\\/neoplan-tourliner-comemorou-20-anos-nas-estradas\\\/\"},\"author\":{\"name\":\"adminNovo\",\"@id\":\"https:\\\/\\\/automotiverevista.pt\\\/#\\\/schema\\\/person\\\/1265858bc8c78a0f969de814da8be281\"},\"headline\":\"NEOPLAN Tourliner comemorou 20 anos nas estradas\",\"datePublished\":\"2024-01-29T08:28:00+00:00\",\"mainEntityOfPage\":{\"@id\":\"https:\\\/\\\/automotiverevista.pt\\\/index.php\\\/2024\\\/01\\\/29\\\/neoplan-tourliner-comemorou-20-anos-nas-estradas\\\/\"},\"wordCount\":259,\"publisher\":{\"@id\":\"https:\\\/\\\/automotiverevista.pt\\\/#organization\"},\"image\":{\"@id\":\"https:\\\/\\\/automotiverevista.pt\\\/index.php\\\/2024\\\/01\\\/29\\\/neoplan-tourliner-comemorou-20-anos-nas-estradas\\\/#primaryimage\"},\"thumbnailUrl\":\"https:\\\/\\\/automotiverevista.pt\\\/wp-content\\\/uploads\\\/2024\\\/01\\\/20231124_172729.jpg\",\"articleSection\":[\"Pesados e M\u00e1quinas\"],\"inLanguage\":\"pt-PT\"},{\"@type\":\"WebPage\",\"@id\":\"https:\\\/\\\/automotiverevista.pt\\\/index.php\\\/2024\\\/01\\\/29\\\/neoplan-tourliner-comemorou-20-anos-nas-estradas\\\/\",\"url\":\"https:\\\/\\\/automotiverevista.pt\\\/index.php\\\/2024\\\/01\\\/29\\\/neoplan-tourliner-comemorou-20-anos-nas-estradas\\\/\",\"name\":\"NEOPLAN Tourliner comemorou 20 anos nas estradas - Revista Automotive\",\"isPartOf\":{\"@id\":\"https:\\\/\\\/automotiverevista.pt\\\/#website\"},\"primaryImageOfPage\":{\"@id\":\"https:\\\/\\\/automotiverevista.pt\\\/index.php\\\/2024\\\/01\\\/29\\\/neoplan-tourliner-comemorou-20-anos-nas-estradas\\\/#primaryimage\"},\"image\":{\"@id\":\"https:\\\/\\\/automotiverevista.pt\\\/index.php\\\/2024\\\/01\\\/29\\\/neoplan-tourliner-comemorou-20-anos-nas-estradas\\\/#primaryimage\"},\"thumbnailUrl\":\"https:\\\/\\\/automotiverevista.pt\\\/wp-content\\\/uploads\\\/2024\\\/01\\\/20231124_172729.jpg\",\"datePublished\":\"2024-01-29T08:28:00+00:00\",\"description\":\"O autocarro Tourliner foi lan\u00e7ado como uma nova classe de entrada para a marca premium NEOPLAN, h\u00e1 20 anos.\",\"breadcrumb\":{\"@id\":\"https:\\\/\\\/automotiverevista.pt\\\/index.php\\\/2024\\\/01\\\/29\\\/neoplan-tourliner-comemorou-20-anos-nas-estradas\\\/#breadcrumb\"},\"inLanguage\":\"pt-PT\",\"potentialAction\":[{\"@type\":\"ReadAction\",\"target\":[\"https:\\\/\\\/automotiverevista.pt\\\/index.php\\\/2024\\\/01\\\/29\\\/neoplan-tourliner-comemorou-20-anos-nas-estradas\\\/\"]}]},{\"@type\":\"ImageObject\",\"inLanguage\":\"pt-PT\",\"@id\":\"https:\\\/\\\/automotiverevista.pt\\\/index.php\\\/2024\\\/01\\\/29\\\/neoplan-tourliner-comemorou-20-anos-nas-estradas\\\/#primaryimage\",\"url\":\"https:\\\/\\\/automotiverevista.pt\\\/wp-content\\\/uploads\\\/2024\\\/01\\\/20231124_172729.jpg\",\"contentUrl\":\"https:\\\/\\\/automotiverevista.pt\\\/wp-content\\\/uploads\\\/2024\\\/01\\\/20231124_172729.jpg\",\"width\":2000,\"height\":1500},{\"@type\":\"BreadcrumbList\",\"@id\":\"https:\\\/\\\/automotiverevista.pt\\\/index.php\\\/2024\\\/01\\\/29\\\/neoplan-tourliner-comemorou-20-anos-nas-estradas\\\/#breadcrumb\",\"itemListElement\":[{\"@type\":\"ListItem\",\"position\":1,\"name\":\"Home\",\"item\":\"https:\\\/\\\/automotiverevista.pt\\\/\"},{\"@type\":\"ListItem\",\"position\":2,\"name\":\"NEOPLAN Tourliner comemorou 20 anos nas estradas\"}]},{\"@type\":\"WebSite\",\"@id\":\"https:\\\/\\\/automotiverevista.pt\\\/#website\",\"url\":\"https:\\\/\\\/automotiverevista.pt\\\/\",\"name\":\"Revista Automotive\",\"description\":\"Revista Automotive Portugal\",\"publisher\":{\"@id\":\"https:\\\/\\\/automotiverevista.pt\\\/#organization\"},\"potentialAction\":[{\"@type\":\"SearchAction\",\"target\":{\"@type\":\"EntryPoint\",\"urlTemplate\":\"https:\\\/\\\/automotiverevista.pt\\\/?s={search_term_string}\"},\"query-input\":{\"@type\":\"PropertyValueSpecification\",\"valueRequired\":true,\"valueName\":\"search_term_string\"}}],\"inLanguage\":\"pt-PT\"},{\"@type\":\"Organization\",\"@id\":\"https:\\\/\\\/automotiverevista.pt\\\/#organization\",\"name\":\"Revista Automotive Portugal\",\"url\":\"https:\\\/\\\/automotiverevista.pt\\\/\",\"logo\":{\"@type\":\"ImageObject\",\"inLanguage\":\"pt-PT\",\"@id\":\"https:\\\/\\\/automotiverevista.pt\\\/#\\\/schema\\\/logo\\\/image\\\/\",\"url\":\"https:\\\/\\\/automotiverevista.pt\\\/wp-content\\\/uploads\\\/2022\\\/07\\\/Logo-Automotive-2021_500-1.jpg\",\"contentUrl\":\"https:\\\/\\\/automotiverevista.pt\\\/wp-content\\\/uploads\\\/2022\\\/07\\\/Logo-Automotive-2021_500-1.jpg\",\"width\":500,\"height\":160,\"caption\":\"Revista Automotive Portugal\"},\"image\":{\"@id\":\"https:\\\/\\\/automotiverevista.pt\\\/#\\\/schema\\\/logo\\\/image\\\/\"},\"sameAs\":[\"https:\\\/\\\/linkedin.com\\\/in\\\/automotiverevista\"]},{\"@type\":\"Person\",\"@id\":\"https:\\\/\\\/automotiverevista.pt\\\/#\\\/schema\\\/person\\\/1265858bc8c78a0f969de814da8be281\",\"name\":\"adminNovo\",\"image\":{\"@type\":\"ImageObject\",\"inLanguage\":\"pt-PT\",\"@id\":\"https:\\\/\\\/secure.gravatar.com\\\/avatar\\\/c606c1288dcc11eb4c709aa5136fdb962583c410f5c23c0b7bf6917c542be355?s=96&d=mm&r=g\",\"url\":\"https:\\\/\\\/secure.gravatar.com\\\/avatar\\\/c606c1288dcc11eb4c709aa5136fdb962583c410f5c23c0b7bf6917c542be355?s=96&d=mm&r=g\",\"contentUrl\":\"https:\\\/\\\/secure.gravatar.com\\\/avatar\\\/c606c1288dcc11eb4c709aa5136fdb962583c410f5c23c0b7bf6917c542be355?s=96&d=mm&r=g\",\"caption\":\"adminNovo\"},\"sameAs\":[\"https:\\\/\\\/automotiverevista.pt\"],\"url\":\"https:\\\/\\\/automotiverevista.pt\\\/index.php\\\/author\\\/adminnovo\\\/\"}]}<\/script>\n<!-- \/ Yoast SEO Premium plugin. -->","yoast_head_json":{"title":"NEOPLAN Tourliner comemorou 20 anos nas estradas - Revista Automotive","description":"O autocarro Tourliner foi lan\u00e7ado como uma nova classe de entrada para a marca premium NEOPLAN, h\u00e1 20 anos.","robots":{"index":"index","follow":"follow","max-snippet":"max-snippet:-1","max-image-preview":"max-image-preview:large","max-video-preview":"max-video-preview:-1"},"canonical":"https:\/\/automotiverevista.pt\/index.php\/2024\/01\/29\/neoplan-tourliner-comemorou-20-anos-nas-estradas\/","og_locale":"pt_PT","og_type":"article","og_title":"NEOPLAN Tourliner comemorou 20 anos nas estradas","og_description":"O autocarro Tourliner foi lan\u00e7ado como uma nova classe de entrada para a marca premium NEOPLAN, h\u00e1 20 anos.","og_url":"https:\/\/automotiverevista.pt\/index.php\/2024\/01\/29\/neoplan-tourliner-comemorou-20-anos-nas-estradas\/","og_site_name":"Revista Automotive","article_published_time":"2024-01-29T08:28:00+00:00","og_image":[{"width":2000,"height":1500,"url":"https:\/\/automotiverevista.pt\/wp-content\/uploads\/2024\/01\/20231124_172729.jpg","type":"image\/jpeg"}],"author":"adminNovo","twitter_card":"summary_large_image","twitter_misc":{"Escrito por":"adminNovo","Tempo estimado de leitura":"2 minutos"},"schema":{"@context":"https:\/\/schema.org","@graph":[{"@type":"Article","@id":"https:\/\/automotiverevista.pt\/index.php\/2024\/01\/29\/neoplan-tourliner-comemorou-20-anos-nas-estradas\/#article","isPartOf":{"@id":"https:\/\/automotiverevista.pt\/index.php\/2024\/01\/29\/neoplan-tourliner-comemorou-20-anos-nas-estradas\/"},"author":{"name":"adminNovo","@id":"https:\/\/automotiverevista.pt\/#\/schema\/person\/1265858bc8c78a0f969de814da8be281"},"headline":"NEOPLAN Tourliner comemorou 20 anos nas estradas","datePublished":"2024-01-29T08:28:00+00:00","mainEntityOfPage":{"@id":"https:\/\/automotiverevista.pt\/index.php\/2024\/01\/29\/neoplan-tourliner-comemorou-20-anos-nas-estradas\/"},"wordCount":259,"publisher":{"@id":"https:\/\/automotiverevista.pt\/#organization"},"image":{"@id":"https:\/\/automotiverevista.pt\/index.php\/2024\/01\/29\/neoplan-tourliner-comemorou-20-anos-nas-estradas\/#primaryimage"},"thumbnailUrl":"https:\/\/automotiverevista.pt\/wp-content\/uploads\/2024\/01\/20231124_172729.jpg","articleSection":["Pesados e M\u00e1quinas"],"inLanguage":"pt-PT"},{"@type":"WebPage","@id":"https:\/\/automotiverevista.pt\/index.php\/2024\/01\/29\/neoplan-tourliner-comemorou-20-anos-nas-estradas\/","url":"https:\/\/automotiverevista.pt\/index.php\/2024\/01\/29\/neoplan-tourliner-comemorou-20-anos-nas-estradas\/","name":"NEOPLAN Tourliner comemorou 20 anos nas estradas - Revista Automotive","isPartOf":{"@id":"https:\/\/automotiverevista.pt\/#website"},"primaryImageOfPage":{"@id":"https:\/\/automotiverevista.pt\/index.php\/2024\/01\/29\/neoplan-tourliner-comemorou-20-anos-nas-estradas\/#primaryimage"},"image":{"@id":"https:\/\/automotiverevista.pt\/index.php\/2024\/01\/29\/neoplan-tourliner-comemorou-20-anos-nas-estradas\/#primaryimage"},"thumbnailUrl":"https:\/\/automotiverevista.pt\/wp-content\/uploads\/2024\/01\/20231124_172729.jpg","datePublished":"2024-01-29T08:28:00+00:00","description":"O autocarro Tourliner foi lan\u00e7ado como uma nova classe de entrada para a marca premium NEOPLAN, h\u00e1 20 anos.","breadcrumb":{"@id":"https:\/\/automotiverevista.pt\/index.php\/2024\/01\/29\/neoplan-tourliner-comemorou-20-anos-nas-estradas\/#breadcrumb"},"inLanguage":"pt-PT","potentialAction":[{"@type":"ReadAction","target":["https:\/\/automotiverevista.pt\/index.php\/2024\/01\/29\/neoplan-tourliner-comemorou-20-anos-nas-estradas\/"]}]},{"@type":"ImageObject","inLanguage":"pt-PT","@id":"https:\/\/automotiverevista.pt\/index.php\/2024\/01\/29\/neoplan-tourliner-comemorou-20-anos-nas-estradas\/#primaryimage","url":"https:\/\/automotiverevista.pt\/wp-content\/uploads\/2024\/01\/20231124_172729.jpg","contentUrl":"https:\/\/automotiverevista.pt\/wp-content\/uploads\/2024\/01\/20231124_172729.jpg","width":2000,"height":1500},{"@type":"BreadcrumbList","@id":"https:\/\/automotiverevista.pt\/index.php\/2024\/01\/29\/neoplan-tourliner-comemorou-20-anos-nas-estradas\/#breadcrumb","itemListElement":[{"@type":"ListItem","position":1,"name":"Home","item":"https:\/\/automotiverevista.pt\/"},{"@type":"ListItem","position":2,"name":"NEOPLAN Tourliner comemorou 20 anos nas estradas"}]},{"@type":"WebSite","@id":"https:\/\/automotiverevista.pt\/#website","url":"https:\/\/automotiverevista.pt\/","name":"Revista Automotive","description":"Revista Automotive Portugal","publisher":{"@id":"https:\/\/automotiverevista.pt\/#organization"},"potentialAction":[{"@type":"SearchAction","target":{"@type":"EntryPoint","urlTemplate":"https:\/\/automotiverevista.pt\/?s={search_term_string}"},"query-input":{"@type":"PropertyValueSpecification","valueRequired":true,"valueName":"search_term_string"}}],"inLanguage":"pt-PT"},{"@type":"Organization","@id":"https:\/\/automotiverevista.pt\/#organization","name":"Revista Automotive Portugal","url":"https:\/\/automotiverevista.pt\/","logo":{"@type":"ImageObject","inLanguage":"pt-PT","@id":"https:\/\/automotiverevista.pt\/#\/schema\/logo\/image\/","url":"https:\/\/automotiverevista.pt\/wp-content\/uploads\/2022\/07\/Logo-Automotive-2021_500-1.jpg","contentUrl":"https:\/\/automotiverevista.pt\/wp-content\/uploads\/2022\/07\/Logo-Automotive-2021_500-1.jpg","width":500,"height":160,"caption":"Revista Automotive Portugal"},"image":{"@id":"https:\/\/automotiverevista.pt\/#\/schema\/logo\/image\/"},"sameAs":["https:\/\/linkedin.com\/in\/automotiverevista"]},{"@type":"Person","@id":"https:\/\/automotiverevista.pt\/#\/schema\/person\/1265858bc8c78a0f969de814da8be281","name":"adminNovo","image":{"@type":"ImageObject","inLanguage":"pt-PT","@id":"https:\/\/secure.gravatar.com\/avatar\/c606c1288dcc11eb4c709aa5136fdb962583c410f5c23c0b7bf6917c542be355?s=96&d=mm&r=g","url":"https:\/\/secure.gravatar.com\/avatar\/c606c1288dcc11eb4c709aa5136fdb962583c410f5c23c0b7bf6917c542be355?s=96&d=mm&r=g","contentUrl":"https:\/\/secure.gravatar.com\/avatar\/c606c1288dcc11eb4c709aa5136fdb962583c410f5c23c0b7bf6917c542be355?s=96&d=mm&r=g","caption":"adminNovo"},"sameAs":["https:\/\/automotiverevista.pt"],"url":"https:\/\/automotiverevista.pt\/index.php\/author\/adminnovo\/"}]}},"_links":{"self":[{"href":"https:\/\/automotiverevista.pt\/index.php\/wp-json\/wp\/v2\/posts\/5377","targetHints":{"allow":["GET"]}}],"collection":[{"href":"https:\/\/automotiverevista.pt\/index.php\/wp-json\/wp\/v2\/posts"}],"about":[{"href":"https:\/\/automotiverevista.pt\/index.php\/wp-json\/wp\/v2\/types\/post"}],"author":[{"embeddable":true,"href":"https:\/\/automotiverevista.pt\/index.php\/wp-json\/wp\/v2\/users\/1"}],"replies":[{"embeddable":true,"href":"https:\/\/automotiverevista.pt\/index.php\/wp-json\/wp\/v2\/comments?post=5377"}],"version-history":[{"count":2,"href":"https:\/\/automotiverevista.pt\/index.php\/wp-json\/wp\/v2\/posts\/5377\/revisions"}],"predecessor-version":[{"id":5381,"href":"https:\/\/automotiverevista.pt\/index.php\/wp-json\/wp\/v2\/posts\/5377\/revisions\/5381"}],"wp:featuredmedia":[{"embeddable":true,"href":"https:\/\/automotiverevista.pt\/index.php\/wp-json\/wp\/v2\/media\/5378"}],"wp:attachment":[{"href":"https:\/\/automotiverevista.pt\/index.php\/wp-json\/wp\/v2\/media?parent=5377"}],"wp:term":[{"taxonomy":"category","embeddable":true,"href":"https:\/\/automotiverevista.pt\/index.php\/wp-json\/wp\/v2\/categories?post=5377"},{"taxonomy":"post_tag","embeddable":true,"href":"https:\/\/automotiverevista.pt\/index.php\/wp-json\/wp\/v2\/tags?post=5377"}],"curies":[{"name":"wp","href":"https:\/\/api.w.org\/{rel}","templated":true}]}}