{"id":5413,"date":"2024-01-31T07:18:00","date_gmt":"2024-01-31T07:18:00","guid":{"rendered":"https:\/\/automotiverevista.pt\/?p=5413"},"modified":"2024-01-28T19:19:15","modified_gmt":"2024-01-28T19:19:15","slug":"daimler-buses-portugal-com-final-de-ano-comemorativo","status":"publish","type":"post","link":"https:\/\/automotiverevista.pt\/index.php\/2024\/01\/31\/daimler-buses-portugal-com-final-de-ano-comemorativo\/","title":{"rendered":"Daimler Buses Portugal com final de ano comemorativo"},"content":{"rendered":"\n<p>Uma vez por ano, o grupo de jovens operadores de <a href=\"https:\/\/automotiverevista.pt\/index.php\/2023\/03\/28\/intouro-l-2500\/\">autocarros <\/a>YBO &#8220;Young Bus Operators&#8221; re\u00fane clientes de toda a Europa num evento especial e, este ano, Lisboa foi a cidade escolhida pelos participantes.<\/p>\n\n\n\n<p>O evento dedicado a clientes j\u00e1 tem uma longa tradi\u00e7\u00e3o. Foi criado em 2000 e tem como objetivo a fideliza\u00e7\u00e3o a longo prazo das pr\u00f3ximas gera\u00e7\u00f5es de operadores, mantendo a afinidade especial com as marcas<a href=\"https:\/\/automotiverevista.pt\/index.php\/2023\/04\/18\/mercedes-benz-tourismo-seguro-economico-e-funcional\/\"> Mercedes-Benz<\/a> e <a href=\"https:\/\/youtu.be\/lUL1rTvMTzQ?si=nZXXkyQ6hxSDHSsw\">Setra<\/a>, assim como com a Daimler Buses.<\/p>\n\n\n\n<p>Este ano estiveram presentes 31 participantes de 14 pa\u00edses e contou com a coopera\u00e7\u00e3o da filial Daimler Buses Portugal (foto acima). Com um programa diversificado, a iniciativa deu a conhecer a cultura e gastronomia do nosso pa\u00eds.<\/p>\n\n\n\n<p>Atrav\u00e9s de um Test Drive em Sintra, os clientes tiveram a oportunidade de conhecer e experimentar as novas fun\u00e7\u00f5es do sistema de seguran\u00e7a Active Drive Assist 2, o caminho para a condu\u00e7\u00e3o aut\u00f3noma dos autocarros de turismo, no modelo <a href=\"https:\/\/youtu.be\/qqY3h-BjiBI?si=VBTWo45DpZdtFRqA\">Setra S 516 HD\/2<\/a>, sendo o primeiro autocarro equipado com este sistema em Portugal.<\/p>\n\n\n\n<figure class=\"wp-block-image size-full\"><img decoding=\"async\" width=\"1024\" height=\"768\" src=\"https:\/\/automotiverevista.pt\/wp-content\/uploads\/2024\/01\/Imagem-SgoddaMack_Barraqueiro.jpeg\" alt=\"\" class=\"wp-image-5415\" srcset=\"https:\/\/automotiverevista.pt\/wp-content\/uploads\/2024\/01\/Imagem-SgoddaMack_Barraqueiro.jpeg 1024w, https:\/\/automotiverevista.pt\/wp-content\/uploads\/2024\/01\/Imagem-SgoddaMack_Barraqueiro-300x225.jpeg 300w, https:\/\/automotiverevista.pt\/wp-content\/uploads\/2024\/01\/Imagem-SgoddaMack_Barraqueiro-768x576.jpeg 768w, https:\/\/automotiverevista.pt\/wp-content\/uploads\/2024\/01\/Imagem-SgoddaMack_Barraqueiro-750x563.jpeg 750w\" sizes=\"(max-width: 1024px) 100vw, 1024px\" \/><\/figure>\n\n\n\n<p><strong>Portugal tem o maior cliente da Daimler Buses Europa<\/strong><\/p>\n\n\n\n<p>O primeiro lugar de vendas a n\u00edvel europeu da Daimler Buses em 2022 foi alcan\u00e7ado pelo Grupo Barraqueiro. Tal feito foi motivo de celebra\u00e7\u00e3o para ambas as empresas com a presen\u00e7a dos respetivos l\u00edderes, num importante encontro realizado recentemente em Lisboa.<\/p>\n\n\n\n<p>Na foto (da esq. para dir.): Artur Pedrosa (Administrador Grupo Barraqueiro); Mirko Sgodda (L\u00edder de Marketing, Vendas e Apoio ao Cliente da Daimler Buses); Alejandro Alcalde (CEO da Daimler Buses Portugal); Humberto Pedrosa (Presidente Grupo Barraqueiro); Bernd Mack (L\u00edder de Apoio ao Cliente e Pe\u00e7as e Ve\u00edculos Usados) e David Pedrosa (Administrador Grupo Barraqueiro).<\/p>\n","protected":false},"excerpt":{"rendered":"<p>Uma vez por ano, o grupo de jovens operadores de autocarros YBO &#8220;Young Bus Operators&#8221; re\u00fane clientes de toda a Europa num evento especial e, este ano, Lisboa foi a cidade escolhida pelos participantes. O evento dedicado a clientes j\u00e1 tem uma longa tradi\u00e7\u00e3o. Foi criado em 2000 e tem como objetivo a fideliza\u00e7\u00e3o a [&hellip;]<\/p>\n","protected":false},"author":1,"featured_media":5414,"comment_status":"closed","ping_status":"open","sticky":false,"template":"","format":"standard","meta":{"jnews-multi-image_gallery":[],"jnews_single_post":{"subtitle":"","format":"standard","video":"","gallery":"","source_name":"","source_url":"","via_name":"","via_url":"","override_template":"0","override":[{"template":"2","single_blog_custom":"","parallax":"1","fullscreen":"1","layout":"right-sidebar","sidebar":"default-sidebar","second_sidebar":"default-sidebar","sticky_sidebar":"1","share_position":"topbottom","share_float_style":"share-monocrhome","show_share_counter":"0","show_view_counter":"0","show_featured":"1","show_post_meta":"1","show_post_author":"0","show_post_author_image":"1","show_post_date":"1","post_date_format":"default","post_date_format_custom":"Y\/m\/d","show_post_category":"1","show_post_reading_time":"0","post_reading_time_wpm":"300","show_zoom_button":"0","zoom_button_out_step":"2","zoom_button_in_step":"3","show_post_tag":"1","show_prev_next_post":"0","show_popup_post":"1","number_popup_post":"1","show_author_box":"0","show_post_related":"1","show_inline_post_related":"1"}],"override_image_size":"0","image_override":[{"single_post_thumbnail_size":"crop-500","single_post_gallery_size":"crop-500"}],"trending_post":"0","trending_post_position":"meta","trending_post_label":"Trending","sponsored_post":"0","sponsored_post_label":"Sponsored by","sponsored_post_name":"","sponsored_post_url":"","sponsored_post_logo_enable":"0","sponsored_post_logo":"","sponsored_post_desc":"","disable_ad":"0"},"jnews_primary_category":{"id":"","hide":""},"footnotes":""},"categories":[25],"tags":[],"class_list":["post-5413","post","type-post","status-publish","format-standard","has-post-thumbnail","hentry","category-pesados-e-maquinas"],"yoast_head":"<!-- This site is optimized with the Yoast SEO Premium plugin v27.5 (Yoast SEO v27.5) - https:\/\/yoast.com\/product\/yoast-seo-premium-wordpress\/ -->\n<title>Daimler Buses Portugal com final de ano comemorativo - Revista Automotive<\/title>\n<meta name=\"description\" content=\"Daimler Buses Portugal com final de ano comemorativo com Setra e Mercedes-Benz\" \/>\n<meta name=\"robots\" content=\"index, follow, max-snippet:-1, max-image-preview:large, max-video-preview:-1\" \/>\n<link rel=\"canonical\" href=\"https:\/\/automotiverevista.pt\/index.php\/2024\/01\/31\/daimler-buses-portugal-com-final-de-ano-comemorativo\/\" \/>\n<meta property=\"og:locale\" content=\"pt_PT\" \/>\n<meta property=\"og:type\" content=\"article\" \/>\n<meta property=\"og:title\" content=\"Daimler Buses Portugal com final de ano comemorativo\" \/>\n<meta property=\"og:description\" content=\"Daimler Buses Portugal com final de ano comemorativo com Setra e Mercedes-Benz\" \/>\n<meta property=\"og:url\" content=\"https:\/\/automotiverevista.pt\/index.php\/2024\/01\/31\/daimler-buses-portugal-com-final-de-ano-comemorativo\/\" \/>\n<meta property=\"og:site_name\" content=\"Revista Automotive\" \/>\n<meta property=\"article:published_time\" content=\"2024-01-31T07:18:00+00:00\" \/>\n<meta property=\"og:image\" content=\"https:\/\/automotiverevista.pt\/wp-content\/uploads\/2024\/01\/IMG_2932.jpg\" \/>\n\t<meta property=\"og:image:width\" content=\"2000\" \/>\n\t<meta property=\"og:image:height\" content=\"1013\" \/>\n\t<meta property=\"og:image:type\" content=\"image\/jpeg\" \/>\n<meta name=\"author\" content=\"adminNovo\" \/>\n<meta name=\"twitter:card\" content=\"summary_large_image\" \/>\n<meta name=\"twitter:label1\" content=\"Escrito por\" \/>\n\t<meta name=\"twitter:data1\" content=\"adminNovo\" \/>\n\t<meta name=\"twitter:label2\" content=\"Tempo estimado de leitura\" \/>\n\t<meta name=\"twitter:data2\" content=\"2 minutos\" \/>\n<script type=\"application\/ld+json\" class=\"yoast-schema-graph\">{\"@context\":\"https:\\\/\\\/schema.org\",\"@graph\":[{\"@type\":\"Article\",\"@id\":\"https:\\\/\\\/automotiverevista.pt\\\/index.php\\\/2024\\\/01\\\/31\\\/daimler-buses-portugal-com-final-de-ano-comemorativo\\\/#article\",\"isPartOf\":{\"@id\":\"https:\\\/\\\/automotiverevista.pt\\\/index.php\\\/2024\\\/01\\\/31\\\/daimler-buses-portugal-com-final-de-ano-comemorativo\\\/\"},\"author\":{\"name\":\"adminNovo\",\"@id\":\"https:\\\/\\\/automotiverevista.pt\\\/#\\\/schema\\\/person\\\/1265858bc8c78a0f969de814da8be281\"},\"headline\":\"Daimler Buses Portugal com final de ano comemorativo\",\"datePublished\":\"2024-01-31T07:18:00+00:00\",\"mainEntityOfPage\":{\"@id\":\"https:\\\/\\\/automotiverevista.pt\\\/index.php\\\/2024\\\/01\\\/31\\\/daimler-buses-portugal-com-final-de-ano-comemorativo\\\/\"},\"wordCount\":296,\"publisher\":{\"@id\":\"https:\\\/\\\/automotiverevista.pt\\\/#organization\"},\"image\":{\"@id\":\"https:\\\/\\\/automotiverevista.pt\\\/index.php\\\/2024\\\/01\\\/31\\\/daimler-buses-portugal-com-final-de-ano-comemorativo\\\/#primaryimage\"},\"thumbnailUrl\":\"https:\\\/\\\/automotiverevista.pt\\\/wp-content\\\/uploads\\\/2024\\\/01\\\/IMG_2932.jpg\",\"articleSection\":[\"Pesados e M\u00e1quinas\"],\"inLanguage\":\"pt-PT\"},{\"@type\":\"WebPage\",\"@id\":\"https:\\\/\\\/automotiverevista.pt\\\/index.php\\\/2024\\\/01\\\/31\\\/daimler-buses-portugal-com-final-de-ano-comemorativo\\\/\",\"url\":\"https:\\\/\\\/automotiverevista.pt\\\/index.php\\\/2024\\\/01\\\/31\\\/daimler-buses-portugal-com-final-de-ano-comemorativo\\\/\",\"name\":\"Daimler Buses Portugal com final de ano comemorativo - Revista Automotive\",\"isPartOf\":{\"@id\":\"https:\\\/\\\/automotiverevista.pt\\\/#website\"},\"primaryImageOfPage\":{\"@id\":\"https:\\\/\\\/automotiverevista.pt\\\/index.php\\\/2024\\\/01\\\/31\\\/daimler-buses-portugal-com-final-de-ano-comemorativo\\\/#primaryimage\"},\"image\":{\"@id\":\"https:\\\/\\\/automotiverevista.pt\\\/index.php\\\/2024\\\/01\\\/31\\\/daimler-buses-portugal-com-final-de-ano-comemorativo\\\/#primaryimage\"},\"thumbnailUrl\":\"https:\\\/\\\/automotiverevista.pt\\\/wp-content\\\/uploads\\\/2024\\\/01\\\/IMG_2932.jpg\",\"datePublished\":\"2024-01-31T07:18:00+00:00\",\"description\":\"Daimler Buses Portugal com final de ano comemorativo com Setra e Mercedes-Benz\",\"breadcrumb\":{\"@id\":\"https:\\\/\\\/automotiverevista.pt\\\/index.php\\\/2024\\\/01\\\/31\\\/daimler-buses-portugal-com-final-de-ano-comemorativo\\\/#breadcrumb\"},\"inLanguage\":\"pt-PT\",\"potentialAction\":[{\"@type\":\"ReadAction\",\"target\":[\"https:\\\/\\\/automotiverevista.pt\\\/index.php\\\/2024\\\/01\\\/31\\\/daimler-buses-portugal-com-final-de-ano-comemorativo\\\/\"]}]},{\"@type\":\"ImageObject\",\"inLanguage\":\"pt-PT\",\"@id\":\"https:\\\/\\\/automotiverevista.pt\\\/index.php\\\/2024\\\/01\\\/31\\\/daimler-buses-portugal-com-final-de-ano-comemorativo\\\/#primaryimage\",\"url\":\"https:\\\/\\\/automotiverevista.pt\\\/wp-content\\\/uploads\\\/2024\\\/01\\\/IMG_2932.jpg\",\"contentUrl\":\"https:\\\/\\\/automotiverevista.pt\\\/wp-content\\\/uploads\\\/2024\\\/01\\\/IMG_2932.jpg\",\"width\":2000,\"height\":1013},{\"@type\":\"BreadcrumbList\",\"@id\":\"https:\\\/\\\/automotiverevista.pt\\\/index.php\\\/2024\\\/01\\\/31\\\/daimler-buses-portugal-com-final-de-ano-comemorativo\\\/#breadcrumb\",\"itemListElement\":[{\"@type\":\"ListItem\",\"position\":1,\"name\":\"Home\",\"item\":\"https:\\\/\\\/automotiverevista.pt\\\/\"},{\"@type\":\"ListItem\",\"position\":2,\"name\":\"Daimler Buses Portugal com final de ano comemorativo\"}]},{\"@type\":\"WebSite\",\"@id\":\"https:\\\/\\\/automotiverevista.pt\\\/#website\",\"url\":\"https:\\\/\\\/automotiverevista.pt\\\/\",\"name\":\"Revista Automotive\",\"description\":\"Revista Automotive Portugal\",\"publisher\":{\"@id\":\"https:\\\/\\\/automotiverevista.pt\\\/#organization\"},\"potentialAction\":[{\"@type\":\"SearchAction\",\"target\":{\"@type\":\"EntryPoint\",\"urlTemplate\":\"https:\\\/\\\/automotiverevista.pt\\\/?s={search_term_string}\"},\"query-input\":{\"@type\":\"PropertyValueSpecification\",\"valueRequired\":true,\"valueName\":\"search_term_string\"}}],\"inLanguage\":\"pt-PT\"},{\"@type\":\"Organization\",\"@id\":\"https:\\\/\\\/automotiverevista.pt\\\/#organization\",\"name\":\"Revista Automotive Portugal\",\"url\":\"https:\\\/\\\/automotiverevista.pt\\\/\",\"logo\":{\"@type\":\"ImageObject\",\"inLanguage\":\"pt-PT\",\"@id\":\"https:\\\/\\\/automotiverevista.pt\\\/#\\\/schema\\\/logo\\\/image\\\/\",\"url\":\"https:\\\/\\\/automotiverevista.pt\\\/wp-content\\\/uploads\\\/2022\\\/07\\\/Logo-Automotive-2021_500-1.jpg\",\"contentUrl\":\"https:\\\/\\\/automotiverevista.pt\\\/wp-content\\\/uploads\\\/2022\\\/07\\\/Logo-Automotive-2021_500-1.jpg\",\"width\":500,\"height\":160,\"caption\":\"Revista Automotive Portugal\"},\"image\":{\"@id\":\"https:\\\/\\\/automotiverevista.pt\\\/#\\\/schema\\\/logo\\\/image\\\/\"},\"sameAs\":[\"https:\\\/\\\/linkedin.com\\\/in\\\/automotiverevista\"]},{\"@type\":\"Person\",\"@id\":\"https:\\\/\\\/automotiverevista.pt\\\/#\\\/schema\\\/person\\\/1265858bc8c78a0f969de814da8be281\",\"name\":\"adminNovo\",\"image\":{\"@type\":\"ImageObject\",\"inLanguage\":\"pt-PT\",\"@id\":\"https:\\\/\\\/secure.gravatar.com\\\/avatar\\\/c606c1288dcc11eb4c709aa5136fdb962583c410f5c23c0b7bf6917c542be355?s=96&d=mm&r=g\",\"url\":\"https:\\\/\\\/secure.gravatar.com\\\/avatar\\\/c606c1288dcc11eb4c709aa5136fdb962583c410f5c23c0b7bf6917c542be355?s=96&d=mm&r=g\",\"contentUrl\":\"https:\\\/\\\/secure.gravatar.com\\\/avatar\\\/c606c1288dcc11eb4c709aa5136fdb962583c410f5c23c0b7bf6917c542be355?s=96&d=mm&r=g\",\"caption\":\"adminNovo\"},\"sameAs\":[\"https:\\\/\\\/automotiverevista.pt\"],\"url\":\"https:\\\/\\\/automotiverevista.pt\\\/index.php\\\/author\\\/adminnovo\\\/\"}]}<\/script>\n<!-- \/ Yoast SEO Premium plugin. -->","yoast_head_json":{"title":"Daimler Buses Portugal com final de ano comemorativo - Revista Automotive","description":"Daimler Buses Portugal com final de ano comemorativo com Setra e Mercedes-Benz","robots":{"index":"index","follow":"follow","max-snippet":"max-snippet:-1","max-image-preview":"max-image-preview:large","max-video-preview":"max-video-preview:-1"},"canonical":"https:\/\/automotiverevista.pt\/index.php\/2024\/01\/31\/daimler-buses-portugal-com-final-de-ano-comemorativo\/","og_locale":"pt_PT","og_type":"article","og_title":"Daimler Buses Portugal com final de ano comemorativo","og_description":"Daimler Buses Portugal com final de ano comemorativo com Setra e Mercedes-Benz","og_url":"https:\/\/automotiverevista.pt\/index.php\/2024\/01\/31\/daimler-buses-portugal-com-final-de-ano-comemorativo\/","og_site_name":"Revista Automotive","article_published_time":"2024-01-31T07:18:00+00:00","og_image":[{"width":2000,"height":1013,"url":"https:\/\/automotiverevista.pt\/wp-content\/uploads\/2024\/01\/IMG_2932.jpg","type":"image\/jpeg"}],"author":"adminNovo","twitter_card":"summary_large_image","twitter_misc":{"Escrito por":"adminNovo","Tempo estimado de leitura":"2 minutos"},"schema":{"@context":"https:\/\/schema.org","@graph":[{"@type":"Article","@id":"https:\/\/automotiverevista.pt\/index.php\/2024\/01\/31\/daimler-buses-portugal-com-final-de-ano-comemorativo\/#article","isPartOf":{"@id":"https:\/\/automotiverevista.pt\/index.php\/2024\/01\/31\/daimler-buses-portugal-com-final-de-ano-comemorativo\/"},"author":{"name":"adminNovo","@id":"https:\/\/automotiverevista.pt\/#\/schema\/person\/1265858bc8c78a0f969de814da8be281"},"headline":"Daimler Buses Portugal com final de ano comemorativo","datePublished":"2024-01-31T07:18:00+00:00","mainEntityOfPage":{"@id":"https:\/\/automotiverevista.pt\/index.php\/2024\/01\/31\/daimler-buses-portugal-com-final-de-ano-comemorativo\/"},"wordCount":296,"publisher":{"@id":"https:\/\/automotiverevista.pt\/#organization"},"image":{"@id":"https:\/\/automotiverevista.pt\/index.php\/2024\/01\/31\/daimler-buses-portugal-com-final-de-ano-comemorativo\/#primaryimage"},"thumbnailUrl":"https:\/\/automotiverevista.pt\/wp-content\/uploads\/2024\/01\/IMG_2932.jpg","articleSection":["Pesados e M\u00e1quinas"],"inLanguage":"pt-PT"},{"@type":"WebPage","@id":"https:\/\/automotiverevista.pt\/index.php\/2024\/01\/31\/daimler-buses-portugal-com-final-de-ano-comemorativo\/","url":"https:\/\/automotiverevista.pt\/index.php\/2024\/01\/31\/daimler-buses-portugal-com-final-de-ano-comemorativo\/","name":"Daimler Buses Portugal com final de ano comemorativo - Revista Automotive","isPartOf":{"@id":"https:\/\/automotiverevista.pt\/#website"},"primaryImageOfPage":{"@id":"https:\/\/automotiverevista.pt\/index.php\/2024\/01\/31\/daimler-buses-portugal-com-final-de-ano-comemorativo\/#primaryimage"},"image":{"@id":"https:\/\/automotiverevista.pt\/index.php\/2024\/01\/31\/daimler-buses-portugal-com-final-de-ano-comemorativo\/#primaryimage"},"thumbnailUrl":"https:\/\/automotiverevista.pt\/wp-content\/uploads\/2024\/01\/IMG_2932.jpg","datePublished":"2024-01-31T07:18:00+00:00","description":"Daimler Buses Portugal com final de ano comemorativo com Setra e Mercedes-Benz","breadcrumb":{"@id":"https:\/\/automotiverevista.pt\/index.php\/2024\/01\/31\/daimler-buses-portugal-com-final-de-ano-comemorativo\/#breadcrumb"},"inLanguage":"pt-PT","potentialAction":[{"@type":"ReadAction","target":["https:\/\/automotiverevista.pt\/index.php\/2024\/01\/31\/daimler-buses-portugal-com-final-de-ano-comemorativo\/"]}]},{"@type":"ImageObject","inLanguage":"pt-PT","@id":"https:\/\/automotiverevista.pt\/index.php\/2024\/01\/31\/daimler-buses-portugal-com-final-de-ano-comemorativo\/#primaryimage","url":"https:\/\/automotiverevista.pt\/wp-content\/uploads\/2024\/01\/IMG_2932.jpg","contentUrl":"https:\/\/automotiverevista.pt\/wp-content\/uploads\/2024\/01\/IMG_2932.jpg","width":2000,"height":1013},{"@type":"BreadcrumbList","@id":"https:\/\/automotiverevista.pt\/index.php\/2024\/01\/31\/daimler-buses-portugal-com-final-de-ano-comemorativo\/#breadcrumb","itemListElement":[{"@type":"ListItem","position":1,"name":"Home","item":"https:\/\/automotiverevista.pt\/"},{"@type":"ListItem","position":2,"name":"Daimler Buses Portugal com final de ano comemorativo"}]},{"@type":"WebSite","@id":"https:\/\/automotiverevista.pt\/#website","url":"https:\/\/automotiverevista.pt\/","name":"Revista Automotive","description":"Revista Automotive Portugal","publisher":{"@id":"https:\/\/automotiverevista.pt\/#organization"},"potentialAction":[{"@type":"SearchAction","target":{"@type":"EntryPoint","urlTemplate":"https:\/\/automotiverevista.pt\/?s={search_term_string}"},"query-input":{"@type":"PropertyValueSpecification","valueRequired":true,"valueName":"search_term_string"}}],"inLanguage":"pt-PT"},{"@type":"Organization","@id":"https:\/\/automotiverevista.pt\/#organization","name":"Revista Automotive Portugal","url":"https:\/\/automotiverevista.pt\/","logo":{"@type":"ImageObject","inLanguage":"pt-PT","@id":"https:\/\/automotiverevista.pt\/#\/schema\/logo\/image\/","url":"https:\/\/automotiverevista.pt\/wp-content\/uploads\/2022\/07\/Logo-Automotive-2021_500-1.jpg","contentUrl":"https:\/\/automotiverevista.pt\/wp-content\/uploads\/2022\/07\/Logo-Automotive-2021_500-1.jpg","width":500,"height":160,"caption":"Revista Automotive Portugal"},"image":{"@id":"https:\/\/automotiverevista.pt\/#\/schema\/logo\/image\/"},"sameAs":["https:\/\/linkedin.com\/in\/automotiverevista"]},{"@type":"Person","@id":"https:\/\/automotiverevista.pt\/#\/schema\/person\/1265858bc8c78a0f969de814da8be281","name":"adminNovo","image":{"@type":"ImageObject","inLanguage":"pt-PT","@id":"https:\/\/secure.gravatar.com\/avatar\/c606c1288dcc11eb4c709aa5136fdb962583c410f5c23c0b7bf6917c542be355?s=96&d=mm&r=g","url":"https:\/\/secure.gravatar.com\/avatar\/c606c1288dcc11eb4c709aa5136fdb962583c410f5c23c0b7bf6917c542be355?s=96&d=mm&r=g","contentUrl":"https:\/\/secure.gravatar.com\/avatar\/c606c1288dcc11eb4c709aa5136fdb962583c410f5c23c0b7bf6917c542be355?s=96&d=mm&r=g","caption":"adminNovo"},"sameAs":["https:\/\/automotiverevista.pt"],"url":"https:\/\/automotiverevista.pt\/index.php\/author\/adminnovo\/"}]}},"_links":{"self":[{"href":"https:\/\/automotiverevista.pt\/index.php\/wp-json\/wp\/v2\/posts\/5413","targetHints":{"allow":["GET"]}}],"collection":[{"href":"https:\/\/automotiverevista.pt\/index.php\/wp-json\/wp\/v2\/posts"}],"about":[{"href":"https:\/\/automotiverevista.pt\/index.php\/wp-json\/wp\/v2\/types\/post"}],"author":[{"embeddable":true,"href":"https:\/\/automotiverevista.pt\/index.php\/wp-json\/wp\/v2\/users\/1"}],"replies":[{"embeddable":true,"href":"https:\/\/automotiverevista.pt\/index.php\/wp-json\/wp\/v2\/comments?post=5413"}],"version-history":[{"count":1,"href":"https:\/\/automotiverevista.pt\/index.php\/wp-json\/wp\/v2\/posts\/5413\/revisions"}],"predecessor-version":[{"id":5416,"href":"https:\/\/automotiverevista.pt\/index.php\/wp-json\/wp\/v2\/posts\/5413\/revisions\/5416"}],"wp:featuredmedia":[{"embeddable":true,"href":"https:\/\/automotiverevista.pt\/index.php\/wp-json\/wp\/v2\/media\/5414"}],"wp:attachment":[{"href":"https:\/\/automotiverevista.pt\/index.php\/wp-json\/wp\/v2\/media?parent=5413"}],"wp:term":[{"taxonomy":"category","embeddable":true,"href":"https:\/\/automotiverevista.pt\/index.php\/wp-json\/wp\/v2\/categories?post=5413"},{"taxonomy":"post_tag","embeddable":true,"href":"https:\/\/automotiverevista.pt\/index.php\/wp-json\/wp\/v2\/tags?post=5413"}],"curies":[{"name":"wp","href":"https:\/\/api.w.org\/{rel}","templated":true}]}}