{"id":5417,"date":"2024-01-31T08:19:00","date_gmt":"2024-01-31T08:19:00","guid":{"rendered":"https:\/\/automotiverevista.pt\/?p=5417"},"modified":"2024-01-28T19:23:55","modified_gmt":"2024-01-28T19:23:55","slug":"iveco-rejuvenesce-a-sua-presenca-nos-autocarros","status":"publish","type":"post","link":"https:\/\/automotiverevista.pt\/index.php\/2024\/01\/31\/iveco-rejuvenesce-a-sua-presenca-nos-autocarros\/","title":{"rendered":"Iveco rejuvenesce a sua presen\u00e7a nos autocarros"},"content":{"rendered":"\n<p>A Iveco tem vindo a rejuvenescer a sua gama de autocarros, tendo apresentado recentemente <a href=\"https:\/\/automotiverevista.pt\/index.php\/2023\/11\/14\/iveco-bus-busworld\/\">v\u00e1rios modelos<\/a> no sal\u00e3o Busworld em Bruxelas deste ano.<\/p>\n\n\n\n<p>Destaque para o segmento dos <a href=\"https:\/\/automotiverevista.pt\/index.php\/2023\/06\/28\/iveco-gama-completa-100-eletrica-nos-autocarros\/\">100% el\u00e9tricos,<\/a> com o miniautocarro e o chassis <strong>e-DAILY, o E-WAY New Generation, o STREETWAY ELEC e o CROSSWAY LE ELEC<\/strong>. Todos estes ve\u00edculos est\u00e3o equipados com a mais recente tecnologia de baterias NMC, industrializada especificamente pela FPT Industrial, a marca de grupos propulsores do Grupo Iveco. Al\u00e9m destes, a Iveco apresentou os seus modelos <strong>URBANWAY CNG Hybrid 18 m, CROSSWAY Low Entry CNG Hybrid, CROSSWAY e EVADYS<\/strong>.<\/p>\n\n\n\n<p>A alternativa da Iveco \u00e0 propuls\u00e3o a diesel estende-se a agora a autocarros totalmente el\u00e9tricos, h\u00edbridos, a g\u00e1s natural e a bio metano. Complementar \u00e0 sustentabilidade nos sistemas de propuls\u00e3o, e de s\u00e9rie em todos os ve\u00edculos Iveco BUS entregues pelo fabricante desde o in\u00edcio de 2022, s\u00e3o os servi\u00e7os de conetividade<a href=\"https:\/\/automotiverevista.pt\/index.php\/2023\/09\/25\/iveco-bus-disponibiliza-software-de-frotas-da-chargepoint\/\"> IVECO ON.<\/a> Estes sistemas v\u00e3o de encontro aos requisitos das autoridades e dos operadores de transportes p\u00fablicos, permitindo melhorar significativamente o desempenho energ\u00e9tico das suas frotas, sendo que mais de 3 mil unidades j\u00e1 beneficiam dos servi\u00e7os digitais IVECO ON na Europa.<\/p>\n\n\n\n<p>Na imagem, <strong>Miguel Reis<\/strong>, Gestor de Clientes Autocarros e <strong>Ana Rita Rodrigues<\/strong>, <em>Brand Marketing, Press &amp; Communication<\/em>, ambos da Iveco Portugal, tendo como pano de fundo o EVADYS, no stand da marca na Conven\u00e7\u00e3o da ARP, em Braga.<\/p>\n\n\n\n<figure class=\"wp-block-image size-large\"><img decoding=\"async\" width=\"1024\" height=\"373\" src=\"https:\/\/automotiverevista.pt\/wp-content\/uploads\/2024\/01\/s-2-1024x373.jpg\" alt=\"\" class=\"wp-image-5419\" srcset=\"https:\/\/automotiverevista.pt\/wp-content\/uploads\/2024\/01\/s-2-1024x373.jpg 1024w, https:\/\/automotiverevista.pt\/wp-content\/uploads\/2024\/01\/s-2-300x109.jpg 300w, https:\/\/automotiverevista.pt\/wp-content\/uploads\/2024\/01\/s-2-768x279.jpg 768w, https:\/\/automotiverevista.pt\/wp-content\/uploads\/2024\/01\/s-2-1536x559.jpg 1536w, https:\/\/automotiverevista.pt\/wp-content\/uploads\/2024\/01\/s-2-750x273.jpg 750w, https:\/\/automotiverevista.pt\/wp-content\/uploads\/2024\/01\/s-2-1140x415.jpg 1140w, https:\/\/automotiverevista.pt\/wp-content\/uploads\/2024\/01\/s-2.jpg 1874w\" sizes=\"(max-width: 1024px) 100vw, 1024px\" \/><\/figure>\n","protected":false},"excerpt":{"rendered":"<p>A Iveco tem vindo a rejuvenescer a sua gama de autocarros, tendo apresentado recentemente v\u00e1rios modelos no sal\u00e3o Busworld em Bruxelas deste ano. Destaque para o segmento dos 100% el\u00e9tricos, com o miniautocarro e o chassis e-DAILY, o E-WAY New Generation, o STREETWAY ELEC e o CROSSWAY LE ELEC. Todos estes ve\u00edculos est\u00e3o equipados com [&hellip;]<\/p>\n","protected":false},"author":1,"featured_media":5418,"comment_status":"closed","ping_status":"open","sticky":false,"template":"","format":"standard","meta":{"jnews-multi-image_gallery":[],"jnews_single_post":{"subtitle":"","format":"standard","video":"","gallery":"","source_name":"","source_url":"","via_name":"","via_url":"","override_template":"0","override":[{"template":"2","single_blog_custom":"","parallax":"1","fullscreen":"1","layout":"right-sidebar","sidebar":"default-sidebar","second_sidebar":"default-sidebar","sticky_sidebar":"1","share_position":"topbottom","share_float_style":"share-monocrhome","show_share_counter":"0","show_view_counter":"0","show_featured":"1","show_post_meta":"1","show_post_author":"0","show_post_author_image":"1","show_post_date":"1","post_date_format":"default","post_date_format_custom":"Y\/m\/d","show_post_category":"1","show_post_reading_time":"0","post_reading_time_wpm":"300","show_zoom_button":"0","zoom_button_out_step":"2","zoom_button_in_step":"3","show_post_tag":"1","show_prev_next_post":"0","show_popup_post":"1","number_popup_post":"1","show_author_box":"0","show_post_related":"1","show_inline_post_related":"1"}],"override_image_size":"0","image_override":[{"single_post_thumbnail_size":"crop-500","single_post_gallery_size":"crop-500"}],"trending_post":"0","trending_post_position":"meta","trending_post_label":"Trending","sponsored_post":"0","sponsored_post_label":"Sponsored by","sponsored_post_name":"","sponsored_post_url":"","sponsored_post_logo_enable":"0","sponsored_post_logo":"","sponsored_post_desc":"","disable_ad":"0"},"jnews_primary_category":{"id":"","hide":""},"footnotes":""},"categories":[25],"tags":[],"class_list":["post-5417","post","type-post","status-publish","format-standard","has-post-thumbnail","hentry","category-pesados-e-maquinas"],"yoast_head":"<!-- This site is optimized with the Yoast SEO Premium plugin v27.5 (Yoast SEO v27.5) - https:\/\/yoast.com\/product\/yoast-seo-premium-wordpress\/ -->\n<title>Iveco rejuvenesce a sua presen\u00e7a nos autocarros - Revista Automotive<\/title>\n<meta name=\"description\" content=\"A Iveco tem vindo a rejuvenescer a sua gama de autocarros, tendo apresentado v\u00e1rios modelos no sal\u00e3o Busworld em Bruxelas deste ano.\" \/>\n<meta name=\"robots\" content=\"index, follow, max-snippet:-1, max-image-preview:large, max-video-preview:-1\" \/>\n<link rel=\"canonical\" href=\"https:\/\/automotiverevista.pt\/index.php\/2024\/01\/31\/iveco-rejuvenesce-a-sua-presenca-nos-autocarros\/\" \/>\n<meta property=\"og:locale\" content=\"pt_PT\" \/>\n<meta property=\"og:type\" content=\"article\" \/>\n<meta property=\"og:title\" content=\"Iveco rejuvenesce a sua presen\u00e7a nos autocarros\" \/>\n<meta property=\"og:description\" content=\"A Iveco tem vindo a rejuvenescer a sua gama de autocarros, tendo apresentado v\u00e1rios modelos no sal\u00e3o Busworld em Bruxelas deste ano.\" \/>\n<meta property=\"og:url\" content=\"https:\/\/automotiverevista.pt\/index.php\/2024\/01\/31\/iveco-rejuvenesce-a-sua-presenca-nos-autocarros\/\" \/>\n<meta property=\"og:site_name\" content=\"Revista Automotive\" \/>\n<meta property=\"article:published_time\" content=\"2024-01-31T08:19:00+00:00\" \/>\n<meta property=\"og:image\" content=\"https:\/\/automotiverevista.pt\/wp-content\/uploads\/2024\/01\/20231124_175236.jpg\" \/>\n\t<meta property=\"og:image:width\" content=\"2000\" \/>\n\t<meta property=\"og:image:height\" content=\"1500\" \/>\n\t<meta property=\"og:image:type\" content=\"image\/jpeg\" \/>\n<meta name=\"author\" content=\"adminNovo\" \/>\n<meta name=\"twitter:card\" content=\"summary_large_image\" \/>\n<meta name=\"twitter:label1\" content=\"Escrito por\" \/>\n\t<meta name=\"twitter:data1\" content=\"adminNovo\" \/>\n\t<meta name=\"twitter:label2\" content=\"Tempo estimado de leitura\" \/>\n\t<meta name=\"twitter:data2\" content=\"2 minutos\" \/>\n<script type=\"application\/ld+json\" class=\"yoast-schema-graph\">{\"@context\":\"https:\\\/\\\/schema.org\",\"@graph\":[{\"@type\":\"Article\",\"@id\":\"https:\\\/\\\/automotiverevista.pt\\\/index.php\\\/2024\\\/01\\\/31\\\/iveco-rejuvenesce-a-sua-presenca-nos-autocarros\\\/#article\",\"isPartOf\":{\"@id\":\"https:\\\/\\\/automotiverevista.pt\\\/index.php\\\/2024\\\/01\\\/31\\\/iveco-rejuvenesce-a-sua-presenca-nos-autocarros\\\/\"},\"author\":{\"name\":\"adminNovo\",\"@id\":\"https:\\\/\\\/automotiverevista.pt\\\/#\\\/schema\\\/person\\\/1265858bc8c78a0f969de814da8be281\"},\"headline\":\"Iveco rejuvenesce a sua presen\u00e7a nos autocarros\",\"datePublished\":\"2024-01-31T08:19:00+00:00\",\"mainEntityOfPage\":{\"@id\":\"https:\\\/\\\/automotiverevista.pt\\\/index.php\\\/2024\\\/01\\\/31\\\/iveco-rejuvenesce-a-sua-presenca-nos-autocarros\\\/\"},\"wordCount\":251,\"publisher\":{\"@id\":\"https:\\\/\\\/automotiverevista.pt\\\/#organization\"},\"image\":{\"@id\":\"https:\\\/\\\/automotiverevista.pt\\\/index.php\\\/2024\\\/01\\\/31\\\/iveco-rejuvenesce-a-sua-presenca-nos-autocarros\\\/#primaryimage\"},\"thumbnailUrl\":\"https:\\\/\\\/automotiverevista.pt\\\/wp-content\\\/uploads\\\/2024\\\/01\\\/20231124_175236.jpg\",\"articleSection\":[\"Pesados e M\u00e1quinas\"],\"inLanguage\":\"pt-PT\"},{\"@type\":\"WebPage\",\"@id\":\"https:\\\/\\\/automotiverevista.pt\\\/index.php\\\/2024\\\/01\\\/31\\\/iveco-rejuvenesce-a-sua-presenca-nos-autocarros\\\/\",\"url\":\"https:\\\/\\\/automotiverevista.pt\\\/index.php\\\/2024\\\/01\\\/31\\\/iveco-rejuvenesce-a-sua-presenca-nos-autocarros\\\/\",\"name\":\"Iveco rejuvenesce a sua presen\u00e7a nos autocarros - Revista Automotive\",\"isPartOf\":{\"@id\":\"https:\\\/\\\/automotiverevista.pt\\\/#website\"},\"primaryImageOfPage\":{\"@id\":\"https:\\\/\\\/automotiverevista.pt\\\/index.php\\\/2024\\\/01\\\/31\\\/iveco-rejuvenesce-a-sua-presenca-nos-autocarros\\\/#primaryimage\"},\"image\":{\"@id\":\"https:\\\/\\\/automotiverevista.pt\\\/index.php\\\/2024\\\/01\\\/31\\\/iveco-rejuvenesce-a-sua-presenca-nos-autocarros\\\/#primaryimage\"},\"thumbnailUrl\":\"https:\\\/\\\/automotiverevista.pt\\\/wp-content\\\/uploads\\\/2024\\\/01\\\/20231124_175236.jpg\",\"datePublished\":\"2024-01-31T08:19:00+00:00\",\"description\":\"A Iveco tem vindo a rejuvenescer a sua gama de autocarros, tendo apresentado v\u00e1rios modelos no sal\u00e3o Busworld em Bruxelas deste ano.\",\"breadcrumb\":{\"@id\":\"https:\\\/\\\/automotiverevista.pt\\\/index.php\\\/2024\\\/01\\\/31\\\/iveco-rejuvenesce-a-sua-presenca-nos-autocarros\\\/#breadcrumb\"},\"inLanguage\":\"pt-PT\",\"potentialAction\":[{\"@type\":\"ReadAction\",\"target\":[\"https:\\\/\\\/automotiverevista.pt\\\/index.php\\\/2024\\\/01\\\/31\\\/iveco-rejuvenesce-a-sua-presenca-nos-autocarros\\\/\"]}]},{\"@type\":\"ImageObject\",\"inLanguage\":\"pt-PT\",\"@id\":\"https:\\\/\\\/automotiverevista.pt\\\/index.php\\\/2024\\\/01\\\/31\\\/iveco-rejuvenesce-a-sua-presenca-nos-autocarros\\\/#primaryimage\",\"url\":\"https:\\\/\\\/automotiverevista.pt\\\/wp-content\\\/uploads\\\/2024\\\/01\\\/20231124_175236.jpg\",\"contentUrl\":\"https:\\\/\\\/automotiverevista.pt\\\/wp-content\\\/uploads\\\/2024\\\/01\\\/20231124_175236.jpg\",\"width\":2000,\"height\":1500,\"caption\":\"Iveco Bus\"},{\"@type\":\"BreadcrumbList\",\"@id\":\"https:\\\/\\\/automotiverevista.pt\\\/index.php\\\/2024\\\/01\\\/31\\\/iveco-rejuvenesce-a-sua-presenca-nos-autocarros\\\/#breadcrumb\",\"itemListElement\":[{\"@type\":\"ListItem\",\"position\":1,\"name\":\"Home\",\"item\":\"https:\\\/\\\/automotiverevista.pt\\\/\"},{\"@type\":\"ListItem\",\"position\":2,\"name\":\"Iveco rejuvenesce a sua presen\u00e7a nos autocarros\"}]},{\"@type\":\"WebSite\",\"@id\":\"https:\\\/\\\/automotiverevista.pt\\\/#website\",\"url\":\"https:\\\/\\\/automotiverevista.pt\\\/\",\"name\":\"Revista Automotive\",\"description\":\"Revista Automotive Portugal\",\"publisher\":{\"@id\":\"https:\\\/\\\/automotiverevista.pt\\\/#organization\"},\"potentialAction\":[{\"@type\":\"SearchAction\",\"target\":{\"@type\":\"EntryPoint\",\"urlTemplate\":\"https:\\\/\\\/automotiverevista.pt\\\/?s={search_term_string}\"},\"query-input\":{\"@type\":\"PropertyValueSpecification\",\"valueRequired\":true,\"valueName\":\"search_term_string\"}}],\"inLanguage\":\"pt-PT\"},{\"@type\":\"Organization\",\"@id\":\"https:\\\/\\\/automotiverevista.pt\\\/#organization\",\"name\":\"Revista Automotive Portugal\",\"url\":\"https:\\\/\\\/automotiverevista.pt\\\/\",\"logo\":{\"@type\":\"ImageObject\",\"inLanguage\":\"pt-PT\",\"@id\":\"https:\\\/\\\/automotiverevista.pt\\\/#\\\/schema\\\/logo\\\/image\\\/\",\"url\":\"https:\\\/\\\/automotiverevista.pt\\\/wp-content\\\/uploads\\\/2022\\\/07\\\/Logo-Automotive-2021_500-1.jpg\",\"contentUrl\":\"https:\\\/\\\/automotiverevista.pt\\\/wp-content\\\/uploads\\\/2022\\\/07\\\/Logo-Automotive-2021_500-1.jpg\",\"width\":500,\"height\":160,\"caption\":\"Revista Automotive Portugal\"},\"image\":{\"@id\":\"https:\\\/\\\/automotiverevista.pt\\\/#\\\/schema\\\/logo\\\/image\\\/\"},\"sameAs\":[\"https:\\\/\\\/linkedin.com\\\/in\\\/automotiverevista\"]},{\"@type\":\"Person\",\"@id\":\"https:\\\/\\\/automotiverevista.pt\\\/#\\\/schema\\\/person\\\/1265858bc8c78a0f969de814da8be281\",\"name\":\"adminNovo\",\"image\":{\"@type\":\"ImageObject\",\"inLanguage\":\"pt-PT\",\"@id\":\"https:\\\/\\\/secure.gravatar.com\\\/avatar\\\/c606c1288dcc11eb4c709aa5136fdb962583c410f5c23c0b7bf6917c542be355?s=96&d=mm&r=g\",\"url\":\"https:\\\/\\\/secure.gravatar.com\\\/avatar\\\/c606c1288dcc11eb4c709aa5136fdb962583c410f5c23c0b7bf6917c542be355?s=96&d=mm&r=g\",\"contentUrl\":\"https:\\\/\\\/secure.gravatar.com\\\/avatar\\\/c606c1288dcc11eb4c709aa5136fdb962583c410f5c23c0b7bf6917c542be355?s=96&d=mm&r=g\",\"caption\":\"adminNovo\"},\"sameAs\":[\"https:\\\/\\\/automotiverevista.pt\"],\"url\":\"https:\\\/\\\/automotiverevista.pt\\\/index.php\\\/author\\\/adminnovo\\\/\"}]}<\/script>\n<!-- \/ Yoast SEO Premium plugin. -->","yoast_head_json":{"title":"Iveco rejuvenesce a sua presen\u00e7a nos autocarros - Revista Automotive","description":"A Iveco tem vindo a rejuvenescer a sua gama de autocarros, tendo apresentado v\u00e1rios modelos no sal\u00e3o Busworld em Bruxelas deste ano.","robots":{"index":"index","follow":"follow","max-snippet":"max-snippet:-1","max-image-preview":"max-image-preview:large","max-video-preview":"max-video-preview:-1"},"canonical":"https:\/\/automotiverevista.pt\/index.php\/2024\/01\/31\/iveco-rejuvenesce-a-sua-presenca-nos-autocarros\/","og_locale":"pt_PT","og_type":"article","og_title":"Iveco rejuvenesce a sua presen\u00e7a nos autocarros","og_description":"A Iveco tem vindo a rejuvenescer a sua gama de autocarros, tendo apresentado v\u00e1rios modelos no sal\u00e3o Busworld em Bruxelas deste ano.","og_url":"https:\/\/automotiverevista.pt\/index.php\/2024\/01\/31\/iveco-rejuvenesce-a-sua-presenca-nos-autocarros\/","og_site_name":"Revista Automotive","article_published_time":"2024-01-31T08:19:00+00:00","og_image":[{"width":2000,"height":1500,"url":"https:\/\/automotiverevista.pt\/wp-content\/uploads\/2024\/01\/20231124_175236.jpg","type":"image\/jpeg"}],"author":"adminNovo","twitter_card":"summary_large_image","twitter_misc":{"Escrito por":"adminNovo","Tempo estimado de leitura":"2 minutos"},"schema":{"@context":"https:\/\/schema.org","@graph":[{"@type":"Article","@id":"https:\/\/automotiverevista.pt\/index.php\/2024\/01\/31\/iveco-rejuvenesce-a-sua-presenca-nos-autocarros\/#article","isPartOf":{"@id":"https:\/\/automotiverevista.pt\/index.php\/2024\/01\/31\/iveco-rejuvenesce-a-sua-presenca-nos-autocarros\/"},"author":{"name":"adminNovo","@id":"https:\/\/automotiverevista.pt\/#\/schema\/person\/1265858bc8c78a0f969de814da8be281"},"headline":"Iveco rejuvenesce a sua presen\u00e7a nos autocarros","datePublished":"2024-01-31T08:19:00+00:00","mainEntityOfPage":{"@id":"https:\/\/automotiverevista.pt\/index.php\/2024\/01\/31\/iveco-rejuvenesce-a-sua-presenca-nos-autocarros\/"},"wordCount":251,"publisher":{"@id":"https:\/\/automotiverevista.pt\/#organization"},"image":{"@id":"https:\/\/automotiverevista.pt\/index.php\/2024\/01\/31\/iveco-rejuvenesce-a-sua-presenca-nos-autocarros\/#primaryimage"},"thumbnailUrl":"https:\/\/automotiverevista.pt\/wp-content\/uploads\/2024\/01\/20231124_175236.jpg","articleSection":["Pesados e M\u00e1quinas"],"inLanguage":"pt-PT"},{"@type":"WebPage","@id":"https:\/\/automotiverevista.pt\/index.php\/2024\/01\/31\/iveco-rejuvenesce-a-sua-presenca-nos-autocarros\/","url":"https:\/\/automotiverevista.pt\/index.php\/2024\/01\/31\/iveco-rejuvenesce-a-sua-presenca-nos-autocarros\/","name":"Iveco rejuvenesce a sua presen\u00e7a nos autocarros - Revista Automotive","isPartOf":{"@id":"https:\/\/automotiverevista.pt\/#website"},"primaryImageOfPage":{"@id":"https:\/\/automotiverevista.pt\/index.php\/2024\/01\/31\/iveco-rejuvenesce-a-sua-presenca-nos-autocarros\/#primaryimage"},"image":{"@id":"https:\/\/automotiverevista.pt\/index.php\/2024\/01\/31\/iveco-rejuvenesce-a-sua-presenca-nos-autocarros\/#primaryimage"},"thumbnailUrl":"https:\/\/automotiverevista.pt\/wp-content\/uploads\/2024\/01\/20231124_175236.jpg","datePublished":"2024-01-31T08:19:00+00:00","description":"A Iveco tem vindo a rejuvenescer a sua gama de autocarros, tendo apresentado v\u00e1rios modelos no sal\u00e3o Busworld em Bruxelas deste ano.","breadcrumb":{"@id":"https:\/\/automotiverevista.pt\/index.php\/2024\/01\/31\/iveco-rejuvenesce-a-sua-presenca-nos-autocarros\/#breadcrumb"},"inLanguage":"pt-PT","potentialAction":[{"@type":"ReadAction","target":["https:\/\/automotiverevista.pt\/index.php\/2024\/01\/31\/iveco-rejuvenesce-a-sua-presenca-nos-autocarros\/"]}]},{"@type":"ImageObject","inLanguage":"pt-PT","@id":"https:\/\/automotiverevista.pt\/index.php\/2024\/01\/31\/iveco-rejuvenesce-a-sua-presenca-nos-autocarros\/#primaryimage","url":"https:\/\/automotiverevista.pt\/wp-content\/uploads\/2024\/01\/20231124_175236.jpg","contentUrl":"https:\/\/automotiverevista.pt\/wp-content\/uploads\/2024\/01\/20231124_175236.jpg","width":2000,"height":1500,"caption":"Iveco Bus"},{"@type":"BreadcrumbList","@id":"https:\/\/automotiverevista.pt\/index.php\/2024\/01\/31\/iveco-rejuvenesce-a-sua-presenca-nos-autocarros\/#breadcrumb","itemListElement":[{"@type":"ListItem","position":1,"name":"Home","item":"https:\/\/automotiverevista.pt\/"},{"@type":"ListItem","position":2,"name":"Iveco rejuvenesce a sua presen\u00e7a nos autocarros"}]},{"@type":"WebSite","@id":"https:\/\/automotiverevista.pt\/#website","url":"https:\/\/automotiverevista.pt\/","name":"Revista Automotive","description":"Revista Automotive Portugal","publisher":{"@id":"https:\/\/automotiverevista.pt\/#organization"},"potentialAction":[{"@type":"SearchAction","target":{"@type":"EntryPoint","urlTemplate":"https:\/\/automotiverevista.pt\/?s={search_term_string}"},"query-input":{"@type":"PropertyValueSpecification","valueRequired":true,"valueName":"search_term_string"}}],"inLanguage":"pt-PT"},{"@type":"Organization","@id":"https:\/\/automotiverevista.pt\/#organization","name":"Revista Automotive Portugal","url":"https:\/\/automotiverevista.pt\/","logo":{"@type":"ImageObject","inLanguage":"pt-PT","@id":"https:\/\/automotiverevista.pt\/#\/schema\/logo\/image\/","url":"https:\/\/automotiverevista.pt\/wp-content\/uploads\/2022\/07\/Logo-Automotive-2021_500-1.jpg","contentUrl":"https:\/\/automotiverevista.pt\/wp-content\/uploads\/2022\/07\/Logo-Automotive-2021_500-1.jpg","width":500,"height":160,"caption":"Revista Automotive Portugal"},"image":{"@id":"https:\/\/automotiverevista.pt\/#\/schema\/logo\/image\/"},"sameAs":["https:\/\/linkedin.com\/in\/automotiverevista"]},{"@type":"Person","@id":"https:\/\/automotiverevista.pt\/#\/schema\/person\/1265858bc8c78a0f969de814da8be281","name":"adminNovo","image":{"@type":"ImageObject","inLanguage":"pt-PT","@id":"https:\/\/secure.gravatar.com\/avatar\/c606c1288dcc11eb4c709aa5136fdb962583c410f5c23c0b7bf6917c542be355?s=96&d=mm&r=g","url":"https:\/\/secure.gravatar.com\/avatar\/c606c1288dcc11eb4c709aa5136fdb962583c410f5c23c0b7bf6917c542be355?s=96&d=mm&r=g","contentUrl":"https:\/\/secure.gravatar.com\/avatar\/c606c1288dcc11eb4c709aa5136fdb962583c410f5c23c0b7bf6917c542be355?s=96&d=mm&r=g","caption":"adminNovo"},"sameAs":["https:\/\/automotiverevista.pt"],"url":"https:\/\/automotiverevista.pt\/index.php\/author\/adminnovo\/"}]}},"_links":{"self":[{"href":"https:\/\/automotiverevista.pt\/index.php\/wp-json\/wp\/v2\/posts\/5417","targetHints":{"allow":["GET"]}}],"collection":[{"href":"https:\/\/automotiverevista.pt\/index.php\/wp-json\/wp\/v2\/posts"}],"about":[{"href":"https:\/\/automotiverevista.pt\/index.php\/wp-json\/wp\/v2\/types\/post"}],"author":[{"embeddable":true,"href":"https:\/\/automotiverevista.pt\/index.php\/wp-json\/wp\/v2\/users\/1"}],"replies":[{"embeddable":true,"href":"https:\/\/automotiverevista.pt\/index.php\/wp-json\/wp\/v2\/comments?post=5417"}],"version-history":[{"count":1,"href":"https:\/\/automotiverevista.pt\/index.php\/wp-json\/wp\/v2\/posts\/5417\/revisions"}],"predecessor-version":[{"id":5420,"href":"https:\/\/automotiverevista.pt\/index.php\/wp-json\/wp\/v2\/posts\/5417\/revisions\/5420"}],"wp:featuredmedia":[{"embeddable":true,"href":"https:\/\/automotiverevista.pt\/index.php\/wp-json\/wp\/v2\/media\/5418"}],"wp:attachment":[{"href":"https:\/\/automotiverevista.pt\/index.php\/wp-json\/wp\/v2\/media?parent=5417"}],"wp:term":[{"taxonomy":"category","embeddable":true,"href":"https:\/\/automotiverevista.pt\/index.php\/wp-json\/wp\/v2\/categories?post=5417"},{"taxonomy":"post_tag","embeddable":true,"href":"https:\/\/automotiverevista.pt\/index.php\/wp-json\/wp\/v2\/tags?post=5417"}],"curies":[{"name":"wp","href":"https:\/\/api.w.org\/{rel}","templated":true}]}}