{"id":5430,"date":"2024-02-01T07:44:00","date_gmt":"2024-02-01T07:44:00","guid":{"rendered":"https:\/\/automotiverevista.pt\/?p=5430"},"modified":"2024-01-28T19:44:41","modified_gmt":"2024-01-28T19:44:41","slug":"sunsundegui-prepara-lancamento-da-nova-geracao-sc7","status":"publish","type":"post","link":"https:\/\/automotiverevista.pt\/index.php\/2024\/02\/01\/sunsundegui-prepara-lancamento-da-nova-geracao-sc7\/","title":{"rendered":"Sunsundegui prepara lan\u00e7amento da nova gera\u00e7\u00e3o SC7"},"content":{"rendered":"\n<p>A Sunsundegui tamb\u00e9m marcou presen\u00e7a na Conven\u00e7\u00e3o ARP em Braga, onde <strong>Paulo Gomes<\/strong> (foto), respons\u00e1vel da marca para Portugal, referiu que a nova gera\u00e7\u00e3o do <a href=\"https:\/\/youtu.be\/9zgCIlBNvBI?si=_2cN8BACkTE4vtKC\">autocarro SC7 <\/a>est\u00e1 para ser lan\u00e7ada brevemente.<\/p>\n\n\n\n<p>O ano de 2023 foi decisivo para a Sunsundegui que estava em dificuldades econ\u00f3micas resultantes da queda do turismo provocada pela pandemia, situa\u00e7\u00e3o que afetou diretamente a sua atividade. Os acordos alcan\u00e7ados com os sindicatos e o apoio de 73% do capital social ao Plano de Viabilidade 2022-2027 permitiram dar um novo futuro a esta construtora de autocarros, sediada em Alsasua (Espanha).<\/p>\n\n\n\n<p>Outro acontecimento<a href=\"https:\/\/automotiverevista.pt\/index.php\/2023\/02\/28\/sunsundegui-lanca-novo-sb3-go\/\"> importante de 2023, <\/a>foi o acordo firmado com a Volvo Bus para a constru\u00e7\u00e3o dos seus autocarros de turismo. Assim, a partir de maio de 2024, a Sunsundegui assumir\u00e1 a produ\u00e7\u00e3o de dois modelos de autocarros de \u00faltima gera\u00e7\u00e3o do fabricante autom\u00f3vel sueco (os modelos topo de gama 9700 e 9900), e alcan\u00e7ar\u00e1 um ritmo de produ\u00e7\u00e3o de 2 unidades por dia, atrav\u00e9s de um processo gradual de 9 a 12 meses. Al\u00e9m disso, implicar\u00e1 o recrutamento, nos pr\u00f3ximos quatro anos, de pessoal direto e indireto, totalizando entre 400 e 500 novos postos de trabalho.<\/p>\n\n\n\n<p>Segundo Paulo Gomes, este acordo com a Volvo Bus n\u00e3o altera em nada a pol\u00edtica de carro\u00e7amento multimarca da Sunsundegui, utilizando como exemplo o <a href=\"https:\/\/automotiverevista.pt\/index.php\/2023\/02\/28\/sunsundegui-lanca-novo-sb3-go\/\">autocarro <\/a>exposto na ARP, o <a href=\"https:\/\/youtu.be\/9zgCIlBNvBI?si=_2cN8BACkTE4vtKC\">modelo SC7 <\/a>equipado motor Scania, da empresa Guided Portugal.<\/p>\n\n\n\n<figure class=\"wp-block-image size-large is-resized\"><img decoding=\"async\" width=\"1024\" height=\"473\" src=\"https:\/\/automotiverevista.pt\/wp-content\/uploads\/2024\/01\/20231124_172547-1024x473.jpg\" alt=\"\" class=\"wp-image-5432\" style=\"width:873px;height:auto\" srcset=\"https:\/\/automotiverevista.pt\/wp-content\/uploads\/2024\/01\/20231124_172547-1024x473.jpg 1024w, https:\/\/automotiverevista.pt\/wp-content\/uploads\/2024\/01\/20231124_172547-300x138.jpg 300w, https:\/\/automotiverevista.pt\/wp-content\/uploads\/2024\/01\/20231124_172547-768x354.jpg 768w, https:\/\/automotiverevista.pt\/wp-content\/uploads\/2024\/01\/20231124_172547-1536x709.jpg 1536w, https:\/\/automotiverevista.pt\/wp-content\/uploads\/2024\/01\/20231124_172547-750x346.jpg 750w, https:\/\/automotiverevista.pt\/wp-content\/uploads\/2024\/01\/20231124_172547-1140x526.jpg 1140w, https:\/\/automotiverevista.pt\/wp-content\/uploads\/2024\/01\/20231124_172547.jpg 1790w\" sizes=\"(max-width: 1024px) 100vw, 1024px\" \/><\/figure>\n","protected":false},"excerpt":{"rendered":"<p>A Sunsundegui tamb\u00e9m marcou presen\u00e7a na Conven\u00e7\u00e3o ARP em Braga, onde Paulo Gomes (foto), respons\u00e1vel da marca para Portugal, referiu que a nova gera\u00e7\u00e3o do autocarro SC7 est\u00e1 para ser lan\u00e7ada brevemente. O ano de 2023 foi decisivo para a Sunsundegui que estava em dificuldades econ\u00f3micas resultantes da queda do turismo provocada pela pandemia, situa\u00e7\u00e3o [&hellip;]<\/p>\n","protected":false},"author":1,"featured_media":5431,"comment_status":"closed","ping_status":"open","sticky":false,"template":"","format":"standard","meta":{"jnews-multi-image_gallery":[],"jnews_single_post":{"subtitle":"","format":"standard","video":"","gallery":"","source_name":"","source_url":"","via_name":"","via_url":"","override_template":"0","override":[{"template":"2","single_blog_custom":"","parallax":"1","fullscreen":"1","layout":"right-sidebar","sidebar":"default-sidebar","second_sidebar":"default-sidebar","sticky_sidebar":"1","share_position":"topbottom","share_float_style":"share-monocrhome","show_share_counter":"0","show_view_counter":"0","show_featured":"1","show_post_meta":"1","show_post_author":"0","show_post_author_image":"1","show_post_date":"1","post_date_format":"default","post_date_format_custom":"Y\/m\/d","show_post_category":"1","show_post_reading_time":"0","post_reading_time_wpm":"300","show_zoom_button":"0","zoom_button_out_step":"2","zoom_button_in_step":"3","show_post_tag":"1","show_prev_next_post":"0","show_popup_post":"1","number_popup_post":"1","show_author_box":"0","show_post_related":"1","show_inline_post_related":"1"}],"override_image_size":"0","image_override":[{"single_post_thumbnail_size":"crop-500","single_post_gallery_size":"crop-500"}],"trending_post":"0","trending_post_position":"meta","trending_post_label":"Trending","sponsored_post":"0","sponsored_post_label":"Sponsored by","sponsored_post_name":"","sponsored_post_url":"","sponsored_post_logo_enable":"0","sponsored_post_logo":"","sponsored_post_desc":"","disable_ad":"0"},"jnews_primary_category":{"id":"","hide":""},"footnotes":""},"categories":[25],"tags":[],"class_list":["post-5430","post","type-post","status-publish","format-standard","has-post-thumbnail","hentry","category-pesados-e-maquinas"],"yoast_head":"<!-- This site is optimized with the Yoast SEO Premium plugin v27.5 (Yoast SEO v27.5) - https:\/\/yoast.com\/product\/yoast-seo-premium-wordpress\/ -->\n<title>Sunsundegui prepara lan\u00e7amento da nova gera\u00e7\u00e3o SC7 - Revista Automotive<\/title>\n<meta name=\"description\" content=\"A Sunsundegui marcou presen\u00e7a na Conven\u00e7\u00e3o ARP em Braga, onde Paulo Gomes (para Portugal, referiu que a nova gera\u00e7\u00e3o do autocarro SC7\" \/>\n<meta name=\"robots\" content=\"index, follow, max-snippet:-1, max-image-preview:large, max-video-preview:-1\" \/>\n<link rel=\"canonical\" href=\"https:\/\/automotiverevista.pt\/index.php\/2024\/02\/01\/sunsundegui-prepara-lancamento-da-nova-geracao-sc7\/\" \/>\n<meta property=\"og:locale\" content=\"pt_PT\" \/>\n<meta property=\"og:type\" content=\"article\" \/>\n<meta property=\"og:title\" content=\"Sunsundegui prepara lan\u00e7amento da nova gera\u00e7\u00e3o SC7\" \/>\n<meta property=\"og:description\" content=\"A Sunsundegui marcou presen\u00e7a na Conven\u00e7\u00e3o ARP em Braga, onde Paulo Gomes (para Portugal, referiu que a nova gera\u00e7\u00e3o do autocarro SC7\" \/>\n<meta property=\"og:url\" content=\"https:\/\/automotiverevista.pt\/index.php\/2024\/02\/01\/sunsundegui-prepara-lancamento-da-nova-geracao-sc7\/\" \/>\n<meta property=\"og:site_name\" content=\"Revista Automotive\" \/>\n<meta property=\"article:published_time\" content=\"2024-02-01T07:44:00+00:00\" \/>\n<meta property=\"og:image\" content=\"https:\/\/automotiverevista.pt\/wp-content\/uploads\/2024\/01\/20231124_170313.jpg\" \/>\n\t<meta property=\"og:image:width\" content=\"2000\" \/>\n\t<meta property=\"og:image:height\" content=\"1500\" \/>\n\t<meta property=\"og:image:type\" content=\"image\/jpeg\" \/>\n<meta name=\"author\" content=\"adminNovo\" \/>\n<meta name=\"twitter:card\" content=\"summary_large_image\" \/>\n<meta name=\"twitter:label1\" content=\"Escrito por\" \/>\n\t<meta name=\"twitter:data1\" content=\"adminNovo\" \/>\n\t<meta name=\"twitter:label2\" content=\"Tempo estimado de leitura\" \/>\n\t<meta name=\"twitter:data2\" content=\"2 minutos\" \/>\n<script type=\"application\/ld+json\" class=\"yoast-schema-graph\">{\"@context\":\"https:\\\/\\\/schema.org\",\"@graph\":[{\"@type\":\"Article\",\"@id\":\"https:\\\/\\\/automotiverevista.pt\\\/index.php\\\/2024\\\/02\\\/01\\\/sunsundegui-prepara-lancamento-da-nova-geracao-sc7\\\/#article\",\"isPartOf\":{\"@id\":\"https:\\\/\\\/automotiverevista.pt\\\/index.php\\\/2024\\\/02\\\/01\\\/sunsundegui-prepara-lancamento-da-nova-geracao-sc7\\\/\"},\"author\":{\"name\":\"adminNovo\",\"@id\":\"https:\\\/\\\/automotiverevista.pt\\\/#\\\/schema\\\/person\\\/1265858bc8c78a0f969de814da8be281\"},\"headline\":\"Sunsundegui prepara lan\u00e7amento da nova gera\u00e7\u00e3o SC7\",\"datePublished\":\"2024-02-01T07:44:00+00:00\",\"mainEntityOfPage\":{\"@id\":\"https:\\\/\\\/automotiverevista.pt\\\/index.php\\\/2024\\\/02\\\/01\\\/sunsundegui-prepara-lancamento-da-nova-geracao-sc7\\\/\"},\"wordCount\":248,\"publisher\":{\"@id\":\"https:\\\/\\\/automotiverevista.pt\\\/#organization\"},\"image\":{\"@id\":\"https:\\\/\\\/automotiverevista.pt\\\/index.php\\\/2024\\\/02\\\/01\\\/sunsundegui-prepara-lancamento-da-nova-geracao-sc7\\\/#primaryimage\"},\"thumbnailUrl\":\"https:\\\/\\\/automotiverevista.pt\\\/wp-content\\\/uploads\\\/2024\\\/01\\\/20231124_170313.jpg\",\"articleSection\":[\"Pesados e M\u00e1quinas\"],\"inLanguage\":\"pt-PT\"},{\"@type\":\"WebPage\",\"@id\":\"https:\\\/\\\/automotiverevista.pt\\\/index.php\\\/2024\\\/02\\\/01\\\/sunsundegui-prepara-lancamento-da-nova-geracao-sc7\\\/\",\"url\":\"https:\\\/\\\/automotiverevista.pt\\\/index.php\\\/2024\\\/02\\\/01\\\/sunsundegui-prepara-lancamento-da-nova-geracao-sc7\\\/\",\"name\":\"Sunsundegui prepara lan\u00e7amento da nova gera\u00e7\u00e3o SC7 - Revista Automotive\",\"isPartOf\":{\"@id\":\"https:\\\/\\\/automotiverevista.pt\\\/#website\"},\"primaryImageOfPage\":{\"@id\":\"https:\\\/\\\/automotiverevista.pt\\\/index.php\\\/2024\\\/02\\\/01\\\/sunsundegui-prepara-lancamento-da-nova-geracao-sc7\\\/#primaryimage\"},\"image\":{\"@id\":\"https:\\\/\\\/automotiverevista.pt\\\/index.php\\\/2024\\\/02\\\/01\\\/sunsundegui-prepara-lancamento-da-nova-geracao-sc7\\\/#primaryimage\"},\"thumbnailUrl\":\"https:\\\/\\\/automotiverevista.pt\\\/wp-content\\\/uploads\\\/2024\\\/01\\\/20231124_170313.jpg\",\"datePublished\":\"2024-02-01T07:44:00+00:00\",\"description\":\"A Sunsundegui marcou presen\u00e7a na Conven\u00e7\u00e3o ARP em Braga, onde Paulo Gomes (para Portugal, referiu que a nova gera\u00e7\u00e3o do autocarro SC7\",\"breadcrumb\":{\"@id\":\"https:\\\/\\\/automotiverevista.pt\\\/index.php\\\/2024\\\/02\\\/01\\\/sunsundegui-prepara-lancamento-da-nova-geracao-sc7\\\/#breadcrumb\"},\"inLanguage\":\"pt-PT\",\"potentialAction\":[{\"@type\":\"ReadAction\",\"target\":[\"https:\\\/\\\/automotiverevista.pt\\\/index.php\\\/2024\\\/02\\\/01\\\/sunsundegui-prepara-lancamento-da-nova-geracao-sc7\\\/\"]}]},{\"@type\":\"ImageObject\",\"inLanguage\":\"pt-PT\",\"@id\":\"https:\\\/\\\/automotiverevista.pt\\\/index.php\\\/2024\\\/02\\\/01\\\/sunsundegui-prepara-lancamento-da-nova-geracao-sc7\\\/#primaryimage\",\"url\":\"https:\\\/\\\/automotiverevista.pt\\\/wp-content\\\/uploads\\\/2024\\\/01\\\/20231124_170313.jpg\",\"contentUrl\":\"https:\\\/\\\/automotiverevista.pt\\\/wp-content\\\/uploads\\\/2024\\\/01\\\/20231124_170313.jpg\",\"width\":2000,\"height\":1500},{\"@type\":\"BreadcrumbList\",\"@id\":\"https:\\\/\\\/automotiverevista.pt\\\/index.php\\\/2024\\\/02\\\/01\\\/sunsundegui-prepara-lancamento-da-nova-geracao-sc7\\\/#breadcrumb\",\"itemListElement\":[{\"@type\":\"ListItem\",\"position\":1,\"name\":\"Home\",\"item\":\"https:\\\/\\\/automotiverevista.pt\\\/\"},{\"@type\":\"ListItem\",\"position\":2,\"name\":\"Sunsundegui prepara lan\u00e7amento da nova gera\u00e7\u00e3o SC7\"}]},{\"@type\":\"WebSite\",\"@id\":\"https:\\\/\\\/automotiverevista.pt\\\/#website\",\"url\":\"https:\\\/\\\/automotiverevista.pt\\\/\",\"name\":\"Revista Automotive\",\"description\":\"Revista Automotive Portugal\",\"publisher\":{\"@id\":\"https:\\\/\\\/automotiverevista.pt\\\/#organization\"},\"potentialAction\":[{\"@type\":\"SearchAction\",\"target\":{\"@type\":\"EntryPoint\",\"urlTemplate\":\"https:\\\/\\\/automotiverevista.pt\\\/?s={search_term_string}\"},\"query-input\":{\"@type\":\"PropertyValueSpecification\",\"valueRequired\":true,\"valueName\":\"search_term_string\"}}],\"inLanguage\":\"pt-PT\"},{\"@type\":\"Organization\",\"@id\":\"https:\\\/\\\/automotiverevista.pt\\\/#organization\",\"name\":\"Revista Automotive Portugal\",\"url\":\"https:\\\/\\\/automotiverevista.pt\\\/\",\"logo\":{\"@type\":\"ImageObject\",\"inLanguage\":\"pt-PT\",\"@id\":\"https:\\\/\\\/automotiverevista.pt\\\/#\\\/schema\\\/logo\\\/image\\\/\",\"url\":\"https:\\\/\\\/automotiverevista.pt\\\/wp-content\\\/uploads\\\/2022\\\/07\\\/Logo-Automotive-2021_500-1.jpg\",\"contentUrl\":\"https:\\\/\\\/automotiverevista.pt\\\/wp-content\\\/uploads\\\/2022\\\/07\\\/Logo-Automotive-2021_500-1.jpg\",\"width\":500,\"height\":160,\"caption\":\"Revista Automotive Portugal\"},\"image\":{\"@id\":\"https:\\\/\\\/automotiverevista.pt\\\/#\\\/schema\\\/logo\\\/image\\\/\"},\"sameAs\":[\"https:\\\/\\\/linkedin.com\\\/in\\\/automotiverevista\"]},{\"@type\":\"Person\",\"@id\":\"https:\\\/\\\/automotiverevista.pt\\\/#\\\/schema\\\/person\\\/1265858bc8c78a0f969de814da8be281\",\"name\":\"adminNovo\",\"image\":{\"@type\":\"ImageObject\",\"inLanguage\":\"pt-PT\",\"@id\":\"https:\\\/\\\/secure.gravatar.com\\\/avatar\\\/c606c1288dcc11eb4c709aa5136fdb962583c410f5c23c0b7bf6917c542be355?s=96&d=mm&r=g\",\"url\":\"https:\\\/\\\/secure.gravatar.com\\\/avatar\\\/c606c1288dcc11eb4c709aa5136fdb962583c410f5c23c0b7bf6917c542be355?s=96&d=mm&r=g\",\"contentUrl\":\"https:\\\/\\\/secure.gravatar.com\\\/avatar\\\/c606c1288dcc11eb4c709aa5136fdb962583c410f5c23c0b7bf6917c542be355?s=96&d=mm&r=g\",\"caption\":\"adminNovo\"},\"sameAs\":[\"https:\\\/\\\/automotiverevista.pt\"],\"url\":\"https:\\\/\\\/automotiverevista.pt\\\/index.php\\\/author\\\/adminnovo\\\/\"}]}<\/script>\n<!-- \/ Yoast SEO Premium plugin. -->","yoast_head_json":{"title":"Sunsundegui prepara lan\u00e7amento da nova gera\u00e7\u00e3o SC7 - Revista Automotive","description":"A Sunsundegui marcou presen\u00e7a na Conven\u00e7\u00e3o ARP em Braga, onde Paulo Gomes (para Portugal, referiu que a nova gera\u00e7\u00e3o do autocarro SC7","robots":{"index":"index","follow":"follow","max-snippet":"max-snippet:-1","max-image-preview":"max-image-preview:large","max-video-preview":"max-video-preview:-1"},"canonical":"https:\/\/automotiverevista.pt\/index.php\/2024\/02\/01\/sunsundegui-prepara-lancamento-da-nova-geracao-sc7\/","og_locale":"pt_PT","og_type":"article","og_title":"Sunsundegui prepara lan\u00e7amento da nova gera\u00e7\u00e3o SC7","og_description":"A Sunsundegui marcou presen\u00e7a na Conven\u00e7\u00e3o ARP em Braga, onde Paulo Gomes (para Portugal, referiu que a nova gera\u00e7\u00e3o do autocarro SC7","og_url":"https:\/\/automotiverevista.pt\/index.php\/2024\/02\/01\/sunsundegui-prepara-lancamento-da-nova-geracao-sc7\/","og_site_name":"Revista Automotive","article_published_time":"2024-02-01T07:44:00+00:00","og_image":[{"width":2000,"height":1500,"url":"https:\/\/automotiverevista.pt\/wp-content\/uploads\/2024\/01\/20231124_170313.jpg","type":"image\/jpeg"}],"author":"adminNovo","twitter_card":"summary_large_image","twitter_misc":{"Escrito por":"adminNovo","Tempo estimado de leitura":"2 minutos"},"schema":{"@context":"https:\/\/schema.org","@graph":[{"@type":"Article","@id":"https:\/\/automotiverevista.pt\/index.php\/2024\/02\/01\/sunsundegui-prepara-lancamento-da-nova-geracao-sc7\/#article","isPartOf":{"@id":"https:\/\/automotiverevista.pt\/index.php\/2024\/02\/01\/sunsundegui-prepara-lancamento-da-nova-geracao-sc7\/"},"author":{"name":"adminNovo","@id":"https:\/\/automotiverevista.pt\/#\/schema\/person\/1265858bc8c78a0f969de814da8be281"},"headline":"Sunsundegui prepara lan\u00e7amento da nova gera\u00e7\u00e3o SC7","datePublished":"2024-02-01T07:44:00+00:00","mainEntityOfPage":{"@id":"https:\/\/automotiverevista.pt\/index.php\/2024\/02\/01\/sunsundegui-prepara-lancamento-da-nova-geracao-sc7\/"},"wordCount":248,"publisher":{"@id":"https:\/\/automotiverevista.pt\/#organization"},"image":{"@id":"https:\/\/automotiverevista.pt\/index.php\/2024\/02\/01\/sunsundegui-prepara-lancamento-da-nova-geracao-sc7\/#primaryimage"},"thumbnailUrl":"https:\/\/automotiverevista.pt\/wp-content\/uploads\/2024\/01\/20231124_170313.jpg","articleSection":["Pesados e M\u00e1quinas"],"inLanguage":"pt-PT"},{"@type":"WebPage","@id":"https:\/\/automotiverevista.pt\/index.php\/2024\/02\/01\/sunsundegui-prepara-lancamento-da-nova-geracao-sc7\/","url":"https:\/\/automotiverevista.pt\/index.php\/2024\/02\/01\/sunsundegui-prepara-lancamento-da-nova-geracao-sc7\/","name":"Sunsundegui prepara lan\u00e7amento da nova gera\u00e7\u00e3o SC7 - Revista Automotive","isPartOf":{"@id":"https:\/\/automotiverevista.pt\/#website"},"primaryImageOfPage":{"@id":"https:\/\/automotiverevista.pt\/index.php\/2024\/02\/01\/sunsundegui-prepara-lancamento-da-nova-geracao-sc7\/#primaryimage"},"image":{"@id":"https:\/\/automotiverevista.pt\/index.php\/2024\/02\/01\/sunsundegui-prepara-lancamento-da-nova-geracao-sc7\/#primaryimage"},"thumbnailUrl":"https:\/\/automotiverevista.pt\/wp-content\/uploads\/2024\/01\/20231124_170313.jpg","datePublished":"2024-02-01T07:44:00+00:00","description":"A Sunsundegui marcou presen\u00e7a na Conven\u00e7\u00e3o ARP em Braga, onde Paulo Gomes (para Portugal, referiu que a nova gera\u00e7\u00e3o do autocarro SC7","breadcrumb":{"@id":"https:\/\/automotiverevista.pt\/index.php\/2024\/02\/01\/sunsundegui-prepara-lancamento-da-nova-geracao-sc7\/#breadcrumb"},"inLanguage":"pt-PT","potentialAction":[{"@type":"ReadAction","target":["https:\/\/automotiverevista.pt\/index.php\/2024\/02\/01\/sunsundegui-prepara-lancamento-da-nova-geracao-sc7\/"]}]},{"@type":"ImageObject","inLanguage":"pt-PT","@id":"https:\/\/automotiverevista.pt\/index.php\/2024\/02\/01\/sunsundegui-prepara-lancamento-da-nova-geracao-sc7\/#primaryimage","url":"https:\/\/automotiverevista.pt\/wp-content\/uploads\/2024\/01\/20231124_170313.jpg","contentUrl":"https:\/\/automotiverevista.pt\/wp-content\/uploads\/2024\/01\/20231124_170313.jpg","width":2000,"height":1500},{"@type":"BreadcrumbList","@id":"https:\/\/automotiverevista.pt\/index.php\/2024\/02\/01\/sunsundegui-prepara-lancamento-da-nova-geracao-sc7\/#breadcrumb","itemListElement":[{"@type":"ListItem","position":1,"name":"Home","item":"https:\/\/automotiverevista.pt\/"},{"@type":"ListItem","position":2,"name":"Sunsundegui prepara lan\u00e7amento da nova gera\u00e7\u00e3o SC7"}]},{"@type":"WebSite","@id":"https:\/\/automotiverevista.pt\/#website","url":"https:\/\/automotiverevista.pt\/","name":"Revista Automotive","description":"Revista Automotive Portugal","publisher":{"@id":"https:\/\/automotiverevista.pt\/#organization"},"potentialAction":[{"@type":"SearchAction","target":{"@type":"EntryPoint","urlTemplate":"https:\/\/automotiverevista.pt\/?s={search_term_string}"},"query-input":{"@type":"PropertyValueSpecification","valueRequired":true,"valueName":"search_term_string"}}],"inLanguage":"pt-PT"},{"@type":"Organization","@id":"https:\/\/automotiverevista.pt\/#organization","name":"Revista Automotive Portugal","url":"https:\/\/automotiverevista.pt\/","logo":{"@type":"ImageObject","inLanguage":"pt-PT","@id":"https:\/\/automotiverevista.pt\/#\/schema\/logo\/image\/","url":"https:\/\/automotiverevista.pt\/wp-content\/uploads\/2022\/07\/Logo-Automotive-2021_500-1.jpg","contentUrl":"https:\/\/automotiverevista.pt\/wp-content\/uploads\/2022\/07\/Logo-Automotive-2021_500-1.jpg","width":500,"height":160,"caption":"Revista Automotive Portugal"},"image":{"@id":"https:\/\/automotiverevista.pt\/#\/schema\/logo\/image\/"},"sameAs":["https:\/\/linkedin.com\/in\/automotiverevista"]},{"@type":"Person","@id":"https:\/\/automotiverevista.pt\/#\/schema\/person\/1265858bc8c78a0f969de814da8be281","name":"adminNovo","image":{"@type":"ImageObject","inLanguage":"pt-PT","@id":"https:\/\/secure.gravatar.com\/avatar\/c606c1288dcc11eb4c709aa5136fdb962583c410f5c23c0b7bf6917c542be355?s=96&d=mm&r=g","url":"https:\/\/secure.gravatar.com\/avatar\/c606c1288dcc11eb4c709aa5136fdb962583c410f5c23c0b7bf6917c542be355?s=96&d=mm&r=g","contentUrl":"https:\/\/secure.gravatar.com\/avatar\/c606c1288dcc11eb4c709aa5136fdb962583c410f5c23c0b7bf6917c542be355?s=96&d=mm&r=g","caption":"adminNovo"},"sameAs":["https:\/\/automotiverevista.pt"],"url":"https:\/\/automotiverevista.pt\/index.php\/author\/adminnovo\/"}]}},"_links":{"self":[{"href":"https:\/\/automotiverevista.pt\/index.php\/wp-json\/wp\/v2\/posts\/5430","targetHints":{"allow":["GET"]}}],"collection":[{"href":"https:\/\/automotiverevista.pt\/index.php\/wp-json\/wp\/v2\/posts"}],"about":[{"href":"https:\/\/automotiverevista.pt\/index.php\/wp-json\/wp\/v2\/types\/post"}],"author":[{"embeddable":true,"href":"https:\/\/automotiverevista.pt\/index.php\/wp-json\/wp\/v2\/users\/1"}],"replies":[{"embeddable":true,"href":"https:\/\/automotiverevista.pt\/index.php\/wp-json\/wp\/v2\/comments?post=5430"}],"version-history":[{"count":1,"href":"https:\/\/automotiverevista.pt\/index.php\/wp-json\/wp\/v2\/posts\/5430\/revisions"}],"predecessor-version":[{"id":5433,"href":"https:\/\/automotiverevista.pt\/index.php\/wp-json\/wp\/v2\/posts\/5430\/revisions\/5433"}],"wp:featuredmedia":[{"embeddable":true,"href":"https:\/\/automotiverevista.pt\/index.php\/wp-json\/wp\/v2\/media\/5431"}],"wp:attachment":[{"href":"https:\/\/automotiverevista.pt\/index.php\/wp-json\/wp\/v2\/media?parent=5430"}],"wp:term":[{"taxonomy":"category","embeddable":true,"href":"https:\/\/automotiverevista.pt\/index.php\/wp-json\/wp\/v2\/categories?post=5430"},{"taxonomy":"post_tag","embeddable":true,"href":"https:\/\/automotiverevista.pt\/index.php\/wp-json\/wp\/v2\/tags?post=5430"}],"curies":[{"name":"wp","href":"https:\/\/api.w.org\/{rel}","templated":true}]}}