{"id":5441,"date":"2024-02-05T07:09:00","date_gmt":"2024-02-05T07:09:00","guid":{"rendered":"https:\/\/automotiverevista.pt\/?p=5441"},"modified":"2024-01-28T20:10:08","modified_gmt":"2024-01-28T20:10:08","slug":"kangoo-e-tech-desfrutar-da-tecnologia-com-moderacao","status":"publish","type":"post","link":"https:\/\/automotiverevista.pt\/index.php\/2024\/02\/05\/kangoo-e-tech-desfrutar-da-tecnologia-com-moderacao\/","title":{"rendered":"Kangoo E-TECH \u2013 desfrutar da tecnologia com modera\u00e7\u00e3o"},"content":{"rendered":"\n<p>A exemplo da sua premiada gera\u00e7\u00e3o anterior, o novo <a href=\"https:\/\/youtu.be\/2L3fj8PgL0Q?si=T78EIF9e9b3iIrH4\">Renault Kangoo<\/a> E-TECH 100% el\u00e9trico tamb\u00e9m disp\u00f5e de uma vers\u00e3o de passageiros. Com aspeto aventureiro e ostentando uma bel\u00edssima cor \u201cvermelho carmim\u201d, \u00e9 um dos furg\u00f5es de passageiros mais atraentes que j\u00e1 ensai\u00e1mos.<\/p>\n\n\n\n<p>Os vidros escurecidos, as jantes especiais e os para-choques na cor da carro\u00e7aria s\u00e3o alguns dos apontamentos est\u00e9ticos que complementam o visual carism\u00e1tico deste modelo. No interior, a est\u00e9tica apurada continua a deslumbrar-nos, \u00e0 medida que vamos descobrindo mais detalhes deste modelo Kangoo 100% el\u00e9trico.<\/p>\n\n\n\n<p>A aten\u00e7\u00e3o ao detalhe por parte dos engenheiros da Renault, nota-se nos materiais utilizados, desde o friso a imitar madeira no tablier, passando pelo preto piano que envolve a manete do seletor de marcha, at\u00e9 ao pesponto dos bancos. A sensa\u00e7\u00e3o ao toque \u00e9 agrad\u00e1vel e distancia-se de um tradicional furg\u00e3o, quase sempre despido de atratividade no seu interior.<\/p>\n\n\n\n<figure class=\"wp-block-image size-large is-resized\"><img decoding=\"async\" width=\"1024\" height=\"768\" src=\"https:\/\/automotiverevista.pt\/wp-content\/uploads\/2024\/01\/20231019_175524-1024x768.jpg\" alt=\"\" class=\"wp-image-5443\" style=\"width:704px;height:auto\" srcset=\"https:\/\/automotiverevista.pt\/wp-content\/uploads\/2024\/01\/20231019_175524-1024x768.jpg 1024w, https:\/\/automotiverevista.pt\/wp-content\/uploads\/2024\/01\/20231019_175524-300x225.jpg 300w, https:\/\/automotiverevista.pt\/wp-content\/uploads\/2024\/01\/20231019_175524-768x576.jpg 768w, https:\/\/automotiverevista.pt\/wp-content\/uploads\/2024\/01\/20231019_175524-1536x1152.jpg 1536w, https:\/\/automotiverevista.pt\/wp-content\/uploads\/2024\/01\/20231019_175524-750x563.jpg 750w, https:\/\/automotiverevista.pt\/wp-content\/uploads\/2024\/01\/20231019_175524-1140x855.jpg 1140w, https:\/\/automotiverevista.pt\/wp-content\/uploads\/2024\/01\/20231019_175524.jpg 2000w\" sizes=\"(max-width: 1024px) 100vw, 1024px\" \/><\/figure>\n\n\n\n<p><strong>Prazer e seguran\u00e7a na condu\u00e7\u00e3o<\/strong><\/p>\n\n\n\n<p>Ainda no campo das sensa\u00e7\u00f5es, a condu\u00e7\u00e3o deste modelo \u00e9 pautada por um conforto, promovido por uma suspens\u00e3o suave ao que se alia o silencio do rolar na estrada por ser um carro 100% el\u00e9trico. Este conforto e suavidade deixam, no entanto, algum espa\u00e7o para o prazer da condu\u00e7\u00e3o, onde sentimos que estamos aos comandos de um modelo Renault, muito evolu\u00eddo. A eletrifica\u00e7\u00e3o n\u00e3o tornou o <a href=\"https:\/\/youtu.be\/2L3fj8PgL0Q?si=T78EIF9e9b3iIrH4\">Kangoo <\/a>E-TECH descaracterizado das sensa\u00e7\u00f5es da condu\u00e7\u00e3o.<\/p>\n\n\n\n<p>Se no aspeto visual e t\u00e1til este ve\u00edculo comercial ligeiro convence, no aspeto pr\u00e1tico os argumentos s\u00e3o quase imbat\u00edveis. Para come\u00e7ar, disp\u00f5e de uma bagageira de 580 litros. De forma a atestarmos esta capacidade, durante o nosso ensaio conseguimos acomodar uma m\u00e1quina de lavar lou\u00e7a no porta-bagagens, sem ter de rebater os bancos traseiros e sem remover a chapeleira. Tudo em seguran\u00e7a e sem sobressaltos.<\/p>\n\n\n\n<figure class=\"wp-block-image size-large is-resized\"><img decoding=\"async\" width=\"1024\" height=\"768\" src=\"https:\/\/automotiverevista.pt\/wp-content\/uploads\/2024\/01\/20231019_175311-1024x768.jpg\" alt=\"\" class=\"wp-image-5444\" style=\"width:738px;height:auto\" srcset=\"https:\/\/automotiverevista.pt\/wp-content\/uploads\/2024\/01\/20231019_175311-1024x768.jpg 1024w, https:\/\/automotiverevista.pt\/wp-content\/uploads\/2024\/01\/20231019_175311-300x225.jpg 300w, https:\/\/automotiverevista.pt\/wp-content\/uploads\/2024\/01\/20231019_175311-768x576.jpg 768w, https:\/\/automotiverevista.pt\/wp-content\/uploads\/2024\/01\/20231019_175311-1536x1152.jpg 1536w, https:\/\/automotiverevista.pt\/wp-content\/uploads\/2024\/01\/20231019_175311-750x563.jpg 750w, https:\/\/automotiverevista.pt\/wp-content\/uploads\/2024\/01\/20231019_175311-1140x855.jpg 1140w, https:\/\/automotiverevista.pt\/wp-content\/uploads\/2024\/01\/20231019_175311.jpg 2000w\" sizes=\"(max-width: 1024px) 100vw, 1024px\" \/><\/figure>\n\n\n\n<p><strong>Versatilidade<\/strong><\/p>\n\n\n\n<p>Caso a necessidade de carga seja maior, \u00e9 poss\u00edvel rebater os bancos traseiros de forma engenhosa, criando quase a mesma volumetria do que o Kangoo na vers\u00e3o de carga. Esta capacidade de carga, torna o Kangoo E-TECH num ve\u00edculo muito vers\u00e1til e adaptado a uma multiplicidade de empresas. O leque vai, por exemplo, desde pequenos comerciantes que utilizem o carro para uso pessoal e profissional, as grandes empresas que transportem pessoas regularmente em espa\u00e7os urbanos constritos, por exemplo.<\/p>\n\n\n\n<figure class=\"wp-block-image size-large is-resized\"><img decoding=\"async\" width=\"1024\" height=\"768\" src=\"https:\/\/automotiverevista.pt\/wp-content\/uploads\/2024\/01\/20231019_175141-1024x768.jpg\" alt=\"\" class=\"wp-image-5445\" style=\"width:572px;height:auto\" srcset=\"https:\/\/automotiverevista.pt\/wp-content\/uploads\/2024\/01\/20231019_175141-1024x768.jpg 1024w, https:\/\/automotiverevista.pt\/wp-content\/uploads\/2024\/01\/20231019_175141-300x225.jpg 300w, https:\/\/automotiverevista.pt\/wp-content\/uploads\/2024\/01\/20231019_175141-768x576.jpg 768w, https:\/\/automotiverevista.pt\/wp-content\/uploads\/2024\/01\/20231019_175141-1536x1152.jpg 1536w, https:\/\/automotiverevista.pt\/wp-content\/uploads\/2024\/01\/20231019_175141-750x563.jpg 750w, https:\/\/automotiverevista.pt\/wp-content\/uploads\/2024\/01\/20231019_175141-1140x855.jpg 1140w, https:\/\/automotiverevista.pt\/wp-content\/uploads\/2024\/01\/20231019_175141.jpg 2000w\" sizes=\"(max-width: 1024px) 100vw, 1024px\" \/><\/figure>\n\n\n\n<p>Para a finalidade que foi projetado, ou seja, o transporte de pessoas, este modelo soma ao conforto el\u00e9trico, v\u00e1rias comodidades para os seus ocupantes. Exemplo disso s\u00e3o as portas traseiras deslizantes, equipadas com vidros el\u00e9tricos. <strong>Sim, os vidros das portas deslizantes baixam!<\/strong> Al\u00e9m disso, os ocupantes traseiros beneficiam de tr\u00eas verdadeiros lugares, climatizados por uma conduta dupla de ar, rematadas com dois carregadores USB e uma ficha 12V. Soma-se a isto uma grande volumetria interna, que proporciona um dos maiores espa\u00e7os interiores no segmento de transporte de passageiros, sendo ainda classe 1 nas portagens.<\/p>\n\n\n\n<figure class=\"wp-block-image size-large is-resized\"><img decoding=\"async\" width=\"1024\" height=\"768\" src=\"https:\/\/automotiverevista.pt\/wp-content\/uploads\/2024\/01\/20231019_175432-1024x768.jpg\" alt=\"\" class=\"wp-image-5446\" style=\"width:650px;height:auto\" srcset=\"https:\/\/automotiverevista.pt\/wp-content\/uploads\/2024\/01\/20231019_175432-1024x768.jpg 1024w, https:\/\/automotiverevista.pt\/wp-content\/uploads\/2024\/01\/20231019_175432-300x225.jpg 300w, https:\/\/automotiverevista.pt\/wp-content\/uploads\/2024\/01\/20231019_175432-768x576.jpg 768w, https:\/\/automotiverevista.pt\/wp-content\/uploads\/2024\/01\/20231019_175432-1536x1152.jpg 1536w, https:\/\/automotiverevista.pt\/wp-content\/uploads\/2024\/01\/20231019_175432-750x563.jpg 750w, https:\/\/automotiverevista.pt\/wp-content\/uploads\/2024\/01\/20231019_175432-1140x855.jpg 1140w, https:\/\/automotiverevista.pt\/wp-content\/uploads\/2024\/01\/20231019_175432.jpg 2000w\" sizes=\"(max-width: 1024px) 100vw, 1024px\" \/><\/figure>\n\n\n\n<p>Como tudo o que \u00e9 bom, este furg\u00e3o deve ser disfrutado com modera\u00e7\u00e3o. A sua autonomia de 285km (ciclo WLTP) exige que o seu utilizador tenha modera\u00e7\u00e3o tanto no acelerador, como no trajeto que vai percorrer. \u00c9 um modelo que dever\u00e1 tornar-se mais vantajoso para empresas e organiza\u00e7\u00f5es que utilizam rotas pr\u00e9-definidas, com percursos mais rotineiros e que procurem uma grande versatilidade num ve\u00edculo moderno, seguro, confort\u00e1vel e muito agrad\u00e1vel aos sentidos.<\/p>\n\n\n\n<figure class=\"wp-block-image size-large is-resized\"><img decoding=\"async\" width=\"1024\" height=\"768\" src=\"https:\/\/automotiverevista.pt\/wp-content\/uploads\/2024\/01\/20231019_175639-1024x768.jpg\" alt=\"\" class=\"wp-image-5447\" style=\"width:755px;height:auto\" srcset=\"https:\/\/automotiverevista.pt\/wp-content\/uploads\/2024\/01\/20231019_175639-1024x768.jpg 1024w, https:\/\/automotiverevista.pt\/wp-content\/uploads\/2024\/01\/20231019_175639-300x225.jpg 300w, https:\/\/automotiverevista.pt\/wp-content\/uploads\/2024\/01\/20231019_175639-768x576.jpg 768w, https:\/\/automotiverevista.pt\/wp-content\/uploads\/2024\/01\/20231019_175639-1536x1152.jpg 1536w, https:\/\/automotiverevista.pt\/wp-content\/uploads\/2024\/01\/20231019_175639-750x563.jpg 750w, https:\/\/automotiverevista.pt\/wp-content\/uploads\/2024\/01\/20231019_175639-1140x855.jpg 1140w, https:\/\/automotiverevista.pt\/wp-content\/uploads\/2024\/01\/20231019_175639.jpg 2000w\" sizes=\"(max-width: 1024px) 100vw, 1024px\" \/><\/figure>\n","protected":false},"excerpt":{"rendered":"<p>A exemplo da sua premiada gera\u00e7\u00e3o anterior, o novo Renault Kangoo E-TECH 100% el\u00e9trico tamb\u00e9m disp\u00f5e de uma vers\u00e3o de passageiros. Com aspeto aventureiro e ostentando uma bel\u00edssima cor \u201cvermelho carmim\u201d, \u00e9 um dos furg\u00f5es de passageiros mais atraentes que j\u00e1 ensai\u00e1mos. Os vidros escurecidos, as jantes especiais e os para-choques na cor da carro\u00e7aria [&hellip;]<\/p>\n","protected":false},"author":1,"featured_media":5442,"comment_status":"closed","ping_status":"open","sticky":false,"template":"","format":"standard","meta":{"jnews-multi-image_gallery":[],"jnews_single_post":{"subtitle":"","format":"standard","video":"","gallery":"","source_name":"","source_url":"","via_name":"","via_url":"","override_template":"0","override":[{"template":"2","single_blog_custom":"","parallax":"1","fullscreen":"1","layout":"right-sidebar","sidebar":"default-sidebar","second_sidebar":"default-sidebar","sticky_sidebar":"1","share_position":"topbottom","share_float_style":"share-monocrhome","show_share_counter":"0","show_view_counter":"0","show_featured":"1","show_post_meta":"1","show_post_author":"0","show_post_author_image":"1","show_post_date":"1","post_date_format":"default","post_date_format_custom":"Y\/m\/d","show_post_category":"1","show_post_reading_time":"0","post_reading_time_wpm":"300","show_zoom_button":"0","zoom_button_out_step":"2","zoom_button_in_step":"3","show_post_tag":"1","show_prev_next_post":"0","show_popup_post":"1","number_popup_post":"1","show_author_box":"0","show_post_related":"1","show_inline_post_related":"1"}],"override_image_size":"0","image_override":[{"single_post_thumbnail_size":"crop-500","single_post_gallery_size":"crop-500"}],"trending_post":"0","trending_post_position":"meta","trending_post_label":"Trending","sponsored_post":"0","sponsored_post_label":"Sponsored by","sponsored_post_name":"","sponsored_post_url":"","sponsored_post_logo_enable":"0","sponsored_post_logo":"","sponsored_post_desc":"","disable_ad":"0"},"jnews_primary_category":{"id":"","hide":""},"footnotes":""},"categories":[23],"tags":[],"class_list":["post-5441","post","type-post","status-publish","format-standard","has-post-thumbnail","hentry","category-frotas"],"yoast_head":"<!-- This site is optimized with the Yoast SEO Premium plugin v27.5 (Yoast SEO v27.5) - https:\/\/yoast.com\/product\/yoast-seo-premium-wordpress\/ -->\n<title>Kangoo E-TECH \u2013 desfrutar da tecnologia com modera\u00e7\u00e3o - Revista Automotive<\/title>\n<meta name=\"description\" content=\"exemplo da sua premiada gera\u00e7\u00e3o anterior, o novo Renault Kangoo E-TECH 100% el\u00e9trico tamb\u00e9m disp\u00f5e de vers\u00e3o passageiros\" \/>\n<meta name=\"robots\" content=\"index, follow, max-snippet:-1, max-image-preview:large, max-video-preview:-1\" \/>\n<link rel=\"canonical\" href=\"https:\/\/automotiverevista.pt\/index.php\/2024\/02\/05\/kangoo-e-tech-desfrutar-da-tecnologia-com-moderacao\/\" \/>\n<meta property=\"og:locale\" content=\"pt_PT\" \/>\n<meta property=\"og:type\" content=\"article\" \/>\n<meta property=\"og:title\" content=\"Kangoo E-TECH \u2013 desfrutar da tecnologia com modera\u00e7\u00e3o\" \/>\n<meta property=\"og:description\" content=\"exemplo da sua premiada gera\u00e7\u00e3o anterior, o novo Renault Kangoo E-TECH 100% el\u00e9trico tamb\u00e9m disp\u00f5e de vers\u00e3o passageiros\" \/>\n<meta property=\"og:url\" content=\"https:\/\/automotiverevista.pt\/index.php\/2024\/02\/05\/kangoo-e-tech-desfrutar-da-tecnologia-com-moderacao\/\" \/>\n<meta property=\"og:site_name\" content=\"Revista Automotive\" \/>\n<meta property=\"article:published_time\" content=\"2024-02-05T07:09:00+00:00\" \/>\n<meta property=\"og:image\" content=\"https:\/\/automotiverevista.pt\/wp-content\/uploads\/2024\/01\/20231019_175725.jpg\" \/>\n\t<meta property=\"og:image:width\" content=\"2000\" \/>\n\t<meta property=\"og:image:height\" content=\"1500\" \/>\n\t<meta property=\"og:image:type\" content=\"image\/jpeg\" \/>\n<meta name=\"author\" content=\"adminNovo\" \/>\n<meta name=\"twitter:card\" content=\"summary_large_image\" \/>\n<meta name=\"twitter:label1\" content=\"Escrito por\" \/>\n\t<meta name=\"twitter:data1\" content=\"adminNovo\" \/>\n\t<meta name=\"twitter:label2\" content=\"Tempo estimado de leitura\" \/>\n\t<meta name=\"twitter:data2\" content=\"5 minutos\" \/>\n<script type=\"application\/ld+json\" class=\"yoast-schema-graph\">{\"@context\":\"https:\\\/\\\/schema.org\",\"@graph\":[{\"@type\":\"Article\",\"@id\":\"https:\\\/\\\/automotiverevista.pt\\\/index.php\\\/2024\\\/02\\\/05\\\/kangoo-e-tech-desfrutar-da-tecnologia-com-moderacao\\\/#article\",\"isPartOf\":{\"@id\":\"https:\\\/\\\/automotiverevista.pt\\\/index.php\\\/2024\\\/02\\\/05\\\/kangoo-e-tech-desfrutar-da-tecnologia-com-moderacao\\\/\"},\"author\":{\"name\":\"adminNovo\",\"@id\":\"https:\\\/\\\/automotiverevista.pt\\\/#\\\/schema\\\/person\\\/1265858bc8c78a0f969de814da8be281\"},\"headline\":\"Kangoo E-TECH \u2013 desfrutar da tecnologia com modera\u00e7\u00e3o\",\"datePublished\":\"2024-02-05T07:09:00+00:00\",\"mainEntityOfPage\":{\"@id\":\"https:\\\/\\\/automotiverevista.pt\\\/index.php\\\/2024\\\/02\\\/05\\\/kangoo-e-tech-desfrutar-da-tecnologia-com-moderacao\\\/\"},\"wordCount\":591,\"publisher\":{\"@id\":\"https:\\\/\\\/automotiverevista.pt\\\/#organization\"},\"image\":{\"@id\":\"https:\\\/\\\/automotiverevista.pt\\\/index.php\\\/2024\\\/02\\\/05\\\/kangoo-e-tech-desfrutar-da-tecnologia-com-moderacao\\\/#primaryimage\"},\"thumbnailUrl\":\"https:\\\/\\\/automotiverevista.pt\\\/wp-content\\\/uploads\\\/2024\\\/01\\\/20231019_175725.jpg\",\"articleSection\":[\"Frotas\"],\"inLanguage\":\"pt-PT\"},{\"@type\":\"WebPage\",\"@id\":\"https:\\\/\\\/automotiverevista.pt\\\/index.php\\\/2024\\\/02\\\/05\\\/kangoo-e-tech-desfrutar-da-tecnologia-com-moderacao\\\/\",\"url\":\"https:\\\/\\\/automotiverevista.pt\\\/index.php\\\/2024\\\/02\\\/05\\\/kangoo-e-tech-desfrutar-da-tecnologia-com-moderacao\\\/\",\"name\":\"Kangoo E-TECH \u2013 desfrutar da tecnologia com modera\u00e7\u00e3o - Revista Automotive\",\"isPartOf\":{\"@id\":\"https:\\\/\\\/automotiverevista.pt\\\/#website\"},\"primaryImageOfPage\":{\"@id\":\"https:\\\/\\\/automotiverevista.pt\\\/index.php\\\/2024\\\/02\\\/05\\\/kangoo-e-tech-desfrutar-da-tecnologia-com-moderacao\\\/#primaryimage\"},\"image\":{\"@id\":\"https:\\\/\\\/automotiverevista.pt\\\/index.php\\\/2024\\\/02\\\/05\\\/kangoo-e-tech-desfrutar-da-tecnologia-com-moderacao\\\/#primaryimage\"},\"thumbnailUrl\":\"https:\\\/\\\/automotiverevista.pt\\\/wp-content\\\/uploads\\\/2024\\\/01\\\/20231019_175725.jpg\",\"datePublished\":\"2024-02-05T07:09:00+00:00\",\"description\":\"exemplo da sua premiada gera\u00e7\u00e3o anterior, o novo Renault Kangoo E-TECH 100% el\u00e9trico tamb\u00e9m disp\u00f5e de vers\u00e3o passageiros\",\"breadcrumb\":{\"@id\":\"https:\\\/\\\/automotiverevista.pt\\\/index.php\\\/2024\\\/02\\\/05\\\/kangoo-e-tech-desfrutar-da-tecnologia-com-moderacao\\\/#breadcrumb\"},\"inLanguage\":\"pt-PT\",\"potentialAction\":[{\"@type\":\"ReadAction\",\"target\":[\"https:\\\/\\\/automotiverevista.pt\\\/index.php\\\/2024\\\/02\\\/05\\\/kangoo-e-tech-desfrutar-da-tecnologia-com-moderacao\\\/\"]}]},{\"@type\":\"ImageObject\",\"inLanguage\":\"pt-PT\",\"@id\":\"https:\\\/\\\/automotiverevista.pt\\\/index.php\\\/2024\\\/02\\\/05\\\/kangoo-e-tech-desfrutar-da-tecnologia-com-moderacao\\\/#primaryimage\",\"url\":\"https:\\\/\\\/automotiverevista.pt\\\/wp-content\\\/uploads\\\/2024\\\/01\\\/20231019_175725.jpg\",\"contentUrl\":\"https:\\\/\\\/automotiverevista.pt\\\/wp-content\\\/uploads\\\/2024\\\/01\\\/20231019_175725.jpg\",\"width\":2000,\"height\":1500},{\"@type\":\"BreadcrumbList\",\"@id\":\"https:\\\/\\\/automotiverevista.pt\\\/index.php\\\/2024\\\/02\\\/05\\\/kangoo-e-tech-desfrutar-da-tecnologia-com-moderacao\\\/#breadcrumb\",\"itemListElement\":[{\"@type\":\"ListItem\",\"position\":1,\"name\":\"Home\",\"item\":\"https:\\\/\\\/automotiverevista.pt\\\/\"},{\"@type\":\"ListItem\",\"position\":2,\"name\":\"Kangoo E-TECH \u2013 desfrutar da tecnologia com modera\u00e7\u00e3o\"}]},{\"@type\":\"WebSite\",\"@id\":\"https:\\\/\\\/automotiverevista.pt\\\/#website\",\"url\":\"https:\\\/\\\/automotiverevista.pt\\\/\",\"name\":\"Revista Automotive\",\"description\":\"Revista Automotive Portugal\",\"publisher\":{\"@id\":\"https:\\\/\\\/automotiverevista.pt\\\/#organization\"},\"potentialAction\":[{\"@type\":\"SearchAction\",\"target\":{\"@type\":\"EntryPoint\",\"urlTemplate\":\"https:\\\/\\\/automotiverevista.pt\\\/?s={search_term_string}\"},\"query-input\":{\"@type\":\"PropertyValueSpecification\",\"valueRequired\":true,\"valueName\":\"search_term_string\"}}],\"inLanguage\":\"pt-PT\"},{\"@type\":\"Organization\",\"@id\":\"https:\\\/\\\/automotiverevista.pt\\\/#organization\",\"name\":\"Revista Automotive Portugal\",\"url\":\"https:\\\/\\\/automotiverevista.pt\\\/\",\"logo\":{\"@type\":\"ImageObject\",\"inLanguage\":\"pt-PT\",\"@id\":\"https:\\\/\\\/automotiverevista.pt\\\/#\\\/schema\\\/logo\\\/image\\\/\",\"url\":\"https:\\\/\\\/automotiverevista.pt\\\/wp-content\\\/uploads\\\/2022\\\/07\\\/Logo-Automotive-2021_500-1.jpg\",\"contentUrl\":\"https:\\\/\\\/automotiverevista.pt\\\/wp-content\\\/uploads\\\/2022\\\/07\\\/Logo-Automotive-2021_500-1.jpg\",\"width\":500,\"height\":160,\"caption\":\"Revista Automotive Portugal\"},\"image\":{\"@id\":\"https:\\\/\\\/automotiverevista.pt\\\/#\\\/schema\\\/logo\\\/image\\\/\"},\"sameAs\":[\"https:\\\/\\\/linkedin.com\\\/in\\\/automotiverevista\"]},{\"@type\":\"Person\",\"@id\":\"https:\\\/\\\/automotiverevista.pt\\\/#\\\/schema\\\/person\\\/1265858bc8c78a0f969de814da8be281\",\"name\":\"adminNovo\",\"image\":{\"@type\":\"ImageObject\",\"inLanguage\":\"pt-PT\",\"@id\":\"https:\\\/\\\/secure.gravatar.com\\\/avatar\\\/c606c1288dcc11eb4c709aa5136fdb962583c410f5c23c0b7bf6917c542be355?s=96&d=mm&r=g\",\"url\":\"https:\\\/\\\/secure.gravatar.com\\\/avatar\\\/c606c1288dcc11eb4c709aa5136fdb962583c410f5c23c0b7bf6917c542be355?s=96&d=mm&r=g\",\"contentUrl\":\"https:\\\/\\\/secure.gravatar.com\\\/avatar\\\/c606c1288dcc11eb4c709aa5136fdb962583c410f5c23c0b7bf6917c542be355?s=96&d=mm&r=g\",\"caption\":\"adminNovo\"},\"sameAs\":[\"https:\\\/\\\/automotiverevista.pt\"],\"url\":\"https:\\\/\\\/automotiverevista.pt\\\/index.php\\\/author\\\/adminnovo\\\/\"}]}<\/script>\n<!-- \/ Yoast SEO Premium plugin. -->","yoast_head_json":{"title":"Kangoo E-TECH \u2013 desfrutar da tecnologia com modera\u00e7\u00e3o - Revista Automotive","description":"exemplo da sua premiada gera\u00e7\u00e3o anterior, o novo Renault Kangoo E-TECH 100% el\u00e9trico tamb\u00e9m disp\u00f5e de vers\u00e3o passageiros","robots":{"index":"index","follow":"follow","max-snippet":"max-snippet:-1","max-image-preview":"max-image-preview:large","max-video-preview":"max-video-preview:-1"},"canonical":"https:\/\/automotiverevista.pt\/index.php\/2024\/02\/05\/kangoo-e-tech-desfrutar-da-tecnologia-com-moderacao\/","og_locale":"pt_PT","og_type":"article","og_title":"Kangoo E-TECH \u2013 desfrutar da tecnologia com modera\u00e7\u00e3o","og_description":"exemplo da sua premiada gera\u00e7\u00e3o anterior, o novo Renault Kangoo E-TECH 100% el\u00e9trico tamb\u00e9m disp\u00f5e de vers\u00e3o passageiros","og_url":"https:\/\/automotiverevista.pt\/index.php\/2024\/02\/05\/kangoo-e-tech-desfrutar-da-tecnologia-com-moderacao\/","og_site_name":"Revista Automotive","article_published_time":"2024-02-05T07:09:00+00:00","og_image":[{"width":2000,"height":1500,"url":"https:\/\/automotiverevista.pt\/wp-content\/uploads\/2024\/01\/20231019_175725.jpg","type":"image\/jpeg"}],"author":"adminNovo","twitter_card":"summary_large_image","twitter_misc":{"Escrito por":"adminNovo","Tempo estimado de leitura":"5 minutos"},"schema":{"@context":"https:\/\/schema.org","@graph":[{"@type":"Article","@id":"https:\/\/automotiverevista.pt\/index.php\/2024\/02\/05\/kangoo-e-tech-desfrutar-da-tecnologia-com-moderacao\/#article","isPartOf":{"@id":"https:\/\/automotiverevista.pt\/index.php\/2024\/02\/05\/kangoo-e-tech-desfrutar-da-tecnologia-com-moderacao\/"},"author":{"name":"adminNovo","@id":"https:\/\/automotiverevista.pt\/#\/schema\/person\/1265858bc8c78a0f969de814da8be281"},"headline":"Kangoo E-TECH \u2013 desfrutar da tecnologia com modera\u00e7\u00e3o","datePublished":"2024-02-05T07:09:00+00:00","mainEntityOfPage":{"@id":"https:\/\/automotiverevista.pt\/index.php\/2024\/02\/05\/kangoo-e-tech-desfrutar-da-tecnologia-com-moderacao\/"},"wordCount":591,"publisher":{"@id":"https:\/\/automotiverevista.pt\/#organization"},"image":{"@id":"https:\/\/automotiverevista.pt\/index.php\/2024\/02\/05\/kangoo-e-tech-desfrutar-da-tecnologia-com-moderacao\/#primaryimage"},"thumbnailUrl":"https:\/\/automotiverevista.pt\/wp-content\/uploads\/2024\/01\/20231019_175725.jpg","articleSection":["Frotas"],"inLanguage":"pt-PT"},{"@type":"WebPage","@id":"https:\/\/automotiverevista.pt\/index.php\/2024\/02\/05\/kangoo-e-tech-desfrutar-da-tecnologia-com-moderacao\/","url":"https:\/\/automotiverevista.pt\/index.php\/2024\/02\/05\/kangoo-e-tech-desfrutar-da-tecnologia-com-moderacao\/","name":"Kangoo E-TECH \u2013 desfrutar da tecnologia com modera\u00e7\u00e3o - Revista Automotive","isPartOf":{"@id":"https:\/\/automotiverevista.pt\/#website"},"primaryImageOfPage":{"@id":"https:\/\/automotiverevista.pt\/index.php\/2024\/02\/05\/kangoo-e-tech-desfrutar-da-tecnologia-com-moderacao\/#primaryimage"},"image":{"@id":"https:\/\/automotiverevista.pt\/index.php\/2024\/02\/05\/kangoo-e-tech-desfrutar-da-tecnologia-com-moderacao\/#primaryimage"},"thumbnailUrl":"https:\/\/automotiverevista.pt\/wp-content\/uploads\/2024\/01\/20231019_175725.jpg","datePublished":"2024-02-05T07:09:00+00:00","description":"exemplo da sua premiada gera\u00e7\u00e3o anterior, o novo Renault Kangoo E-TECH 100% el\u00e9trico tamb\u00e9m disp\u00f5e de vers\u00e3o passageiros","breadcrumb":{"@id":"https:\/\/automotiverevista.pt\/index.php\/2024\/02\/05\/kangoo-e-tech-desfrutar-da-tecnologia-com-moderacao\/#breadcrumb"},"inLanguage":"pt-PT","potentialAction":[{"@type":"ReadAction","target":["https:\/\/automotiverevista.pt\/index.php\/2024\/02\/05\/kangoo-e-tech-desfrutar-da-tecnologia-com-moderacao\/"]}]},{"@type":"ImageObject","inLanguage":"pt-PT","@id":"https:\/\/automotiverevista.pt\/index.php\/2024\/02\/05\/kangoo-e-tech-desfrutar-da-tecnologia-com-moderacao\/#primaryimage","url":"https:\/\/automotiverevista.pt\/wp-content\/uploads\/2024\/01\/20231019_175725.jpg","contentUrl":"https:\/\/automotiverevista.pt\/wp-content\/uploads\/2024\/01\/20231019_175725.jpg","width":2000,"height":1500},{"@type":"BreadcrumbList","@id":"https:\/\/automotiverevista.pt\/index.php\/2024\/02\/05\/kangoo-e-tech-desfrutar-da-tecnologia-com-moderacao\/#breadcrumb","itemListElement":[{"@type":"ListItem","position":1,"name":"Home","item":"https:\/\/automotiverevista.pt\/"},{"@type":"ListItem","position":2,"name":"Kangoo E-TECH \u2013 desfrutar da tecnologia com modera\u00e7\u00e3o"}]},{"@type":"WebSite","@id":"https:\/\/automotiverevista.pt\/#website","url":"https:\/\/automotiverevista.pt\/","name":"Revista Automotive","description":"Revista Automotive Portugal","publisher":{"@id":"https:\/\/automotiverevista.pt\/#organization"},"potentialAction":[{"@type":"SearchAction","target":{"@type":"EntryPoint","urlTemplate":"https:\/\/automotiverevista.pt\/?s={search_term_string}"},"query-input":{"@type":"PropertyValueSpecification","valueRequired":true,"valueName":"search_term_string"}}],"inLanguage":"pt-PT"},{"@type":"Organization","@id":"https:\/\/automotiverevista.pt\/#organization","name":"Revista Automotive Portugal","url":"https:\/\/automotiverevista.pt\/","logo":{"@type":"ImageObject","inLanguage":"pt-PT","@id":"https:\/\/automotiverevista.pt\/#\/schema\/logo\/image\/","url":"https:\/\/automotiverevista.pt\/wp-content\/uploads\/2022\/07\/Logo-Automotive-2021_500-1.jpg","contentUrl":"https:\/\/automotiverevista.pt\/wp-content\/uploads\/2022\/07\/Logo-Automotive-2021_500-1.jpg","width":500,"height":160,"caption":"Revista Automotive Portugal"},"image":{"@id":"https:\/\/automotiverevista.pt\/#\/schema\/logo\/image\/"},"sameAs":["https:\/\/linkedin.com\/in\/automotiverevista"]},{"@type":"Person","@id":"https:\/\/automotiverevista.pt\/#\/schema\/person\/1265858bc8c78a0f969de814da8be281","name":"adminNovo","image":{"@type":"ImageObject","inLanguage":"pt-PT","@id":"https:\/\/secure.gravatar.com\/avatar\/c606c1288dcc11eb4c709aa5136fdb962583c410f5c23c0b7bf6917c542be355?s=96&d=mm&r=g","url":"https:\/\/secure.gravatar.com\/avatar\/c606c1288dcc11eb4c709aa5136fdb962583c410f5c23c0b7bf6917c542be355?s=96&d=mm&r=g","contentUrl":"https:\/\/secure.gravatar.com\/avatar\/c606c1288dcc11eb4c709aa5136fdb962583c410f5c23c0b7bf6917c542be355?s=96&d=mm&r=g","caption":"adminNovo"},"sameAs":["https:\/\/automotiverevista.pt"],"url":"https:\/\/automotiverevista.pt\/index.php\/author\/adminnovo\/"}]}},"_links":{"self":[{"href":"https:\/\/automotiverevista.pt\/index.php\/wp-json\/wp\/v2\/posts\/5441","targetHints":{"allow":["GET"]}}],"collection":[{"href":"https:\/\/automotiverevista.pt\/index.php\/wp-json\/wp\/v2\/posts"}],"about":[{"href":"https:\/\/automotiverevista.pt\/index.php\/wp-json\/wp\/v2\/types\/post"}],"author":[{"embeddable":true,"href":"https:\/\/automotiverevista.pt\/index.php\/wp-json\/wp\/v2\/users\/1"}],"replies":[{"embeddable":true,"href":"https:\/\/automotiverevista.pt\/index.php\/wp-json\/wp\/v2\/comments?post=5441"}],"version-history":[{"count":2,"href":"https:\/\/automotiverevista.pt\/index.php\/wp-json\/wp\/v2\/posts\/5441\/revisions"}],"predecessor-version":[{"id":5449,"href":"https:\/\/automotiverevista.pt\/index.php\/wp-json\/wp\/v2\/posts\/5441\/revisions\/5449"}],"wp:featuredmedia":[{"embeddable":true,"href":"https:\/\/automotiverevista.pt\/index.php\/wp-json\/wp\/v2\/media\/5442"}],"wp:attachment":[{"href":"https:\/\/automotiverevista.pt\/index.php\/wp-json\/wp\/v2\/media?parent=5441"}],"wp:term":[{"taxonomy":"category","embeddable":true,"href":"https:\/\/automotiverevista.pt\/index.php\/wp-json\/wp\/v2\/categories?post=5441"},{"taxonomy":"post_tag","embeddable":true,"href":"https:\/\/automotiverevista.pt\/index.php\/wp-json\/wp\/v2\/tags?post=5441"}],"curies":[{"name":"wp","href":"https:\/\/api.w.org\/{rel}","templated":true}]}}