{"id":5573,"date":"2024-02-16T08:15:00","date_gmt":"2024-02-16T08:15:00","guid":{"rendered":"https:\/\/automotiverevista.pt\/?p=5573"},"modified":"2024-02-19T21:39:07","modified_gmt":"2024-02-19T21:39:07","slug":"daf-iberica-gama-renovada-e-mais-servicos-de-pos-venda","status":"publish","type":"post","link":"https:\/\/automotiverevista.pt\/index.php\/2024\/02\/16\/daf-iberica-gama-renovada-e-mais-servicos-de-pos-venda\/","title":{"rendered":"DAF Ib\u00e9rica \u2013 gama renovada e mais servi\u00e7os de p\u00f3s-venda"},"content":{"rendered":"\n<p>A DAF tem bons motivos para encarar com otimismo ao ano de 2024. Depois do lan\u00e7amento da nova gama de cami\u00f5es XD, e da respetiva conquista do<a href=\"https:\/\/automotiverevista.pt\/index.php\/2023\/11\/17\/daf-xd-vence-premio-camiao-do-ano-2024-em-portugal\/\"> <strong>Pr\u00e9mio Cami\u00e3o do Ano em Portugal<\/strong><\/a>, a marca prepara v\u00e1rias a\u00e7\u00f5es com os seus concession\u00e1rios e clientes, com o objetivo de partilhar as novidades para este ano.<\/p>\n\n\n\n<p>A nova gera\u00e7\u00e3o DAF XD, que partilha o ADN das s\u00e9ries<a href=\"https:\/\/youtu.be\/xcg1y6VNchg?si=I2E-LBZbp7U3laXP\"> DAF XF, XG e XG\u207a<\/a>, veio introduzir um novo padr\u00e3o no segmento da distribui\u00e7\u00e3o e constru\u00e7\u00e3o em termos de seguran\u00e7a, efici\u00eancia e conforto do condutor. Como resultado, o <a href=\"https:\/\/automotiverevista.pt\/index.php\/2023\/11\/17\/daf-xd-vence-premio-camiao-do-ano-2024-em-portugal\/\">Pr\u00e9mio Cami\u00e3o do Ano 2024 <\/a>em Portugal, atribu\u00eddo pela Revista Automotive, vem comprovar a qualidade e evolu\u00e7\u00e3o deste modelo.<\/p>\n\n\n\n<p><strong>Javier Sanchez<\/strong>, Managing Director da DAF Ib\u00e9rica, recebeu a Revista Automotive em Madrid (Espanha), para uma entrevista onde destacou os bons resultados da marca em 2023, abordou os desafios do mercado e o desempenho da DAF em Portugal e as novidades prevista para 2024.<\/p>\n\n\n\n<p>\u201cAs vendas de cami\u00f5es novos em Portugal cresceram acima dos 46% no ano passado, o que \u00e9 um resultado bastante expressivo. Por sua vez, a DAF cresceu 54%, com um desempenho acima do mercado o que proporcionou um crescimento na nossa quota, sendo que o mercado portugu\u00eas atualmente \u00e9 dominado pelas frotas. No primeiro quadrimestre do ano passado, verificou-se um aumento generalizados dos cami\u00f5es motivado pela falta de unidades novas \u00e0 venda; posteriormente houve uma normaliza\u00e7\u00e3o nas entregas a meio do ano e, no \u00faltimo quadrimestre, registou-se um abrandamento das vendas de cami\u00f5es novos.&nbsp;<\/p>\n\n\n\n<figure class=\"wp-block-image size-large is-resized\"><img decoding=\"async\" width=\"1024\" height=\"682\" src=\"https:\/\/automotiverevista.pt\/wp-content\/uploads\/2024\/02\/DAF-Trucks-Sets-New-Records-in-2022-01-1024x682.jpg\" alt=\"\" class=\"wp-image-5577\" style=\"width:819px;height:auto\" srcset=\"https:\/\/automotiverevista.pt\/wp-content\/uploads\/2024\/02\/DAF-Trucks-Sets-New-Records-in-2022-01-1024x682.jpg 1024w, https:\/\/automotiverevista.pt\/wp-content\/uploads\/2024\/02\/DAF-Trucks-Sets-New-Records-in-2022-01-300x200.jpg 300w, https:\/\/automotiverevista.pt\/wp-content\/uploads\/2024\/02\/DAF-Trucks-Sets-New-Records-in-2022-01-768x512.jpg 768w, https:\/\/automotiverevista.pt\/wp-content\/uploads\/2024\/02\/DAF-Trucks-Sets-New-Records-in-2022-01-1536x1024.jpg 1536w, https:\/\/automotiverevista.pt\/wp-content\/uploads\/2024\/02\/DAF-Trucks-Sets-New-Records-in-2022-01-750x500.jpg 750w, https:\/\/automotiverevista.pt\/wp-content\/uploads\/2024\/02\/DAF-Trucks-Sets-New-Records-in-2022-01-1140x760.jpg 1140w, https:\/\/automotiverevista.pt\/wp-content\/uploads\/2024\/02\/DAF-Trucks-Sets-New-Records-in-2022-01.jpg 2000w\" sizes=\"(max-width: 1024px) 100vw, 1024px\" \/><\/figure>\n\n\n\n<p>A DAF foi a \u00fanica marca que no espa\u00e7o de 2 anos renovou toda a sua gama de cami\u00f5es, implementando novos conceitos de cabine, sistemas de assist\u00eancia \u00e0 condu\u00e7\u00e3o, seguran\u00e7a e conforto para o motorista e, sobretudo, <a href=\"https:\/\/automotiverevista.pt\/index.php\/2024\/01\/25\/daf-lanca-serie-efficiency-champion\/\">melhorias significativas<\/a> em termos de consumos e emiss\u00f5es dos nossos modelos XF, XG e XG\u207a, e tamb\u00e9m, da nova s\u00e9rie XD, lan\u00e7ado em novembro do ano passado que \u00e9 uma realidade para os clientes do setor da distribui\u00e7\u00e3o e da constru\u00e7\u00e3o.<\/p>\n\n\n\n<p><strong>Investir na qualidade<\/strong><\/p>\n\n\n\n<p>Temos orgulho em poder afirmar que temos uma gama de cami\u00f5es totalmente renovada, como novos modelos em todos os segmentos e com um leque de ve\u00edculos transformados como nunca houve na hist\u00f3ria da DAF. As novas cadeias cinem\u00e1ticas, os novos desenhos das nossas cabinas, o ambiente a bordo e a qualidade geral de todos os materiais utilizados na conce\u00e7\u00e3o dos nossos cami\u00f5es s\u00e3o hoje amplamente<a href=\"https:\/\/automotiverevista.pt\/index.php\/2024\/01\/17\/daf-xf-atinge-os-1-000-000-kms\/\"> reconhecidos pelas grandes frotas<\/a>, pelos transportadores e, sobretudo, pelos motoristas em geral.<\/p>\n\n\n\n<p>Quando anos atr\u00e1s anunci\u00e1mos que a nova gera\u00e7\u00e3o de motores DAF poderiam reduzir os consumos em at\u00e9 10% fomos algo conservadores pois, ao fim de muitos quil\u00f3metros de utiliza\u00e7\u00e3o, a nossa<a href=\"https:\/\/youtu.be\/C2adpWxuNYE?si=UKEFrLWTIt9f5XSb\"> nova s\u00e9rie de cami\u00f5es e<\/a>st\u00e1 a registar poupan\u00e7as muito superiores, em diversos mercados e tipologias de utiliza\u00e7\u00e3o. Com esta renova\u00e7\u00e3o e evolu\u00e7\u00e3o, os cami\u00f5es DAF s\u00e3o considerados produtos premium, e ser um produto premium tem de ser eficiente em consumos, seguran\u00e7a, qualidade, e bem-estar dos motoristas. N\u00e3o basta rotular um produto de premium, temos de comprovar que de facto os nossos cami\u00f5es est\u00e3o um n\u00edvel acima em diversos par\u00e2metros. E foi isto que a DAF fez, ao longo dos \u00faltimos 3 anos.<\/p>\n\n\n\n<p>Para alcan\u00e7armos um bom posicionamento no mercado e um crescimento de vendas dos nossos cami\u00f5es, temos de dispor de uma equipa de profissionais no terreno, que estejam \u00e0 altura das nossas ambi\u00e7\u00f5es. Em Portugal, para al\u00e9m do bom trabalho realizado pelos nossos concession\u00e1rios DAF (ACRV e GSVI) e dos respetivos reparadores autorizados, dispomos de uma equipa multifuncional e experiente, nas pessoas de <a href=\"https:\/\/automotiverevista.pt\/index.php\/2023\/11\/17\/daf-xd-vence-premio-camiao-do-ano-2024-em-portugal\/\"><strong>Nuno Mendes<\/strong> <\/a>(Vendas) , <strong>Juno Ces\u00e1rio<\/strong> (Pe\u00e7as) e <strong>Pedro In\u00e1cio<\/strong> (Servi\u00e7o), que d\u00e3o todo o apoio aos nossos parceiros e clientes DAF em Portugal.<\/p>\n\n\n\n<figure class=\"wp-block-image size-large is-resized\"><img decoding=\"async\" width=\"1024\" height=\"835\" src=\"https:\/\/automotiverevista.pt\/wp-content\/uploads\/2024\/02\/a-1024x835.jpg\" alt=\"\" class=\"wp-image-5579\" style=\"width:766px;height:auto\" srcset=\"https:\/\/automotiverevista.pt\/wp-content\/uploads\/2024\/02\/a-1024x835.jpg 1024w, https:\/\/automotiverevista.pt\/wp-content\/uploads\/2024\/02\/a-300x245.jpg 300w, https:\/\/automotiverevista.pt\/wp-content\/uploads\/2024\/02\/a-768x626.jpg 768w, https:\/\/automotiverevista.pt\/wp-content\/uploads\/2024\/02\/a-750x611.jpg 750w, https:\/\/automotiverevista.pt\/wp-content\/uploads\/2024\/02\/a-1140x929.jpg 1140w, https:\/\/automotiverevista.pt\/wp-content\/uploads\/2024\/02\/a.jpg 1364w\" sizes=\"(max-width: 1024px) 100vw, 1024px\" \/><\/figure>\n\n\n\n<p><strong>Financiamento e garantia<\/strong><\/p>\n\n\n\n<p>O mercado de Portugal tem caracter\u00edsticas pr\u00f3prias e uma din\u00e2mica de funcionamento, com uma realidade diferente de outros pa\u00edses. Por isso, a DAF conta servi\u00e7os ajustados a cada tipo de neg\u00f3cio, sobretudo no que toca ao financiamento e contrato de manuten\u00e7\u00e3o. Hoje, mais de 60% dos cami\u00f5es novos comercializados pela DAF e pela nossa rede ib\u00e9rica, est\u00e3o cobertos por um contrato de manuten\u00e7\u00e3o da nossa marca.<\/p>\n\n\n\n<p>A solu\u00e7\u00e3o de mobilidade DAF \u00e9 cada vez mais completa. Entendemos que o cliente de pequena ou m\u00e9dia dimens\u00e3o, bem como uma frota de grandes dimens\u00f5es, deve ocupar-se das suas atividades di\u00e1rias de transportar a carga do ponto A ao ponto B. N\u00f3s, enquanto marca providenci\u00e1mos as ferramentas e solu\u00e7\u00f5es de mobilidade que contribuam para o sucesso e a rentabilidade dos nossos clientes.<\/p>\n\n\n\n<figure class=\"wp-block-image size-large is-resized\"><img decoding=\"async\" width=\"1024\" height=\"682\" src=\"https:\/\/automotiverevista.pt\/wp-content\/uploads\/2024\/02\/DAF-XD-073_4318-1024x682.jpg\" alt=\"\" class=\"wp-image-5580\" style=\"width:725px;height:auto\" srcset=\"https:\/\/automotiverevista.pt\/wp-content\/uploads\/2024\/02\/DAF-XD-073_4318-1024x682.jpg 1024w, https:\/\/automotiverevista.pt\/wp-content\/uploads\/2024\/02\/DAF-XD-073_4318-300x200.jpg 300w, https:\/\/automotiverevista.pt\/wp-content\/uploads\/2024\/02\/DAF-XD-073_4318-768x512.jpg 768w, https:\/\/automotiverevista.pt\/wp-content\/uploads\/2024\/02\/DAF-XD-073_4318-1536x1024.jpg 1536w, https:\/\/automotiverevista.pt\/wp-content\/uploads\/2024\/02\/DAF-XD-073_4318-750x500.jpg 750w, https:\/\/automotiverevista.pt\/wp-content\/uploads\/2024\/02\/DAF-XD-073_4318-1140x760.jpg 1140w, https:\/\/automotiverevista.pt\/wp-content\/uploads\/2024\/02\/DAF-XD-073_4318.jpg 2000w\" sizes=\"(max-width: 1024px) 100vw, 1024px\" \/><\/figure>\n\n\n\n<p><strong>Servi\u00e7os de p\u00f3s-venda<\/strong><\/p>\n\n\n\n<p>Produzimos e comercializamos cami\u00f5es premium, dispomos de uma rede autorizada com grande cobertura geogr\u00e1fica, dispomos de solu\u00e7\u00f5es de financiamento e contratos de manuten\u00e7\u00e3o adequados a cada tipo de cliente e neg\u00f3cio. Aqui entra o servi\u00e7o de p\u00f3s-venda, de assist\u00eancia e de pe\u00e7as de reposi\u00e7\u00e3o, bem como o DAF Connect, que proporciona uma verdadeira conectividade inteligente entre a marca, o cami\u00e3o, o motorista e o cliente.<\/p>\n\n\n\n<p>No caso dos servi\u00e7os de p\u00f3s-venda, e para al\u00e9m das <a href=\"https:\/\/automotiverevista.pt\/index.php\/2024\/01\/14\/daf-com-novo-centro-de-distribuicao-de-pecas\/\">pe\u00e7as originais DAF<\/a>, tamb\u00e9m dispomos de um conceito \u00fanico de pe\u00e7as conhecido por TRP (em 2024, completar\u00e1 30 anos) , com pe\u00e7as adequadas a qualquer cami\u00e3o, independentemente da marca, do tipo ou da idade, bem como para os semirreboques, com uma vasta gama com mais de 80 mil pe\u00e7as, que cumprem os mais elevados padr\u00f5es de qualidade. E mesmo competindo com todas as outras marcas, o programa TRP tem vindo a crescer de forma expressiva e robusta todos os anos. <span style=\"font-size: revert;\">Al\u00e9m disso, para clientes com mais de 50 cami\u00f5es, podemos personalizar a oferta atrav\u00e9s do exclusivo programa de pe\u00e7as de reposi\u00e7\u00e3o PPFS.<\/span> <\/p>\n\n\n\n<p><strong>2024 \u2013 Continuar a crescer e entrar <a href=\"https:\/\/youtu.be\/F-cpRLhgVTI?si=7E7pGdGz-3HLohoF\">na constru\u00e7\u00e3o<\/a><\/strong><\/p>\n\n\n\n<p>Estamos a come\u00e7ar o ano, mas pelos indicadores que dispomos, podemos vislumbrar que o mercado de cami\u00f5es novos em Portugal ser\u00e1 promissor em 2024, mantendo a tend\u00eancia de renova\u00e7\u00e3o de frotas. Acreditamos que o primeiro semestre ser\u00e1 muito ativo, com bons volumes de vendas em geral. Posso adiantar que este ano, os nossos modelos XF e XD passam a contar com cami\u00f5es tamb\u00e9m com motoriza\u00e7\u00f5es 100% el\u00e9tricas.<\/p>\n\n\n\n<p>A DAF produz cami\u00f5es ajustados aos seus clientes e, apesar desta caracter\u00edstica, o nosso prazo de entrega \u00e9 atualmente um dos melhores do mercado. Por isso, os nossos clientes sabem exatamente quando dever\u00e3o receber os seus cami\u00f5es, salvo claro os imprevistos. Creio que 2024 ser\u00e1 um ano mais tranquilo em termos de entrega e, com a confian\u00e7a dos nossos clientes, continuaremos a crescer.<\/p>\n\n\n\n<p>Com a nova s\u00e9rie XD, vamos entrar com mais for\u00e7a no setor da constru\u00e7\u00e3o, atrav\u00e9s do modelo XDc, um cami\u00e3o transformado para qualquer tipo de terreno ou aplica\u00e7\u00e3o. Queremos crescer nos <a href=\"https:\/\/youtu.be\/C2adpWxuNYE?si=UKEFrLWTIt9f5XSb\">cami\u00f5es r\u00edgidos<\/a> e<a href=\"https:\/\/youtu.be\/F-cpRLhgVTI?si=7E7pGdGz-3HLohoF\"> na constru\u00e7\u00e3o,<\/a> e a s\u00e9ria XD, premiada em Portugal com o t\u00edtulo de Cami\u00e3o do Ano de 2024, ser\u00e1 em breve uma refer\u00eancia em termos de cami\u00f5es r\u00edgidos ou de constru\u00e7\u00e3o\u201d, finalizou Javier Sanchez.<\/p>\n\n\n\n<figure class=\"wp-block-image size-large is-resized\"><img decoding=\"async\" width=\"1024\" height=\"682\" src=\"https:\/\/automotiverevista.pt\/wp-content\/uploads\/2024\/02\/IMG_4072-1024x682.jpg\" alt=\"\" class=\"wp-image-5581\" style=\"width:757px;height:auto\" srcset=\"https:\/\/automotiverevista.pt\/wp-content\/uploads\/2024\/02\/IMG_4072-1024x682.jpg 1024w, https:\/\/automotiverevista.pt\/wp-content\/uploads\/2024\/02\/IMG_4072-300x200.jpg 300w, https:\/\/automotiverevista.pt\/wp-content\/uploads\/2024\/02\/IMG_4072-768x512.jpg 768w, https:\/\/automotiverevista.pt\/wp-content\/uploads\/2024\/02\/IMG_4072-1536x1024.jpg 1536w, https:\/\/automotiverevista.pt\/wp-content\/uploads\/2024\/02\/IMG_4072-750x500.jpg 750w, https:\/\/automotiverevista.pt\/wp-content\/uploads\/2024\/02\/IMG_4072-1140x760.jpg 1140w, https:\/\/automotiverevista.pt\/wp-content\/uploads\/2024\/02\/IMG_4072.jpg 2000w\" sizes=\"(max-width: 1024px) 100vw, 1024px\" \/><\/figure>\n\n\n\n<p><\/p>\n","protected":false},"excerpt":{"rendered":"<p>A DAF tem bons motivos para encarar com otimismo ao ano de 2024. Depois do lan\u00e7amento da nova gama de cami\u00f5es XD, e da respetiva conquista do Pr\u00e9mio Cami\u00e3o do Ano em Portugal, a marca prepara v\u00e1rias a\u00e7\u00f5es com os seus concession\u00e1rios e clientes, com o objetivo de partilhar as novidades para este ano. A [&hellip;]<\/p>\n","protected":false},"author":1,"featured_media":5574,"comment_status":"closed","ping_status":"open","sticky":false,"template":"","format":"standard","meta":{"jnews-multi-image_gallery":[],"jnews_single_post":{"subtitle":"","format":"standard","video":"","gallery":"","source_name":"","source_url":"","via_name":"","via_url":"","override_template":"0","override":[{"template":"2","single_blog_custom":"","parallax":"1","fullscreen":"1","layout":"right-sidebar","sidebar":"default-sidebar","second_sidebar":"default-sidebar","sticky_sidebar":"1","share_position":"topbottom","share_float_style":"share-monocrhome","show_share_counter":"0","show_view_counter":"0","show_featured":"1","show_post_meta":"1","show_post_author":"0","show_post_author_image":"1","show_post_date":"1","post_date_format":"default","post_date_format_custom":"Y\/m\/d","show_post_category":"1","show_post_reading_time":"0","post_reading_time_wpm":"300","show_zoom_button":"0","zoom_button_out_step":"2","zoom_button_in_step":"3","show_post_tag":"1","show_prev_next_post":"0","show_popup_post":"1","number_popup_post":"1","show_author_box":"0","show_post_related":"1","show_inline_post_related":"1"}],"override_image_size":"0","image_override":[{"single_post_thumbnail_size":"crop-500","single_post_gallery_size":"crop-500"}],"trending_post":"0","trending_post_position":"meta","trending_post_label":"Trending","sponsored_post":"0","sponsored_post_label":"Sponsored by","sponsored_post_name":"","sponsored_post_url":"","sponsored_post_logo_enable":"0","sponsored_post_logo":"","sponsored_post_desc":"","disable_ad":"0"},"jnews_primary_category":{"id":"","hide":""},"footnotes":""},"categories":[25],"tags":[],"class_list":["post-5573","post","type-post","status-publish","format-standard","has-post-thumbnail","hentry","category-pesados-e-maquinas"],"yoast_head":"<!-- This site is optimized with the Yoast SEO Premium plugin v27.5 (Yoast SEO v27.5) - https:\/\/yoast.com\/product\/yoast-seo-premium-wordpress\/ -->\n<title>DAF Ib\u00e9rica \u2013 gama renovada e mais servi\u00e7os de p\u00f3s-venda - Revista Automotive<\/title>\n<meta name=\"description\" content=\"A DAF tem parm aano de 2024. Depois do lan\u00e7amento da nova gama de cami\u00f5es XD, e da respetiva conquista do Pr\u00e9mio Cami\u00e3o do Ano em Portugal\" \/>\n<meta name=\"robots\" content=\"index, follow, max-snippet:-1, max-image-preview:large, max-video-preview:-1\" \/>\n<link rel=\"canonical\" href=\"https:\/\/automotiverevista.pt\/index.php\/2024\/02\/16\/daf-iberica-gama-renovada-e-mais-servicos-de-pos-venda\/\" \/>\n<meta property=\"og:locale\" content=\"pt_PT\" \/>\n<meta property=\"og:type\" content=\"article\" \/>\n<meta property=\"og:title\" content=\"DAF Ib\u00e9rica \u2013 gama renovada e mais servi\u00e7os de p\u00f3s-venda\" \/>\n<meta property=\"og:description\" content=\"A DAF tem parm aano de 2024. Depois do lan\u00e7amento da nova gama de cami\u00f5es XD, e da respetiva conquista do Pr\u00e9mio Cami\u00e3o do Ano em Portugal\" \/>\n<meta property=\"og:url\" content=\"https:\/\/automotiverevista.pt\/index.php\/2024\/02\/16\/daf-iberica-gama-renovada-e-mais-servicos-de-pos-venda\/\" \/>\n<meta property=\"og:site_name\" content=\"Revista Automotive\" \/>\n<meta property=\"article:published_time\" content=\"2024-02-16T08:15:00+00:00\" \/>\n<meta property=\"article:modified_time\" content=\"2024-02-19T21:39:07+00:00\" \/>\n<meta property=\"og:image\" content=\"https:\/\/automotiverevista.pt\/wp-content\/uploads\/2024\/02\/IMG_4063.jpg\" \/>\n\t<meta property=\"og:image:width\" content=\"2000\" \/>\n\t<meta property=\"og:image:height\" content=\"1333\" \/>\n\t<meta property=\"og:image:type\" content=\"image\/jpeg\" \/>\n<meta name=\"author\" content=\"adminNovo\" \/>\n<meta name=\"twitter:card\" content=\"summary_large_image\" \/>\n<meta name=\"twitter:label1\" content=\"Escrito por\" \/>\n\t<meta name=\"twitter:data1\" content=\"adminNovo\" \/>\n\t<meta name=\"twitter:label2\" content=\"Tempo estimado de leitura\" \/>\n\t<meta name=\"twitter:data2\" content=\"8 minutos\" \/>\n<script type=\"application\/ld+json\" class=\"yoast-schema-graph\">{\"@context\":\"https:\\\/\\\/schema.org\",\"@graph\":[{\"@type\":\"Article\",\"@id\":\"https:\\\/\\\/automotiverevista.pt\\\/index.php\\\/2024\\\/02\\\/16\\\/daf-iberica-gama-renovada-e-mais-servicos-de-pos-venda\\\/#article\",\"isPartOf\":{\"@id\":\"https:\\\/\\\/automotiverevista.pt\\\/index.php\\\/2024\\\/02\\\/16\\\/daf-iberica-gama-renovada-e-mais-servicos-de-pos-venda\\\/\"},\"author\":{\"name\":\"adminNovo\",\"@id\":\"https:\\\/\\\/automotiverevista.pt\\\/#\\\/schema\\\/person\\\/1265858bc8c78a0f969de814da8be281\"},\"headline\":\"DAF Ib\u00e9rica \u2013 gama renovada e mais servi\u00e7os de p\u00f3s-venda\",\"datePublished\":\"2024-02-16T08:15:00+00:00\",\"dateModified\":\"2024-02-19T21:39:07+00:00\",\"mainEntityOfPage\":{\"@id\":\"https:\\\/\\\/automotiverevista.pt\\\/index.php\\\/2024\\\/02\\\/16\\\/daf-iberica-gama-renovada-e-mais-servicos-de-pos-venda\\\/\"},\"wordCount\":1257,\"publisher\":{\"@id\":\"https:\\\/\\\/automotiverevista.pt\\\/#organization\"},\"image\":{\"@id\":\"https:\\\/\\\/automotiverevista.pt\\\/index.php\\\/2024\\\/02\\\/16\\\/daf-iberica-gama-renovada-e-mais-servicos-de-pos-venda\\\/#primaryimage\"},\"thumbnailUrl\":\"https:\\\/\\\/automotiverevista.pt\\\/wp-content\\\/uploads\\\/2024\\\/02\\\/IMG_4063.jpg\",\"articleSection\":[\"Pesados e M\u00e1quinas\"],\"inLanguage\":\"pt-PT\"},{\"@type\":\"WebPage\",\"@id\":\"https:\\\/\\\/automotiverevista.pt\\\/index.php\\\/2024\\\/02\\\/16\\\/daf-iberica-gama-renovada-e-mais-servicos-de-pos-venda\\\/\",\"url\":\"https:\\\/\\\/automotiverevista.pt\\\/index.php\\\/2024\\\/02\\\/16\\\/daf-iberica-gama-renovada-e-mais-servicos-de-pos-venda\\\/\",\"name\":\"DAF Ib\u00e9rica \u2013 gama renovada e mais servi\u00e7os de p\u00f3s-venda - Revista Automotive\",\"isPartOf\":{\"@id\":\"https:\\\/\\\/automotiverevista.pt\\\/#website\"},\"primaryImageOfPage\":{\"@id\":\"https:\\\/\\\/automotiverevista.pt\\\/index.php\\\/2024\\\/02\\\/16\\\/daf-iberica-gama-renovada-e-mais-servicos-de-pos-venda\\\/#primaryimage\"},\"image\":{\"@id\":\"https:\\\/\\\/automotiverevista.pt\\\/index.php\\\/2024\\\/02\\\/16\\\/daf-iberica-gama-renovada-e-mais-servicos-de-pos-venda\\\/#primaryimage\"},\"thumbnailUrl\":\"https:\\\/\\\/automotiverevista.pt\\\/wp-content\\\/uploads\\\/2024\\\/02\\\/IMG_4063.jpg\",\"datePublished\":\"2024-02-16T08:15:00+00:00\",\"dateModified\":\"2024-02-19T21:39:07+00:00\",\"description\":\"A DAF tem parm aano de 2024. Depois do lan\u00e7amento da nova gama de cami\u00f5es XD, e da respetiva conquista do Pr\u00e9mio Cami\u00e3o do Ano em Portugal\",\"breadcrumb\":{\"@id\":\"https:\\\/\\\/automotiverevista.pt\\\/index.php\\\/2024\\\/02\\\/16\\\/daf-iberica-gama-renovada-e-mais-servicos-de-pos-venda\\\/#breadcrumb\"},\"inLanguage\":\"pt-PT\",\"potentialAction\":[{\"@type\":\"ReadAction\",\"target\":[\"https:\\\/\\\/automotiverevista.pt\\\/index.php\\\/2024\\\/02\\\/16\\\/daf-iberica-gama-renovada-e-mais-servicos-de-pos-venda\\\/\"]}]},{\"@type\":\"ImageObject\",\"inLanguage\":\"pt-PT\",\"@id\":\"https:\\\/\\\/automotiverevista.pt\\\/index.php\\\/2024\\\/02\\\/16\\\/daf-iberica-gama-renovada-e-mais-servicos-de-pos-venda\\\/#primaryimage\",\"url\":\"https:\\\/\\\/automotiverevista.pt\\\/wp-content\\\/uploads\\\/2024\\\/02\\\/IMG_4063.jpg\",\"contentUrl\":\"https:\\\/\\\/automotiverevista.pt\\\/wp-content\\\/uploads\\\/2024\\\/02\\\/IMG_4063.jpg\",\"width\":2000,\"height\":1333},{\"@type\":\"BreadcrumbList\",\"@id\":\"https:\\\/\\\/automotiverevista.pt\\\/index.php\\\/2024\\\/02\\\/16\\\/daf-iberica-gama-renovada-e-mais-servicos-de-pos-venda\\\/#breadcrumb\",\"itemListElement\":[{\"@type\":\"ListItem\",\"position\":1,\"name\":\"Home\",\"item\":\"https:\\\/\\\/automotiverevista.pt\\\/\"},{\"@type\":\"ListItem\",\"position\":2,\"name\":\"DAF Ib\u00e9rica \u2013 gama renovada e mais servi\u00e7os de p\u00f3s-venda\"}]},{\"@type\":\"WebSite\",\"@id\":\"https:\\\/\\\/automotiverevista.pt\\\/#website\",\"url\":\"https:\\\/\\\/automotiverevista.pt\\\/\",\"name\":\"Revista Automotive\",\"description\":\"Revista Automotive Portugal\",\"publisher\":{\"@id\":\"https:\\\/\\\/automotiverevista.pt\\\/#organization\"},\"potentialAction\":[{\"@type\":\"SearchAction\",\"target\":{\"@type\":\"EntryPoint\",\"urlTemplate\":\"https:\\\/\\\/automotiverevista.pt\\\/?s={search_term_string}\"},\"query-input\":{\"@type\":\"PropertyValueSpecification\",\"valueRequired\":true,\"valueName\":\"search_term_string\"}}],\"inLanguage\":\"pt-PT\"},{\"@type\":\"Organization\",\"@id\":\"https:\\\/\\\/automotiverevista.pt\\\/#organization\",\"name\":\"Revista Automotive Portugal\",\"url\":\"https:\\\/\\\/automotiverevista.pt\\\/\",\"logo\":{\"@type\":\"ImageObject\",\"inLanguage\":\"pt-PT\",\"@id\":\"https:\\\/\\\/automotiverevista.pt\\\/#\\\/schema\\\/logo\\\/image\\\/\",\"url\":\"https:\\\/\\\/automotiverevista.pt\\\/wp-content\\\/uploads\\\/2022\\\/07\\\/Logo-Automotive-2021_500-1.jpg\",\"contentUrl\":\"https:\\\/\\\/automotiverevista.pt\\\/wp-content\\\/uploads\\\/2022\\\/07\\\/Logo-Automotive-2021_500-1.jpg\",\"width\":500,\"height\":160,\"caption\":\"Revista Automotive Portugal\"},\"image\":{\"@id\":\"https:\\\/\\\/automotiverevista.pt\\\/#\\\/schema\\\/logo\\\/image\\\/\"},\"sameAs\":[\"https:\\\/\\\/linkedin.com\\\/in\\\/automotiverevista\"]},{\"@type\":\"Person\",\"@id\":\"https:\\\/\\\/automotiverevista.pt\\\/#\\\/schema\\\/person\\\/1265858bc8c78a0f969de814da8be281\",\"name\":\"adminNovo\",\"image\":{\"@type\":\"ImageObject\",\"inLanguage\":\"pt-PT\",\"@id\":\"https:\\\/\\\/secure.gravatar.com\\\/avatar\\\/c606c1288dcc11eb4c709aa5136fdb962583c410f5c23c0b7bf6917c542be355?s=96&d=mm&r=g\",\"url\":\"https:\\\/\\\/secure.gravatar.com\\\/avatar\\\/c606c1288dcc11eb4c709aa5136fdb962583c410f5c23c0b7bf6917c542be355?s=96&d=mm&r=g\",\"contentUrl\":\"https:\\\/\\\/secure.gravatar.com\\\/avatar\\\/c606c1288dcc11eb4c709aa5136fdb962583c410f5c23c0b7bf6917c542be355?s=96&d=mm&r=g\",\"caption\":\"adminNovo\"},\"sameAs\":[\"https:\\\/\\\/automotiverevista.pt\"],\"url\":\"https:\\\/\\\/automotiverevista.pt\\\/index.php\\\/author\\\/adminnovo\\\/\"}]}<\/script>\n<!-- \/ Yoast SEO Premium plugin. -->","yoast_head_json":{"title":"DAF Ib\u00e9rica \u2013 gama renovada e mais servi\u00e7os de p\u00f3s-venda - Revista Automotive","description":"A DAF tem parm aano de 2024. Depois do lan\u00e7amento da nova gama de cami\u00f5es XD, e da respetiva conquista do Pr\u00e9mio Cami\u00e3o do Ano em Portugal","robots":{"index":"index","follow":"follow","max-snippet":"max-snippet:-1","max-image-preview":"max-image-preview:large","max-video-preview":"max-video-preview:-1"},"canonical":"https:\/\/automotiverevista.pt\/index.php\/2024\/02\/16\/daf-iberica-gama-renovada-e-mais-servicos-de-pos-venda\/","og_locale":"pt_PT","og_type":"article","og_title":"DAF Ib\u00e9rica \u2013 gama renovada e mais servi\u00e7os de p\u00f3s-venda","og_description":"A DAF tem parm aano de 2024. Depois do lan\u00e7amento da nova gama de cami\u00f5es XD, e da respetiva conquista do Pr\u00e9mio Cami\u00e3o do Ano em Portugal","og_url":"https:\/\/automotiverevista.pt\/index.php\/2024\/02\/16\/daf-iberica-gama-renovada-e-mais-servicos-de-pos-venda\/","og_site_name":"Revista Automotive","article_published_time":"2024-02-16T08:15:00+00:00","article_modified_time":"2024-02-19T21:39:07+00:00","og_image":[{"width":2000,"height":1333,"url":"https:\/\/automotiverevista.pt\/wp-content\/uploads\/2024\/02\/IMG_4063.jpg","type":"image\/jpeg"}],"author":"adminNovo","twitter_card":"summary_large_image","twitter_misc":{"Escrito por":"adminNovo","Tempo estimado de leitura":"8 minutos"},"schema":{"@context":"https:\/\/schema.org","@graph":[{"@type":"Article","@id":"https:\/\/automotiverevista.pt\/index.php\/2024\/02\/16\/daf-iberica-gama-renovada-e-mais-servicos-de-pos-venda\/#article","isPartOf":{"@id":"https:\/\/automotiverevista.pt\/index.php\/2024\/02\/16\/daf-iberica-gama-renovada-e-mais-servicos-de-pos-venda\/"},"author":{"name":"adminNovo","@id":"https:\/\/automotiverevista.pt\/#\/schema\/person\/1265858bc8c78a0f969de814da8be281"},"headline":"DAF Ib\u00e9rica \u2013 gama renovada e mais servi\u00e7os de p\u00f3s-venda","datePublished":"2024-02-16T08:15:00+00:00","dateModified":"2024-02-19T21:39:07+00:00","mainEntityOfPage":{"@id":"https:\/\/automotiverevista.pt\/index.php\/2024\/02\/16\/daf-iberica-gama-renovada-e-mais-servicos-de-pos-venda\/"},"wordCount":1257,"publisher":{"@id":"https:\/\/automotiverevista.pt\/#organization"},"image":{"@id":"https:\/\/automotiverevista.pt\/index.php\/2024\/02\/16\/daf-iberica-gama-renovada-e-mais-servicos-de-pos-venda\/#primaryimage"},"thumbnailUrl":"https:\/\/automotiverevista.pt\/wp-content\/uploads\/2024\/02\/IMG_4063.jpg","articleSection":["Pesados e M\u00e1quinas"],"inLanguage":"pt-PT"},{"@type":"WebPage","@id":"https:\/\/automotiverevista.pt\/index.php\/2024\/02\/16\/daf-iberica-gama-renovada-e-mais-servicos-de-pos-venda\/","url":"https:\/\/automotiverevista.pt\/index.php\/2024\/02\/16\/daf-iberica-gama-renovada-e-mais-servicos-de-pos-venda\/","name":"DAF Ib\u00e9rica \u2013 gama renovada e mais servi\u00e7os de p\u00f3s-venda - Revista Automotive","isPartOf":{"@id":"https:\/\/automotiverevista.pt\/#website"},"primaryImageOfPage":{"@id":"https:\/\/automotiverevista.pt\/index.php\/2024\/02\/16\/daf-iberica-gama-renovada-e-mais-servicos-de-pos-venda\/#primaryimage"},"image":{"@id":"https:\/\/automotiverevista.pt\/index.php\/2024\/02\/16\/daf-iberica-gama-renovada-e-mais-servicos-de-pos-venda\/#primaryimage"},"thumbnailUrl":"https:\/\/automotiverevista.pt\/wp-content\/uploads\/2024\/02\/IMG_4063.jpg","datePublished":"2024-02-16T08:15:00+00:00","dateModified":"2024-02-19T21:39:07+00:00","description":"A DAF tem parm aano de 2024. Depois do lan\u00e7amento da nova gama de cami\u00f5es XD, e da respetiva conquista do Pr\u00e9mio Cami\u00e3o do Ano em Portugal","breadcrumb":{"@id":"https:\/\/automotiverevista.pt\/index.php\/2024\/02\/16\/daf-iberica-gama-renovada-e-mais-servicos-de-pos-venda\/#breadcrumb"},"inLanguage":"pt-PT","potentialAction":[{"@type":"ReadAction","target":["https:\/\/automotiverevista.pt\/index.php\/2024\/02\/16\/daf-iberica-gama-renovada-e-mais-servicos-de-pos-venda\/"]}]},{"@type":"ImageObject","inLanguage":"pt-PT","@id":"https:\/\/automotiverevista.pt\/index.php\/2024\/02\/16\/daf-iberica-gama-renovada-e-mais-servicos-de-pos-venda\/#primaryimage","url":"https:\/\/automotiverevista.pt\/wp-content\/uploads\/2024\/02\/IMG_4063.jpg","contentUrl":"https:\/\/automotiverevista.pt\/wp-content\/uploads\/2024\/02\/IMG_4063.jpg","width":2000,"height":1333},{"@type":"BreadcrumbList","@id":"https:\/\/automotiverevista.pt\/index.php\/2024\/02\/16\/daf-iberica-gama-renovada-e-mais-servicos-de-pos-venda\/#breadcrumb","itemListElement":[{"@type":"ListItem","position":1,"name":"Home","item":"https:\/\/automotiverevista.pt\/"},{"@type":"ListItem","position":2,"name":"DAF Ib\u00e9rica \u2013 gama renovada e mais servi\u00e7os de p\u00f3s-venda"}]},{"@type":"WebSite","@id":"https:\/\/automotiverevista.pt\/#website","url":"https:\/\/automotiverevista.pt\/","name":"Revista Automotive","description":"Revista Automotive Portugal","publisher":{"@id":"https:\/\/automotiverevista.pt\/#organization"},"potentialAction":[{"@type":"SearchAction","target":{"@type":"EntryPoint","urlTemplate":"https:\/\/automotiverevista.pt\/?s={search_term_string}"},"query-input":{"@type":"PropertyValueSpecification","valueRequired":true,"valueName":"search_term_string"}}],"inLanguage":"pt-PT"},{"@type":"Organization","@id":"https:\/\/automotiverevista.pt\/#organization","name":"Revista Automotive Portugal","url":"https:\/\/automotiverevista.pt\/","logo":{"@type":"ImageObject","inLanguage":"pt-PT","@id":"https:\/\/automotiverevista.pt\/#\/schema\/logo\/image\/","url":"https:\/\/automotiverevista.pt\/wp-content\/uploads\/2022\/07\/Logo-Automotive-2021_500-1.jpg","contentUrl":"https:\/\/automotiverevista.pt\/wp-content\/uploads\/2022\/07\/Logo-Automotive-2021_500-1.jpg","width":500,"height":160,"caption":"Revista Automotive Portugal"},"image":{"@id":"https:\/\/automotiverevista.pt\/#\/schema\/logo\/image\/"},"sameAs":["https:\/\/linkedin.com\/in\/automotiverevista"]},{"@type":"Person","@id":"https:\/\/automotiverevista.pt\/#\/schema\/person\/1265858bc8c78a0f969de814da8be281","name":"adminNovo","image":{"@type":"ImageObject","inLanguage":"pt-PT","@id":"https:\/\/secure.gravatar.com\/avatar\/c606c1288dcc11eb4c709aa5136fdb962583c410f5c23c0b7bf6917c542be355?s=96&d=mm&r=g","url":"https:\/\/secure.gravatar.com\/avatar\/c606c1288dcc11eb4c709aa5136fdb962583c410f5c23c0b7bf6917c542be355?s=96&d=mm&r=g","contentUrl":"https:\/\/secure.gravatar.com\/avatar\/c606c1288dcc11eb4c709aa5136fdb962583c410f5c23c0b7bf6917c542be355?s=96&d=mm&r=g","caption":"adminNovo"},"sameAs":["https:\/\/automotiverevista.pt"],"url":"https:\/\/automotiverevista.pt\/index.php\/author\/adminnovo\/"}]}},"_links":{"self":[{"href":"https:\/\/automotiverevista.pt\/index.php\/wp-json\/wp\/v2\/posts\/5573","targetHints":{"allow":["GET"]}}],"collection":[{"href":"https:\/\/automotiverevista.pt\/index.php\/wp-json\/wp\/v2\/posts"}],"about":[{"href":"https:\/\/automotiverevista.pt\/index.php\/wp-json\/wp\/v2\/types\/post"}],"author":[{"embeddable":true,"href":"https:\/\/automotiverevista.pt\/index.php\/wp-json\/wp\/v2\/users\/1"}],"replies":[{"embeddable":true,"href":"https:\/\/automotiverevista.pt\/index.php\/wp-json\/wp\/v2\/comments?post=5573"}],"version-history":[{"count":4,"href":"https:\/\/automotiverevista.pt\/index.php\/wp-json\/wp\/v2\/posts\/5573\/revisions"}],"predecessor-version":[{"id":5762,"href":"https:\/\/automotiverevista.pt\/index.php\/wp-json\/wp\/v2\/posts\/5573\/revisions\/5762"}],"wp:featuredmedia":[{"embeddable":true,"href":"https:\/\/automotiverevista.pt\/index.php\/wp-json\/wp\/v2\/media\/5574"}],"wp:attachment":[{"href":"https:\/\/automotiverevista.pt\/index.php\/wp-json\/wp\/v2\/media?parent=5573"}],"wp:term":[{"taxonomy":"category","embeddable":true,"href":"https:\/\/automotiverevista.pt\/index.php\/wp-json\/wp\/v2\/categories?post=5573"},{"taxonomy":"post_tag","embeddable":true,"href":"https:\/\/automotiverevista.pt\/index.php\/wp-json\/wp\/v2\/tags?post=5573"}],"curies":[{"name":"wp","href":"https:\/\/api.w.org\/{rel}","templated":true}]}}