{"id":5617,"date":"2024-02-22T08:07:00","date_gmt":"2024-02-22T08:07:00","guid":{"rendered":"https:\/\/automotiverevista.pt\/?p=5617"},"modified":"2024-02-11T19:08:31","modified_gmt":"2024-02-11T19:08:31","slug":"man-portugal-resultados-historicos-com-mudancas-no-horizonte","status":"publish","type":"post","link":"https:\/\/automotiverevista.pt\/index.php\/2024\/02\/22\/man-portugal-resultados-historicos-com-mudancas-no-horizonte\/","title":{"rendered":"MAN Portugal \u2013 resultados hist\u00f3ricos com mudan\u00e7as no horizonte"},"content":{"rendered":"\n<p>Marca do <a href=\"https:\/\/automotiverevista.pt\/index.php\/2023\/01\/13\/scania-descarbonizacao-sera-financiada-pelos-motores-diesel\/\">Grupo TRATON<\/a>, a MAN Truck &amp; Bus Portugal alcan\u00e7ou resultados hist\u00f3ricos no ano de 2023, sendo uma verdadeira prenda pelos seus 25 anos de presen\u00e7a no nosso pa\u00eds, ao atingir o melhor desempenho de sempre no nosso mercado.<\/p>\n\n\n\n<p><strong>David Carlos<\/strong>, Managing Director da empresa em Portugal recebeu a Revista Automotive para dar a conhecer a evolu\u00e7\u00e3o das atividades da marca nas suas diversas \u00e1reas de neg\u00f3cio e, tamb\u00e9m, anunciar o investimento na edifica\u00e7\u00e3o de uma sede e instala\u00e7\u00f5es pr\u00f3prias que, quando conclu\u00eddas, ser\u00e1 uma das maiores estruturas ib\u00e9ricas de cami\u00f5es novos, usados e de servi\u00e7os de p\u00f3s-venda e de mobilidade para os clientes da marca.<\/p>\n\n\n\n<p>\u201cO ano de 2023, para al\u00e9m das comemora\u00e7\u00f5es dos nossos<a href=\"https:\/\/automotiverevista.pt\/index.php\/2023\/06\/16\/man-truck-bus-portugal-celebra-25-anos\/\"> 25 anos de exist\u00eancia em Portugal<\/a>, conseguimos cumprir com os objetivos de entrega dos cami\u00f5es que, em 2023, n\u00e3o foram entregues dentro dos prazos, pelos constrangimentos de produ\u00e7\u00e3o, impacto da guerra e dificuldades log\u00edsticas em geral, que afetaram as demais marcas.<\/p>\n\n\n\n<p>Por isso, gostaria de aproveitar as p\u00e1ginas da Automotive para endere\u00e7ar um sincero agradecimento aos nossos clientes que pacientemente souberam esperar pela entrega das suas encomendas de cami\u00f5es novos e, desta forma, demonstraram uma grande confian\u00e7a na marca MAN e em todas as pessoas que trabalham na nossa empresa em Portugal, pois foram estas pessoas que tamb\u00e9m estiveram na linha da frente para gerir as expectativas dos nossos clientes em geral.<\/p>\n\n\n\n<figure class=\"wp-block-image size-large is-resized\"><img decoding=\"async\" width=\"1024\" height=\"683\" src=\"https:\/\/automotiverevista.pt\/wp-content\/uploads\/2024\/02\/p-eot-tgx-man-productnews2324-06-1024x683.jpg\" alt=\"\" class=\"wp-image-5620\" style=\"width:810px;height:auto\" srcset=\"https:\/\/automotiverevista.pt\/wp-content\/uploads\/2024\/02\/p-eot-tgx-man-productnews2324-06-1024x683.jpg 1024w, https:\/\/automotiverevista.pt\/wp-content\/uploads\/2024\/02\/p-eot-tgx-man-productnews2324-06-300x200.jpg 300w, https:\/\/automotiverevista.pt\/wp-content\/uploads\/2024\/02\/p-eot-tgx-man-productnews2324-06-768x512.jpg 768w, https:\/\/automotiverevista.pt\/wp-content\/uploads\/2024\/02\/p-eot-tgx-man-productnews2324-06-1536x1025.jpg 1536w, https:\/\/automotiverevista.pt\/wp-content\/uploads\/2024\/02\/p-eot-tgx-man-productnews2324-06-750x500.jpg 750w, https:\/\/automotiverevista.pt\/wp-content\/uploads\/2024\/02\/p-eot-tgx-man-productnews2324-06-1140x760.jpg 1140w, https:\/\/automotiverevista.pt\/wp-content\/uploads\/2024\/02\/p-eot-tgx-man-productnews2324-06.jpg 2000w\" sizes=\"(max-width: 1024px) 100vw, 1024px\" \/><\/figure>\n\n\n\n<p><strong>Ano de exce\u00e7\u00e3o<\/strong><\/p>\n\n\n\n<p>Registamos um excelente volume de fatura\u00e7\u00e3o, o maior de sempre da nossa empresa em Portugal, e um grande crescimento em termos de matr\u00edculas de ve\u00edculos novos. Sem d\u00favidas, resultados muito vistosos, mas para n\u00f3s o mais importante que os n\u00fameros alcan\u00e7ados foi termos cumprido com o nosso compromisso de entregar as unidades encomendadas aos nossos clientes. Este sim foi o grande resultado do nosso trabalho em 2023.<\/p>\n\n\n\n<p>No que concerne aos n\u00fameros de viaturas novas, fatur\u00e1mos 706 viaturas pesadas, 100 autocarros, 150 modelos TGE, bem como 360 viaturas pesadas usadas. Mais modelos de cami\u00f5es usados e mais unidades TGE novos tiv\u00e9ssemos, e mais vendas ter\u00edamos realizado em 2023. A somar a estes n\u00fameros, regist\u00e1mos um crescimento das nossas atividades na \u00e1rea do p\u00f3s-venda, com mais servi\u00e7os oficinais e venda de pe\u00e7as, que muito contribu\u00edram para o desempenho global da Man Truck &amp; Bus em Portugal.<\/p>\n\n\n\n<p>Naturalmente que ao alcan\u00e7armos estes resultados, elev\u00e1mos a fasquia para o ano de 2024 onde os objetivos propostos pela marca, continuam a ser ambiciosos, embora realistas, e assentes numa situa\u00e7\u00e3o de normaliza\u00e7\u00e3o das entregas, melhoria da nossa economia e por esta via, tamb\u00e9m dos nossos clientes e, tamb\u00e9m, com base numa gama de produtos atual, eficiente e bastante diversificada.<\/p>\n\n\n\n<p>A gama TGX (distinguida com o <a href=\"https:\/\/automotiverevista.pt\/index.php\/2020\/11\/21\/camiao-do-ano-2021-man-tgx\/\">Pr\u00e9mio Cami\u00e3o do Ano em Portugal,<\/a> pela Revista Automotive), est\u00e1 muito evolu\u00edda em termos de conforto e seguran\u00e7a para o motorista, e energeticamente mais eficiente, com comprovada redu\u00e7\u00e3o de consumos e de emiss\u00f5es, fatores essenciais para um cliente frotista.<\/p>\n\n\n\n<figure class=\"wp-block-image size-large is-resized\"><img decoding=\"async\" width=\"1024\" height=\"683\" src=\"https:\/\/automotiverevista.pt\/wp-content\/uploads\/2024\/02\/IMG_3582_LR-scaled-1-1024x683.jpg\" alt=\"\" class=\"wp-image-5621\" style=\"width:728px;height:auto\" srcset=\"https:\/\/automotiverevista.pt\/wp-content\/uploads\/2024\/02\/IMG_3582_LR-scaled-1-1024x683.jpg 1024w, https:\/\/automotiverevista.pt\/wp-content\/uploads\/2024\/02\/IMG_3582_LR-scaled-1-300x200.jpg 300w, https:\/\/automotiverevista.pt\/wp-content\/uploads\/2024\/02\/IMG_3582_LR-scaled-1-768x512.jpg 768w, https:\/\/automotiverevista.pt\/wp-content\/uploads\/2024\/02\/IMG_3582_LR-scaled-1-1536x1024.jpg 1536w, https:\/\/automotiverevista.pt\/wp-content\/uploads\/2024\/02\/IMG_3582_LR-scaled-1-2048x1366.jpg 2048w, https:\/\/automotiverevista.pt\/wp-content\/uploads\/2024\/02\/IMG_3582_LR-scaled-1-750x500.jpg 750w, https:\/\/automotiverevista.pt\/wp-content\/uploads\/2024\/02\/IMG_3582_LR-scaled-1-1140x760.jpg 1140w\" sizes=\"(max-width: 1024px) 100vw, 1024px\" \/><\/figure>\n\n\n\n<p>No mesmo sentido, o lan\u00e7amento da gama TGE de ve\u00edculos transformados (que conquistou o <a href=\"https:\/\/automotiverevista.pt\/index.php\/2024\/01\/11\/gama-man-tge-transformados-vence-premio-revelacao\/\">Pr\u00e9mio Revela\u00e7\u00e3o de 2023<\/a>), no primeiro trimestre de 2023, tem tido uma aceita\u00e7\u00e3o muito acima do que est\u00e1vamos \u00e0 espera, prova de que o cliente deste ve\u00edculo (furg\u00f5es), estava realmente a precisar de uma marca que entendesse a tipologia e particularidade do seu neg\u00f3cio.<\/p>\n\n\n\n<p>Tamb\u00e9m a nossa equipa de vendas, de atendimento ao cliente e de p\u00f3s-venda, bem como toda a nossa estrutura de rede pr\u00f3pria, deram o grande e verdadeiro suporte para os resultados da nossa empresa em Portugal. Sem o esfor\u00e7o de todos e de cada elemento da nossa equipa, composta por 131 funcion\u00e1rios, n\u00e3o ter\u00edamos alcan\u00e7ado resultados t\u00e3o expressivos nem os nossos clientes teriam a merecida aten\u00e7\u00e3o \u00e0s suas solicita\u00e7\u00f5es.<\/p>\n\n\n\n<figure class=\"wp-block-image size-large is-resized\"><img decoding=\"async\" width=\"1024\" height=\"682\" src=\"https:\/\/automotiverevista.pt\/wp-content\/uploads\/2024\/02\/p-eot-man-etruck-first-orders-2-1024x682.jpg\" alt=\"\" class=\"wp-image-5622\" style=\"width:826px;height:auto\" srcset=\"https:\/\/automotiverevista.pt\/wp-content\/uploads\/2024\/02\/p-eot-man-etruck-first-orders-2-1024x682.jpg 1024w, https:\/\/automotiverevista.pt\/wp-content\/uploads\/2024\/02\/p-eot-man-etruck-first-orders-2-300x200.jpg 300w, https:\/\/automotiverevista.pt\/wp-content\/uploads\/2024\/02\/p-eot-man-etruck-first-orders-2-768x512.jpg 768w, https:\/\/automotiverevista.pt\/wp-content\/uploads\/2024\/02\/p-eot-man-etruck-first-orders-2-1536x1024.jpg 1536w, https:\/\/automotiverevista.pt\/wp-content\/uploads\/2024\/02\/p-eot-man-etruck-first-orders-2-750x500.jpg 750w, https:\/\/automotiverevista.pt\/wp-content\/uploads\/2024\/02\/p-eot-man-etruck-first-orders-2-1140x760.jpg 1140w, https:\/\/automotiverevista.pt\/wp-content\/uploads\/2024\/02\/p-eot-man-etruck-first-orders-2.jpg 2000w\" sizes=\"(max-width: 1024px) 100vw, 1024px\" \/><\/figure>\n\n\n\n<p><strong>Modelos e forma\u00e7\u00e3o<\/strong><\/p>\n\n\n\n<p>O mercado nacional continua a ser dominado por modelos tratores, onde o <a href=\"https:\/\/youtu.be\/Mr6_lKAJQ5c?si=p4CROM_rnriZ6GW8\">TGX \u00e9 uma refer\u00eancia<\/a> em diversos par\u00e2metros. No tocante aos autocarros, o modelo Lions Coach mant\u00e9m a sua <a href=\"https:\/\/youtu.be\/SwOmbmI8VR4?si=FqpBxrDhzPiPWDbX\">trajet\u00f3ria de sucesso<\/a> e, \u00e0 data, estamos com um bom avan\u00e7o em termos de volume de encomendas quer de cami\u00f5es quer de autocarros, o que nos permite antever um ano de 2024 com resultados potencialmente mais robustos e consistentes.<\/p>\n\n\n\n<p>J\u00e1 no caso dos furg\u00f5es TGE, a procura pelos <a href=\"https:\/\/youtu.be\/1PcUNOJpMzY?si=7sBLZ9RB8907A0Z6\">furg\u00f5es transformados de f\u00e1brica pela MAN<\/a> e com total garantia da marca, continua ativa. Assim, e tivermos mais unidade novas dispon\u00edveis em 2024, acreditamos que tamb\u00e9m nos modelos chassis-cabine e furg\u00f5es novos, deveremos registar um ano de forte crescimento, com um mix estimado em 70% de furg\u00f5es e 30% de modelos chassis-cabine.<\/p>\n\n\n\n<p>Em 2023, o modelo TGE alcan\u00e7ou o seu melhor ano de venda de modelos ambul\u00e2ncia, com muita procura pelas corpora\u00e7\u00f5es de bombeiros em Portugal, sendo que os nossos servi\u00e7os de assist\u00eancia 24 horas alavancaram muitos neg\u00f3cios nesta \u00e1rea, pela capacidade de resposta t\u00e9cnica e de assist\u00eancia permanente, que as corpora\u00e7\u00f5es de bombeiro necessitam em todo o continente.<\/p>\n\n\n\n<figure class=\"wp-block-image size-large is-resized\"><img decoding=\"async\" width=\"1024\" height=\"768\" src=\"https:\/\/automotiverevista.pt\/wp-content\/uploads\/2024\/02\/20231124_175038-1024x768.jpg\" alt=\"\" class=\"wp-image-5623\" style=\"width:666px;height:auto\" srcset=\"https:\/\/automotiverevista.pt\/wp-content\/uploads\/2024\/02\/20231124_175038-1024x768.jpg 1024w, https:\/\/automotiverevista.pt\/wp-content\/uploads\/2024\/02\/20231124_175038-300x225.jpg 300w, https:\/\/automotiverevista.pt\/wp-content\/uploads\/2024\/02\/20231124_175038-768x576.jpg 768w, https:\/\/automotiverevista.pt\/wp-content\/uploads\/2024\/02\/20231124_175038-1536x1152.jpg 1536w, https:\/\/automotiverevista.pt\/wp-content\/uploads\/2024\/02\/20231124_175038-2048x1536.jpg 2048w, https:\/\/automotiverevista.pt\/wp-content\/uploads\/2024\/02\/20231124_175038-750x563.jpg 750w, https:\/\/automotiverevista.pt\/wp-content\/uploads\/2024\/02\/20231124_175038-1140x855.jpg 1140w\" sizes=\"(max-width: 1024px) 100vw, 1024px\" \/><\/figure>\n\n\n\n<p>Acentu\u00e1mos o investimento na contrata\u00e7\u00e3o de novos profissionais em 2023, tanto que cri\u00e1mos na unidade de Mangualde um centro de forma\u00e7\u00e3o para os funcion\u00e1rios que entraram nossa empresa na \u00e1rea mec\u00e2nica e, tamb\u00e9m, de forma\u00e7\u00e3o continua para os funcion\u00e1rios mais antigos. No futuro, talvez seja poss\u00edvel acolhermos neste nosso centro de forma\u00e7\u00e3o, profissionais de mec\u00e2nica pesada de outras empresas, aproveitando a atratividade da rota internacional de cami\u00f5es da regi\u00e3o de Mangualde.<\/p>\n\n\n\n<p>No \u00e2mbito da fideliza\u00e7\u00e3o e custo de utiliza\u00e7\u00e3o das nossas viaturas, houve um grande avan\u00e7o em termos de contrato de manuten\u00e7\u00e3o da MAN em Portugal. Hoje, 75% das viaturas que vendemos est\u00e3o associadas a um contrato de repara\u00e7\u00e3o e de manuten\u00e7\u00e3o. Isto demonstra que os nossos clientes frotistas em transportadoras em geral, j\u00e1 est\u00e3o conscientes de que \u00e9 mais rent\u00e1vel dispor de um contrato de manuten\u00e7\u00e3o com a marca, do que manter uma estrutura oficinal pr\u00f3pria, com os elevados custos de m\u00e3o-de-obra, regras ambientais, de ferramentas oficinais e de gest\u00e3o que, tudo somado, afetam os custos de explora\u00e7\u00e3o do neg\u00f3cio, de qualquer cliente.<\/p>\n\n\n\n<figure class=\"wp-block-image size-large is-resized\"><img decoding=\"async\" width=\"1024\" height=\"583\" src=\"https:\/\/automotiverevista.pt\/wp-content\/uploads\/2024\/02\/IMG_4185_2-1024x583.jpg\" alt=\"\" class=\"wp-image-5624\" style=\"width:840px;height:auto\" srcset=\"https:\/\/automotiverevista.pt\/wp-content\/uploads\/2024\/02\/IMG_4185_2-1024x583.jpg 1024w, https:\/\/automotiverevista.pt\/wp-content\/uploads\/2024\/02\/IMG_4185_2-300x171.jpg 300w, https:\/\/automotiverevista.pt\/wp-content\/uploads\/2024\/02\/IMG_4185_2-768x438.jpg 768w, https:\/\/automotiverevista.pt\/wp-content\/uploads\/2024\/02\/IMG_4185_2-1536x875.jpg 1536w, https:\/\/automotiverevista.pt\/wp-content\/uploads\/2024\/02\/IMG_4185_2-750x427.jpg 750w, https:\/\/automotiverevista.pt\/wp-content\/uploads\/2024\/02\/IMG_4185_2-1140x650.jpg 1140w, https:\/\/automotiverevista.pt\/wp-content\/uploads\/2024\/02\/IMG_4185_2.jpg 1878w\" sizes=\"(max-width: 1024px) 100vw, 1024px\" \/><\/figure>\n\n\n\n<p><strong>Ano desafiante e novas instala\u00e7\u00f5es<\/strong><\/p>\n\n\n\n<p>O ano de 2024 ser\u00e1 um ano de muitas novidades, mas tamb\u00e9m de desafios para as marcas de cami\u00f5es. O setor de transportes continuar\u00e1 sob press\u00e3o no tocante aos custos de manuten\u00e7\u00e3o da frota, dos consum\u00edveis, combust\u00edveis e sobretudo com dificuldade de acesso ao cr\u00e9dito, agravado pelas elevadas taxas de juro. Em Portugal, 90% das compras de cami\u00f5es novos \u00e9 via financiamento e 10% atrav\u00e9s de capitais pr\u00f3prios dos clientes.<\/p>\n\n\n\n<p>Depois de 3 anos conturbados pelo Covid-19, falta de componentes, os conflitos internacionais e constrangimento log\u00edstico, chegamos a 2024 com algumas incertezas macroecon\u00f3micas. Contudo, no que toca a MAN Truck &amp; Bus Portugal, 2024 ser\u00e1 o ano de arranque da constru\u00e7\u00e3o das nossas novas instala\u00e7\u00f5es.<\/p>\n\n\n\n<p>Iremos edificar uma nova sede num terreno pr\u00f3prio com \u00e1rea de 57 mil m2, onde iremos dispor de uma \u00e1rea oficinal de 7 mil m2, com \u00e1rea administrativa e de servi\u00e7os com cerca de 3 mil m2, a ser constru\u00edda na zona de Castanheira do Ribatejo, com bons acessos e muito pr\u00f3ximo da A1, num investimento de 7 milh\u00f5es de euros.<\/p>\n\n\n\n<p>Ser\u00e1 o quartel-general da MAN em Portugal, onde implementaremos uma s\u00e9rie de servi\u00e7os, tais como vendas premium de viaturas usadas da nossa marca, cami\u00f5es, autocarros e furg\u00f5es, para al\u00e9m \u00e9 claro de melhores condi\u00e7\u00f5es para a entrega de modelos novos. Esperamos poder inaugurar as novas instala\u00e7\u00f5es em dezembro de 2025, onde iremos dispor de um posto de recarregamento de viaturas 100% el\u00e9tricas de 1 megawatt de pot\u00eancia, concetualmente aberto ao p\u00fablico, dando tamb\u00e9m suporte aos cami\u00f5es 100% el\u00e9tricos da MAN cujas primeiras entregas decorrer\u00e3o em 2025\u201d, destacou David Carlos.<\/p>\n","protected":false},"excerpt":{"rendered":"<p>Marca do Grupo TRATON, a MAN Truck &amp; Bus Portugal alcan\u00e7ou resultados hist\u00f3ricos no ano de 2023, sendo uma verdadeira prenda pelos seus 25 anos de presen\u00e7a no nosso pa\u00eds, ao atingir o melhor desempenho de sempre no nosso mercado. David Carlos, Managing Director da empresa em Portugal recebeu a Revista Automotive para dar a [&hellip;]<\/p>\n","protected":false},"author":1,"featured_media":5618,"comment_status":"closed","ping_status":"open","sticky":false,"template":"","format":"standard","meta":{"jnews-multi-image_gallery":[],"jnews_single_post":{"subtitle":"","format":"standard","video":"","gallery":"","source_name":"","source_url":"","via_name":"","via_url":"","override_template":"0","override":[{"template":"2","single_blog_custom":"","parallax":"1","fullscreen":"1","layout":"right-sidebar","sidebar":"default-sidebar","second_sidebar":"default-sidebar","sticky_sidebar":"1","share_position":"topbottom","share_float_style":"share-monocrhome","show_share_counter":"0","show_view_counter":"0","show_featured":"1","show_post_meta":"1","show_post_author":"0","show_post_author_image":"1","show_post_date":"1","post_date_format":"default","post_date_format_custom":"Y\/m\/d","show_post_category":"1","show_post_reading_time":"0","post_reading_time_wpm":"300","show_zoom_button":"0","zoom_button_out_step":"2","zoom_button_in_step":"3","show_post_tag":"1","show_prev_next_post":"0","show_popup_post":"1","number_popup_post":"1","show_author_box":"0","show_post_related":"1","show_inline_post_related":"1"}],"override_image_size":"0","image_override":[{"single_post_thumbnail_size":"crop-500","single_post_gallery_size":"crop-500"}],"trending_post":"0","trending_post_position":"meta","trending_post_label":"Trending","sponsored_post":"0","sponsored_post_label":"Sponsored by","sponsored_post_name":"","sponsored_post_url":"","sponsored_post_logo_enable":"0","sponsored_post_logo":"","sponsored_post_desc":"","disable_ad":"0"},"jnews_primary_category":{"id":"","hide":""},"footnotes":""},"categories":[25],"tags":[],"class_list":["post-5617","post","type-post","status-publish","format-standard","has-post-thumbnail","hentry","category-pesados-e-maquinas"],"yoast_head":"<!-- This site is optimized with the Yoast SEO Premium plugin v27.2 (Yoast SEO v27.5) - https:\/\/yoast.com\/product\/yoast-seo-premium-wordpress\/ -->\n<title>MAN Portugal \u2013 resultados hist\u00f3ricos com mudan\u00e7as no horizonte - Revista Automotive<\/title>\n<meta name=\"description\" content=\"Marca do Grupo TRATON, a MAN Truck &amp; Bus Portugal alcan\u00e7ou resultados hist\u00f3ricos no ano de 2023, sendo uma verda\" \/>\n<meta name=\"robots\" content=\"index, follow, max-snippet:-1, max-image-preview:large, max-video-preview:-1\" \/>\n<link rel=\"canonical\" href=\"https:\/\/automotiverevista.pt\/index.php\/2024\/02\/22\/man-portugal-resultados-historicos-com-mudancas-no-horizonte\/\" \/>\n<meta property=\"og:locale\" content=\"pt_PT\" \/>\n<meta property=\"og:type\" content=\"article\" \/>\n<meta property=\"og:title\" content=\"MAN Portugal \u2013 resultados hist\u00f3ricos com mudan\u00e7as no horizonte\" \/>\n<meta property=\"og:description\" content=\"Marca do Grupo TRATON, a MAN Truck &amp; Bus Portugal alcan\u00e7ou resultados hist\u00f3ricos no ano de 2023, sendo uma verda\" \/>\n<meta property=\"og:url\" content=\"https:\/\/automotiverevista.pt\/index.php\/2024\/02\/22\/man-portugal-resultados-historicos-com-mudancas-no-horizonte\/\" \/>\n<meta property=\"og:site_name\" content=\"Revista Automotive\" \/>\n<meta property=\"article:published_time\" content=\"2024-02-22T08:07:00+00:00\" \/>\n<meta property=\"og:image\" content=\"https:\/\/automotiverevista.pt\/wp-content\/uploads\/2024\/02\/IMG_4179.jpg\" \/>\n\t<meta property=\"og:image:width\" content=\"2000\" \/>\n\t<meta property=\"og:image:height\" content=\"1333\" \/>\n\t<meta property=\"og:image:type\" content=\"image\/jpeg\" \/>\n<meta name=\"author\" content=\"adminNovo\" \/>\n<meta name=\"twitter:card\" content=\"summary_large_image\" \/>\n<meta name=\"twitter:label1\" content=\"Escrito por\" \/>\n\t<meta name=\"twitter:data1\" content=\"adminNovo\" \/>\n\t<meta name=\"twitter:label2\" content=\"Tempo estimado de leitura\" \/>\n\t<meta name=\"twitter:data2\" content=\"9 minutos\" \/>\n<script type=\"application\/ld+json\" class=\"yoast-schema-graph\">{\"@context\":\"https:\\\/\\\/schema.org\",\"@graph\":[{\"@type\":\"Article\",\"@id\":\"https:\\\/\\\/automotiverevista.pt\\\/index.php\\\/2024\\\/02\\\/22\\\/man-portugal-resultados-historicos-com-mudancas-no-horizonte\\\/#article\",\"isPartOf\":{\"@id\":\"https:\\\/\\\/automotiverevista.pt\\\/index.php\\\/2024\\\/02\\\/22\\\/man-portugal-resultados-historicos-com-mudancas-no-horizonte\\\/\"},\"author\":{\"name\":\"adminNovo\",\"@id\":\"https:\\\/\\\/automotiverevista.pt\\\/#\\\/schema\\\/person\\\/1265858bc8c78a0f969de814da8be281\"},\"headline\":\"MAN Portugal \u2013 resultados hist\u00f3ricos com mudan\u00e7as no horizonte\",\"datePublished\":\"2024-02-22T08:07:00+00:00\",\"mainEntityOfPage\":{\"@id\":\"https:\\\/\\\/automotiverevista.pt\\\/index.php\\\/2024\\\/02\\\/22\\\/man-portugal-resultados-historicos-com-mudancas-no-horizonte\\\/\"},\"wordCount\":1372,\"publisher\":{\"@id\":\"https:\\\/\\\/automotiverevista.pt\\\/#organization\"},\"image\":{\"@id\":\"https:\\\/\\\/automotiverevista.pt\\\/index.php\\\/2024\\\/02\\\/22\\\/man-portugal-resultados-historicos-com-mudancas-no-horizonte\\\/#primaryimage\"},\"thumbnailUrl\":\"https:\\\/\\\/automotiverevista.pt\\\/wp-content\\\/uploads\\\/2024\\\/02\\\/IMG_4179.jpg\",\"articleSection\":[\"Pesados e M\u00e1quinas\"],\"inLanguage\":\"pt-PT\"},{\"@type\":\"WebPage\",\"@id\":\"https:\\\/\\\/automotiverevista.pt\\\/index.php\\\/2024\\\/02\\\/22\\\/man-portugal-resultados-historicos-com-mudancas-no-horizonte\\\/\",\"url\":\"https:\\\/\\\/automotiverevista.pt\\\/index.php\\\/2024\\\/02\\\/22\\\/man-portugal-resultados-historicos-com-mudancas-no-horizonte\\\/\",\"name\":\"MAN Portugal \u2013 resultados hist\u00f3ricos com mudan\u00e7as no horizonte - Revista Automotive\",\"isPartOf\":{\"@id\":\"https:\\\/\\\/automotiverevista.pt\\\/#website\"},\"primaryImageOfPage\":{\"@id\":\"https:\\\/\\\/automotiverevista.pt\\\/index.php\\\/2024\\\/02\\\/22\\\/man-portugal-resultados-historicos-com-mudancas-no-horizonte\\\/#primaryimage\"},\"image\":{\"@id\":\"https:\\\/\\\/automotiverevista.pt\\\/index.php\\\/2024\\\/02\\\/22\\\/man-portugal-resultados-historicos-com-mudancas-no-horizonte\\\/#primaryimage\"},\"thumbnailUrl\":\"https:\\\/\\\/automotiverevista.pt\\\/wp-content\\\/uploads\\\/2024\\\/02\\\/IMG_4179.jpg\",\"datePublished\":\"2024-02-22T08:07:00+00:00\",\"description\":\"Marca do Grupo TRATON, a MAN Truck & Bus Portugal alcan\u00e7ou resultados hist\u00f3ricos no ano de 2023, sendo uma verda\",\"breadcrumb\":{\"@id\":\"https:\\\/\\\/automotiverevista.pt\\\/index.php\\\/2024\\\/02\\\/22\\\/man-portugal-resultados-historicos-com-mudancas-no-horizonte\\\/#breadcrumb\"},\"inLanguage\":\"pt-PT\",\"potentialAction\":[{\"@type\":\"ReadAction\",\"target\":[\"https:\\\/\\\/automotiverevista.pt\\\/index.php\\\/2024\\\/02\\\/22\\\/man-portugal-resultados-historicos-com-mudancas-no-horizonte\\\/\"]}]},{\"@type\":\"ImageObject\",\"inLanguage\":\"pt-PT\",\"@id\":\"https:\\\/\\\/automotiverevista.pt\\\/index.php\\\/2024\\\/02\\\/22\\\/man-portugal-resultados-historicos-com-mudancas-no-horizonte\\\/#primaryimage\",\"url\":\"https:\\\/\\\/automotiverevista.pt\\\/wp-content\\\/uploads\\\/2024\\\/02\\\/IMG_4179.jpg\",\"contentUrl\":\"https:\\\/\\\/automotiverevista.pt\\\/wp-content\\\/uploads\\\/2024\\\/02\\\/IMG_4179.jpg\",\"width\":2000,\"height\":1333},{\"@type\":\"BreadcrumbList\",\"@id\":\"https:\\\/\\\/automotiverevista.pt\\\/index.php\\\/2024\\\/02\\\/22\\\/man-portugal-resultados-historicos-com-mudancas-no-horizonte\\\/#breadcrumb\",\"itemListElement\":[{\"@type\":\"ListItem\",\"position\":1,\"name\":\"Home\",\"item\":\"https:\\\/\\\/automotiverevista.pt\\\/\"},{\"@type\":\"ListItem\",\"position\":2,\"name\":\"MAN Portugal \u2013 resultados hist\u00f3ricos com mudan\u00e7as no horizonte\"}]},{\"@type\":\"WebSite\",\"@id\":\"https:\\\/\\\/automotiverevista.pt\\\/#website\",\"url\":\"https:\\\/\\\/automotiverevista.pt\\\/\",\"name\":\"Revista Automotive\",\"description\":\"Revista Automotive Portugal\",\"publisher\":{\"@id\":\"https:\\\/\\\/automotiverevista.pt\\\/#organization\"},\"potentialAction\":[{\"@type\":\"SearchAction\",\"target\":{\"@type\":\"EntryPoint\",\"urlTemplate\":\"https:\\\/\\\/automotiverevista.pt\\\/?s={search_term_string}\"},\"query-input\":{\"@type\":\"PropertyValueSpecification\",\"valueRequired\":true,\"valueName\":\"search_term_string\"}}],\"inLanguage\":\"pt-PT\"},{\"@type\":\"Organization\",\"@id\":\"https:\\\/\\\/automotiverevista.pt\\\/#organization\",\"name\":\"Revista Automotive Portugal\",\"url\":\"https:\\\/\\\/automotiverevista.pt\\\/\",\"logo\":{\"@type\":\"ImageObject\",\"inLanguage\":\"pt-PT\",\"@id\":\"https:\\\/\\\/automotiverevista.pt\\\/#\\\/schema\\\/logo\\\/image\\\/\",\"url\":\"https:\\\/\\\/automotiverevista.pt\\\/wp-content\\\/uploads\\\/2022\\\/07\\\/Logo-Automotive-2021_500-1.jpg\",\"contentUrl\":\"https:\\\/\\\/automotiverevista.pt\\\/wp-content\\\/uploads\\\/2022\\\/07\\\/Logo-Automotive-2021_500-1.jpg\",\"width\":500,\"height\":160,\"caption\":\"Revista Automotive Portugal\"},\"image\":{\"@id\":\"https:\\\/\\\/automotiverevista.pt\\\/#\\\/schema\\\/logo\\\/image\\\/\"},\"sameAs\":[\"https:\\\/\\\/linkedin.com\\\/in\\\/automotiverevista\"]},{\"@type\":\"Person\",\"@id\":\"https:\\\/\\\/automotiverevista.pt\\\/#\\\/schema\\\/person\\\/1265858bc8c78a0f969de814da8be281\",\"name\":\"adminNovo\",\"image\":{\"@type\":\"ImageObject\",\"inLanguage\":\"pt-PT\",\"@id\":\"https:\\\/\\\/secure.gravatar.com\\\/avatar\\\/c606c1288dcc11eb4c709aa5136fdb962583c410f5c23c0b7bf6917c542be355?s=96&d=mm&r=g\",\"url\":\"https:\\\/\\\/secure.gravatar.com\\\/avatar\\\/c606c1288dcc11eb4c709aa5136fdb962583c410f5c23c0b7bf6917c542be355?s=96&d=mm&r=g\",\"contentUrl\":\"https:\\\/\\\/secure.gravatar.com\\\/avatar\\\/c606c1288dcc11eb4c709aa5136fdb962583c410f5c23c0b7bf6917c542be355?s=96&d=mm&r=g\",\"caption\":\"adminNovo\"},\"sameAs\":[\"https:\\\/\\\/automotiverevista.pt\"],\"url\":\"https:\\\/\\\/automotiverevista.pt\\\/index.php\\\/author\\\/adminnovo\\\/\"}]}<\/script>\n<!-- \/ Yoast SEO Premium plugin. -->","yoast_head_json":{"title":"MAN Portugal \u2013 resultados hist\u00f3ricos com mudan\u00e7as no horizonte - Revista Automotive","description":"Marca do Grupo TRATON, a MAN Truck & Bus Portugal alcan\u00e7ou resultados hist\u00f3ricos no ano de 2023, sendo uma verda","robots":{"index":"index","follow":"follow","max-snippet":"max-snippet:-1","max-image-preview":"max-image-preview:large","max-video-preview":"max-video-preview:-1"},"canonical":"https:\/\/automotiverevista.pt\/index.php\/2024\/02\/22\/man-portugal-resultados-historicos-com-mudancas-no-horizonte\/","og_locale":"pt_PT","og_type":"article","og_title":"MAN Portugal \u2013 resultados hist\u00f3ricos com mudan\u00e7as no horizonte","og_description":"Marca do Grupo TRATON, a MAN Truck & Bus Portugal alcan\u00e7ou resultados hist\u00f3ricos no ano de 2023, sendo uma verda","og_url":"https:\/\/automotiverevista.pt\/index.php\/2024\/02\/22\/man-portugal-resultados-historicos-com-mudancas-no-horizonte\/","og_site_name":"Revista Automotive","article_published_time":"2024-02-22T08:07:00+00:00","og_image":[{"width":2000,"height":1333,"url":"https:\/\/automotiverevista.pt\/wp-content\/uploads\/2024\/02\/IMG_4179.jpg","type":"image\/jpeg"}],"author":"adminNovo","twitter_card":"summary_large_image","twitter_misc":{"Escrito por":"adminNovo","Tempo estimado de leitura":"9 minutos"},"schema":{"@context":"https:\/\/schema.org","@graph":[{"@type":"Article","@id":"https:\/\/automotiverevista.pt\/index.php\/2024\/02\/22\/man-portugal-resultados-historicos-com-mudancas-no-horizonte\/#article","isPartOf":{"@id":"https:\/\/automotiverevista.pt\/index.php\/2024\/02\/22\/man-portugal-resultados-historicos-com-mudancas-no-horizonte\/"},"author":{"name":"adminNovo","@id":"https:\/\/automotiverevista.pt\/#\/schema\/person\/1265858bc8c78a0f969de814da8be281"},"headline":"MAN Portugal \u2013 resultados hist\u00f3ricos com mudan\u00e7as no horizonte","datePublished":"2024-02-22T08:07:00+00:00","mainEntityOfPage":{"@id":"https:\/\/automotiverevista.pt\/index.php\/2024\/02\/22\/man-portugal-resultados-historicos-com-mudancas-no-horizonte\/"},"wordCount":1372,"publisher":{"@id":"https:\/\/automotiverevista.pt\/#organization"},"image":{"@id":"https:\/\/automotiverevista.pt\/index.php\/2024\/02\/22\/man-portugal-resultados-historicos-com-mudancas-no-horizonte\/#primaryimage"},"thumbnailUrl":"https:\/\/automotiverevista.pt\/wp-content\/uploads\/2024\/02\/IMG_4179.jpg","articleSection":["Pesados e M\u00e1quinas"],"inLanguage":"pt-PT"},{"@type":"WebPage","@id":"https:\/\/automotiverevista.pt\/index.php\/2024\/02\/22\/man-portugal-resultados-historicos-com-mudancas-no-horizonte\/","url":"https:\/\/automotiverevista.pt\/index.php\/2024\/02\/22\/man-portugal-resultados-historicos-com-mudancas-no-horizonte\/","name":"MAN Portugal \u2013 resultados hist\u00f3ricos com mudan\u00e7as no horizonte - Revista Automotive","isPartOf":{"@id":"https:\/\/automotiverevista.pt\/#website"},"primaryImageOfPage":{"@id":"https:\/\/automotiverevista.pt\/index.php\/2024\/02\/22\/man-portugal-resultados-historicos-com-mudancas-no-horizonte\/#primaryimage"},"image":{"@id":"https:\/\/automotiverevista.pt\/index.php\/2024\/02\/22\/man-portugal-resultados-historicos-com-mudancas-no-horizonte\/#primaryimage"},"thumbnailUrl":"https:\/\/automotiverevista.pt\/wp-content\/uploads\/2024\/02\/IMG_4179.jpg","datePublished":"2024-02-22T08:07:00+00:00","description":"Marca do Grupo TRATON, a MAN Truck & Bus Portugal alcan\u00e7ou resultados hist\u00f3ricos no ano de 2023, sendo uma verda","breadcrumb":{"@id":"https:\/\/automotiverevista.pt\/index.php\/2024\/02\/22\/man-portugal-resultados-historicos-com-mudancas-no-horizonte\/#breadcrumb"},"inLanguage":"pt-PT","potentialAction":[{"@type":"ReadAction","target":["https:\/\/automotiverevista.pt\/index.php\/2024\/02\/22\/man-portugal-resultados-historicos-com-mudancas-no-horizonte\/"]}]},{"@type":"ImageObject","inLanguage":"pt-PT","@id":"https:\/\/automotiverevista.pt\/index.php\/2024\/02\/22\/man-portugal-resultados-historicos-com-mudancas-no-horizonte\/#primaryimage","url":"https:\/\/automotiverevista.pt\/wp-content\/uploads\/2024\/02\/IMG_4179.jpg","contentUrl":"https:\/\/automotiverevista.pt\/wp-content\/uploads\/2024\/02\/IMG_4179.jpg","width":2000,"height":1333},{"@type":"BreadcrumbList","@id":"https:\/\/automotiverevista.pt\/index.php\/2024\/02\/22\/man-portugal-resultados-historicos-com-mudancas-no-horizonte\/#breadcrumb","itemListElement":[{"@type":"ListItem","position":1,"name":"Home","item":"https:\/\/automotiverevista.pt\/"},{"@type":"ListItem","position":2,"name":"MAN Portugal \u2013 resultados hist\u00f3ricos com mudan\u00e7as no horizonte"}]},{"@type":"WebSite","@id":"https:\/\/automotiverevista.pt\/#website","url":"https:\/\/automotiverevista.pt\/","name":"Revista Automotive","description":"Revista Automotive Portugal","publisher":{"@id":"https:\/\/automotiverevista.pt\/#organization"},"potentialAction":[{"@type":"SearchAction","target":{"@type":"EntryPoint","urlTemplate":"https:\/\/automotiverevista.pt\/?s={search_term_string}"},"query-input":{"@type":"PropertyValueSpecification","valueRequired":true,"valueName":"search_term_string"}}],"inLanguage":"pt-PT"},{"@type":"Organization","@id":"https:\/\/automotiverevista.pt\/#organization","name":"Revista Automotive Portugal","url":"https:\/\/automotiverevista.pt\/","logo":{"@type":"ImageObject","inLanguage":"pt-PT","@id":"https:\/\/automotiverevista.pt\/#\/schema\/logo\/image\/","url":"https:\/\/automotiverevista.pt\/wp-content\/uploads\/2022\/07\/Logo-Automotive-2021_500-1.jpg","contentUrl":"https:\/\/automotiverevista.pt\/wp-content\/uploads\/2022\/07\/Logo-Automotive-2021_500-1.jpg","width":500,"height":160,"caption":"Revista Automotive Portugal"},"image":{"@id":"https:\/\/automotiverevista.pt\/#\/schema\/logo\/image\/"},"sameAs":["https:\/\/linkedin.com\/in\/automotiverevista"]},{"@type":"Person","@id":"https:\/\/automotiverevista.pt\/#\/schema\/person\/1265858bc8c78a0f969de814da8be281","name":"adminNovo","image":{"@type":"ImageObject","inLanguage":"pt-PT","@id":"https:\/\/secure.gravatar.com\/avatar\/c606c1288dcc11eb4c709aa5136fdb962583c410f5c23c0b7bf6917c542be355?s=96&d=mm&r=g","url":"https:\/\/secure.gravatar.com\/avatar\/c606c1288dcc11eb4c709aa5136fdb962583c410f5c23c0b7bf6917c542be355?s=96&d=mm&r=g","contentUrl":"https:\/\/secure.gravatar.com\/avatar\/c606c1288dcc11eb4c709aa5136fdb962583c410f5c23c0b7bf6917c542be355?s=96&d=mm&r=g","caption":"adminNovo"},"sameAs":["https:\/\/automotiverevista.pt"],"url":"https:\/\/automotiverevista.pt\/index.php\/author\/adminnovo\/"}]}},"_links":{"self":[{"href":"https:\/\/automotiverevista.pt\/index.php\/wp-json\/wp\/v2\/posts\/5617","targetHints":{"allow":["GET"]}}],"collection":[{"href":"https:\/\/automotiverevista.pt\/index.php\/wp-json\/wp\/v2\/posts"}],"about":[{"href":"https:\/\/automotiverevista.pt\/index.php\/wp-json\/wp\/v2\/types\/post"}],"author":[{"embeddable":true,"href":"https:\/\/automotiverevista.pt\/index.php\/wp-json\/wp\/v2\/users\/1"}],"replies":[{"embeddable":true,"href":"https:\/\/automotiverevista.pt\/index.php\/wp-json\/wp\/v2\/comments?post=5617"}],"version-history":[{"count":3,"href":"https:\/\/automotiverevista.pt\/index.php\/wp-json\/wp\/v2\/posts\/5617\/revisions"}],"predecessor-version":[{"id":5626,"href":"https:\/\/automotiverevista.pt\/index.php\/wp-json\/wp\/v2\/posts\/5617\/revisions\/5626"}],"wp:featuredmedia":[{"embeddable":true,"href":"https:\/\/automotiverevista.pt\/index.php\/wp-json\/wp\/v2\/media\/5618"}],"wp:attachment":[{"href":"https:\/\/automotiverevista.pt\/index.php\/wp-json\/wp\/v2\/media?parent=5617"}],"wp:term":[{"taxonomy":"category","embeddable":true,"href":"https:\/\/automotiverevista.pt\/index.php\/wp-json\/wp\/v2\/categories?post=5617"},{"taxonomy":"post_tag","embeddable":true,"href":"https:\/\/automotiverevista.pt\/index.php\/wp-json\/wp\/v2\/tags?post=5617"}],"curies":[{"name":"wp","href":"https:\/\/api.w.org\/{rel}","templated":true}]}}