{"id":5627,"date":"2024-02-23T08:16:00","date_gmt":"2024-02-23T08:16:00","guid":{"rendered":"https:\/\/automotiverevista.pt\/?p=5627"},"modified":"2024-02-11T19:17:05","modified_gmt":"2024-02-11T19:17:05","slug":"iaa-transportation-2024-qualidade-e-mais-atratividade","status":"publish","type":"post","link":"https:\/\/automotiverevista.pt\/index.php\/2024\/02\/23\/iaa-transportation-2024-qualidade-e-mais-atratividade\/","title":{"rendered":"IAA Transportation 2024 \u2013 qualidade e mais atratividade"},"content":{"rendered":"\n<p>Distinguido pela Revista Automotive com o <strong>Pr\u00e9mio International Exhibition<\/strong> em 2022, o sal\u00e3o IAA Transportation de Hannover deste ano, prepara-se para acolher expositores dos v\u00e1rios setores de atividades do mercado de ve\u00edculos comerciais e pesados (cami\u00f5es e autocarros), antevendo um evento de sucesso, com qualidade, seguran\u00e7a e retorno para os investidores.<\/p>\n\n\n\n<p>Para sabermos mais sobre a exposi\u00e7\u00e3o deste ano, a Revista Automotive entrevistou <strong>Jan Heckmann<\/strong> <em>Head of IAA departmen<\/em>t na Verband der Automobilindustrie (VDA), Heckmann \u00e9 o respos\u00e1vel pelo sal\u00e3o IAA Transportation que ir\u00e1 decorrer este ano, de 17 a 22 de setembro em Hannover.<\/p>\n\n\n\n<p>\u201cUm dos fatores que distingue o IAA Transportation de Hannover \u00e9 que cobrimos e representamos todos os segmentos do transporte comercial, isto \u00e9: cami\u00f5es, trailers, furg\u00f5es e autocarros. Como prova da nossa import\u00e2ncia, ressalto que as marcas procuram apresentar os seus novos modelos no sal\u00e3o. O IAA Transportation \u00e9 dos sal\u00f5es que tem a capacidade de atrair profissionais das empresas do setor e a imprensa internacional. O impacto na m\u00eddia mundial \u00e9 muito grande e, face ao retorno de imagem, grande parte das empresas do setor de ve\u00edculos comerciais e pesados, optam por apresentar os seus modelos no sal\u00e3o.<\/p>\n\n\n\n<p>Por isso, o IAA Transportation de Hannover continua a ser uma refer\u00eancia mundial no que toca aos novos lan\u00e7amentos de modelos, produtos, e tamb\u00e9m como palco para o debate das tend\u00eancias do setor de transportes comerciais. Com o evento de 2022, demonstr\u00e1mos que foi poss\u00edvel sairmos da pandemia ainda mais fortes, e o <strong><a href=\"https:\/\/automotiverevista.pt\/index.php\/2023\/02\/06\/iaa-transportation-premio-international-exhibition\/\">Premio International Exhibition<\/a><\/strong> que recebemos da Automotive, reconheceu o m\u00e9rito do nosso trabalho e deu-nos ainda mais motiva\u00e7\u00e3o para fazermos mais e melhor, para os nossos expositores e p\u00fablico.<\/p>\n\n\n\n<figure class=\"wp-block-image size-large is-resized\"><img decoding=\"async\" width=\"1024\" height=\"682\" src=\"https:\/\/automotiverevista.pt\/wp-content\/uploads\/2024\/02\/IMG_3235-1024x682.jpg\" alt=\"\" class=\"wp-image-5630\" style=\"width:849px;height:auto\" srcset=\"https:\/\/automotiverevista.pt\/wp-content\/uploads\/2024\/02\/IMG_3235-1024x682.jpg 1024w, https:\/\/automotiverevista.pt\/wp-content\/uploads\/2024\/02\/IMG_3235-300x200.jpg 300w, https:\/\/automotiverevista.pt\/wp-content\/uploads\/2024\/02\/IMG_3235-768x512.jpg 768w, https:\/\/automotiverevista.pt\/wp-content\/uploads\/2024\/02\/IMG_3235-1536x1024.jpg 1536w, https:\/\/automotiverevista.pt\/wp-content\/uploads\/2024\/02\/IMG_3235-750x500.jpg 750w, https:\/\/automotiverevista.pt\/wp-content\/uploads\/2024\/02\/IMG_3235-1140x760.jpg 1140w, https:\/\/automotiverevista.pt\/wp-content\/uploads\/2024\/02\/IMG_3235.jpg 2000w\" sizes=\"(max-width: 1024px) 100vw, 1024px\" \/><\/figure>\n\n\n\n<p><strong>Neg\u00f3cios e test-drives<\/strong><\/p>\n\n\n\n<p>Num mundo cada vez mais digital, os sal\u00f5es ganham ainda mais import\u00e2ncia, pois a capacidade de \u201cengagement\u201d de um evento deste porte, \u00e9 incompar\u00e1vel superior \u00e0s plataformas digitais. As pessoas podem encontrar-se pessoalmente, debater e conhecer as inova\u00e7\u00f5es, tomar contacto com os novos conceitos de neg\u00f3cio, de apresentar novos cami\u00f5es, furg\u00f5es ou autocarros, tudo dentro de um ambiente \u00fanico e num mundo f\u00edsico onde as coisas funcionam ligadas \u00e0 realidade em que vivemos.<\/p>\n\n\n\n<p>Contudo, um sal\u00e3o internacional e com esta dimens\u00e3o, tem de continuamente se reinventar e encontrar formatos que v\u00e3o de encontro \u00e0s realidades do mundo de hoje. Por isso que temos uma pan\u00f3plia de solu\u00e7\u00f5es para os nossos expositores. Assim, e para al\u00e9m do espa\u00e7o expositivo dos stands, disponibilizamos uma \u00e1rea realiza\u00e7\u00e3o de test-drives. Os expositores podem assim convidar e interagir com os visitantes, para experimentar os seus modelos.<\/p>\n\n\n\n<p>O <a href=\"https:\/\/youtu.be\/zXuDQfxp45I?si=kii8O1B1pFQUGNup\">test-drive <\/a>\u00e9 importante quando entramos no mundo da eletromobilidade. Ainda s\u00e3o poucos os profissionais que podem testar um cami\u00e3o el\u00e9trico, por exemplo. Conduzir uma tecnologia nova proporciona uma experi\u00eancia inovadora e desmistifica o conceito da eletromobilidade. T\u00e3o importante quanto os cami\u00f5es, autocarros e furg\u00f5es el\u00e9tricos tamb\u00e9m \u00e9 a quest\u00e3o da infraestrutura de carregamento. Os visitantes poder\u00e3o assim experimentar essas solu\u00e7\u00f5es e compreender realmente como ir\u00e3o funcionar no seu dia-a-dia.<\/p>\n\n\n\n<p>Al\u00e9m de conseguirmos concentrar um grande n\u00famero de profissionais num evento, tamb\u00e9m providenciamos as ferramentas necess\u00e1rias para que se crie um bom <em>networking <\/em>entre eles.<\/p>\n\n\n\n<p>H\u00e1 um elemento surpresa muito valioso nestes eventos, onde o visitante encontra a solu\u00e7\u00e3o para a sua necessidade num expositor que nem sequer tinha considerado antes. Muitas vezes as grandes oportunidades aparecem de onde menos se espera, quer por parte dos expositores, quer dos visitantes. O IAA Transportation de Hannover \u00e9, por tudo isso, um ponto de encontro mundial onde tudo isso acontece.<\/p>\n\n\n\n<figure class=\"wp-block-image size-large is-resized\"><img decoding=\"async\" width=\"1024\" height=\"682\" src=\"https:\/\/automotiverevista.pt\/wp-content\/uploads\/2024\/02\/IMG_3313-1024x682.jpg\" alt=\"\" class=\"wp-image-5631\" style=\"width:752px;height:auto\" srcset=\"https:\/\/automotiverevista.pt\/wp-content\/uploads\/2024\/02\/IMG_3313-1024x682.jpg 1024w, https:\/\/automotiverevista.pt\/wp-content\/uploads\/2024\/02\/IMG_3313-300x200.jpg 300w, https:\/\/automotiverevista.pt\/wp-content\/uploads\/2024\/02\/IMG_3313-768x512.jpg 768w, https:\/\/automotiverevista.pt\/wp-content\/uploads\/2024\/02\/IMG_3313-1536x1024.jpg 1536w, https:\/\/automotiverevista.pt\/wp-content\/uploads\/2024\/02\/IMG_3313-750x500.jpg 750w, https:\/\/automotiverevista.pt\/wp-content\/uploads\/2024\/02\/IMG_3313-1140x760.jpg 1140w, https:\/\/automotiverevista.pt\/wp-content\/uploads\/2024\/02\/IMG_3313.jpg 2000w\" sizes=\"(max-width: 1024px) 100vw, 1024px\" \/><\/figure>\n\n\n\n<p><strong>Mobilidade el\u00e9trica<\/strong><\/p>\n\n\n\n<p>A eletrifica\u00e7\u00e3o das frotas trouxe uma relev\u00e2ncia acrescida ao nosso evento, mas mais do que isso, a procura por propuls\u00f5es alternativas ao diesel veio aumentar a diversidade e as oportunidades deste grande setor. Em 2024, vamos contar com mais empresas ligadas \u00e0s infraestruturas de carregamento, sejam elas fornecedoras de energia, gestoras de energia, postos de carregamento el\u00e9trico, software para gest\u00e3o de carregamentos, entre muitas outras solu\u00e7\u00f5es.<\/p>\n\n\n\n<p>Para tanto, desenvolvemos um conceito denominado \u201cInfraestructure Campus\u201d onde os visitantes encontrar\u00e3o \u00e1reas dentro de cada pavilh\u00e3o, dedicadas \u00e0s infraestruturas de carregamento, sobretudo eletricidade, hidrog\u00e9nio, biocombust\u00edveis e combust\u00edveis sint\u00e9ticos.<\/p>\n\n\n\n<p>O setor dos autocarros ter\u00e1 um destaque importante no sal\u00e3o deste ano, at\u00e9 como exemplo a seguir pelas empresas de transporte de mercadorias. Relembro que foram os autocarros os primeiros a aderirem em grande escala \u00e0s propuls\u00f5es alternativas, sejam elas de g\u00e1s natural ou de eletricidade, sendo assim um setor com uma experi\u00eancia valiosa para as demais frotas.<\/p>\n\n\n\n<figure class=\"wp-block-image size-large is-resized\"><img decoding=\"async\" width=\"1024\" height=\"682\" src=\"https:\/\/automotiverevista.pt\/wp-content\/uploads\/2024\/02\/IMG_3081-1024x682.jpg\" alt=\"\" class=\"wp-image-5632\" style=\"width:779px;height:auto\" srcset=\"https:\/\/automotiverevista.pt\/wp-content\/uploads\/2024\/02\/IMG_3081-1024x682.jpg 1024w, https:\/\/automotiverevista.pt\/wp-content\/uploads\/2024\/02\/IMG_3081-300x200.jpg 300w, https:\/\/automotiverevista.pt\/wp-content\/uploads\/2024\/02\/IMG_3081-768x512.jpg 768w, https:\/\/automotiverevista.pt\/wp-content\/uploads\/2024\/02\/IMG_3081-1536x1024.jpg 1536w, https:\/\/automotiverevista.pt\/wp-content\/uploads\/2024\/02\/IMG_3081-750x500.jpg 750w, https:\/\/automotiverevista.pt\/wp-content\/uploads\/2024\/02\/IMG_3081-1140x760.jpg 1140w, https:\/\/automotiverevista.pt\/wp-content\/uploads\/2024\/02\/IMG_3081.jpg 2000w\" sizes=\"(max-width: 1024px) 100vw, 1024px\" \/><\/figure>\n\n\n\n<p><strong>Presente e futuro<\/strong><\/p>\n\n\n\n<p>Teremos uma combina\u00e7\u00e3o interessante de empresas centen\u00e1rias, que trazem consigo uma experi\u00eancia consolidada e comprovada no mercado, juntamente com muitas start-ups que procuram apresentar solu\u00e7\u00f5es inovadoras, com novas tend\u00eancias para outros segmentos de mercado que est\u00e3o a surgir.<\/p>\n\n\n\n<p>A entidade VDA, ligada \u00e0 organiza\u00e7\u00e3o do nosso evento, tem um grande hist\u00f3rico e conta com uma grande proximidade com o mercado de transportes. Este potencial, acrescenta vantagens e d\u00e3o um importante suporte para um sal\u00e3o, como o IAA Transportation. Por isso, estamos em permanente contacto com todas as partes interessadas (stackeholders), para implementarmos as melhores solu\u00e7\u00f5es antes e no decorrer do nosso evento.<\/p>\n\n\n\n<figure class=\"wp-block-image size-large is-resized\"><img decoding=\"async\" width=\"1024\" height=\"768\" src=\"https:\/\/automotiverevista.pt\/wp-content\/uploads\/2024\/02\/20220920_110907-1024x768.jpg\" alt=\"\" class=\"wp-image-5638\" style=\"width:874px;height:auto\" srcset=\"https:\/\/automotiverevista.pt\/wp-content\/uploads\/2024\/02\/20220920_110907-1024x768.jpg 1024w, https:\/\/automotiverevista.pt\/wp-content\/uploads\/2024\/02\/20220920_110907-300x225.jpg 300w, https:\/\/automotiverevista.pt\/wp-content\/uploads\/2024\/02\/20220920_110907-768x576.jpg 768w, https:\/\/automotiverevista.pt\/wp-content\/uploads\/2024\/02\/20220920_110907-1536x1152.jpg 1536w, https:\/\/automotiverevista.pt\/wp-content\/uploads\/2024\/02\/20220920_110907-750x563.jpg 750w, https:\/\/automotiverevista.pt\/wp-content\/uploads\/2024\/02\/20220920_110907-1140x855.jpg 1140w, https:\/\/automotiverevista.pt\/wp-content\/uploads\/2024\/02\/20220920_110907.jpg 2000w\" sizes=\"(max-width: 1024px) 100vw, 1024px\" \/><\/figure>\n\n\n\n<p>Al\u00e9m do conhecimento do setor dos transportes \u00e9 importante tamb\u00e9m ter experi\u00eancia na organiza\u00e7\u00e3o de sal\u00f5es internacionais. Por este motivo, a VDA organiza o IAA Transportation em Hannover e o IAA Mobility em Munique. O primeiro \u00e9 mais orientado para o p\u00fablico profissional e, segundo, \u00e9 mais dedicado para o p\u00fablico em geral. Apesar das diferen\u00e7as em termos de conceitos e de expositores, estes sal\u00f5es conquistaram os seus espa\u00e7os no cen\u00e1rio mundial. Temos, por isto, fortes expectativas de que o IAA Transportation de Hannover ser\u00e1 um evento com grande atratividade, novidade e realiza\u00e7\u00e3o de bons neg\u00f3cios. Para que tudo corra dentro do programado, aument\u00e1mos a nossa equipa para proporcionar mais suporte aos expositores e p\u00fablico.<\/p>\n\n\n\n<p>Para este ano, destaco a import\u00e2ncia que o setor dos trailers (semirreboques, reboques e solu\u00e7\u00f5es de carga) tem no mercado de transportes. As solu\u00e7\u00f5es de transporte de carga est\u00e3o em cont\u00ednua evolu\u00e7\u00e3o e com n\u00edveis tecnol\u00f3gicos impressionantes. Posso dizer que, em todos os nossos sal\u00f5es realizados at\u00e9 \u00e0 data, os pavilh\u00f5es consagrados aos trailers est\u00e3o sempre esgotados, e sempre com muita anteced\u00eancia.<\/p>\n\n\n\n<figure class=\"wp-block-image size-large is-resized\"><img decoding=\"async\" width=\"1024\" height=\"682\" src=\"https:\/\/automotiverevista.pt\/wp-content\/uploads\/2024\/02\/IMG_2547-1024x682.jpg\" alt=\"\" class=\"wp-image-5633\" style=\"width:761px;height:auto\" srcset=\"https:\/\/automotiverevista.pt\/wp-content\/uploads\/2024\/02\/IMG_2547-1024x682.jpg 1024w, https:\/\/automotiverevista.pt\/wp-content\/uploads\/2024\/02\/IMG_2547-300x200.jpg 300w, https:\/\/automotiverevista.pt\/wp-content\/uploads\/2024\/02\/IMG_2547-768x512.jpg 768w, https:\/\/automotiverevista.pt\/wp-content\/uploads\/2024\/02\/IMG_2547-1536x1024.jpg 1536w, https:\/\/automotiverevista.pt\/wp-content\/uploads\/2024\/02\/IMG_2547-750x500.jpg 750w, https:\/\/automotiverevista.pt\/wp-content\/uploads\/2024\/02\/IMG_2547-1140x760.jpg 1140w, https:\/\/automotiverevista.pt\/wp-content\/uploads\/2024\/02\/IMG_2547.jpg 2000w\" sizes=\"(max-width: 1024px) 100vw, 1024px\" \/><\/figure>\n\n\n\n<p><strong>Motoristas, sejam bem-vindos<\/strong><\/p>\n\n\n\n<p>\u00c9 muito entusiasmante visitar esses pavilh\u00f5es porque h\u00e1 uma grande quantidade e diversidade de solu\u00e7\u00f5es individualizadas e especiais, e que incorporam cada vez mais tecnologia. H\u00e1 novas empresas que est\u00e3o a entrar neste segmento de mercado, o que mostra um dinamismo e atratividade para bem da nossa economia e dos transportadores em geral.<\/p>\n\n\n\n<p>Uma novidade no IAA Transportation deste ano \u00e9 que iremos dedicar os fins de semana, com a realiza\u00e7\u00e3o de v\u00e1rias a\u00e7\u00f5es. Durante a semana temos visitantes profissionais e, durante o fim de semana, registamos uma maior aflu\u00eancia de p\u00fablico em geral, sobretudo fam\u00edlias onde um dos integrantes pode ser um motorista, seja de cami\u00e3o ou de autocarro. Os motoristas tamb\u00e9m t\u00eam um peso na decis\u00e3o de compra de cami\u00f5es e de autocarros das empresas de transporte e, neste sentido, queremos que eles tenham a melhor experi\u00eancia poss\u00edvel durante o nosso evento.<\/p>\n\n\n\n<p>Assim, iremos dinamizar a\u00e7\u00f5es espec\u00edficas para os motoristas durante o dia de domingo, para estes profissionais possam ter um contato mais pr\u00f3ximo com as inova\u00e7\u00f5es. Os motoristas t\u00eam um papel fundamental na nossa sociedade e queremos mostrar esse apre\u00e7o para com eles. Deste forma, e logo \u00e0 entrada do nosso sal\u00e3o, os visitantes s\u00e3o recebidos com um cartaz a dar as boas-vindas a todos os motoristas. Adicionalmente, os motoristas t\u00eam direito a entradas com um pre\u00e7o reduzido, bastando apenas mostrarem o seu cart\u00e3o de motorista\u201d, ressaltou Jan Heckmann.<\/p>\n\n\n\n<figure class=\"wp-block-image size-large is-resized\"><img decoding=\"async\" width=\"681\" height=\"1024\" src=\"https:\/\/automotiverevista.pt\/wp-content\/uploads\/2024\/02\/Jan-Heckmann-681x1024.jpg\" alt=\"\" class=\"wp-image-5636\" style=\"width:260px;height:auto\" srcset=\"https:\/\/automotiverevista.pt\/wp-content\/uploads\/2024\/02\/Jan-Heckmann-681x1024.jpg 681w, https:\/\/automotiverevista.pt\/wp-content\/uploads\/2024\/02\/Jan-Heckmann-200x300.jpg 200w, https:\/\/automotiverevista.pt\/wp-content\/uploads\/2024\/02\/Jan-Heckmann-768x1154.jpg 768w, https:\/\/automotiverevista.pt\/wp-content\/uploads\/2024\/02\/Jan-Heckmann-750x1127.jpg 750w, https:\/\/automotiverevista.pt\/wp-content\/uploads\/2024\/02\/Jan-Heckmann.jpg 998w\" sizes=\"(max-width: 681px) 100vw, 681px\" \/><\/figure>\n","protected":false},"excerpt":{"rendered":"<p>Distinguido pela Revista Automotive com o Pr\u00e9mio International Exhibition em 2022, o sal\u00e3o IAA Transportation de Hannover deste ano, prepara-se para acolher expositores dos v\u00e1rios setores de atividades do mercado de ve\u00edculos comerciais e pesados (cami\u00f5es e autocarros), antevendo um evento de sucesso, com qualidade, seguran\u00e7a e retorno para os investidores. Para sabermos mais sobre [&hellip;]<\/p>\n","protected":false},"author":1,"featured_media":5628,"comment_status":"closed","ping_status":"open","sticky":false,"template":"","format":"standard","meta":{"jnews-multi-image_gallery":[],"jnews_single_post":{"subtitle":"","format":"standard","video":"","gallery":"","source_name":"","source_url":"","via_name":"","via_url":"","override_template":"0","override":[{"template":"2","single_blog_custom":"","parallax":"1","fullscreen":"1","layout":"right-sidebar","sidebar":"default-sidebar","second_sidebar":"default-sidebar","sticky_sidebar":"1","share_position":"topbottom","share_float_style":"share-monocrhome","show_share_counter":"0","show_view_counter":"0","show_featured":"1","show_post_meta":"1","show_post_author":"0","show_post_author_image":"1","show_post_date":"1","post_date_format":"default","post_date_format_custom":"Y\/m\/d","show_post_category":"1","show_post_reading_time":"0","post_reading_time_wpm":"300","show_zoom_button":"0","zoom_button_out_step":"2","zoom_button_in_step":"3","show_post_tag":"1","show_prev_next_post":"0","show_popup_post":"1","number_popup_post":"1","show_author_box":"0","show_post_related":"1","show_inline_post_related":"1"}],"override_image_size":"0","image_override":[{"single_post_thumbnail_size":"crop-500","single_post_gallery_size":"crop-500"}],"trending_post":"0","trending_post_position":"meta","trending_post_label":"Trending","sponsored_post":"0","sponsored_post_label":"Sponsored by","sponsored_post_name":"","sponsored_post_url":"","sponsored_post_logo_enable":"0","sponsored_post_logo":"","sponsored_post_desc":"","disable_ad":"0"},"jnews_primary_category":{"id":"","hide":""},"footnotes":""},"categories":[25],"tags":[],"class_list":["post-5627","post","type-post","status-publish","format-standard","has-post-thumbnail","hentry","category-pesados-e-maquinas"],"yoast_head":"<!-- This site is optimized with the Yoast SEO Premium plugin v27.2 (Yoast SEO v27.5) - https:\/\/yoast.com\/product\/yoast-seo-premium-wordpress\/ -->\n<title>IAA Transportation 2024 \u2013 qualidade e mais atratividade - Revista Automotive<\/title>\n<meta name=\"description\" content=\"o IAA Transportation de Hannover ano, -separa acolher expositores dos setores de do de ve\u00edculos comerciais e pesados (cami\u00f5es e autocarros),\" \/>\n<meta name=\"robots\" content=\"index, follow, max-snippet:-1, max-image-preview:large, max-video-preview:-1\" \/>\n<link rel=\"canonical\" href=\"https:\/\/automotiverevista.pt\/index.php\/2024\/02\/23\/iaa-transportation-2024-qualidade-e-mais-atratividade\/\" \/>\n<meta property=\"og:locale\" content=\"pt_PT\" \/>\n<meta property=\"og:type\" content=\"article\" \/>\n<meta property=\"og:title\" content=\"IAA Transportation 2024 \u2013 qualidade e mais atratividade\" \/>\n<meta property=\"og:description\" content=\"o IAA Transportation de Hannover ano, -separa acolher expositores dos setores de do de ve\u00edculos comerciais e pesados (cami\u00f5es e autocarros),\" \/>\n<meta property=\"og:url\" content=\"https:\/\/automotiverevista.pt\/index.php\/2024\/02\/23\/iaa-transportation-2024-qualidade-e-mais-atratividade\/\" \/>\n<meta property=\"og:site_name\" content=\"Revista Automotive\" \/>\n<meta property=\"article:published_time\" content=\"2024-02-23T08:16:00+00:00\" \/>\n<meta property=\"og:image\" content=\"https:\/\/automotiverevista.pt\/wp-content\/uploads\/2024\/02\/IMG_2597.jpg\" \/>\n\t<meta property=\"og:image:width\" content=\"2000\" \/>\n\t<meta property=\"og:image:height\" content=\"1333\" \/>\n\t<meta property=\"og:image:type\" content=\"image\/jpeg\" \/>\n<meta name=\"author\" content=\"adminNovo\" \/>\n<meta name=\"twitter:card\" content=\"summary_large_image\" \/>\n<meta name=\"twitter:label1\" content=\"Escrito por\" \/>\n\t<meta name=\"twitter:data1\" content=\"adminNovo\" \/>\n\t<meta name=\"twitter:label2\" content=\"Tempo estimado de leitura\" \/>\n\t<meta name=\"twitter:data2\" content=\"9 minutos\" \/>\n<script type=\"application\/ld+json\" class=\"yoast-schema-graph\">{\"@context\":\"https:\\\/\\\/schema.org\",\"@graph\":[{\"@type\":\"Article\",\"@id\":\"https:\\\/\\\/automotiverevista.pt\\\/index.php\\\/2024\\\/02\\\/23\\\/iaa-transportation-2024-qualidade-e-mais-atratividade\\\/#article\",\"isPartOf\":{\"@id\":\"https:\\\/\\\/automotiverevista.pt\\\/index.php\\\/2024\\\/02\\\/23\\\/iaa-transportation-2024-qualidade-e-mais-atratividade\\\/\"},\"author\":{\"name\":\"adminNovo\",\"@id\":\"https:\\\/\\\/automotiverevista.pt\\\/#\\\/schema\\\/person\\\/1265858bc8c78a0f969de814da8be281\"},\"headline\":\"IAA Transportation 2024 \u2013 qualidade e mais atratividade\",\"datePublished\":\"2024-02-23T08:16:00+00:00\",\"mainEntityOfPage\":{\"@id\":\"https:\\\/\\\/automotiverevista.pt\\\/index.php\\\/2024\\\/02\\\/23\\\/iaa-transportation-2024-qualidade-e-mais-atratividade\\\/\"},\"wordCount\":1376,\"publisher\":{\"@id\":\"https:\\\/\\\/automotiverevista.pt\\\/#organization\"},\"image\":{\"@id\":\"https:\\\/\\\/automotiverevista.pt\\\/index.php\\\/2024\\\/02\\\/23\\\/iaa-transportation-2024-qualidade-e-mais-atratividade\\\/#primaryimage\"},\"thumbnailUrl\":\"https:\\\/\\\/automotiverevista.pt\\\/wp-content\\\/uploads\\\/2024\\\/02\\\/IMG_2597.jpg\",\"articleSection\":[\"Pesados e M\u00e1quinas\"],\"inLanguage\":\"pt-PT\"},{\"@type\":\"WebPage\",\"@id\":\"https:\\\/\\\/automotiverevista.pt\\\/index.php\\\/2024\\\/02\\\/23\\\/iaa-transportation-2024-qualidade-e-mais-atratividade\\\/\",\"url\":\"https:\\\/\\\/automotiverevista.pt\\\/index.php\\\/2024\\\/02\\\/23\\\/iaa-transportation-2024-qualidade-e-mais-atratividade\\\/\",\"name\":\"IAA Transportation 2024 \u2013 qualidade e mais atratividade - Revista Automotive\",\"isPartOf\":{\"@id\":\"https:\\\/\\\/automotiverevista.pt\\\/#website\"},\"primaryImageOfPage\":{\"@id\":\"https:\\\/\\\/automotiverevista.pt\\\/index.php\\\/2024\\\/02\\\/23\\\/iaa-transportation-2024-qualidade-e-mais-atratividade\\\/#primaryimage\"},\"image\":{\"@id\":\"https:\\\/\\\/automotiverevista.pt\\\/index.php\\\/2024\\\/02\\\/23\\\/iaa-transportation-2024-qualidade-e-mais-atratividade\\\/#primaryimage\"},\"thumbnailUrl\":\"https:\\\/\\\/automotiverevista.pt\\\/wp-content\\\/uploads\\\/2024\\\/02\\\/IMG_2597.jpg\",\"datePublished\":\"2024-02-23T08:16:00+00:00\",\"description\":\"o IAA Transportation de Hannover ano, -separa acolher expositores dos setores de do de ve\u00edculos comerciais e pesados (cami\u00f5es e autocarros),\",\"breadcrumb\":{\"@id\":\"https:\\\/\\\/automotiverevista.pt\\\/index.php\\\/2024\\\/02\\\/23\\\/iaa-transportation-2024-qualidade-e-mais-atratividade\\\/#breadcrumb\"},\"inLanguage\":\"pt-PT\",\"potentialAction\":[{\"@type\":\"ReadAction\",\"target\":[\"https:\\\/\\\/automotiverevista.pt\\\/index.php\\\/2024\\\/02\\\/23\\\/iaa-transportation-2024-qualidade-e-mais-atratividade\\\/\"]}]},{\"@type\":\"ImageObject\",\"inLanguage\":\"pt-PT\",\"@id\":\"https:\\\/\\\/automotiverevista.pt\\\/index.php\\\/2024\\\/02\\\/23\\\/iaa-transportation-2024-qualidade-e-mais-atratividade\\\/#primaryimage\",\"url\":\"https:\\\/\\\/automotiverevista.pt\\\/wp-content\\\/uploads\\\/2024\\\/02\\\/IMG_2597.jpg\",\"contentUrl\":\"https:\\\/\\\/automotiverevista.pt\\\/wp-content\\\/uploads\\\/2024\\\/02\\\/IMG_2597.jpg\",\"width\":2000,\"height\":1333},{\"@type\":\"BreadcrumbList\",\"@id\":\"https:\\\/\\\/automotiverevista.pt\\\/index.php\\\/2024\\\/02\\\/23\\\/iaa-transportation-2024-qualidade-e-mais-atratividade\\\/#breadcrumb\",\"itemListElement\":[{\"@type\":\"ListItem\",\"position\":1,\"name\":\"Home\",\"item\":\"https:\\\/\\\/automotiverevista.pt\\\/\"},{\"@type\":\"ListItem\",\"position\":2,\"name\":\"IAA Transportation 2024 \u2013 qualidade e mais atratividade\"}]},{\"@type\":\"WebSite\",\"@id\":\"https:\\\/\\\/automotiverevista.pt\\\/#website\",\"url\":\"https:\\\/\\\/automotiverevista.pt\\\/\",\"name\":\"Revista Automotive\",\"description\":\"Revista Automotive Portugal\",\"publisher\":{\"@id\":\"https:\\\/\\\/automotiverevista.pt\\\/#organization\"},\"potentialAction\":[{\"@type\":\"SearchAction\",\"target\":{\"@type\":\"EntryPoint\",\"urlTemplate\":\"https:\\\/\\\/automotiverevista.pt\\\/?s={search_term_string}\"},\"query-input\":{\"@type\":\"PropertyValueSpecification\",\"valueRequired\":true,\"valueName\":\"search_term_string\"}}],\"inLanguage\":\"pt-PT\"},{\"@type\":\"Organization\",\"@id\":\"https:\\\/\\\/automotiverevista.pt\\\/#organization\",\"name\":\"Revista Automotive Portugal\",\"url\":\"https:\\\/\\\/automotiverevista.pt\\\/\",\"logo\":{\"@type\":\"ImageObject\",\"inLanguage\":\"pt-PT\",\"@id\":\"https:\\\/\\\/automotiverevista.pt\\\/#\\\/schema\\\/logo\\\/image\\\/\",\"url\":\"https:\\\/\\\/automotiverevista.pt\\\/wp-content\\\/uploads\\\/2022\\\/07\\\/Logo-Automotive-2021_500-1.jpg\",\"contentUrl\":\"https:\\\/\\\/automotiverevista.pt\\\/wp-content\\\/uploads\\\/2022\\\/07\\\/Logo-Automotive-2021_500-1.jpg\",\"width\":500,\"height\":160,\"caption\":\"Revista Automotive Portugal\"},\"image\":{\"@id\":\"https:\\\/\\\/automotiverevista.pt\\\/#\\\/schema\\\/logo\\\/image\\\/\"},\"sameAs\":[\"https:\\\/\\\/linkedin.com\\\/in\\\/automotiverevista\"]},{\"@type\":\"Person\",\"@id\":\"https:\\\/\\\/automotiverevista.pt\\\/#\\\/schema\\\/person\\\/1265858bc8c78a0f969de814da8be281\",\"name\":\"adminNovo\",\"image\":{\"@type\":\"ImageObject\",\"inLanguage\":\"pt-PT\",\"@id\":\"https:\\\/\\\/secure.gravatar.com\\\/avatar\\\/c606c1288dcc11eb4c709aa5136fdb962583c410f5c23c0b7bf6917c542be355?s=96&d=mm&r=g\",\"url\":\"https:\\\/\\\/secure.gravatar.com\\\/avatar\\\/c606c1288dcc11eb4c709aa5136fdb962583c410f5c23c0b7bf6917c542be355?s=96&d=mm&r=g\",\"contentUrl\":\"https:\\\/\\\/secure.gravatar.com\\\/avatar\\\/c606c1288dcc11eb4c709aa5136fdb962583c410f5c23c0b7bf6917c542be355?s=96&d=mm&r=g\",\"caption\":\"adminNovo\"},\"sameAs\":[\"https:\\\/\\\/automotiverevista.pt\"],\"url\":\"https:\\\/\\\/automotiverevista.pt\\\/index.php\\\/author\\\/adminnovo\\\/\"}]}<\/script>\n<!-- \/ Yoast SEO Premium plugin. -->","yoast_head_json":{"title":"IAA Transportation 2024 \u2013 qualidade e mais atratividade - Revista Automotive","description":"o IAA Transportation de Hannover ano, -separa acolher expositores dos setores de do de ve\u00edculos comerciais e pesados (cami\u00f5es e autocarros),","robots":{"index":"index","follow":"follow","max-snippet":"max-snippet:-1","max-image-preview":"max-image-preview:large","max-video-preview":"max-video-preview:-1"},"canonical":"https:\/\/automotiverevista.pt\/index.php\/2024\/02\/23\/iaa-transportation-2024-qualidade-e-mais-atratividade\/","og_locale":"pt_PT","og_type":"article","og_title":"IAA Transportation 2024 \u2013 qualidade e mais atratividade","og_description":"o IAA Transportation de Hannover ano, -separa acolher expositores dos setores de do de ve\u00edculos comerciais e pesados (cami\u00f5es e autocarros),","og_url":"https:\/\/automotiverevista.pt\/index.php\/2024\/02\/23\/iaa-transportation-2024-qualidade-e-mais-atratividade\/","og_site_name":"Revista Automotive","article_published_time":"2024-02-23T08:16:00+00:00","og_image":[{"width":2000,"height":1333,"url":"https:\/\/automotiverevista.pt\/wp-content\/uploads\/2024\/02\/IMG_2597.jpg","type":"image\/jpeg"}],"author":"adminNovo","twitter_card":"summary_large_image","twitter_misc":{"Escrito por":"adminNovo","Tempo estimado de leitura":"9 minutos"},"schema":{"@context":"https:\/\/schema.org","@graph":[{"@type":"Article","@id":"https:\/\/automotiverevista.pt\/index.php\/2024\/02\/23\/iaa-transportation-2024-qualidade-e-mais-atratividade\/#article","isPartOf":{"@id":"https:\/\/automotiverevista.pt\/index.php\/2024\/02\/23\/iaa-transportation-2024-qualidade-e-mais-atratividade\/"},"author":{"name":"adminNovo","@id":"https:\/\/automotiverevista.pt\/#\/schema\/person\/1265858bc8c78a0f969de814da8be281"},"headline":"IAA Transportation 2024 \u2013 qualidade e mais atratividade","datePublished":"2024-02-23T08:16:00+00:00","mainEntityOfPage":{"@id":"https:\/\/automotiverevista.pt\/index.php\/2024\/02\/23\/iaa-transportation-2024-qualidade-e-mais-atratividade\/"},"wordCount":1376,"publisher":{"@id":"https:\/\/automotiverevista.pt\/#organization"},"image":{"@id":"https:\/\/automotiverevista.pt\/index.php\/2024\/02\/23\/iaa-transportation-2024-qualidade-e-mais-atratividade\/#primaryimage"},"thumbnailUrl":"https:\/\/automotiverevista.pt\/wp-content\/uploads\/2024\/02\/IMG_2597.jpg","articleSection":["Pesados e M\u00e1quinas"],"inLanguage":"pt-PT"},{"@type":"WebPage","@id":"https:\/\/automotiverevista.pt\/index.php\/2024\/02\/23\/iaa-transportation-2024-qualidade-e-mais-atratividade\/","url":"https:\/\/automotiverevista.pt\/index.php\/2024\/02\/23\/iaa-transportation-2024-qualidade-e-mais-atratividade\/","name":"IAA Transportation 2024 \u2013 qualidade e mais atratividade - Revista Automotive","isPartOf":{"@id":"https:\/\/automotiverevista.pt\/#website"},"primaryImageOfPage":{"@id":"https:\/\/automotiverevista.pt\/index.php\/2024\/02\/23\/iaa-transportation-2024-qualidade-e-mais-atratividade\/#primaryimage"},"image":{"@id":"https:\/\/automotiverevista.pt\/index.php\/2024\/02\/23\/iaa-transportation-2024-qualidade-e-mais-atratividade\/#primaryimage"},"thumbnailUrl":"https:\/\/automotiverevista.pt\/wp-content\/uploads\/2024\/02\/IMG_2597.jpg","datePublished":"2024-02-23T08:16:00+00:00","description":"o IAA Transportation de Hannover ano, -separa acolher expositores dos setores de do de ve\u00edculos comerciais e pesados (cami\u00f5es e autocarros),","breadcrumb":{"@id":"https:\/\/automotiverevista.pt\/index.php\/2024\/02\/23\/iaa-transportation-2024-qualidade-e-mais-atratividade\/#breadcrumb"},"inLanguage":"pt-PT","potentialAction":[{"@type":"ReadAction","target":["https:\/\/automotiverevista.pt\/index.php\/2024\/02\/23\/iaa-transportation-2024-qualidade-e-mais-atratividade\/"]}]},{"@type":"ImageObject","inLanguage":"pt-PT","@id":"https:\/\/automotiverevista.pt\/index.php\/2024\/02\/23\/iaa-transportation-2024-qualidade-e-mais-atratividade\/#primaryimage","url":"https:\/\/automotiverevista.pt\/wp-content\/uploads\/2024\/02\/IMG_2597.jpg","contentUrl":"https:\/\/automotiverevista.pt\/wp-content\/uploads\/2024\/02\/IMG_2597.jpg","width":2000,"height":1333},{"@type":"BreadcrumbList","@id":"https:\/\/automotiverevista.pt\/index.php\/2024\/02\/23\/iaa-transportation-2024-qualidade-e-mais-atratividade\/#breadcrumb","itemListElement":[{"@type":"ListItem","position":1,"name":"Home","item":"https:\/\/automotiverevista.pt\/"},{"@type":"ListItem","position":2,"name":"IAA Transportation 2024 \u2013 qualidade e mais atratividade"}]},{"@type":"WebSite","@id":"https:\/\/automotiverevista.pt\/#website","url":"https:\/\/automotiverevista.pt\/","name":"Revista Automotive","description":"Revista Automotive Portugal","publisher":{"@id":"https:\/\/automotiverevista.pt\/#organization"},"potentialAction":[{"@type":"SearchAction","target":{"@type":"EntryPoint","urlTemplate":"https:\/\/automotiverevista.pt\/?s={search_term_string}"},"query-input":{"@type":"PropertyValueSpecification","valueRequired":true,"valueName":"search_term_string"}}],"inLanguage":"pt-PT"},{"@type":"Organization","@id":"https:\/\/automotiverevista.pt\/#organization","name":"Revista Automotive Portugal","url":"https:\/\/automotiverevista.pt\/","logo":{"@type":"ImageObject","inLanguage":"pt-PT","@id":"https:\/\/automotiverevista.pt\/#\/schema\/logo\/image\/","url":"https:\/\/automotiverevista.pt\/wp-content\/uploads\/2022\/07\/Logo-Automotive-2021_500-1.jpg","contentUrl":"https:\/\/automotiverevista.pt\/wp-content\/uploads\/2022\/07\/Logo-Automotive-2021_500-1.jpg","width":500,"height":160,"caption":"Revista Automotive Portugal"},"image":{"@id":"https:\/\/automotiverevista.pt\/#\/schema\/logo\/image\/"},"sameAs":["https:\/\/linkedin.com\/in\/automotiverevista"]},{"@type":"Person","@id":"https:\/\/automotiverevista.pt\/#\/schema\/person\/1265858bc8c78a0f969de814da8be281","name":"adminNovo","image":{"@type":"ImageObject","inLanguage":"pt-PT","@id":"https:\/\/secure.gravatar.com\/avatar\/c606c1288dcc11eb4c709aa5136fdb962583c410f5c23c0b7bf6917c542be355?s=96&d=mm&r=g","url":"https:\/\/secure.gravatar.com\/avatar\/c606c1288dcc11eb4c709aa5136fdb962583c410f5c23c0b7bf6917c542be355?s=96&d=mm&r=g","contentUrl":"https:\/\/secure.gravatar.com\/avatar\/c606c1288dcc11eb4c709aa5136fdb962583c410f5c23c0b7bf6917c542be355?s=96&d=mm&r=g","caption":"adminNovo"},"sameAs":["https:\/\/automotiverevista.pt"],"url":"https:\/\/automotiverevista.pt\/index.php\/author\/adminnovo\/"}]}},"_links":{"self":[{"href":"https:\/\/automotiverevista.pt\/index.php\/wp-json\/wp\/v2\/posts\/5627","targetHints":{"allow":["GET"]}}],"collection":[{"href":"https:\/\/automotiverevista.pt\/index.php\/wp-json\/wp\/v2\/posts"}],"about":[{"href":"https:\/\/automotiverevista.pt\/index.php\/wp-json\/wp\/v2\/types\/post"}],"author":[{"embeddable":true,"href":"https:\/\/automotiverevista.pt\/index.php\/wp-json\/wp\/v2\/users\/1"}],"replies":[{"embeddable":true,"href":"https:\/\/automotiverevista.pt\/index.php\/wp-json\/wp\/v2\/comments?post=5627"}],"version-history":[{"count":3,"href":"https:\/\/automotiverevista.pt\/index.php\/wp-json\/wp\/v2\/posts\/5627\/revisions"}],"predecessor-version":[{"id":5639,"href":"https:\/\/automotiverevista.pt\/index.php\/wp-json\/wp\/v2\/posts\/5627\/revisions\/5639"}],"wp:featuredmedia":[{"embeddable":true,"href":"https:\/\/automotiverevista.pt\/index.php\/wp-json\/wp\/v2\/media\/5628"}],"wp:attachment":[{"href":"https:\/\/automotiverevista.pt\/index.php\/wp-json\/wp\/v2\/media?parent=5627"}],"wp:term":[{"taxonomy":"category","embeddable":true,"href":"https:\/\/automotiverevista.pt\/index.php\/wp-json\/wp\/v2\/categories?post=5627"},{"taxonomy":"post_tag","embeddable":true,"href":"https:\/\/automotiverevista.pt\/index.php\/wp-json\/wp\/v2\/tags?post=5627"}],"curies":[{"name":"wp","href":"https:\/\/api.w.org\/{rel}","templated":true}]}}