{"id":5764,"date":"2024-02-23T14:04:11","date_gmt":"2024-02-23T14:04:11","guid":{"rendered":"https:\/\/automotiverevista.pt\/?p=5764"},"modified":"2024-02-23T14:04:12","modified_gmt":"2024-02-23T14:04:12","slug":"roberlo-investe-e-amplia-o-seu-centro-de-formacao","status":"publish","type":"post","link":"https:\/\/automotiverevista.pt\/index.php\/2024\/02\/23\/roberlo-investe-e-amplia-o-seu-centro-de-formacao\/","title":{"rendered":"Roberlo investe e amplia o seu centro de forma\u00e7\u00e3o"},"content":{"rendered":"\n<p>A empresa, com sede em Girona (Espanha), d\u00e1 mais um passo em frente e investe na forma\u00e7\u00e3o em pintura autom\u00f3vel e superf\u00edcies industriais, ao dinamizar um moderno espa\u00e7o com mais de 770 m2, equipado com a mais recente tecnologia do setor.<\/p>\n\n\n\n<p>A Roberlo, uma refer\u00eancia internacional em solu\u00e7\u00f5es para pintura de ve\u00edculos e superf\u00edcies industriais, reafirmou o seu compromisso com a excel\u00eancia na forma\u00e7\u00e3o ao inaugurar o renovado <strong>Centro de Compet\u00eancias Crom<\/strong>, atrav\u00e9s de um investimento de 2 milh\u00f5es de euros. Estrategicamente localizado no cora\u00e7\u00e3o do centro europeu da empresa em Riudellots de la Selva (Girona), este centro de \u00faltima gera\u00e7\u00e3o oferece programas de forma\u00e7\u00e3o te\u00f3rica e pr\u00e1tica, adaptados \u00e0s necessidades dos clientes em todo o mundo.<\/p>\n\n\n\n<figure class=\"wp-block-image size-full is-resized\"><img decoding=\"async\" width=\"1000\" height=\"563\" src=\"https:\/\/automotiverevista.pt\/wp-content\/uploads\/2024\/02\/sala-formacion-2.jpg\" alt=\"\" class=\"wp-image-5767\" style=\"width:794px;height:auto\" srcset=\"https:\/\/automotiverevista.pt\/wp-content\/uploads\/2024\/02\/sala-formacion-2.jpg 1000w, https:\/\/automotiverevista.pt\/wp-content\/uploads\/2024\/02\/sala-formacion-2-300x169.jpg 300w, https:\/\/automotiverevista.pt\/wp-content\/uploads\/2024\/02\/sala-formacion-2-768x432.jpg 768w, https:\/\/automotiverevista.pt\/wp-content\/uploads\/2024\/02\/sala-formacion-2-750x422.jpg 750w\" sizes=\"(max-width: 1000px) 100vw, 1000px\" \/><\/figure>\n\n\n\n<p><strong>Forma\u00e7\u00f5es simult\u00e2neas<\/strong><\/p>\n\n\n\n<p>Com uma amplia\u00e7\u00e3o que multiplica por 6 o espa\u00e7o de forma\u00e7\u00e3o, as novas instala\u00e7\u00f5es abrangem mais de 770 m2, permitindo a realiza\u00e7\u00e3o de duas sess\u00f5es de forma\u00e7\u00e3o simult\u00e2neas, com uma capacidade total de 30 pessoas. Cada turma conta com sala pr\u00f3pria para treinamento te\u00f3rico, cabine de aplica\u00e7\u00e3o, caixa de pintura e vesti\u00e1rio, garantindo um \u00f3timo ambiente de aprendizagem e sem interfer\u00eancias. Al\u00e9m disso, h\u00e1 tamb\u00e9m uma sala de descanso e escrit\u00f3rio para os t\u00e9cnicos de treinamento.<\/p>\n\n\n\n<p>O espa\u00e7o foi projetado para oferecer aos clientes uma experi\u00eancia de treinamento de primeira linha, que se destaca pela capacidade de adapta\u00e7\u00e3o \u00e0s condi\u00e7\u00f5es espec\u00edficas de cada regi\u00e3o com total conforto e seguran\u00e7a para os visitantes. As \u201ccabinas de pintura\u201d est\u00e3o equipadas com a mais recente tecnologia do setor. Por exemplo, al\u00e9m de serem de vidro para que a aplica\u00e7\u00e3o possa ser observada do exterior, permitem ajustar o grau de humidade e de temperatura para recriar as condi\u00e7\u00f5es ambientais, encontradas em determinadas zonas geogr\u00e1ficas.<\/p>\n\n\n\n<p>Segundo <strong>Lloren\u00e7 Juher<\/strong>, CEO da Roberlo, \u201co novo Crom Competence Center permitir\u00e1 a nossa empresa aumentar, de forma significativa, o volume e a qualidade dos nossos cursos de forma\u00e7\u00e3o\u201d. Este centro tem capacidade para formar mais de 4.000 pessoas anualmente, reafirmando a aposta da empresa na forma\u00e7\u00e3o.<\/p>\n\n\n\n<figure class=\"wp-block-image size-full is-resized\"><img decoding=\"async\" width=\"1000\" height=\"563\" src=\"https:\/\/automotiverevista.pt\/wp-content\/uploads\/2024\/02\/paint-box.jpg\" alt=\"\" class=\"wp-image-5768\" style=\"width:826px;height:auto\" srcset=\"https:\/\/automotiverevista.pt\/wp-content\/uploads\/2024\/02\/paint-box.jpg 1000w, https:\/\/automotiverevista.pt\/wp-content\/uploads\/2024\/02\/paint-box-300x169.jpg 300w, https:\/\/automotiverevista.pt\/wp-content\/uploads\/2024\/02\/paint-box-768x432.jpg 768w, https:\/\/automotiverevista.pt\/wp-content\/uploads\/2024\/02\/paint-box-750x422.jpg 750w\" sizes=\"(max-width: 1000px) 100vw, 1000px\" \/><\/figure>\n\n\n\n<p><strong>Compromisso global com a forma\u00e7\u00e3o<\/strong><\/p>\n\n\n\n<p>A forma\u00e7\u00e3o de profissionais do setor faz parte da identidade da Roberlo h\u00e1 muitos anos e tem se adaptado e evolu\u00eddo constantemente para acompanharas novas exig\u00eancia t\u00e9cnicas do setor.<\/p>\n\n\n\n<p>Uma equipa constitu\u00edda por mais de 26 profissionais de forma\u00e7\u00e3o t\u00e9cnica \u00e9 respons\u00e1vel por ministrar sess\u00f5es te\u00f3ricas e pr\u00e1ticas aos clientes, quer nas instala\u00e7\u00f5es pr\u00f3prias da Roberlo em Espanha, It\u00e1lia, Canad\u00e1 ou Holanda, quer nas pr\u00f3prias instala\u00e7\u00f5es do cliente.<\/p>\n\n\n\n<figure class=\"wp-block-image size-full\"><img decoding=\"async\" width=\"1000\" height=\"563\" src=\"https:\/\/automotiverevista.pt\/wp-content\/uploads\/2024\/02\/exterior.jpg\" alt=\"\" class=\"wp-image-5769\" srcset=\"https:\/\/automotiverevista.pt\/wp-content\/uploads\/2024\/02\/exterior.jpg 1000w, https:\/\/automotiverevista.pt\/wp-content\/uploads\/2024\/02\/exterior-300x169.jpg 300w, https:\/\/automotiverevista.pt\/wp-content\/uploads\/2024\/02\/exterior-768x432.jpg 768w, https:\/\/automotiverevista.pt\/wp-content\/uploads\/2024\/02\/exterior-750x422.jpg 750w\" sizes=\"(max-width: 1000px) 100vw, 1000px\" \/><\/figure>\n\n\n\n<p>Em 2021, Roberlo criou o <a href=\"http:\/\/www.cromcampus.com\">Crom Campus<\/a>, a bem-sucedida plataforma de forma\u00e7\u00e3o online para repara\u00e7\u00e3o de carrocerias e revestimentos industriais. Esta iniciativa procura democratizar a forma\u00e7\u00e3o, tornando-a acess\u00edvel a todos os interessados nestes setores, disponbilizando cursos, artigos e webinars gratuitos, de forma f\u00e1cil e sem complexidades.<\/p>\n\n\n\n<p>Outro dos compromissos que Roberlo assume h\u00e1 quase duas d\u00e9cadas nesta \u00e1rea \u00e9 a colabora\u00e7\u00e3o com centros educativos p\u00fablicos que proporcionam forma\u00e7\u00e3o profissional nestes setores, com o objetivo de promover e melhorar a forma\u00e7\u00e3o e qualifica\u00e7\u00e3o dos futuros profissionais de pintura autom\u00f3vel e indrustrial. No ano passado, mais de 5.000 alunos de 40 centros diferentes receberam forma\u00e7\u00e3o com produtos Roberlo e Disolac.<\/p>\n\n\n\n<p><\/p>\n\n\n\n<p><\/p>\n","protected":false},"excerpt":{"rendered":"<p>A empresa, com sede em Girona (Espanha), d\u00e1 mais um passo em frente e investe na forma\u00e7\u00e3o em pintura autom\u00f3vel e superf\u00edcies industriais, ao dinamizar um moderno espa\u00e7o com mais de 770 m2, equipado com a mais recente tecnologia do setor. A Roberlo, uma refer\u00eancia internacional em solu\u00e7\u00f5es para pintura de ve\u00edculos e superf\u00edcies industriais, [&hellip;]<\/p>\n","protected":false},"author":1,"featured_media":5765,"comment_status":"closed","ping_status":"open","sticky":false,"template":"","format":"standard","meta":{"jnews-multi-image_gallery":[],"jnews_single_post":{"subtitle":"","format":"standard","video":"","gallery":"","source_name":"","source_url":"","via_name":"","via_url":"","override_template":"0","override":[{"template":"2","single_blog_custom":"","parallax":"1","fullscreen":"1","layout":"right-sidebar","sidebar":"default-sidebar","second_sidebar":"default-sidebar","sticky_sidebar":"1","share_position":"topbottom","share_float_style":"share-monocrhome","show_share_counter":"0","show_view_counter":"0","show_featured":"1","show_post_meta":"1","show_post_author":"0","show_post_author_image":"1","show_post_date":"1","post_date_format":"default","post_date_format_custom":"Y\/m\/d","show_post_category":"1","show_post_reading_time":"0","post_reading_time_wpm":"300","show_zoom_button":"0","zoom_button_out_step":"2","zoom_button_in_step":"3","show_post_tag":"1","show_prev_next_post":"0","show_popup_post":"1","number_popup_post":"1","show_author_box":"0","show_post_related":"1","show_inline_post_related":"1"}],"override_image_size":"0","image_override":[{"single_post_thumbnail_size":"crop-500","single_post_gallery_size":"crop-500"}],"trending_post":"0","trending_post_position":"meta","trending_post_label":"Trending","sponsored_post":"0","sponsored_post_label":"Sponsored by","sponsored_post_name":"","sponsored_post_url":"","sponsored_post_logo_enable":"0","sponsored_post_logo":"","sponsored_post_desc":"","disable_ad":"0"},"jnews_primary_category":{"id":"","hide":""},"footnotes":""},"categories":[21],"tags":[],"class_list":["post-5764","post","type-post","status-publish","format-standard","has-post-thumbnail","hentry","category-pos-venda"],"yoast_head":"<!-- This site is optimized with the Yoast SEO Premium plugin v27.2 (Yoast SEO v27.5) - https:\/\/yoast.com\/product\/yoast-seo-premium-wordpress\/ -->\n<title>Roberlo investe e amplia o seu centro de forma\u00e7\u00e3o - Revista Automotive<\/title>\n<meta name=\"description\" content=\"A Roberlo, uma refer\u00eancia internacional em solu\u00e7\u00f5es para pintura de ve\u00edculos e superf\u00edcies industriais, reafirmou o seu com a excel\u00ean\" \/>\n<meta name=\"robots\" content=\"index, follow, max-snippet:-1, max-image-preview:large, max-video-preview:-1\" \/>\n<link rel=\"canonical\" href=\"https:\/\/automotiverevista.pt\/index.php\/2024\/02\/23\/roberlo-investe-e-amplia-o-seu-centro-de-formacao\/\" \/>\n<meta property=\"og:locale\" content=\"pt_PT\" \/>\n<meta property=\"og:type\" content=\"article\" \/>\n<meta property=\"og:title\" content=\"Roberlo investe e amplia o seu centro de forma\u00e7\u00e3o\" \/>\n<meta property=\"og:description\" content=\"A Roberlo, uma refer\u00eancia internacional em solu\u00e7\u00f5es para pintura de ve\u00edculos e superf\u00edcies industriais, reafirmou o seu com a excel\u00ean\" \/>\n<meta property=\"og:url\" content=\"https:\/\/automotiverevista.pt\/index.php\/2024\/02\/23\/roberlo-investe-e-amplia-o-seu-centro-de-formacao\/\" \/>\n<meta property=\"og:site_name\" content=\"Revista Automotive\" \/>\n<meta property=\"article:published_time\" content=\"2024-02-23T14:04:11+00:00\" \/>\n<meta property=\"article:modified_time\" content=\"2024-02-23T14:04:12+00:00\" \/>\n<meta property=\"og:image\" content=\"https:\/\/automotiverevista.pt\/wp-content\/uploads\/2024\/02\/sala-formacion-general.jpg\" \/>\n\t<meta property=\"og:image:width\" content=\"1000\" \/>\n\t<meta property=\"og:image:height\" content=\"563\" \/>\n\t<meta property=\"og:image:type\" content=\"image\/jpeg\" \/>\n<meta name=\"author\" content=\"adminNovo\" \/>\n<meta name=\"twitter:card\" content=\"summary_large_image\" \/>\n<meta name=\"twitter:label1\" content=\"Escrito por\" \/>\n\t<meta name=\"twitter:data1\" content=\"adminNovo\" \/>\n\t<meta name=\"twitter:label2\" content=\"Tempo estimado de leitura\" \/>\n\t<meta name=\"twitter:data2\" content=\"4 minutos\" \/>\n<script type=\"application\/ld+json\" class=\"yoast-schema-graph\">{\"@context\":\"https:\\\/\\\/schema.org\",\"@graph\":[{\"@type\":\"Article\",\"@id\":\"https:\\\/\\\/automotiverevista.pt\\\/index.php\\\/2024\\\/02\\\/23\\\/roberlo-investe-e-amplia-o-seu-centro-de-formacao\\\/#article\",\"isPartOf\":{\"@id\":\"https:\\\/\\\/automotiverevista.pt\\\/index.php\\\/2024\\\/02\\\/23\\\/roberlo-investe-e-amplia-o-seu-centro-de-formacao\\\/\"},\"author\":{\"name\":\"adminNovo\",\"@id\":\"https:\\\/\\\/automotiverevista.pt\\\/#\\\/schema\\\/person\\\/1265858bc8c78a0f969de814da8be281\"},\"headline\":\"Roberlo investe e amplia o seu centro de forma\u00e7\u00e3o\",\"datePublished\":\"2024-02-23T14:04:11+00:00\",\"dateModified\":\"2024-02-23T14:04:12+00:00\",\"mainEntityOfPage\":{\"@id\":\"https:\\\/\\\/automotiverevista.pt\\\/index.php\\\/2024\\\/02\\\/23\\\/roberlo-investe-e-amplia-o-seu-centro-de-formacao\\\/\"},\"wordCount\":586,\"publisher\":{\"@id\":\"https:\\\/\\\/automotiverevista.pt\\\/#organization\"},\"image\":{\"@id\":\"https:\\\/\\\/automotiverevista.pt\\\/index.php\\\/2024\\\/02\\\/23\\\/roberlo-investe-e-amplia-o-seu-centro-de-formacao\\\/#primaryimage\"},\"thumbnailUrl\":\"https:\\\/\\\/automotiverevista.pt\\\/wp-content\\\/uploads\\\/2024\\\/02\\\/sala-formacion-general.jpg\",\"articleSection\":[\"P\u00f3s-Venda\"],\"inLanguage\":\"pt-PT\"},{\"@type\":\"WebPage\",\"@id\":\"https:\\\/\\\/automotiverevista.pt\\\/index.php\\\/2024\\\/02\\\/23\\\/roberlo-investe-e-amplia-o-seu-centro-de-formacao\\\/\",\"url\":\"https:\\\/\\\/automotiverevista.pt\\\/index.php\\\/2024\\\/02\\\/23\\\/roberlo-investe-e-amplia-o-seu-centro-de-formacao\\\/\",\"name\":\"Roberlo investe e amplia o seu centro de forma\u00e7\u00e3o - Revista Automotive\",\"isPartOf\":{\"@id\":\"https:\\\/\\\/automotiverevista.pt\\\/#website\"},\"primaryImageOfPage\":{\"@id\":\"https:\\\/\\\/automotiverevista.pt\\\/index.php\\\/2024\\\/02\\\/23\\\/roberlo-investe-e-amplia-o-seu-centro-de-formacao\\\/#primaryimage\"},\"image\":{\"@id\":\"https:\\\/\\\/automotiverevista.pt\\\/index.php\\\/2024\\\/02\\\/23\\\/roberlo-investe-e-amplia-o-seu-centro-de-formacao\\\/#primaryimage\"},\"thumbnailUrl\":\"https:\\\/\\\/automotiverevista.pt\\\/wp-content\\\/uploads\\\/2024\\\/02\\\/sala-formacion-general.jpg\",\"datePublished\":\"2024-02-23T14:04:11+00:00\",\"dateModified\":\"2024-02-23T14:04:12+00:00\",\"description\":\"A Roberlo, uma refer\u00eancia internacional em solu\u00e7\u00f5es para pintura de ve\u00edculos e superf\u00edcies industriais, reafirmou o seu com a excel\u00ean\",\"breadcrumb\":{\"@id\":\"https:\\\/\\\/automotiverevista.pt\\\/index.php\\\/2024\\\/02\\\/23\\\/roberlo-investe-e-amplia-o-seu-centro-de-formacao\\\/#breadcrumb\"},\"inLanguage\":\"pt-PT\",\"potentialAction\":[{\"@type\":\"ReadAction\",\"target\":[\"https:\\\/\\\/automotiverevista.pt\\\/index.php\\\/2024\\\/02\\\/23\\\/roberlo-investe-e-amplia-o-seu-centro-de-formacao\\\/\"]}]},{\"@type\":\"ImageObject\",\"inLanguage\":\"pt-PT\",\"@id\":\"https:\\\/\\\/automotiverevista.pt\\\/index.php\\\/2024\\\/02\\\/23\\\/roberlo-investe-e-amplia-o-seu-centro-de-formacao\\\/#primaryimage\",\"url\":\"https:\\\/\\\/automotiverevista.pt\\\/wp-content\\\/uploads\\\/2024\\\/02\\\/sala-formacion-general.jpg\",\"contentUrl\":\"https:\\\/\\\/automotiverevista.pt\\\/wp-content\\\/uploads\\\/2024\\\/02\\\/sala-formacion-general.jpg\",\"width\":1000,\"height\":563},{\"@type\":\"BreadcrumbList\",\"@id\":\"https:\\\/\\\/automotiverevista.pt\\\/index.php\\\/2024\\\/02\\\/23\\\/roberlo-investe-e-amplia-o-seu-centro-de-formacao\\\/#breadcrumb\",\"itemListElement\":[{\"@type\":\"ListItem\",\"position\":1,\"name\":\"Home\",\"item\":\"https:\\\/\\\/automotiverevista.pt\\\/\"},{\"@type\":\"ListItem\",\"position\":2,\"name\":\"Roberlo investe e amplia o seu centro de forma\u00e7\u00e3o\"}]},{\"@type\":\"WebSite\",\"@id\":\"https:\\\/\\\/automotiverevista.pt\\\/#website\",\"url\":\"https:\\\/\\\/automotiverevista.pt\\\/\",\"name\":\"Revista Automotive\",\"description\":\"Revista Automotive Portugal\",\"publisher\":{\"@id\":\"https:\\\/\\\/automotiverevista.pt\\\/#organization\"},\"potentialAction\":[{\"@type\":\"SearchAction\",\"target\":{\"@type\":\"EntryPoint\",\"urlTemplate\":\"https:\\\/\\\/automotiverevista.pt\\\/?s={search_term_string}\"},\"query-input\":{\"@type\":\"PropertyValueSpecification\",\"valueRequired\":true,\"valueName\":\"search_term_string\"}}],\"inLanguage\":\"pt-PT\"},{\"@type\":\"Organization\",\"@id\":\"https:\\\/\\\/automotiverevista.pt\\\/#organization\",\"name\":\"Revista Automotive Portugal\",\"url\":\"https:\\\/\\\/automotiverevista.pt\\\/\",\"logo\":{\"@type\":\"ImageObject\",\"inLanguage\":\"pt-PT\",\"@id\":\"https:\\\/\\\/automotiverevista.pt\\\/#\\\/schema\\\/logo\\\/image\\\/\",\"url\":\"https:\\\/\\\/automotiverevista.pt\\\/wp-content\\\/uploads\\\/2022\\\/07\\\/Logo-Automotive-2021_500-1.jpg\",\"contentUrl\":\"https:\\\/\\\/automotiverevista.pt\\\/wp-content\\\/uploads\\\/2022\\\/07\\\/Logo-Automotive-2021_500-1.jpg\",\"width\":500,\"height\":160,\"caption\":\"Revista Automotive Portugal\"},\"image\":{\"@id\":\"https:\\\/\\\/automotiverevista.pt\\\/#\\\/schema\\\/logo\\\/image\\\/\"},\"sameAs\":[\"https:\\\/\\\/linkedin.com\\\/in\\\/automotiverevista\"]},{\"@type\":\"Person\",\"@id\":\"https:\\\/\\\/automotiverevista.pt\\\/#\\\/schema\\\/person\\\/1265858bc8c78a0f969de814da8be281\",\"name\":\"adminNovo\",\"image\":{\"@type\":\"ImageObject\",\"inLanguage\":\"pt-PT\",\"@id\":\"https:\\\/\\\/secure.gravatar.com\\\/avatar\\\/c606c1288dcc11eb4c709aa5136fdb962583c410f5c23c0b7bf6917c542be355?s=96&d=mm&r=g\",\"url\":\"https:\\\/\\\/secure.gravatar.com\\\/avatar\\\/c606c1288dcc11eb4c709aa5136fdb962583c410f5c23c0b7bf6917c542be355?s=96&d=mm&r=g\",\"contentUrl\":\"https:\\\/\\\/secure.gravatar.com\\\/avatar\\\/c606c1288dcc11eb4c709aa5136fdb962583c410f5c23c0b7bf6917c542be355?s=96&d=mm&r=g\",\"caption\":\"adminNovo\"},\"sameAs\":[\"https:\\\/\\\/automotiverevista.pt\"],\"url\":\"https:\\\/\\\/automotiverevista.pt\\\/index.php\\\/author\\\/adminnovo\\\/\"}]}<\/script>\n<!-- \/ Yoast SEO Premium plugin. -->","yoast_head_json":{"title":"Roberlo investe e amplia o seu centro de forma\u00e7\u00e3o - Revista Automotive","description":"A Roberlo, uma refer\u00eancia internacional em solu\u00e7\u00f5es para pintura de ve\u00edculos e superf\u00edcies industriais, reafirmou o seu com a excel\u00ean","robots":{"index":"index","follow":"follow","max-snippet":"max-snippet:-1","max-image-preview":"max-image-preview:large","max-video-preview":"max-video-preview:-1"},"canonical":"https:\/\/automotiverevista.pt\/index.php\/2024\/02\/23\/roberlo-investe-e-amplia-o-seu-centro-de-formacao\/","og_locale":"pt_PT","og_type":"article","og_title":"Roberlo investe e amplia o seu centro de forma\u00e7\u00e3o","og_description":"A Roberlo, uma refer\u00eancia internacional em solu\u00e7\u00f5es para pintura de ve\u00edculos e superf\u00edcies industriais, reafirmou o seu com a excel\u00ean","og_url":"https:\/\/automotiverevista.pt\/index.php\/2024\/02\/23\/roberlo-investe-e-amplia-o-seu-centro-de-formacao\/","og_site_name":"Revista Automotive","article_published_time":"2024-02-23T14:04:11+00:00","article_modified_time":"2024-02-23T14:04:12+00:00","og_image":[{"width":1000,"height":563,"url":"https:\/\/automotiverevista.pt\/wp-content\/uploads\/2024\/02\/sala-formacion-general.jpg","type":"image\/jpeg"}],"author":"adminNovo","twitter_card":"summary_large_image","twitter_misc":{"Escrito por":"adminNovo","Tempo estimado de leitura":"4 minutos"},"schema":{"@context":"https:\/\/schema.org","@graph":[{"@type":"Article","@id":"https:\/\/automotiverevista.pt\/index.php\/2024\/02\/23\/roberlo-investe-e-amplia-o-seu-centro-de-formacao\/#article","isPartOf":{"@id":"https:\/\/automotiverevista.pt\/index.php\/2024\/02\/23\/roberlo-investe-e-amplia-o-seu-centro-de-formacao\/"},"author":{"name":"adminNovo","@id":"https:\/\/automotiverevista.pt\/#\/schema\/person\/1265858bc8c78a0f969de814da8be281"},"headline":"Roberlo investe e amplia o seu centro de forma\u00e7\u00e3o","datePublished":"2024-02-23T14:04:11+00:00","dateModified":"2024-02-23T14:04:12+00:00","mainEntityOfPage":{"@id":"https:\/\/automotiverevista.pt\/index.php\/2024\/02\/23\/roberlo-investe-e-amplia-o-seu-centro-de-formacao\/"},"wordCount":586,"publisher":{"@id":"https:\/\/automotiverevista.pt\/#organization"},"image":{"@id":"https:\/\/automotiverevista.pt\/index.php\/2024\/02\/23\/roberlo-investe-e-amplia-o-seu-centro-de-formacao\/#primaryimage"},"thumbnailUrl":"https:\/\/automotiverevista.pt\/wp-content\/uploads\/2024\/02\/sala-formacion-general.jpg","articleSection":["P\u00f3s-Venda"],"inLanguage":"pt-PT"},{"@type":"WebPage","@id":"https:\/\/automotiverevista.pt\/index.php\/2024\/02\/23\/roberlo-investe-e-amplia-o-seu-centro-de-formacao\/","url":"https:\/\/automotiverevista.pt\/index.php\/2024\/02\/23\/roberlo-investe-e-amplia-o-seu-centro-de-formacao\/","name":"Roberlo investe e amplia o seu centro de forma\u00e7\u00e3o - Revista Automotive","isPartOf":{"@id":"https:\/\/automotiverevista.pt\/#website"},"primaryImageOfPage":{"@id":"https:\/\/automotiverevista.pt\/index.php\/2024\/02\/23\/roberlo-investe-e-amplia-o-seu-centro-de-formacao\/#primaryimage"},"image":{"@id":"https:\/\/automotiverevista.pt\/index.php\/2024\/02\/23\/roberlo-investe-e-amplia-o-seu-centro-de-formacao\/#primaryimage"},"thumbnailUrl":"https:\/\/automotiverevista.pt\/wp-content\/uploads\/2024\/02\/sala-formacion-general.jpg","datePublished":"2024-02-23T14:04:11+00:00","dateModified":"2024-02-23T14:04:12+00:00","description":"A Roberlo, uma refer\u00eancia internacional em solu\u00e7\u00f5es para pintura de ve\u00edculos e superf\u00edcies industriais, reafirmou o seu com a excel\u00ean","breadcrumb":{"@id":"https:\/\/automotiverevista.pt\/index.php\/2024\/02\/23\/roberlo-investe-e-amplia-o-seu-centro-de-formacao\/#breadcrumb"},"inLanguage":"pt-PT","potentialAction":[{"@type":"ReadAction","target":["https:\/\/automotiverevista.pt\/index.php\/2024\/02\/23\/roberlo-investe-e-amplia-o-seu-centro-de-formacao\/"]}]},{"@type":"ImageObject","inLanguage":"pt-PT","@id":"https:\/\/automotiverevista.pt\/index.php\/2024\/02\/23\/roberlo-investe-e-amplia-o-seu-centro-de-formacao\/#primaryimage","url":"https:\/\/automotiverevista.pt\/wp-content\/uploads\/2024\/02\/sala-formacion-general.jpg","contentUrl":"https:\/\/automotiverevista.pt\/wp-content\/uploads\/2024\/02\/sala-formacion-general.jpg","width":1000,"height":563},{"@type":"BreadcrumbList","@id":"https:\/\/automotiverevista.pt\/index.php\/2024\/02\/23\/roberlo-investe-e-amplia-o-seu-centro-de-formacao\/#breadcrumb","itemListElement":[{"@type":"ListItem","position":1,"name":"Home","item":"https:\/\/automotiverevista.pt\/"},{"@type":"ListItem","position":2,"name":"Roberlo investe e amplia o seu centro de forma\u00e7\u00e3o"}]},{"@type":"WebSite","@id":"https:\/\/automotiverevista.pt\/#website","url":"https:\/\/automotiverevista.pt\/","name":"Revista Automotive","description":"Revista Automotive Portugal","publisher":{"@id":"https:\/\/automotiverevista.pt\/#organization"},"potentialAction":[{"@type":"SearchAction","target":{"@type":"EntryPoint","urlTemplate":"https:\/\/automotiverevista.pt\/?s={search_term_string}"},"query-input":{"@type":"PropertyValueSpecification","valueRequired":true,"valueName":"search_term_string"}}],"inLanguage":"pt-PT"},{"@type":"Organization","@id":"https:\/\/automotiverevista.pt\/#organization","name":"Revista Automotive Portugal","url":"https:\/\/automotiverevista.pt\/","logo":{"@type":"ImageObject","inLanguage":"pt-PT","@id":"https:\/\/automotiverevista.pt\/#\/schema\/logo\/image\/","url":"https:\/\/automotiverevista.pt\/wp-content\/uploads\/2022\/07\/Logo-Automotive-2021_500-1.jpg","contentUrl":"https:\/\/automotiverevista.pt\/wp-content\/uploads\/2022\/07\/Logo-Automotive-2021_500-1.jpg","width":500,"height":160,"caption":"Revista Automotive Portugal"},"image":{"@id":"https:\/\/automotiverevista.pt\/#\/schema\/logo\/image\/"},"sameAs":["https:\/\/linkedin.com\/in\/automotiverevista"]},{"@type":"Person","@id":"https:\/\/automotiverevista.pt\/#\/schema\/person\/1265858bc8c78a0f969de814da8be281","name":"adminNovo","image":{"@type":"ImageObject","inLanguage":"pt-PT","@id":"https:\/\/secure.gravatar.com\/avatar\/c606c1288dcc11eb4c709aa5136fdb962583c410f5c23c0b7bf6917c542be355?s=96&d=mm&r=g","url":"https:\/\/secure.gravatar.com\/avatar\/c606c1288dcc11eb4c709aa5136fdb962583c410f5c23c0b7bf6917c542be355?s=96&d=mm&r=g","contentUrl":"https:\/\/secure.gravatar.com\/avatar\/c606c1288dcc11eb4c709aa5136fdb962583c410f5c23c0b7bf6917c542be355?s=96&d=mm&r=g","caption":"adminNovo"},"sameAs":["https:\/\/automotiverevista.pt"],"url":"https:\/\/automotiverevista.pt\/index.php\/author\/adminnovo\/"}]}},"_links":{"self":[{"href":"https:\/\/automotiverevista.pt\/index.php\/wp-json\/wp\/v2\/posts\/5764","targetHints":{"allow":["GET"]}}],"collection":[{"href":"https:\/\/automotiverevista.pt\/index.php\/wp-json\/wp\/v2\/posts"}],"about":[{"href":"https:\/\/automotiverevista.pt\/index.php\/wp-json\/wp\/v2\/types\/post"}],"author":[{"embeddable":true,"href":"https:\/\/automotiverevista.pt\/index.php\/wp-json\/wp\/v2\/users\/1"}],"replies":[{"embeddable":true,"href":"https:\/\/automotiverevista.pt\/index.php\/wp-json\/wp\/v2\/comments?post=5764"}],"version-history":[{"count":2,"href":"https:\/\/automotiverevista.pt\/index.php\/wp-json\/wp\/v2\/posts\/5764\/revisions"}],"predecessor-version":[{"id":5770,"href":"https:\/\/automotiverevista.pt\/index.php\/wp-json\/wp\/v2\/posts\/5764\/revisions\/5770"}],"wp:featuredmedia":[{"embeddable":true,"href":"https:\/\/automotiverevista.pt\/index.php\/wp-json\/wp\/v2\/media\/5765"}],"wp:attachment":[{"href":"https:\/\/automotiverevista.pt\/index.php\/wp-json\/wp\/v2\/media?parent=5764"}],"wp:term":[{"taxonomy":"category","embeddable":true,"href":"https:\/\/automotiverevista.pt\/index.php\/wp-json\/wp\/v2\/categories?post=5764"},{"taxonomy":"post_tag","embeddable":true,"href":"https:\/\/automotiverevista.pt\/index.php\/wp-json\/wp\/v2\/tags?post=5764"}],"curies":[{"name":"wp","href":"https:\/\/api.w.org\/{rel}","templated":true}]}}