{"id":5821,"date":"2024-03-12T08:00:00","date_gmt":"2024-03-12T08:00:00","guid":{"rendered":"https:\/\/automotiverevista.pt\/?p=5821"},"modified":"2024-03-09T19:56:05","modified_gmt":"2024-03-09T19:56:05","slug":"motrio-convencao-mundial-e-expansao-da-rede-oficinal","status":"publish","type":"post","link":"https:\/\/automotiverevista.pt\/index.php\/2024\/03\/12\/motrio-convencao-mundial-e-expansao-da-rede-oficinal\/","title":{"rendered":"Motrio \u2013 conven\u00e7\u00e3o mundial e expans\u00e3o da rede oficinal"},"content":{"rendered":"\n<p>A Motrio realizou em Portugal a sua conven\u00e7\u00e3o mundial, reunindo parceiros e membros da sua rede oriundos de pa\u00edses dos cinco continentes onde, durante tr\u00eas dias, foram analisados os resultados e apresentadas as estrat\u00e9gias de marca para o futuro.<\/p>\n\n\n\n<p>Em entrevista \u00e0 Revista Automotive, <strong>Guy Olivier Ducamp,<\/strong> Motrio <em>business unit director<\/em> e <strong>Olivier Pontreau <\/strong>Motrio <em>retail director,<\/em> falaram da import\u00e2ncia deste megaencontro do setor de p\u00f3s-venda oficinal. \u201cEst\u00e1 \u00e9 a nossa segunda conven\u00e7\u00e3o mundial, sendo que a primeira realizada em Marraquexe e, este ano, escolhemos Cascais para acolher cerca de 250 profissionais, com liga\u00e7\u00f5es comerciais ao neg\u00f3cio e conceito Motrio.<\/p>\n\n\n\n<p>A escolha do local para a realiza\u00e7\u00e3o deste grande evento tamb\u00e9m como an\u00e1lise subjacente a import\u00e2ncia comercial do mercado portugu\u00eas para a nossa rede, um pa\u00eds que tem um grande potencial de desenvolvimento desta \u00e1rea de neg\u00f3cio, quer pelas compet\u00eancias t\u00e9cnicas da equipa local, quer pelas ambi\u00e7\u00f5es de crescimento da nossa rede, com base nos resultados muito animadores alcan\u00e7ados nos \u00faltimos anos.<\/p>\n\n\n\n<p>A nossa conven\u00e7\u00e3o mundial, \u00e9 o grande momento para a partilha de experi\u00eancias, dos membros da rede Motrio que t\u00eam as suas oficinas em diversos pontos do mundo. Com uma rede \u00e0 escala planet\u00e1ria, tamb\u00e9m temos as legitimas ambi\u00e7\u00f5es de alcan\u00e7ar a maior cobertura de p\u00f3s-venda do parque autom\u00f3vel circulante nos cinco continentes e, esta conven\u00e7\u00e3o mundial, tamb\u00e9m ir\u00e1 impulsionar esta nossa ambi\u00e7\u00e3o.<\/p>\n\n\n\n<figure class=\"wp-block-image size-large is-resized\"><img decoding=\"async\" width=\"1024\" height=\"683\" src=\"https:\/\/automotiverevista.pt\/wp-content\/uploads\/2024\/03\/7040-1024x683.jpg\" alt=\"\" class=\"wp-image-5823\" style=\"width:864px;height:auto\" srcset=\"https:\/\/automotiverevista.pt\/wp-content\/uploads\/2024\/03\/7040-1024x683.jpg 1024w, https:\/\/automotiverevista.pt\/wp-content\/uploads\/2024\/03\/7040-300x200.jpg 300w, https:\/\/automotiverevista.pt\/wp-content\/uploads\/2024\/03\/7040-768x512.jpg 768w, https:\/\/automotiverevista.pt\/wp-content\/uploads\/2024\/03\/7040-750x500.jpg 750w, https:\/\/automotiverevista.pt\/wp-content\/uploads\/2024\/03\/7040-1140x760.jpg 1140w, https:\/\/automotiverevista.pt\/wp-content\/uploads\/2024\/03\/7040.jpg 1500w\" sizes=\"(max-width: 1024px) 100vw, 1024px\" \/><\/figure>\n\n\n\n<p>H\u00e1 4 anos, foi criada uma unidade de neg\u00f3cio da Motrio, com uma estrat\u00e9gia assente em disponibilizar produtos e servi\u00e7os oficinais da nossa marca, mais ajustados \u00e0s especificidades de cada pa\u00eds, pois cada mercado tem as suas pr\u00f3prias caracter\u00edsticas de trabalho, e isto \u00e9 preciso ser respeitado.&nbsp; O parque autom\u00f3vel tamb\u00e9m difere de pa\u00eds para pa\u00eds, e estando a Motrio integrada numa empresa global (Grupo Renault, ndr.) tivemos de criar as condi\u00e7\u00f5es comerciais mais condizentes com as caracter\u00edsticas de cada mercado, apoiando localmente os nossos parceiros de rede.<\/p>\n\n\n\n<p><strong>Antes Motrio by Renault, agora Motrio<\/strong><\/p>\n\n\n\n<p>A atual unidade de neg\u00f3cio da Motrio foi criada justamente para implementar uma mudan\u00e7a radical do que era uma rede Motrio muito baseada na repara\u00e7\u00e3o e manuten\u00e7\u00e3o de ve\u00edculos e marcas do grupo Renault, para uma rede Motrio que verdadeiramente abarque todas as marcas autom\u00f3veis e os seus diversos modelos, a uma escala global.<\/p>\n\n\n\n<p>Se olharmos para o aumento da cobertura do parque autom\u00f3vel que conseguimos realizar logo no primeiro ano da unidade, vemos que 98% do aumento do portf\u00f3lio de pe\u00e7as foi alcan\u00e7ado com base nas marcas que n\u00e3o integram o grupo Renault. A mudan\u00e7a come\u00e7ou logo por a\u00ed. Naturalmente que n\u00e3o escondemos que somos parte do grupo Renault, e at\u00e9 temos orgulho nisso, porque nos permite ter standards de qualidade de um construtor autom\u00f3vel de refer\u00eancia mundial, e l\u00edder de vendas em alguns pa\u00edses.<\/p>\n\n\n\n<p>A qualidade \u00e9 para a Motrio um requisito fundamental, visto que 70% das pe\u00e7as e componentes Motrio s\u00e3o fabricados por fornecedores de equipamento original, e os 30% restantes s\u00e3o de fornecedores de primeiro n\u00edvel (Tier 1), do mercado independente de pe\u00e7as. Isto s\u00f3 \u00e9 poss\u00edvel pelo conhecimento que o grupo Renault nos aporta, apesar de refor\u00e7armos a mensagem de que hoje, o nosso conceito est\u00e1 vocacionado para a repara\u00e7\u00e3o e manuten\u00e7\u00e3o multimarca.<\/p>\n\n\n\n<figure class=\"wp-block-image size-large is-resized\"><img decoding=\"async\" width=\"1024\" height=\"683\" src=\"https:\/\/automotiverevista.pt\/wp-content\/uploads\/2024\/03\/7013-1024x683.jpg\" alt=\"\" class=\"wp-image-5824\" style=\"width:793px;height:auto\" srcset=\"https:\/\/automotiverevista.pt\/wp-content\/uploads\/2024\/03\/7013-1024x683.jpg 1024w, https:\/\/automotiverevista.pt\/wp-content\/uploads\/2024\/03\/7013-300x200.jpg 300w, https:\/\/automotiverevista.pt\/wp-content\/uploads\/2024\/03\/7013-768x512.jpg 768w, https:\/\/automotiverevista.pt\/wp-content\/uploads\/2024\/03\/7013-750x500.jpg 750w, https:\/\/automotiverevista.pt\/wp-content\/uploads\/2024\/03\/7013-1140x760.jpg 1140w, https:\/\/automotiverevista.pt\/wp-content\/uploads\/2024\/03\/7013.jpg 1500w\" sizes=\"(max-width: 1024px) 100vw, 1024px\" \/><\/figure>\n\n\n\n<p><strong>Produtos e qualidade<\/strong><\/p>\n\n\n\n<p>Na entrevista que o meu colega <strong>Ricardo Linhares<\/strong>, respons\u00e1vel pela \u00e1rea de p\u00f3s-venda do Grupo Renault em Portugal concedeu \u00e0<a href=\"https:\/\/automotiverevista.pt\/index.php\/2024\/01\/22\/rede-motrio-25-anos-no-setor-de-manutencao-e-transformacao-oficinal\/\"> Revista Automotive em dezembro de 2023,<\/a> ele mencionou algumas das marcas que fabricam os nossos produtos Motrio. Como exemplo, os pneus que comercializamos, t\u00eam tido um sucesso sem precedentes.<\/p>\n\n\n\n<p>Tamb\u00e9m aqui a qualidade dos produtos est\u00e1 presente, pois fizemos quest\u00e3o de realizar testes com a TUV para que certificassem os pneus Motrio. Apesar de ser fornecedor de refer\u00eancia mundial (a Goodyear, NDR), fomos mais longe e procuramos certificar a marca de pneus Motrio. Vamos al\u00e9m daquilo que \u00e9 expect\u00e1vel, para termos resultados al\u00e9m do expect\u00e1vel.<\/p>\n\n\n\n<p>Estamos muito satisfeitos com os nossos fornecedores, e o nosso objetivo \u00e9 criar notoriedade para a marca Motrio, para que os nossos clientes se identifiquem cada vez mais com a qualidade dos produtos comercializados sob a nossa marca e nas oficinas que integram a nossa rede, em todos os pa\u00edses,<\/p>\n\n\n\n<p>Se olharmos de forma transversal para o parque autom\u00f3vel circulante, a Motrio \u00e9 a marca que pode equipar as viaturas ligeiras de, praticamente, todas as marcas autom\u00f3veis. A nossa oferta, de pe\u00e7as e servi\u00e7os, \u00e9 cada vez mais diversificada e abrangente com uma cobertura de 80% de todo o parque circulante nos ve\u00edculos ligeiros.<\/p>\n\n\n\n<figure class=\"wp-block-image size-large is-resized\"><img decoding=\"async\" width=\"1024\" height=\"683\" src=\"https:\/\/automotiverevista.pt\/wp-content\/uploads\/2024\/03\/7005-1024x683.jpg\" alt=\"\" class=\"wp-image-5825\" style=\"width:814px;height:auto\" srcset=\"https:\/\/automotiverevista.pt\/wp-content\/uploads\/2024\/03\/7005-1024x683.jpg 1024w, https:\/\/automotiverevista.pt\/wp-content\/uploads\/2024\/03\/7005-300x200.jpg 300w, https:\/\/automotiverevista.pt\/wp-content\/uploads\/2024\/03\/7005-768x512.jpg 768w, https:\/\/automotiverevista.pt\/wp-content\/uploads\/2024\/03\/7005-750x500.jpg 750w, https:\/\/automotiverevista.pt\/wp-content\/uploads\/2024\/03\/7005-1140x760.jpg 1140w, https:\/\/automotiverevista.pt\/wp-content\/uploads\/2024\/03\/7005.jpg 1500w\" sizes=\"(max-width: 1024px) 100vw, 1024px\" \/><\/figure>\n\n\n\n<p><strong>Abertura \u00e0s frotas<\/strong><\/p>\n\n\n\n<p>Sabemos que h\u00e1 mercados onde as frotas t\u00eam uma preponder\u00e2ncia muito grande e Portugal \u00e9 um desses pa\u00edses, a exemplo da It\u00e1lia e Espanha. A nossa abordagem \u00e0s frotas \u00e9 vista sob duas perspetivas. A primeira \u00e9 a da rela\u00e7\u00e3o com as gestoras de frota e, a segunda, \u00e9 diretamente com os gestores operacionais das frotas.<\/p>\n\n\n\n<p>Quando inici\u00e1mos esta unidade de neg\u00f3cio, n\u00e3o t\u00ednhamos todos os suportes para abordarmos as frotas. Por muitas raz\u00f5es, mas a principal era a necessidade de aumentarmos a cobertura do parque circulante abrangido pelos produtos e servi\u00e7os Motrio.<\/p>\n\n\n\n<p>Agora j\u00e1 estamos capacitados para abordar as frotas, e temos o exemplo de Espanha. No pa\u00eds vizinho, arranc\u00e1mos em 2023 com uma coopera\u00e7\u00e3o-piloto com a Leaseplan e as nossas oficinas Motrio, localizadas um pouco por todo o pa\u00eds. Foi um passo importante para nos aproximarmos das gestoras de frotas onde pudemos comprovar as compet\u00eancias t\u00e9cnicas da nossa rede e, desta forma, conquist\u00e1mos a confian\u00e7a dos gestores de frotas na utiliza\u00e7\u00e3o dos nossos produtos e servi\u00e7os oficinais multimarcas.<\/p>\n\n\n\n<figure class=\"wp-block-image size-large is-resized\"><img decoding=\"async\" width=\"1024\" height=\"683\" src=\"https:\/\/automotiverevista.pt\/wp-content\/uploads\/2024\/03\/7025-1024x683.jpg\" alt=\"\" class=\"wp-image-5826\" style=\"width:871px;height:auto\" srcset=\"https:\/\/automotiverevista.pt\/wp-content\/uploads\/2024\/03\/7025-1024x683.jpg 1024w, https:\/\/automotiverevista.pt\/wp-content\/uploads\/2024\/03\/7025-300x200.jpg 300w, https:\/\/automotiverevista.pt\/wp-content\/uploads\/2024\/03\/7025-768x512.jpg 768w, https:\/\/automotiverevista.pt\/wp-content\/uploads\/2024\/03\/7025-750x500.jpg 750w, https:\/\/automotiverevista.pt\/wp-content\/uploads\/2024\/03\/7025-1140x760.jpg 1140w, https:\/\/automotiverevista.pt\/wp-content\/uploads\/2024\/03\/7025.jpg 1500w\" sizes=\"(max-width: 1024px) 100vw, 1024px\" \/><\/figure>\n\n\n\n<p>As frotas de m\u00e9dia e pequena dimens\u00e3o s\u00e3o tamb\u00e9m clientes muito importantes para a rede de oficinas Motrio. Tipicamente essas frotas t\u00eam carros com idades muito dispares, e de marcas completamente diferentes. Como referi, agora somos capazes de dar uma solu\u00e7\u00e3o de manuten\u00e7\u00e3o e repara\u00e7\u00e3o a essas frotas, pela abrang\u00eancia do nosso portf\u00f3lio de produtos, qualidade nas pe\u00e7as, pneus e outros componentes e, tamb\u00e9m pela compet\u00eancia t\u00e9cnica das oficinas que integram a nossa rede em todo o mundo<\/p>\n\n\n\n<p>Assim, com este grande trabalho interno conclu\u00eddo, chegou a vez de mostramos ao mercado a for\u00e7a da marca, dos produtos e da rede oficinal Motrio. Para isso estamos a preparar uma comunica\u00e7\u00e3o robusta e vocacionada para a qualidade, focada nos valores de excel\u00eancia da Motrio. Estamos a trabalhar em proximidade com cada pa\u00eds, para percebermos a melhor forma de comunicar e certamente que ser\u00e1 uma comunica\u00e7\u00e3o B2B, ou seja, vocacionada para o cliente profissional que \u00e9 o mercado onde temos muita margem para crescer\u201d, finalizaram Guy Olivier Ducamp e Olivier Pontreau.<\/p>\n\n\n\n<p>Recorde-se que a Motrio Portugal foi distinguida em 2018 com o <strong>Pr\u00e9mio Fleet &amp; Service<\/strong> <strong>Automotive,<\/strong> na categoria Rede Oficinal.<\/p>\n","protected":false},"excerpt":{"rendered":"<p>A Motrio realizou em Portugal a sua conven\u00e7\u00e3o mundial, reunindo parceiros e membros da sua rede oriundos de pa\u00edses dos cinco continentes onde, durante tr\u00eas dias, foram analisados os resultados e apresentadas as estrat\u00e9gias de marca para o futuro. Em entrevista \u00e0 Revista Automotive, Guy Olivier Ducamp, Motrio business unit director e Olivier Pontreau Motrio [&hellip;]<\/p>\n","protected":false},"author":1,"featured_media":5822,"comment_status":"closed","ping_status":"open","sticky":false,"template":"","format":"standard","meta":{"jnews-multi-image_gallery":[],"jnews_single_post":{"subtitle":"","format":"standard","video":"","gallery":"","source_name":"","source_url":"","via_name":"","via_url":"","override_template":"0","override":[{"template":"2","single_blog_custom":"","parallax":"1","fullscreen":"1","layout":"right-sidebar","sidebar":"default-sidebar","second_sidebar":"default-sidebar","sticky_sidebar":"1","share_position":"topbottom","share_float_style":"share-monocrhome","show_share_counter":"0","show_view_counter":"0","show_featured":"1","show_post_meta":"1","show_post_author":"0","show_post_author_image":"1","show_post_date":"1","post_date_format":"default","post_date_format_custom":"Y\/m\/d","show_post_category":"1","show_post_reading_time":"0","post_reading_time_wpm":"300","show_zoom_button":"0","zoom_button_out_step":"2","zoom_button_in_step":"3","show_post_tag":"1","show_prev_next_post":"0","show_popup_post":"1","number_popup_post":"1","show_author_box":"0","show_post_related":"1","show_inline_post_related":"1"}],"override_image_size":"0","image_override":[{"single_post_thumbnail_size":"crop-500","single_post_gallery_size":"crop-500"}],"trending_post":"0","trending_post_position":"meta","trending_post_label":"Trending","sponsored_post":"0","sponsored_post_label":"Sponsored by","sponsored_post_name":"","sponsored_post_url":"","sponsored_post_logo_enable":"0","sponsored_post_logo":"","sponsored_post_desc":"","disable_ad":"0"},"jnews_primary_category":{"id":"","hide":""},"footnotes":""},"categories":[21],"tags":[],"class_list":["post-5821","post","type-post","status-publish","format-standard","has-post-thumbnail","hentry","category-pos-venda"],"yoast_head":"<!-- This site is optimized with the Yoast SEO Premium plugin v27.5 (Yoast SEO v27.5) - https:\/\/yoast.com\/product\/yoast-seo-premium-wordpress\/ -->\n<title>Motrio \u2013 conven\u00e7\u00e3o mundial e expans\u00e3o da rede oficinal - Revista Automotive<\/title>\n<meta name=\"description\" content=\"Motrio realizou em Portugal a sua conven\u00e7\u00e3o mundial, reunindo parceiros e membros da sua rede oriundos de pa\u00edses\" \/>\n<meta name=\"robots\" content=\"index, follow, max-snippet:-1, max-image-preview:large, max-video-preview:-1\" \/>\n<link rel=\"canonical\" href=\"https:\/\/automotiverevista.pt\/index.php\/2024\/03\/12\/motrio-convencao-mundial-e-expansao-da-rede-oficinal\/\" \/>\n<meta property=\"og:locale\" content=\"pt_PT\" \/>\n<meta property=\"og:type\" content=\"article\" \/>\n<meta property=\"og:title\" content=\"Motrio \u2013 conven\u00e7\u00e3o mundial e expans\u00e3o da rede oficinal\" \/>\n<meta property=\"og:description\" content=\"Motrio realizou em Portugal a sua conven\u00e7\u00e3o mundial, reunindo parceiros e membros da sua rede oriundos de pa\u00edses\" \/>\n<meta property=\"og:url\" content=\"https:\/\/automotiverevista.pt\/index.php\/2024\/03\/12\/motrio-convencao-mundial-e-expansao-da-rede-oficinal\/\" \/>\n<meta property=\"og:site_name\" content=\"Revista Automotive\" \/>\n<meta property=\"article:published_time\" content=\"2024-03-12T08:00:00+00:00\" \/>\n<meta property=\"og:image\" content=\"https:\/\/automotiverevista.pt\/wp-content\/uploads\/2024\/03\/20240206_105926.jpg\" \/>\n\t<meta property=\"og:image:width\" content=\"1500\" \/>\n\t<meta property=\"og:image:height\" content=\"896\" \/>\n\t<meta property=\"og:image:type\" content=\"image\/jpeg\" \/>\n<meta name=\"author\" content=\"adminNovo\" \/>\n<meta name=\"twitter:card\" content=\"summary_large_image\" \/>\n<meta name=\"twitter:label1\" content=\"Escrito por\" \/>\n\t<meta name=\"twitter:data1\" content=\"adminNovo\" \/>\n\t<meta name=\"twitter:label2\" content=\"Tempo estimado de leitura\" \/>\n\t<meta name=\"twitter:data2\" content=\"8 minutos\" \/>\n<script type=\"application\/ld+json\" class=\"yoast-schema-graph\">{\"@context\":\"https:\\\/\\\/schema.org\",\"@graph\":[{\"@type\":\"Article\",\"@id\":\"https:\\\/\\\/automotiverevista.pt\\\/index.php\\\/2024\\\/03\\\/12\\\/motrio-convencao-mundial-e-expansao-da-rede-oficinal\\\/#article\",\"isPartOf\":{\"@id\":\"https:\\\/\\\/automotiverevista.pt\\\/index.php\\\/2024\\\/03\\\/12\\\/motrio-convencao-mundial-e-expansao-da-rede-oficinal\\\/\"},\"author\":{\"name\":\"adminNovo\",\"@id\":\"https:\\\/\\\/automotiverevista.pt\\\/#\\\/schema\\\/person\\\/1265858bc8c78a0f969de814da8be281\"},\"headline\":\"Motrio \u2013 conven\u00e7\u00e3o mundial e expans\u00e3o da rede oficinal\",\"datePublished\":\"2024-03-12T08:00:00+00:00\",\"mainEntityOfPage\":{\"@id\":\"https:\\\/\\\/automotiverevista.pt\\\/index.php\\\/2024\\\/03\\\/12\\\/motrio-convencao-mundial-e-expansao-da-rede-oficinal\\\/\"},\"wordCount\":1215,\"publisher\":{\"@id\":\"https:\\\/\\\/automotiverevista.pt\\\/#organization\"},\"image\":{\"@id\":\"https:\\\/\\\/automotiverevista.pt\\\/index.php\\\/2024\\\/03\\\/12\\\/motrio-convencao-mundial-e-expansao-da-rede-oficinal\\\/#primaryimage\"},\"thumbnailUrl\":\"https:\\\/\\\/automotiverevista.pt\\\/wp-content\\\/uploads\\\/2024\\\/03\\\/20240206_105926.jpg\",\"articleSection\":[\"P\u00f3s-Venda\"],\"inLanguage\":\"pt-PT\"},{\"@type\":\"WebPage\",\"@id\":\"https:\\\/\\\/automotiverevista.pt\\\/index.php\\\/2024\\\/03\\\/12\\\/motrio-convencao-mundial-e-expansao-da-rede-oficinal\\\/\",\"url\":\"https:\\\/\\\/automotiverevista.pt\\\/index.php\\\/2024\\\/03\\\/12\\\/motrio-convencao-mundial-e-expansao-da-rede-oficinal\\\/\",\"name\":\"Motrio \u2013 conven\u00e7\u00e3o mundial e expans\u00e3o da rede oficinal - Revista Automotive\",\"isPartOf\":{\"@id\":\"https:\\\/\\\/automotiverevista.pt\\\/#website\"},\"primaryImageOfPage\":{\"@id\":\"https:\\\/\\\/automotiverevista.pt\\\/index.php\\\/2024\\\/03\\\/12\\\/motrio-convencao-mundial-e-expansao-da-rede-oficinal\\\/#primaryimage\"},\"image\":{\"@id\":\"https:\\\/\\\/automotiverevista.pt\\\/index.php\\\/2024\\\/03\\\/12\\\/motrio-convencao-mundial-e-expansao-da-rede-oficinal\\\/#primaryimage\"},\"thumbnailUrl\":\"https:\\\/\\\/automotiverevista.pt\\\/wp-content\\\/uploads\\\/2024\\\/03\\\/20240206_105926.jpg\",\"datePublished\":\"2024-03-12T08:00:00+00:00\",\"description\":\"Motrio realizou em Portugal a sua conven\u00e7\u00e3o mundial, reunindo parceiros e membros da sua rede oriundos de pa\u00edses\",\"breadcrumb\":{\"@id\":\"https:\\\/\\\/automotiverevista.pt\\\/index.php\\\/2024\\\/03\\\/12\\\/motrio-convencao-mundial-e-expansao-da-rede-oficinal\\\/#breadcrumb\"},\"inLanguage\":\"pt-PT\",\"potentialAction\":[{\"@type\":\"ReadAction\",\"target\":[\"https:\\\/\\\/automotiverevista.pt\\\/index.php\\\/2024\\\/03\\\/12\\\/motrio-convencao-mundial-e-expansao-da-rede-oficinal\\\/\"]}]},{\"@type\":\"ImageObject\",\"inLanguage\":\"pt-PT\",\"@id\":\"https:\\\/\\\/automotiverevista.pt\\\/index.php\\\/2024\\\/03\\\/12\\\/motrio-convencao-mundial-e-expansao-da-rede-oficinal\\\/#primaryimage\",\"url\":\"https:\\\/\\\/automotiverevista.pt\\\/wp-content\\\/uploads\\\/2024\\\/03\\\/20240206_105926.jpg\",\"contentUrl\":\"https:\\\/\\\/automotiverevista.pt\\\/wp-content\\\/uploads\\\/2024\\\/03\\\/20240206_105926.jpg\",\"width\":1500,\"height\":896},{\"@type\":\"BreadcrumbList\",\"@id\":\"https:\\\/\\\/automotiverevista.pt\\\/index.php\\\/2024\\\/03\\\/12\\\/motrio-convencao-mundial-e-expansao-da-rede-oficinal\\\/#breadcrumb\",\"itemListElement\":[{\"@type\":\"ListItem\",\"position\":1,\"name\":\"Home\",\"item\":\"https:\\\/\\\/automotiverevista.pt\\\/\"},{\"@type\":\"ListItem\",\"position\":2,\"name\":\"Motrio \u2013 conven\u00e7\u00e3o mundial e expans\u00e3o da rede oficinal\"}]},{\"@type\":\"WebSite\",\"@id\":\"https:\\\/\\\/automotiverevista.pt\\\/#website\",\"url\":\"https:\\\/\\\/automotiverevista.pt\\\/\",\"name\":\"Revista Automotive\",\"description\":\"Revista Automotive Portugal\",\"publisher\":{\"@id\":\"https:\\\/\\\/automotiverevista.pt\\\/#organization\"},\"potentialAction\":[{\"@type\":\"SearchAction\",\"target\":{\"@type\":\"EntryPoint\",\"urlTemplate\":\"https:\\\/\\\/automotiverevista.pt\\\/?s={search_term_string}\"},\"query-input\":{\"@type\":\"PropertyValueSpecification\",\"valueRequired\":true,\"valueName\":\"search_term_string\"}}],\"inLanguage\":\"pt-PT\"},{\"@type\":\"Organization\",\"@id\":\"https:\\\/\\\/automotiverevista.pt\\\/#organization\",\"name\":\"Revista Automotive Portugal\",\"url\":\"https:\\\/\\\/automotiverevista.pt\\\/\",\"logo\":{\"@type\":\"ImageObject\",\"inLanguage\":\"pt-PT\",\"@id\":\"https:\\\/\\\/automotiverevista.pt\\\/#\\\/schema\\\/logo\\\/image\\\/\",\"url\":\"https:\\\/\\\/automotiverevista.pt\\\/wp-content\\\/uploads\\\/2022\\\/07\\\/Logo-Automotive-2021_500-1.jpg\",\"contentUrl\":\"https:\\\/\\\/automotiverevista.pt\\\/wp-content\\\/uploads\\\/2022\\\/07\\\/Logo-Automotive-2021_500-1.jpg\",\"width\":500,\"height\":160,\"caption\":\"Revista Automotive Portugal\"},\"image\":{\"@id\":\"https:\\\/\\\/automotiverevista.pt\\\/#\\\/schema\\\/logo\\\/image\\\/\"},\"sameAs\":[\"https:\\\/\\\/linkedin.com\\\/in\\\/automotiverevista\"]},{\"@type\":\"Person\",\"@id\":\"https:\\\/\\\/automotiverevista.pt\\\/#\\\/schema\\\/person\\\/1265858bc8c78a0f969de814da8be281\",\"name\":\"adminNovo\",\"image\":{\"@type\":\"ImageObject\",\"inLanguage\":\"pt-PT\",\"@id\":\"https:\\\/\\\/secure.gravatar.com\\\/avatar\\\/c606c1288dcc11eb4c709aa5136fdb962583c410f5c23c0b7bf6917c542be355?s=96&d=mm&r=g\",\"url\":\"https:\\\/\\\/secure.gravatar.com\\\/avatar\\\/c606c1288dcc11eb4c709aa5136fdb962583c410f5c23c0b7bf6917c542be355?s=96&d=mm&r=g\",\"contentUrl\":\"https:\\\/\\\/secure.gravatar.com\\\/avatar\\\/c606c1288dcc11eb4c709aa5136fdb962583c410f5c23c0b7bf6917c542be355?s=96&d=mm&r=g\",\"caption\":\"adminNovo\"},\"sameAs\":[\"https:\\\/\\\/automotiverevista.pt\"],\"url\":\"https:\\\/\\\/automotiverevista.pt\\\/index.php\\\/author\\\/adminnovo\\\/\"}]}<\/script>\n<!-- \/ Yoast SEO Premium plugin. -->","yoast_head_json":{"title":"Motrio \u2013 conven\u00e7\u00e3o mundial e expans\u00e3o da rede oficinal - Revista Automotive","description":"Motrio realizou em Portugal a sua conven\u00e7\u00e3o mundial, reunindo parceiros e membros da sua rede oriundos de pa\u00edses","robots":{"index":"index","follow":"follow","max-snippet":"max-snippet:-1","max-image-preview":"max-image-preview:large","max-video-preview":"max-video-preview:-1"},"canonical":"https:\/\/automotiverevista.pt\/index.php\/2024\/03\/12\/motrio-convencao-mundial-e-expansao-da-rede-oficinal\/","og_locale":"pt_PT","og_type":"article","og_title":"Motrio \u2013 conven\u00e7\u00e3o mundial e expans\u00e3o da rede oficinal","og_description":"Motrio realizou em Portugal a sua conven\u00e7\u00e3o mundial, reunindo parceiros e membros da sua rede oriundos de pa\u00edses","og_url":"https:\/\/automotiverevista.pt\/index.php\/2024\/03\/12\/motrio-convencao-mundial-e-expansao-da-rede-oficinal\/","og_site_name":"Revista Automotive","article_published_time":"2024-03-12T08:00:00+00:00","og_image":[{"width":1500,"height":896,"url":"https:\/\/automotiverevista.pt\/wp-content\/uploads\/2024\/03\/20240206_105926.jpg","type":"image\/jpeg"}],"author":"adminNovo","twitter_card":"summary_large_image","twitter_misc":{"Escrito por":"adminNovo","Tempo estimado de leitura":"8 minutos"},"schema":{"@context":"https:\/\/schema.org","@graph":[{"@type":"Article","@id":"https:\/\/automotiverevista.pt\/index.php\/2024\/03\/12\/motrio-convencao-mundial-e-expansao-da-rede-oficinal\/#article","isPartOf":{"@id":"https:\/\/automotiverevista.pt\/index.php\/2024\/03\/12\/motrio-convencao-mundial-e-expansao-da-rede-oficinal\/"},"author":{"name":"adminNovo","@id":"https:\/\/automotiverevista.pt\/#\/schema\/person\/1265858bc8c78a0f969de814da8be281"},"headline":"Motrio \u2013 conven\u00e7\u00e3o mundial e expans\u00e3o da rede oficinal","datePublished":"2024-03-12T08:00:00+00:00","mainEntityOfPage":{"@id":"https:\/\/automotiverevista.pt\/index.php\/2024\/03\/12\/motrio-convencao-mundial-e-expansao-da-rede-oficinal\/"},"wordCount":1215,"publisher":{"@id":"https:\/\/automotiverevista.pt\/#organization"},"image":{"@id":"https:\/\/automotiverevista.pt\/index.php\/2024\/03\/12\/motrio-convencao-mundial-e-expansao-da-rede-oficinal\/#primaryimage"},"thumbnailUrl":"https:\/\/automotiverevista.pt\/wp-content\/uploads\/2024\/03\/20240206_105926.jpg","articleSection":["P\u00f3s-Venda"],"inLanguage":"pt-PT"},{"@type":"WebPage","@id":"https:\/\/automotiverevista.pt\/index.php\/2024\/03\/12\/motrio-convencao-mundial-e-expansao-da-rede-oficinal\/","url":"https:\/\/automotiverevista.pt\/index.php\/2024\/03\/12\/motrio-convencao-mundial-e-expansao-da-rede-oficinal\/","name":"Motrio \u2013 conven\u00e7\u00e3o mundial e expans\u00e3o da rede oficinal - Revista Automotive","isPartOf":{"@id":"https:\/\/automotiverevista.pt\/#website"},"primaryImageOfPage":{"@id":"https:\/\/automotiverevista.pt\/index.php\/2024\/03\/12\/motrio-convencao-mundial-e-expansao-da-rede-oficinal\/#primaryimage"},"image":{"@id":"https:\/\/automotiverevista.pt\/index.php\/2024\/03\/12\/motrio-convencao-mundial-e-expansao-da-rede-oficinal\/#primaryimage"},"thumbnailUrl":"https:\/\/automotiverevista.pt\/wp-content\/uploads\/2024\/03\/20240206_105926.jpg","datePublished":"2024-03-12T08:00:00+00:00","description":"Motrio realizou em Portugal a sua conven\u00e7\u00e3o mundial, reunindo parceiros e membros da sua rede oriundos de pa\u00edses","breadcrumb":{"@id":"https:\/\/automotiverevista.pt\/index.php\/2024\/03\/12\/motrio-convencao-mundial-e-expansao-da-rede-oficinal\/#breadcrumb"},"inLanguage":"pt-PT","potentialAction":[{"@type":"ReadAction","target":["https:\/\/automotiverevista.pt\/index.php\/2024\/03\/12\/motrio-convencao-mundial-e-expansao-da-rede-oficinal\/"]}]},{"@type":"ImageObject","inLanguage":"pt-PT","@id":"https:\/\/automotiverevista.pt\/index.php\/2024\/03\/12\/motrio-convencao-mundial-e-expansao-da-rede-oficinal\/#primaryimage","url":"https:\/\/automotiverevista.pt\/wp-content\/uploads\/2024\/03\/20240206_105926.jpg","contentUrl":"https:\/\/automotiverevista.pt\/wp-content\/uploads\/2024\/03\/20240206_105926.jpg","width":1500,"height":896},{"@type":"BreadcrumbList","@id":"https:\/\/automotiverevista.pt\/index.php\/2024\/03\/12\/motrio-convencao-mundial-e-expansao-da-rede-oficinal\/#breadcrumb","itemListElement":[{"@type":"ListItem","position":1,"name":"Home","item":"https:\/\/automotiverevista.pt\/"},{"@type":"ListItem","position":2,"name":"Motrio \u2013 conven\u00e7\u00e3o mundial e expans\u00e3o da rede oficinal"}]},{"@type":"WebSite","@id":"https:\/\/automotiverevista.pt\/#website","url":"https:\/\/automotiverevista.pt\/","name":"Revista Automotive","description":"Revista Automotive Portugal","publisher":{"@id":"https:\/\/automotiverevista.pt\/#organization"},"potentialAction":[{"@type":"SearchAction","target":{"@type":"EntryPoint","urlTemplate":"https:\/\/automotiverevista.pt\/?s={search_term_string}"},"query-input":{"@type":"PropertyValueSpecification","valueRequired":true,"valueName":"search_term_string"}}],"inLanguage":"pt-PT"},{"@type":"Organization","@id":"https:\/\/automotiverevista.pt\/#organization","name":"Revista Automotive Portugal","url":"https:\/\/automotiverevista.pt\/","logo":{"@type":"ImageObject","inLanguage":"pt-PT","@id":"https:\/\/automotiverevista.pt\/#\/schema\/logo\/image\/","url":"https:\/\/automotiverevista.pt\/wp-content\/uploads\/2022\/07\/Logo-Automotive-2021_500-1.jpg","contentUrl":"https:\/\/automotiverevista.pt\/wp-content\/uploads\/2022\/07\/Logo-Automotive-2021_500-1.jpg","width":500,"height":160,"caption":"Revista Automotive Portugal"},"image":{"@id":"https:\/\/automotiverevista.pt\/#\/schema\/logo\/image\/"},"sameAs":["https:\/\/linkedin.com\/in\/automotiverevista"]},{"@type":"Person","@id":"https:\/\/automotiverevista.pt\/#\/schema\/person\/1265858bc8c78a0f969de814da8be281","name":"adminNovo","image":{"@type":"ImageObject","inLanguage":"pt-PT","@id":"https:\/\/secure.gravatar.com\/avatar\/c606c1288dcc11eb4c709aa5136fdb962583c410f5c23c0b7bf6917c542be355?s=96&d=mm&r=g","url":"https:\/\/secure.gravatar.com\/avatar\/c606c1288dcc11eb4c709aa5136fdb962583c410f5c23c0b7bf6917c542be355?s=96&d=mm&r=g","contentUrl":"https:\/\/secure.gravatar.com\/avatar\/c606c1288dcc11eb4c709aa5136fdb962583c410f5c23c0b7bf6917c542be355?s=96&d=mm&r=g","caption":"adminNovo"},"sameAs":["https:\/\/automotiverevista.pt"],"url":"https:\/\/automotiverevista.pt\/index.php\/author\/adminnovo\/"}]}},"_links":{"self":[{"href":"https:\/\/automotiverevista.pt\/index.php\/wp-json\/wp\/v2\/posts\/5821","targetHints":{"allow":["GET"]}}],"collection":[{"href":"https:\/\/automotiverevista.pt\/index.php\/wp-json\/wp\/v2\/posts"}],"about":[{"href":"https:\/\/automotiverevista.pt\/index.php\/wp-json\/wp\/v2\/types\/post"}],"author":[{"embeddable":true,"href":"https:\/\/automotiverevista.pt\/index.php\/wp-json\/wp\/v2\/users\/1"}],"replies":[{"embeddable":true,"href":"https:\/\/automotiverevista.pt\/index.php\/wp-json\/wp\/v2\/comments?post=5821"}],"version-history":[{"count":2,"href":"https:\/\/automotiverevista.pt\/index.php\/wp-json\/wp\/v2\/posts\/5821\/revisions"}],"predecessor-version":[{"id":5828,"href":"https:\/\/automotiverevista.pt\/index.php\/wp-json\/wp\/v2\/posts\/5821\/revisions\/5828"}],"wp:featuredmedia":[{"embeddable":true,"href":"https:\/\/automotiverevista.pt\/index.php\/wp-json\/wp\/v2\/media\/5822"}],"wp:attachment":[{"href":"https:\/\/automotiverevista.pt\/index.php\/wp-json\/wp\/v2\/media?parent=5821"}],"wp:term":[{"taxonomy":"category","embeddable":true,"href":"https:\/\/automotiverevista.pt\/index.php\/wp-json\/wp\/v2\/categories?post=5821"},{"taxonomy":"post_tag","embeddable":true,"href":"https:\/\/automotiverevista.pt\/index.php\/wp-json\/wp\/v2\/tags?post=5821"}],"curies":[{"name":"wp","href":"https:\/\/api.w.org\/{rel}","templated":true}]}}