{"id":5829,"date":"2024-03-13T08:03:00","date_gmt":"2024-03-13T08:03:00","guid":{"rendered":"https:\/\/automotiverevista.pt\/?p=5829"},"modified":"2024-03-09T20:03:58","modified_gmt":"2024-03-09T20:03:58","slug":"cepcar-um-dia-para-desfrutar-o-mundo-das-maquinas","status":"publish","type":"post","link":"https:\/\/automotiverevista.pt\/index.php\/2024\/03\/13\/cepcar-um-dia-para-desfrutar-o-mundo-das-maquinas\/","title":{"rendered":"Cepcar \u2013 um dia para desfrutar o mundo das m\u00e1quinas"},"content":{"rendered":"\n<p>Na sua primeira edi\u00e7\u00e3o, o Open Day realizado pela Cepcar revestiu-se de pleno sucesso. Dinamizado nas amplas instala\u00e7\u00f5es da pr\u00f3pria empresa, localizada em Redondas, Turquel, o evento decorreu no passado dia 3 de fevereiro, com muitas atividades e partilha de informa\u00e7\u00f5es, proporcionando aos mais de 700 participantes a oportunidade de conhecer, tocar e de manusear m\u00e1quinas e marcas de equipamentos representadas pela Cepcar em Portugal.<\/p>\n\n\n\n<p><strong><a href=\"https:\/\/automotiverevista.pt\/index.php\/2023\/03\/14\/cepcar-acreditar-investir-e-dar-suporte-no-pos-venda\/\">Luciana Marques<\/a><\/strong> (diretora financeira) e <a href=\"https:\/\/automotiverevista.pt\/index.php\/2023\/03\/14\/cepcar-acreditar-investir-e-dar-suporte-no-pos-venda\/\"><strong>Ricardo Dami\u00e3o<\/strong> <\/a>(gerente da Cepcar) foram os anfitri\u00f5es do evento e receberam com a habitual simpatia os convidados, entre os quais a Revista Automotive. O Open Day da Cepcar tamb\u00e9m serviu de palco para que diversos parceiros de neg\u00f3cio da empresa divulgassem os seus produtos e servi\u00e7os associados \u00e0s m\u00e1quinas de constru\u00e7\u00e3o que a empresa representa e comercializa no nosso pa\u00eds.<\/p>\n\n\n\n<p>Neste \u00e2mbito, estiveram presentes as entidades financeiras Bankinter, BNP Paribas, Montepio e Millenium., bem como a <a href=\"https:\/\/www.fhmtransportes.pt\/reportagem-na-revista-automotive-marco-2017\/\">empresa de transpores especiais FHM<\/a>; a <a href=\"https:\/\/automotiverevista.pt\/index.php\/2024\/02\/16\/pneus-do-alcaide-vence-premio-excelencia-no-servico\/\"><strong>Pneus do Alcaide <\/strong><\/a>com os pneus para m\u00e1quinas industriais, e a SOSI uma distribuidora de combust\u00edveis e lubrificantes. Com respeito aos equipamentos de constru\u00e7\u00e3o, marcaram presen\u00e7a as marcas alem\u00e3s WackerNeuson e Amann, bem como a <a href=\"https:\/\/automotiverevista.pt\/index.php\/2024\/01\/06\/hidromek-retroescadora\/\">Hidromek <\/a>que \u00e9 a estrela da companhia e, ainda os empilhadores UN e os tratores Hattat.<\/p>\n\n\n\n<figure class=\"wp-block-image size-large is-resized\"><img decoding=\"async\" width=\"1024\" height=\"768\" src=\"https:\/\/automotiverevista.pt\/wp-content\/uploads\/2024\/03\/20240203_121331-1024x768.jpg\" alt=\"\" class=\"wp-image-5833\" style=\"width:756px;height:auto\" srcset=\"https:\/\/automotiverevista.pt\/wp-content\/uploads\/2024\/03\/20240203_121331-1024x768.jpg 1024w, https:\/\/automotiverevista.pt\/wp-content\/uploads\/2024\/03\/20240203_121331-300x225.jpg 300w, https:\/\/automotiverevista.pt\/wp-content\/uploads\/2024\/03\/20240203_121331-768x576.jpg 768w, https:\/\/automotiverevista.pt\/wp-content\/uploads\/2024\/03\/20240203_121331-750x563.jpg 750w, https:\/\/automotiverevista.pt\/wp-content\/uploads\/2024\/03\/20240203_121331-1140x855.jpg 1140w, https:\/\/automotiverevista.pt\/wp-content\/uploads\/2024\/03\/20240203_121331.jpg 1500w\" sizes=\"(max-width: 1024px) 100vw, 1024px\" \/><\/figure>\n\n\n\n<p>Em entrevista \u00e0 Automotive, Luciana Marques e Ricardo Dami\u00e3o salientaram que \u201co evento superou as nossas expectativas, quer em n\u00famero de participantes, quer em termos de ades\u00e3o dos nossos parceiros comerciais. Neste primeiro Open Day, tamb\u00e9m destac\u00e1mos os implementos que comercializamos sob a marca CEPCAR, tais como: engates r\u00e1pidos, baldes, garfos, entre outros, j\u00e1 dispon\u00edveis no mercado nacional.<\/p>\n\n\n\n<p><strong>Um passo \u00e0 frente<\/strong><\/p>\n\n\n\n<p>Em termos de novidade, apresent\u00e1mos os empilhadores UN e um novo projeto denominado <strong>Cepcar Agro<\/strong> com base nos tratores da Hattat, uma marca de tratores turca que, no passado, produziu tratores para a pr\u00f3pria Massey Ferguson. Desde que foi criada, a Cepcar orgulha-se de estar um passo \u00e0 frente no mercado das m\u00e1quinas, ao implementar novos equipamentos e novas m\u00e1quinas, com o objetivo de disponibilizar as melhores solu\u00e7\u00f5es para os nossos clientes.<\/p>\n\n\n\n<figure class=\"wp-block-image size-large is-resized\"><img decoding=\"async\" width=\"1024\" height=\"768\" src=\"https:\/\/automotiverevista.pt\/wp-content\/uploads\/2024\/03\/20240203_121555-1024x768.jpg\" alt=\"\" class=\"wp-image-5836\" style=\"width:818px;height:auto\" srcset=\"https:\/\/automotiverevista.pt\/wp-content\/uploads\/2024\/03\/20240203_121555-1024x768.jpg 1024w, https:\/\/automotiverevista.pt\/wp-content\/uploads\/2024\/03\/20240203_121555-300x225.jpg 300w, https:\/\/automotiverevista.pt\/wp-content\/uploads\/2024\/03\/20240203_121555-768x576.jpg 768w, https:\/\/automotiverevista.pt\/wp-content\/uploads\/2024\/03\/20240203_121555-750x563.jpg 750w, https:\/\/automotiverevista.pt\/wp-content\/uploads\/2024\/03\/20240203_121555-1140x855.jpg 1140w, https:\/\/automotiverevista.pt\/wp-content\/uploads\/2024\/03\/20240203_121555.jpg 1500w\" sizes=\"(max-width: 1024px) 100vw, 1024px\" \/><\/figure>\n\n\n\n<p>Esta nossa iniciativa foi, sem d\u00favida, uma demonstra\u00e7\u00e3o de positivismo da nossa empresa e um momento para reunirmos, num espa\u00e7o \u00fanico, os nossos clientes e parceiros de neg\u00f3cio, proporcionando um contacto mais pr\u00f3ximo destes profissionais com as m\u00e1quinas e equipamentos que representamos. Acreditamos que este evento ocorreu na altura certa, tendo em conta que os clientes t\u00eam alguma disponibilidade para este tipo de intera\u00e7\u00e3o. O resultado disso est\u00e1 \u00e0 vista, pois tivemos um evento bastante preenchido com mais de 700 participantes.<\/p>\n\n\n\n<figure class=\"wp-block-image size-large is-resized\"><img decoding=\"async\" width=\"1024\" height=\"662\" src=\"https:\/\/automotiverevista.pt\/wp-content\/uploads\/2024\/03\/20240203_125631-1024x662.jpg\" alt=\"\" class=\"wp-image-5834\" style=\"width:893px;height:auto\" srcset=\"https:\/\/automotiverevista.pt\/wp-content\/uploads\/2024\/03\/20240203_125631-1024x662.jpg 1024w, https:\/\/automotiverevista.pt\/wp-content\/uploads\/2024\/03\/20240203_125631-300x194.jpg 300w, https:\/\/automotiverevista.pt\/wp-content\/uploads\/2024\/03\/20240203_125631-768x497.jpg 768w, https:\/\/automotiverevista.pt\/wp-content\/uploads\/2024\/03\/20240203_125631-750x485.jpg 750w, https:\/\/automotiverevista.pt\/wp-content\/uploads\/2024\/03\/20240203_125631-1140x737.jpg 1140w, https:\/\/automotiverevista.pt\/wp-content\/uploads\/2024\/03\/20240203_125631.jpg 1500w\" sizes=\"(max-width: 1024px) 100vw, 1024px\" \/><\/figure>\n\n\n\n<p>Marc\u00e1mos, pela positiva, o arranque do ano, e muito nos orgulhou o facto de termos a presen\u00e7a dos respons\u00e1veis internacionais das diferentes marcas que representamos, vindo desde Espanha, It\u00e1lia, Alemanha, Turquia e, tamb\u00e9m, da China e dos Estados Unidos da Am\u00e9rica. A n\u00edvel nacional, tivemos a presen\u00e7a dos nossos distribuidores, que nos t\u00eam acompanhado neste crescimento da CEPCAR.<\/p>\n\n\n\n<figure class=\"wp-block-image size-large is-resized\"><img decoding=\"async\" width=\"1024\" height=\"645\" src=\"https:\/\/automotiverevista.pt\/wp-content\/uploads\/2024\/03\/20240203_132604-1024x645.jpg\" alt=\"\" class=\"wp-image-5837\" style=\"width:831px;height:auto\" srcset=\"https:\/\/automotiverevista.pt\/wp-content\/uploads\/2024\/03\/20240203_132604-1024x645.jpg 1024w, https:\/\/automotiverevista.pt\/wp-content\/uploads\/2024\/03\/20240203_132604-300x189.jpg 300w, https:\/\/automotiverevista.pt\/wp-content\/uploads\/2024\/03\/20240203_132604-768x484.jpg 768w, https:\/\/automotiverevista.pt\/wp-content\/uploads\/2024\/03\/20240203_132604-750x473.jpg 750w, https:\/\/automotiverevista.pt\/wp-content\/uploads\/2024\/03\/20240203_132604-1140x718.jpg 1140w, https:\/\/automotiverevista.pt\/wp-content\/uploads\/2024\/03\/20240203_132604.jpg 1500w\" sizes=\"(max-width: 1024px) 100vw, 1024px\" \/><\/figure>\n\n\n\n<p>No Open Day cri\u00e1mos uma \u00e1rea de demonstra\u00e7\u00f5es, onde foi poss\u00edvel ter um primeiro contacto com alguns dos nossos equipamentos, onde muitos testaram a sua destreza nas m\u00e1quinas, atrav\u00e9s de um conjunto de jogos que implement\u00e1mos para este efeito. \u00a0\u00c9 a primeira vez que estamos a realizar este tipo de evento, e queremos que se torne uma tradi\u00e7\u00e3o no arranque de cada ano, atrav\u00e9s da Cepcar. Com esta a\u00e7\u00e3o, tamb\u00e9m demos a conhecer os nossos servi\u00e7os de p\u00f3s-venda e de venda de m\u00e1quinas usadas.<\/p>\n\n\n\n<figure class=\"wp-block-image size-large is-resized\"><img decoding=\"async\" width=\"1024\" height=\"768\" src=\"https:\/\/automotiverevista.pt\/wp-content\/uploads\/2024\/03\/20240203_132519-1024x768.jpg\" alt=\"\" class=\"wp-image-5835\" style=\"width:865px;height:auto\" srcset=\"https:\/\/automotiverevista.pt\/wp-content\/uploads\/2024\/03\/20240203_132519-1024x768.jpg 1024w, https:\/\/automotiverevista.pt\/wp-content\/uploads\/2024\/03\/20240203_132519-300x225.jpg 300w, https:\/\/automotiverevista.pt\/wp-content\/uploads\/2024\/03\/20240203_132519-768x576.jpg 768w, https:\/\/automotiverevista.pt\/wp-content\/uploads\/2024\/03\/20240203_132519-750x563.jpg 750w, https:\/\/automotiverevista.pt\/wp-content\/uploads\/2024\/03\/20240203_132519-1140x855.jpg 1140w, https:\/\/automotiverevista.pt\/wp-content\/uploads\/2024\/03\/20240203_132519.jpg 1500w\" sizes=\"(max-width: 1024px) 100vw, 1024px\" \/><\/figure>\n\n\n\n<p><strong>Mudar o paradigma<\/strong><\/p>\n\n\n\n<p>Temos notado que os sal\u00f5es da especialidade est\u00e3o a perder a sua import\u00e2ncia, sendo que os investimentos que os expositores realizam na aquisi\u00e7\u00e3o do espa\u00e7o, mobili\u00e1rio, decora\u00e7\u00e3o, recursos humanos, desloca\u00e7\u00f5es e estadias, t\u00eam sido cada vez maiores e com resultados muitas vezes dif\u00edceis de se mensurar. H\u00e1 aqui uma discrep\u00e2ncia entre o investimento\/retorno, que nos faz repensar a presen\u00e7a nas futuras feiras e sal\u00f5es nacionais da especialidade.<\/p>\n\n\n\n<figure class=\"wp-block-image size-large is-resized\"><img decoding=\"async\" width=\"1024\" height=\"768\" src=\"https:\/\/automotiverevista.pt\/wp-content\/uploads\/2024\/03\/20240203_121204-1024x768.jpg\" alt=\"\" class=\"wp-image-5838\" style=\"width:838px;height:auto\" srcset=\"https:\/\/automotiverevista.pt\/wp-content\/uploads\/2024\/03\/20240203_121204-1024x768.jpg 1024w, https:\/\/automotiverevista.pt\/wp-content\/uploads\/2024\/03\/20240203_121204-300x225.jpg 300w, https:\/\/automotiverevista.pt\/wp-content\/uploads\/2024\/03\/20240203_121204-768x576.jpg 768w, https:\/\/automotiverevista.pt\/wp-content\/uploads\/2024\/03\/20240203_121204-750x563.jpg 750w, https:\/\/automotiverevista.pt\/wp-content\/uploads\/2024\/03\/20240203_121204-1140x855.jpg 1140w, https:\/\/automotiverevista.pt\/wp-content\/uploads\/2024\/03\/20240203_121204.jpg 1500w\" sizes=\"(max-width: 1024px) 100vw, 1024px\" \/><\/figure>\n\n\n\n<p>Contudo, e ao inv\u00e9s de criticarmos, preferimos fazer parte da solu\u00e7\u00e3o. Por isso idealiz\u00e1mos e dinamiz\u00e1mos o Open Day da Cepcar. \u00c9 uma iniciativa que requer muito trabalho, mas compensa pelo contacto direto que temos com os clientes, e com o n\u00edvel de aten\u00e7\u00e3o que lhes conseguimos proporcionar, para al\u00e9m de ser poss\u00edvel a experimenta\u00e7\u00e3o de alguns dos nossos equipamentos e partilha de informa\u00e7\u00f5es, diretamente com os respons\u00e1veis internacionais das marcas que representamos.<\/p>\n\n\n\n<p>Estamos satisfeitos com o resultado alcan\u00e7ado e esperamos poder renovar esta iniciativa, com mais novidades, em 2025\u201d, finalizaram.<\/p>\n\n\n\n<figure class=\"wp-block-image size-large is-resized\"><img decoding=\"async\" width=\"1024\" height=\"768\" src=\"https:\/\/automotiverevista.pt\/wp-content\/uploads\/2024\/03\/20240203_121236-1024x768.jpg\" alt=\"\" class=\"wp-image-5839\" style=\"width:840px;height:auto\" srcset=\"https:\/\/automotiverevista.pt\/wp-content\/uploads\/2024\/03\/20240203_121236-1024x768.jpg 1024w, https:\/\/automotiverevista.pt\/wp-content\/uploads\/2024\/03\/20240203_121236-300x225.jpg 300w, https:\/\/automotiverevista.pt\/wp-content\/uploads\/2024\/03\/20240203_121236-768x576.jpg 768w, https:\/\/automotiverevista.pt\/wp-content\/uploads\/2024\/03\/20240203_121236-750x563.jpg 750w, https:\/\/automotiverevista.pt\/wp-content\/uploads\/2024\/03\/20240203_121236-1140x855.jpg 1140w, https:\/\/automotiverevista.pt\/wp-content\/uploads\/2024\/03\/20240203_121236.jpg 1500w\" sizes=\"(max-width: 1024px) 100vw, 1024px\" \/><\/figure>\n","protected":false},"excerpt":{"rendered":"<p>Na sua primeira edi\u00e7\u00e3o, o Open Day realizado pela Cepcar revestiu-se de pleno sucesso. Dinamizado nas amplas instala\u00e7\u00f5es da pr\u00f3pria empresa, localizada em Redondas, Turquel, o evento decorreu no passado dia 3 de fevereiro, com muitas atividades e partilha de informa\u00e7\u00f5es, proporcionando aos mais de 700 participantes a oportunidade de conhecer, tocar e de manusear [&hellip;]<\/p>\n","protected":false},"author":1,"featured_media":5830,"comment_status":"closed","ping_status":"open","sticky":false,"template":"","format":"standard","meta":{"jnews-multi-image_gallery":[],"jnews_single_post":{"subtitle":"","format":"standard","video":"","gallery":"","source_name":"","source_url":"","via_name":"","via_url":"","override_template":"0","override":[{"template":"2","single_blog_custom":"","parallax":"1","fullscreen":"1","layout":"right-sidebar","sidebar":"default-sidebar","second_sidebar":"default-sidebar","sticky_sidebar":"1","share_position":"topbottom","share_float_style":"share-monocrhome","show_share_counter":"0","show_view_counter":"0","show_featured":"1","show_post_meta":"1","show_post_author":"0","show_post_author_image":"1","show_post_date":"1","post_date_format":"default","post_date_format_custom":"Y\/m\/d","show_post_category":"1","show_post_reading_time":"0","post_reading_time_wpm":"300","show_zoom_button":"0","zoom_button_out_step":"2","zoom_button_in_step":"3","show_post_tag":"1","show_prev_next_post":"0","show_popup_post":"1","number_popup_post":"1","show_author_box":"0","show_post_related":"1","show_inline_post_related":"1"}],"override_image_size":"0","image_override":[{"single_post_thumbnail_size":"crop-500","single_post_gallery_size":"crop-500"}],"trending_post":"0","trending_post_position":"meta","trending_post_label":"Trending","sponsored_post":"0","sponsored_post_label":"Sponsored by","sponsored_post_name":"","sponsored_post_url":"","sponsored_post_logo_enable":"0","sponsored_post_logo":"","sponsored_post_desc":"","disable_ad":"0"},"jnews_primary_category":{"id":"","hide":""},"footnotes":""},"categories":[25],"tags":[],"class_list":["post-5829","post","type-post","status-publish","format-standard","has-post-thumbnail","hentry","category-pesados-e-maquinas"],"yoast_head":"<!-- This site is optimized with the Yoast SEO Premium plugin v27.5 (Yoast SEO v27.5) - https:\/\/yoast.com\/product\/yoast-seo-premium-wordpress\/ -->\n<title>Cepcar \u2013 um dia para desfrutar o mundo das m\u00e1quinas - Revista Automotive<\/title>\n<meta name=\"description\" content=\"primeira edi\u00e7\u00e3o, o Open Day pela Cepcar revestiu-se de pleno sucesso. Dinamizado nas amplas instala\u00e7\u00f5es da empresa, localizada em Redondas\" \/>\n<meta name=\"robots\" content=\"index, follow, max-snippet:-1, max-image-preview:large, max-video-preview:-1\" \/>\n<link rel=\"canonical\" href=\"https:\/\/automotiverevista.pt\/index.php\/2024\/03\/13\/cepcar-um-dia-para-desfrutar-o-mundo-das-maquinas\/\" \/>\n<meta property=\"og:locale\" content=\"pt_PT\" \/>\n<meta property=\"og:type\" content=\"article\" \/>\n<meta property=\"og:title\" content=\"Cepcar \u2013 um dia para desfrutar o mundo das m\u00e1quinas\" \/>\n<meta property=\"og:description\" content=\"primeira edi\u00e7\u00e3o, o Open Day pela Cepcar revestiu-se de pleno sucesso. Dinamizado nas amplas instala\u00e7\u00f5es da empresa, localizada em Redondas\" \/>\n<meta property=\"og:url\" content=\"https:\/\/automotiverevista.pt\/index.php\/2024\/03\/13\/cepcar-um-dia-para-desfrutar-o-mundo-das-maquinas\/\" \/>\n<meta property=\"og:site_name\" content=\"Revista Automotive\" \/>\n<meta property=\"article:published_time\" content=\"2024-03-13T08:03:00+00:00\" \/>\n<meta property=\"og:image\" content=\"https:\/\/automotiverevista.pt\/wp-content\/uploads\/2024\/03\/IMG-20240223-WA0013.jpg\" \/>\n\t<meta property=\"og:image:width\" content=\"1500\" \/>\n\t<meta property=\"og:image:height\" content=\"999\" \/>\n\t<meta property=\"og:image:type\" content=\"image\/jpeg\" \/>\n<meta name=\"author\" content=\"adminNovo\" \/>\n<meta name=\"twitter:card\" content=\"summary_large_image\" \/>\n<meta name=\"twitter:label1\" content=\"Escrito por\" \/>\n\t<meta name=\"twitter:data1\" content=\"adminNovo\" \/>\n\t<meta name=\"twitter:label2\" content=\"Tempo estimado de leitura\" \/>\n\t<meta name=\"twitter:data2\" content=\"6 minutos\" \/>\n<script type=\"application\/ld+json\" class=\"yoast-schema-graph\">{\"@context\":\"https:\\\/\\\/schema.org\",\"@graph\":[{\"@type\":\"Article\",\"@id\":\"https:\\\/\\\/automotiverevista.pt\\\/index.php\\\/2024\\\/03\\\/13\\\/cepcar-um-dia-para-desfrutar-o-mundo-das-maquinas\\\/#article\",\"isPartOf\":{\"@id\":\"https:\\\/\\\/automotiverevista.pt\\\/index.php\\\/2024\\\/03\\\/13\\\/cepcar-um-dia-para-desfrutar-o-mundo-das-maquinas\\\/\"},\"author\":{\"name\":\"adminNovo\",\"@id\":\"https:\\\/\\\/automotiverevista.pt\\\/#\\\/schema\\\/person\\\/1265858bc8c78a0f969de814da8be281\"},\"headline\":\"Cepcar \u2013 um dia para desfrutar o mundo das m\u00e1quinas\",\"datePublished\":\"2024-03-13T08:03:00+00:00\",\"mainEntityOfPage\":{\"@id\":\"https:\\\/\\\/automotiverevista.pt\\\/index.php\\\/2024\\\/03\\\/13\\\/cepcar-um-dia-para-desfrutar-o-mundo-das-maquinas\\\/\"},\"wordCount\":807,\"publisher\":{\"@id\":\"https:\\\/\\\/automotiverevista.pt\\\/#organization\"},\"image\":{\"@id\":\"https:\\\/\\\/automotiverevista.pt\\\/index.php\\\/2024\\\/03\\\/13\\\/cepcar-um-dia-para-desfrutar-o-mundo-das-maquinas\\\/#primaryimage\"},\"thumbnailUrl\":\"https:\\\/\\\/automotiverevista.pt\\\/wp-content\\\/uploads\\\/2024\\\/03\\\/IMG-20240223-WA0013.jpg\",\"articleSection\":[\"Pesados e M\u00e1quinas\"],\"inLanguage\":\"pt-PT\"},{\"@type\":\"WebPage\",\"@id\":\"https:\\\/\\\/automotiverevista.pt\\\/index.php\\\/2024\\\/03\\\/13\\\/cepcar-um-dia-para-desfrutar-o-mundo-das-maquinas\\\/\",\"url\":\"https:\\\/\\\/automotiverevista.pt\\\/index.php\\\/2024\\\/03\\\/13\\\/cepcar-um-dia-para-desfrutar-o-mundo-das-maquinas\\\/\",\"name\":\"Cepcar \u2013 um dia para desfrutar o mundo das m\u00e1quinas - Revista Automotive\",\"isPartOf\":{\"@id\":\"https:\\\/\\\/automotiverevista.pt\\\/#website\"},\"primaryImageOfPage\":{\"@id\":\"https:\\\/\\\/automotiverevista.pt\\\/index.php\\\/2024\\\/03\\\/13\\\/cepcar-um-dia-para-desfrutar-o-mundo-das-maquinas\\\/#primaryimage\"},\"image\":{\"@id\":\"https:\\\/\\\/automotiverevista.pt\\\/index.php\\\/2024\\\/03\\\/13\\\/cepcar-um-dia-para-desfrutar-o-mundo-das-maquinas\\\/#primaryimage\"},\"thumbnailUrl\":\"https:\\\/\\\/automotiverevista.pt\\\/wp-content\\\/uploads\\\/2024\\\/03\\\/IMG-20240223-WA0013.jpg\",\"datePublished\":\"2024-03-13T08:03:00+00:00\",\"description\":\"primeira edi\u00e7\u00e3o, o Open Day pela Cepcar revestiu-se de pleno sucesso. Dinamizado nas amplas instala\u00e7\u00f5es da empresa, localizada em Redondas\",\"breadcrumb\":{\"@id\":\"https:\\\/\\\/automotiverevista.pt\\\/index.php\\\/2024\\\/03\\\/13\\\/cepcar-um-dia-para-desfrutar-o-mundo-das-maquinas\\\/#breadcrumb\"},\"inLanguage\":\"pt-PT\",\"potentialAction\":[{\"@type\":\"ReadAction\",\"target\":[\"https:\\\/\\\/automotiverevista.pt\\\/index.php\\\/2024\\\/03\\\/13\\\/cepcar-um-dia-para-desfrutar-o-mundo-das-maquinas\\\/\"]}]},{\"@type\":\"ImageObject\",\"inLanguage\":\"pt-PT\",\"@id\":\"https:\\\/\\\/automotiverevista.pt\\\/index.php\\\/2024\\\/03\\\/13\\\/cepcar-um-dia-para-desfrutar-o-mundo-das-maquinas\\\/#primaryimage\",\"url\":\"https:\\\/\\\/automotiverevista.pt\\\/wp-content\\\/uploads\\\/2024\\\/03\\\/IMG-20240223-WA0013.jpg\",\"contentUrl\":\"https:\\\/\\\/automotiverevista.pt\\\/wp-content\\\/uploads\\\/2024\\\/03\\\/IMG-20240223-WA0013.jpg\",\"width\":1500,\"height\":999},{\"@type\":\"BreadcrumbList\",\"@id\":\"https:\\\/\\\/automotiverevista.pt\\\/index.php\\\/2024\\\/03\\\/13\\\/cepcar-um-dia-para-desfrutar-o-mundo-das-maquinas\\\/#breadcrumb\",\"itemListElement\":[{\"@type\":\"ListItem\",\"position\":1,\"name\":\"Home\",\"item\":\"https:\\\/\\\/automotiverevista.pt\\\/\"},{\"@type\":\"ListItem\",\"position\":2,\"name\":\"Cepcar \u2013 um dia para desfrutar o mundo das m\u00e1quinas\"}]},{\"@type\":\"WebSite\",\"@id\":\"https:\\\/\\\/automotiverevista.pt\\\/#website\",\"url\":\"https:\\\/\\\/automotiverevista.pt\\\/\",\"name\":\"Revista Automotive\",\"description\":\"Revista Automotive Portugal\",\"publisher\":{\"@id\":\"https:\\\/\\\/automotiverevista.pt\\\/#organization\"},\"potentialAction\":[{\"@type\":\"SearchAction\",\"target\":{\"@type\":\"EntryPoint\",\"urlTemplate\":\"https:\\\/\\\/automotiverevista.pt\\\/?s={search_term_string}\"},\"query-input\":{\"@type\":\"PropertyValueSpecification\",\"valueRequired\":true,\"valueName\":\"search_term_string\"}}],\"inLanguage\":\"pt-PT\"},{\"@type\":\"Organization\",\"@id\":\"https:\\\/\\\/automotiverevista.pt\\\/#organization\",\"name\":\"Revista Automotive Portugal\",\"url\":\"https:\\\/\\\/automotiverevista.pt\\\/\",\"logo\":{\"@type\":\"ImageObject\",\"inLanguage\":\"pt-PT\",\"@id\":\"https:\\\/\\\/automotiverevista.pt\\\/#\\\/schema\\\/logo\\\/image\\\/\",\"url\":\"https:\\\/\\\/automotiverevista.pt\\\/wp-content\\\/uploads\\\/2022\\\/07\\\/Logo-Automotive-2021_500-1.jpg\",\"contentUrl\":\"https:\\\/\\\/automotiverevista.pt\\\/wp-content\\\/uploads\\\/2022\\\/07\\\/Logo-Automotive-2021_500-1.jpg\",\"width\":500,\"height\":160,\"caption\":\"Revista Automotive Portugal\"},\"image\":{\"@id\":\"https:\\\/\\\/automotiverevista.pt\\\/#\\\/schema\\\/logo\\\/image\\\/\"},\"sameAs\":[\"https:\\\/\\\/linkedin.com\\\/in\\\/automotiverevista\"]},{\"@type\":\"Person\",\"@id\":\"https:\\\/\\\/automotiverevista.pt\\\/#\\\/schema\\\/person\\\/1265858bc8c78a0f969de814da8be281\",\"name\":\"adminNovo\",\"image\":{\"@type\":\"ImageObject\",\"inLanguage\":\"pt-PT\",\"@id\":\"https:\\\/\\\/secure.gravatar.com\\\/avatar\\\/c606c1288dcc11eb4c709aa5136fdb962583c410f5c23c0b7bf6917c542be355?s=96&d=mm&r=g\",\"url\":\"https:\\\/\\\/secure.gravatar.com\\\/avatar\\\/c606c1288dcc11eb4c709aa5136fdb962583c410f5c23c0b7bf6917c542be355?s=96&d=mm&r=g\",\"contentUrl\":\"https:\\\/\\\/secure.gravatar.com\\\/avatar\\\/c606c1288dcc11eb4c709aa5136fdb962583c410f5c23c0b7bf6917c542be355?s=96&d=mm&r=g\",\"caption\":\"adminNovo\"},\"sameAs\":[\"https:\\\/\\\/automotiverevista.pt\"],\"url\":\"https:\\\/\\\/automotiverevista.pt\\\/index.php\\\/author\\\/adminnovo\\\/\"}]}<\/script>\n<!-- \/ Yoast SEO Premium plugin. -->","yoast_head_json":{"title":"Cepcar \u2013 um dia para desfrutar o mundo das m\u00e1quinas - Revista Automotive","description":"primeira edi\u00e7\u00e3o, o Open Day pela Cepcar revestiu-se de pleno sucesso. Dinamizado nas amplas instala\u00e7\u00f5es da empresa, localizada em Redondas","robots":{"index":"index","follow":"follow","max-snippet":"max-snippet:-1","max-image-preview":"max-image-preview:large","max-video-preview":"max-video-preview:-1"},"canonical":"https:\/\/automotiverevista.pt\/index.php\/2024\/03\/13\/cepcar-um-dia-para-desfrutar-o-mundo-das-maquinas\/","og_locale":"pt_PT","og_type":"article","og_title":"Cepcar \u2013 um dia para desfrutar o mundo das m\u00e1quinas","og_description":"primeira edi\u00e7\u00e3o, o Open Day pela Cepcar revestiu-se de pleno sucesso. Dinamizado nas amplas instala\u00e7\u00f5es da empresa, localizada em Redondas","og_url":"https:\/\/automotiverevista.pt\/index.php\/2024\/03\/13\/cepcar-um-dia-para-desfrutar-o-mundo-das-maquinas\/","og_site_name":"Revista Automotive","article_published_time":"2024-03-13T08:03:00+00:00","og_image":[{"width":1500,"height":999,"url":"https:\/\/automotiverevista.pt\/wp-content\/uploads\/2024\/03\/IMG-20240223-WA0013.jpg","type":"image\/jpeg"}],"author":"adminNovo","twitter_card":"summary_large_image","twitter_misc":{"Escrito por":"adminNovo","Tempo estimado de leitura":"6 minutos"},"schema":{"@context":"https:\/\/schema.org","@graph":[{"@type":"Article","@id":"https:\/\/automotiverevista.pt\/index.php\/2024\/03\/13\/cepcar-um-dia-para-desfrutar-o-mundo-das-maquinas\/#article","isPartOf":{"@id":"https:\/\/automotiverevista.pt\/index.php\/2024\/03\/13\/cepcar-um-dia-para-desfrutar-o-mundo-das-maquinas\/"},"author":{"name":"adminNovo","@id":"https:\/\/automotiverevista.pt\/#\/schema\/person\/1265858bc8c78a0f969de814da8be281"},"headline":"Cepcar \u2013 um dia para desfrutar o mundo das m\u00e1quinas","datePublished":"2024-03-13T08:03:00+00:00","mainEntityOfPage":{"@id":"https:\/\/automotiverevista.pt\/index.php\/2024\/03\/13\/cepcar-um-dia-para-desfrutar-o-mundo-das-maquinas\/"},"wordCount":807,"publisher":{"@id":"https:\/\/automotiverevista.pt\/#organization"},"image":{"@id":"https:\/\/automotiverevista.pt\/index.php\/2024\/03\/13\/cepcar-um-dia-para-desfrutar-o-mundo-das-maquinas\/#primaryimage"},"thumbnailUrl":"https:\/\/automotiverevista.pt\/wp-content\/uploads\/2024\/03\/IMG-20240223-WA0013.jpg","articleSection":["Pesados e M\u00e1quinas"],"inLanguage":"pt-PT"},{"@type":"WebPage","@id":"https:\/\/automotiverevista.pt\/index.php\/2024\/03\/13\/cepcar-um-dia-para-desfrutar-o-mundo-das-maquinas\/","url":"https:\/\/automotiverevista.pt\/index.php\/2024\/03\/13\/cepcar-um-dia-para-desfrutar-o-mundo-das-maquinas\/","name":"Cepcar \u2013 um dia para desfrutar o mundo das m\u00e1quinas - Revista Automotive","isPartOf":{"@id":"https:\/\/automotiverevista.pt\/#website"},"primaryImageOfPage":{"@id":"https:\/\/automotiverevista.pt\/index.php\/2024\/03\/13\/cepcar-um-dia-para-desfrutar-o-mundo-das-maquinas\/#primaryimage"},"image":{"@id":"https:\/\/automotiverevista.pt\/index.php\/2024\/03\/13\/cepcar-um-dia-para-desfrutar-o-mundo-das-maquinas\/#primaryimage"},"thumbnailUrl":"https:\/\/automotiverevista.pt\/wp-content\/uploads\/2024\/03\/IMG-20240223-WA0013.jpg","datePublished":"2024-03-13T08:03:00+00:00","description":"primeira edi\u00e7\u00e3o, o Open Day pela Cepcar revestiu-se de pleno sucesso. Dinamizado nas amplas instala\u00e7\u00f5es da empresa, localizada em Redondas","breadcrumb":{"@id":"https:\/\/automotiverevista.pt\/index.php\/2024\/03\/13\/cepcar-um-dia-para-desfrutar-o-mundo-das-maquinas\/#breadcrumb"},"inLanguage":"pt-PT","potentialAction":[{"@type":"ReadAction","target":["https:\/\/automotiverevista.pt\/index.php\/2024\/03\/13\/cepcar-um-dia-para-desfrutar-o-mundo-das-maquinas\/"]}]},{"@type":"ImageObject","inLanguage":"pt-PT","@id":"https:\/\/automotiverevista.pt\/index.php\/2024\/03\/13\/cepcar-um-dia-para-desfrutar-o-mundo-das-maquinas\/#primaryimage","url":"https:\/\/automotiverevista.pt\/wp-content\/uploads\/2024\/03\/IMG-20240223-WA0013.jpg","contentUrl":"https:\/\/automotiverevista.pt\/wp-content\/uploads\/2024\/03\/IMG-20240223-WA0013.jpg","width":1500,"height":999},{"@type":"BreadcrumbList","@id":"https:\/\/automotiverevista.pt\/index.php\/2024\/03\/13\/cepcar-um-dia-para-desfrutar-o-mundo-das-maquinas\/#breadcrumb","itemListElement":[{"@type":"ListItem","position":1,"name":"Home","item":"https:\/\/automotiverevista.pt\/"},{"@type":"ListItem","position":2,"name":"Cepcar \u2013 um dia para desfrutar o mundo das m\u00e1quinas"}]},{"@type":"WebSite","@id":"https:\/\/automotiverevista.pt\/#website","url":"https:\/\/automotiverevista.pt\/","name":"Revista Automotive","description":"Revista Automotive Portugal","publisher":{"@id":"https:\/\/automotiverevista.pt\/#organization"},"potentialAction":[{"@type":"SearchAction","target":{"@type":"EntryPoint","urlTemplate":"https:\/\/automotiverevista.pt\/?s={search_term_string}"},"query-input":{"@type":"PropertyValueSpecification","valueRequired":true,"valueName":"search_term_string"}}],"inLanguage":"pt-PT"},{"@type":"Organization","@id":"https:\/\/automotiverevista.pt\/#organization","name":"Revista Automotive Portugal","url":"https:\/\/automotiverevista.pt\/","logo":{"@type":"ImageObject","inLanguage":"pt-PT","@id":"https:\/\/automotiverevista.pt\/#\/schema\/logo\/image\/","url":"https:\/\/automotiverevista.pt\/wp-content\/uploads\/2022\/07\/Logo-Automotive-2021_500-1.jpg","contentUrl":"https:\/\/automotiverevista.pt\/wp-content\/uploads\/2022\/07\/Logo-Automotive-2021_500-1.jpg","width":500,"height":160,"caption":"Revista Automotive Portugal"},"image":{"@id":"https:\/\/automotiverevista.pt\/#\/schema\/logo\/image\/"},"sameAs":["https:\/\/linkedin.com\/in\/automotiverevista"]},{"@type":"Person","@id":"https:\/\/automotiverevista.pt\/#\/schema\/person\/1265858bc8c78a0f969de814da8be281","name":"adminNovo","image":{"@type":"ImageObject","inLanguage":"pt-PT","@id":"https:\/\/secure.gravatar.com\/avatar\/c606c1288dcc11eb4c709aa5136fdb962583c410f5c23c0b7bf6917c542be355?s=96&d=mm&r=g","url":"https:\/\/secure.gravatar.com\/avatar\/c606c1288dcc11eb4c709aa5136fdb962583c410f5c23c0b7bf6917c542be355?s=96&d=mm&r=g","contentUrl":"https:\/\/secure.gravatar.com\/avatar\/c606c1288dcc11eb4c709aa5136fdb962583c410f5c23c0b7bf6917c542be355?s=96&d=mm&r=g","caption":"adminNovo"},"sameAs":["https:\/\/automotiverevista.pt"],"url":"https:\/\/automotiverevista.pt\/index.php\/author\/adminnovo\/"}]}},"_links":{"self":[{"href":"https:\/\/automotiverevista.pt\/index.php\/wp-json\/wp\/v2\/posts\/5829","targetHints":{"allow":["GET"]}}],"collection":[{"href":"https:\/\/automotiverevista.pt\/index.php\/wp-json\/wp\/v2\/posts"}],"about":[{"href":"https:\/\/automotiverevista.pt\/index.php\/wp-json\/wp\/v2\/types\/post"}],"author":[{"embeddable":true,"href":"https:\/\/automotiverevista.pt\/index.php\/wp-json\/wp\/v2\/users\/1"}],"replies":[{"embeddable":true,"href":"https:\/\/automotiverevista.pt\/index.php\/wp-json\/wp\/v2\/comments?post=5829"}],"version-history":[{"count":4,"href":"https:\/\/automotiverevista.pt\/index.php\/wp-json\/wp\/v2\/posts\/5829\/revisions"}],"predecessor-version":[{"id":5841,"href":"https:\/\/automotiverevista.pt\/index.php\/wp-json\/wp\/v2\/posts\/5829\/revisions\/5841"}],"wp:featuredmedia":[{"embeddable":true,"href":"https:\/\/automotiverevista.pt\/index.php\/wp-json\/wp\/v2\/media\/5830"}],"wp:attachment":[{"href":"https:\/\/automotiverevista.pt\/index.php\/wp-json\/wp\/v2\/media?parent=5829"}],"wp:term":[{"taxonomy":"category","embeddable":true,"href":"https:\/\/automotiverevista.pt\/index.php\/wp-json\/wp\/v2\/categories?post=5829"},{"taxonomy":"post_tag","embeddable":true,"href":"https:\/\/automotiverevista.pt\/index.php\/wp-json\/wp\/v2\/tags?post=5829"}],"curies":[{"name":"wp","href":"https:\/\/api.w.org\/{rel}","templated":true}]}}