{"id":5910,"date":"2024-03-26T08:00:00","date_gmt":"2024-03-26T08:00:00","guid":{"rendered":"https:\/\/automotiverevista.pt\/?p=5910"},"modified":"2024-03-09T20:59:37","modified_gmt":"2024-03-09T20:59:37","slug":"toyota-ainda-mais-profissional-com-a-gama-proace","status":"publish","type":"post","link":"https:\/\/automotiverevista.pt\/index.php\/2024\/03\/26\/toyota-ainda-mais-profissional-com-a-gama-proace\/","title":{"rendered":"Toyota \u2013 ainda mais profissional com a gama Proace"},"content":{"rendered":"\n<p>A Toyota Professional disponibiliza uma escolha mais abrangente no que toca aos ve\u00edculos comerciais ligeiros, com uma gama eletrificada revigorada e expandida, complementada por um compromisso de exceder as expectativas do cliente, permitindo o crescimento cont\u00ednuo da marca, no setor empresarial.<\/p>\n\n\n\n<p>Para o cliente profissional, a fam\u00edlia Proace conta com o furg\u00e3o m\u00e9dio Proace e furg\u00e3o compacto Proace City, que foram renovados e atualizados, com autonomias que podem ir dos 273 km aos 318 km, dispondo de 3 solu\u00e7\u00f5es de carregamento e 2 pacotes opcionais atrav\u00e9s do Toyota Safety Sense.<\/p>\n\n\n\n<p>A ins\u00edgnia \u201cToyota Professional\u201d arrancou no nosso pa\u00eds em 2020, e desde ent\u00e3o implementou uma maior aten\u00e7\u00e3o ao cliente empresarial, bem como uma nova estrat\u00e9gia em termos de ve\u00edculos comerciais em toda a sua rede de concession\u00e1rios, no sentido de fornecer uma experi\u00eancia especializada ao cliente empresarial.<\/p>\n\n\n\n<p><strong>Servi\u00e7os<\/strong><\/p>\n\n\n\n<p>Na rede Toyota, est\u00e3o dispon\u00edveis diversos servi\u00e7os tais como \u201crevis\u00e3o na hora\u201d, \u201crecolha e entrega\u201d, bem como outras facilidades. Para al\u00e9m do completo apoio dos servi\u00e7os de p\u00f3s-venda da rede Toyota, a marca conta com uma p\u00e1gina do site dedicada para os clientes empresariais.<\/p>\n\n\n\n<p>Destaque para o programa de garantia \u201cToyota Relax\u201d, muito valorizado tamb\u00e9m pelas empresas e um fator diferenciador dos comerciais Toyota. Todos os modelos contam com garantia at\u00e9 10 anos; 3 anos de garantia legal sem limite de quil\u00f3metros e do quarto at\u00e9 ao d\u00e9cimo ano, o cliente pode beneficiar da garantia Toyota Relax, sendo que esta garantia comercial cessa quando atinge 10 anos de idade ou atinge os 200 mil km.<\/p>\n\n\n\n<p><strong>Benef\u00edcios<\/strong><\/p>\n\n\n\n<p>A marca comercializa postos de carregamento el\u00e9tricos (Wallbox), em parceria com uma empresa do Grupo Salvador Caetano, disponibilizando um servi\u00e7o \u201cchave na m\u00e3o\u201d em que inclui a Wallbox e a respetiva instala\u00e7\u00e3o. Em termos de vantagens fiscais, destaque para 100% de desconto em termos de ISV; 100% de dedutibilidade do IVA; 100% deprecia\u00e7\u00f5es aceites no IRC; e at\u00e9 0% de taxa de tributa\u00e7\u00e3o aut\u00f3noma, em fun\u00e7\u00e3o dos escal\u00f5es de pre\u00e7o.<\/p>\n\n\n\n<p>Todas as concess\u00f5es da marca em Portugal est\u00e3o preparadas para assistir as viaturas el\u00e9tricas da Toyota, num total de 54 oficinas espalhadas pelo pa\u00eds, sobretudo ilhas.<\/p>\n","protected":false},"excerpt":{"rendered":"<p>A Toyota Professional disponibiliza uma escolha mais abrangente no que toca aos ve\u00edculos comerciais ligeiros, com uma gama eletrificada revigorada e expandida, complementada por um compromisso de exceder as expectativas do cliente, permitindo o crescimento cont\u00ednuo da marca, no setor empresarial. Para o cliente profissional, a fam\u00edlia Proace conta com o furg\u00e3o m\u00e9dio Proace e [&hellip;]<\/p>\n","protected":false},"author":1,"featured_media":5911,"comment_status":"closed","ping_status":"open","sticky":false,"template":"","format":"standard","meta":{"jnews-multi-image_gallery":[],"jnews_single_post":{"subtitle":"","format":"standard","video":"","gallery":"","source_name":"","source_url":"","via_name":"","via_url":"","override_template":"0","override":[{"template":"2","single_blog_custom":"","parallax":"1","fullscreen":"1","layout":"right-sidebar","sidebar":"default-sidebar","second_sidebar":"default-sidebar","sticky_sidebar":"1","share_position":"topbottom","share_float_style":"share-monocrhome","show_share_counter":"0","show_view_counter":"0","show_featured":"1","show_post_meta":"1","show_post_author":"0","show_post_author_image":"1","show_post_date":"1","post_date_format":"default","post_date_format_custom":"Y\/m\/d","show_post_category":"1","show_post_reading_time":"0","post_reading_time_wpm":"300","show_zoom_button":"0","zoom_button_out_step":"2","zoom_button_in_step":"3","show_post_tag":"1","show_prev_next_post":"0","show_popup_post":"1","number_popup_post":"1","show_author_box":"0","show_post_related":"1","show_inline_post_related":"1"}],"override_image_size":"0","image_override":[{"single_post_thumbnail_size":"crop-500","single_post_gallery_size":"crop-500"}],"trending_post":"0","trending_post_position":"meta","trending_post_label":"Trending","sponsored_post":"0","sponsored_post_label":"Sponsored by","sponsored_post_name":"","sponsored_post_url":"","sponsored_post_logo_enable":"0","sponsored_post_logo":"","sponsored_post_desc":"","disable_ad":"0"},"jnews_primary_category":{"id":"","hide":""},"footnotes":""},"categories":[23],"tags":[],"class_list":["post-5910","post","type-post","status-publish","format-standard","has-post-thumbnail","hentry","category-frotas"],"yoast_head":"<!-- This site is optimized with the Yoast SEO Premium plugin v27.5 (Yoast SEO v27.5) - https:\/\/yoast.com\/product\/yoast-seo-premium-wordpress\/ -->\n<title>Toyota \u2013 ainda mais profissional com a gama Proace - Revista Automotive<\/title>\n<meta name=\"robots\" content=\"index, follow, max-snippet:-1, max-image-preview:large, max-video-preview:-1\" \/>\n<link rel=\"canonical\" href=\"https:\/\/automotiverevista.pt\/index.php\/2024\/03\/26\/toyota-ainda-mais-profissional-com-a-gama-proace\/\" \/>\n<meta property=\"og:locale\" content=\"pt_PT\" \/>\n<meta property=\"og:type\" content=\"article\" \/>\n<meta property=\"og:title\" content=\"Toyota \u2013 ainda mais profissional com a gama Proace\" \/>\n<meta property=\"og:description\" content=\"A Toyota Professional disponibiliza uma escolha mais abrangente no que toca aos ve\u00edculos comerciais ligeiros, com uma gama eletrificada revigorada e expandida, complementada por um compromisso de exceder as expectativas do cliente, permitindo o crescimento cont\u00ednuo da marca, no setor empresarial. Para o cliente profissional, a fam\u00edlia Proace conta com o furg\u00e3o m\u00e9dio Proace e [&hellip;]\" \/>\n<meta property=\"og:url\" content=\"https:\/\/automotiverevista.pt\/index.php\/2024\/03\/26\/toyota-ainda-mais-profissional-com-a-gama-proace\/\" \/>\n<meta property=\"og:site_name\" content=\"Revista Automotive\" \/>\n<meta property=\"article:published_time\" content=\"2024-03-26T08:00:00+00:00\" \/>\n<meta property=\"og:image\" content=\"https:\/\/automotiverevista.pt\/wp-content\/uploads\/2024\/03\/2023-TOYOTA-PROFESSIONAL-COMBO-1920x1080-1.jpg\" \/>\n\t<meta property=\"og:image:width\" content=\"1500\" \/>\n\t<meta property=\"og:image:height\" content=\"844\" \/>\n\t<meta property=\"og:image:type\" content=\"image\/jpeg\" \/>\n<meta name=\"author\" content=\"adminNovo\" \/>\n<meta name=\"twitter:card\" content=\"summary_large_image\" \/>\n<meta name=\"twitter:label1\" content=\"Escrito por\" \/>\n\t<meta name=\"twitter:data1\" content=\"adminNovo\" \/>\n\t<meta name=\"twitter:label2\" content=\"Tempo estimado de leitura\" \/>\n\t<meta name=\"twitter:data2\" content=\"3 minutos\" \/>\n<script type=\"application\/ld+json\" class=\"yoast-schema-graph\">{\"@context\":\"https:\\\/\\\/schema.org\",\"@graph\":[{\"@type\":\"Article\",\"@id\":\"https:\\\/\\\/automotiverevista.pt\\\/index.php\\\/2024\\\/03\\\/26\\\/toyota-ainda-mais-profissional-com-a-gama-proace\\\/#article\",\"isPartOf\":{\"@id\":\"https:\\\/\\\/automotiverevista.pt\\\/index.php\\\/2024\\\/03\\\/26\\\/toyota-ainda-mais-profissional-com-a-gama-proace\\\/\"},\"author\":{\"name\":\"adminNovo\",\"@id\":\"https:\\\/\\\/automotiverevista.pt\\\/#\\\/schema\\\/person\\\/1265858bc8c78a0f969de814da8be281\"},\"headline\":\"Toyota \u2013 ainda mais profissional com a gama Proace\",\"datePublished\":\"2024-03-26T08:00:00+00:00\",\"mainEntityOfPage\":{\"@id\":\"https:\\\/\\\/automotiverevista.pt\\\/index.php\\\/2024\\\/03\\\/26\\\/toyota-ainda-mais-profissional-com-a-gama-proace\\\/\"},\"wordCount\":387,\"publisher\":{\"@id\":\"https:\\\/\\\/automotiverevista.pt\\\/#organization\"},\"image\":{\"@id\":\"https:\\\/\\\/automotiverevista.pt\\\/index.php\\\/2024\\\/03\\\/26\\\/toyota-ainda-mais-profissional-com-a-gama-proace\\\/#primaryimage\"},\"thumbnailUrl\":\"https:\\\/\\\/automotiverevista.pt\\\/wp-content\\\/uploads\\\/2024\\\/03\\\/2023-TOYOTA-PROFESSIONAL-COMBO-1920x1080-1.jpg\",\"articleSection\":[\"Frotas\"],\"inLanguage\":\"pt-PT\"},{\"@type\":\"WebPage\",\"@id\":\"https:\\\/\\\/automotiverevista.pt\\\/index.php\\\/2024\\\/03\\\/26\\\/toyota-ainda-mais-profissional-com-a-gama-proace\\\/\",\"url\":\"https:\\\/\\\/automotiverevista.pt\\\/index.php\\\/2024\\\/03\\\/26\\\/toyota-ainda-mais-profissional-com-a-gama-proace\\\/\",\"name\":\"Toyota \u2013 ainda mais profissional com a gama Proace - Revista Automotive\",\"isPartOf\":{\"@id\":\"https:\\\/\\\/automotiverevista.pt\\\/#website\"},\"primaryImageOfPage\":{\"@id\":\"https:\\\/\\\/automotiverevista.pt\\\/index.php\\\/2024\\\/03\\\/26\\\/toyota-ainda-mais-profissional-com-a-gama-proace\\\/#primaryimage\"},\"image\":{\"@id\":\"https:\\\/\\\/automotiverevista.pt\\\/index.php\\\/2024\\\/03\\\/26\\\/toyota-ainda-mais-profissional-com-a-gama-proace\\\/#primaryimage\"},\"thumbnailUrl\":\"https:\\\/\\\/automotiverevista.pt\\\/wp-content\\\/uploads\\\/2024\\\/03\\\/2023-TOYOTA-PROFESSIONAL-COMBO-1920x1080-1.jpg\",\"datePublished\":\"2024-03-26T08:00:00+00:00\",\"breadcrumb\":{\"@id\":\"https:\\\/\\\/automotiverevista.pt\\\/index.php\\\/2024\\\/03\\\/26\\\/toyota-ainda-mais-profissional-com-a-gama-proace\\\/#breadcrumb\"},\"inLanguage\":\"pt-PT\",\"potentialAction\":[{\"@type\":\"ReadAction\",\"target\":[\"https:\\\/\\\/automotiverevista.pt\\\/index.php\\\/2024\\\/03\\\/26\\\/toyota-ainda-mais-profissional-com-a-gama-proace\\\/\"]}]},{\"@type\":\"ImageObject\",\"inLanguage\":\"pt-PT\",\"@id\":\"https:\\\/\\\/automotiverevista.pt\\\/index.php\\\/2024\\\/03\\\/26\\\/toyota-ainda-mais-profissional-com-a-gama-proace\\\/#primaryimage\",\"url\":\"https:\\\/\\\/automotiverevista.pt\\\/wp-content\\\/uploads\\\/2024\\\/03\\\/2023-TOYOTA-PROFESSIONAL-COMBO-1920x1080-1.jpg\",\"contentUrl\":\"https:\\\/\\\/automotiverevista.pt\\\/wp-content\\\/uploads\\\/2024\\\/03\\\/2023-TOYOTA-PROFESSIONAL-COMBO-1920x1080-1.jpg\",\"width\":1500,\"height\":844},{\"@type\":\"BreadcrumbList\",\"@id\":\"https:\\\/\\\/automotiverevista.pt\\\/index.php\\\/2024\\\/03\\\/26\\\/toyota-ainda-mais-profissional-com-a-gama-proace\\\/#breadcrumb\",\"itemListElement\":[{\"@type\":\"ListItem\",\"position\":1,\"name\":\"Home\",\"item\":\"https:\\\/\\\/automotiverevista.pt\\\/\"},{\"@type\":\"ListItem\",\"position\":2,\"name\":\"Toyota \u2013 ainda mais profissional com a gama Proace\"}]},{\"@type\":\"WebSite\",\"@id\":\"https:\\\/\\\/automotiverevista.pt\\\/#website\",\"url\":\"https:\\\/\\\/automotiverevista.pt\\\/\",\"name\":\"Revista Automotive\",\"description\":\"Revista Automotive Portugal\",\"publisher\":{\"@id\":\"https:\\\/\\\/automotiverevista.pt\\\/#organization\"},\"potentialAction\":[{\"@type\":\"SearchAction\",\"target\":{\"@type\":\"EntryPoint\",\"urlTemplate\":\"https:\\\/\\\/automotiverevista.pt\\\/?s={search_term_string}\"},\"query-input\":{\"@type\":\"PropertyValueSpecification\",\"valueRequired\":true,\"valueName\":\"search_term_string\"}}],\"inLanguage\":\"pt-PT\"},{\"@type\":\"Organization\",\"@id\":\"https:\\\/\\\/automotiverevista.pt\\\/#organization\",\"name\":\"Revista Automotive Portugal\",\"url\":\"https:\\\/\\\/automotiverevista.pt\\\/\",\"logo\":{\"@type\":\"ImageObject\",\"inLanguage\":\"pt-PT\",\"@id\":\"https:\\\/\\\/automotiverevista.pt\\\/#\\\/schema\\\/logo\\\/image\\\/\",\"url\":\"https:\\\/\\\/automotiverevista.pt\\\/wp-content\\\/uploads\\\/2022\\\/07\\\/Logo-Automotive-2021_500-1.jpg\",\"contentUrl\":\"https:\\\/\\\/automotiverevista.pt\\\/wp-content\\\/uploads\\\/2022\\\/07\\\/Logo-Automotive-2021_500-1.jpg\",\"width\":500,\"height\":160,\"caption\":\"Revista Automotive Portugal\"},\"image\":{\"@id\":\"https:\\\/\\\/automotiverevista.pt\\\/#\\\/schema\\\/logo\\\/image\\\/\"},\"sameAs\":[\"https:\\\/\\\/linkedin.com\\\/in\\\/automotiverevista\"]},{\"@type\":\"Person\",\"@id\":\"https:\\\/\\\/automotiverevista.pt\\\/#\\\/schema\\\/person\\\/1265858bc8c78a0f969de814da8be281\",\"name\":\"adminNovo\",\"image\":{\"@type\":\"ImageObject\",\"inLanguage\":\"pt-PT\",\"@id\":\"https:\\\/\\\/secure.gravatar.com\\\/avatar\\\/c606c1288dcc11eb4c709aa5136fdb962583c410f5c23c0b7bf6917c542be355?s=96&d=mm&r=g\",\"url\":\"https:\\\/\\\/secure.gravatar.com\\\/avatar\\\/c606c1288dcc11eb4c709aa5136fdb962583c410f5c23c0b7bf6917c542be355?s=96&d=mm&r=g\",\"contentUrl\":\"https:\\\/\\\/secure.gravatar.com\\\/avatar\\\/c606c1288dcc11eb4c709aa5136fdb962583c410f5c23c0b7bf6917c542be355?s=96&d=mm&r=g\",\"caption\":\"adminNovo\"},\"sameAs\":[\"https:\\\/\\\/automotiverevista.pt\"],\"url\":\"https:\\\/\\\/automotiverevista.pt\\\/index.php\\\/author\\\/adminnovo\\\/\"}]}<\/script>\n<!-- \/ Yoast SEO Premium plugin. -->","yoast_head_json":{"title":"Toyota \u2013 ainda mais profissional com a gama Proace - Revista Automotive","robots":{"index":"index","follow":"follow","max-snippet":"max-snippet:-1","max-image-preview":"max-image-preview:large","max-video-preview":"max-video-preview:-1"},"canonical":"https:\/\/automotiverevista.pt\/index.php\/2024\/03\/26\/toyota-ainda-mais-profissional-com-a-gama-proace\/","og_locale":"pt_PT","og_type":"article","og_title":"Toyota \u2013 ainda mais profissional com a gama Proace","og_description":"A Toyota Professional disponibiliza uma escolha mais abrangente no que toca aos ve\u00edculos comerciais ligeiros, com uma gama eletrificada revigorada e expandida, complementada por um compromisso de exceder as expectativas do cliente, permitindo o crescimento cont\u00ednuo da marca, no setor empresarial. Para o cliente profissional, a fam\u00edlia Proace conta com o furg\u00e3o m\u00e9dio Proace e [&hellip;]","og_url":"https:\/\/automotiverevista.pt\/index.php\/2024\/03\/26\/toyota-ainda-mais-profissional-com-a-gama-proace\/","og_site_name":"Revista Automotive","article_published_time":"2024-03-26T08:00:00+00:00","og_image":[{"width":1500,"height":844,"url":"https:\/\/automotiverevista.pt\/wp-content\/uploads\/2024\/03\/2023-TOYOTA-PROFESSIONAL-COMBO-1920x1080-1.jpg","type":"image\/jpeg"}],"author":"adminNovo","twitter_card":"summary_large_image","twitter_misc":{"Escrito por":"adminNovo","Tempo estimado de leitura":"3 minutos"},"schema":{"@context":"https:\/\/schema.org","@graph":[{"@type":"Article","@id":"https:\/\/automotiverevista.pt\/index.php\/2024\/03\/26\/toyota-ainda-mais-profissional-com-a-gama-proace\/#article","isPartOf":{"@id":"https:\/\/automotiverevista.pt\/index.php\/2024\/03\/26\/toyota-ainda-mais-profissional-com-a-gama-proace\/"},"author":{"name":"adminNovo","@id":"https:\/\/automotiverevista.pt\/#\/schema\/person\/1265858bc8c78a0f969de814da8be281"},"headline":"Toyota \u2013 ainda mais profissional com a gama Proace","datePublished":"2024-03-26T08:00:00+00:00","mainEntityOfPage":{"@id":"https:\/\/automotiverevista.pt\/index.php\/2024\/03\/26\/toyota-ainda-mais-profissional-com-a-gama-proace\/"},"wordCount":387,"publisher":{"@id":"https:\/\/automotiverevista.pt\/#organization"},"image":{"@id":"https:\/\/automotiverevista.pt\/index.php\/2024\/03\/26\/toyota-ainda-mais-profissional-com-a-gama-proace\/#primaryimage"},"thumbnailUrl":"https:\/\/automotiverevista.pt\/wp-content\/uploads\/2024\/03\/2023-TOYOTA-PROFESSIONAL-COMBO-1920x1080-1.jpg","articleSection":["Frotas"],"inLanguage":"pt-PT"},{"@type":"WebPage","@id":"https:\/\/automotiverevista.pt\/index.php\/2024\/03\/26\/toyota-ainda-mais-profissional-com-a-gama-proace\/","url":"https:\/\/automotiverevista.pt\/index.php\/2024\/03\/26\/toyota-ainda-mais-profissional-com-a-gama-proace\/","name":"Toyota \u2013 ainda mais profissional com a gama Proace - Revista Automotive","isPartOf":{"@id":"https:\/\/automotiverevista.pt\/#website"},"primaryImageOfPage":{"@id":"https:\/\/automotiverevista.pt\/index.php\/2024\/03\/26\/toyota-ainda-mais-profissional-com-a-gama-proace\/#primaryimage"},"image":{"@id":"https:\/\/automotiverevista.pt\/index.php\/2024\/03\/26\/toyota-ainda-mais-profissional-com-a-gama-proace\/#primaryimage"},"thumbnailUrl":"https:\/\/automotiverevista.pt\/wp-content\/uploads\/2024\/03\/2023-TOYOTA-PROFESSIONAL-COMBO-1920x1080-1.jpg","datePublished":"2024-03-26T08:00:00+00:00","breadcrumb":{"@id":"https:\/\/automotiverevista.pt\/index.php\/2024\/03\/26\/toyota-ainda-mais-profissional-com-a-gama-proace\/#breadcrumb"},"inLanguage":"pt-PT","potentialAction":[{"@type":"ReadAction","target":["https:\/\/automotiverevista.pt\/index.php\/2024\/03\/26\/toyota-ainda-mais-profissional-com-a-gama-proace\/"]}]},{"@type":"ImageObject","inLanguage":"pt-PT","@id":"https:\/\/automotiverevista.pt\/index.php\/2024\/03\/26\/toyota-ainda-mais-profissional-com-a-gama-proace\/#primaryimage","url":"https:\/\/automotiverevista.pt\/wp-content\/uploads\/2024\/03\/2023-TOYOTA-PROFESSIONAL-COMBO-1920x1080-1.jpg","contentUrl":"https:\/\/automotiverevista.pt\/wp-content\/uploads\/2024\/03\/2023-TOYOTA-PROFESSIONAL-COMBO-1920x1080-1.jpg","width":1500,"height":844},{"@type":"BreadcrumbList","@id":"https:\/\/automotiverevista.pt\/index.php\/2024\/03\/26\/toyota-ainda-mais-profissional-com-a-gama-proace\/#breadcrumb","itemListElement":[{"@type":"ListItem","position":1,"name":"Home","item":"https:\/\/automotiverevista.pt\/"},{"@type":"ListItem","position":2,"name":"Toyota \u2013 ainda mais profissional com a gama Proace"}]},{"@type":"WebSite","@id":"https:\/\/automotiverevista.pt\/#website","url":"https:\/\/automotiverevista.pt\/","name":"Revista Automotive","description":"Revista Automotive Portugal","publisher":{"@id":"https:\/\/automotiverevista.pt\/#organization"},"potentialAction":[{"@type":"SearchAction","target":{"@type":"EntryPoint","urlTemplate":"https:\/\/automotiverevista.pt\/?s={search_term_string}"},"query-input":{"@type":"PropertyValueSpecification","valueRequired":true,"valueName":"search_term_string"}}],"inLanguage":"pt-PT"},{"@type":"Organization","@id":"https:\/\/automotiverevista.pt\/#organization","name":"Revista Automotive Portugal","url":"https:\/\/automotiverevista.pt\/","logo":{"@type":"ImageObject","inLanguage":"pt-PT","@id":"https:\/\/automotiverevista.pt\/#\/schema\/logo\/image\/","url":"https:\/\/automotiverevista.pt\/wp-content\/uploads\/2022\/07\/Logo-Automotive-2021_500-1.jpg","contentUrl":"https:\/\/automotiverevista.pt\/wp-content\/uploads\/2022\/07\/Logo-Automotive-2021_500-1.jpg","width":500,"height":160,"caption":"Revista Automotive Portugal"},"image":{"@id":"https:\/\/automotiverevista.pt\/#\/schema\/logo\/image\/"},"sameAs":["https:\/\/linkedin.com\/in\/automotiverevista"]},{"@type":"Person","@id":"https:\/\/automotiverevista.pt\/#\/schema\/person\/1265858bc8c78a0f969de814da8be281","name":"adminNovo","image":{"@type":"ImageObject","inLanguage":"pt-PT","@id":"https:\/\/secure.gravatar.com\/avatar\/c606c1288dcc11eb4c709aa5136fdb962583c410f5c23c0b7bf6917c542be355?s=96&d=mm&r=g","url":"https:\/\/secure.gravatar.com\/avatar\/c606c1288dcc11eb4c709aa5136fdb962583c410f5c23c0b7bf6917c542be355?s=96&d=mm&r=g","contentUrl":"https:\/\/secure.gravatar.com\/avatar\/c606c1288dcc11eb4c709aa5136fdb962583c410f5c23c0b7bf6917c542be355?s=96&d=mm&r=g","caption":"adminNovo"},"sameAs":["https:\/\/automotiverevista.pt"],"url":"https:\/\/automotiverevista.pt\/index.php\/author\/adminnovo\/"}]}},"_links":{"self":[{"href":"https:\/\/automotiverevista.pt\/index.php\/wp-json\/wp\/v2\/posts\/5910","targetHints":{"allow":["GET"]}}],"collection":[{"href":"https:\/\/automotiverevista.pt\/index.php\/wp-json\/wp\/v2\/posts"}],"about":[{"href":"https:\/\/automotiverevista.pt\/index.php\/wp-json\/wp\/v2\/types\/post"}],"author":[{"embeddable":true,"href":"https:\/\/automotiverevista.pt\/index.php\/wp-json\/wp\/v2\/users\/1"}],"replies":[{"embeddable":true,"href":"https:\/\/automotiverevista.pt\/index.php\/wp-json\/wp\/v2\/comments?post=5910"}],"version-history":[{"count":1,"href":"https:\/\/automotiverevista.pt\/index.php\/wp-json\/wp\/v2\/posts\/5910\/revisions"}],"predecessor-version":[{"id":5912,"href":"https:\/\/automotiverevista.pt\/index.php\/wp-json\/wp\/v2\/posts\/5910\/revisions\/5912"}],"wp:featuredmedia":[{"embeddable":true,"href":"https:\/\/automotiverevista.pt\/index.php\/wp-json\/wp\/v2\/media\/5911"}],"wp:attachment":[{"href":"https:\/\/automotiverevista.pt\/index.php\/wp-json\/wp\/v2\/media?parent=5910"}],"wp:term":[{"taxonomy":"category","embeddable":true,"href":"https:\/\/automotiverevista.pt\/index.php\/wp-json\/wp\/v2\/categories?post=5910"},{"taxonomy":"post_tag","embeddable":true,"href":"https:\/\/automotiverevista.pt\/index.php\/wp-json\/wp\/v2\/tags?post=5910"}],"curies":[{"name":"wp","href":"https:\/\/api.w.org\/{rel}","templated":true}]}}