{"id":5924,"date":"2024-03-28T08:12:00","date_gmt":"2024-03-28T08:12:00","guid":{"rendered":"https:\/\/automotiverevista.pt\/?p=5924"},"modified":"2024-03-09T21:12:42","modified_gmt":"2024-03-09T21:12:42","slug":"ford-pro-eletricos-novos-negocios-para-o-cliente-empresarial","status":"publish","type":"post","link":"https:\/\/automotiverevista.pt\/index.php\/2024\/03\/28\/ford-pro-eletricos-novos-negocios-para-o-cliente-empresarial\/","title":{"rendered":"Ford Pro el\u00e9tricos \u2013 novos neg\u00f3cios para o cliente empresarial"},"content":{"rendered":"\n<p>Com base na unidade de neg\u00f3cios de ve\u00edculos comerciais e servi\u00e7os denominada Ford Pro, a marca est\u00e1 a dinamizar a sua presen\u00e7a no segmento empresarial com a renova\u00e7\u00e3o dos seus modelos e o lan\u00e7amento de furg\u00f5es 100% el\u00e9tricos, como s\u00e3o os exemplos os modelos E-Torneo Courier e, tamb\u00e9m, a E-Transit Courier, lan\u00e7adas em 2023.<\/p>\n\n\n\n<p>Estes furg\u00f5es espelham n\u00e3o apenas uma nova imagem, mas, e principalmente, uma nova mentalidade da marca agora mais focada para o cliente empresarial e frotas em geral, disponibilizando para este canal de neg\u00f3cio, furg\u00f5es 100% eletrificados, seguros e modernos, sem descurar da qualidade de constru\u00e7\u00e3o e com diversos sistemas de assist\u00eancia \u00e0 condu\u00e7\u00e3o.<\/p>\n\n\n\n<p><\/p>\n\n\n\n<p>Na entrevista concedida em <a href=\"https:\/\/automotiverevista.pt\/index.php\/2024\/01\/15\/ford-pro-nasce-um-novo-conceito-de-servicos-para-empresas\/\">Madrid (Espanha) \u00e0 Revista Automotive<\/a>, <strong>Marta Henr\u00edquez,<\/strong> diretora da Ford Pro para Portugal e Espanha, explicou o &#8220;conceito da divis\u00e3o Ford Pro dentro da marca, e como as empresas podem usufruir da gama de ve\u00edculos comerciais el\u00e9tricos, bem como dos servi\u00e7os disponibilizados pela rede de concession\u00e1rios, para uma melhor mobilidade das frotas em geral.<\/p>\n\n\n\n<figure class=\"wp-block-image size-large is-resized\"><img decoding=\"async\" width=\"1024\" height=\"689\" src=\"https:\/\/automotiverevista.pt\/wp-content\/uploads\/2024\/03\/E-TRANSIT_TRIALS_FLEET_PROTOTYPES-1024x689.jpg\" alt=\"\" class=\"wp-image-5927\" style=\"width:926px;height:auto\" srcset=\"https:\/\/automotiverevista.pt\/wp-content\/uploads\/2024\/03\/E-TRANSIT_TRIALS_FLEET_PROTOTYPES-1024x689.jpg 1024w, https:\/\/automotiverevista.pt\/wp-content\/uploads\/2024\/03\/E-TRANSIT_TRIALS_FLEET_PROTOTYPES-300x202.jpg 300w, https:\/\/automotiverevista.pt\/wp-content\/uploads\/2024\/03\/E-TRANSIT_TRIALS_FLEET_PROTOTYPES-768x517.jpg 768w, https:\/\/automotiverevista.pt\/wp-content\/uploads\/2024\/03\/E-TRANSIT_TRIALS_FLEET_PROTOTYPES-750x505.jpg 750w, https:\/\/automotiverevista.pt\/wp-content\/uploads\/2024\/03\/E-TRANSIT_TRIALS_FLEET_PROTOTYPES-1140x768.jpg 1140w, https:\/\/automotiverevista.pt\/wp-content\/uploads\/2024\/03\/E-TRANSIT_TRIALS_FLEET_PROTOTYPES.jpg 1500w\" sizes=\"(max-width: 1024px) 100vw, 1024px\" \/><\/figure>\n\n\n\n<p><strong>Quatro pilares<\/strong><\/p>\n\n\n\n<p>Com o objetivo de oferecer a m\u00e1xima produtividade \u00e0s empresas, foi criado um ecossistema de conetividade em torno da extraordin\u00e1ria gama de ve\u00edculos comerciais da Ford para fornecer solu\u00e7\u00f5es para as necessidades de qualquer empresa, independentemente da sua dimens\u00e3o. Estas solu\u00e7\u00f5es est\u00e3o agrupadas em quatro pilares distintos<\/p>\n\n\n\n<p>1) Ford Pro Ve\u00edculos: A gama de ve\u00edculos comerciais mais vendida na Europa. Oferecemos modelos para todas as necessidades: desde uma gama completa de CVs 100% el\u00e9ctricos, passando por modelos h\u00edbridos, a gasolina, diesel e outros&#8230;<\/p>\n\n\n\n<p>2) Ford Pro Carregamento: A rede Blue Oval est\u00e1 dispon\u00edvel em Portugal atrav\u00e9s do Ford Pass e Ford Pass Pro.<\/p>\n\n\n\n<p>3) Ford Pro Software: A partir do <a href=\"https:\/\/automotiverevista.pt\/index.php\/2024\/01\/15\/ford-pro-nasce-um-novo-conceito-de-servicos-para-empresas\/\">Ford Pro<\/a> temos o software emitido pelos nossos ve\u00edculos conectados, e disponibilizamo-lo \u00e0s empresas que dele necessitem.<\/p>\n\n\n\n<p>4) Ford Pro Servi\u00e7o: A partir do nosso centro FORDLiive, e com o objetivo principal de manter as frotas sempre em movimento, os nossos Centros Transit oferecem um servi\u00e7o p\u00f3s-venda muito mais \u00e1gil.<\/p>\n\n\n\n<figure class=\"wp-block-image size-large is-resized\"><img decoding=\"async\" width=\"1024\" height=\"565\" src=\"https:\/\/automotiverevista.pt\/wp-content\/uploads\/2024\/03\/2022_FORD_TRANSIT_RANGE_TRAIL_BEV-SPORT_LIMITED_03-1024x565.jpg\" alt=\"\" class=\"wp-image-5928\" style=\"width:955px;height:auto\" srcset=\"https:\/\/automotiverevista.pt\/wp-content\/uploads\/2024\/03\/2022_FORD_TRANSIT_RANGE_TRAIL_BEV-SPORT_LIMITED_03-1024x565.jpg 1024w, https:\/\/automotiverevista.pt\/wp-content\/uploads\/2024\/03\/2022_FORD_TRANSIT_RANGE_TRAIL_BEV-SPORT_LIMITED_03-300x165.jpg 300w, https:\/\/automotiverevista.pt\/wp-content\/uploads\/2024\/03\/2022_FORD_TRANSIT_RANGE_TRAIL_BEV-SPORT_LIMITED_03-768x423.jpg 768w, https:\/\/automotiverevista.pt\/wp-content\/uploads\/2024\/03\/2022_FORD_TRANSIT_RANGE_TRAIL_BEV-SPORT_LIMITED_03-750x414.jpg 750w, https:\/\/automotiverevista.pt\/wp-content\/uploads\/2024\/03\/2022_FORD_TRANSIT_RANGE_TRAIL_BEV-SPORT_LIMITED_03-1140x629.jpg 1140w, https:\/\/automotiverevista.pt\/wp-content\/uploads\/2024\/03\/2022_FORD_TRANSIT_RANGE_TRAIL_BEV-SPORT_LIMITED_03.jpg 1500w\" sizes=\"(max-width: 1024px) 100vw, 1024px\" \/><\/figure>\n\n\n\n<p><strong>Maior conectividade<\/strong><\/p>\n\n\n\n<p>A Ford Pro oferece todas as solu\u00e7\u00f5es de mobilidade poss\u00edveis para satisfazer as necessidades potenciais de empresas, de todas as dimens\u00f5es. Desde uma gama de VC que t\u00eam liderado as vendas na Europa nos \u00faltimos 9 anos, com modelos conectados para satisfazer todos os requisitos (incluindo uma gama abrangente de VC 100% el\u00e9ctricos: E-Transit, Custom, Courier (que v\u00e3o ser apresentadas ao final deste ano), a todos os tipos de solu\u00e7\u00f5es para maximizar a produtividade da frota:<\/p>\n\n\n\n<p>&#8211; Com o nosso Data Service, dispomos de todos os dados gerados pelos ve\u00edculos conectados e disponibilizamo-los \u00e0s empresas para que possam gerir a sua frota de forma mais produtiva.<\/p>\n\n\n\n<p>&#8211; Com o Ford Pro Service, maximizamos o tempo de atividade da frota. Gra\u00e7as ao suporte que a nossa plataforma FordLiive fornece aos nossos Centros Transit, conseguimos repara\u00e7\u00f5es mais r\u00e1pidas na oficina.<\/p>\n\n\n\n<p>Atualmente, a marca disp\u00f5e em Portuga de 11 concession\u00e1rios Ford Pro, Centros Transit, de um total de 17, que representam 90% das vendas de ve\u00edculos comerciais. Para responder \u00e0s necessidades de carregamento dos ve\u00edculos el\u00e9tricos, <a href=\"https:\/\/automotiverevista.pt\/index.php\/2024\/01\/15\/ford-pro-nasce-um-novo-conceito-de-servicos-para-empresas\/\">Ford Pro <\/a>Carregamento oferece a rede Blue Oval, que atrav\u00e9s do Ford Pass e Ford Pass Pro, disp\u00f5e de mais de 400 mil pontos de carregamento em toda a Europa.<\/p>\n\n\n\n<p><strong>Vantagens<\/strong><\/p>\n\n\n\n<p>Consideramos que um ve\u00edculo comercial el\u00e9trico oferece muitas vantagens \u00e0s empresas:<\/p>\n\n\n\n<p>&#8211; Vantagens para a reputa\u00e7\u00e3o: os clientes procuram agora apenas servi\u00e7os\/empresas sustent\u00e1veis<\/p>\n\n\n\n<p>&#8211; Vantagens operacionais: sem restri\u00e7\u00f5es de tr\u00e1fego, mais tempo nas zonas de carga e descarga, com menos press\u00e3o fiscal<\/p>\n\n\n\n<p>&#8211; Vantagens econ\u00f3micas: menos impostos, manuten\u00e7\u00e3o at\u00e9 40% mais em conta, e a eletricidade que, atualmente, \u00e9 muito mais barata do que o gas\u00f3leo&#8221; finalizou.<\/p>\n","protected":false},"excerpt":{"rendered":"<p>Com base na unidade de neg\u00f3cios de ve\u00edculos comerciais e servi\u00e7os denominada Ford Pro, a marca est\u00e1 a dinamizar a sua presen\u00e7a no segmento empresarial com a renova\u00e7\u00e3o dos seus modelos e o lan\u00e7amento de furg\u00f5es 100% el\u00e9tricos, como s\u00e3o os exemplos os modelos E-Torneo Courier e, tamb\u00e9m, a E-Transit Courier, lan\u00e7adas em 2023. Estes [&hellip;]<\/p>\n","protected":false},"author":1,"featured_media":5925,"comment_status":"closed","ping_status":"open","sticky":false,"template":"","format":"standard","meta":{"jnews-multi-image_gallery":[],"jnews_single_post":{"subtitle":"","format":"standard","video":"","gallery":"","source_name":"","source_url":"","via_name":"","via_url":"","override_template":"0","override":[{"template":"2","single_blog_custom":"","parallax":"1","fullscreen":"1","layout":"right-sidebar","sidebar":"default-sidebar","second_sidebar":"default-sidebar","sticky_sidebar":"1","share_position":"topbottom","share_float_style":"share-monocrhome","show_share_counter":"0","show_view_counter":"0","show_featured":"1","show_post_meta":"1","show_post_author":"0","show_post_author_image":"1","show_post_date":"1","post_date_format":"default","post_date_format_custom":"Y\/m\/d","show_post_category":"1","show_post_reading_time":"0","post_reading_time_wpm":"300","show_zoom_button":"0","zoom_button_out_step":"2","zoom_button_in_step":"3","show_post_tag":"1","show_prev_next_post":"0","show_popup_post":"1","number_popup_post":"1","show_author_box":"0","show_post_related":"1","show_inline_post_related":"1"}],"override_image_size":"0","image_override":[{"single_post_thumbnail_size":"crop-500","single_post_gallery_size":"crop-500"}],"trending_post":"0","trending_post_position":"meta","trending_post_label":"Trending","sponsored_post":"0","sponsored_post_label":"Sponsored by","sponsored_post_name":"","sponsored_post_url":"","sponsored_post_logo_enable":"0","sponsored_post_logo":"","sponsored_post_desc":"","disable_ad":"0"},"jnews_primary_category":{"id":"","hide":""},"footnotes":""},"categories":[23],"tags":[],"class_list":["post-5924","post","type-post","status-publish","format-standard","has-post-thumbnail","hentry","category-frotas"],"yoast_head":"<!-- This site is optimized with the Yoast SEO Premium plugin v27.2 (Yoast SEO v27.5) - https:\/\/yoast.com\/product\/yoast-seo-premium-wordpress\/ -->\n<title>Ford Pro el\u00e9tricos \u2013 novos neg\u00f3cios para o cliente empresarial - Revista Automotive<\/title>\n<meta name=\"description\" content=\"Ford Pro, a marca est\u00e1 a dinamizar a sua presen\u00e7a no segmento empresarial com a renova\u00e7\u00e3o dos seus modelos e o de furg\u00f5es 100% el\u00e9tricos\" \/>\n<meta name=\"robots\" content=\"index, follow, max-snippet:-1, max-image-preview:large, max-video-preview:-1\" \/>\n<link rel=\"canonical\" href=\"https:\/\/automotiverevista.pt\/index.php\/2024\/03\/28\/ford-pro-eletricos-novos-negocios-para-o-cliente-empresarial\/\" \/>\n<meta property=\"og:locale\" content=\"pt_PT\" \/>\n<meta property=\"og:type\" content=\"article\" \/>\n<meta property=\"og:title\" content=\"Ford Pro el\u00e9tricos \u2013 novos neg\u00f3cios para o cliente empresarial\" \/>\n<meta property=\"og:description\" content=\"Ford Pro, a marca est\u00e1 a dinamizar a sua presen\u00e7a no segmento empresarial com a renova\u00e7\u00e3o dos seus modelos e o de furg\u00f5es 100% el\u00e9tricos\" \/>\n<meta property=\"og:url\" content=\"https:\/\/automotiverevista.pt\/index.php\/2024\/03\/28\/ford-pro-eletricos-novos-negocios-para-o-cliente-empresarial\/\" \/>\n<meta property=\"og:site_name\" content=\"Revista Automotive\" \/>\n<meta property=\"article:published_time\" content=\"2024-03-28T08:12:00+00:00\" \/>\n<meta property=\"og:image\" content=\"https:\/\/automotiverevista.pt\/wp-content\/uploads\/2024\/03\/2021_FORD_E-TRANSIT_001.jpg\" \/>\n\t<meta property=\"og:image:width\" content=\"1500\" \/>\n\t<meta property=\"og:image:height\" content=\"1125\" \/>\n\t<meta property=\"og:image:type\" content=\"image\/jpeg\" \/>\n<meta name=\"author\" content=\"adminNovo\" \/>\n<meta name=\"twitter:card\" content=\"summary_large_image\" \/>\n<meta name=\"twitter:label1\" content=\"Escrito por\" \/>\n\t<meta name=\"twitter:data1\" content=\"adminNovo\" \/>\n\t<meta name=\"twitter:label2\" content=\"Tempo estimado de leitura\" \/>\n\t<meta name=\"twitter:data2\" content=\"4 minutos\" \/>\n<script type=\"application\/ld+json\" class=\"yoast-schema-graph\">{\"@context\":\"https:\\\/\\\/schema.org\",\"@graph\":[{\"@type\":\"Article\",\"@id\":\"https:\\\/\\\/automotiverevista.pt\\\/index.php\\\/2024\\\/03\\\/28\\\/ford-pro-eletricos-novos-negocios-para-o-cliente-empresarial\\\/#article\",\"isPartOf\":{\"@id\":\"https:\\\/\\\/automotiverevista.pt\\\/index.php\\\/2024\\\/03\\\/28\\\/ford-pro-eletricos-novos-negocios-para-o-cliente-empresarial\\\/\"},\"author\":{\"name\":\"adminNovo\",\"@id\":\"https:\\\/\\\/automotiverevista.pt\\\/#\\\/schema\\\/person\\\/1265858bc8c78a0f969de814da8be281\"},\"headline\":\"Ford Pro el\u00e9tricos \u2013 novos neg\u00f3cios para o cliente empresarial\",\"datePublished\":\"2024-03-28T08:12:00+00:00\",\"mainEntityOfPage\":{\"@id\":\"https:\\\/\\\/automotiverevista.pt\\\/index.php\\\/2024\\\/03\\\/28\\\/ford-pro-eletricos-novos-negocios-para-o-cliente-empresarial\\\/\"},\"wordCount\":664,\"publisher\":{\"@id\":\"https:\\\/\\\/automotiverevista.pt\\\/#organization\"},\"image\":{\"@id\":\"https:\\\/\\\/automotiverevista.pt\\\/index.php\\\/2024\\\/03\\\/28\\\/ford-pro-eletricos-novos-negocios-para-o-cliente-empresarial\\\/#primaryimage\"},\"thumbnailUrl\":\"https:\\\/\\\/automotiverevista.pt\\\/wp-content\\\/uploads\\\/2024\\\/03\\\/2021_FORD_E-TRANSIT_001.jpg\",\"articleSection\":[\"Frotas\"],\"inLanguage\":\"pt-PT\"},{\"@type\":\"WebPage\",\"@id\":\"https:\\\/\\\/automotiverevista.pt\\\/index.php\\\/2024\\\/03\\\/28\\\/ford-pro-eletricos-novos-negocios-para-o-cliente-empresarial\\\/\",\"url\":\"https:\\\/\\\/automotiverevista.pt\\\/index.php\\\/2024\\\/03\\\/28\\\/ford-pro-eletricos-novos-negocios-para-o-cliente-empresarial\\\/\",\"name\":\"Ford Pro el\u00e9tricos \u2013 novos neg\u00f3cios para o cliente empresarial - Revista Automotive\",\"isPartOf\":{\"@id\":\"https:\\\/\\\/automotiverevista.pt\\\/#website\"},\"primaryImageOfPage\":{\"@id\":\"https:\\\/\\\/automotiverevista.pt\\\/index.php\\\/2024\\\/03\\\/28\\\/ford-pro-eletricos-novos-negocios-para-o-cliente-empresarial\\\/#primaryimage\"},\"image\":{\"@id\":\"https:\\\/\\\/automotiverevista.pt\\\/index.php\\\/2024\\\/03\\\/28\\\/ford-pro-eletricos-novos-negocios-para-o-cliente-empresarial\\\/#primaryimage\"},\"thumbnailUrl\":\"https:\\\/\\\/automotiverevista.pt\\\/wp-content\\\/uploads\\\/2024\\\/03\\\/2021_FORD_E-TRANSIT_001.jpg\",\"datePublished\":\"2024-03-28T08:12:00+00:00\",\"description\":\"Ford Pro, a marca est\u00e1 a dinamizar a sua presen\u00e7a no segmento empresarial com a renova\u00e7\u00e3o dos seus modelos e o de furg\u00f5es 100% el\u00e9tricos\",\"breadcrumb\":{\"@id\":\"https:\\\/\\\/automotiverevista.pt\\\/index.php\\\/2024\\\/03\\\/28\\\/ford-pro-eletricos-novos-negocios-para-o-cliente-empresarial\\\/#breadcrumb\"},\"inLanguage\":\"pt-PT\",\"potentialAction\":[{\"@type\":\"ReadAction\",\"target\":[\"https:\\\/\\\/automotiverevista.pt\\\/index.php\\\/2024\\\/03\\\/28\\\/ford-pro-eletricos-novos-negocios-para-o-cliente-empresarial\\\/\"]}]},{\"@type\":\"ImageObject\",\"inLanguage\":\"pt-PT\",\"@id\":\"https:\\\/\\\/automotiverevista.pt\\\/index.php\\\/2024\\\/03\\\/28\\\/ford-pro-eletricos-novos-negocios-para-o-cliente-empresarial\\\/#primaryimage\",\"url\":\"https:\\\/\\\/automotiverevista.pt\\\/wp-content\\\/uploads\\\/2024\\\/03\\\/2021_FORD_E-TRANSIT_001.jpg\",\"contentUrl\":\"https:\\\/\\\/automotiverevista.pt\\\/wp-content\\\/uploads\\\/2024\\\/03\\\/2021_FORD_E-TRANSIT_001.jpg\",\"width\":1500,\"height\":1125},{\"@type\":\"BreadcrumbList\",\"@id\":\"https:\\\/\\\/automotiverevista.pt\\\/index.php\\\/2024\\\/03\\\/28\\\/ford-pro-eletricos-novos-negocios-para-o-cliente-empresarial\\\/#breadcrumb\",\"itemListElement\":[{\"@type\":\"ListItem\",\"position\":1,\"name\":\"Home\",\"item\":\"https:\\\/\\\/automotiverevista.pt\\\/\"},{\"@type\":\"ListItem\",\"position\":2,\"name\":\"Ford Pro el\u00e9tricos \u2013 novos neg\u00f3cios para o cliente empresarial\"}]},{\"@type\":\"WebSite\",\"@id\":\"https:\\\/\\\/automotiverevista.pt\\\/#website\",\"url\":\"https:\\\/\\\/automotiverevista.pt\\\/\",\"name\":\"Revista Automotive\",\"description\":\"Revista Automotive Portugal\",\"publisher\":{\"@id\":\"https:\\\/\\\/automotiverevista.pt\\\/#organization\"},\"potentialAction\":[{\"@type\":\"SearchAction\",\"target\":{\"@type\":\"EntryPoint\",\"urlTemplate\":\"https:\\\/\\\/automotiverevista.pt\\\/?s={search_term_string}\"},\"query-input\":{\"@type\":\"PropertyValueSpecification\",\"valueRequired\":true,\"valueName\":\"search_term_string\"}}],\"inLanguage\":\"pt-PT\"},{\"@type\":\"Organization\",\"@id\":\"https:\\\/\\\/automotiverevista.pt\\\/#organization\",\"name\":\"Revista Automotive Portugal\",\"url\":\"https:\\\/\\\/automotiverevista.pt\\\/\",\"logo\":{\"@type\":\"ImageObject\",\"inLanguage\":\"pt-PT\",\"@id\":\"https:\\\/\\\/automotiverevista.pt\\\/#\\\/schema\\\/logo\\\/image\\\/\",\"url\":\"https:\\\/\\\/automotiverevista.pt\\\/wp-content\\\/uploads\\\/2022\\\/07\\\/Logo-Automotive-2021_500-1.jpg\",\"contentUrl\":\"https:\\\/\\\/automotiverevista.pt\\\/wp-content\\\/uploads\\\/2022\\\/07\\\/Logo-Automotive-2021_500-1.jpg\",\"width\":500,\"height\":160,\"caption\":\"Revista Automotive Portugal\"},\"image\":{\"@id\":\"https:\\\/\\\/automotiverevista.pt\\\/#\\\/schema\\\/logo\\\/image\\\/\"},\"sameAs\":[\"https:\\\/\\\/linkedin.com\\\/in\\\/automotiverevista\"]},{\"@type\":\"Person\",\"@id\":\"https:\\\/\\\/automotiverevista.pt\\\/#\\\/schema\\\/person\\\/1265858bc8c78a0f969de814da8be281\",\"name\":\"adminNovo\",\"image\":{\"@type\":\"ImageObject\",\"inLanguage\":\"pt-PT\",\"@id\":\"https:\\\/\\\/secure.gravatar.com\\\/avatar\\\/c606c1288dcc11eb4c709aa5136fdb962583c410f5c23c0b7bf6917c542be355?s=96&d=mm&r=g\",\"url\":\"https:\\\/\\\/secure.gravatar.com\\\/avatar\\\/c606c1288dcc11eb4c709aa5136fdb962583c410f5c23c0b7bf6917c542be355?s=96&d=mm&r=g\",\"contentUrl\":\"https:\\\/\\\/secure.gravatar.com\\\/avatar\\\/c606c1288dcc11eb4c709aa5136fdb962583c410f5c23c0b7bf6917c542be355?s=96&d=mm&r=g\",\"caption\":\"adminNovo\"},\"sameAs\":[\"https:\\\/\\\/automotiverevista.pt\"],\"url\":\"https:\\\/\\\/automotiverevista.pt\\\/index.php\\\/author\\\/adminnovo\\\/\"}]}<\/script>\n<!-- \/ Yoast SEO Premium plugin. -->","yoast_head_json":{"title":"Ford Pro el\u00e9tricos \u2013 novos neg\u00f3cios para o cliente empresarial - Revista Automotive","description":"Ford Pro, a marca est\u00e1 a dinamizar a sua presen\u00e7a no segmento empresarial com a renova\u00e7\u00e3o dos seus modelos e o de furg\u00f5es 100% el\u00e9tricos","robots":{"index":"index","follow":"follow","max-snippet":"max-snippet:-1","max-image-preview":"max-image-preview:large","max-video-preview":"max-video-preview:-1"},"canonical":"https:\/\/automotiverevista.pt\/index.php\/2024\/03\/28\/ford-pro-eletricos-novos-negocios-para-o-cliente-empresarial\/","og_locale":"pt_PT","og_type":"article","og_title":"Ford Pro el\u00e9tricos \u2013 novos neg\u00f3cios para o cliente empresarial","og_description":"Ford Pro, a marca est\u00e1 a dinamizar a sua presen\u00e7a no segmento empresarial com a renova\u00e7\u00e3o dos seus modelos e o de furg\u00f5es 100% el\u00e9tricos","og_url":"https:\/\/automotiverevista.pt\/index.php\/2024\/03\/28\/ford-pro-eletricos-novos-negocios-para-o-cliente-empresarial\/","og_site_name":"Revista Automotive","article_published_time":"2024-03-28T08:12:00+00:00","og_image":[{"width":1500,"height":1125,"url":"https:\/\/automotiverevista.pt\/wp-content\/uploads\/2024\/03\/2021_FORD_E-TRANSIT_001.jpg","type":"image\/jpeg"}],"author":"adminNovo","twitter_card":"summary_large_image","twitter_misc":{"Escrito por":"adminNovo","Tempo estimado de leitura":"4 minutos"},"schema":{"@context":"https:\/\/schema.org","@graph":[{"@type":"Article","@id":"https:\/\/automotiverevista.pt\/index.php\/2024\/03\/28\/ford-pro-eletricos-novos-negocios-para-o-cliente-empresarial\/#article","isPartOf":{"@id":"https:\/\/automotiverevista.pt\/index.php\/2024\/03\/28\/ford-pro-eletricos-novos-negocios-para-o-cliente-empresarial\/"},"author":{"name":"adminNovo","@id":"https:\/\/automotiverevista.pt\/#\/schema\/person\/1265858bc8c78a0f969de814da8be281"},"headline":"Ford Pro el\u00e9tricos \u2013 novos neg\u00f3cios para o cliente empresarial","datePublished":"2024-03-28T08:12:00+00:00","mainEntityOfPage":{"@id":"https:\/\/automotiverevista.pt\/index.php\/2024\/03\/28\/ford-pro-eletricos-novos-negocios-para-o-cliente-empresarial\/"},"wordCount":664,"publisher":{"@id":"https:\/\/automotiverevista.pt\/#organization"},"image":{"@id":"https:\/\/automotiverevista.pt\/index.php\/2024\/03\/28\/ford-pro-eletricos-novos-negocios-para-o-cliente-empresarial\/#primaryimage"},"thumbnailUrl":"https:\/\/automotiverevista.pt\/wp-content\/uploads\/2024\/03\/2021_FORD_E-TRANSIT_001.jpg","articleSection":["Frotas"],"inLanguage":"pt-PT"},{"@type":"WebPage","@id":"https:\/\/automotiverevista.pt\/index.php\/2024\/03\/28\/ford-pro-eletricos-novos-negocios-para-o-cliente-empresarial\/","url":"https:\/\/automotiverevista.pt\/index.php\/2024\/03\/28\/ford-pro-eletricos-novos-negocios-para-o-cliente-empresarial\/","name":"Ford Pro el\u00e9tricos \u2013 novos neg\u00f3cios para o cliente empresarial - Revista Automotive","isPartOf":{"@id":"https:\/\/automotiverevista.pt\/#website"},"primaryImageOfPage":{"@id":"https:\/\/automotiverevista.pt\/index.php\/2024\/03\/28\/ford-pro-eletricos-novos-negocios-para-o-cliente-empresarial\/#primaryimage"},"image":{"@id":"https:\/\/automotiverevista.pt\/index.php\/2024\/03\/28\/ford-pro-eletricos-novos-negocios-para-o-cliente-empresarial\/#primaryimage"},"thumbnailUrl":"https:\/\/automotiverevista.pt\/wp-content\/uploads\/2024\/03\/2021_FORD_E-TRANSIT_001.jpg","datePublished":"2024-03-28T08:12:00+00:00","description":"Ford Pro, a marca est\u00e1 a dinamizar a sua presen\u00e7a no segmento empresarial com a renova\u00e7\u00e3o dos seus modelos e o de furg\u00f5es 100% el\u00e9tricos","breadcrumb":{"@id":"https:\/\/automotiverevista.pt\/index.php\/2024\/03\/28\/ford-pro-eletricos-novos-negocios-para-o-cliente-empresarial\/#breadcrumb"},"inLanguage":"pt-PT","potentialAction":[{"@type":"ReadAction","target":["https:\/\/automotiverevista.pt\/index.php\/2024\/03\/28\/ford-pro-eletricos-novos-negocios-para-o-cliente-empresarial\/"]}]},{"@type":"ImageObject","inLanguage":"pt-PT","@id":"https:\/\/automotiverevista.pt\/index.php\/2024\/03\/28\/ford-pro-eletricos-novos-negocios-para-o-cliente-empresarial\/#primaryimage","url":"https:\/\/automotiverevista.pt\/wp-content\/uploads\/2024\/03\/2021_FORD_E-TRANSIT_001.jpg","contentUrl":"https:\/\/automotiverevista.pt\/wp-content\/uploads\/2024\/03\/2021_FORD_E-TRANSIT_001.jpg","width":1500,"height":1125},{"@type":"BreadcrumbList","@id":"https:\/\/automotiverevista.pt\/index.php\/2024\/03\/28\/ford-pro-eletricos-novos-negocios-para-o-cliente-empresarial\/#breadcrumb","itemListElement":[{"@type":"ListItem","position":1,"name":"Home","item":"https:\/\/automotiverevista.pt\/"},{"@type":"ListItem","position":2,"name":"Ford Pro el\u00e9tricos \u2013 novos neg\u00f3cios para o cliente empresarial"}]},{"@type":"WebSite","@id":"https:\/\/automotiverevista.pt\/#website","url":"https:\/\/automotiverevista.pt\/","name":"Revista Automotive","description":"Revista Automotive Portugal","publisher":{"@id":"https:\/\/automotiverevista.pt\/#organization"},"potentialAction":[{"@type":"SearchAction","target":{"@type":"EntryPoint","urlTemplate":"https:\/\/automotiverevista.pt\/?s={search_term_string}"},"query-input":{"@type":"PropertyValueSpecification","valueRequired":true,"valueName":"search_term_string"}}],"inLanguage":"pt-PT"},{"@type":"Organization","@id":"https:\/\/automotiverevista.pt\/#organization","name":"Revista Automotive Portugal","url":"https:\/\/automotiverevista.pt\/","logo":{"@type":"ImageObject","inLanguage":"pt-PT","@id":"https:\/\/automotiverevista.pt\/#\/schema\/logo\/image\/","url":"https:\/\/automotiverevista.pt\/wp-content\/uploads\/2022\/07\/Logo-Automotive-2021_500-1.jpg","contentUrl":"https:\/\/automotiverevista.pt\/wp-content\/uploads\/2022\/07\/Logo-Automotive-2021_500-1.jpg","width":500,"height":160,"caption":"Revista Automotive Portugal"},"image":{"@id":"https:\/\/automotiverevista.pt\/#\/schema\/logo\/image\/"},"sameAs":["https:\/\/linkedin.com\/in\/automotiverevista"]},{"@type":"Person","@id":"https:\/\/automotiverevista.pt\/#\/schema\/person\/1265858bc8c78a0f969de814da8be281","name":"adminNovo","image":{"@type":"ImageObject","inLanguage":"pt-PT","@id":"https:\/\/secure.gravatar.com\/avatar\/c606c1288dcc11eb4c709aa5136fdb962583c410f5c23c0b7bf6917c542be355?s=96&d=mm&r=g","url":"https:\/\/secure.gravatar.com\/avatar\/c606c1288dcc11eb4c709aa5136fdb962583c410f5c23c0b7bf6917c542be355?s=96&d=mm&r=g","contentUrl":"https:\/\/secure.gravatar.com\/avatar\/c606c1288dcc11eb4c709aa5136fdb962583c410f5c23c0b7bf6917c542be355?s=96&d=mm&r=g","caption":"adminNovo"},"sameAs":["https:\/\/automotiverevista.pt"],"url":"https:\/\/automotiverevista.pt\/index.php\/author\/adminnovo\/"}]}},"_links":{"self":[{"href":"https:\/\/automotiverevista.pt\/index.php\/wp-json\/wp\/v2\/posts\/5924","targetHints":{"allow":["GET"]}}],"collection":[{"href":"https:\/\/automotiverevista.pt\/index.php\/wp-json\/wp\/v2\/posts"}],"about":[{"href":"https:\/\/automotiverevista.pt\/index.php\/wp-json\/wp\/v2\/types\/post"}],"author":[{"embeddable":true,"href":"https:\/\/automotiverevista.pt\/index.php\/wp-json\/wp\/v2\/users\/1"}],"replies":[{"embeddable":true,"href":"https:\/\/automotiverevista.pt\/index.php\/wp-json\/wp\/v2\/comments?post=5924"}],"version-history":[{"count":2,"href":"https:\/\/automotiverevista.pt\/index.php\/wp-json\/wp\/v2\/posts\/5924\/revisions"}],"predecessor-version":[{"id":5929,"href":"https:\/\/automotiverevista.pt\/index.php\/wp-json\/wp\/v2\/posts\/5924\/revisions\/5929"}],"wp:featuredmedia":[{"embeddable":true,"href":"https:\/\/automotiverevista.pt\/index.php\/wp-json\/wp\/v2\/media\/5925"}],"wp:attachment":[{"href":"https:\/\/automotiverevista.pt\/index.php\/wp-json\/wp\/v2\/media?parent=5924"}],"wp:term":[{"taxonomy":"category","embeddable":true,"href":"https:\/\/automotiverevista.pt\/index.php\/wp-json\/wp\/v2\/categories?post=5924"},{"taxonomy":"post_tag","embeddable":true,"href":"https:\/\/automotiverevista.pt\/index.php\/wp-json\/wp\/v2\/tags?post=5924"}],"curies":[{"name":"wp","href":"https:\/\/api.w.org\/{rel}","templated":true}]}}