{"id":5967,"date":"2024-04-05T08:00:00","date_gmt":"2024-04-05T08:00:00","guid":{"rendered":"https:\/\/automotiverevista.pt\/?p=5967"},"modified":"2024-03-09T21:34:15","modified_gmt":"2024-03-09T21:34:15","slug":"nissan-portugal-uma-mudanca-bem-vinda-as-frotas","status":"publish","type":"post","link":"https:\/\/automotiverevista.pt\/index.php\/2024\/04\/05\/nissan-portugal-uma-mudanca-bem-vinda-as-frotas\/","title":{"rendered":"Nissan Portugal \u2013 uma mudan\u00e7a bem-vinda \u00e0s frotas"},"content":{"rendered":"\n<p>Recentemente incorporada ao Grupo Salvador Caetano, a marca Nissan tem procurado manter uma presen\u00e7a de qualidade nas vendas ao mercado empresarial. Em Portugal, a marca disponibiliza o modelo Townstar 100% el\u00e9trica, produto desenvolvido para o mercado europeu e que anuncia uma autonomia de at\u00e9 300km.<\/p>\n\n\n\n<p>A Townstar VE baseia-se no anterior modelo e-NV200, e incorpora a experi\u00eancia em Ve\u00edculos Comerciais Ligeiros el\u00e9tricos (e-VCL) da Nissan. Constru\u00edda sobre a plataforma partilhada CMF-C, este novo comercial ligeiro \u00e9 constru\u00eddo no centro de excel\u00eancia para pequenos furg\u00f5es da Alian\u00e7a, em Maubeuge, Fran\u00e7a. Foi projetada para proporcionar maior capacidade, fiabilidade e sustentabilidade, com foco no exigente mercado das frotas em geral.<\/p>\n\n\n\n<p>Dependendo das especifica\u00e7\u00f5es, disp\u00f5e de uma carga \u00fatil entre 600 a 800kg e capacidade de reboque de at\u00e9 1.500kg. A \u00e1rea de carga da Townstar VE tem entre 3,3 e 4,9 metros c\u00fabicos, que lhe permite transportar duas euro paletes. Apresenta uma garantia de 5 anos ou 160 mil km, mantendo o compromisso da Nissan com a qualidade. Em termos de bateria, a Townstar el\u00e9trica conta com uma garantia de 8 anos sobre o estado de funcionamento da bateria at\u00e9 70%.<\/p>\n\n\n\n<p><\/p>\n\n\n\n<p><strong>Nissan Business Centers<\/strong><\/p>\n\n\n\n<p>A marca refere que \u201ctemos um programa implementado na rede de concession\u00e1rios com equipas especializadas para vendas ao canal empresarial ao qual chamamos Nissan Business Centers.<\/p>\n\n\n\n<p>Atualmente contamos com 10 concess\u00f5es com este programa implementado, que representa 50% da nossa rede de concession\u00e1rios, em especial nos grandes centros urbanos de norte a sul do pa\u00eds.<\/p>\n\n\n\n<p>Tamb\u00e9m implement\u00e1mos um programa em toda a rede de concession\u00e1rios, ao qual chamamos Promessa Cliente que, entre v\u00e1rias vantagens, disponibilizamos uma viatura de substitui\u00e7\u00e3o gratuitamente ao cliente, enquanto a sua viatura est\u00e1 a fazer a \u00a0manuten\u00e7\u00e3o programada (desde que agendado previamente e mediante disponibilidade das mesmas);\u00a0 a oferta do check-up completo da viatura, bem como a oferta de uma assist\u00eancia em viagem NISSAN durante os 12 meses ap\u00f3s a manuten\u00e7\u00e3o da viatura, entre outras vantagens.\u00a0<\/p>\n\n\n\n<figure class=\"wp-block-image size-large is-resized\"><img decoding=\"async\" width=\"1024\" height=\"683\" src=\"https:\/\/automotiverevista.pt\/wp-content\/uploads\/2024\/03\/Townstar-EV-Van-SOP-02-1024x683.jpg\" alt=\"\" class=\"wp-image-5969\" style=\"width:859px;height:auto\" srcset=\"https:\/\/automotiverevista.pt\/wp-content\/uploads\/2024\/03\/Townstar-EV-Van-SOP-02-1024x683.jpg 1024w, https:\/\/automotiverevista.pt\/wp-content\/uploads\/2024\/03\/Townstar-EV-Van-SOP-02-300x200.jpg 300w, https:\/\/automotiverevista.pt\/wp-content\/uploads\/2024\/03\/Townstar-EV-Van-SOP-02-768x512.jpg 768w, https:\/\/automotiverevista.pt\/wp-content\/uploads\/2024\/03\/Townstar-EV-Van-SOP-02-750x500.jpg 750w, https:\/\/automotiverevista.pt\/wp-content\/uploads\/2024\/03\/Townstar-EV-Van-SOP-02-1140x760.jpg 1140w, https:\/\/automotiverevista.pt\/wp-content\/uploads\/2024\/03\/Townstar-EV-Van-SOP-02.jpg 1500w\" sizes=\"(max-width: 1024px) 100vw, 1024px\" \/><\/figure>\n\n\n\n<p><strong>Rede abrangente<\/strong><\/p>\n\n\n\n<p>Quanto a pontos de assist\u00eancia de viaturas el\u00e9tricas, temos atualmente 20 concess\u00f5es que se distribuem em 37 pontos de venda e p\u00f3s-venda espalhados por todo o continente e ilhas, todos eles capacitados para receber e dar assist\u00eancia t\u00e9cnica a viaturas el\u00e9tricas e eletrificadas.<\/p>\n\n\n\n<p>Caso se verifique que h\u00e1 necessidade de repara\u00e7\u00e3o da bateria da viatura, temos atualmente 8 centros capacitados em Portugal, localizados na Grande Lisboa, Grande Porto, Aveiro, Coimbra, Ilha da Madeira, Ilha de S\u00e3o Miguel e Ilha Terceira, estando previstas novas localiza\u00e7\u00f5es ainda este ano.<\/p>\n\n\n\n<p><strong>Parceria com a GALP<\/strong><\/p>\n\n\n\n<p>Dentro da nossa oferta de produtos e servi\u00e7os para o cliente final, temos tamb\u00e9m uma lista de solu\u00e7\u00f5es de carregamento apoiados pela EFIMOB, que \u00e9 uma empresa especializada em solu\u00e7\u00f5es para viaturas el\u00e9tricas e que pode apoiar tamb\u00e9m o cliente nas instala\u00e7\u00f5es dos mesmos, atrav\u00e9s de uma equipa certificada. A aquisi\u00e7\u00e3o destas solu\u00e7\u00f5es de carregamento poder\u00e1 ser feita juntamente com a compra da viatura ou posteriormente em p\u00f3s-venda, junto do concession\u00e1rio.<\/p>\n\n\n\n<p>A NISSAN tem tamb\u00e9m uma parceria com a GALP em que os clientes Nissan passam a beneficiar de 10% de desconto na energia 100% verde do seu <strong>cart\u00e3o GalpElectric, 18<\/strong>% no caso de terem um contrato de energia com a Galp. V\u00e1lido em todos os pontos de carregamento el\u00e9trico de Portugal.<\/p>\n\n\n\n<p><strong>Vantagens<\/strong><\/p>\n\n\n\n<p>Fiscalmente as viaturas el\u00e9tricas t\u00eam muitos benef\u00edcios para as empresas como a possibilidade da dedu\u00e7\u00e3o total do IVA, a isen\u00e7\u00e3o da tributa\u00e7\u00e3o aut\u00f3noma e tamb\u00e9m isen\u00e7\u00e3o de pagamento de IUC.&nbsp;<\/p>\n\n\n\n<p>No que diz respeito a gastos de utiliza\u00e7\u00e3o, tamb\u00e9m aqui apresenta grandes vantagens:<\/p>\n\n\n\n<p>Ao n\u00edvel de autonomia, por exemplo para um ciclo de utiliza\u00e7\u00e3o urbana, a homologa\u00e7\u00e3o WLTP registada \u00e9 de 386 at\u00e9 438 kms (para o nosso furg\u00e3o Townstar na vers\u00e3o L1 com bateria de 45kWh). Isto representa um custo aos 100Kms na ordem dos 3\u20ac a 5\u20ac em eletricidade, tendo em conta um valor m\u00e9dio do kWh em Portugal para consumo dom\u00e9stico de 0,25\u20ac, o que pode ainda melhorar para carregamentos em regime bi hor\u00e1rio ou outros tarif\u00e1rios mais vantajosos.&nbsp;<\/p>\n\n\n\n<p><strong>Custo de utiliza\u00e7\u00e3o<\/strong><\/p>\n\n\n\n<p>Comparando este custo com uma viatura similar a gas\u00f3leo que andar\u00e1 entre os 10 a 12\u20ac a cada 100kms o cliente tem uma grande vantagem.<\/p>\n\n\n\n<p>Tamb\u00e9m na manuten\u00e7\u00e3o a redu\u00e7\u00e3o de custos \u00e9 substancial n\u00e3o havendo lugar a troca de \u00f3leo, filtros de \u00f3leo e combust\u00edvel entre outros consum\u00edveis e mesmo o desgaste do sistema de travagem \u00e9 diferente pois a utiliza\u00e7\u00e3o da viatura recorre mais ao motor regenerando tamb\u00e9m a autonomia da bateria.<\/p>\n\n\n\n<p>Podemos referir ainda que os custos de estacionamento de viaturas el\u00e9tricas podem ter grandes vantagens que dependem do munic\u00edpio, mas que, em algumas situa\u00e7\u00f5es, beneficia de taxas reduzidas ou mesmo de isen\u00e7\u00e3o de pagamento das mesmas. (o cliente dever\u00e1 consultar a informa\u00e7\u00e3o referente ao munic\u00edpio em quest\u00e3o e dos procedimentos necess\u00e1rios)<\/p>\n\n\n\n<p>Para terminar falta referir que atualmente na gama NISSAN em Portugal dispomos do furg\u00e3o el\u00e9trico Townstar com uma bateria de 45kWh de 120cv nas vers\u00f5es L1 e L2, que pode transportar at\u00e9 4,9m3 e at\u00e9 777kgs de carga \u00fatil , dependendo da vers\u00e3o, \u00a0e que est\u00e3o dispon\u00edveis para 2 ou 3 passageiros, consoante a necessidade do cliente. A vers\u00e3o L2 j\u00e1 est\u00e1 capacitada para o transporte de at\u00e9 2 euro paletes&#8221; concluem.<\/p>\n","protected":false},"excerpt":{"rendered":"<p>Recentemente incorporada ao Grupo Salvador Caetano, a marca Nissan tem procurado manter uma presen\u00e7a de qualidade nas vendas ao mercado empresarial. Em Portugal, a marca disponibiliza o modelo Townstar 100% el\u00e9trica, produto desenvolvido para o mercado europeu e que anuncia uma autonomia de at\u00e9 300km. A Townstar VE baseia-se no anterior modelo e-NV200, e incorpora [&hellip;]<\/p>\n","protected":false},"author":1,"featured_media":5968,"comment_status":"closed","ping_status":"open","sticky":false,"template":"","format":"standard","meta":{"jnews-multi-image_gallery":[],"jnews_single_post":{"subtitle":"","format":"standard","video":"","gallery":"","source_name":"","source_url":"","via_name":"","via_url":"","override_template":"0","override":[{"template":"2","single_blog_custom":"","parallax":"1","fullscreen":"1","layout":"right-sidebar","sidebar":"default-sidebar","second_sidebar":"default-sidebar","sticky_sidebar":"1","share_position":"topbottom","share_float_style":"share-monocrhome","show_share_counter":"0","show_view_counter":"0","show_featured":"1","show_post_meta":"1","show_post_author":"0","show_post_author_image":"1","show_post_date":"1","post_date_format":"default","post_date_format_custom":"Y\/m\/d","show_post_category":"1","show_post_reading_time":"0","post_reading_time_wpm":"300","show_zoom_button":"0","zoom_button_out_step":"2","zoom_button_in_step":"3","show_post_tag":"1","show_prev_next_post":"0","show_popup_post":"1","number_popup_post":"1","show_author_box":"0","show_post_related":"1","show_inline_post_related":"1"}],"override_image_size":"0","image_override":[{"single_post_thumbnail_size":"crop-500","single_post_gallery_size":"crop-500"}],"trending_post":"0","trending_post_position":"meta","trending_post_label":"Trending","sponsored_post":"0","sponsored_post_label":"Sponsored by","sponsored_post_name":"","sponsored_post_url":"","sponsored_post_logo_enable":"0","sponsored_post_logo":"","sponsored_post_desc":"","disable_ad":"0"},"jnews_primary_category":{"id":"","hide":""},"footnotes":""},"categories":[23],"tags":[],"class_list":["post-5967","post","type-post","status-publish","format-standard","has-post-thumbnail","hentry","category-frotas"],"yoast_head":"<!-- This site is optimized with the Yoast SEO Premium plugin v27.5 (Yoast SEO v27.5) - https:\/\/yoast.com\/product\/yoast-seo-premium-wordpress\/ -->\n<title>Nissan Portugal \u2013 uma mudan\u00e7a bem-vinda \u00e0s frotas - Revista Automotive<\/title>\n<meta name=\"robots\" content=\"index, follow, max-snippet:-1, max-image-preview:large, max-video-preview:-1\" \/>\n<link rel=\"canonical\" href=\"https:\/\/automotiverevista.pt\/index.php\/2024\/04\/05\/nissan-portugal-uma-mudanca-bem-vinda-as-frotas\/\" \/>\n<meta property=\"og:locale\" content=\"pt_PT\" \/>\n<meta property=\"og:type\" content=\"article\" \/>\n<meta property=\"og:title\" content=\"Nissan Portugal \u2013 uma mudan\u00e7a bem-vinda \u00e0s frotas\" \/>\n<meta property=\"og:description\" content=\"Recentemente incorporada ao Grupo Salvador Caetano, a marca Nissan tem procurado manter uma presen\u00e7a de qualidade nas vendas ao mercado empresarial. Em Portugal, a marca disponibiliza o modelo Townstar 100% el\u00e9trica, produto desenvolvido para o mercado europeu e que anuncia uma autonomia de at\u00e9 300km. A Townstar VE baseia-se no anterior modelo e-NV200, e incorpora [&hellip;]\" \/>\n<meta property=\"og:url\" content=\"https:\/\/automotiverevista.pt\/index.php\/2024\/04\/05\/nissan-portugal-uma-mudanca-bem-vinda-as-frotas\/\" \/>\n<meta property=\"og:site_name\" content=\"Revista Automotive\" \/>\n<meta property=\"article:published_time\" content=\"2024-04-05T08:00:00+00:00\" \/>\n<meta property=\"og:image\" content=\"https:\/\/automotiverevista.pt\/wp-content\/uploads\/2024\/03\/Exterior-03.jpg\" \/>\n\t<meta property=\"og:image:width\" content=\"1500\" \/>\n\t<meta property=\"og:image:height\" content=\"1000\" \/>\n\t<meta property=\"og:image:type\" content=\"image\/jpeg\" \/>\n<meta name=\"author\" content=\"adminNovo\" \/>\n<meta name=\"twitter:card\" content=\"summary_large_image\" \/>\n<meta name=\"twitter:label1\" content=\"Escrito por\" \/>\n\t<meta name=\"twitter:data1\" content=\"adminNovo\" \/>\n\t<meta name=\"twitter:label2\" content=\"Tempo estimado de leitura\" \/>\n\t<meta name=\"twitter:data2\" content=\"6 minutos\" \/>\n<script type=\"application\/ld+json\" class=\"yoast-schema-graph\">{\"@context\":\"https:\\\/\\\/schema.org\",\"@graph\":[{\"@type\":\"Article\",\"@id\":\"https:\\\/\\\/automotiverevista.pt\\\/index.php\\\/2024\\\/04\\\/05\\\/nissan-portugal-uma-mudanca-bem-vinda-as-frotas\\\/#article\",\"isPartOf\":{\"@id\":\"https:\\\/\\\/automotiverevista.pt\\\/index.php\\\/2024\\\/04\\\/05\\\/nissan-portugal-uma-mudanca-bem-vinda-as-frotas\\\/\"},\"author\":{\"name\":\"adminNovo\",\"@id\":\"https:\\\/\\\/automotiverevista.pt\\\/#\\\/schema\\\/person\\\/1265858bc8c78a0f969de814da8be281\"},\"headline\":\"Nissan Portugal \u2013 uma mudan\u00e7a bem-vinda \u00e0s frotas\",\"datePublished\":\"2024-04-05T08:00:00+00:00\",\"mainEntityOfPage\":{\"@id\":\"https:\\\/\\\/automotiverevista.pt\\\/index.php\\\/2024\\\/04\\\/05\\\/nissan-portugal-uma-mudanca-bem-vinda-as-frotas\\\/\"},\"wordCount\":935,\"publisher\":{\"@id\":\"https:\\\/\\\/automotiverevista.pt\\\/#organization\"},\"image\":{\"@id\":\"https:\\\/\\\/automotiverevista.pt\\\/index.php\\\/2024\\\/04\\\/05\\\/nissan-portugal-uma-mudanca-bem-vinda-as-frotas\\\/#primaryimage\"},\"thumbnailUrl\":\"https:\\\/\\\/automotiverevista.pt\\\/wp-content\\\/uploads\\\/2024\\\/03\\\/Exterior-03.jpg\",\"articleSection\":[\"Frotas\"],\"inLanguage\":\"pt-PT\"},{\"@type\":\"WebPage\",\"@id\":\"https:\\\/\\\/automotiverevista.pt\\\/index.php\\\/2024\\\/04\\\/05\\\/nissan-portugal-uma-mudanca-bem-vinda-as-frotas\\\/\",\"url\":\"https:\\\/\\\/automotiverevista.pt\\\/index.php\\\/2024\\\/04\\\/05\\\/nissan-portugal-uma-mudanca-bem-vinda-as-frotas\\\/\",\"name\":\"Nissan Portugal \u2013 uma mudan\u00e7a bem-vinda \u00e0s frotas - Revista Automotive\",\"isPartOf\":{\"@id\":\"https:\\\/\\\/automotiverevista.pt\\\/#website\"},\"primaryImageOfPage\":{\"@id\":\"https:\\\/\\\/automotiverevista.pt\\\/index.php\\\/2024\\\/04\\\/05\\\/nissan-portugal-uma-mudanca-bem-vinda-as-frotas\\\/#primaryimage\"},\"image\":{\"@id\":\"https:\\\/\\\/automotiverevista.pt\\\/index.php\\\/2024\\\/04\\\/05\\\/nissan-portugal-uma-mudanca-bem-vinda-as-frotas\\\/#primaryimage\"},\"thumbnailUrl\":\"https:\\\/\\\/automotiverevista.pt\\\/wp-content\\\/uploads\\\/2024\\\/03\\\/Exterior-03.jpg\",\"datePublished\":\"2024-04-05T08:00:00+00:00\",\"breadcrumb\":{\"@id\":\"https:\\\/\\\/automotiverevista.pt\\\/index.php\\\/2024\\\/04\\\/05\\\/nissan-portugal-uma-mudanca-bem-vinda-as-frotas\\\/#breadcrumb\"},\"inLanguage\":\"pt-PT\",\"potentialAction\":[{\"@type\":\"ReadAction\",\"target\":[\"https:\\\/\\\/automotiverevista.pt\\\/index.php\\\/2024\\\/04\\\/05\\\/nissan-portugal-uma-mudanca-bem-vinda-as-frotas\\\/\"]}]},{\"@type\":\"ImageObject\",\"inLanguage\":\"pt-PT\",\"@id\":\"https:\\\/\\\/automotiverevista.pt\\\/index.php\\\/2024\\\/04\\\/05\\\/nissan-portugal-uma-mudanca-bem-vinda-as-frotas\\\/#primaryimage\",\"url\":\"https:\\\/\\\/automotiverevista.pt\\\/wp-content\\\/uploads\\\/2024\\\/03\\\/Exterior-03.jpg\",\"contentUrl\":\"https:\\\/\\\/automotiverevista.pt\\\/wp-content\\\/uploads\\\/2024\\\/03\\\/Exterior-03.jpg\",\"width\":1500,\"height\":1000},{\"@type\":\"BreadcrumbList\",\"@id\":\"https:\\\/\\\/automotiverevista.pt\\\/index.php\\\/2024\\\/04\\\/05\\\/nissan-portugal-uma-mudanca-bem-vinda-as-frotas\\\/#breadcrumb\",\"itemListElement\":[{\"@type\":\"ListItem\",\"position\":1,\"name\":\"Home\",\"item\":\"https:\\\/\\\/automotiverevista.pt\\\/\"},{\"@type\":\"ListItem\",\"position\":2,\"name\":\"Nissan Portugal \u2013 uma mudan\u00e7a bem-vinda \u00e0s frotas\"}]},{\"@type\":\"WebSite\",\"@id\":\"https:\\\/\\\/automotiverevista.pt\\\/#website\",\"url\":\"https:\\\/\\\/automotiverevista.pt\\\/\",\"name\":\"Revista Automotive\",\"description\":\"Revista Automotive Portugal\",\"publisher\":{\"@id\":\"https:\\\/\\\/automotiverevista.pt\\\/#organization\"},\"potentialAction\":[{\"@type\":\"SearchAction\",\"target\":{\"@type\":\"EntryPoint\",\"urlTemplate\":\"https:\\\/\\\/automotiverevista.pt\\\/?s={search_term_string}\"},\"query-input\":{\"@type\":\"PropertyValueSpecification\",\"valueRequired\":true,\"valueName\":\"search_term_string\"}}],\"inLanguage\":\"pt-PT\"},{\"@type\":\"Organization\",\"@id\":\"https:\\\/\\\/automotiverevista.pt\\\/#organization\",\"name\":\"Revista Automotive Portugal\",\"url\":\"https:\\\/\\\/automotiverevista.pt\\\/\",\"logo\":{\"@type\":\"ImageObject\",\"inLanguage\":\"pt-PT\",\"@id\":\"https:\\\/\\\/automotiverevista.pt\\\/#\\\/schema\\\/logo\\\/image\\\/\",\"url\":\"https:\\\/\\\/automotiverevista.pt\\\/wp-content\\\/uploads\\\/2022\\\/07\\\/Logo-Automotive-2021_500-1.jpg\",\"contentUrl\":\"https:\\\/\\\/automotiverevista.pt\\\/wp-content\\\/uploads\\\/2022\\\/07\\\/Logo-Automotive-2021_500-1.jpg\",\"width\":500,\"height\":160,\"caption\":\"Revista Automotive Portugal\"},\"image\":{\"@id\":\"https:\\\/\\\/automotiverevista.pt\\\/#\\\/schema\\\/logo\\\/image\\\/\"},\"sameAs\":[\"https:\\\/\\\/linkedin.com\\\/in\\\/automotiverevista\"]},{\"@type\":\"Person\",\"@id\":\"https:\\\/\\\/automotiverevista.pt\\\/#\\\/schema\\\/person\\\/1265858bc8c78a0f969de814da8be281\",\"name\":\"adminNovo\",\"image\":{\"@type\":\"ImageObject\",\"inLanguage\":\"pt-PT\",\"@id\":\"https:\\\/\\\/secure.gravatar.com\\\/avatar\\\/c606c1288dcc11eb4c709aa5136fdb962583c410f5c23c0b7bf6917c542be355?s=96&d=mm&r=g\",\"url\":\"https:\\\/\\\/secure.gravatar.com\\\/avatar\\\/c606c1288dcc11eb4c709aa5136fdb962583c410f5c23c0b7bf6917c542be355?s=96&d=mm&r=g\",\"contentUrl\":\"https:\\\/\\\/secure.gravatar.com\\\/avatar\\\/c606c1288dcc11eb4c709aa5136fdb962583c410f5c23c0b7bf6917c542be355?s=96&d=mm&r=g\",\"caption\":\"adminNovo\"},\"sameAs\":[\"https:\\\/\\\/automotiverevista.pt\"],\"url\":\"https:\\\/\\\/automotiverevista.pt\\\/index.php\\\/author\\\/adminnovo\\\/\"}]}<\/script>\n<!-- \/ Yoast SEO Premium plugin. -->","yoast_head_json":{"title":"Nissan Portugal \u2013 uma mudan\u00e7a bem-vinda \u00e0s frotas - Revista Automotive","robots":{"index":"index","follow":"follow","max-snippet":"max-snippet:-1","max-image-preview":"max-image-preview:large","max-video-preview":"max-video-preview:-1"},"canonical":"https:\/\/automotiverevista.pt\/index.php\/2024\/04\/05\/nissan-portugal-uma-mudanca-bem-vinda-as-frotas\/","og_locale":"pt_PT","og_type":"article","og_title":"Nissan Portugal \u2013 uma mudan\u00e7a bem-vinda \u00e0s frotas","og_description":"Recentemente incorporada ao Grupo Salvador Caetano, a marca Nissan tem procurado manter uma presen\u00e7a de qualidade nas vendas ao mercado empresarial. Em Portugal, a marca disponibiliza o modelo Townstar 100% el\u00e9trica, produto desenvolvido para o mercado europeu e que anuncia uma autonomia de at\u00e9 300km. A Townstar VE baseia-se no anterior modelo e-NV200, e incorpora [&hellip;]","og_url":"https:\/\/automotiverevista.pt\/index.php\/2024\/04\/05\/nissan-portugal-uma-mudanca-bem-vinda-as-frotas\/","og_site_name":"Revista Automotive","article_published_time":"2024-04-05T08:00:00+00:00","og_image":[{"width":1500,"height":1000,"url":"https:\/\/automotiverevista.pt\/wp-content\/uploads\/2024\/03\/Exterior-03.jpg","type":"image\/jpeg"}],"author":"adminNovo","twitter_card":"summary_large_image","twitter_misc":{"Escrito por":"adminNovo","Tempo estimado de leitura":"6 minutos"},"schema":{"@context":"https:\/\/schema.org","@graph":[{"@type":"Article","@id":"https:\/\/automotiverevista.pt\/index.php\/2024\/04\/05\/nissan-portugal-uma-mudanca-bem-vinda-as-frotas\/#article","isPartOf":{"@id":"https:\/\/automotiverevista.pt\/index.php\/2024\/04\/05\/nissan-portugal-uma-mudanca-bem-vinda-as-frotas\/"},"author":{"name":"adminNovo","@id":"https:\/\/automotiverevista.pt\/#\/schema\/person\/1265858bc8c78a0f969de814da8be281"},"headline":"Nissan Portugal \u2013 uma mudan\u00e7a bem-vinda \u00e0s frotas","datePublished":"2024-04-05T08:00:00+00:00","mainEntityOfPage":{"@id":"https:\/\/automotiverevista.pt\/index.php\/2024\/04\/05\/nissan-portugal-uma-mudanca-bem-vinda-as-frotas\/"},"wordCount":935,"publisher":{"@id":"https:\/\/automotiverevista.pt\/#organization"},"image":{"@id":"https:\/\/automotiverevista.pt\/index.php\/2024\/04\/05\/nissan-portugal-uma-mudanca-bem-vinda-as-frotas\/#primaryimage"},"thumbnailUrl":"https:\/\/automotiverevista.pt\/wp-content\/uploads\/2024\/03\/Exterior-03.jpg","articleSection":["Frotas"],"inLanguage":"pt-PT"},{"@type":"WebPage","@id":"https:\/\/automotiverevista.pt\/index.php\/2024\/04\/05\/nissan-portugal-uma-mudanca-bem-vinda-as-frotas\/","url":"https:\/\/automotiverevista.pt\/index.php\/2024\/04\/05\/nissan-portugal-uma-mudanca-bem-vinda-as-frotas\/","name":"Nissan Portugal \u2013 uma mudan\u00e7a bem-vinda \u00e0s frotas - Revista Automotive","isPartOf":{"@id":"https:\/\/automotiverevista.pt\/#website"},"primaryImageOfPage":{"@id":"https:\/\/automotiverevista.pt\/index.php\/2024\/04\/05\/nissan-portugal-uma-mudanca-bem-vinda-as-frotas\/#primaryimage"},"image":{"@id":"https:\/\/automotiverevista.pt\/index.php\/2024\/04\/05\/nissan-portugal-uma-mudanca-bem-vinda-as-frotas\/#primaryimage"},"thumbnailUrl":"https:\/\/automotiverevista.pt\/wp-content\/uploads\/2024\/03\/Exterior-03.jpg","datePublished":"2024-04-05T08:00:00+00:00","breadcrumb":{"@id":"https:\/\/automotiverevista.pt\/index.php\/2024\/04\/05\/nissan-portugal-uma-mudanca-bem-vinda-as-frotas\/#breadcrumb"},"inLanguage":"pt-PT","potentialAction":[{"@type":"ReadAction","target":["https:\/\/automotiverevista.pt\/index.php\/2024\/04\/05\/nissan-portugal-uma-mudanca-bem-vinda-as-frotas\/"]}]},{"@type":"ImageObject","inLanguage":"pt-PT","@id":"https:\/\/automotiverevista.pt\/index.php\/2024\/04\/05\/nissan-portugal-uma-mudanca-bem-vinda-as-frotas\/#primaryimage","url":"https:\/\/automotiverevista.pt\/wp-content\/uploads\/2024\/03\/Exterior-03.jpg","contentUrl":"https:\/\/automotiverevista.pt\/wp-content\/uploads\/2024\/03\/Exterior-03.jpg","width":1500,"height":1000},{"@type":"BreadcrumbList","@id":"https:\/\/automotiverevista.pt\/index.php\/2024\/04\/05\/nissan-portugal-uma-mudanca-bem-vinda-as-frotas\/#breadcrumb","itemListElement":[{"@type":"ListItem","position":1,"name":"Home","item":"https:\/\/automotiverevista.pt\/"},{"@type":"ListItem","position":2,"name":"Nissan Portugal \u2013 uma mudan\u00e7a bem-vinda \u00e0s frotas"}]},{"@type":"WebSite","@id":"https:\/\/automotiverevista.pt\/#website","url":"https:\/\/automotiverevista.pt\/","name":"Revista Automotive","description":"Revista Automotive Portugal","publisher":{"@id":"https:\/\/automotiverevista.pt\/#organization"},"potentialAction":[{"@type":"SearchAction","target":{"@type":"EntryPoint","urlTemplate":"https:\/\/automotiverevista.pt\/?s={search_term_string}"},"query-input":{"@type":"PropertyValueSpecification","valueRequired":true,"valueName":"search_term_string"}}],"inLanguage":"pt-PT"},{"@type":"Organization","@id":"https:\/\/automotiverevista.pt\/#organization","name":"Revista Automotive Portugal","url":"https:\/\/automotiverevista.pt\/","logo":{"@type":"ImageObject","inLanguage":"pt-PT","@id":"https:\/\/automotiverevista.pt\/#\/schema\/logo\/image\/","url":"https:\/\/automotiverevista.pt\/wp-content\/uploads\/2022\/07\/Logo-Automotive-2021_500-1.jpg","contentUrl":"https:\/\/automotiverevista.pt\/wp-content\/uploads\/2022\/07\/Logo-Automotive-2021_500-1.jpg","width":500,"height":160,"caption":"Revista Automotive Portugal"},"image":{"@id":"https:\/\/automotiverevista.pt\/#\/schema\/logo\/image\/"},"sameAs":["https:\/\/linkedin.com\/in\/automotiverevista"]},{"@type":"Person","@id":"https:\/\/automotiverevista.pt\/#\/schema\/person\/1265858bc8c78a0f969de814da8be281","name":"adminNovo","image":{"@type":"ImageObject","inLanguage":"pt-PT","@id":"https:\/\/secure.gravatar.com\/avatar\/c606c1288dcc11eb4c709aa5136fdb962583c410f5c23c0b7bf6917c542be355?s=96&d=mm&r=g","url":"https:\/\/secure.gravatar.com\/avatar\/c606c1288dcc11eb4c709aa5136fdb962583c410f5c23c0b7bf6917c542be355?s=96&d=mm&r=g","contentUrl":"https:\/\/secure.gravatar.com\/avatar\/c606c1288dcc11eb4c709aa5136fdb962583c410f5c23c0b7bf6917c542be355?s=96&d=mm&r=g","caption":"adminNovo"},"sameAs":["https:\/\/automotiverevista.pt"],"url":"https:\/\/automotiverevista.pt\/index.php\/author\/adminnovo\/"}]}},"_links":{"self":[{"href":"https:\/\/automotiverevista.pt\/index.php\/wp-json\/wp\/v2\/posts\/5967","targetHints":{"allow":["GET"]}}],"collection":[{"href":"https:\/\/automotiverevista.pt\/index.php\/wp-json\/wp\/v2\/posts"}],"about":[{"href":"https:\/\/automotiverevista.pt\/index.php\/wp-json\/wp\/v2\/types\/post"}],"author":[{"embeddable":true,"href":"https:\/\/automotiverevista.pt\/index.php\/wp-json\/wp\/v2\/users\/1"}],"replies":[{"embeddable":true,"href":"https:\/\/automotiverevista.pt\/index.php\/wp-json\/wp\/v2\/comments?post=5967"}],"version-history":[{"count":1,"href":"https:\/\/automotiverevista.pt\/index.php\/wp-json\/wp\/v2\/posts\/5967\/revisions"}],"predecessor-version":[{"id":5970,"href":"https:\/\/automotiverevista.pt\/index.php\/wp-json\/wp\/v2\/posts\/5967\/revisions\/5970"}],"wp:featuredmedia":[{"embeddable":true,"href":"https:\/\/automotiverevista.pt\/index.php\/wp-json\/wp\/v2\/media\/5968"}],"wp:attachment":[{"href":"https:\/\/automotiverevista.pt\/index.php\/wp-json\/wp\/v2\/media?parent=5967"}],"wp:term":[{"taxonomy":"category","embeddable":true,"href":"https:\/\/automotiverevista.pt\/index.php\/wp-json\/wp\/v2\/categories?post=5967"},{"taxonomy":"post_tag","embeddable":true,"href":"https:\/\/automotiverevista.pt\/index.php\/wp-json\/wp\/v2\/tags?post=5967"}],"curies":[{"name":"wp","href":"https:\/\/api.w.org\/{rel}","templated":true}]}}