{"id":5971,"date":"2024-04-08T08:00:00","date_gmt":"2024-04-08T08:00:00","guid":{"rendered":"https:\/\/automotiverevista.pt\/?p=5971"},"modified":"2024-03-09T21:36:23","modified_gmt":"2024-03-09T21:36:23","slug":"fiat-professional-maior-sintonia-nos-furgoes-eletricos","status":"publish","type":"post","link":"https:\/\/automotiverevista.pt\/index.php\/2024\/04\/08\/fiat-professional-maior-sintonia-nos-furgoes-eletricos\/","title":{"rendered":"Fiat Professional \u2013 maior sintonia nos furg\u00f5es el\u00e9tricos"},"content":{"rendered":"\n<p>Com mais experi\u00eancia no atendimento ao cliente empresarial e frotas, a marca Fiat Professional conta com muitas solu\u00e7\u00f5es de viaturas comerciais 100% el\u00e9tricas, beneficiando-se, em alguns casos, das mesmas plataformas e tecnologias dos demais modelos comerciais do Grupo Stellantis.<\/p>\n\n\n\n<p>O <strong>E-Ducato<\/strong>, por exemplo, \u00e9 um furg\u00e3o que disp\u00f5e de 4 op\u00e7\u00f5es de carregamento com um carregador-inteligente que se adapta \u00e0s configura\u00e7\u00f5es de carregamento AC (Corrente Alternada) e DC (Corrente Direta). Apresenta uma caracter\u00edstica \u00fanica das baterias de arquitetura paralela \u2013 permite que o ve\u00edculo continue viagem mesmo que falhe um m\u00f3dulo<\/p>\n\n\n\n<p>Desde 2016, a Fiat Professional, com uma equipa dedicada analisou o mercado dos ve\u00edculos comerciais ligeiros, estudando centenas de ve\u00edculos de forma a entender as necessidades do mercado e finalmente lan\u00e7ou o seu ve\u00edculo de 0 emiss\u00f5es, baseado no seu melhor parceiro de neg\u00f3cios: o e-Ducato.<\/p>\n\n\n\n<p>J\u00e1 o <strong>E-Scudo<\/strong> anuncia at\u00e9 330 km de autonomia, velocidade m\u00e1xima de 130 km\/h, baixos tempos de carregamento e zero emiss\u00f5es de CO2. O novo E-Scudo assegura a mesma capacidade de carga que a vers\u00e3o a Diesel, ou seja, at\u00e9 1,2 toneladas de carga \u00fatil. O cliente pode escolher entre baterias diferentes, de 50 ou 75 kWh, de acordo com as tipologias do seu neg\u00f3cio.<\/p>\n\n\n\n<p>Por sua vez, o modelo <strong>E-Dobl\u00f2<\/strong> utiliza um motor el\u00e9trico que permite uma condu\u00e7\u00e3o eficiente, suave e rautonomia at\u00e9 280 km, com zero emiss\u00f5es de CO2 e 100 kW DC para carga r\u00e1pida. Com os mesmos tipos de carro\u00e7aria e espa\u00e7o de carga que os motores t\u00e9rmicos, o E-Dobl\u00f2 foi concebido para o melhor desempenho que o ve\u00edculo pode proporcionar para o seu dia-a-dia de trabalho.<\/p>\n\n\n\n<figure class=\"wp-block-image size-large is-resized\"><img decoding=\"async\" width=\"1024\" height=\"441\" src=\"https:\/\/automotiverevista.pt\/wp-content\/uploads\/2024\/03\/Fiat-Professional-New-Range-1024x441.jpg\" alt=\"\" class=\"wp-image-5973\" style=\"width:844px;height:auto\" srcset=\"https:\/\/automotiverevista.pt\/wp-content\/uploads\/2024\/03\/Fiat-Professional-New-Range-1024x441.jpg 1024w, https:\/\/automotiverevista.pt\/wp-content\/uploads\/2024\/03\/Fiat-Professional-New-Range-300x129.jpg 300w, https:\/\/automotiverevista.pt\/wp-content\/uploads\/2024\/03\/Fiat-Professional-New-Range-768x331.jpg 768w, https:\/\/automotiverevista.pt\/wp-content\/uploads\/2024\/03\/Fiat-Professional-New-Range-750x323.jpg 750w, https:\/\/automotiverevista.pt\/wp-content\/uploads\/2024\/03\/Fiat-Professional-New-Range-1140x491.jpg 1140w, https:\/\/automotiverevista.pt\/wp-content\/uploads\/2024\/03\/Fiat-Professional-New-Range.jpg 1374w\" sizes=\"(max-width: 1024px) 100vw, 1024px\" \/><\/figure>\n\n\n\n<p><strong>Servi\u00e7os<\/strong><strong><\/strong><\/p>\n\n\n\n<p>Mesmo n\u00e3o dispondo de um programa ou servi\u00e7o espec\u00edfico para o cliente profissional, a marca disponibiliza uma linha direta do servi\u00e7o de apoio ao cliente da Fiat Professional. Em Portugal, conta com 54 pontos de assist\u00eancia para VCL el\u00e9tricos. Juntamente com os VCL el\u00e9tricos, existe a possibilidade de se obter uma Easy Wallbox para carregamento do mesmo. Neste momento, a Easy Wallbox \u00e9 uma oferta, caso o cliente assim pretenda (apenas equipamento, instala\u00e7\u00e3o paga \u00e0 parte).<\/p>\n\n\n\n<p>No cap\u00edtulo das vantagens fiscais, destaque para a isen\u00e7\u00e3o de pagamento de ISV e IUC, assim como outras vantagens em algumas cidades como a isen\u00e7\u00e3o de pagamento de estacionamento para viaturas el\u00e9tricas. Relativamente a benef\u00edcios espec\u00edficos, para al\u00e9m da oferta de Wallbox, conforme acima mencionado, a marca proporciona condi\u00e7\u00f5es comerciais especiais para clientes profissionais.<\/p>\n","protected":false},"excerpt":{"rendered":"<p>Com mais experi\u00eancia no atendimento ao cliente empresarial e frotas, a marca Fiat Professional conta com muitas solu\u00e7\u00f5es de viaturas comerciais 100% el\u00e9tricas, beneficiando-se, em alguns casos, das mesmas plataformas e tecnologias dos demais modelos comerciais do Grupo Stellantis. O E-Ducato, por exemplo, \u00e9 um furg\u00e3o que disp\u00f5e de 4 op\u00e7\u00f5es de carregamento com um [&hellip;]<\/p>\n","protected":false},"author":1,"featured_media":5972,"comment_status":"closed","ping_status":"open","sticky":false,"template":"","format":"standard","meta":{"jnews-multi-image_gallery":[],"jnews_single_post":{"subtitle":"","format":"standard","video":"","gallery":"","source_name":"","source_url":"","via_name":"","via_url":"","override_template":"0","override":[{"template":"2","single_blog_custom":"","parallax":"1","fullscreen":"1","layout":"right-sidebar","sidebar":"default-sidebar","second_sidebar":"default-sidebar","sticky_sidebar":"1","share_position":"topbottom","share_float_style":"share-monocrhome","show_share_counter":"0","show_view_counter":"0","show_featured":"1","show_post_meta":"1","show_post_author":"0","show_post_author_image":"1","show_post_date":"1","post_date_format":"default","post_date_format_custom":"Y\/m\/d","show_post_category":"1","show_post_reading_time":"0","post_reading_time_wpm":"300","show_zoom_button":"0","zoom_button_out_step":"2","zoom_button_in_step":"3","show_post_tag":"1","show_prev_next_post":"0","show_popup_post":"1","number_popup_post":"1","show_author_box":"0","show_post_related":"1","show_inline_post_related":"1"}],"override_image_size":"0","image_override":[{"single_post_thumbnail_size":"crop-500","single_post_gallery_size":"crop-500"}],"trending_post":"0","trending_post_position":"meta","trending_post_label":"Trending","sponsored_post":"0","sponsored_post_label":"Sponsored by","sponsored_post_name":"","sponsored_post_url":"","sponsored_post_logo_enable":"0","sponsored_post_logo":"","sponsored_post_desc":"","disable_ad":"0"},"jnews_primary_category":{"id":"","hide":""},"footnotes":""},"categories":[23],"tags":[],"class_list":["post-5971","post","type-post","status-publish","format-standard","has-post-thumbnail","hentry","category-frotas"],"yoast_head":"<!-- This site is optimized with the Yoast SEO Premium plugin v27.5 (Yoast SEO v27.5) - https:\/\/yoast.com\/product\/yoast-seo-premium-wordpress\/ -->\n<title>Fiat Professional \u2013 maior sintonia nos furg\u00f5es el\u00e9tricos - Revista Automotive<\/title>\n<meta name=\"robots\" content=\"index, follow, max-snippet:-1, max-image-preview:large, max-video-preview:-1\" \/>\n<link rel=\"canonical\" href=\"https:\/\/automotiverevista.pt\/index.php\/2024\/04\/08\/fiat-professional-maior-sintonia-nos-furgoes-eletricos\/\" \/>\n<meta property=\"og:locale\" content=\"pt_PT\" \/>\n<meta property=\"og:type\" content=\"article\" \/>\n<meta property=\"og:title\" content=\"Fiat Professional \u2013 maior sintonia nos furg\u00f5es el\u00e9tricos\" \/>\n<meta property=\"og:description\" content=\"Com mais experi\u00eancia no atendimento ao cliente empresarial e frotas, a marca Fiat Professional conta com muitas solu\u00e7\u00f5es de viaturas comerciais 100% el\u00e9tricas, beneficiando-se, em alguns casos, das mesmas plataformas e tecnologias dos demais modelos comerciais do Grupo Stellantis. O E-Ducato, por exemplo, \u00e9 um furg\u00e3o que disp\u00f5e de 4 op\u00e7\u00f5es de carregamento com um [&hellip;]\" \/>\n<meta property=\"og:url\" content=\"https:\/\/automotiverevista.pt\/index.php\/2024\/04\/08\/fiat-professional-maior-sintonia-nos-furgoes-eletricos\/\" \/>\n<meta property=\"og:site_name\" content=\"Revista Automotive\" \/>\n<meta property=\"article:published_time\" content=\"2024-04-08T08:00:00+00:00\" \/>\n<meta property=\"og:image\" content=\"https:\/\/automotiverevista.pt\/wp-content\/uploads\/2024\/03\/FIAT-Professiona_New-range-1.jpg\" \/>\n\t<meta property=\"og:image:width\" content=\"1423\" \/>\n\t<meta property=\"og:image:height\" content=\"1125\" \/>\n\t<meta property=\"og:image:type\" content=\"image\/jpeg\" \/>\n<meta name=\"author\" content=\"adminNovo\" \/>\n<meta name=\"twitter:card\" content=\"summary_large_image\" \/>\n<meta name=\"twitter:label1\" content=\"Escrito por\" \/>\n\t<meta name=\"twitter:data1\" content=\"adminNovo\" \/>\n\t<meta name=\"twitter:label2\" content=\"Tempo estimado de leitura\" \/>\n\t<meta name=\"twitter:data2\" content=\"3 minutos\" \/>\n<script type=\"application\/ld+json\" class=\"yoast-schema-graph\">{\"@context\":\"https:\\\/\\\/schema.org\",\"@graph\":[{\"@type\":\"Article\",\"@id\":\"https:\\\/\\\/automotiverevista.pt\\\/index.php\\\/2024\\\/04\\\/08\\\/fiat-professional-maior-sintonia-nos-furgoes-eletricos\\\/#article\",\"isPartOf\":{\"@id\":\"https:\\\/\\\/automotiverevista.pt\\\/index.php\\\/2024\\\/04\\\/08\\\/fiat-professional-maior-sintonia-nos-furgoes-eletricos\\\/\"},\"author\":{\"name\":\"adminNovo\",\"@id\":\"https:\\\/\\\/automotiverevista.pt\\\/#\\\/schema\\\/person\\\/1265858bc8c78a0f969de814da8be281\"},\"headline\":\"Fiat Professional \u2013 maior sintonia nos furg\u00f5es el\u00e9tricos\",\"datePublished\":\"2024-04-08T08:00:00+00:00\",\"mainEntityOfPage\":{\"@id\":\"https:\\\/\\\/automotiverevista.pt\\\/index.php\\\/2024\\\/04\\\/08\\\/fiat-professional-maior-sintonia-nos-furgoes-eletricos\\\/\"},\"wordCount\":438,\"publisher\":{\"@id\":\"https:\\\/\\\/automotiverevista.pt\\\/#organization\"},\"image\":{\"@id\":\"https:\\\/\\\/automotiverevista.pt\\\/index.php\\\/2024\\\/04\\\/08\\\/fiat-professional-maior-sintonia-nos-furgoes-eletricos\\\/#primaryimage\"},\"thumbnailUrl\":\"https:\\\/\\\/automotiverevista.pt\\\/wp-content\\\/uploads\\\/2024\\\/03\\\/FIAT-Professiona_New-range-1.jpg\",\"articleSection\":[\"Frotas\"],\"inLanguage\":\"pt-PT\"},{\"@type\":\"WebPage\",\"@id\":\"https:\\\/\\\/automotiverevista.pt\\\/index.php\\\/2024\\\/04\\\/08\\\/fiat-professional-maior-sintonia-nos-furgoes-eletricos\\\/\",\"url\":\"https:\\\/\\\/automotiverevista.pt\\\/index.php\\\/2024\\\/04\\\/08\\\/fiat-professional-maior-sintonia-nos-furgoes-eletricos\\\/\",\"name\":\"Fiat Professional \u2013 maior sintonia nos furg\u00f5es el\u00e9tricos - Revista Automotive\",\"isPartOf\":{\"@id\":\"https:\\\/\\\/automotiverevista.pt\\\/#website\"},\"primaryImageOfPage\":{\"@id\":\"https:\\\/\\\/automotiverevista.pt\\\/index.php\\\/2024\\\/04\\\/08\\\/fiat-professional-maior-sintonia-nos-furgoes-eletricos\\\/#primaryimage\"},\"image\":{\"@id\":\"https:\\\/\\\/automotiverevista.pt\\\/index.php\\\/2024\\\/04\\\/08\\\/fiat-professional-maior-sintonia-nos-furgoes-eletricos\\\/#primaryimage\"},\"thumbnailUrl\":\"https:\\\/\\\/automotiverevista.pt\\\/wp-content\\\/uploads\\\/2024\\\/03\\\/FIAT-Professiona_New-range-1.jpg\",\"datePublished\":\"2024-04-08T08:00:00+00:00\",\"breadcrumb\":{\"@id\":\"https:\\\/\\\/automotiverevista.pt\\\/index.php\\\/2024\\\/04\\\/08\\\/fiat-professional-maior-sintonia-nos-furgoes-eletricos\\\/#breadcrumb\"},\"inLanguage\":\"pt-PT\",\"potentialAction\":[{\"@type\":\"ReadAction\",\"target\":[\"https:\\\/\\\/automotiverevista.pt\\\/index.php\\\/2024\\\/04\\\/08\\\/fiat-professional-maior-sintonia-nos-furgoes-eletricos\\\/\"]}]},{\"@type\":\"ImageObject\",\"inLanguage\":\"pt-PT\",\"@id\":\"https:\\\/\\\/automotiverevista.pt\\\/index.php\\\/2024\\\/04\\\/08\\\/fiat-professional-maior-sintonia-nos-furgoes-eletricos\\\/#primaryimage\",\"url\":\"https:\\\/\\\/automotiverevista.pt\\\/wp-content\\\/uploads\\\/2024\\\/03\\\/FIAT-Professiona_New-range-1.jpg\",\"contentUrl\":\"https:\\\/\\\/automotiverevista.pt\\\/wp-content\\\/uploads\\\/2024\\\/03\\\/FIAT-Professiona_New-range-1.jpg\",\"width\":1423,\"height\":1125},{\"@type\":\"BreadcrumbList\",\"@id\":\"https:\\\/\\\/automotiverevista.pt\\\/index.php\\\/2024\\\/04\\\/08\\\/fiat-professional-maior-sintonia-nos-furgoes-eletricos\\\/#breadcrumb\",\"itemListElement\":[{\"@type\":\"ListItem\",\"position\":1,\"name\":\"Home\",\"item\":\"https:\\\/\\\/automotiverevista.pt\\\/\"},{\"@type\":\"ListItem\",\"position\":2,\"name\":\"Fiat Professional \u2013 maior sintonia nos furg\u00f5es el\u00e9tricos\"}]},{\"@type\":\"WebSite\",\"@id\":\"https:\\\/\\\/automotiverevista.pt\\\/#website\",\"url\":\"https:\\\/\\\/automotiverevista.pt\\\/\",\"name\":\"Revista Automotive\",\"description\":\"Revista Automotive Portugal\",\"publisher\":{\"@id\":\"https:\\\/\\\/automotiverevista.pt\\\/#organization\"},\"potentialAction\":[{\"@type\":\"SearchAction\",\"target\":{\"@type\":\"EntryPoint\",\"urlTemplate\":\"https:\\\/\\\/automotiverevista.pt\\\/?s={search_term_string}\"},\"query-input\":{\"@type\":\"PropertyValueSpecification\",\"valueRequired\":true,\"valueName\":\"search_term_string\"}}],\"inLanguage\":\"pt-PT\"},{\"@type\":\"Organization\",\"@id\":\"https:\\\/\\\/automotiverevista.pt\\\/#organization\",\"name\":\"Revista Automotive Portugal\",\"url\":\"https:\\\/\\\/automotiverevista.pt\\\/\",\"logo\":{\"@type\":\"ImageObject\",\"inLanguage\":\"pt-PT\",\"@id\":\"https:\\\/\\\/automotiverevista.pt\\\/#\\\/schema\\\/logo\\\/image\\\/\",\"url\":\"https:\\\/\\\/automotiverevista.pt\\\/wp-content\\\/uploads\\\/2022\\\/07\\\/Logo-Automotive-2021_500-1.jpg\",\"contentUrl\":\"https:\\\/\\\/automotiverevista.pt\\\/wp-content\\\/uploads\\\/2022\\\/07\\\/Logo-Automotive-2021_500-1.jpg\",\"width\":500,\"height\":160,\"caption\":\"Revista Automotive Portugal\"},\"image\":{\"@id\":\"https:\\\/\\\/automotiverevista.pt\\\/#\\\/schema\\\/logo\\\/image\\\/\"},\"sameAs\":[\"https:\\\/\\\/linkedin.com\\\/in\\\/automotiverevista\"]},{\"@type\":\"Person\",\"@id\":\"https:\\\/\\\/automotiverevista.pt\\\/#\\\/schema\\\/person\\\/1265858bc8c78a0f969de814da8be281\",\"name\":\"adminNovo\",\"image\":{\"@type\":\"ImageObject\",\"inLanguage\":\"pt-PT\",\"@id\":\"https:\\\/\\\/secure.gravatar.com\\\/avatar\\\/c606c1288dcc11eb4c709aa5136fdb962583c410f5c23c0b7bf6917c542be355?s=96&d=mm&r=g\",\"url\":\"https:\\\/\\\/secure.gravatar.com\\\/avatar\\\/c606c1288dcc11eb4c709aa5136fdb962583c410f5c23c0b7bf6917c542be355?s=96&d=mm&r=g\",\"contentUrl\":\"https:\\\/\\\/secure.gravatar.com\\\/avatar\\\/c606c1288dcc11eb4c709aa5136fdb962583c410f5c23c0b7bf6917c542be355?s=96&d=mm&r=g\",\"caption\":\"adminNovo\"},\"sameAs\":[\"https:\\\/\\\/automotiverevista.pt\"],\"url\":\"https:\\\/\\\/automotiverevista.pt\\\/index.php\\\/author\\\/adminnovo\\\/\"}]}<\/script>\n<!-- \/ Yoast SEO Premium plugin. -->","yoast_head_json":{"title":"Fiat Professional \u2013 maior sintonia nos furg\u00f5es el\u00e9tricos - Revista Automotive","robots":{"index":"index","follow":"follow","max-snippet":"max-snippet:-1","max-image-preview":"max-image-preview:large","max-video-preview":"max-video-preview:-1"},"canonical":"https:\/\/automotiverevista.pt\/index.php\/2024\/04\/08\/fiat-professional-maior-sintonia-nos-furgoes-eletricos\/","og_locale":"pt_PT","og_type":"article","og_title":"Fiat Professional \u2013 maior sintonia nos furg\u00f5es el\u00e9tricos","og_description":"Com mais experi\u00eancia no atendimento ao cliente empresarial e frotas, a marca Fiat Professional conta com muitas solu\u00e7\u00f5es de viaturas comerciais 100% el\u00e9tricas, beneficiando-se, em alguns casos, das mesmas plataformas e tecnologias dos demais modelos comerciais do Grupo Stellantis. O E-Ducato, por exemplo, \u00e9 um furg\u00e3o que disp\u00f5e de 4 op\u00e7\u00f5es de carregamento com um [&hellip;]","og_url":"https:\/\/automotiverevista.pt\/index.php\/2024\/04\/08\/fiat-professional-maior-sintonia-nos-furgoes-eletricos\/","og_site_name":"Revista Automotive","article_published_time":"2024-04-08T08:00:00+00:00","og_image":[{"width":1423,"height":1125,"url":"https:\/\/automotiverevista.pt\/wp-content\/uploads\/2024\/03\/FIAT-Professiona_New-range-1.jpg","type":"image\/jpeg"}],"author":"adminNovo","twitter_card":"summary_large_image","twitter_misc":{"Escrito por":"adminNovo","Tempo estimado de leitura":"3 minutos"},"schema":{"@context":"https:\/\/schema.org","@graph":[{"@type":"Article","@id":"https:\/\/automotiverevista.pt\/index.php\/2024\/04\/08\/fiat-professional-maior-sintonia-nos-furgoes-eletricos\/#article","isPartOf":{"@id":"https:\/\/automotiverevista.pt\/index.php\/2024\/04\/08\/fiat-professional-maior-sintonia-nos-furgoes-eletricos\/"},"author":{"name":"adminNovo","@id":"https:\/\/automotiverevista.pt\/#\/schema\/person\/1265858bc8c78a0f969de814da8be281"},"headline":"Fiat Professional \u2013 maior sintonia nos furg\u00f5es el\u00e9tricos","datePublished":"2024-04-08T08:00:00+00:00","mainEntityOfPage":{"@id":"https:\/\/automotiverevista.pt\/index.php\/2024\/04\/08\/fiat-professional-maior-sintonia-nos-furgoes-eletricos\/"},"wordCount":438,"publisher":{"@id":"https:\/\/automotiverevista.pt\/#organization"},"image":{"@id":"https:\/\/automotiverevista.pt\/index.php\/2024\/04\/08\/fiat-professional-maior-sintonia-nos-furgoes-eletricos\/#primaryimage"},"thumbnailUrl":"https:\/\/automotiverevista.pt\/wp-content\/uploads\/2024\/03\/FIAT-Professiona_New-range-1.jpg","articleSection":["Frotas"],"inLanguage":"pt-PT"},{"@type":"WebPage","@id":"https:\/\/automotiverevista.pt\/index.php\/2024\/04\/08\/fiat-professional-maior-sintonia-nos-furgoes-eletricos\/","url":"https:\/\/automotiverevista.pt\/index.php\/2024\/04\/08\/fiat-professional-maior-sintonia-nos-furgoes-eletricos\/","name":"Fiat Professional \u2013 maior sintonia nos furg\u00f5es el\u00e9tricos - Revista Automotive","isPartOf":{"@id":"https:\/\/automotiverevista.pt\/#website"},"primaryImageOfPage":{"@id":"https:\/\/automotiverevista.pt\/index.php\/2024\/04\/08\/fiat-professional-maior-sintonia-nos-furgoes-eletricos\/#primaryimage"},"image":{"@id":"https:\/\/automotiverevista.pt\/index.php\/2024\/04\/08\/fiat-professional-maior-sintonia-nos-furgoes-eletricos\/#primaryimage"},"thumbnailUrl":"https:\/\/automotiverevista.pt\/wp-content\/uploads\/2024\/03\/FIAT-Professiona_New-range-1.jpg","datePublished":"2024-04-08T08:00:00+00:00","breadcrumb":{"@id":"https:\/\/automotiverevista.pt\/index.php\/2024\/04\/08\/fiat-professional-maior-sintonia-nos-furgoes-eletricos\/#breadcrumb"},"inLanguage":"pt-PT","potentialAction":[{"@type":"ReadAction","target":["https:\/\/automotiverevista.pt\/index.php\/2024\/04\/08\/fiat-professional-maior-sintonia-nos-furgoes-eletricos\/"]}]},{"@type":"ImageObject","inLanguage":"pt-PT","@id":"https:\/\/automotiverevista.pt\/index.php\/2024\/04\/08\/fiat-professional-maior-sintonia-nos-furgoes-eletricos\/#primaryimage","url":"https:\/\/automotiverevista.pt\/wp-content\/uploads\/2024\/03\/FIAT-Professiona_New-range-1.jpg","contentUrl":"https:\/\/automotiverevista.pt\/wp-content\/uploads\/2024\/03\/FIAT-Professiona_New-range-1.jpg","width":1423,"height":1125},{"@type":"BreadcrumbList","@id":"https:\/\/automotiverevista.pt\/index.php\/2024\/04\/08\/fiat-professional-maior-sintonia-nos-furgoes-eletricos\/#breadcrumb","itemListElement":[{"@type":"ListItem","position":1,"name":"Home","item":"https:\/\/automotiverevista.pt\/"},{"@type":"ListItem","position":2,"name":"Fiat Professional \u2013 maior sintonia nos furg\u00f5es el\u00e9tricos"}]},{"@type":"WebSite","@id":"https:\/\/automotiverevista.pt\/#website","url":"https:\/\/automotiverevista.pt\/","name":"Revista Automotive","description":"Revista Automotive Portugal","publisher":{"@id":"https:\/\/automotiverevista.pt\/#organization"},"potentialAction":[{"@type":"SearchAction","target":{"@type":"EntryPoint","urlTemplate":"https:\/\/automotiverevista.pt\/?s={search_term_string}"},"query-input":{"@type":"PropertyValueSpecification","valueRequired":true,"valueName":"search_term_string"}}],"inLanguage":"pt-PT"},{"@type":"Organization","@id":"https:\/\/automotiverevista.pt\/#organization","name":"Revista Automotive Portugal","url":"https:\/\/automotiverevista.pt\/","logo":{"@type":"ImageObject","inLanguage":"pt-PT","@id":"https:\/\/automotiverevista.pt\/#\/schema\/logo\/image\/","url":"https:\/\/automotiverevista.pt\/wp-content\/uploads\/2022\/07\/Logo-Automotive-2021_500-1.jpg","contentUrl":"https:\/\/automotiverevista.pt\/wp-content\/uploads\/2022\/07\/Logo-Automotive-2021_500-1.jpg","width":500,"height":160,"caption":"Revista Automotive Portugal"},"image":{"@id":"https:\/\/automotiverevista.pt\/#\/schema\/logo\/image\/"},"sameAs":["https:\/\/linkedin.com\/in\/automotiverevista"]},{"@type":"Person","@id":"https:\/\/automotiverevista.pt\/#\/schema\/person\/1265858bc8c78a0f969de814da8be281","name":"adminNovo","image":{"@type":"ImageObject","inLanguage":"pt-PT","@id":"https:\/\/secure.gravatar.com\/avatar\/c606c1288dcc11eb4c709aa5136fdb962583c410f5c23c0b7bf6917c542be355?s=96&d=mm&r=g","url":"https:\/\/secure.gravatar.com\/avatar\/c606c1288dcc11eb4c709aa5136fdb962583c410f5c23c0b7bf6917c542be355?s=96&d=mm&r=g","contentUrl":"https:\/\/secure.gravatar.com\/avatar\/c606c1288dcc11eb4c709aa5136fdb962583c410f5c23c0b7bf6917c542be355?s=96&d=mm&r=g","caption":"adminNovo"},"sameAs":["https:\/\/automotiverevista.pt"],"url":"https:\/\/automotiverevista.pt\/index.php\/author\/adminnovo\/"}]}},"_links":{"self":[{"href":"https:\/\/automotiverevista.pt\/index.php\/wp-json\/wp\/v2\/posts\/5971","targetHints":{"allow":["GET"]}}],"collection":[{"href":"https:\/\/automotiverevista.pt\/index.php\/wp-json\/wp\/v2\/posts"}],"about":[{"href":"https:\/\/automotiverevista.pt\/index.php\/wp-json\/wp\/v2\/types\/post"}],"author":[{"embeddable":true,"href":"https:\/\/automotiverevista.pt\/index.php\/wp-json\/wp\/v2\/users\/1"}],"replies":[{"embeddable":true,"href":"https:\/\/automotiverevista.pt\/index.php\/wp-json\/wp\/v2\/comments?post=5971"}],"version-history":[{"count":1,"href":"https:\/\/automotiverevista.pt\/index.php\/wp-json\/wp\/v2\/posts\/5971\/revisions"}],"predecessor-version":[{"id":5974,"href":"https:\/\/automotiverevista.pt\/index.php\/wp-json\/wp\/v2\/posts\/5971\/revisions\/5974"}],"wp:featuredmedia":[{"embeddable":true,"href":"https:\/\/automotiverevista.pt\/index.php\/wp-json\/wp\/v2\/media\/5972"}],"wp:attachment":[{"href":"https:\/\/automotiverevista.pt\/index.php\/wp-json\/wp\/v2\/media?parent=5971"}],"wp:term":[{"taxonomy":"category","embeddable":true,"href":"https:\/\/automotiverevista.pt\/index.php\/wp-json\/wp\/v2\/categories?post=5971"},{"taxonomy":"post_tag","embeddable":true,"href":"https:\/\/automotiverevista.pt\/index.php\/wp-json\/wp\/v2\/tags?post=5971"}],"curies":[{"name":"wp","href":"https:\/\/api.w.org\/{rel}","templated":true}]}}