{"id":6317,"date":"2024-05-10T06:48:00","date_gmt":"2024-05-10T06:48:00","guid":{"rendered":"https:\/\/automotiverevista.pt\/?p=6317"},"modified":"2024-05-07T21:49:50","modified_gmt":"2024-05-07T21:49:50","slug":"lexus-lbx-chega-ao-mercado-nacional","status":"publish","type":"post","link":"https:\/\/automotiverevista.pt\/index.php\/2024\/05\/10\/lexus-lbx-chega-ao-mercado-nacional\/","title":{"rendered":"Lexus LBX chega ao mercado nacional"},"content":{"rendered":"\n<p>O novo modelo traz uma infinidade de recursos como uma avan\u00e7ada motoriza\u00e7\u00e3o eletrificada, um design marcante, o sistema de seguran\u00e7a e a tecnologia multim\u00e9dia. As primeiras unidades ser\u00e3o entregues j\u00e1 no pr\u00f3ximo m\u00eas.<\/p>\n\n\n\n<p>Aproveitando os benef\u00edcios da sua dimens\u00e3o, o novo B-SUV compacto da Lexus disp\u00f5e de bons n\u00edveis de qualidade, luxo e requinte a bordo, estilos que a marca Lexus j\u00e1 nos habituou. Eletrificado com um novo sistema Full-Hybrid, o LBX \u00e9 um modelo com o qual a marca quer dinamizar as vendas, no seu segmento.<\/p>\n\n\n\n<p><strong>Arquitetura global<\/strong><strong><\/strong><\/p>\n\n\n\n<p>O LBX \u00e9 o primeiro Lexus desenvolvido sobre uma variante da plataforma de arquitetura global para autom\u00f3veis compactos, denominada GA-B, ajustada e adaptada, com um baixo centro de gravidade, vias largas, proje\u00e7\u00f5es curtas e uma carro\u00e7aria de elevada rigidez.<\/p>\n\n\n\n<figure class=\"wp-block-image size-large is-resized\"><img decoding=\"async\" width=\"1024\" height=\"683\" src=\"https:\/\/automotiverevista.pt\/wp-content\/uploads\/2024\/05\/lbxcarwashmilan-13-1024x683.jpg\" alt=\"\" class=\"wp-image-6320\" style=\"width:839px;height:auto\" srcset=\"https:\/\/automotiverevista.pt\/wp-content\/uploads\/2024\/05\/lbxcarwashmilan-13-1024x683.jpg 1024w, https:\/\/automotiverevista.pt\/wp-content\/uploads\/2024\/05\/lbxcarwashmilan-13-300x200.jpg 300w, https:\/\/automotiverevista.pt\/wp-content\/uploads\/2024\/05\/lbxcarwashmilan-13-768x512.jpg 768w, https:\/\/automotiverevista.pt\/wp-content\/uploads\/2024\/05\/lbxcarwashmilan-13-750x500.jpg 750w, https:\/\/automotiverevista.pt\/wp-content\/uploads\/2024\/05\/lbxcarwashmilan-13-1140x760.jpg 1140w, https:\/\/automotiverevista.pt\/wp-content\/uploads\/2024\/05\/lbxcarwashmilan-13.jpg 1500w\" sizes=\"(max-width: 1024px) 100vw, 1024px\" \/><\/figure>\n\n\n\n<p>Este SUV compacto \u00e9 eletrificado atrav\u00e9s de um sistema h\u00edbrido Lexus de nova gera\u00e7\u00e3o, com um motor compacto e leve de tr\u00eas cilindros e 1.5 litros. Com uma pot\u00eancia m\u00e1xima combinada de 136 CV (100 kW) e um bin\u00e1rio m\u00e1ximo de 185 Nm.<\/p>\n\n\n\n<p>Os principais elementos do sistema h\u00edbrido passaram por uma remodela\u00e7\u00e3o substancial, incluindo a transmiss\u00e3o e a unidade de controlo de pot\u00eancia, para melhorar a efici\u00eancia, reduzir perdas, economizar peso e reduzir a dimens\u00e3o do conjunto propulsor. Este novo modelo traz, tamb\u00e9m, uma nova bateria bipolar de hidretos met\u00e1licos n\u00edquel (NiMH) de baixa resist\u00eancia e alto rendimento, que permite refor\u00e7ar a pot\u00eancia do motor el\u00e9trico na acelera\u00e7\u00e3o e alargar o tempo de condu\u00e7\u00e3o totalmente el\u00e9trica (EV).<\/p>\n\n\n\n<figure class=\"wp-block-image size-large is-resized\"><img decoding=\"async\" width=\"1024\" height=\"626\" src=\"https:\/\/automotiverevista.pt\/wp-content\/uploads\/2024\/05\/lbxrelaxeu03-1024x626.jpg\" alt=\"\" class=\"wp-image-6321\" style=\"width:1102px;height:auto\" srcset=\"https:\/\/automotiverevista.pt\/wp-content\/uploads\/2024\/05\/lbxrelaxeu03-1024x626.jpg 1024w, https:\/\/automotiverevista.pt\/wp-content\/uploads\/2024\/05\/lbxrelaxeu03-300x183.jpg 300w, https:\/\/automotiverevista.pt\/wp-content\/uploads\/2024\/05\/lbxrelaxeu03-768x470.jpg 768w, https:\/\/automotiverevista.pt\/wp-content\/uploads\/2024\/05\/lbxrelaxeu03-750x459.jpg 750w, https:\/\/automotiverevista.pt\/wp-content\/uploads\/2024\/05\/lbxrelaxeu03-1140x697.jpg 1140w, https:\/\/automotiverevista.pt\/wp-content\/uploads\/2024\/05\/lbxrelaxeu03.jpg 1500w\" sizes=\"(max-width: 1024px) 100vw, 1024px\" \/><\/figure>\n\n\n\n<p><strong>Baixo ruido<\/strong><strong><\/strong><\/p>\n\n\n\n<p>A redu\u00e7\u00e3o do ru\u00eddo e da vibra\u00e7\u00e3o (NVH) foi outra das preocupa\u00e7\u00f5es da marca durante a conce\u00e7\u00e3o do novo LBX. Os aperfei\u00e7oamentos na carro\u00e7aria inclu\u00edram especial aten\u00e7\u00e3o \u00e0s portas, onde foram introduzidas placas de amortecimento para suprimir o ru\u00eddo de alta frequ\u00eancia e aumentar o ru\u00eddo de baixa frequ\u00eancia (e assim chegar a um ruido de rolamento baixo e agrad\u00e1vel).<\/p>\n\n\n\n<p>Em breve nas estradas portuguesas, o LBX vem equipado com o mais recente sistema Lexus Link Connect, com um ecr\u00e3 t\u00e1til de 9.8 polegadas. O sistema fornece navega\u00e7\u00e3o \u201cvia cloud\u201d, otimizando o planeamento de viagens com informa\u00e7\u00f5es em tempo real sobre o tr\u00e2nsito. A comodidade \u00e9 refor\u00e7ada pelo assistente de bordo \u201cHey Lexus\u201d, que responde a comandos de voz do condutor e do passageiro do banco dianteiro.<\/p>\n\n\n\n<figure class=\"wp-block-image size-large is-resized\"><img decoding=\"async\" width=\"1024\" height=\"359\" src=\"https:\/\/automotiverevista.pt\/wp-content\/uploads\/2024\/05\/lbx-range-eu-1024x359.jpg\" alt=\"\" class=\"wp-image-6322\" style=\"width:1017px;height:auto\" srcset=\"https:\/\/automotiverevista.pt\/wp-content\/uploads\/2024\/05\/lbx-range-eu-1024x359.jpg 1024w, https:\/\/automotiverevista.pt\/wp-content\/uploads\/2024\/05\/lbx-range-eu-300x105.jpg 300w, https:\/\/automotiverevista.pt\/wp-content\/uploads\/2024\/05\/lbx-range-eu-768x269.jpg 768w, https:\/\/automotiverevista.pt\/wp-content\/uploads\/2024\/05\/lbx-range-eu-750x263.jpg 750w, https:\/\/automotiverevista.pt\/wp-content\/uploads\/2024\/05\/lbx-range-eu-1140x400.jpg 1140w, https:\/\/automotiverevista.pt\/wp-content\/uploads\/2024\/05\/lbx-range-eu.jpg 1500w\" sizes=\"(max-width: 1024px) 100vw, 1024px\" \/><\/figure>\n","protected":false},"excerpt":{"rendered":"<p>O novo modelo traz uma infinidade de recursos como uma avan\u00e7ada motoriza\u00e7\u00e3o eletrificada, um design marcante, o sistema de seguran\u00e7a e a tecnologia multim\u00e9dia. As primeiras unidades ser\u00e3o entregues j\u00e1 no pr\u00f3ximo m\u00eas. Aproveitando os benef\u00edcios da sua dimens\u00e3o, o novo B-SUV compacto da Lexus disp\u00f5e de bons n\u00edveis de qualidade, luxo e requinte a [&hellip;]<\/p>\n","protected":false},"author":1,"featured_media":6318,"comment_status":"closed","ping_status":"open","sticky":false,"template":"","format":"standard","meta":{"jnews-multi-image_gallery":[],"jnews_single_post":{"subtitle":"","format":"standard","video":"","gallery":"","source_name":"","source_url":"","via_name":"","via_url":"","override_template":"0","override":[{"template":"2","single_blog_custom":"","parallax":"1","fullscreen":"1","layout":"right-sidebar","sidebar":"default-sidebar","second_sidebar":"default-sidebar","sticky_sidebar":"1","share_position":"topbottom","share_float_style":"share-monocrhome","show_share_counter":"0","show_view_counter":"0","show_featured":"1","show_post_meta":"1","show_post_author":"0","show_post_author_image":"1","show_post_date":"1","post_date_format":"default","post_date_format_custom":"Y\/m\/d","show_post_category":"1","show_post_reading_time":"0","post_reading_time_wpm":"300","show_zoom_button":"0","zoom_button_out_step":"2","zoom_button_in_step":"3","show_post_tag":"1","show_prev_next_post":"0","show_popup_post":"1","number_popup_post":"1","show_author_box":"0","show_post_related":"1","show_inline_post_related":"1"}],"override_image_size":"0","image_override":[{"single_post_thumbnail_size":"crop-500","single_post_gallery_size":"crop-500"}],"trending_post":"0","trending_post_position":"meta","trending_post_label":"Trending","sponsored_post":"0","sponsored_post_label":"Sponsored by","sponsored_post_name":"","sponsored_post_url":"","sponsored_post_logo_enable":"0","sponsored_post_logo":"","sponsored_post_desc":"","disable_ad":"0"},"jnews_primary_category":{"id":"","hide":""},"footnotes":""},"categories":[23],"tags":[],"class_list":["post-6317","post","type-post","status-publish","format-standard","has-post-thumbnail","hentry","category-frotas"],"yoast_head":"<!-- This site is optimized with the Yoast SEO Premium plugin v27.2 (Yoast SEO v27.5) - https:\/\/yoast.com\/product\/yoast-seo-premium-wordpress\/ -->\n<title>Lexus LBX chega ao mercado nacional - Revista Automotive<\/title>\n<meta name=\"description\" content=\"Descubra o novo modelo LBX da Lexus, com recursos avan\u00e7ados, design marcante e tecnologia multim\u00e9dia.\" \/>\n<meta name=\"robots\" content=\"index, follow, max-snippet:-1, max-image-preview:large, max-video-preview:-1\" \/>\n<link rel=\"canonical\" href=\"https:\/\/automotiverevista.pt\/index.php\/2024\/05\/10\/lexus-lbx-chega-ao-mercado-nacional\/\" \/>\n<meta property=\"og:locale\" content=\"pt_PT\" \/>\n<meta property=\"og:type\" content=\"article\" \/>\n<meta property=\"og:title\" content=\"Lexus LBX chega ao mercado nacional\" \/>\n<meta property=\"og:description\" content=\"Descubra o novo modelo LBX da Lexus, com recursos avan\u00e7ados, design marcante e tecnologia multim\u00e9dia.\" \/>\n<meta property=\"og:url\" content=\"https:\/\/automotiverevista.pt\/index.php\/2024\/05\/10\/lexus-lbx-chega-ao-mercado-nacional\/\" \/>\n<meta property=\"og:site_name\" content=\"Revista Automotive\" \/>\n<meta property=\"article:published_time\" content=\"2024-05-10T06:48:00+00:00\" \/>\n<meta property=\"og:image\" content=\"https:\/\/automotiverevista.pt\/wp-content\/uploads\/2024\/05\/lbxcarwashmilan-12.jpg\" \/>\n\t<meta property=\"og:image:width\" content=\"1500\" \/>\n\t<meta property=\"og:image:height\" content=\"1000\" \/>\n\t<meta property=\"og:image:type\" content=\"image\/jpeg\" \/>\n<meta name=\"author\" content=\"adminNovo\" \/>\n<meta name=\"twitter:card\" content=\"summary_large_image\" \/>\n<meta name=\"twitter:label1\" content=\"Escrito por\" \/>\n\t<meta name=\"twitter:data1\" content=\"adminNovo\" \/>\n\t<meta name=\"twitter:label2\" content=\"Tempo estimado de leitura\" \/>\n\t<meta name=\"twitter:data2\" content=\"3 minutos\" \/>\n<script type=\"application\/ld+json\" class=\"yoast-schema-graph\">{\"@context\":\"https:\\\/\\\/schema.org\",\"@graph\":[{\"@type\":\"Article\",\"@id\":\"https:\\\/\\\/automotiverevista.pt\\\/index.php\\\/2024\\\/05\\\/10\\\/lexus-lbx-chega-ao-mercado-nacional\\\/#article\",\"isPartOf\":{\"@id\":\"https:\\\/\\\/automotiverevista.pt\\\/index.php\\\/2024\\\/05\\\/10\\\/lexus-lbx-chega-ao-mercado-nacional\\\/\"},\"author\":{\"name\":\"adminNovo\",\"@id\":\"https:\\\/\\\/automotiverevista.pt\\\/#\\\/schema\\\/person\\\/1265858bc8c78a0f969de814da8be281\"},\"headline\":\"Lexus LBX chega ao mercado nacional\",\"datePublished\":\"2024-05-10T06:48:00+00:00\",\"mainEntityOfPage\":{\"@id\":\"https:\\\/\\\/automotiverevista.pt\\\/index.php\\\/2024\\\/05\\\/10\\\/lexus-lbx-chega-ao-mercado-nacional\\\/\"},\"wordCount\":429,\"publisher\":{\"@id\":\"https:\\\/\\\/automotiverevista.pt\\\/#organization\"},\"image\":{\"@id\":\"https:\\\/\\\/automotiverevista.pt\\\/index.php\\\/2024\\\/05\\\/10\\\/lexus-lbx-chega-ao-mercado-nacional\\\/#primaryimage\"},\"thumbnailUrl\":\"https:\\\/\\\/automotiverevista.pt\\\/wp-content\\\/uploads\\\/2024\\\/05\\\/lbxcarwashmilan-12.jpg\",\"articleSection\":[\"Frotas\"],\"inLanguage\":\"pt-PT\"},{\"@type\":\"WebPage\",\"@id\":\"https:\\\/\\\/automotiverevista.pt\\\/index.php\\\/2024\\\/05\\\/10\\\/lexus-lbx-chega-ao-mercado-nacional\\\/\",\"url\":\"https:\\\/\\\/automotiverevista.pt\\\/index.php\\\/2024\\\/05\\\/10\\\/lexus-lbx-chega-ao-mercado-nacional\\\/\",\"name\":\"Lexus LBX chega ao mercado nacional - Revista Automotive\",\"isPartOf\":{\"@id\":\"https:\\\/\\\/automotiverevista.pt\\\/#website\"},\"primaryImageOfPage\":{\"@id\":\"https:\\\/\\\/automotiverevista.pt\\\/index.php\\\/2024\\\/05\\\/10\\\/lexus-lbx-chega-ao-mercado-nacional\\\/#primaryimage\"},\"image\":{\"@id\":\"https:\\\/\\\/automotiverevista.pt\\\/index.php\\\/2024\\\/05\\\/10\\\/lexus-lbx-chega-ao-mercado-nacional\\\/#primaryimage\"},\"thumbnailUrl\":\"https:\\\/\\\/automotiverevista.pt\\\/wp-content\\\/uploads\\\/2024\\\/05\\\/lbxcarwashmilan-12.jpg\",\"datePublished\":\"2024-05-10T06:48:00+00:00\",\"description\":\"Descubra o novo modelo LBX da Lexus, com recursos avan\u00e7ados, design marcante e tecnologia multim\u00e9dia.\",\"breadcrumb\":{\"@id\":\"https:\\\/\\\/automotiverevista.pt\\\/index.php\\\/2024\\\/05\\\/10\\\/lexus-lbx-chega-ao-mercado-nacional\\\/#breadcrumb\"},\"inLanguage\":\"pt-PT\",\"potentialAction\":[{\"@type\":\"ReadAction\",\"target\":[\"https:\\\/\\\/automotiverevista.pt\\\/index.php\\\/2024\\\/05\\\/10\\\/lexus-lbx-chega-ao-mercado-nacional\\\/\"]}]},{\"@type\":\"ImageObject\",\"inLanguage\":\"pt-PT\",\"@id\":\"https:\\\/\\\/automotiverevista.pt\\\/index.php\\\/2024\\\/05\\\/10\\\/lexus-lbx-chega-ao-mercado-nacional\\\/#primaryimage\",\"url\":\"https:\\\/\\\/automotiverevista.pt\\\/wp-content\\\/uploads\\\/2024\\\/05\\\/lbxcarwashmilan-12.jpg\",\"contentUrl\":\"https:\\\/\\\/automotiverevista.pt\\\/wp-content\\\/uploads\\\/2024\\\/05\\\/lbxcarwashmilan-12.jpg\",\"width\":1500,\"height\":1000},{\"@type\":\"BreadcrumbList\",\"@id\":\"https:\\\/\\\/automotiverevista.pt\\\/index.php\\\/2024\\\/05\\\/10\\\/lexus-lbx-chega-ao-mercado-nacional\\\/#breadcrumb\",\"itemListElement\":[{\"@type\":\"ListItem\",\"position\":1,\"name\":\"Home\",\"item\":\"https:\\\/\\\/automotiverevista.pt\\\/\"},{\"@type\":\"ListItem\",\"position\":2,\"name\":\"Lexus LBX chega ao mercado nacional\"}]},{\"@type\":\"WebSite\",\"@id\":\"https:\\\/\\\/automotiverevista.pt\\\/#website\",\"url\":\"https:\\\/\\\/automotiverevista.pt\\\/\",\"name\":\"Revista Automotive\",\"description\":\"Revista Automotive Portugal\",\"publisher\":{\"@id\":\"https:\\\/\\\/automotiverevista.pt\\\/#organization\"},\"potentialAction\":[{\"@type\":\"SearchAction\",\"target\":{\"@type\":\"EntryPoint\",\"urlTemplate\":\"https:\\\/\\\/automotiverevista.pt\\\/?s={search_term_string}\"},\"query-input\":{\"@type\":\"PropertyValueSpecification\",\"valueRequired\":true,\"valueName\":\"search_term_string\"}}],\"inLanguage\":\"pt-PT\"},{\"@type\":\"Organization\",\"@id\":\"https:\\\/\\\/automotiverevista.pt\\\/#organization\",\"name\":\"Revista Automotive Portugal\",\"url\":\"https:\\\/\\\/automotiverevista.pt\\\/\",\"logo\":{\"@type\":\"ImageObject\",\"inLanguage\":\"pt-PT\",\"@id\":\"https:\\\/\\\/automotiverevista.pt\\\/#\\\/schema\\\/logo\\\/image\\\/\",\"url\":\"https:\\\/\\\/automotiverevista.pt\\\/wp-content\\\/uploads\\\/2022\\\/07\\\/Logo-Automotive-2021_500-1.jpg\",\"contentUrl\":\"https:\\\/\\\/automotiverevista.pt\\\/wp-content\\\/uploads\\\/2022\\\/07\\\/Logo-Automotive-2021_500-1.jpg\",\"width\":500,\"height\":160,\"caption\":\"Revista Automotive Portugal\"},\"image\":{\"@id\":\"https:\\\/\\\/automotiverevista.pt\\\/#\\\/schema\\\/logo\\\/image\\\/\"},\"sameAs\":[\"https:\\\/\\\/linkedin.com\\\/in\\\/automotiverevista\"]},{\"@type\":\"Person\",\"@id\":\"https:\\\/\\\/automotiverevista.pt\\\/#\\\/schema\\\/person\\\/1265858bc8c78a0f969de814da8be281\",\"name\":\"adminNovo\",\"image\":{\"@type\":\"ImageObject\",\"inLanguage\":\"pt-PT\",\"@id\":\"https:\\\/\\\/secure.gravatar.com\\\/avatar\\\/c606c1288dcc11eb4c709aa5136fdb962583c410f5c23c0b7bf6917c542be355?s=96&d=mm&r=g\",\"url\":\"https:\\\/\\\/secure.gravatar.com\\\/avatar\\\/c606c1288dcc11eb4c709aa5136fdb962583c410f5c23c0b7bf6917c542be355?s=96&d=mm&r=g\",\"contentUrl\":\"https:\\\/\\\/secure.gravatar.com\\\/avatar\\\/c606c1288dcc11eb4c709aa5136fdb962583c410f5c23c0b7bf6917c542be355?s=96&d=mm&r=g\",\"caption\":\"adminNovo\"},\"sameAs\":[\"https:\\\/\\\/automotiverevista.pt\"],\"url\":\"https:\\\/\\\/automotiverevista.pt\\\/index.php\\\/author\\\/adminnovo\\\/\"}]}<\/script>\n<!-- \/ Yoast SEO Premium plugin. -->","yoast_head_json":{"title":"Lexus LBX chega ao mercado nacional - Revista Automotive","description":"Descubra o novo modelo LBX da Lexus, com recursos avan\u00e7ados, design marcante e tecnologia multim\u00e9dia.","robots":{"index":"index","follow":"follow","max-snippet":"max-snippet:-1","max-image-preview":"max-image-preview:large","max-video-preview":"max-video-preview:-1"},"canonical":"https:\/\/automotiverevista.pt\/index.php\/2024\/05\/10\/lexus-lbx-chega-ao-mercado-nacional\/","og_locale":"pt_PT","og_type":"article","og_title":"Lexus LBX chega ao mercado nacional","og_description":"Descubra o novo modelo LBX da Lexus, com recursos avan\u00e7ados, design marcante e tecnologia multim\u00e9dia.","og_url":"https:\/\/automotiverevista.pt\/index.php\/2024\/05\/10\/lexus-lbx-chega-ao-mercado-nacional\/","og_site_name":"Revista Automotive","article_published_time":"2024-05-10T06:48:00+00:00","og_image":[{"width":1500,"height":1000,"url":"https:\/\/automotiverevista.pt\/wp-content\/uploads\/2024\/05\/lbxcarwashmilan-12.jpg","type":"image\/jpeg"}],"author":"adminNovo","twitter_card":"summary_large_image","twitter_misc":{"Escrito por":"adminNovo","Tempo estimado de leitura":"3 minutos"},"schema":{"@context":"https:\/\/schema.org","@graph":[{"@type":"Article","@id":"https:\/\/automotiverevista.pt\/index.php\/2024\/05\/10\/lexus-lbx-chega-ao-mercado-nacional\/#article","isPartOf":{"@id":"https:\/\/automotiverevista.pt\/index.php\/2024\/05\/10\/lexus-lbx-chega-ao-mercado-nacional\/"},"author":{"name":"adminNovo","@id":"https:\/\/automotiverevista.pt\/#\/schema\/person\/1265858bc8c78a0f969de814da8be281"},"headline":"Lexus LBX chega ao mercado nacional","datePublished":"2024-05-10T06:48:00+00:00","mainEntityOfPage":{"@id":"https:\/\/automotiverevista.pt\/index.php\/2024\/05\/10\/lexus-lbx-chega-ao-mercado-nacional\/"},"wordCount":429,"publisher":{"@id":"https:\/\/automotiverevista.pt\/#organization"},"image":{"@id":"https:\/\/automotiverevista.pt\/index.php\/2024\/05\/10\/lexus-lbx-chega-ao-mercado-nacional\/#primaryimage"},"thumbnailUrl":"https:\/\/automotiverevista.pt\/wp-content\/uploads\/2024\/05\/lbxcarwashmilan-12.jpg","articleSection":["Frotas"],"inLanguage":"pt-PT"},{"@type":"WebPage","@id":"https:\/\/automotiverevista.pt\/index.php\/2024\/05\/10\/lexus-lbx-chega-ao-mercado-nacional\/","url":"https:\/\/automotiverevista.pt\/index.php\/2024\/05\/10\/lexus-lbx-chega-ao-mercado-nacional\/","name":"Lexus LBX chega ao mercado nacional - Revista Automotive","isPartOf":{"@id":"https:\/\/automotiverevista.pt\/#website"},"primaryImageOfPage":{"@id":"https:\/\/automotiverevista.pt\/index.php\/2024\/05\/10\/lexus-lbx-chega-ao-mercado-nacional\/#primaryimage"},"image":{"@id":"https:\/\/automotiverevista.pt\/index.php\/2024\/05\/10\/lexus-lbx-chega-ao-mercado-nacional\/#primaryimage"},"thumbnailUrl":"https:\/\/automotiverevista.pt\/wp-content\/uploads\/2024\/05\/lbxcarwashmilan-12.jpg","datePublished":"2024-05-10T06:48:00+00:00","description":"Descubra o novo modelo LBX da Lexus, com recursos avan\u00e7ados, design marcante e tecnologia multim\u00e9dia.","breadcrumb":{"@id":"https:\/\/automotiverevista.pt\/index.php\/2024\/05\/10\/lexus-lbx-chega-ao-mercado-nacional\/#breadcrumb"},"inLanguage":"pt-PT","potentialAction":[{"@type":"ReadAction","target":["https:\/\/automotiverevista.pt\/index.php\/2024\/05\/10\/lexus-lbx-chega-ao-mercado-nacional\/"]}]},{"@type":"ImageObject","inLanguage":"pt-PT","@id":"https:\/\/automotiverevista.pt\/index.php\/2024\/05\/10\/lexus-lbx-chega-ao-mercado-nacional\/#primaryimage","url":"https:\/\/automotiverevista.pt\/wp-content\/uploads\/2024\/05\/lbxcarwashmilan-12.jpg","contentUrl":"https:\/\/automotiverevista.pt\/wp-content\/uploads\/2024\/05\/lbxcarwashmilan-12.jpg","width":1500,"height":1000},{"@type":"BreadcrumbList","@id":"https:\/\/automotiverevista.pt\/index.php\/2024\/05\/10\/lexus-lbx-chega-ao-mercado-nacional\/#breadcrumb","itemListElement":[{"@type":"ListItem","position":1,"name":"Home","item":"https:\/\/automotiverevista.pt\/"},{"@type":"ListItem","position":2,"name":"Lexus LBX chega ao mercado nacional"}]},{"@type":"WebSite","@id":"https:\/\/automotiverevista.pt\/#website","url":"https:\/\/automotiverevista.pt\/","name":"Revista Automotive","description":"Revista Automotive Portugal","publisher":{"@id":"https:\/\/automotiverevista.pt\/#organization"},"potentialAction":[{"@type":"SearchAction","target":{"@type":"EntryPoint","urlTemplate":"https:\/\/automotiverevista.pt\/?s={search_term_string}"},"query-input":{"@type":"PropertyValueSpecification","valueRequired":true,"valueName":"search_term_string"}}],"inLanguage":"pt-PT"},{"@type":"Organization","@id":"https:\/\/automotiverevista.pt\/#organization","name":"Revista Automotive Portugal","url":"https:\/\/automotiverevista.pt\/","logo":{"@type":"ImageObject","inLanguage":"pt-PT","@id":"https:\/\/automotiverevista.pt\/#\/schema\/logo\/image\/","url":"https:\/\/automotiverevista.pt\/wp-content\/uploads\/2022\/07\/Logo-Automotive-2021_500-1.jpg","contentUrl":"https:\/\/automotiverevista.pt\/wp-content\/uploads\/2022\/07\/Logo-Automotive-2021_500-1.jpg","width":500,"height":160,"caption":"Revista Automotive Portugal"},"image":{"@id":"https:\/\/automotiverevista.pt\/#\/schema\/logo\/image\/"},"sameAs":["https:\/\/linkedin.com\/in\/automotiverevista"]},{"@type":"Person","@id":"https:\/\/automotiverevista.pt\/#\/schema\/person\/1265858bc8c78a0f969de814da8be281","name":"adminNovo","image":{"@type":"ImageObject","inLanguage":"pt-PT","@id":"https:\/\/secure.gravatar.com\/avatar\/c606c1288dcc11eb4c709aa5136fdb962583c410f5c23c0b7bf6917c542be355?s=96&d=mm&r=g","url":"https:\/\/secure.gravatar.com\/avatar\/c606c1288dcc11eb4c709aa5136fdb962583c410f5c23c0b7bf6917c542be355?s=96&d=mm&r=g","contentUrl":"https:\/\/secure.gravatar.com\/avatar\/c606c1288dcc11eb4c709aa5136fdb962583c410f5c23c0b7bf6917c542be355?s=96&d=mm&r=g","caption":"adminNovo"},"sameAs":["https:\/\/automotiverevista.pt"],"url":"https:\/\/automotiverevista.pt\/index.php\/author\/adminnovo\/"}]}},"_links":{"self":[{"href":"https:\/\/automotiverevista.pt\/index.php\/wp-json\/wp\/v2\/posts\/6317","targetHints":{"allow":["GET"]}}],"collection":[{"href":"https:\/\/automotiverevista.pt\/index.php\/wp-json\/wp\/v2\/posts"}],"about":[{"href":"https:\/\/automotiverevista.pt\/index.php\/wp-json\/wp\/v2\/types\/post"}],"author":[{"embeddable":true,"href":"https:\/\/automotiverevista.pt\/index.php\/wp-json\/wp\/v2\/users\/1"}],"replies":[{"embeddable":true,"href":"https:\/\/automotiverevista.pt\/index.php\/wp-json\/wp\/v2\/comments?post=6317"}],"version-history":[{"count":2,"href":"https:\/\/automotiverevista.pt\/index.php\/wp-json\/wp\/v2\/posts\/6317\/revisions"}],"predecessor-version":[{"id":6323,"href":"https:\/\/automotiverevista.pt\/index.php\/wp-json\/wp\/v2\/posts\/6317\/revisions\/6323"}],"wp:featuredmedia":[{"embeddable":true,"href":"https:\/\/automotiverevista.pt\/index.php\/wp-json\/wp\/v2\/media\/6318"}],"wp:attachment":[{"href":"https:\/\/automotiverevista.pt\/index.php\/wp-json\/wp\/v2\/media?parent=6317"}],"wp:term":[{"taxonomy":"category","embeddable":true,"href":"https:\/\/automotiverevista.pt\/index.php\/wp-json\/wp\/v2\/categories?post=6317"},{"taxonomy":"post_tag","embeddable":true,"href":"https:\/\/automotiverevista.pt\/index.php\/wp-json\/wp\/v2\/tags?post=6317"}],"curies":[{"name":"wp","href":"https:\/\/api.w.org\/{rel}","templated":true}]}}