{"id":6484,"date":"2024-06-03T12:14:00","date_gmt":"2024-06-03T12:14:00","guid":{"rendered":"https:\/\/automotiverevista.pt\/?p=6484"},"modified":"2024-05-27T20:16:20","modified_gmt":"2024-05-27T20:16:20","slug":"galp-frota-um-cartao-com-solucoes-e-muita-energia","status":"publish","type":"post","link":"https:\/\/automotiverevista.pt\/index.php\/2024\/06\/03\/galp-frota-um-cartao-com-solucoes-e-muita-energia\/","title":{"rendered":"Galp Frota \u2013 um cart\u00e3o com solu\u00e7\u00f5es e muita energia"},"content":{"rendered":"\n<p><strong>Rita F\u00e9ria<\/strong>, Respons\u00e1vel Ib\u00e9rica do Produto Galp Frota, trouxe muita energia \u00e0 sua apresenta\u00e7\u00e3o e com isso cativou, pela sua autenticidade, os participantes da Confer\u00eancia Automotive 2024. Num momento de viragem das frotas, onde as verdadeiras solu\u00e7\u00f5es de mobilidade s\u00e3o bem-vindas, a Galp disp\u00f5e do primeiro cart\u00e3o h\u00edbrido do mercado.<\/p>\n\n\n\n<p>\u201cUma solu\u00e7\u00e3o \u00fanica no apoio \u00e0 gest\u00e3o de frota das empresas. Trata-se de um cart\u00e3o \u00fanico para abastecimento de combust\u00edvel e eletricidade, com descontos em ambas opera\u00e7\u00f5es, atrav\u00e9s de suporte f\u00edsico ou digital.<\/p>\n\n\n\n<p>O Cart\u00e3o Galp Frota Corporate permite o carregamento em mais de 1200 postos na pen\u00ednsula ib\u00e9rica, rede Galp e MOBI.E, o que totaliza mais de 8 mil pontos de carregamento. Disp\u00f5e de um portal para a gest\u00e3o de forma simples e aut\u00f3noma das frotas dos clientes associados, bem como de uma APP com facilidade de acesso aos utilizadores e, ainda, um servi\u00e7o de atendimento 24 horas em Portugal e Espanha\u201d, salientou.<\/p>\n\n\n\n<figure class=\"wp-block-image size-large is-resized\"><img decoding=\"async\" width=\"1024\" height=\"683\" src=\"https:\/\/automotiverevista.pt\/wp-content\/uploads\/2024\/05\/IMG_5044-1024x683.jpg\" alt=\"\" class=\"wp-image-6486\" style=\"width:721px;height:auto\" srcset=\"https:\/\/automotiverevista.pt\/wp-content\/uploads\/2024\/05\/IMG_5044-1024x683.jpg 1024w, https:\/\/automotiverevista.pt\/wp-content\/uploads\/2024\/05\/IMG_5044-300x200.jpg 300w, https:\/\/automotiverevista.pt\/wp-content\/uploads\/2024\/05\/IMG_5044-768x512.jpg 768w, https:\/\/automotiverevista.pt\/wp-content\/uploads\/2024\/05\/IMG_5044-750x500.jpg 750w, https:\/\/automotiverevista.pt\/wp-content\/uploads\/2024\/05\/IMG_5044-1140x760.jpg 1140w, https:\/\/automotiverevista.pt\/wp-content\/uploads\/2024\/05\/IMG_5044.jpg 1500w\" sizes=\"(max-width: 1024px) 100vw, 1024px\" \/><\/figure>\n\n\n\n<p>Para al\u00e9m de tornar o abastecimento ou carregamento das viaturas mais c\u00f3modo, o cart\u00e3o Galp Frota Corporate simplifica a log\u00edstica associada \u00e0 compra de novos autom\u00f3veis. Com efeito, e segundo a empresa, deixa de ser necess\u00e1rio solicitar um novo cart\u00e3o quando se adicionam ve\u00edculos el\u00e9tricos \u00e0s frotas.<\/p>\n\n\n\n<figure class=\"wp-block-image size-large is-resized\"><img decoding=\"async\" width=\"683\" height=\"1024\" src=\"https:\/\/automotiverevista.pt\/wp-content\/uploads\/2024\/05\/IMG_5510-683x1024.jpg\" alt=\"\" class=\"wp-image-6487\" style=\"width:441px;height:auto\" srcset=\"https:\/\/automotiverevista.pt\/wp-content\/uploads\/2024\/05\/IMG_5510-683x1024.jpg 683w, https:\/\/automotiverevista.pt\/wp-content\/uploads\/2024\/05\/IMG_5510-200x300.jpg 200w, https:\/\/automotiverevista.pt\/wp-content\/uploads\/2024\/05\/IMG_5510.jpg 750w\" sizes=\"(max-width: 683px) 100vw, 683px\" \/><\/figure>\n","protected":false},"excerpt":{"rendered":"<p>Rita F\u00e9ria, Respons\u00e1vel Ib\u00e9rica do Produto Galp Frota, trouxe muita energia \u00e0 sua apresenta\u00e7\u00e3o e com isso cativou, pela sua autenticidade, os participantes da Confer\u00eancia Automotive 2024. Num momento de viragem das frotas, onde as verdadeiras solu\u00e7\u00f5es de mobilidade s\u00e3o bem-vindas, a Galp disp\u00f5e do primeiro cart\u00e3o h\u00edbrido do mercado. \u201cUma solu\u00e7\u00e3o \u00fanica no apoio [&hellip;]<\/p>\n","protected":false},"author":1,"featured_media":6485,"comment_status":"closed","ping_status":"open","sticky":false,"template":"","format":"standard","meta":{"jnews-multi-image_gallery":[],"jnews_single_post":{"subtitle":"","format":"standard","video":"","gallery":"","source_name":"","source_url":"","via_name":"","via_url":"","override_template":"0","override":[{"template":"2","single_blog_custom":"","parallax":"1","fullscreen":"1","layout":"right-sidebar","sidebar":"default-sidebar","second_sidebar":"default-sidebar","sticky_sidebar":"1","share_position":"topbottom","share_float_style":"share-monocrhome","show_share_counter":"0","show_view_counter":"0","show_featured":"1","show_post_meta":"1","show_post_author":"0","show_post_author_image":"1","show_post_date":"1","post_date_format":"default","post_date_format_custom":"Y\/m\/d","show_post_category":"1","show_post_reading_time":"0","post_reading_time_wpm":"300","show_zoom_button":"0","zoom_button_out_step":"2","zoom_button_in_step":"3","show_post_tag":"1","show_prev_next_post":"0","show_popup_post":"1","number_popup_post":"1","show_author_box":"0","show_post_related":"1","show_inline_post_related":"1"}],"override_image_size":"0","image_override":[{"single_post_thumbnail_size":"crop-500","single_post_gallery_size":"crop-500"}],"trending_post":"0","trending_post_position":"meta","trending_post_label":"Trending","sponsored_post":"0","sponsored_post_label":"Sponsored by","sponsored_post_name":"","sponsored_post_url":"","sponsored_post_logo_enable":"0","sponsored_post_logo":"","sponsored_post_desc":"","disable_ad":"0"},"jnews_primary_category":{"id":"","hide":""},"footnotes":""},"categories":[23],"tags":[],"class_list":["post-6484","post","type-post","status-publish","format-standard","has-post-thumbnail","hentry","category-frotas"],"yoast_head":"<!-- This site is optimized with the Yoast SEO Premium plugin v27.5 (Yoast SEO v27.5) - https:\/\/yoast.com\/product\/yoast-seo-premium-wordpress\/ -->\n<title>Galp Frota \u2013 um cart\u00e3o com solu\u00e7\u00f5es e muita energia - Revista Automotive<\/title>\n<meta name=\"description\" content=\"Rita F\u00e9ria, Respons\u00e1vel Ib\u00e9rica do Produto Galp Frota, trouxe muita energia \u00e0 sua apresenta\u00e7\u00e3o e com isso , sua autenticidade, os\" \/>\n<meta name=\"robots\" content=\"index, follow, max-snippet:-1, max-image-preview:large, max-video-preview:-1\" \/>\n<link rel=\"canonical\" href=\"https:\/\/automotiverevista.pt\/index.php\/2024\/06\/03\/galp-frota-um-cartao-com-solucoes-e-muita-energia\/\" \/>\n<meta property=\"og:locale\" content=\"pt_PT\" \/>\n<meta property=\"og:type\" content=\"article\" \/>\n<meta property=\"og:title\" content=\"Galp Frota \u2013 um cart\u00e3o com solu\u00e7\u00f5es e muita energia\" \/>\n<meta property=\"og:description\" content=\"Rita F\u00e9ria, Respons\u00e1vel Ib\u00e9rica do Produto Galp Frota, trouxe muita energia \u00e0 sua apresenta\u00e7\u00e3o e com isso , sua autenticidade, os\" \/>\n<meta property=\"og:url\" content=\"https:\/\/automotiverevista.pt\/index.php\/2024\/06\/03\/galp-frota-um-cartao-com-solucoes-e-muita-energia\/\" \/>\n<meta property=\"og:site_name\" content=\"Revista Automotive\" \/>\n<meta property=\"article:published_time\" content=\"2024-06-03T12:14:00+00:00\" \/>\n<meta property=\"og:image\" content=\"https:\/\/automotiverevista.pt\/wp-content\/uploads\/2024\/05\/IMG_5543.jpg\" \/>\n\t<meta property=\"og:image:width\" content=\"1500\" \/>\n\t<meta property=\"og:image:height\" content=\"1000\" \/>\n\t<meta property=\"og:image:type\" content=\"image\/jpeg\" \/>\n<meta name=\"author\" content=\"adminNovo\" \/>\n<meta name=\"twitter:card\" content=\"summary_large_image\" \/>\n<meta name=\"twitter:label1\" content=\"Escrito por\" \/>\n\t<meta name=\"twitter:data1\" content=\"adminNovo\" \/>\n\t<meta name=\"twitter:label2\" content=\"Tempo estimado de leitura\" \/>\n\t<meta name=\"twitter:data2\" content=\"2 minutos\" \/>\n<script type=\"application\/ld+json\" class=\"yoast-schema-graph\">{\"@context\":\"https:\\\/\\\/schema.org\",\"@graph\":[{\"@type\":\"Article\",\"@id\":\"https:\\\/\\\/automotiverevista.pt\\\/index.php\\\/2024\\\/06\\\/03\\\/galp-frota-um-cartao-com-solucoes-e-muita-energia\\\/#article\",\"isPartOf\":{\"@id\":\"https:\\\/\\\/automotiverevista.pt\\\/index.php\\\/2024\\\/06\\\/03\\\/galp-frota-um-cartao-com-solucoes-e-muita-energia\\\/\"},\"author\":{\"name\":\"adminNovo\",\"@id\":\"https:\\\/\\\/automotiverevista.pt\\\/#\\\/schema\\\/person\\\/1265858bc8c78a0f969de814da8be281\"},\"headline\":\"Galp Frota \u2013 um cart\u00e3o com solu\u00e7\u00f5es e muita energia\",\"datePublished\":\"2024-06-03T12:14:00+00:00\",\"mainEntityOfPage\":{\"@id\":\"https:\\\/\\\/automotiverevista.pt\\\/index.php\\\/2024\\\/06\\\/03\\\/galp-frota-um-cartao-com-solucoes-e-muita-energia\\\/\"},\"wordCount\":239,\"publisher\":{\"@id\":\"https:\\\/\\\/automotiverevista.pt\\\/#organization\"},\"image\":{\"@id\":\"https:\\\/\\\/automotiverevista.pt\\\/index.php\\\/2024\\\/06\\\/03\\\/galp-frota-um-cartao-com-solucoes-e-muita-energia\\\/#primaryimage\"},\"thumbnailUrl\":\"https:\\\/\\\/automotiverevista.pt\\\/wp-content\\\/uploads\\\/2024\\\/05\\\/IMG_5543.jpg\",\"articleSection\":[\"Frotas\"],\"inLanguage\":\"pt-PT\"},{\"@type\":\"WebPage\",\"@id\":\"https:\\\/\\\/automotiverevista.pt\\\/index.php\\\/2024\\\/06\\\/03\\\/galp-frota-um-cartao-com-solucoes-e-muita-energia\\\/\",\"url\":\"https:\\\/\\\/automotiverevista.pt\\\/index.php\\\/2024\\\/06\\\/03\\\/galp-frota-um-cartao-com-solucoes-e-muita-energia\\\/\",\"name\":\"Galp Frota \u2013 um cart\u00e3o com solu\u00e7\u00f5es e muita energia - Revista Automotive\",\"isPartOf\":{\"@id\":\"https:\\\/\\\/automotiverevista.pt\\\/#website\"},\"primaryImageOfPage\":{\"@id\":\"https:\\\/\\\/automotiverevista.pt\\\/index.php\\\/2024\\\/06\\\/03\\\/galp-frota-um-cartao-com-solucoes-e-muita-energia\\\/#primaryimage\"},\"image\":{\"@id\":\"https:\\\/\\\/automotiverevista.pt\\\/index.php\\\/2024\\\/06\\\/03\\\/galp-frota-um-cartao-com-solucoes-e-muita-energia\\\/#primaryimage\"},\"thumbnailUrl\":\"https:\\\/\\\/automotiverevista.pt\\\/wp-content\\\/uploads\\\/2024\\\/05\\\/IMG_5543.jpg\",\"datePublished\":\"2024-06-03T12:14:00+00:00\",\"description\":\"Rita F\u00e9ria, Respons\u00e1vel Ib\u00e9rica do Produto Galp Frota, trouxe muita energia \u00e0 sua apresenta\u00e7\u00e3o e com isso , sua autenticidade, os\",\"breadcrumb\":{\"@id\":\"https:\\\/\\\/automotiverevista.pt\\\/index.php\\\/2024\\\/06\\\/03\\\/galp-frota-um-cartao-com-solucoes-e-muita-energia\\\/#breadcrumb\"},\"inLanguage\":\"pt-PT\",\"potentialAction\":[{\"@type\":\"ReadAction\",\"target\":[\"https:\\\/\\\/automotiverevista.pt\\\/index.php\\\/2024\\\/06\\\/03\\\/galp-frota-um-cartao-com-solucoes-e-muita-energia\\\/\"]}]},{\"@type\":\"ImageObject\",\"inLanguage\":\"pt-PT\",\"@id\":\"https:\\\/\\\/automotiverevista.pt\\\/index.php\\\/2024\\\/06\\\/03\\\/galp-frota-um-cartao-com-solucoes-e-muita-energia\\\/#primaryimage\",\"url\":\"https:\\\/\\\/automotiverevista.pt\\\/wp-content\\\/uploads\\\/2024\\\/05\\\/IMG_5543.jpg\",\"contentUrl\":\"https:\\\/\\\/automotiverevista.pt\\\/wp-content\\\/uploads\\\/2024\\\/05\\\/IMG_5543.jpg\",\"width\":1500,\"height\":1000},{\"@type\":\"BreadcrumbList\",\"@id\":\"https:\\\/\\\/automotiverevista.pt\\\/index.php\\\/2024\\\/06\\\/03\\\/galp-frota-um-cartao-com-solucoes-e-muita-energia\\\/#breadcrumb\",\"itemListElement\":[{\"@type\":\"ListItem\",\"position\":1,\"name\":\"Home\",\"item\":\"https:\\\/\\\/automotiverevista.pt\\\/\"},{\"@type\":\"ListItem\",\"position\":2,\"name\":\"Galp Frota \u2013 um cart\u00e3o com solu\u00e7\u00f5es e muita energia\"}]},{\"@type\":\"WebSite\",\"@id\":\"https:\\\/\\\/automotiverevista.pt\\\/#website\",\"url\":\"https:\\\/\\\/automotiverevista.pt\\\/\",\"name\":\"Revista Automotive\",\"description\":\"Revista Automotive Portugal\",\"publisher\":{\"@id\":\"https:\\\/\\\/automotiverevista.pt\\\/#organization\"},\"potentialAction\":[{\"@type\":\"SearchAction\",\"target\":{\"@type\":\"EntryPoint\",\"urlTemplate\":\"https:\\\/\\\/automotiverevista.pt\\\/?s={search_term_string}\"},\"query-input\":{\"@type\":\"PropertyValueSpecification\",\"valueRequired\":true,\"valueName\":\"search_term_string\"}}],\"inLanguage\":\"pt-PT\"},{\"@type\":\"Organization\",\"@id\":\"https:\\\/\\\/automotiverevista.pt\\\/#organization\",\"name\":\"Revista Automotive Portugal\",\"url\":\"https:\\\/\\\/automotiverevista.pt\\\/\",\"logo\":{\"@type\":\"ImageObject\",\"inLanguage\":\"pt-PT\",\"@id\":\"https:\\\/\\\/automotiverevista.pt\\\/#\\\/schema\\\/logo\\\/image\\\/\",\"url\":\"https:\\\/\\\/automotiverevista.pt\\\/wp-content\\\/uploads\\\/2022\\\/07\\\/Logo-Automotive-2021_500-1.jpg\",\"contentUrl\":\"https:\\\/\\\/automotiverevista.pt\\\/wp-content\\\/uploads\\\/2022\\\/07\\\/Logo-Automotive-2021_500-1.jpg\",\"width\":500,\"height\":160,\"caption\":\"Revista Automotive Portugal\"},\"image\":{\"@id\":\"https:\\\/\\\/automotiverevista.pt\\\/#\\\/schema\\\/logo\\\/image\\\/\"},\"sameAs\":[\"https:\\\/\\\/linkedin.com\\\/in\\\/automotiverevista\"]},{\"@type\":\"Person\",\"@id\":\"https:\\\/\\\/automotiverevista.pt\\\/#\\\/schema\\\/person\\\/1265858bc8c78a0f969de814da8be281\",\"name\":\"adminNovo\",\"image\":{\"@type\":\"ImageObject\",\"inLanguage\":\"pt-PT\",\"@id\":\"https:\\\/\\\/secure.gravatar.com\\\/avatar\\\/c606c1288dcc11eb4c709aa5136fdb962583c410f5c23c0b7bf6917c542be355?s=96&d=mm&r=g\",\"url\":\"https:\\\/\\\/secure.gravatar.com\\\/avatar\\\/c606c1288dcc11eb4c709aa5136fdb962583c410f5c23c0b7bf6917c542be355?s=96&d=mm&r=g\",\"contentUrl\":\"https:\\\/\\\/secure.gravatar.com\\\/avatar\\\/c606c1288dcc11eb4c709aa5136fdb962583c410f5c23c0b7bf6917c542be355?s=96&d=mm&r=g\",\"caption\":\"adminNovo\"},\"sameAs\":[\"https:\\\/\\\/automotiverevista.pt\"],\"url\":\"https:\\\/\\\/automotiverevista.pt\\\/index.php\\\/author\\\/adminnovo\\\/\"}]}<\/script>\n<!-- \/ Yoast SEO Premium plugin. -->","yoast_head_json":{"title":"Galp Frota \u2013 um cart\u00e3o com solu\u00e7\u00f5es e muita energia - Revista Automotive","description":"Rita F\u00e9ria, Respons\u00e1vel Ib\u00e9rica do Produto Galp Frota, trouxe muita energia \u00e0 sua apresenta\u00e7\u00e3o e com isso , sua autenticidade, os","robots":{"index":"index","follow":"follow","max-snippet":"max-snippet:-1","max-image-preview":"max-image-preview:large","max-video-preview":"max-video-preview:-1"},"canonical":"https:\/\/automotiverevista.pt\/index.php\/2024\/06\/03\/galp-frota-um-cartao-com-solucoes-e-muita-energia\/","og_locale":"pt_PT","og_type":"article","og_title":"Galp Frota \u2013 um cart\u00e3o com solu\u00e7\u00f5es e muita energia","og_description":"Rita F\u00e9ria, Respons\u00e1vel Ib\u00e9rica do Produto Galp Frota, trouxe muita energia \u00e0 sua apresenta\u00e7\u00e3o e com isso , sua autenticidade, os","og_url":"https:\/\/automotiverevista.pt\/index.php\/2024\/06\/03\/galp-frota-um-cartao-com-solucoes-e-muita-energia\/","og_site_name":"Revista Automotive","article_published_time":"2024-06-03T12:14:00+00:00","og_image":[{"width":1500,"height":1000,"url":"https:\/\/automotiverevista.pt\/wp-content\/uploads\/2024\/05\/IMG_5543.jpg","type":"image\/jpeg"}],"author":"adminNovo","twitter_card":"summary_large_image","twitter_misc":{"Escrito por":"adminNovo","Tempo estimado de leitura":"2 minutos"},"schema":{"@context":"https:\/\/schema.org","@graph":[{"@type":"Article","@id":"https:\/\/automotiverevista.pt\/index.php\/2024\/06\/03\/galp-frota-um-cartao-com-solucoes-e-muita-energia\/#article","isPartOf":{"@id":"https:\/\/automotiverevista.pt\/index.php\/2024\/06\/03\/galp-frota-um-cartao-com-solucoes-e-muita-energia\/"},"author":{"name":"adminNovo","@id":"https:\/\/automotiverevista.pt\/#\/schema\/person\/1265858bc8c78a0f969de814da8be281"},"headline":"Galp Frota \u2013 um cart\u00e3o com solu\u00e7\u00f5es e muita energia","datePublished":"2024-06-03T12:14:00+00:00","mainEntityOfPage":{"@id":"https:\/\/automotiverevista.pt\/index.php\/2024\/06\/03\/galp-frota-um-cartao-com-solucoes-e-muita-energia\/"},"wordCount":239,"publisher":{"@id":"https:\/\/automotiverevista.pt\/#organization"},"image":{"@id":"https:\/\/automotiverevista.pt\/index.php\/2024\/06\/03\/galp-frota-um-cartao-com-solucoes-e-muita-energia\/#primaryimage"},"thumbnailUrl":"https:\/\/automotiverevista.pt\/wp-content\/uploads\/2024\/05\/IMG_5543.jpg","articleSection":["Frotas"],"inLanguage":"pt-PT"},{"@type":"WebPage","@id":"https:\/\/automotiverevista.pt\/index.php\/2024\/06\/03\/galp-frota-um-cartao-com-solucoes-e-muita-energia\/","url":"https:\/\/automotiverevista.pt\/index.php\/2024\/06\/03\/galp-frota-um-cartao-com-solucoes-e-muita-energia\/","name":"Galp Frota \u2013 um cart\u00e3o com solu\u00e7\u00f5es e muita energia - Revista Automotive","isPartOf":{"@id":"https:\/\/automotiverevista.pt\/#website"},"primaryImageOfPage":{"@id":"https:\/\/automotiverevista.pt\/index.php\/2024\/06\/03\/galp-frota-um-cartao-com-solucoes-e-muita-energia\/#primaryimage"},"image":{"@id":"https:\/\/automotiverevista.pt\/index.php\/2024\/06\/03\/galp-frota-um-cartao-com-solucoes-e-muita-energia\/#primaryimage"},"thumbnailUrl":"https:\/\/automotiverevista.pt\/wp-content\/uploads\/2024\/05\/IMG_5543.jpg","datePublished":"2024-06-03T12:14:00+00:00","description":"Rita F\u00e9ria, Respons\u00e1vel Ib\u00e9rica do Produto Galp Frota, trouxe muita energia \u00e0 sua apresenta\u00e7\u00e3o e com isso , sua autenticidade, os","breadcrumb":{"@id":"https:\/\/automotiverevista.pt\/index.php\/2024\/06\/03\/galp-frota-um-cartao-com-solucoes-e-muita-energia\/#breadcrumb"},"inLanguage":"pt-PT","potentialAction":[{"@type":"ReadAction","target":["https:\/\/automotiverevista.pt\/index.php\/2024\/06\/03\/galp-frota-um-cartao-com-solucoes-e-muita-energia\/"]}]},{"@type":"ImageObject","inLanguage":"pt-PT","@id":"https:\/\/automotiverevista.pt\/index.php\/2024\/06\/03\/galp-frota-um-cartao-com-solucoes-e-muita-energia\/#primaryimage","url":"https:\/\/automotiverevista.pt\/wp-content\/uploads\/2024\/05\/IMG_5543.jpg","contentUrl":"https:\/\/automotiverevista.pt\/wp-content\/uploads\/2024\/05\/IMG_5543.jpg","width":1500,"height":1000},{"@type":"BreadcrumbList","@id":"https:\/\/automotiverevista.pt\/index.php\/2024\/06\/03\/galp-frota-um-cartao-com-solucoes-e-muita-energia\/#breadcrumb","itemListElement":[{"@type":"ListItem","position":1,"name":"Home","item":"https:\/\/automotiverevista.pt\/"},{"@type":"ListItem","position":2,"name":"Galp Frota \u2013 um cart\u00e3o com solu\u00e7\u00f5es e muita energia"}]},{"@type":"WebSite","@id":"https:\/\/automotiverevista.pt\/#website","url":"https:\/\/automotiverevista.pt\/","name":"Revista Automotive","description":"Revista Automotive Portugal","publisher":{"@id":"https:\/\/automotiverevista.pt\/#organization"},"potentialAction":[{"@type":"SearchAction","target":{"@type":"EntryPoint","urlTemplate":"https:\/\/automotiverevista.pt\/?s={search_term_string}"},"query-input":{"@type":"PropertyValueSpecification","valueRequired":true,"valueName":"search_term_string"}}],"inLanguage":"pt-PT"},{"@type":"Organization","@id":"https:\/\/automotiverevista.pt\/#organization","name":"Revista Automotive Portugal","url":"https:\/\/automotiverevista.pt\/","logo":{"@type":"ImageObject","inLanguage":"pt-PT","@id":"https:\/\/automotiverevista.pt\/#\/schema\/logo\/image\/","url":"https:\/\/automotiverevista.pt\/wp-content\/uploads\/2022\/07\/Logo-Automotive-2021_500-1.jpg","contentUrl":"https:\/\/automotiverevista.pt\/wp-content\/uploads\/2022\/07\/Logo-Automotive-2021_500-1.jpg","width":500,"height":160,"caption":"Revista Automotive Portugal"},"image":{"@id":"https:\/\/automotiverevista.pt\/#\/schema\/logo\/image\/"},"sameAs":["https:\/\/linkedin.com\/in\/automotiverevista"]},{"@type":"Person","@id":"https:\/\/automotiverevista.pt\/#\/schema\/person\/1265858bc8c78a0f969de814da8be281","name":"adminNovo","image":{"@type":"ImageObject","inLanguage":"pt-PT","@id":"https:\/\/secure.gravatar.com\/avatar\/c606c1288dcc11eb4c709aa5136fdb962583c410f5c23c0b7bf6917c542be355?s=96&d=mm&r=g","url":"https:\/\/secure.gravatar.com\/avatar\/c606c1288dcc11eb4c709aa5136fdb962583c410f5c23c0b7bf6917c542be355?s=96&d=mm&r=g","contentUrl":"https:\/\/secure.gravatar.com\/avatar\/c606c1288dcc11eb4c709aa5136fdb962583c410f5c23c0b7bf6917c542be355?s=96&d=mm&r=g","caption":"adminNovo"},"sameAs":["https:\/\/automotiverevista.pt"],"url":"https:\/\/automotiverevista.pt\/index.php\/author\/adminnovo\/"}]}},"_links":{"self":[{"href":"https:\/\/automotiverevista.pt\/index.php\/wp-json\/wp\/v2\/posts\/6484","targetHints":{"allow":["GET"]}}],"collection":[{"href":"https:\/\/automotiverevista.pt\/index.php\/wp-json\/wp\/v2\/posts"}],"about":[{"href":"https:\/\/automotiverevista.pt\/index.php\/wp-json\/wp\/v2\/types\/post"}],"author":[{"embeddable":true,"href":"https:\/\/automotiverevista.pt\/index.php\/wp-json\/wp\/v2\/users\/1"}],"replies":[{"embeddable":true,"href":"https:\/\/automotiverevista.pt\/index.php\/wp-json\/wp\/v2\/comments?post=6484"}],"version-history":[{"count":1,"href":"https:\/\/automotiverevista.pt\/index.php\/wp-json\/wp\/v2\/posts\/6484\/revisions"}],"predecessor-version":[{"id":6488,"href":"https:\/\/automotiverevista.pt\/index.php\/wp-json\/wp\/v2\/posts\/6484\/revisions\/6488"}],"wp:featuredmedia":[{"embeddable":true,"href":"https:\/\/automotiverevista.pt\/index.php\/wp-json\/wp\/v2\/media\/6485"}],"wp:attachment":[{"href":"https:\/\/automotiverevista.pt\/index.php\/wp-json\/wp\/v2\/media?parent=6484"}],"wp:term":[{"taxonomy":"category","embeddable":true,"href":"https:\/\/automotiverevista.pt\/index.php\/wp-json\/wp\/v2\/categories?post=6484"},{"taxonomy":"post_tag","embeddable":true,"href":"https:\/\/automotiverevista.pt\/index.php\/wp-json\/wp\/v2\/tags?post=6484"}],"curies":[{"name":"wp","href":"https:\/\/api.w.org\/{rel}","templated":true}]}}