{"id":6594,"date":"2024-06-17T05:47:00","date_gmt":"2024-06-17T05:47:00","guid":{"rendered":"https:\/\/automotiverevista.pt\/?p=6594"},"modified":"2024-06-11T20:48:26","modified_gmt":"2024-06-11T20:48:26","slug":"autocarros-van-holl-sucumbe-e-vdl-tenta-reerguer","status":"publish","type":"post","link":"https:\/\/automotiverevista.pt\/index.php\/2024\/06\/17\/autocarros-van-holl-sucumbe-e-vdl-tenta-reerguer\/","title":{"rendered":"Autocarros: Van Holl sucumbe e VDL tenta reerguer"},"content":{"rendered":"\n<p>Desde 2022 que os construtores belgas e holandeses de autocarros t\u00eam vivido tempos conturbados. Para a Van Holl, chegou o seu fim, tendo sido declarada falida ap\u00f3s v\u00e1rios meses de negocia\u00e7\u00f5es com potenciais investidores e com uma d\u00edvida acumulada de 400 milh\u00f5es de euros.<\/p>\n\n\n\n<p>Quanto \u00e0 marca VDL, depois de uma presen\u00e7a muito fr\u00e1gil no sal\u00e3o Busworld em outubro de 2023, logo de seguida (novembro) veio a falecer Wim van der Leegte, propriet\u00e1rio do Grupo VDL. Em janeiro deste ano, o Grupo VDL perdeu a produ\u00e7\u00e3o do modelo Mini da BMW, que era produzido na sua f\u00e1brica em Born (Holanda), tendo despedido cerca de 2000 trabalhadores.<\/p>\n\n\n\n<p>Numa tentativa de se reerguer, a VDL com o apoio do estado holand\u00eas, construiu uma nova f\u00e1brica de autocarros em Roeselare, na flandres holandesa. A f\u00e1brica, inaugurada recentemente pelo governo holand\u00eas, cobre uma \u00e1rea de 77.000 m2. Aqui dever\u00e1 ser produzido em s\u00e9rie o eCitea, o autocarro 100% el\u00e9trico da VDL &#8211; que tinha previs\u00e3o de lan\u00e7amento para 2022, mas que este ano dever\u00e1 finalmente iniciar a sua produ\u00e7\u00e3o.<\/p>\n","protected":false},"excerpt":{"rendered":"<p>Desde 2022 que os construtores belgas e holandeses de autocarros t\u00eam vivido tempos conturbados. Para a Van Holl, chegou o seu fim, tendo sido declarada falida ap\u00f3s v\u00e1rios meses de negocia\u00e7\u00f5es com potenciais investidores e com uma d\u00edvida acumulada de 400 milh\u00f5es de euros. Quanto \u00e0 marca VDL, depois de uma presen\u00e7a muito fr\u00e1gil no [&hellip;]<\/p>\n","protected":false},"author":1,"featured_media":6595,"comment_status":"closed","ping_status":"open","sticky":false,"template":"","format":"standard","meta":{"jnews-multi-image_gallery":[],"jnews_single_post":{"subtitle":"","format":"standard","video":"","gallery":"","source_name":"","source_url":"","via_name":"","via_url":"","override_template":"0","override":[{"template":"2","single_blog_custom":"","parallax":"1","fullscreen":"1","layout":"right-sidebar","sidebar":"default-sidebar","second_sidebar":"default-sidebar","sticky_sidebar":"1","share_position":"topbottom","share_float_style":"share-monocrhome","show_share_counter":"0","show_view_counter":"0","show_featured":"1","show_post_meta":"1","show_post_author":"0","show_post_author_image":"1","show_post_date":"1","post_date_format":"default","post_date_format_custom":"Y\/m\/d","show_post_category":"1","show_post_reading_time":"0","post_reading_time_wpm":"300","show_zoom_button":"0","zoom_button_out_step":"2","zoom_button_in_step":"3","show_post_tag":"1","show_prev_next_post":"0","show_popup_post":"1","number_popup_post":"1","show_author_box":"0","show_post_related":"1","show_inline_post_related":"1"}],"override_image_size":"0","image_override":[{"single_post_thumbnail_size":"crop-500","single_post_gallery_size":"crop-500"}],"trending_post":"0","trending_post_position":"meta","trending_post_label":"Trending","sponsored_post":"0","sponsored_post_label":"Sponsored by","sponsored_post_name":"","sponsored_post_url":"","sponsored_post_logo_enable":"0","sponsored_post_logo":"","sponsored_post_desc":"","disable_ad":"0"},"jnews_primary_category":{"id":"","hide":""},"footnotes":""},"categories":[25],"tags":[],"class_list":["post-6594","post","type-post","status-publish","format-standard","has-post-thumbnail","hentry","category-pesados-e-maquinas"],"yoast_head":"<!-- This site is optimized with the Yoast SEO Premium plugin v27.2 (Yoast SEO v27.5) - https:\/\/yoast.com\/product\/yoast-seo-premium-wordpress\/ -->\n<title>Autocarros: Van Holl sucumbe e VDL tenta reerguer - Revista Automotive<\/title>\n<meta name=\"description\" content=\"Descubra os \u00faltimos acontecimentos no mundo dos construtores de autocarros belgas e holandeses. O fim da Van Holl e os desafios da marca VDL.\" \/>\n<meta name=\"robots\" content=\"index, follow, max-snippet:-1, max-image-preview:large, max-video-preview:-1\" \/>\n<link rel=\"canonical\" href=\"https:\/\/automotiverevista.pt\/index.php\/2024\/06\/17\/autocarros-van-holl-sucumbe-e-vdl-tenta-reerguer\/\" \/>\n<meta property=\"og:locale\" content=\"pt_PT\" \/>\n<meta property=\"og:type\" content=\"article\" \/>\n<meta property=\"og:title\" content=\"Autocarros: Van Holl sucumbe e VDL tenta reerguer\" \/>\n<meta property=\"og:description\" content=\"Descubra os \u00faltimos acontecimentos no mundo dos construtores de autocarros belgas e holandeses. O fim da Van Holl e os desafios da marca VDL.\" \/>\n<meta property=\"og:url\" content=\"https:\/\/automotiverevista.pt\/index.php\/2024\/06\/17\/autocarros-van-holl-sucumbe-e-vdl-tenta-reerguer\/\" \/>\n<meta property=\"og:site_name\" content=\"Revista Automotive\" \/>\n<meta property=\"article:published_time\" content=\"2024-06-17T05:47:00+00:00\" \/>\n<meta property=\"og:image\" content=\"https:\/\/automotiverevista.pt\/wp-content\/uploads\/2024\/06\/w.jpg\" \/>\n\t<meta property=\"og:image:width\" content=\"1500\" \/>\n\t<meta property=\"og:image:height\" content=\"714\" \/>\n\t<meta property=\"og:image:type\" content=\"image\/jpeg\" \/>\n<meta name=\"author\" content=\"adminNovo\" \/>\n<meta name=\"twitter:card\" content=\"summary_large_image\" \/>\n<meta name=\"twitter:label1\" content=\"Escrito por\" \/>\n\t<meta name=\"twitter:data1\" content=\"adminNovo\" \/>\n\t<meta name=\"twitter:label2\" content=\"Tempo estimado de leitura\" \/>\n\t<meta name=\"twitter:data2\" content=\"2 minutos\" \/>\n<script type=\"application\/ld+json\" class=\"yoast-schema-graph\">{\"@context\":\"https:\\\/\\\/schema.org\",\"@graph\":[{\"@type\":\"Article\",\"@id\":\"https:\\\/\\\/automotiverevista.pt\\\/index.php\\\/2024\\\/06\\\/17\\\/autocarros-van-holl-sucumbe-e-vdl-tenta-reerguer\\\/#article\",\"isPartOf\":{\"@id\":\"https:\\\/\\\/automotiverevista.pt\\\/index.php\\\/2024\\\/06\\\/17\\\/autocarros-van-holl-sucumbe-e-vdl-tenta-reerguer\\\/\"},\"author\":{\"name\":\"adminNovo\",\"@id\":\"https:\\\/\\\/automotiverevista.pt\\\/#\\\/schema\\\/person\\\/1265858bc8c78a0f969de814da8be281\"},\"headline\":\"Autocarros: Van Holl sucumbe e VDL tenta reerguer\",\"datePublished\":\"2024-06-17T05:47:00+00:00\",\"mainEntityOfPage\":{\"@id\":\"https:\\\/\\\/automotiverevista.pt\\\/index.php\\\/2024\\\/06\\\/17\\\/autocarros-van-holl-sucumbe-e-vdl-tenta-reerguer\\\/\"},\"wordCount\":196,\"publisher\":{\"@id\":\"https:\\\/\\\/automotiverevista.pt\\\/#organization\"},\"image\":{\"@id\":\"https:\\\/\\\/automotiverevista.pt\\\/index.php\\\/2024\\\/06\\\/17\\\/autocarros-van-holl-sucumbe-e-vdl-tenta-reerguer\\\/#primaryimage\"},\"thumbnailUrl\":\"https:\\\/\\\/automotiverevista.pt\\\/wp-content\\\/uploads\\\/2024\\\/06\\\/w.jpg\",\"articleSection\":[\"Pesados e M\u00e1quinas\"],\"inLanguage\":\"pt-PT\"},{\"@type\":\"WebPage\",\"@id\":\"https:\\\/\\\/automotiverevista.pt\\\/index.php\\\/2024\\\/06\\\/17\\\/autocarros-van-holl-sucumbe-e-vdl-tenta-reerguer\\\/\",\"url\":\"https:\\\/\\\/automotiverevista.pt\\\/index.php\\\/2024\\\/06\\\/17\\\/autocarros-van-holl-sucumbe-e-vdl-tenta-reerguer\\\/\",\"name\":\"Autocarros: Van Holl sucumbe e VDL tenta reerguer - Revista Automotive\",\"isPartOf\":{\"@id\":\"https:\\\/\\\/automotiverevista.pt\\\/#website\"},\"primaryImageOfPage\":{\"@id\":\"https:\\\/\\\/automotiverevista.pt\\\/index.php\\\/2024\\\/06\\\/17\\\/autocarros-van-holl-sucumbe-e-vdl-tenta-reerguer\\\/#primaryimage\"},\"image\":{\"@id\":\"https:\\\/\\\/automotiverevista.pt\\\/index.php\\\/2024\\\/06\\\/17\\\/autocarros-van-holl-sucumbe-e-vdl-tenta-reerguer\\\/#primaryimage\"},\"thumbnailUrl\":\"https:\\\/\\\/automotiverevista.pt\\\/wp-content\\\/uploads\\\/2024\\\/06\\\/w.jpg\",\"datePublished\":\"2024-06-17T05:47:00+00:00\",\"description\":\"Descubra os \u00faltimos acontecimentos no mundo dos construtores de autocarros belgas e holandeses. O fim da Van Holl e os desafios da marca VDL.\",\"breadcrumb\":{\"@id\":\"https:\\\/\\\/automotiverevista.pt\\\/index.php\\\/2024\\\/06\\\/17\\\/autocarros-van-holl-sucumbe-e-vdl-tenta-reerguer\\\/#breadcrumb\"},\"inLanguage\":\"pt-PT\",\"potentialAction\":[{\"@type\":\"ReadAction\",\"target\":[\"https:\\\/\\\/automotiverevista.pt\\\/index.php\\\/2024\\\/06\\\/17\\\/autocarros-van-holl-sucumbe-e-vdl-tenta-reerguer\\\/\"]}]},{\"@type\":\"ImageObject\",\"inLanguage\":\"pt-PT\",\"@id\":\"https:\\\/\\\/automotiverevista.pt\\\/index.php\\\/2024\\\/06\\\/17\\\/autocarros-van-holl-sucumbe-e-vdl-tenta-reerguer\\\/#primaryimage\",\"url\":\"https:\\\/\\\/automotiverevista.pt\\\/wp-content\\\/uploads\\\/2024\\\/06\\\/w.jpg\",\"contentUrl\":\"https:\\\/\\\/automotiverevista.pt\\\/wp-content\\\/uploads\\\/2024\\\/06\\\/w.jpg\",\"width\":1500,\"height\":714},{\"@type\":\"BreadcrumbList\",\"@id\":\"https:\\\/\\\/automotiverevista.pt\\\/index.php\\\/2024\\\/06\\\/17\\\/autocarros-van-holl-sucumbe-e-vdl-tenta-reerguer\\\/#breadcrumb\",\"itemListElement\":[{\"@type\":\"ListItem\",\"position\":1,\"name\":\"Home\",\"item\":\"https:\\\/\\\/automotiverevista.pt\\\/\"},{\"@type\":\"ListItem\",\"position\":2,\"name\":\"Autocarros: Van Holl sucumbe e VDL tenta reerguer\"}]},{\"@type\":\"WebSite\",\"@id\":\"https:\\\/\\\/automotiverevista.pt\\\/#website\",\"url\":\"https:\\\/\\\/automotiverevista.pt\\\/\",\"name\":\"Revista Automotive\",\"description\":\"Revista Automotive Portugal\",\"publisher\":{\"@id\":\"https:\\\/\\\/automotiverevista.pt\\\/#organization\"},\"potentialAction\":[{\"@type\":\"SearchAction\",\"target\":{\"@type\":\"EntryPoint\",\"urlTemplate\":\"https:\\\/\\\/automotiverevista.pt\\\/?s={search_term_string}\"},\"query-input\":{\"@type\":\"PropertyValueSpecification\",\"valueRequired\":true,\"valueName\":\"search_term_string\"}}],\"inLanguage\":\"pt-PT\"},{\"@type\":\"Organization\",\"@id\":\"https:\\\/\\\/automotiverevista.pt\\\/#organization\",\"name\":\"Revista Automotive Portugal\",\"url\":\"https:\\\/\\\/automotiverevista.pt\\\/\",\"logo\":{\"@type\":\"ImageObject\",\"inLanguage\":\"pt-PT\",\"@id\":\"https:\\\/\\\/automotiverevista.pt\\\/#\\\/schema\\\/logo\\\/image\\\/\",\"url\":\"https:\\\/\\\/automotiverevista.pt\\\/wp-content\\\/uploads\\\/2022\\\/07\\\/Logo-Automotive-2021_500-1.jpg\",\"contentUrl\":\"https:\\\/\\\/automotiverevista.pt\\\/wp-content\\\/uploads\\\/2022\\\/07\\\/Logo-Automotive-2021_500-1.jpg\",\"width\":500,\"height\":160,\"caption\":\"Revista Automotive Portugal\"},\"image\":{\"@id\":\"https:\\\/\\\/automotiverevista.pt\\\/#\\\/schema\\\/logo\\\/image\\\/\"},\"sameAs\":[\"https:\\\/\\\/linkedin.com\\\/in\\\/automotiverevista\"]},{\"@type\":\"Person\",\"@id\":\"https:\\\/\\\/automotiverevista.pt\\\/#\\\/schema\\\/person\\\/1265858bc8c78a0f969de814da8be281\",\"name\":\"adminNovo\",\"image\":{\"@type\":\"ImageObject\",\"inLanguage\":\"pt-PT\",\"@id\":\"https:\\\/\\\/secure.gravatar.com\\\/avatar\\\/c606c1288dcc11eb4c709aa5136fdb962583c410f5c23c0b7bf6917c542be355?s=96&d=mm&r=g\",\"url\":\"https:\\\/\\\/secure.gravatar.com\\\/avatar\\\/c606c1288dcc11eb4c709aa5136fdb962583c410f5c23c0b7bf6917c542be355?s=96&d=mm&r=g\",\"contentUrl\":\"https:\\\/\\\/secure.gravatar.com\\\/avatar\\\/c606c1288dcc11eb4c709aa5136fdb962583c410f5c23c0b7bf6917c542be355?s=96&d=mm&r=g\",\"caption\":\"adminNovo\"},\"sameAs\":[\"https:\\\/\\\/automotiverevista.pt\"],\"url\":\"https:\\\/\\\/automotiverevista.pt\\\/index.php\\\/author\\\/adminnovo\\\/\"}]}<\/script>\n<!-- \/ Yoast SEO Premium plugin. -->","yoast_head_json":{"title":"Autocarros: Van Holl sucumbe e VDL tenta reerguer - Revista Automotive","description":"Descubra os \u00faltimos acontecimentos no mundo dos construtores de autocarros belgas e holandeses. O fim da Van Holl e os desafios da marca VDL.","robots":{"index":"index","follow":"follow","max-snippet":"max-snippet:-1","max-image-preview":"max-image-preview:large","max-video-preview":"max-video-preview:-1"},"canonical":"https:\/\/automotiverevista.pt\/index.php\/2024\/06\/17\/autocarros-van-holl-sucumbe-e-vdl-tenta-reerguer\/","og_locale":"pt_PT","og_type":"article","og_title":"Autocarros: Van Holl sucumbe e VDL tenta reerguer","og_description":"Descubra os \u00faltimos acontecimentos no mundo dos construtores de autocarros belgas e holandeses. O fim da Van Holl e os desafios da marca VDL.","og_url":"https:\/\/automotiverevista.pt\/index.php\/2024\/06\/17\/autocarros-van-holl-sucumbe-e-vdl-tenta-reerguer\/","og_site_name":"Revista Automotive","article_published_time":"2024-06-17T05:47:00+00:00","og_image":[{"width":1500,"height":714,"url":"https:\/\/automotiverevista.pt\/wp-content\/uploads\/2024\/06\/w.jpg","type":"image\/jpeg"}],"author":"adminNovo","twitter_card":"summary_large_image","twitter_misc":{"Escrito por":"adminNovo","Tempo estimado de leitura":"2 minutos"},"schema":{"@context":"https:\/\/schema.org","@graph":[{"@type":"Article","@id":"https:\/\/automotiverevista.pt\/index.php\/2024\/06\/17\/autocarros-van-holl-sucumbe-e-vdl-tenta-reerguer\/#article","isPartOf":{"@id":"https:\/\/automotiverevista.pt\/index.php\/2024\/06\/17\/autocarros-van-holl-sucumbe-e-vdl-tenta-reerguer\/"},"author":{"name":"adminNovo","@id":"https:\/\/automotiverevista.pt\/#\/schema\/person\/1265858bc8c78a0f969de814da8be281"},"headline":"Autocarros: Van Holl sucumbe e VDL tenta reerguer","datePublished":"2024-06-17T05:47:00+00:00","mainEntityOfPage":{"@id":"https:\/\/automotiverevista.pt\/index.php\/2024\/06\/17\/autocarros-van-holl-sucumbe-e-vdl-tenta-reerguer\/"},"wordCount":196,"publisher":{"@id":"https:\/\/automotiverevista.pt\/#organization"},"image":{"@id":"https:\/\/automotiverevista.pt\/index.php\/2024\/06\/17\/autocarros-van-holl-sucumbe-e-vdl-tenta-reerguer\/#primaryimage"},"thumbnailUrl":"https:\/\/automotiverevista.pt\/wp-content\/uploads\/2024\/06\/w.jpg","articleSection":["Pesados e M\u00e1quinas"],"inLanguage":"pt-PT"},{"@type":"WebPage","@id":"https:\/\/automotiverevista.pt\/index.php\/2024\/06\/17\/autocarros-van-holl-sucumbe-e-vdl-tenta-reerguer\/","url":"https:\/\/automotiverevista.pt\/index.php\/2024\/06\/17\/autocarros-van-holl-sucumbe-e-vdl-tenta-reerguer\/","name":"Autocarros: Van Holl sucumbe e VDL tenta reerguer - Revista Automotive","isPartOf":{"@id":"https:\/\/automotiverevista.pt\/#website"},"primaryImageOfPage":{"@id":"https:\/\/automotiverevista.pt\/index.php\/2024\/06\/17\/autocarros-van-holl-sucumbe-e-vdl-tenta-reerguer\/#primaryimage"},"image":{"@id":"https:\/\/automotiverevista.pt\/index.php\/2024\/06\/17\/autocarros-van-holl-sucumbe-e-vdl-tenta-reerguer\/#primaryimage"},"thumbnailUrl":"https:\/\/automotiverevista.pt\/wp-content\/uploads\/2024\/06\/w.jpg","datePublished":"2024-06-17T05:47:00+00:00","description":"Descubra os \u00faltimos acontecimentos no mundo dos construtores de autocarros belgas e holandeses. O fim da Van Holl e os desafios da marca VDL.","breadcrumb":{"@id":"https:\/\/automotiverevista.pt\/index.php\/2024\/06\/17\/autocarros-van-holl-sucumbe-e-vdl-tenta-reerguer\/#breadcrumb"},"inLanguage":"pt-PT","potentialAction":[{"@type":"ReadAction","target":["https:\/\/automotiverevista.pt\/index.php\/2024\/06\/17\/autocarros-van-holl-sucumbe-e-vdl-tenta-reerguer\/"]}]},{"@type":"ImageObject","inLanguage":"pt-PT","@id":"https:\/\/automotiverevista.pt\/index.php\/2024\/06\/17\/autocarros-van-holl-sucumbe-e-vdl-tenta-reerguer\/#primaryimage","url":"https:\/\/automotiverevista.pt\/wp-content\/uploads\/2024\/06\/w.jpg","contentUrl":"https:\/\/automotiverevista.pt\/wp-content\/uploads\/2024\/06\/w.jpg","width":1500,"height":714},{"@type":"BreadcrumbList","@id":"https:\/\/automotiverevista.pt\/index.php\/2024\/06\/17\/autocarros-van-holl-sucumbe-e-vdl-tenta-reerguer\/#breadcrumb","itemListElement":[{"@type":"ListItem","position":1,"name":"Home","item":"https:\/\/automotiverevista.pt\/"},{"@type":"ListItem","position":2,"name":"Autocarros: Van Holl sucumbe e VDL tenta reerguer"}]},{"@type":"WebSite","@id":"https:\/\/automotiverevista.pt\/#website","url":"https:\/\/automotiverevista.pt\/","name":"Revista Automotive","description":"Revista Automotive Portugal","publisher":{"@id":"https:\/\/automotiverevista.pt\/#organization"},"potentialAction":[{"@type":"SearchAction","target":{"@type":"EntryPoint","urlTemplate":"https:\/\/automotiverevista.pt\/?s={search_term_string}"},"query-input":{"@type":"PropertyValueSpecification","valueRequired":true,"valueName":"search_term_string"}}],"inLanguage":"pt-PT"},{"@type":"Organization","@id":"https:\/\/automotiverevista.pt\/#organization","name":"Revista Automotive Portugal","url":"https:\/\/automotiverevista.pt\/","logo":{"@type":"ImageObject","inLanguage":"pt-PT","@id":"https:\/\/automotiverevista.pt\/#\/schema\/logo\/image\/","url":"https:\/\/automotiverevista.pt\/wp-content\/uploads\/2022\/07\/Logo-Automotive-2021_500-1.jpg","contentUrl":"https:\/\/automotiverevista.pt\/wp-content\/uploads\/2022\/07\/Logo-Automotive-2021_500-1.jpg","width":500,"height":160,"caption":"Revista Automotive Portugal"},"image":{"@id":"https:\/\/automotiverevista.pt\/#\/schema\/logo\/image\/"},"sameAs":["https:\/\/linkedin.com\/in\/automotiverevista"]},{"@type":"Person","@id":"https:\/\/automotiverevista.pt\/#\/schema\/person\/1265858bc8c78a0f969de814da8be281","name":"adminNovo","image":{"@type":"ImageObject","inLanguage":"pt-PT","@id":"https:\/\/secure.gravatar.com\/avatar\/c606c1288dcc11eb4c709aa5136fdb962583c410f5c23c0b7bf6917c542be355?s=96&d=mm&r=g","url":"https:\/\/secure.gravatar.com\/avatar\/c606c1288dcc11eb4c709aa5136fdb962583c410f5c23c0b7bf6917c542be355?s=96&d=mm&r=g","contentUrl":"https:\/\/secure.gravatar.com\/avatar\/c606c1288dcc11eb4c709aa5136fdb962583c410f5c23c0b7bf6917c542be355?s=96&d=mm&r=g","caption":"adminNovo"},"sameAs":["https:\/\/automotiverevista.pt"],"url":"https:\/\/automotiverevista.pt\/index.php\/author\/adminnovo\/"}]}},"_links":{"self":[{"href":"https:\/\/automotiverevista.pt\/index.php\/wp-json\/wp\/v2\/posts\/6594","targetHints":{"allow":["GET"]}}],"collection":[{"href":"https:\/\/automotiverevista.pt\/index.php\/wp-json\/wp\/v2\/posts"}],"about":[{"href":"https:\/\/automotiverevista.pt\/index.php\/wp-json\/wp\/v2\/types\/post"}],"author":[{"embeddable":true,"href":"https:\/\/automotiverevista.pt\/index.php\/wp-json\/wp\/v2\/users\/1"}],"replies":[{"embeddable":true,"href":"https:\/\/automotiverevista.pt\/index.php\/wp-json\/wp\/v2\/comments?post=6594"}],"version-history":[{"count":1,"href":"https:\/\/automotiverevista.pt\/index.php\/wp-json\/wp\/v2\/posts\/6594\/revisions"}],"predecessor-version":[{"id":6596,"href":"https:\/\/automotiverevista.pt\/index.php\/wp-json\/wp\/v2\/posts\/6594\/revisions\/6596"}],"wp:featuredmedia":[{"embeddable":true,"href":"https:\/\/automotiverevista.pt\/index.php\/wp-json\/wp\/v2\/media\/6595"}],"wp:attachment":[{"href":"https:\/\/automotiverevista.pt\/index.php\/wp-json\/wp\/v2\/media?parent=6594"}],"wp:term":[{"taxonomy":"category","embeddable":true,"href":"https:\/\/automotiverevista.pt\/index.php\/wp-json\/wp\/v2\/categories?post=6594"},{"taxonomy":"post_tag","embeddable":true,"href":"https:\/\/automotiverevista.pt\/index.php\/wp-json\/wp\/v2\/tags?post=6594"}],"curies":[{"name":"wp","href":"https:\/\/api.w.org\/{rel}","templated":true}]}}