{"id":6610,"date":"2024-06-19T09:33:28","date_gmt":"2024-06-19T09:33:28","guid":{"rendered":"https:\/\/automotiverevista.pt\/?p=6610"},"modified":"2024-06-19T09:33:29","modified_gmt":"2024-06-19T09:33:29","slug":"dpd-amplia-frota-100-eletrica-com-e-transit","status":"publish","type":"post","link":"https:\/\/automotiverevista.pt\/index.php\/2024\/06\/19\/dpd-amplia-frota-100-eletrica-com-e-transit\/","title":{"rendered":"DPD amplia frota 100% el\u00e9trica com E-Transit"},"content":{"rendered":"\n<p>Conforme havia sido a<a href=\"https:\/\/automotiverevista.pt\/index.php\/2024\/03\/18\/dpd-portugal-amplia-a-frota-de-furgoes-100-eletricos\/\">ntecipado pela Automotive<\/a> na sua edi\u00e7\u00e3o de mar\u00e7o deste ano, a DPD Portugal confirmou a <a href=\"https:\/\/automotiverevista.pt\/index.php\/2024\/05\/28\/dpd-frotas-e-entregas-mais-sustentaveis\/\">amplia\u00e7\u00e3o da sua frota<\/a> de <a href=\"https:\/\/www.youtube.com\/watch?v=1PcUNOJpMzY&amp;t=565s\">furg\u00f5es <\/a>100% el\u00e9tricos, com a aquisi\u00e7\u00e3o de 80 <a href=\"https:\/\/automotiverevista.pt\/index.php\/2024\/03\/28\/ford-pro-eletricos-novos-negocios-para-o-cliente-empresarial\/\">viaturas el\u00e9tricas Ford<\/a> E-Transit, que estar\u00e3o em a\u00e7\u00e3o para entrega de encomendas em 14 cidades portuguesas. O acordo assinado com a Ford, permitir\u00e1 \u00e0 DPD alcan\u00e7ar o marco dos 287 ve\u00edculos el\u00e9tricos at\u00e9 ao final do ano<\/p>\n\n\n\n<p>Com este investimento, a DPD Portugal refor\u00e7a o seu compromisso com a <a href=\"https:\/\/automotiverevista.pt\/index.php\/2024\/05\/28\/dpd-frotas-e-entregas-mais-sustentaveis\/\">sustentabilidade <\/a>do seu neg\u00f3cio, anunciando a terceira fase do processo de descarboniza\u00e7\u00e3o da sua frota. As novas viaturas juntam-se assim \u00e0 atual frota de ve\u00edculos puramente el\u00e9tricos, que totaliza 207 viaturas em 14 cidades de Norte a Sul do pa\u00eds, dando assim continuidade ao processo de transforma\u00e7\u00e3o da frota da DPD em Portugal.<\/p>\n\n\n\n<p>Esta \u00e9 uma das principais medidas da estrat\u00e9gia de sustentabilidade definidas pela Geopost (grupo do qual a DPD faz parte), e com a qual a empresa de <em>last mile<\/em> pretende ser <strong>Net Zero at\u00e9 2040<\/strong>, antecipando em 10 anos o cumprimento dos objetivos do Acordo Clim\u00e1tico de Paris, atrav\u00e9s da redu\u00e7\u00e3o de 90% das emiss\u00f5es poluentes, sendo os restantes 10% compensados atrav\u00e9s de outras medidas e projetos implementados pelo Grupo.<\/p>\n\n\n\n<figure class=\"wp-block-image size-large is-resized\"><img decoding=\"async\" width=\"1024\" height=\"768\" src=\"https:\/\/automotiverevista.pt\/wp-content\/uploads\/2024\/06\/20240508_170548_2-1024x768.jpg\" alt=\"\" class=\"wp-image-6613\" style=\"width:698px;height:auto\" srcset=\"https:\/\/automotiverevista.pt\/wp-content\/uploads\/2024\/06\/20240508_170548_2-1024x768.jpg 1024w, https:\/\/automotiverevista.pt\/wp-content\/uploads\/2024\/06\/20240508_170548_2-300x225.jpg 300w, https:\/\/automotiverevista.pt\/wp-content\/uploads\/2024\/06\/20240508_170548_2-768x576.jpg 768w, https:\/\/automotiverevista.pt\/wp-content\/uploads\/2024\/06\/20240508_170548_2-750x563.jpg 750w, https:\/\/automotiverevista.pt\/wp-content\/uploads\/2024\/06\/20240508_170548_2-1140x855.jpg 1140w, https:\/\/automotiverevista.pt\/wp-content\/uploads\/2024\/06\/20240508_170548_2.jpg 1500w\" sizes=\"(max-width: 1024px) 100vw, 1024px\" \/><\/figure>\n\n\n\n<p><strong>Vanguarda da sustentabilidade<\/strong><\/p>\n\n\n\n<p>Segundo <strong>Olivier Establet<\/strong>, CEO da DPD Portugal \u201cestamos conscientes do impacto ambiental da nossa atividade e do setor das entregas como um todo, pelo que a DPD est\u00e1 comprometida em manter-se na vanguarda da sustentabilidade. Este novo investimento vem reafirmar a nossa miss\u00e3o de descarbonizar o mercado dom\u00e9stico do transporte expresso, enquanto impulsionadores de uma mobilidade mais verde e de um planeta mais sustent\u00e1vel\u201d.<\/p>\n\n\n\n<p>\u00a0A escolha das viaturas recaiu nas suas caracter\u00edsticas distintivas: mais de 300 quil\u00f3metros de autonomia, e at\u00e9 15,1 m3 de capacidade de carga assim como <a href=\"https:\/\/automotiverevista.pt\/index.php\/2024\/01\/15\/ford-pro-nasce-um-novo-conceito-de-servicos-para-empresas\/\">solu\u00e7\u00f5es avan\u00e7adas<\/a> de conectividade, que fizeram da Ford E-Transit a <a href=\"https:\/\/automotiverevista.pt\/index.php\/2024\/03\/28\/ford-pro-eletricos-novos-negocios-para-o-cliente-empresarial\/\">viatura mais vendida d<\/a>o seu segmento em 2023 na Europa.<\/p>\n\n\n\n<figure class=\"wp-block-image size-large is-resized\"><img decoding=\"async\" width=\"1024\" height=\"768\" src=\"https:\/\/automotiverevista.pt\/wp-content\/uploads\/2024\/06\/20240508_170806_2-1024x768.jpg\" alt=\"\" class=\"wp-image-6614\" style=\"width:710px;height:auto\" srcset=\"https:\/\/automotiverevista.pt\/wp-content\/uploads\/2024\/06\/20240508_170806_2-1024x768.jpg 1024w, https:\/\/automotiverevista.pt\/wp-content\/uploads\/2024\/06\/20240508_170806_2-300x225.jpg 300w, https:\/\/automotiverevista.pt\/wp-content\/uploads\/2024\/06\/20240508_170806_2-768x576.jpg 768w, https:\/\/automotiverevista.pt\/wp-content\/uploads\/2024\/06\/20240508_170806_2-750x563.jpg 750w, https:\/\/automotiverevista.pt\/wp-content\/uploads\/2024\/06\/20240508_170806_2-1140x855.jpg 1140w, https:\/\/automotiverevista.pt\/wp-content\/uploads\/2024\/06\/20240508_170806_2.jpg 1500w\" sizes=\"(max-width: 1024px) 100vw, 1024px\" \/><\/figure>\n\n\n\n<p>Por sua vez, <strong>Jo\u00e3o Ferro<\/strong>, gerente delegado da Ford Lusitana, salientou que \u201csendo a produtividade e a sustentabilidade os principais eixos das duas empresas, \u00e9, para a <a href=\"https:\/\/automotiverevista.pt\/index.php\/2024\/01\/15\/ford-pro-nasce-um-novo-conceito-de-servicos-para-empresas\/\">Ford Pro<\/a>, um orgulho poder colaborar com a DPD no seu objetivo de maximizar a inova\u00e7\u00e3o da sua frota. Para tal, contamos com a gama de ve\u00edculos comerciais de refer\u00eancia na Europa nos \u00faltimos nove anos, com destaque para a E-Transit, a viatura el\u00e9trica de duas toneladas mais vendida da Europa em 2023\u201d.<\/p>\n\n\n\n<p>Atualmente, a DPD Portugal j\u00e1 conta com 30% da sua frota el\u00e9trica. Com o investimento previsto para este ano, espera-se que essa percentagem cres\u00e7a para os 35%, com circula\u00e7\u00e3o de viaturas 100% el\u00e9tricas em Lisboa, no Porto, no Seixal, na Guarda, em Coimbra, em \u00c9vora, em Viseu, em Leiria, em Faro e no Funchal.<\/p>\n\n\n\n<figure class=\"wp-block-image size-large is-resized\"><img decoding=\"async\" width=\"1024\" height=\"683\" src=\"https:\/\/automotiverevista.pt\/wp-content\/uploads\/2024\/06\/DPD-Portugal-Ford-065_2-1024x683.jpg\" alt=\"\" class=\"wp-image-6615\" style=\"width:741px;height:auto\" srcset=\"https:\/\/automotiverevista.pt\/wp-content\/uploads\/2024\/06\/DPD-Portugal-Ford-065_2-1024x683.jpg 1024w, https:\/\/automotiverevista.pt\/wp-content\/uploads\/2024\/06\/DPD-Portugal-Ford-065_2-300x200.jpg 300w, https:\/\/automotiverevista.pt\/wp-content\/uploads\/2024\/06\/DPD-Portugal-Ford-065_2-768x512.jpg 768w, https:\/\/automotiverevista.pt\/wp-content\/uploads\/2024\/06\/DPD-Portugal-Ford-065_2-750x500.jpg 750w, https:\/\/automotiverevista.pt\/wp-content\/uploads\/2024\/06\/DPD-Portugal-Ford-065_2-1140x760.jpg 1140w, https:\/\/automotiverevista.pt\/wp-content\/uploads\/2024\/06\/DPD-Portugal-Ford-065_2.jpg 1500w\" sizes=\"(max-width: 1024px) 100vw, 1024px\" \/><\/figure>\n\n\n\n<p>Na foto, Olivier Establet, CEO da DPD Portugal e Jo\u00e3o Ferro, gerente delegado da Ford Lusitana.<\/p>\n","protected":false},"excerpt":{"rendered":"<p>Conforme havia sido antecipado pela Automotive na sua edi\u00e7\u00e3o de mar\u00e7o deste ano, a DPD Portugal confirmou a amplia\u00e7\u00e3o da sua frota de furg\u00f5es 100% el\u00e9tricos, com a aquisi\u00e7\u00e3o de 80 viaturas el\u00e9tricas Ford E-Transit, que estar\u00e3o em a\u00e7\u00e3o para entrega de encomendas em 14 cidades portuguesas. O acordo assinado com a Ford, permitir\u00e1 \u00e0 [&hellip;]<\/p>\n","protected":false},"author":1,"featured_media":6611,"comment_status":"closed","ping_status":"open","sticky":false,"template":"","format":"standard","meta":{"jnews-multi-image_gallery":[],"jnews_single_post":{"subtitle":"","format":"standard","video":"","gallery":"","source_name":"","source_url":"","via_name":"","via_url":"","override_template":"0","override":[{"template":"2","single_blog_custom":"","parallax":"1","fullscreen":"1","layout":"right-sidebar","sidebar":"default-sidebar","second_sidebar":"default-sidebar","sticky_sidebar":"1","share_position":"topbottom","share_float_style":"share-monocrhome","show_share_counter":"0","show_view_counter":"0","show_featured":"1","show_post_meta":"1","show_post_author":"0","show_post_author_image":"1","show_post_date":"1","post_date_format":"default","post_date_format_custom":"Y\/m\/d","show_post_category":"1","show_post_reading_time":"0","post_reading_time_wpm":"300","show_zoom_button":"0","zoom_button_out_step":"2","zoom_button_in_step":"3","show_post_tag":"1","show_prev_next_post":"0","show_popup_post":"1","number_popup_post":"1","show_author_box":"0","show_post_related":"1","show_inline_post_related":"1"}],"override_image_size":"0","image_override":[{"single_post_thumbnail_size":"crop-500","single_post_gallery_size":"crop-500"}],"trending_post":"0","trending_post_position":"meta","trending_post_label":"Trending","sponsored_post":"0","sponsored_post_label":"Sponsored by","sponsored_post_name":"","sponsored_post_url":"","sponsored_post_logo_enable":"0","sponsored_post_logo":"","sponsored_post_desc":"","disable_ad":"0"},"jnews_primary_category":{"id":"","hide":""},"footnotes":""},"categories":[23],"tags":[],"class_list":["post-6610","post","type-post","status-publish","format-standard","has-post-thumbnail","hentry","category-frotas"],"yoast_head":"<!-- This site is optimized with the Yoast SEO Premium plugin v27.2 (Yoast SEO v27.5) - https:\/\/yoast.com\/product\/yoast-seo-premium-wordpress\/ -->\n<title>DPD amplia frota 100% el\u00e9trica com E-Transit - Revista Automotive<\/title>\n<meta name=\"description\" content=\"Descubra a amplia\u00e7\u00e3o da frota de furg\u00f5es 100% el\u00e9tricos da DPD Portugal, com a aquisi\u00e7\u00e3o de 80 viaturas el\u00e9tricas Ford E-Transit.\" \/>\n<meta name=\"robots\" content=\"index, follow, max-snippet:-1, max-image-preview:large, max-video-preview:-1\" \/>\n<link rel=\"canonical\" href=\"https:\/\/automotiverevista.pt\/index.php\/2024\/06\/19\/dpd-amplia-frota-100-eletrica-com-e-transit\/\" \/>\n<meta property=\"og:locale\" content=\"pt_PT\" \/>\n<meta property=\"og:type\" content=\"article\" \/>\n<meta property=\"og:title\" content=\"DPD amplia frota 100% el\u00e9trica com E-Transit\" \/>\n<meta property=\"og:description\" content=\"Descubra a amplia\u00e7\u00e3o da frota de furg\u00f5es 100% el\u00e9tricos da DPD Portugal, com a aquisi\u00e7\u00e3o de 80 viaturas el\u00e9tricas Ford E-Transit.\" \/>\n<meta property=\"og:url\" content=\"https:\/\/automotiverevista.pt\/index.php\/2024\/06\/19\/dpd-amplia-frota-100-eletrica-com-e-transit\/\" \/>\n<meta property=\"og:site_name\" content=\"Revista Automotive\" \/>\n<meta property=\"article:published_time\" content=\"2024-06-19T09:33:28+00:00\" \/>\n<meta property=\"article:modified_time\" content=\"2024-06-19T09:33:29+00:00\" \/>\n<meta property=\"og:image\" content=\"https:\/\/automotiverevista.pt\/wp-content\/uploads\/2024\/06\/DPD-Portugal-Ford-040_2.jpg\" \/>\n\t<meta property=\"og:image:width\" content=\"1500\" \/>\n\t<meta property=\"og:image:height\" content=\"1000\" \/>\n\t<meta property=\"og:image:type\" content=\"image\/jpeg\" \/>\n<meta name=\"author\" content=\"adminNovo\" \/>\n<meta name=\"twitter:card\" content=\"summary_large_image\" \/>\n<meta name=\"twitter:label1\" content=\"Escrito por\" \/>\n\t<meta name=\"twitter:data1\" content=\"adminNovo\" \/>\n\t<meta name=\"twitter:label2\" content=\"Tempo estimado de leitura\" \/>\n\t<meta name=\"twitter:data2\" content=\"4 minutos\" \/>\n<script type=\"application\/ld+json\" class=\"yoast-schema-graph\">{\"@context\":\"https:\\\/\\\/schema.org\",\"@graph\":[{\"@type\":\"Article\",\"@id\":\"https:\\\/\\\/automotiverevista.pt\\\/index.php\\\/2024\\\/06\\\/19\\\/dpd-amplia-frota-100-eletrica-com-e-transit\\\/#article\",\"isPartOf\":{\"@id\":\"https:\\\/\\\/automotiverevista.pt\\\/index.php\\\/2024\\\/06\\\/19\\\/dpd-amplia-frota-100-eletrica-com-e-transit\\\/\"},\"author\":{\"name\":\"adminNovo\",\"@id\":\"https:\\\/\\\/automotiverevista.pt\\\/#\\\/schema\\\/person\\\/1265858bc8c78a0f969de814da8be281\"},\"headline\":\"DPD amplia frota 100% el\u00e9trica com E-Transit\",\"datePublished\":\"2024-06-19T09:33:28+00:00\",\"dateModified\":\"2024-06-19T09:33:29+00:00\",\"mainEntityOfPage\":{\"@id\":\"https:\\\/\\\/automotiverevista.pt\\\/index.php\\\/2024\\\/06\\\/19\\\/dpd-amplia-frota-100-eletrica-com-e-transit\\\/\"},\"wordCount\":493,\"publisher\":{\"@id\":\"https:\\\/\\\/automotiverevista.pt\\\/#organization\"},\"image\":{\"@id\":\"https:\\\/\\\/automotiverevista.pt\\\/index.php\\\/2024\\\/06\\\/19\\\/dpd-amplia-frota-100-eletrica-com-e-transit\\\/#primaryimage\"},\"thumbnailUrl\":\"https:\\\/\\\/automotiverevista.pt\\\/wp-content\\\/uploads\\\/2024\\\/06\\\/DPD-Portugal-Ford-040_2.jpg\",\"articleSection\":[\"Frotas\"],\"inLanguage\":\"pt-PT\"},{\"@type\":\"WebPage\",\"@id\":\"https:\\\/\\\/automotiverevista.pt\\\/index.php\\\/2024\\\/06\\\/19\\\/dpd-amplia-frota-100-eletrica-com-e-transit\\\/\",\"url\":\"https:\\\/\\\/automotiverevista.pt\\\/index.php\\\/2024\\\/06\\\/19\\\/dpd-amplia-frota-100-eletrica-com-e-transit\\\/\",\"name\":\"DPD amplia frota 100% el\u00e9trica com E-Transit - Revista Automotive\",\"isPartOf\":{\"@id\":\"https:\\\/\\\/automotiverevista.pt\\\/#website\"},\"primaryImageOfPage\":{\"@id\":\"https:\\\/\\\/automotiverevista.pt\\\/index.php\\\/2024\\\/06\\\/19\\\/dpd-amplia-frota-100-eletrica-com-e-transit\\\/#primaryimage\"},\"image\":{\"@id\":\"https:\\\/\\\/automotiverevista.pt\\\/index.php\\\/2024\\\/06\\\/19\\\/dpd-amplia-frota-100-eletrica-com-e-transit\\\/#primaryimage\"},\"thumbnailUrl\":\"https:\\\/\\\/automotiverevista.pt\\\/wp-content\\\/uploads\\\/2024\\\/06\\\/DPD-Portugal-Ford-040_2.jpg\",\"datePublished\":\"2024-06-19T09:33:28+00:00\",\"dateModified\":\"2024-06-19T09:33:29+00:00\",\"description\":\"Descubra a amplia\u00e7\u00e3o da frota de furg\u00f5es 100% el\u00e9tricos da DPD Portugal, com a aquisi\u00e7\u00e3o de 80 viaturas el\u00e9tricas Ford E-Transit.\",\"breadcrumb\":{\"@id\":\"https:\\\/\\\/automotiverevista.pt\\\/index.php\\\/2024\\\/06\\\/19\\\/dpd-amplia-frota-100-eletrica-com-e-transit\\\/#breadcrumb\"},\"inLanguage\":\"pt-PT\",\"potentialAction\":[{\"@type\":\"ReadAction\",\"target\":[\"https:\\\/\\\/automotiverevista.pt\\\/index.php\\\/2024\\\/06\\\/19\\\/dpd-amplia-frota-100-eletrica-com-e-transit\\\/\"]}]},{\"@type\":\"ImageObject\",\"inLanguage\":\"pt-PT\",\"@id\":\"https:\\\/\\\/automotiverevista.pt\\\/index.php\\\/2024\\\/06\\\/19\\\/dpd-amplia-frota-100-eletrica-com-e-transit\\\/#primaryimage\",\"url\":\"https:\\\/\\\/automotiverevista.pt\\\/wp-content\\\/uploads\\\/2024\\\/06\\\/DPD-Portugal-Ford-040_2.jpg\",\"contentUrl\":\"https:\\\/\\\/automotiverevista.pt\\\/wp-content\\\/uploads\\\/2024\\\/06\\\/DPD-Portugal-Ford-040_2.jpg\",\"width\":1500,\"height\":1000},{\"@type\":\"BreadcrumbList\",\"@id\":\"https:\\\/\\\/automotiverevista.pt\\\/index.php\\\/2024\\\/06\\\/19\\\/dpd-amplia-frota-100-eletrica-com-e-transit\\\/#breadcrumb\",\"itemListElement\":[{\"@type\":\"ListItem\",\"position\":1,\"name\":\"Home\",\"item\":\"https:\\\/\\\/automotiverevista.pt\\\/\"},{\"@type\":\"ListItem\",\"position\":2,\"name\":\"DPD amplia frota 100% el\u00e9trica com E-Transit\"}]},{\"@type\":\"WebSite\",\"@id\":\"https:\\\/\\\/automotiverevista.pt\\\/#website\",\"url\":\"https:\\\/\\\/automotiverevista.pt\\\/\",\"name\":\"Revista Automotive\",\"description\":\"Revista Automotive Portugal\",\"publisher\":{\"@id\":\"https:\\\/\\\/automotiverevista.pt\\\/#organization\"},\"potentialAction\":[{\"@type\":\"SearchAction\",\"target\":{\"@type\":\"EntryPoint\",\"urlTemplate\":\"https:\\\/\\\/automotiverevista.pt\\\/?s={search_term_string}\"},\"query-input\":{\"@type\":\"PropertyValueSpecification\",\"valueRequired\":true,\"valueName\":\"search_term_string\"}}],\"inLanguage\":\"pt-PT\"},{\"@type\":\"Organization\",\"@id\":\"https:\\\/\\\/automotiverevista.pt\\\/#organization\",\"name\":\"Revista Automotive Portugal\",\"url\":\"https:\\\/\\\/automotiverevista.pt\\\/\",\"logo\":{\"@type\":\"ImageObject\",\"inLanguage\":\"pt-PT\",\"@id\":\"https:\\\/\\\/automotiverevista.pt\\\/#\\\/schema\\\/logo\\\/image\\\/\",\"url\":\"https:\\\/\\\/automotiverevista.pt\\\/wp-content\\\/uploads\\\/2022\\\/07\\\/Logo-Automotive-2021_500-1.jpg\",\"contentUrl\":\"https:\\\/\\\/automotiverevista.pt\\\/wp-content\\\/uploads\\\/2022\\\/07\\\/Logo-Automotive-2021_500-1.jpg\",\"width\":500,\"height\":160,\"caption\":\"Revista Automotive Portugal\"},\"image\":{\"@id\":\"https:\\\/\\\/automotiverevista.pt\\\/#\\\/schema\\\/logo\\\/image\\\/\"},\"sameAs\":[\"https:\\\/\\\/linkedin.com\\\/in\\\/automotiverevista\"]},{\"@type\":\"Person\",\"@id\":\"https:\\\/\\\/automotiverevista.pt\\\/#\\\/schema\\\/person\\\/1265858bc8c78a0f969de814da8be281\",\"name\":\"adminNovo\",\"image\":{\"@type\":\"ImageObject\",\"inLanguage\":\"pt-PT\",\"@id\":\"https:\\\/\\\/secure.gravatar.com\\\/avatar\\\/c606c1288dcc11eb4c709aa5136fdb962583c410f5c23c0b7bf6917c542be355?s=96&d=mm&r=g\",\"url\":\"https:\\\/\\\/secure.gravatar.com\\\/avatar\\\/c606c1288dcc11eb4c709aa5136fdb962583c410f5c23c0b7bf6917c542be355?s=96&d=mm&r=g\",\"contentUrl\":\"https:\\\/\\\/secure.gravatar.com\\\/avatar\\\/c606c1288dcc11eb4c709aa5136fdb962583c410f5c23c0b7bf6917c542be355?s=96&d=mm&r=g\",\"caption\":\"adminNovo\"},\"sameAs\":[\"https:\\\/\\\/automotiverevista.pt\"],\"url\":\"https:\\\/\\\/automotiverevista.pt\\\/index.php\\\/author\\\/adminnovo\\\/\"}]}<\/script>\n<!-- \/ Yoast SEO Premium plugin. -->","yoast_head_json":{"title":"DPD amplia frota 100% el\u00e9trica com E-Transit - Revista Automotive","description":"Descubra a amplia\u00e7\u00e3o da frota de furg\u00f5es 100% el\u00e9tricos da DPD Portugal, com a aquisi\u00e7\u00e3o de 80 viaturas el\u00e9tricas Ford E-Transit.","robots":{"index":"index","follow":"follow","max-snippet":"max-snippet:-1","max-image-preview":"max-image-preview:large","max-video-preview":"max-video-preview:-1"},"canonical":"https:\/\/automotiverevista.pt\/index.php\/2024\/06\/19\/dpd-amplia-frota-100-eletrica-com-e-transit\/","og_locale":"pt_PT","og_type":"article","og_title":"DPD amplia frota 100% el\u00e9trica com E-Transit","og_description":"Descubra a amplia\u00e7\u00e3o da frota de furg\u00f5es 100% el\u00e9tricos da DPD Portugal, com a aquisi\u00e7\u00e3o de 80 viaturas el\u00e9tricas Ford E-Transit.","og_url":"https:\/\/automotiverevista.pt\/index.php\/2024\/06\/19\/dpd-amplia-frota-100-eletrica-com-e-transit\/","og_site_name":"Revista Automotive","article_published_time":"2024-06-19T09:33:28+00:00","article_modified_time":"2024-06-19T09:33:29+00:00","og_image":[{"width":1500,"height":1000,"url":"https:\/\/automotiverevista.pt\/wp-content\/uploads\/2024\/06\/DPD-Portugal-Ford-040_2.jpg","type":"image\/jpeg"}],"author":"adminNovo","twitter_card":"summary_large_image","twitter_misc":{"Escrito por":"adminNovo","Tempo estimado de leitura":"4 minutos"},"schema":{"@context":"https:\/\/schema.org","@graph":[{"@type":"Article","@id":"https:\/\/automotiverevista.pt\/index.php\/2024\/06\/19\/dpd-amplia-frota-100-eletrica-com-e-transit\/#article","isPartOf":{"@id":"https:\/\/automotiverevista.pt\/index.php\/2024\/06\/19\/dpd-amplia-frota-100-eletrica-com-e-transit\/"},"author":{"name":"adminNovo","@id":"https:\/\/automotiverevista.pt\/#\/schema\/person\/1265858bc8c78a0f969de814da8be281"},"headline":"DPD amplia frota 100% el\u00e9trica com E-Transit","datePublished":"2024-06-19T09:33:28+00:00","dateModified":"2024-06-19T09:33:29+00:00","mainEntityOfPage":{"@id":"https:\/\/automotiverevista.pt\/index.php\/2024\/06\/19\/dpd-amplia-frota-100-eletrica-com-e-transit\/"},"wordCount":493,"publisher":{"@id":"https:\/\/automotiverevista.pt\/#organization"},"image":{"@id":"https:\/\/automotiverevista.pt\/index.php\/2024\/06\/19\/dpd-amplia-frota-100-eletrica-com-e-transit\/#primaryimage"},"thumbnailUrl":"https:\/\/automotiverevista.pt\/wp-content\/uploads\/2024\/06\/DPD-Portugal-Ford-040_2.jpg","articleSection":["Frotas"],"inLanguage":"pt-PT"},{"@type":"WebPage","@id":"https:\/\/automotiverevista.pt\/index.php\/2024\/06\/19\/dpd-amplia-frota-100-eletrica-com-e-transit\/","url":"https:\/\/automotiverevista.pt\/index.php\/2024\/06\/19\/dpd-amplia-frota-100-eletrica-com-e-transit\/","name":"DPD amplia frota 100% el\u00e9trica com E-Transit - Revista Automotive","isPartOf":{"@id":"https:\/\/automotiverevista.pt\/#website"},"primaryImageOfPage":{"@id":"https:\/\/automotiverevista.pt\/index.php\/2024\/06\/19\/dpd-amplia-frota-100-eletrica-com-e-transit\/#primaryimage"},"image":{"@id":"https:\/\/automotiverevista.pt\/index.php\/2024\/06\/19\/dpd-amplia-frota-100-eletrica-com-e-transit\/#primaryimage"},"thumbnailUrl":"https:\/\/automotiverevista.pt\/wp-content\/uploads\/2024\/06\/DPD-Portugal-Ford-040_2.jpg","datePublished":"2024-06-19T09:33:28+00:00","dateModified":"2024-06-19T09:33:29+00:00","description":"Descubra a amplia\u00e7\u00e3o da frota de furg\u00f5es 100% el\u00e9tricos da DPD Portugal, com a aquisi\u00e7\u00e3o de 80 viaturas el\u00e9tricas Ford E-Transit.","breadcrumb":{"@id":"https:\/\/automotiverevista.pt\/index.php\/2024\/06\/19\/dpd-amplia-frota-100-eletrica-com-e-transit\/#breadcrumb"},"inLanguage":"pt-PT","potentialAction":[{"@type":"ReadAction","target":["https:\/\/automotiverevista.pt\/index.php\/2024\/06\/19\/dpd-amplia-frota-100-eletrica-com-e-transit\/"]}]},{"@type":"ImageObject","inLanguage":"pt-PT","@id":"https:\/\/automotiverevista.pt\/index.php\/2024\/06\/19\/dpd-amplia-frota-100-eletrica-com-e-transit\/#primaryimage","url":"https:\/\/automotiverevista.pt\/wp-content\/uploads\/2024\/06\/DPD-Portugal-Ford-040_2.jpg","contentUrl":"https:\/\/automotiverevista.pt\/wp-content\/uploads\/2024\/06\/DPD-Portugal-Ford-040_2.jpg","width":1500,"height":1000},{"@type":"BreadcrumbList","@id":"https:\/\/automotiverevista.pt\/index.php\/2024\/06\/19\/dpd-amplia-frota-100-eletrica-com-e-transit\/#breadcrumb","itemListElement":[{"@type":"ListItem","position":1,"name":"Home","item":"https:\/\/automotiverevista.pt\/"},{"@type":"ListItem","position":2,"name":"DPD amplia frota 100% el\u00e9trica com E-Transit"}]},{"@type":"WebSite","@id":"https:\/\/automotiverevista.pt\/#website","url":"https:\/\/automotiverevista.pt\/","name":"Revista Automotive","description":"Revista Automotive Portugal","publisher":{"@id":"https:\/\/automotiverevista.pt\/#organization"},"potentialAction":[{"@type":"SearchAction","target":{"@type":"EntryPoint","urlTemplate":"https:\/\/automotiverevista.pt\/?s={search_term_string}"},"query-input":{"@type":"PropertyValueSpecification","valueRequired":true,"valueName":"search_term_string"}}],"inLanguage":"pt-PT"},{"@type":"Organization","@id":"https:\/\/automotiverevista.pt\/#organization","name":"Revista Automotive Portugal","url":"https:\/\/automotiverevista.pt\/","logo":{"@type":"ImageObject","inLanguage":"pt-PT","@id":"https:\/\/automotiverevista.pt\/#\/schema\/logo\/image\/","url":"https:\/\/automotiverevista.pt\/wp-content\/uploads\/2022\/07\/Logo-Automotive-2021_500-1.jpg","contentUrl":"https:\/\/automotiverevista.pt\/wp-content\/uploads\/2022\/07\/Logo-Automotive-2021_500-1.jpg","width":500,"height":160,"caption":"Revista Automotive Portugal"},"image":{"@id":"https:\/\/automotiverevista.pt\/#\/schema\/logo\/image\/"},"sameAs":["https:\/\/linkedin.com\/in\/automotiverevista"]},{"@type":"Person","@id":"https:\/\/automotiverevista.pt\/#\/schema\/person\/1265858bc8c78a0f969de814da8be281","name":"adminNovo","image":{"@type":"ImageObject","inLanguage":"pt-PT","@id":"https:\/\/secure.gravatar.com\/avatar\/c606c1288dcc11eb4c709aa5136fdb962583c410f5c23c0b7bf6917c542be355?s=96&d=mm&r=g","url":"https:\/\/secure.gravatar.com\/avatar\/c606c1288dcc11eb4c709aa5136fdb962583c410f5c23c0b7bf6917c542be355?s=96&d=mm&r=g","contentUrl":"https:\/\/secure.gravatar.com\/avatar\/c606c1288dcc11eb4c709aa5136fdb962583c410f5c23c0b7bf6917c542be355?s=96&d=mm&r=g","caption":"adminNovo"},"sameAs":["https:\/\/automotiverevista.pt"],"url":"https:\/\/automotiverevista.pt\/index.php\/author\/adminnovo\/"}]}},"_links":{"self":[{"href":"https:\/\/automotiverevista.pt\/index.php\/wp-json\/wp\/v2\/posts\/6610","targetHints":{"allow":["GET"]}}],"collection":[{"href":"https:\/\/automotiverevista.pt\/index.php\/wp-json\/wp\/v2\/posts"}],"about":[{"href":"https:\/\/automotiverevista.pt\/index.php\/wp-json\/wp\/v2\/types\/post"}],"author":[{"embeddable":true,"href":"https:\/\/automotiverevista.pt\/index.php\/wp-json\/wp\/v2\/users\/1"}],"replies":[{"embeddable":true,"href":"https:\/\/automotiverevista.pt\/index.php\/wp-json\/wp\/v2\/comments?post=6610"}],"version-history":[{"count":3,"href":"https:\/\/automotiverevista.pt\/index.php\/wp-json\/wp\/v2\/posts\/6610\/revisions"}],"predecessor-version":[{"id":6617,"href":"https:\/\/automotiverevista.pt\/index.php\/wp-json\/wp\/v2\/posts\/6610\/revisions\/6617"}],"wp:featuredmedia":[{"embeddable":true,"href":"https:\/\/automotiverevista.pt\/index.php\/wp-json\/wp\/v2\/media\/6611"}],"wp:attachment":[{"href":"https:\/\/automotiverevista.pt\/index.php\/wp-json\/wp\/v2\/media?parent=6610"}],"wp:term":[{"taxonomy":"category","embeddable":true,"href":"https:\/\/automotiverevista.pt\/index.php\/wp-json\/wp\/v2\/categories?post=6610"},{"taxonomy":"post_tag","embeddable":true,"href":"https:\/\/automotiverevista.pt\/index.php\/wp-json\/wp\/v2\/tags?post=6610"}],"curies":[{"name":"wp","href":"https:\/\/api.w.org\/{rel}","templated":true}]}}