{"id":6635,"date":"2024-06-21T08:12:00","date_gmt":"2024-06-21T08:12:00","guid":{"rendered":"https:\/\/automotiverevista.pt\/?p=6635"},"modified":"2024-06-19T19:14:20","modified_gmt":"2024-06-19T19:14:20","slug":"kobelco-com-tres-novidades-e-motores-mercedes-benz","status":"publish","type":"post","link":"https:\/\/automotiverevista.pt\/index.php\/2024\/06\/21\/kobelco-com-tres-novidades-e-motores-mercedes-benz\/","title":{"rendered":"Kobelco com tr\u00eas novidades e motores Mercedes-Benz"},"content":{"rendered":"\n<p>A Kobelco Construction Machinery Europe (KCME) participou no sal\u00e3o Intermat em Paris, onde apresentou as suas \u00faltimas inova\u00e7\u00f5es no setor de m\u00e1quinas de constru\u00e7\u00e3o. Com foco na excel\u00eancia e precis\u00e3o, a empresa tamb\u00e9m apresentou o seu novo slogan europeu, &#8220;Constru\u00eddo para Perfeccionistas&#8221;, regressando \u00e0s suas ra\u00edzes de origem japonesa e \u00e0 <a href=\"https:\/\/automotiverevista.pt\/index.php\/2023\/01\/30\/kobelco-performance-japonesa-da-construcao-ate-a-demolicao\/\">busca da perfei\u00e7\u00e3o <\/a>em cada m\u00e1quina que sai das suas f\u00e1bricas.<\/p>\n\n\n\n<p>Na Intermat, foram revelados os mais recentes produtos da Kobelco, incluindo o <a href=\"https:\/\/automotiverevista.pt\/index.php\/2024\/01\/22\/kobelco-inicia-construcao-de-nova-sede-na-europa\/\">lan\u00e7amento europeu <\/a>das escavadoras SK520LC e SK380SR e uma nova grua telesc\u00f3pica TKE750G. Estas m\u00e1quinas s\u00e3o projetadas para o desempenho e efici\u00eancia, melhorando assim os padr\u00f5es no setor.<\/p>\n\n\n\n<p>A nova escavadora de rastos SK380SRLC-7 est\u00e1 equipada com um motor Isuzu Stage V, que fornece uma pot\u00eancia 210 kW e um bin\u00e1rio 6% superior do que os modelos anteriores, para um desempenho mais eficiente no segmento das 38 toneladas. Al\u00e9m disso, o intervalo de substitui\u00e7\u00e3o do filtro de part\u00edculas foi aumentado de 4.500 para 8.000 horas de opera\u00e7\u00e3o, resultando num menor tempo de inatividade para manuten\u00e7\u00e3o.<\/p>\n\n\n\n<figure class=\"wp-block-image size-large is-resized\"><img decoding=\"async\" width=\"1024\" height=\"683\" src=\"https:\/\/automotiverevista.pt\/wp-content\/uploads\/2024\/06\/IMG_6244-1024x683.jpg\" alt=\"\" class=\"wp-image-6638\" style=\"width:723px;height:auto\" srcset=\"https:\/\/automotiverevista.pt\/wp-content\/uploads\/2024\/06\/IMG_6244-1024x683.jpg 1024w, https:\/\/automotiverevista.pt\/wp-content\/uploads\/2024\/06\/IMG_6244-300x200.jpg 300w, https:\/\/automotiverevista.pt\/wp-content\/uploads\/2024\/06\/IMG_6244-768x512.jpg 768w, https:\/\/automotiverevista.pt\/wp-content\/uploads\/2024\/06\/IMG_6244-750x500.jpg 750w, https:\/\/automotiverevista.pt\/wp-content\/uploads\/2024\/06\/IMG_6244-1140x760.jpg 1140w, https:\/\/automotiverevista.pt\/wp-content\/uploads\/2024\/06\/IMG_6244.jpg 1500w\" sizes=\"(max-width: 1024px) 100vw, 1024px\" \/><\/figure>\n\n\n\n<p><strong>Nova grua<\/strong><\/p>\n\n\n\n<p>O lan\u00e7amento da TKE750G, foi um dos mais aguardados este ano. A nova grua telesc\u00f3pica de rastos, apresenta-se com uma capacidade m\u00e1xima de <strong>eleva\u00e7\u00e3o de 75 toneladas<\/strong> e uma altura de eleva\u00e7\u00e3o de 35 metros. A grua est\u00e1 equipada com um renovado motor Mercedes-Benz E9H01 (Daimler OM936LA), que cumpre a norma europeia Stage V e continua a senda de sucesso das gruas de rastos com lan\u00e7a, da s\u00e9rie G da Kobelco.<\/p>\n\n\n\n<p>Outro dos lan\u00e7amentos com grande import\u00e2ncia foi da escavadora de rastos na gama das 53 toneladas, a SK520LC-11E. Esta m\u00e1quina tem um novo motor Isuzu de grande capacidade (15 litros), que produz uma pot\u00eancia de 348 kW e um bin\u00e1rio de 1.980 Nm. Agora, mais bem adaptada para aplica\u00e7\u00f5es de constru\u00e7\u00e3o geral e pedreiras, a SK520LC-11E apresenta um peso operacional mais elevado (53.000 kg) quando comparada com o modelo anterior, resultando numa maior estabilidade e versatilidade.<\/p>\n\n\n\n<figure class=\"wp-block-image size-large is-resized\"><img decoding=\"async\" width=\"1024\" height=\"683\" src=\"https:\/\/automotiverevista.pt\/wp-content\/uploads\/2024\/06\/IMG_6296-1024x683.jpg\" alt=\"\" class=\"wp-image-6639\" style=\"width:748px;height:auto\" srcset=\"https:\/\/automotiverevista.pt\/wp-content\/uploads\/2024\/06\/IMG_6296-1024x683.jpg 1024w, https:\/\/automotiverevista.pt\/wp-content\/uploads\/2024\/06\/IMG_6296-300x200.jpg 300w, https:\/\/automotiverevista.pt\/wp-content\/uploads\/2024\/06\/IMG_6296-768x512.jpg 768w, https:\/\/automotiverevista.pt\/wp-content\/uploads\/2024\/06\/IMG_6296-750x500.jpg 750w, https:\/\/automotiverevista.pt\/wp-content\/uploads\/2024\/06\/IMG_6296-1140x760.jpg 1140w, https:\/\/automotiverevista.pt\/wp-content\/uploads\/2024\/06\/IMG_6296.jpg 1500w\" sizes=\"(max-width: 1024px) 100vw, 1024px\" \/><\/figure>\n\n\n\n<p><strong>Especialistas em escavadoras<\/strong><\/p>\n\n\n\n<p><strong>Olivier Rasmont<\/strong> (na foto), General Manager Product Engineering and Marketing Group, da Kobelco Construction Machinery Europe, j\u00e1 tinha antecipado estes lan\u00e7amentos na <a href=\"https:\/\/automotiverevista.pt\/index.php\/2024\/03\/19\/kobelco-precisao-e-reputacao-no-setor-da-demolicao\/\">entrevista exclusiva concedida<\/a> \u00e0 Revista Automotive em fevereiro deste ano.<\/p>\n\n\n\n<p>Por ocasi\u00e3o da Intermat, Rasmont referiu-nos que \u201ca Kobelco produz quase que exclusivamente m\u00e1quinas escavadoras. E dentro do segmento das escavadoras, produzimos apenas escavadoras de rastos. Somos, portanto, das marcas aquela que mais conhece dessa tipologia de m\u00e1quina.<\/p>\n\n\n\n<p>Tamb\u00e9m produzimos gruas, mas num volume ajustado para um nicho de mercado, comparado com as escavadoras. O cliente quando procura a Kobelco, sabe exatamente o que quer. Sabe que n\u00e3o desviamos as aten\u00e7\u00f5es a produzir p\u00e1s-carregadoras, retroescavadoras ou at\u00e9 escavadoras de rodas. Temos uma especializa\u00e7\u00e3o e um foco na qualidade, que nos torna \u00fanicos no mercado das escavadoras de rastos\u201d.<\/p>\n\n\n\n<p>De destacar tamb\u00e9m a presen\u00e7a no stand da Kobelco dos distribuidores da marca em Portugal, a<strong> Peixoto &amp; Peixoto,<\/strong> atrav\u00e9s de Ricardo Peixoto (Administrador) e Herm\u00ednio Aires (Diretor Comercial).<\/p>\n\n\n\n<figure class=\"wp-block-image size-large is-resized\"><img decoding=\"async\" width=\"1024\" height=\"683\" src=\"https:\/\/automotiverevista.pt\/wp-content\/uploads\/2024\/06\/IMG_6213-1024x683.jpg\" alt=\"\" class=\"wp-image-6640\" style=\"width:900px;height:auto\" srcset=\"https:\/\/automotiverevista.pt\/wp-content\/uploads\/2024\/06\/IMG_6213-1024x683.jpg 1024w, https:\/\/automotiverevista.pt\/wp-content\/uploads\/2024\/06\/IMG_6213-300x200.jpg 300w, https:\/\/automotiverevista.pt\/wp-content\/uploads\/2024\/06\/IMG_6213-768x512.jpg 768w, https:\/\/automotiverevista.pt\/wp-content\/uploads\/2024\/06\/IMG_6213-750x500.jpg 750w, https:\/\/automotiverevista.pt\/wp-content\/uploads\/2024\/06\/IMG_6213-1140x760.jpg 1140w, https:\/\/automotiverevista.pt\/wp-content\/uploads\/2024\/06\/IMG_6213.jpg 1500w\" sizes=\"(max-width: 1024px) 100vw, 1024px\" \/><\/figure>\n","protected":false},"excerpt":{"rendered":"<p>A Kobelco Construction Machinery Europe (KCME) participou no sal\u00e3o Intermat em Paris, onde apresentou as suas \u00faltimas inova\u00e7\u00f5es no setor de m\u00e1quinas de constru\u00e7\u00e3o. Com foco na excel\u00eancia e precis\u00e3o, a empresa tamb\u00e9m apresentou o seu novo slogan europeu, &#8220;Constru\u00eddo para Perfeccionistas&#8221;, regressando \u00e0s suas ra\u00edzes de origem japonesa e \u00e0 busca da perfei\u00e7\u00e3o em [&hellip;]<\/p>\n","protected":false},"author":1,"featured_media":6636,"comment_status":"closed","ping_status":"open","sticky":false,"template":"","format":"standard","meta":{"jnews-multi-image_gallery":[],"jnews_single_post":{"subtitle":"","format":"standard","video":"","gallery":"","source_name":"","source_url":"","via_name":"","via_url":"","override_template":"0","override":[{"template":"2","single_blog_custom":"","parallax":"1","fullscreen":"1","layout":"right-sidebar","sidebar":"default-sidebar","second_sidebar":"default-sidebar","sticky_sidebar":"1","share_position":"topbottom","share_float_style":"share-monocrhome","show_share_counter":"0","show_view_counter":"0","show_featured":"1","show_post_meta":"1","show_post_author":"0","show_post_author_image":"1","show_post_date":"1","post_date_format":"default","post_date_format_custom":"Y\/m\/d","show_post_category":"1","show_post_reading_time":"0","post_reading_time_wpm":"300","show_zoom_button":"0","zoom_button_out_step":"2","zoom_button_in_step":"3","show_post_tag":"1","show_prev_next_post":"0","show_popup_post":"1","number_popup_post":"1","show_author_box":"0","show_post_related":"1","show_inline_post_related":"1"}],"override_image_size":"0","image_override":[{"single_post_thumbnail_size":"crop-500","single_post_gallery_size":"crop-500"}],"trending_post":"0","trending_post_position":"meta","trending_post_label":"Trending","sponsored_post":"0","sponsored_post_label":"Sponsored by","sponsored_post_name":"","sponsored_post_url":"","sponsored_post_logo_enable":"0","sponsored_post_logo":"","sponsored_post_desc":"","disable_ad":"0"},"jnews_primary_category":{"id":"","hide":""},"footnotes":""},"categories":[25],"tags":[],"class_list":["post-6635","post","type-post","status-publish","format-standard","has-post-thumbnail","hentry","category-pesados-e-maquinas"],"yoast_head":"<!-- This site is optimized with the Yoast SEO Premium plugin v27.5 (Yoast SEO v27.5) - https:\/\/yoast.com\/product\/yoast-seo-premium-wordpress\/ -->\n<title>Kobelco com tr\u00eas novidades e motores Mercedes-Benz - Revista Automotive<\/title>\n<meta name=\"description\" content=\"as inova\u00e7\u00f5es da Kobelco no setor de m\u00e1quinas de constru\u00e7\u00e3o. , precis\u00e3o e padr\u00f5es elevados para m\u00e1quinas constru\u00eddas para perfeccionistas.\" \/>\n<meta name=\"robots\" content=\"index, follow, max-snippet:-1, max-image-preview:large, max-video-preview:-1\" \/>\n<link rel=\"canonical\" href=\"https:\/\/automotiverevista.pt\/index.php\/2024\/06\/21\/kobelco-com-tres-novidades-e-motores-mercedes-benz\/\" \/>\n<meta property=\"og:locale\" content=\"pt_PT\" \/>\n<meta property=\"og:type\" content=\"article\" \/>\n<meta property=\"og:title\" content=\"Kobelco com tr\u00eas novidades e motores Mercedes-Benz\" \/>\n<meta property=\"og:description\" content=\"as inova\u00e7\u00f5es da Kobelco no setor de m\u00e1quinas de constru\u00e7\u00e3o. , precis\u00e3o e padr\u00f5es elevados para m\u00e1quinas constru\u00eddas para perfeccionistas.\" \/>\n<meta property=\"og:url\" content=\"https:\/\/automotiverevista.pt\/index.php\/2024\/06\/21\/kobelco-com-tres-novidades-e-motores-mercedes-benz\/\" \/>\n<meta property=\"og:site_name\" content=\"Revista Automotive\" \/>\n<meta property=\"article:published_time\" content=\"2024-06-21T08:12:00+00:00\" \/>\n<meta property=\"og:image\" content=\"https:\/\/automotiverevista.pt\/wp-content\/uploads\/2024\/06\/IMG_6268.jpg\" \/>\n\t<meta property=\"og:image:width\" content=\"1500\" \/>\n\t<meta property=\"og:image:height\" content=\"1000\" \/>\n\t<meta property=\"og:image:type\" content=\"image\/jpeg\" \/>\n<meta name=\"author\" content=\"adminNovo\" \/>\n<meta name=\"twitter:card\" content=\"summary_large_image\" \/>\n<meta name=\"twitter:label1\" content=\"Escrito por\" \/>\n\t<meta name=\"twitter:data1\" content=\"adminNovo\" \/>\n\t<meta name=\"twitter:label2\" content=\"Tempo estimado de leitura\" \/>\n\t<meta name=\"twitter:data2\" content=\"4 minutos\" \/>\n<script type=\"application\/ld+json\" class=\"yoast-schema-graph\">{\"@context\":\"https:\\\/\\\/schema.org\",\"@graph\":[{\"@type\":\"Article\",\"@id\":\"https:\\\/\\\/automotiverevista.pt\\\/index.php\\\/2024\\\/06\\\/21\\\/kobelco-com-tres-novidades-e-motores-mercedes-benz\\\/#article\",\"isPartOf\":{\"@id\":\"https:\\\/\\\/automotiverevista.pt\\\/index.php\\\/2024\\\/06\\\/21\\\/kobelco-com-tres-novidades-e-motores-mercedes-benz\\\/\"},\"author\":{\"name\":\"adminNovo\",\"@id\":\"https:\\\/\\\/automotiverevista.pt\\\/#\\\/schema\\\/person\\\/1265858bc8c78a0f969de814da8be281\"},\"headline\":\"Kobelco com tr\u00eas novidades e motores Mercedes-Benz\",\"datePublished\":\"2024-06-21T08:12:00+00:00\",\"mainEntityOfPage\":{\"@id\":\"https:\\\/\\\/automotiverevista.pt\\\/index.php\\\/2024\\\/06\\\/21\\\/kobelco-com-tres-novidades-e-motores-mercedes-benz\\\/\"},\"wordCount\":537,\"publisher\":{\"@id\":\"https:\\\/\\\/automotiverevista.pt\\\/#organization\"},\"image\":{\"@id\":\"https:\\\/\\\/automotiverevista.pt\\\/index.php\\\/2024\\\/06\\\/21\\\/kobelco-com-tres-novidades-e-motores-mercedes-benz\\\/#primaryimage\"},\"thumbnailUrl\":\"https:\\\/\\\/automotiverevista.pt\\\/wp-content\\\/uploads\\\/2024\\\/06\\\/IMG_6268.jpg\",\"articleSection\":[\"Pesados e M\u00e1quinas\"],\"inLanguage\":\"pt-PT\"},{\"@type\":\"WebPage\",\"@id\":\"https:\\\/\\\/automotiverevista.pt\\\/index.php\\\/2024\\\/06\\\/21\\\/kobelco-com-tres-novidades-e-motores-mercedes-benz\\\/\",\"url\":\"https:\\\/\\\/automotiverevista.pt\\\/index.php\\\/2024\\\/06\\\/21\\\/kobelco-com-tres-novidades-e-motores-mercedes-benz\\\/\",\"name\":\"Kobelco com tr\u00eas novidades e motores Mercedes-Benz - Revista Automotive\",\"isPartOf\":{\"@id\":\"https:\\\/\\\/automotiverevista.pt\\\/#website\"},\"primaryImageOfPage\":{\"@id\":\"https:\\\/\\\/automotiverevista.pt\\\/index.php\\\/2024\\\/06\\\/21\\\/kobelco-com-tres-novidades-e-motores-mercedes-benz\\\/#primaryimage\"},\"image\":{\"@id\":\"https:\\\/\\\/automotiverevista.pt\\\/index.php\\\/2024\\\/06\\\/21\\\/kobelco-com-tres-novidades-e-motores-mercedes-benz\\\/#primaryimage\"},\"thumbnailUrl\":\"https:\\\/\\\/automotiverevista.pt\\\/wp-content\\\/uploads\\\/2024\\\/06\\\/IMG_6268.jpg\",\"datePublished\":\"2024-06-21T08:12:00+00:00\",\"description\":\"as inova\u00e7\u00f5es da Kobelco no setor de m\u00e1quinas de constru\u00e7\u00e3o. , precis\u00e3o e padr\u00f5es elevados para m\u00e1quinas constru\u00eddas para perfeccionistas.\",\"breadcrumb\":{\"@id\":\"https:\\\/\\\/automotiverevista.pt\\\/index.php\\\/2024\\\/06\\\/21\\\/kobelco-com-tres-novidades-e-motores-mercedes-benz\\\/#breadcrumb\"},\"inLanguage\":\"pt-PT\",\"potentialAction\":[{\"@type\":\"ReadAction\",\"target\":[\"https:\\\/\\\/automotiverevista.pt\\\/index.php\\\/2024\\\/06\\\/21\\\/kobelco-com-tres-novidades-e-motores-mercedes-benz\\\/\"]}]},{\"@type\":\"ImageObject\",\"inLanguage\":\"pt-PT\",\"@id\":\"https:\\\/\\\/automotiverevista.pt\\\/index.php\\\/2024\\\/06\\\/21\\\/kobelco-com-tres-novidades-e-motores-mercedes-benz\\\/#primaryimage\",\"url\":\"https:\\\/\\\/automotiverevista.pt\\\/wp-content\\\/uploads\\\/2024\\\/06\\\/IMG_6268.jpg\",\"contentUrl\":\"https:\\\/\\\/automotiverevista.pt\\\/wp-content\\\/uploads\\\/2024\\\/06\\\/IMG_6268.jpg\",\"width\":1500,\"height\":1000},{\"@type\":\"BreadcrumbList\",\"@id\":\"https:\\\/\\\/automotiverevista.pt\\\/index.php\\\/2024\\\/06\\\/21\\\/kobelco-com-tres-novidades-e-motores-mercedes-benz\\\/#breadcrumb\",\"itemListElement\":[{\"@type\":\"ListItem\",\"position\":1,\"name\":\"Home\",\"item\":\"https:\\\/\\\/automotiverevista.pt\\\/\"},{\"@type\":\"ListItem\",\"position\":2,\"name\":\"Kobelco com tr\u00eas novidades e motores Mercedes-Benz\"}]},{\"@type\":\"WebSite\",\"@id\":\"https:\\\/\\\/automotiverevista.pt\\\/#website\",\"url\":\"https:\\\/\\\/automotiverevista.pt\\\/\",\"name\":\"Revista Automotive\",\"description\":\"Revista Automotive Portugal\",\"publisher\":{\"@id\":\"https:\\\/\\\/automotiverevista.pt\\\/#organization\"},\"potentialAction\":[{\"@type\":\"SearchAction\",\"target\":{\"@type\":\"EntryPoint\",\"urlTemplate\":\"https:\\\/\\\/automotiverevista.pt\\\/?s={search_term_string}\"},\"query-input\":{\"@type\":\"PropertyValueSpecification\",\"valueRequired\":true,\"valueName\":\"search_term_string\"}}],\"inLanguage\":\"pt-PT\"},{\"@type\":\"Organization\",\"@id\":\"https:\\\/\\\/automotiverevista.pt\\\/#organization\",\"name\":\"Revista Automotive Portugal\",\"url\":\"https:\\\/\\\/automotiverevista.pt\\\/\",\"logo\":{\"@type\":\"ImageObject\",\"inLanguage\":\"pt-PT\",\"@id\":\"https:\\\/\\\/automotiverevista.pt\\\/#\\\/schema\\\/logo\\\/image\\\/\",\"url\":\"https:\\\/\\\/automotiverevista.pt\\\/wp-content\\\/uploads\\\/2022\\\/07\\\/Logo-Automotive-2021_500-1.jpg\",\"contentUrl\":\"https:\\\/\\\/automotiverevista.pt\\\/wp-content\\\/uploads\\\/2022\\\/07\\\/Logo-Automotive-2021_500-1.jpg\",\"width\":500,\"height\":160,\"caption\":\"Revista Automotive Portugal\"},\"image\":{\"@id\":\"https:\\\/\\\/automotiverevista.pt\\\/#\\\/schema\\\/logo\\\/image\\\/\"},\"sameAs\":[\"https:\\\/\\\/linkedin.com\\\/in\\\/automotiverevista\"]},{\"@type\":\"Person\",\"@id\":\"https:\\\/\\\/automotiverevista.pt\\\/#\\\/schema\\\/person\\\/1265858bc8c78a0f969de814da8be281\",\"name\":\"adminNovo\",\"image\":{\"@type\":\"ImageObject\",\"inLanguage\":\"pt-PT\",\"@id\":\"https:\\\/\\\/secure.gravatar.com\\\/avatar\\\/c606c1288dcc11eb4c709aa5136fdb962583c410f5c23c0b7bf6917c542be355?s=96&d=mm&r=g\",\"url\":\"https:\\\/\\\/secure.gravatar.com\\\/avatar\\\/c606c1288dcc11eb4c709aa5136fdb962583c410f5c23c0b7bf6917c542be355?s=96&d=mm&r=g\",\"contentUrl\":\"https:\\\/\\\/secure.gravatar.com\\\/avatar\\\/c606c1288dcc11eb4c709aa5136fdb962583c410f5c23c0b7bf6917c542be355?s=96&d=mm&r=g\",\"caption\":\"adminNovo\"},\"sameAs\":[\"https:\\\/\\\/automotiverevista.pt\"],\"url\":\"https:\\\/\\\/automotiverevista.pt\\\/index.php\\\/author\\\/adminnovo\\\/\"}]}<\/script>\n<!-- \/ Yoast SEO Premium plugin. -->","yoast_head_json":{"title":"Kobelco com tr\u00eas novidades e motores Mercedes-Benz - Revista Automotive","description":"as inova\u00e7\u00f5es da Kobelco no setor de m\u00e1quinas de constru\u00e7\u00e3o. , precis\u00e3o e padr\u00f5es elevados para m\u00e1quinas constru\u00eddas para perfeccionistas.","robots":{"index":"index","follow":"follow","max-snippet":"max-snippet:-1","max-image-preview":"max-image-preview:large","max-video-preview":"max-video-preview:-1"},"canonical":"https:\/\/automotiverevista.pt\/index.php\/2024\/06\/21\/kobelco-com-tres-novidades-e-motores-mercedes-benz\/","og_locale":"pt_PT","og_type":"article","og_title":"Kobelco com tr\u00eas novidades e motores Mercedes-Benz","og_description":"as inova\u00e7\u00f5es da Kobelco no setor de m\u00e1quinas de constru\u00e7\u00e3o. , precis\u00e3o e padr\u00f5es elevados para m\u00e1quinas constru\u00eddas para perfeccionistas.","og_url":"https:\/\/automotiverevista.pt\/index.php\/2024\/06\/21\/kobelco-com-tres-novidades-e-motores-mercedes-benz\/","og_site_name":"Revista Automotive","article_published_time":"2024-06-21T08:12:00+00:00","og_image":[{"width":1500,"height":1000,"url":"https:\/\/automotiverevista.pt\/wp-content\/uploads\/2024\/06\/IMG_6268.jpg","type":"image\/jpeg"}],"author":"adminNovo","twitter_card":"summary_large_image","twitter_misc":{"Escrito por":"adminNovo","Tempo estimado de leitura":"4 minutos"},"schema":{"@context":"https:\/\/schema.org","@graph":[{"@type":"Article","@id":"https:\/\/automotiverevista.pt\/index.php\/2024\/06\/21\/kobelco-com-tres-novidades-e-motores-mercedes-benz\/#article","isPartOf":{"@id":"https:\/\/automotiverevista.pt\/index.php\/2024\/06\/21\/kobelco-com-tres-novidades-e-motores-mercedes-benz\/"},"author":{"name":"adminNovo","@id":"https:\/\/automotiverevista.pt\/#\/schema\/person\/1265858bc8c78a0f969de814da8be281"},"headline":"Kobelco com tr\u00eas novidades e motores Mercedes-Benz","datePublished":"2024-06-21T08:12:00+00:00","mainEntityOfPage":{"@id":"https:\/\/automotiverevista.pt\/index.php\/2024\/06\/21\/kobelco-com-tres-novidades-e-motores-mercedes-benz\/"},"wordCount":537,"publisher":{"@id":"https:\/\/automotiverevista.pt\/#organization"},"image":{"@id":"https:\/\/automotiverevista.pt\/index.php\/2024\/06\/21\/kobelco-com-tres-novidades-e-motores-mercedes-benz\/#primaryimage"},"thumbnailUrl":"https:\/\/automotiverevista.pt\/wp-content\/uploads\/2024\/06\/IMG_6268.jpg","articleSection":["Pesados e M\u00e1quinas"],"inLanguage":"pt-PT"},{"@type":"WebPage","@id":"https:\/\/automotiverevista.pt\/index.php\/2024\/06\/21\/kobelco-com-tres-novidades-e-motores-mercedes-benz\/","url":"https:\/\/automotiverevista.pt\/index.php\/2024\/06\/21\/kobelco-com-tres-novidades-e-motores-mercedes-benz\/","name":"Kobelco com tr\u00eas novidades e motores Mercedes-Benz - Revista Automotive","isPartOf":{"@id":"https:\/\/automotiverevista.pt\/#website"},"primaryImageOfPage":{"@id":"https:\/\/automotiverevista.pt\/index.php\/2024\/06\/21\/kobelco-com-tres-novidades-e-motores-mercedes-benz\/#primaryimage"},"image":{"@id":"https:\/\/automotiverevista.pt\/index.php\/2024\/06\/21\/kobelco-com-tres-novidades-e-motores-mercedes-benz\/#primaryimage"},"thumbnailUrl":"https:\/\/automotiverevista.pt\/wp-content\/uploads\/2024\/06\/IMG_6268.jpg","datePublished":"2024-06-21T08:12:00+00:00","description":"as inova\u00e7\u00f5es da Kobelco no setor de m\u00e1quinas de constru\u00e7\u00e3o. , precis\u00e3o e padr\u00f5es elevados para m\u00e1quinas constru\u00eddas para perfeccionistas.","breadcrumb":{"@id":"https:\/\/automotiverevista.pt\/index.php\/2024\/06\/21\/kobelco-com-tres-novidades-e-motores-mercedes-benz\/#breadcrumb"},"inLanguage":"pt-PT","potentialAction":[{"@type":"ReadAction","target":["https:\/\/automotiverevista.pt\/index.php\/2024\/06\/21\/kobelco-com-tres-novidades-e-motores-mercedes-benz\/"]}]},{"@type":"ImageObject","inLanguage":"pt-PT","@id":"https:\/\/automotiverevista.pt\/index.php\/2024\/06\/21\/kobelco-com-tres-novidades-e-motores-mercedes-benz\/#primaryimage","url":"https:\/\/automotiverevista.pt\/wp-content\/uploads\/2024\/06\/IMG_6268.jpg","contentUrl":"https:\/\/automotiverevista.pt\/wp-content\/uploads\/2024\/06\/IMG_6268.jpg","width":1500,"height":1000},{"@type":"BreadcrumbList","@id":"https:\/\/automotiverevista.pt\/index.php\/2024\/06\/21\/kobelco-com-tres-novidades-e-motores-mercedes-benz\/#breadcrumb","itemListElement":[{"@type":"ListItem","position":1,"name":"Home","item":"https:\/\/automotiverevista.pt\/"},{"@type":"ListItem","position":2,"name":"Kobelco com tr\u00eas novidades e motores Mercedes-Benz"}]},{"@type":"WebSite","@id":"https:\/\/automotiverevista.pt\/#website","url":"https:\/\/automotiverevista.pt\/","name":"Revista Automotive","description":"Revista Automotive Portugal","publisher":{"@id":"https:\/\/automotiverevista.pt\/#organization"},"potentialAction":[{"@type":"SearchAction","target":{"@type":"EntryPoint","urlTemplate":"https:\/\/automotiverevista.pt\/?s={search_term_string}"},"query-input":{"@type":"PropertyValueSpecification","valueRequired":true,"valueName":"search_term_string"}}],"inLanguage":"pt-PT"},{"@type":"Organization","@id":"https:\/\/automotiverevista.pt\/#organization","name":"Revista Automotive Portugal","url":"https:\/\/automotiverevista.pt\/","logo":{"@type":"ImageObject","inLanguage":"pt-PT","@id":"https:\/\/automotiverevista.pt\/#\/schema\/logo\/image\/","url":"https:\/\/automotiverevista.pt\/wp-content\/uploads\/2022\/07\/Logo-Automotive-2021_500-1.jpg","contentUrl":"https:\/\/automotiverevista.pt\/wp-content\/uploads\/2022\/07\/Logo-Automotive-2021_500-1.jpg","width":500,"height":160,"caption":"Revista Automotive Portugal"},"image":{"@id":"https:\/\/automotiverevista.pt\/#\/schema\/logo\/image\/"},"sameAs":["https:\/\/linkedin.com\/in\/automotiverevista"]},{"@type":"Person","@id":"https:\/\/automotiverevista.pt\/#\/schema\/person\/1265858bc8c78a0f969de814da8be281","name":"adminNovo","image":{"@type":"ImageObject","inLanguage":"pt-PT","@id":"https:\/\/secure.gravatar.com\/avatar\/c606c1288dcc11eb4c709aa5136fdb962583c410f5c23c0b7bf6917c542be355?s=96&d=mm&r=g","url":"https:\/\/secure.gravatar.com\/avatar\/c606c1288dcc11eb4c709aa5136fdb962583c410f5c23c0b7bf6917c542be355?s=96&d=mm&r=g","contentUrl":"https:\/\/secure.gravatar.com\/avatar\/c606c1288dcc11eb4c709aa5136fdb962583c410f5c23c0b7bf6917c542be355?s=96&d=mm&r=g","caption":"adminNovo"},"sameAs":["https:\/\/automotiverevista.pt"],"url":"https:\/\/automotiverevista.pt\/index.php\/author\/adminnovo\/"}]}},"_links":{"self":[{"href":"https:\/\/automotiverevista.pt\/index.php\/wp-json\/wp\/v2\/posts\/6635","targetHints":{"allow":["GET"]}}],"collection":[{"href":"https:\/\/automotiverevista.pt\/index.php\/wp-json\/wp\/v2\/posts"}],"about":[{"href":"https:\/\/automotiverevista.pt\/index.php\/wp-json\/wp\/v2\/types\/post"}],"author":[{"embeddable":true,"href":"https:\/\/automotiverevista.pt\/index.php\/wp-json\/wp\/v2\/users\/1"}],"replies":[{"embeddable":true,"href":"https:\/\/automotiverevista.pt\/index.php\/wp-json\/wp\/v2\/comments?post=6635"}],"version-history":[{"count":3,"href":"https:\/\/automotiverevista.pt\/index.php\/wp-json\/wp\/v2\/posts\/6635\/revisions"}],"predecessor-version":[{"id":6642,"href":"https:\/\/automotiverevista.pt\/index.php\/wp-json\/wp\/v2\/posts\/6635\/revisions\/6642"}],"wp:featuredmedia":[{"embeddable":true,"href":"https:\/\/automotiverevista.pt\/index.php\/wp-json\/wp\/v2\/media\/6636"}],"wp:attachment":[{"href":"https:\/\/automotiverevista.pt\/index.php\/wp-json\/wp\/v2\/media?parent=6635"}],"wp:term":[{"taxonomy":"category","embeddable":true,"href":"https:\/\/automotiverevista.pt\/index.php\/wp-json\/wp\/v2\/categories?post=6635"},{"taxonomy":"post_tag","embeddable":true,"href":"https:\/\/automotiverevista.pt\/index.php\/wp-json\/wp\/v2\/tags?post=6635"}],"curies":[{"name":"wp","href":"https:\/\/api.w.org\/{rel}","templated":true}]}}