{"id":676,"date":"2022-07-15T14:04:37","date_gmt":"2022-07-15T14:04:37","guid":{"rendered":"https:\/\/automotiverevista.pt\/?p=676"},"modified":"2022-07-15T14:04:40","modified_gmt":"2022-07-15T14:04:40","slug":"petlas-progredir-no-mercado-europeu-com-multissegmento","status":"publish","type":"post","link":"https:\/\/automotiverevista.pt\/index.php\/2022\/07\/15\/petlas-progredir-no-mercado-europeu-com-multissegmento\/","title":{"rendered":"Petlas \u2013 progredir no mercado europeu com multissegmento"},"content":{"rendered":"\n<p>Empresa com 46 anos de exist\u00eancia e com sede em Ankara, na Turquia, a Petlas \u00e9 um fabricante de pneus que tem vindo a progredir em diversos mercados, sobretudo na Europa. Com base numa estrat\u00e9gia focada em produzir pneus multissegmento, apoiada no aperfei\u00e7oamento cont\u00ednuo da qualidade dos seus produtos, a Petlas tem vindo a registar um crescimento sustentado de vendas em diversos pa\u00edses, sobretudo em Portugal, onde \u00e9 representada e distribu\u00edda pela Dispnal.<\/p>\n\n\n\n<p>A Revista Automotive esteve presente no sal\u00e3o The Tire Cologne, onde a Petlas apresentou alguns dos modelos de pneus mais relevantes da sua j\u00e1 vasta gama e, na ocasi\u00e3o, falou com <strong>Oguz AY<\/strong>, <em>International Sales and Marketing Diretor<\/em> da empresa (fotos), que aqui apresenta as principais linhas que sustentam o seu r\u00e1pido crescimento em todo o mundo.<\/p>\n\n\n\n<p><strong>Desempenho geral da Petlas nos 5 primeiros meses de 2022<\/strong><\/p>\n\n\n\n<p>\u201cSendo a primeira e a mais importante marca de pneus da Turquia, a Petlas concentra-se na exporta\u00e7\u00e3o de sua gama de pneus de alto desempenho e qualidade para todo o mundo. Os pneus de qualidade da Petlas viajam de continente em continente, carregando e disponibilizando uma variedade de produtos para nossa base de clientes, em todo o mundo.<\/p>\n\n\n\n<p>A reputa\u00e7\u00e3o internacional da Petlas acabou por criar uma forte rela\u00e7\u00e3o tamb\u00e9m no mercado europeu, onde distribu\u00edmos pneus de alta performance e elevada qualidade. Com isto, estamos a progredir rapidamente para atingir as metas de exporta\u00e7\u00e3o que estabelecemos desde o in\u00edcio deste ano de 2022.<\/p>\n\n\n\n<figure class=\"wp-block-image size-full\"><img decoding=\"async\" width=\"1000\" height=\"667\" src=\"https:\/\/automotiverevista.pt\/wp-content\/uploads\/2022\/07\/IMG_1025.jpg\" alt=\"\" class=\"wp-image-679\" srcset=\"https:\/\/automotiverevista.pt\/wp-content\/uploads\/2022\/07\/IMG_1025.jpg 1000w, https:\/\/automotiverevista.pt\/wp-content\/uploads\/2022\/07\/IMG_1025-300x200.jpg 300w, https:\/\/automotiverevista.pt\/wp-content\/uploads\/2022\/07\/IMG_1025-768x512.jpg 768w, https:\/\/automotiverevista.pt\/wp-content\/uploads\/2022\/07\/IMG_1025-750x500.jpg 750w\" sizes=\"(max-width: 1000px) 100vw, 1000px\" \/><\/figure>\n\n\n\n<p><strong>A gama de produtos Petlas em resumo<\/strong><\/p>\n\n\n\n<p>A Petlas produz pneus para autom\u00f3veis de passageiros, viaturas pesadas e comerciais m\u00e9dios, para al\u00e9m de pneus para equipamentos fora de estrada utilizados em m\u00e1quinas agr\u00edcolas, industriais, de terraplanagem, constru\u00e7\u00e3o e tamb\u00e9m para aeronaves.<\/p>\n\n\n\n<p>A Petlas Tire Corp. continua a usar a tecnologia mais recente para fabricar pneus acess\u00edveis, confi\u00e1veis \u200b\u200be sustent\u00e1veis \u200b\u200bpara atender \u00e0s expectativas dos clientes. Beneficiamos de uma ampla gama de produtos de qualidade premium, com capacidade de entrega r\u00e1pida e a pre\u00e7os competitivos, fatores que nos permitir\u00e1 manter uma elevada presen\u00e7a no mercado global de pneus, num futuro pr\u00f3ximo.<\/p>\n\n\n\n<p>Contamos com uma equipa de profissionais dedicada \u00e0 \u00e1rea de I&amp;D, que trabalha de forma afincada para desenvolver e fornecer pneus de alto valor agregado, ecologicamente evolu\u00eddos e eficientes em termos de consumos de combust\u00edvel, para o benef\u00edcio dos nossos clientes e sociedade em geral.<\/p>\n\n\n\n<figure class=\"wp-block-image size-full\"><img decoding=\"async\" width=\"1000\" height=\"667\" src=\"https:\/\/automotiverevista.pt\/wp-content\/uploads\/2022\/07\/IMG_1169-2.jpg\" alt=\"\" class=\"wp-image-682\" srcset=\"https:\/\/automotiverevista.pt\/wp-content\/uploads\/2022\/07\/IMG_1169-2.jpg 1000w, https:\/\/automotiverevista.pt\/wp-content\/uploads\/2022\/07\/IMG_1169-2-300x200.jpg 300w, https:\/\/automotiverevista.pt\/wp-content\/uploads\/2022\/07\/IMG_1169-2-768x512.jpg 768w, https:\/\/automotiverevista.pt\/wp-content\/uploads\/2022\/07\/IMG_1169-2-750x500.jpg 750w\" sizes=\"(max-width: 1000px) 100vw, 1000px\" \/><\/figure>\n\n\n\n<p><strong>Import\u00e2ncia do mercado ib\u00e9rico e a rela\u00e7\u00e3o com a Dispnal<\/strong><\/p>\n\n\n\n<p>Estamos orgulhosos de apoiar nossos revendedores em seus infind\u00e1veis \u200b\u200besfor\u00e7os para promover a nossa marca, em seus respetivos pa\u00edses. O mercado ib\u00e9rico tamb\u00e9m \u00e9 muito importante para a nossa empresa. Aceleramos as nossas atividades de marketing na Espanha e em Portugal este ano, e implementaremos nossos novos projetos de marketing no pr\u00f3ximo semestre deste ano.<\/p>\n\n\n\n<p>A Dispnal, com a qual trabalhamos h\u00e1 muitos anos em todos os segmentos, \u00e9 nosso parceiro de neg\u00f3cios mais importante no mercado ib\u00e9rico, atrav\u00e9s da qual o nosso volume de neg\u00f3cios tem vindo a aumentar continuamente nos \u00faltimos 5 anos. O esfor\u00e7o, gest\u00e3o e o poder financeiro da Dispnal t\u00eam um grande papel no nosso volume de vendas, que aumentaram mesmo durante o per\u00edodo de pandemia.<\/p>\n\n\n\n<figure class=\"wp-block-image size-full\"><img decoding=\"async\" width=\"1000\" height=\"667\" src=\"https:\/\/automotiverevista.pt\/wp-content\/uploads\/2022\/07\/IMG_1031.jpg\" alt=\"\" class=\"wp-image-683\" srcset=\"https:\/\/automotiverevista.pt\/wp-content\/uploads\/2022\/07\/IMG_1031.jpg 1000w, https:\/\/automotiverevista.pt\/wp-content\/uploads\/2022\/07\/IMG_1031-300x200.jpg 300w, https:\/\/automotiverevista.pt\/wp-content\/uploads\/2022\/07\/IMG_1031-768x512.jpg 768w, https:\/\/automotiverevista.pt\/wp-content\/uploads\/2022\/07\/IMG_1031-750x500.jpg 750w\" sizes=\"(max-width: 1000px) 100vw, 1000px\" \/><\/figure>\n\n\n\n<p><strong>Presen\u00e7a no The Tire Cologne, novos pneus e servi\u00e7os apresentados<\/strong><\/p>\n\n\n\n<p>Pelo facto de sermos um dos principais produtores de pneus comerciais e de consumo da Turquia, tivemos a possibilidade de exibir 29 dos modelos de pneus mais populares da Petlas e Starmaxx. Estes v\u00e3o desde os pneus de viaturas de turismo, a pneus SUV, bem como de pneus de ve\u00edculos comerciais leves a pneus de cami\u00f5es pesados \u200b\u200be de longo curso. Tamb\u00e9m apresentamos a nossa gama pneus agr\u00edcolas, pneus multiuso e pneus para aeronaves, num amplo e moderno espa\u00e7o, naquele que \u00e9 o maior sal\u00e3o de pneus do mundo.<\/p>\n\n\n\n<p>O modelo do sal\u00e3o The Tire Cologne deste ano, possibilitou compartilhamos informa\u00e7\u00f5es dos nossos novos produtos e da nossa tecnologia com os nossos distribuidores e representantes da ind\u00fastria de pneus de todo o mundo. Tivemos a oportunidade de apresentar nosso novo pneu <strong>SUVMASTER<\/strong> para todas as esta\u00e7\u00f5es; o novo modelo <strong>L\/4 OTR PtxHD41<\/strong> e o novo pneu para eixo de dire\u00e7\u00e3o <strong>385\/65R22.5 SH110 LKW<\/strong>.<\/p>\n\n\n\n<p>O pneu <strong>PT565 Multi Action &#8211;<\/strong> um produto que proporciona desempenho superior em estrada com piso seco ou molhado &#8211; tamb\u00e9m comprovou o seu superior desempenho em condi\u00e7\u00f5es severas de inverno, atrav\u00e9s dos testes da Test World nas instala\u00e7\u00f5es da Finl\u00e2ndia. Os resultados do teste reconheceram que o Multi Action PT565 foi magistralmente capaz de lidar com todas as condi\u00e7\u00f5es clim\u00e1ticas.<\/p>\n\n\n\n<figure class=\"wp-block-image size-full\"><img decoding=\"async\" width=\"1000\" height=\"667\" src=\"https:\/\/automotiverevista.pt\/wp-content\/uploads\/2022\/07\/IMG_1164.jpg\" alt=\"\" class=\"wp-image-684\" srcset=\"https:\/\/automotiverevista.pt\/wp-content\/uploads\/2022\/07\/IMG_1164.jpg 1000w, https:\/\/automotiverevista.pt\/wp-content\/uploads\/2022\/07\/IMG_1164-300x200.jpg 300w, https:\/\/automotiverevista.pt\/wp-content\/uploads\/2022\/07\/IMG_1164-768x512.jpg 768w, https:\/\/automotiverevista.pt\/wp-content\/uploads\/2022\/07\/IMG_1164-750x500.jpg 750w\" sizes=\"(max-width: 1000px) 100vw, 1000px\" \/><\/figure>\n\n\n\n<p><strong>Novidades para os pr\u00f3ximos meses de 2022<\/strong><\/p>\n\n\n\n<p>Como estamos na lideran\u00e7a de mercado no segmento de pneus agr\u00edcola no Norte de \u00c1frica, M\u00e9dio Oriente e Europa de Leste, a Petlas pretende aumentar os seus n\u00fameros de vendas de autom\u00f3veis de passageiros e pneus TBR nos pr\u00f3ximos anos. Tamb\u00e9m planeamos aumentar o n\u00famero de distribuidores nos mercados existentes. Al\u00e9m disso, as regi\u00f5es da \u00c1sia e da \u00c1frica s\u00e3o mercados emergentes, pelo que a Petlas projeta incorporar esses mercados no futuro.<\/p>\n","protected":false},"excerpt":{"rendered":"<p>Empresa com 46 anos de exist\u00eancia e com sede em Ankara, na Turquia, a Petlas \u00e9 um fabricante de pneus que tem vindo a progredir em diversos mercados, sobretudo na Europa. Com base numa estrat\u00e9gia focada em produzir pneus multissegmento, apoiada no aperfei\u00e7oamento cont\u00ednuo da qualidade dos seus produtos, a Petlas tem vindo a registar [&hellip;]<\/p>\n","protected":false},"author":1,"featured_media":677,"comment_status":"closed","ping_status":"open","sticky":false,"template":"","format":"standard","meta":{"jnews-multi-image_gallery":[],"jnews_single_post":{"subtitle":"","format":"standard","video":"","gallery":"","source_name":"","source_url":"","via_name":"","via_url":"","override_template":"0","override":[{"template":"2","single_blog_custom":"","parallax":"1","fullscreen":"1","layout":"right-sidebar","sidebar":"default-sidebar","second_sidebar":"default-sidebar","sticky_sidebar":"1","share_position":"topbottom","share_float_style":"share-monocrhome","show_share_counter":"0","show_view_counter":"0","show_featured":"1","show_post_meta":"1","show_post_author":"0","show_post_author_image":"1","show_post_date":"1","post_date_format":"default","post_date_format_custom":"Y\/m\/d","show_post_category":"1","show_post_reading_time":"0","post_reading_time_wpm":"300","show_zoom_button":"0","zoom_button_out_step":"2","zoom_button_in_step":"3","show_post_tag":"1","show_prev_next_post":"0","show_popup_post":"1","number_popup_post":"1","show_author_box":"0","show_post_related":"1","show_inline_post_related":"1"}],"override_image_size":"0","image_override":[{"single_post_thumbnail_size":"crop-500","single_post_gallery_size":"crop-500"}],"trending_post":"0","trending_post_position":"meta","trending_post_label":"Trending","sponsored_post":"0","sponsored_post_label":"Sponsored by","sponsored_post_name":"","sponsored_post_url":"","sponsored_post_logo_enable":"0","sponsored_post_logo":"","sponsored_post_desc":"","disable_ad":"0"},"jnews_primary_category":{"id":""},"footnotes":""},"categories":[21],"tags":[90,74],"class_list":["post-676","post","type-post","status-publish","format-standard","has-post-thumbnail","hentry","category-pos-venda","tag-dispnal","tag-pneus"],"yoast_head":"<!-- This site is optimized with the Yoast SEO Premium plugin v27.2 (Yoast SEO v27.5) - https:\/\/yoast.com\/product\/yoast-seo-premium-wordpress\/ -->\n<title>Petlas \u2013 progredir no mercado europeu com multissegmento - Revista Automotive<\/title>\n<meta name=\"robots\" content=\"index, follow, max-snippet:-1, max-image-preview:large, max-video-preview:-1\" \/>\n<link rel=\"canonical\" href=\"https:\/\/automotiverevista.pt\/index.php\/2022\/07\/15\/petlas-progredir-no-mercado-europeu-com-multissegmento\/\" \/>\n<meta property=\"og:locale\" content=\"pt_PT\" \/>\n<meta property=\"og:type\" content=\"article\" \/>\n<meta property=\"og:title\" content=\"Petlas \u2013 progredir no mercado europeu com multissegmento\" \/>\n<meta property=\"og:description\" content=\"Empresa com 46 anos de exist\u00eancia e com sede em Ankara, na Turquia, a Petlas \u00e9 um fabricante de pneus que tem vindo a progredir em diversos mercados, sobretudo na Europa. Com base numa estrat\u00e9gia focada em produzir pneus multissegmento, apoiada no aperfei\u00e7oamento cont\u00ednuo da qualidade dos seus produtos, a Petlas tem vindo a registar [&hellip;]\" \/>\n<meta property=\"og:url\" content=\"https:\/\/automotiverevista.pt\/index.php\/2022\/07\/15\/petlas-progredir-no-mercado-europeu-com-multissegmento\/\" \/>\n<meta property=\"og:site_name\" content=\"Revista Automotive\" \/>\n<meta property=\"article:published_time\" content=\"2022-07-15T14:04:37+00:00\" \/>\n<meta property=\"article:modified_time\" content=\"2022-07-15T14:04:40+00:00\" \/>\n<meta property=\"og:image\" content=\"https:\/\/automotiverevista.pt\/wp-content\/uploads\/2022\/07\/IMG_1174.jpg\" \/>\n\t<meta property=\"og:image:width\" content=\"1000\" \/>\n\t<meta property=\"og:image:height\" content=\"667\" \/>\n\t<meta property=\"og:image:type\" content=\"image\/jpeg\" \/>\n<meta name=\"author\" content=\"adminNovo\" \/>\n<meta name=\"twitter:card\" content=\"summary_large_image\" \/>\n<meta name=\"twitter:label1\" content=\"Escrito por\" \/>\n\t<meta name=\"twitter:data1\" content=\"adminNovo\" \/>\n\t<meta name=\"twitter:label2\" content=\"Tempo estimado de leitura\" \/>\n\t<meta name=\"twitter:data2\" content=\"6 minutos\" \/>\n<script type=\"application\/ld+json\" class=\"yoast-schema-graph\">{\"@context\":\"https:\\\/\\\/schema.org\",\"@graph\":[{\"@type\":\"Article\",\"@id\":\"https:\\\/\\\/automotiverevista.pt\\\/index.php\\\/2022\\\/07\\\/15\\\/petlas-progredir-no-mercado-europeu-com-multissegmento\\\/#article\",\"isPartOf\":{\"@id\":\"https:\\\/\\\/automotiverevista.pt\\\/index.php\\\/2022\\\/07\\\/15\\\/petlas-progredir-no-mercado-europeu-com-multissegmento\\\/\"},\"author\":{\"name\":\"adminNovo\",\"@id\":\"https:\\\/\\\/automotiverevista.pt\\\/#\\\/schema\\\/person\\\/1265858bc8c78a0f969de814da8be281\"},\"headline\":\"Petlas \u2013 progredir no mercado europeu com multissegmento\",\"datePublished\":\"2022-07-15T14:04:37+00:00\",\"dateModified\":\"2022-07-15T14:04:40+00:00\",\"mainEntityOfPage\":{\"@id\":\"https:\\\/\\\/automotiverevista.pt\\\/index.php\\\/2022\\\/07\\\/15\\\/petlas-progredir-no-mercado-europeu-com-multissegmento\\\/\"},\"wordCount\":901,\"publisher\":{\"@id\":\"https:\\\/\\\/automotiverevista.pt\\\/#organization\"},\"image\":{\"@id\":\"https:\\\/\\\/automotiverevista.pt\\\/index.php\\\/2022\\\/07\\\/15\\\/petlas-progredir-no-mercado-europeu-com-multissegmento\\\/#primaryimage\"},\"thumbnailUrl\":\"https:\\\/\\\/automotiverevista.pt\\\/wp-content\\\/uploads\\\/2022\\\/07\\\/IMG_1174.jpg\",\"keywords\":[\"Dispnal\",\"pneus\"],\"articleSection\":[\"P\u00f3s-Venda\"],\"inLanguage\":\"pt-PT\"},{\"@type\":\"WebPage\",\"@id\":\"https:\\\/\\\/automotiverevista.pt\\\/index.php\\\/2022\\\/07\\\/15\\\/petlas-progredir-no-mercado-europeu-com-multissegmento\\\/\",\"url\":\"https:\\\/\\\/automotiverevista.pt\\\/index.php\\\/2022\\\/07\\\/15\\\/petlas-progredir-no-mercado-europeu-com-multissegmento\\\/\",\"name\":\"Petlas \u2013 progredir no mercado europeu com multissegmento - Revista Automotive\",\"isPartOf\":{\"@id\":\"https:\\\/\\\/automotiverevista.pt\\\/#website\"},\"primaryImageOfPage\":{\"@id\":\"https:\\\/\\\/automotiverevista.pt\\\/index.php\\\/2022\\\/07\\\/15\\\/petlas-progredir-no-mercado-europeu-com-multissegmento\\\/#primaryimage\"},\"image\":{\"@id\":\"https:\\\/\\\/automotiverevista.pt\\\/index.php\\\/2022\\\/07\\\/15\\\/petlas-progredir-no-mercado-europeu-com-multissegmento\\\/#primaryimage\"},\"thumbnailUrl\":\"https:\\\/\\\/automotiverevista.pt\\\/wp-content\\\/uploads\\\/2022\\\/07\\\/IMG_1174.jpg\",\"datePublished\":\"2022-07-15T14:04:37+00:00\",\"dateModified\":\"2022-07-15T14:04:40+00:00\",\"breadcrumb\":{\"@id\":\"https:\\\/\\\/automotiverevista.pt\\\/index.php\\\/2022\\\/07\\\/15\\\/petlas-progredir-no-mercado-europeu-com-multissegmento\\\/#breadcrumb\"},\"inLanguage\":\"pt-PT\",\"potentialAction\":[{\"@type\":\"ReadAction\",\"target\":[\"https:\\\/\\\/automotiverevista.pt\\\/index.php\\\/2022\\\/07\\\/15\\\/petlas-progredir-no-mercado-europeu-com-multissegmento\\\/\"]}]},{\"@type\":\"ImageObject\",\"inLanguage\":\"pt-PT\",\"@id\":\"https:\\\/\\\/automotiverevista.pt\\\/index.php\\\/2022\\\/07\\\/15\\\/petlas-progredir-no-mercado-europeu-com-multissegmento\\\/#primaryimage\",\"url\":\"https:\\\/\\\/automotiverevista.pt\\\/wp-content\\\/uploads\\\/2022\\\/07\\\/IMG_1174.jpg\",\"contentUrl\":\"https:\\\/\\\/automotiverevista.pt\\\/wp-content\\\/uploads\\\/2022\\\/07\\\/IMG_1174.jpg\",\"width\":1000,\"height\":667},{\"@type\":\"BreadcrumbList\",\"@id\":\"https:\\\/\\\/automotiverevista.pt\\\/index.php\\\/2022\\\/07\\\/15\\\/petlas-progredir-no-mercado-europeu-com-multissegmento\\\/#breadcrumb\",\"itemListElement\":[{\"@type\":\"ListItem\",\"position\":1,\"name\":\"Home\",\"item\":\"https:\\\/\\\/automotiverevista.pt\\\/\"},{\"@type\":\"ListItem\",\"position\":2,\"name\":\"Petlas \u2013 progredir no mercado europeu com multissegmento\"}]},{\"@type\":\"WebSite\",\"@id\":\"https:\\\/\\\/automotiverevista.pt\\\/#website\",\"url\":\"https:\\\/\\\/automotiverevista.pt\\\/\",\"name\":\"Revista Automotive\",\"description\":\"Revista Automotive Portugal\",\"publisher\":{\"@id\":\"https:\\\/\\\/automotiverevista.pt\\\/#organization\"},\"potentialAction\":[{\"@type\":\"SearchAction\",\"target\":{\"@type\":\"EntryPoint\",\"urlTemplate\":\"https:\\\/\\\/automotiverevista.pt\\\/?s={search_term_string}\"},\"query-input\":{\"@type\":\"PropertyValueSpecification\",\"valueRequired\":true,\"valueName\":\"search_term_string\"}}],\"inLanguage\":\"pt-PT\"},{\"@type\":\"Organization\",\"@id\":\"https:\\\/\\\/automotiverevista.pt\\\/#organization\",\"name\":\"Revista Automotive Portugal\",\"url\":\"https:\\\/\\\/automotiverevista.pt\\\/\",\"logo\":{\"@type\":\"ImageObject\",\"inLanguage\":\"pt-PT\",\"@id\":\"https:\\\/\\\/automotiverevista.pt\\\/#\\\/schema\\\/logo\\\/image\\\/\",\"url\":\"https:\\\/\\\/automotiverevista.pt\\\/wp-content\\\/uploads\\\/2022\\\/07\\\/Logo-Automotive-2021_500-1.jpg\",\"contentUrl\":\"https:\\\/\\\/automotiverevista.pt\\\/wp-content\\\/uploads\\\/2022\\\/07\\\/Logo-Automotive-2021_500-1.jpg\",\"width\":500,\"height\":160,\"caption\":\"Revista Automotive Portugal\"},\"image\":{\"@id\":\"https:\\\/\\\/automotiverevista.pt\\\/#\\\/schema\\\/logo\\\/image\\\/\"},\"sameAs\":[\"https:\\\/\\\/linkedin.com\\\/in\\\/automotiverevista\"]},{\"@type\":\"Person\",\"@id\":\"https:\\\/\\\/automotiverevista.pt\\\/#\\\/schema\\\/person\\\/1265858bc8c78a0f969de814da8be281\",\"name\":\"adminNovo\",\"image\":{\"@type\":\"ImageObject\",\"inLanguage\":\"pt-PT\",\"@id\":\"https:\\\/\\\/secure.gravatar.com\\\/avatar\\\/c606c1288dcc11eb4c709aa5136fdb962583c410f5c23c0b7bf6917c542be355?s=96&d=mm&r=g\",\"url\":\"https:\\\/\\\/secure.gravatar.com\\\/avatar\\\/c606c1288dcc11eb4c709aa5136fdb962583c410f5c23c0b7bf6917c542be355?s=96&d=mm&r=g\",\"contentUrl\":\"https:\\\/\\\/secure.gravatar.com\\\/avatar\\\/c606c1288dcc11eb4c709aa5136fdb962583c410f5c23c0b7bf6917c542be355?s=96&d=mm&r=g\",\"caption\":\"adminNovo\"},\"sameAs\":[\"https:\\\/\\\/automotiverevista.pt\"],\"url\":\"https:\\\/\\\/automotiverevista.pt\\\/index.php\\\/author\\\/adminnovo\\\/\"}]}<\/script>\n<!-- \/ Yoast SEO Premium plugin. -->","yoast_head_json":{"title":"Petlas \u2013 progredir no mercado europeu com multissegmento - Revista Automotive","robots":{"index":"index","follow":"follow","max-snippet":"max-snippet:-1","max-image-preview":"max-image-preview:large","max-video-preview":"max-video-preview:-1"},"canonical":"https:\/\/automotiverevista.pt\/index.php\/2022\/07\/15\/petlas-progredir-no-mercado-europeu-com-multissegmento\/","og_locale":"pt_PT","og_type":"article","og_title":"Petlas \u2013 progredir no mercado europeu com multissegmento","og_description":"Empresa com 46 anos de exist\u00eancia e com sede em Ankara, na Turquia, a Petlas \u00e9 um fabricante de pneus que tem vindo a progredir em diversos mercados, sobretudo na Europa. Com base numa estrat\u00e9gia focada em produzir pneus multissegmento, apoiada no aperfei\u00e7oamento cont\u00ednuo da qualidade dos seus produtos, a Petlas tem vindo a registar [&hellip;]","og_url":"https:\/\/automotiverevista.pt\/index.php\/2022\/07\/15\/petlas-progredir-no-mercado-europeu-com-multissegmento\/","og_site_name":"Revista Automotive","article_published_time":"2022-07-15T14:04:37+00:00","article_modified_time":"2022-07-15T14:04:40+00:00","og_image":[{"width":1000,"height":667,"url":"https:\/\/automotiverevista.pt\/wp-content\/uploads\/2022\/07\/IMG_1174.jpg","type":"image\/jpeg"}],"author":"adminNovo","twitter_card":"summary_large_image","twitter_misc":{"Escrito por":"adminNovo","Tempo estimado de leitura":"6 minutos"},"schema":{"@context":"https:\/\/schema.org","@graph":[{"@type":"Article","@id":"https:\/\/automotiverevista.pt\/index.php\/2022\/07\/15\/petlas-progredir-no-mercado-europeu-com-multissegmento\/#article","isPartOf":{"@id":"https:\/\/automotiverevista.pt\/index.php\/2022\/07\/15\/petlas-progredir-no-mercado-europeu-com-multissegmento\/"},"author":{"name":"adminNovo","@id":"https:\/\/automotiverevista.pt\/#\/schema\/person\/1265858bc8c78a0f969de814da8be281"},"headline":"Petlas \u2013 progredir no mercado europeu com multissegmento","datePublished":"2022-07-15T14:04:37+00:00","dateModified":"2022-07-15T14:04:40+00:00","mainEntityOfPage":{"@id":"https:\/\/automotiverevista.pt\/index.php\/2022\/07\/15\/petlas-progredir-no-mercado-europeu-com-multissegmento\/"},"wordCount":901,"publisher":{"@id":"https:\/\/automotiverevista.pt\/#organization"},"image":{"@id":"https:\/\/automotiverevista.pt\/index.php\/2022\/07\/15\/petlas-progredir-no-mercado-europeu-com-multissegmento\/#primaryimage"},"thumbnailUrl":"https:\/\/automotiverevista.pt\/wp-content\/uploads\/2022\/07\/IMG_1174.jpg","keywords":["Dispnal","pneus"],"articleSection":["P\u00f3s-Venda"],"inLanguage":"pt-PT"},{"@type":"WebPage","@id":"https:\/\/automotiverevista.pt\/index.php\/2022\/07\/15\/petlas-progredir-no-mercado-europeu-com-multissegmento\/","url":"https:\/\/automotiverevista.pt\/index.php\/2022\/07\/15\/petlas-progredir-no-mercado-europeu-com-multissegmento\/","name":"Petlas \u2013 progredir no mercado europeu com multissegmento - Revista Automotive","isPartOf":{"@id":"https:\/\/automotiverevista.pt\/#website"},"primaryImageOfPage":{"@id":"https:\/\/automotiverevista.pt\/index.php\/2022\/07\/15\/petlas-progredir-no-mercado-europeu-com-multissegmento\/#primaryimage"},"image":{"@id":"https:\/\/automotiverevista.pt\/index.php\/2022\/07\/15\/petlas-progredir-no-mercado-europeu-com-multissegmento\/#primaryimage"},"thumbnailUrl":"https:\/\/automotiverevista.pt\/wp-content\/uploads\/2022\/07\/IMG_1174.jpg","datePublished":"2022-07-15T14:04:37+00:00","dateModified":"2022-07-15T14:04:40+00:00","breadcrumb":{"@id":"https:\/\/automotiverevista.pt\/index.php\/2022\/07\/15\/petlas-progredir-no-mercado-europeu-com-multissegmento\/#breadcrumb"},"inLanguage":"pt-PT","potentialAction":[{"@type":"ReadAction","target":["https:\/\/automotiverevista.pt\/index.php\/2022\/07\/15\/petlas-progredir-no-mercado-europeu-com-multissegmento\/"]}]},{"@type":"ImageObject","inLanguage":"pt-PT","@id":"https:\/\/automotiverevista.pt\/index.php\/2022\/07\/15\/petlas-progredir-no-mercado-europeu-com-multissegmento\/#primaryimage","url":"https:\/\/automotiverevista.pt\/wp-content\/uploads\/2022\/07\/IMG_1174.jpg","contentUrl":"https:\/\/automotiverevista.pt\/wp-content\/uploads\/2022\/07\/IMG_1174.jpg","width":1000,"height":667},{"@type":"BreadcrumbList","@id":"https:\/\/automotiverevista.pt\/index.php\/2022\/07\/15\/petlas-progredir-no-mercado-europeu-com-multissegmento\/#breadcrumb","itemListElement":[{"@type":"ListItem","position":1,"name":"Home","item":"https:\/\/automotiverevista.pt\/"},{"@type":"ListItem","position":2,"name":"Petlas \u2013 progredir no mercado europeu com multissegmento"}]},{"@type":"WebSite","@id":"https:\/\/automotiverevista.pt\/#website","url":"https:\/\/automotiverevista.pt\/","name":"Revista Automotive","description":"Revista Automotive Portugal","publisher":{"@id":"https:\/\/automotiverevista.pt\/#organization"},"potentialAction":[{"@type":"SearchAction","target":{"@type":"EntryPoint","urlTemplate":"https:\/\/automotiverevista.pt\/?s={search_term_string}"},"query-input":{"@type":"PropertyValueSpecification","valueRequired":true,"valueName":"search_term_string"}}],"inLanguage":"pt-PT"},{"@type":"Organization","@id":"https:\/\/automotiverevista.pt\/#organization","name":"Revista Automotive Portugal","url":"https:\/\/automotiverevista.pt\/","logo":{"@type":"ImageObject","inLanguage":"pt-PT","@id":"https:\/\/automotiverevista.pt\/#\/schema\/logo\/image\/","url":"https:\/\/automotiverevista.pt\/wp-content\/uploads\/2022\/07\/Logo-Automotive-2021_500-1.jpg","contentUrl":"https:\/\/automotiverevista.pt\/wp-content\/uploads\/2022\/07\/Logo-Automotive-2021_500-1.jpg","width":500,"height":160,"caption":"Revista Automotive Portugal"},"image":{"@id":"https:\/\/automotiverevista.pt\/#\/schema\/logo\/image\/"},"sameAs":["https:\/\/linkedin.com\/in\/automotiverevista"]},{"@type":"Person","@id":"https:\/\/automotiverevista.pt\/#\/schema\/person\/1265858bc8c78a0f969de814da8be281","name":"adminNovo","image":{"@type":"ImageObject","inLanguage":"pt-PT","@id":"https:\/\/secure.gravatar.com\/avatar\/c606c1288dcc11eb4c709aa5136fdb962583c410f5c23c0b7bf6917c542be355?s=96&d=mm&r=g","url":"https:\/\/secure.gravatar.com\/avatar\/c606c1288dcc11eb4c709aa5136fdb962583c410f5c23c0b7bf6917c542be355?s=96&d=mm&r=g","contentUrl":"https:\/\/secure.gravatar.com\/avatar\/c606c1288dcc11eb4c709aa5136fdb962583c410f5c23c0b7bf6917c542be355?s=96&d=mm&r=g","caption":"adminNovo"},"sameAs":["https:\/\/automotiverevista.pt"],"url":"https:\/\/automotiverevista.pt\/index.php\/author\/adminnovo\/"}]}},"_links":{"self":[{"href":"https:\/\/automotiverevista.pt\/index.php\/wp-json\/wp\/v2\/posts\/676","targetHints":{"allow":["GET"]}}],"collection":[{"href":"https:\/\/automotiverevista.pt\/index.php\/wp-json\/wp\/v2\/posts"}],"about":[{"href":"https:\/\/automotiverevista.pt\/index.php\/wp-json\/wp\/v2\/types\/post"}],"author":[{"embeddable":true,"href":"https:\/\/automotiverevista.pt\/index.php\/wp-json\/wp\/v2\/users\/1"}],"replies":[{"embeddable":true,"href":"https:\/\/automotiverevista.pt\/index.php\/wp-json\/wp\/v2\/comments?post=676"}],"version-history":[{"count":2,"href":"https:\/\/automotiverevista.pt\/index.php\/wp-json\/wp\/v2\/posts\/676\/revisions"}],"predecessor-version":[{"id":685,"href":"https:\/\/automotiverevista.pt\/index.php\/wp-json\/wp\/v2\/posts\/676\/revisions\/685"}],"wp:featuredmedia":[{"embeddable":true,"href":"https:\/\/automotiverevista.pt\/index.php\/wp-json\/wp\/v2\/media\/677"}],"wp:attachment":[{"href":"https:\/\/automotiverevista.pt\/index.php\/wp-json\/wp\/v2\/media?parent=676"}],"wp:term":[{"taxonomy":"category","embeddable":true,"href":"https:\/\/automotiverevista.pt\/index.php\/wp-json\/wp\/v2\/categories?post=676"},{"taxonomy":"post_tag","embeddable":true,"href":"https:\/\/automotiverevista.pt\/index.php\/wp-json\/wp\/v2\/tags?post=676"}],"curies":[{"name":"wp","href":"https:\/\/api.w.org\/{rel}","templated":true}]}}