{"id":6830,"date":"2024-07-15T08:00:00","date_gmt":"2024-07-15T08:00:00","guid":{"rendered":"https:\/\/automotiverevista.pt\/?p=6830"},"modified":"2024-07-06T19:58:52","modified_gmt":"2024-07-06T19:58:52","slug":"da-mini-a-gigante-komatsu-surpreende-com-gama-abrangente","status":"publish","type":"post","link":"https:\/\/automotiverevista.pt\/index.php\/2024\/07\/15\/da-mini-a-gigante-komatsu-surpreende-com-gama-abrangente\/","title":{"rendered":"Da mini \u00e0 gigante: Komatsu surpreende com gama abrangente"},"content":{"rendered":"\n<p>A Komatsu Europe foi a marca que mais novidades apresentou no Sal\u00e3o Intermat, recentemente realizado em Paris (Fran\u00e7a). Ao todo, foram mais de uma dezena, entre novos modelos, prot\u00f3tipos e semi-prot\u00f3tipos. A gama estende-se por m\u00e1quinas a combust\u00e3o, h\u00edbridas e el\u00e9tricas.<\/p>\n\n\n\n<p>A come\u00e7ar pelas el\u00e9tricas, a Komatsu apresentou a escavadora el\u00e9trica PC210LCE-11 equipada com baterias de i\u00f5es de l\u00edtio. A empresa estava a desenvolver este modelo el\u00e9trico desde janeiro de 2021 e, agora, est\u00e1 pronta para o introduzir no mercado de aluguer como um semi-prot\u00f3tipo.<\/p>\n\n\n\n<p>Ao utiliz\u00e1-la em v\u00e1rias condi\u00e7\u00f5es operacionais e com diferentes ambientes de alimenta\u00e7\u00e3o de energia (em pa\u00edses onde se espera que o mercado eletrificado se forme), os clientes poder\u00e3o experimentar a m\u00e1quina, enquanto a Komatsu compilar\u00e1 feedback, opini\u00f5es e conhecimento no mercado eletrificado. Posteriormente, poder\u00e1 ser lan\u00e7ada ao mercado.<\/p>\n\n\n\n<p>No \u00e2mbito dos prot\u00f3tipos, a Komatsu tamb\u00e9m deu a conhecer a escavadora el\u00e9trica da classe de 13 toneladas PC138E-11, m\u00e1quina que planeia introduzir nos mercados europeus. Consciente de que o mercado para equipamentos de constru\u00e7\u00e3o eletrificados ainda n\u00e3o foi estabelecido, a Komatsu est\u00e1 a trabalhar para desenvolver rapidamente este novo mercado com vista \u00e0 neutralidade carb\u00f3nica. Para tal, a empresa anunciou tamb\u00e9m uma nova miniescavadora el\u00e9trica da nova classe de 3 toneladas PC33E-6 (prot\u00f3tipo).<\/p>\n\n\n\n<figure class=\"wp-block-image size-large is-resized\"><img decoding=\"async\" width=\"1024\" height=\"683\" src=\"https:\/\/automotiverevista.pt\/wp-content\/uploads\/2024\/07\/IMG_6313-1024x683.jpg\" alt=\"\" class=\"wp-image-6834\" style=\"width:773px;height:auto\" srcset=\"https:\/\/automotiverevista.pt\/wp-content\/uploads\/2024\/07\/IMG_6313-1024x683.jpg 1024w, https:\/\/automotiverevista.pt\/wp-content\/uploads\/2024\/07\/IMG_6313-300x200.jpg 300w, https:\/\/automotiverevista.pt\/wp-content\/uploads\/2024\/07\/IMG_6313-768x512.jpg 768w, https:\/\/automotiverevista.pt\/wp-content\/uploads\/2024\/07\/IMG_6313-750x500.jpg 750w, https:\/\/automotiverevista.pt\/wp-content\/uploads\/2024\/07\/IMG_6313-1140x760.jpg 1140w, https:\/\/automotiverevista.pt\/wp-content\/uploads\/2024\/07\/IMG_6313.jpg 1200w\" sizes=\"(max-width: 1024px) 100vw, 1024px\" \/><\/figure>\n\n\n\n<p><strong>Combust\u00e3o com grande vitalidade<\/strong><\/p>\n\n\n\n<p>Nos motores a combust\u00e3o, a Komatsu Europe demonstrou grande vitalidade, com uma s\u00e9rie de lan\u00e7amentos. Resumidamente, e a come\u00e7ar nas suas miniescavadoras, destaque para as novas PC24MR-5 e PC18MR-8 com os mais recentes motores Stage V, entre outras melhorias introduzidas na s\u00e9rie MR.<\/p>\n\n\n\n<p>As m\u00e1quinas da s\u00e9rie MR tamb\u00e9m foram renovadas na gama m\u00e9dia, com a nova Komatsu PC88MR-11, vindo substituir as bem-sucedidas PC88MR-10, com um aumento de produtividade e pot\u00eancia (68cv), redu\u00e7\u00e3o do consumo de combust\u00edvel e maior velocidade dos equipamentos de trabalho. Quanto \u00e0s novidades nas escavadoras de rodas de traseira curta, a Komatsu expandiu a sua gama com dois novos modelos, os PW168-11 e PW198-11, completando os pesos operacionais destas m\u00e1quinas populares at\u00e9 \u00e0s 20 toneladas.<\/p>\n\n\n\n<p>As novas m\u00e1quinas s\u00e3o compactas e f\u00e1ceis de transportar, potentes, confort\u00e1veis, vers\u00e1teis, fi\u00e1veis e dur\u00e1veis, de acordo com os pedidos mais frequentemente expressos pelos clientes, que levaram ao seu desenvolvimento. Precisamente adaptadas a estes pedidos, as duas m\u00e1quinas recentemente desenvolvidas est\u00e3o agora a ser lan\u00e7adas ao mercado.<\/p>\n\n\n\n<figure class=\"wp-block-image size-large is-resized\"><img decoding=\"async\" width=\"1024\" height=\"683\" src=\"https:\/\/automotiverevista.pt\/wp-content\/uploads\/2024\/07\/IMG_6303-1024x683.jpg\" alt=\"\" class=\"wp-image-6835\" style=\"width:784px;height:auto\" srcset=\"https:\/\/automotiverevista.pt\/wp-content\/uploads\/2024\/07\/IMG_6303-1024x683.jpg 1024w, https:\/\/automotiverevista.pt\/wp-content\/uploads\/2024\/07\/IMG_6303-300x200.jpg 300w, https:\/\/automotiverevista.pt\/wp-content\/uploads\/2024\/07\/IMG_6303-768x512.jpg 768w, https:\/\/automotiverevista.pt\/wp-content\/uploads\/2024\/07\/IMG_6303-750x500.jpg 750w, https:\/\/automotiverevista.pt\/wp-content\/uploads\/2024\/07\/IMG_6303-1140x760.jpg 1140w, https:\/\/automotiverevista.pt\/wp-content\/uploads\/2024\/07\/IMG_6303.jpg 1500w\" sizes=\"(max-width: 1024px) 100vw, 1024px\" \/><\/figure>\n\n\n\n<p><strong>Gigantes renovados<\/strong><\/p>\n\n\n\n<p>Na gama mais pesada, a Komatsu Europe lan\u00e7ou a escavadora hidr\u00e1ulica PC950LC-11. A PC950LC-11 beneficia de mais de 100 anos de know-how da Komatsu nos seus clientes de pedreiras e minas.<\/p>\n\n\n\n<p>Com um <strong>peso de 97 toneladas<\/strong>, a PC950LC-11 incorpora um novo motor Komatsu de alta pot\u00eancia, um balde de grandes dimens\u00f5es, e as mais recentes tecnologias hidr\u00e1ulicas e de controlo da Komatsu para alcan\u00e7ar a maior produtividade da forma mais eficiente poss\u00edvel.<\/p>\n\n\n\n<figure class=\"wp-block-image size-large\"><img decoding=\"async\" width=\"1024\" height=\"463\" src=\"https:\/\/automotiverevista.pt\/wp-content\/uploads\/2024\/07\/IMG_6216-Copia-1024x463.jpg\" alt=\"\" class=\"wp-image-6836\" srcset=\"https:\/\/automotiverevista.pt\/wp-content\/uploads\/2024\/07\/IMG_6216-Copia-1024x463.jpg 1024w, https:\/\/automotiverevista.pt\/wp-content\/uploads\/2024\/07\/IMG_6216-Copia-300x136.jpg 300w, https:\/\/automotiverevista.pt\/wp-content\/uploads\/2024\/07\/IMG_6216-Copia-768x347.jpg 768w, https:\/\/automotiverevista.pt\/wp-content\/uploads\/2024\/07\/IMG_6216-Copia-750x339.jpg 750w, https:\/\/automotiverevista.pt\/wp-content\/uploads\/2024\/07\/IMG_6216-Copia-1140x515.jpg 1140w, https:\/\/automotiverevista.pt\/wp-content\/uploads\/2024\/07\/IMG_6216-Copia.jpg 1500w\" sizes=\"(max-width: 1024px) 100vw, 1024px\" \/><\/figure>\n\n\n\n<p>No segmento da demoli\u00e7\u00e3o, destaque para a PC390HRD que agora beneficia do pioneiro sistema de engate K100, que permite uma interoperabilidade de dois bra\u00e7os diferentes (escavadora ou demoli\u00e7\u00e3o), onde a substitui\u00e7\u00e3o destes \u00e9 feita em menos de 100 segundos \u2013 conforme nos explicou em entrevista <a href=\"https:\/\/automotiverevista.pt\/index.php\/2024\/07\/05\/cimertex-presenca-em-destaque-nos-60-anos\/\"><strong>Francisco Oliveira<\/strong>, <\/a>da empresa portuguesa <a href=\"https:\/\/automotiverevista.pt\/index.php\/2024\/07\/05\/cimertex-presenca-em-destaque-nos-60-anos\/\">Cimertex<\/a>.<\/p>\n\n\n\n<p>Por fim, as novidades n\u00e3o se cingiram \u00e0s escavadoras, tendo o segmento dos dumpers tido uma aten\u00e7\u00e3o especial pela Komatsu. Assim, foi destaque o dumper HD605-10, que introduz melhorias significativas de desempenho, incluindo aumento de pot\u00eancia, redu\u00e7\u00f5es de peso, capacidade de carga expandida at\u00e9 64 toneladas com corpo de 43 m3, durabilidade melhorada, sistemas de visibilidade aprimorados e consumo reduzido de combust\u00edvel.<\/p>\n","protected":false},"excerpt":{"rendered":"<p>A Komatsu Europe foi a marca que mais novidades apresentou no Sal\u00e3o Intermat, recentemente realizado em Paris (Fran\u00e7a). Ao todo, foram mais de uma dezena, entre novos modelos, prot\u00f3tipos e semi-prot\u00f3tipos. A gama estende-se por m\u00e1quinas a combust\u00e3o, h\u00edbridas e el\u00e9tricas. A come\u00e7ar pelas el\u00e9tricas, a Komatsu apresentou a escavadora el\u00e9trica PC210LCE-11 equipada com baterias [&hellip;]<\/p>\n","protected":false},"author":1,"featured_media":6832,"comment_status":"closed","ping_status":"open","sticky":false,"template":"","format":"standard","meta":{"jnews-multi-image_gallery":[],"jnews_single_post":{"subtitle":"","format":"standard","video":"","gallery":"","source_name":"","source_url":"","via_name":"","via_url":"","override_template":"0","override":[{"template":"2","single_blog_custom":"","parallax":"1","fullscreen":"1","layout":"right-sidebar","sidebar":"default-sidebar","second_sidebar":"default-sidebar","sticky_sidebar":"1","share_position":"topbottom","share_float_style":"share-monocrhome","show_share_counter":"0","show_view_counter":"0","show_featured":"1","show_post_meta":"1","show_post_author":"0","show_post_author_image":"1","show_post_date":"1","post_date_format":"default","post_date_format_custom":"Y\/m\/d","show_post_category":"1","show_post_reading_time":"0","post_reading_time_wpm":"300","show_zoom_button":"0","zoom_button_out_step":"2","zoom_button_in_step":"3","show_post_tag":"1","show_prev_next_post":"0","show_popup_post":"1","number_popup_post":"1","show_author_box":"0","show_post_related":"1","show_inline_post_related":"1"}],"override_image_size":"0","image_override":[{"single_post_thumbnail_size":"crop-500","single_post_gallery_size":"crop-500"}],"trending_post":"0","trending_post_position":"meta","trending_post_label":"Trending","sponsored_post":"0","sponsored_post_label":"Sponsored by","sponsored_post_name":"","sponsored_post_url":"","sponsored_post_logo_enable":"0","sponsored_post_logo":"","sponsored_post_desc":"","disable_ad":"0"},"jnews_primary_category":{"id":"","hide":""},"footnotes":""},"categories":[25],"tags":[],"class_list":["post-6830","post","type-post","status-publish","format-standard","has-post-thumbnail","hentry","category-pesados-e-maquinas"],"yoast_head":"<!-- This site is optimized with the Yoast SEO Premium plugin v27.2 (Yoast SEO v27.5) - https:\/\/yoast.com\/product\/yoast-seo-premium-wordpress\/ -->\n<title>Da mini \u00e0 gigante: Komatsu surpreende com gama abrangente - Revista Automotive<\/title>\n<meta name=\"description\" content=\"novidades apresentadas pela Komatsu Europe no Intermat. Conhe\u00e7a os modelos de escavadoras el\u00e9tricas equipadas com baterias de l\u00edtio.\" \/>\n<meta name=\"robots\" content=\"index, follow, max-snippet:-1, max-image-preview:large, max-video-preview:-1\" \/>\n<link rel=\"canonical\" href=\"https:\/\/automotiverevista.pt\/index.php\/2024\/07\/15\/da-mini-a-gigante-komatsu-surpreende-com-gama-abrangente\/\" \/>\n<meta property=\"og:locale\" content=\"pt_PT\" \/>\n<meta property=\"og:type\" content=\"article\" \/>\n<meta property=\"og:title\" content=\"Da mini \u00e0 gigante: Komatsu surpreende com gama abrangente\" \/>\n<meta property=\"og:description\" content=\"novidades apresentadas pela Komatsu Europe no Intermat. Conhe\u00e7a os modelos de escavadoras el\u00e9tricas equipadas com baterias de l\u00edtio.\" \/>\n<meta property=\"og:url\" content=\"https:\/\/automotiverevista.pt\/index.php\/2024\/07\/15\/da-mini-a-gigante-komatsu-surpreende-com-gama-abrangente\/\" \/>\n<meta property=\"og:site_name\" content=\"Revista Automotive\" \/>\n<meta property=\"article:published_time\" content=\"2024-07-15T08:00:00+00:00\" \/>\n<meta property=\"og:image\" content=\"https:\/\/automotiverevista.pt\/wp-content\/uploads\/2024\/07\/IMG_6329.jpg\" \/>\n\t<meta property=\"og:image:width\" content=\"1500\" \/>\n\t<meta property=\"og:image:height\" content=\"1000\" \/>\n\t<meta property=\"og:image:type\" content=\"image\/jpeg\" \/>\n<meta name=\"author\" content=\"adminNovo\" \/>\n<meta name=\"twitter:card\" content=\"summary_large_image\" \/>\n<meta name=\"twitter:label1\" content=\"Escrito por\" \/>\n\t<meta name=\"twitter:data1\" content=\"adminNovo\" \/>\n\t<meta name=\"twitter:label2\" content=\"Tempo estimado de leitura\" \/>\n\t<meta name=\"twitter:data2\" content=\"4 minutos\" \/>\n<script type=\"application\/ld+json\" class=\"yoast-schema-graph\">{\"@context\":\"https:\\\/\\\/schema.org\",\"@graph\":[{\"@type\":\"Article\",\"@id\":\"https:\\\/\\\/automotiverevista.pt\\\/index.php\\\/2024\\\/07\\\/15\\\/da-mini-a-gigante-komatsu-surpreende-com-gama-abrangente\\\/#article\",\"isPartOf\":{\"@id\":\"https:\\\/\\\/automotiverevista.pt\\\/index.php\\\/2024\\\/07\\\/15\\\/da-mini-a-gigante-komatsu-surpreende-com-gama-abrangente\\\/\"},\"author\":{\"name\":\"adminNovo\",\"@id\":\"https:\\\/\\\/automotiverevista.pt\\\/#\\\/schema\\\/person\\\/1265858bc8c78a0f969de814da8be281\"},\"headline\":\"Da mini \u00e0 gigante: Komatsu surpreende com gama abrangente\",\"datePublished\":\"2024-07-15T08:00:00+00:00\",\"mainEntityOfPage\":{\"@id\":\"https:\\\/\\\/automotiverevista.pt\\\/index.php\\\/2024\\\/07\\\/15\\\/da-mini-a-gigante-komatsu-surpreende-com-gama-abrangente\\\/\"},\"wordCount\":649,\"publisher\":{\"@id\":\"https:\\\/\\\/automotiverevista.pt\\\/#organization\"},\"image\":{\"@id\":\"https:\\\/\\\/automotiverevista.pt\\\/index.php\\\/2024\\\/07\\\/15\\\/da-mini-a-gigante-komatsu-surpreende-com-gama-abrangente\\\/#primaryimage\"},\"thumbnailUrl\":\"https:\\\/\\\/automotiverevista.pt\\\/wp-content\\\/uploads\\\/2024\\\/07\\\/IMG_6329.jpg\",\"articleSection\":[\"Pesados e M\u00e1quinas\"],\"inLanguage\":\"pt-PT\"},{\"@type\":\"WebPage\",\"@id\":\"https:\\\/\\\/automotiverevista.pt\\\/index.php\\\/2024\\\/07\\\/15\\\/da-mini-a-gigante-komatsu-surpreende-com-gama-abrangente\\\/\",\"url\":\"https:\\\/\\\/automotiverevista.pt\\\/index.php\\\/2024\\\/07\\\/15\\\/da-mini-a-gigante-komatsu-surpreende-com-gama-abrangente\\\/\",\"name\":\"Da mini \u00e0 gigante: Komatsu surpreende com gama abrangente - Revista Automotive\",\"isPartOf\":{\"@id\":\"https:\\\/\\\/automotiverevista.pt\\\/#website\"},\"primaryImageOfPage\":{\"@id\":\"https:\\\/\\\/automotiverevista.pt\\\/index.php\\\/2024\\\/07\\\/15\\\/da-mini-a-gigante-komatsu-surpreende-com-gama-abrangente\\\/#primaryimage\"},\"image\":{\"@id\":\"https:\\\/\\\/automotiverevista.pt\\\/index.php\\\/2024\\\/07\\\/15\\\/da-mini-a-gigante-komatsu-surpreende-com-gama-abrangente\\\/#primaryimage\"},\"thumbnailUrl\":\"https:\\\/\\\/automotiverevista.pt\\\/wp-content\\\/uploads\\\/2024\\\/07\\\/IMG_6329.jpg\",\"datePublished\":\"2024-07-15T08:00:00+00:00\",\"description\":\"novidades apresentadas pela Komatsu Europe no Intermat. Conhe\u00e7a os modelos de escavadoras el\u00e9tricas equipadas com baterias de l\u00edtio.\",\"breadcrumb\":{\"@id\":\"https:\\\/\\\/automotiverevista.pt\\\/index.php\\\/2024\\\/07\\\/15\\\/da-mini-a-gigante-komatsu-surpreende-com-gama-abrangente\\\/#breadcrumb\"},\"inLanguage\":\"pt-PT\",\"potentialAction\":[{\"@type\":\"ReadAction\",\"target\":[\"https:\\\/\\\/automotiverevista.pt\\\/index.php\\\/2024\\\/07\\\/15\\\/da-mini-a-gigante-komatsu-surpreende-com-gama-abrangente\\\/\"]}]},{\"@type\":\"ImageObject\",\"inLanguage\":\"pt-PT\",\"@id\":\"https:\\\/\\\/automotiverevista.pt\\\/index.php\\\/2024\\\/07\\\/15\\\/da-mini-a-gigante-komatsu-surpreende-com-gama-abrangente\\\/#primaryimage\",\"url\":\"https:\\\/\\\/automotiverevista.pt\\\/wp-content\\\/uploads\\\/2024\\\/07\\\/IMG_6329.jpg\",\"contentUrl\":\"https:\\\/\\\/automotiverevista.pt\\\/wp-content\\\/uploads\\\/2024\\\/07\\\/IMG_6329.jpg\",\"width\":1500,\"height\":1000},{\"@type\":\"BreadcrumbList\",\"@id\":\"https:\\\/\\\/automotiverevista.pt\\\/index.php\\\/2024\\\/07\\\/15\\\/da-mini-a-gigante-komatsu-surpreende-com-gama-abrangente\\\/#breadcrumb\",\"itemListElement\":[{\"@type\":\"ListItem\",\"position\":1,\"name\":\"Home\",\"item\":\"https:\\\/\\\/automotiverevista.pt\\\/\"},{\"@type\":\"ListItem\",\"position\":2,\"name\":\"Da mini \u00e0 gigante: Komatsu surpreende com gama abrangente\"}]},{\"@type\":\"WebSite\",\"@id\":\"https:\\\/\\\/automotiverevista.pt\\\/#website\",\"url\":\"https:\\\/\\\/automotiverevista.pt\\\/\",\"name\":\"Revista Automotive\",\"description\":\"Revista Automotive Portugal\",\"publisher\":{\"@id\":\"https:\\\/\\\/automotiverevista.pt\\\/#organization\"},\"potentialAction\":[{\"@type\":\"SearchAction\",\"target\":{\"@type\":\"EntryPoint\",\"urlTemplate\":\"https:\\\/\\\/automotiverevista.pt\\\/?s={search_term_string}\"},\"query-input\":{\"@type\":\"PropertyValueSpecification\",\"valueRequired\":true,\"valueName\":\"search_term_string\"}}],\"inLanguage\":\"pt-PT\"},{\"@type\":\"Organization\",\"@id\":\"https:\\\/\\\/automotiverevista.pt\\\/#organization\",\"name\":\"Revista Automotive Portugal\",\"url\":\"https:\\\/\\\/automotiverevista.pt\\\/\",\"logo\":{\"@type\":\"ImageObject\",\"inLanguage\":\"pt-PT\",\"@id\":\"https:\\\/\\\/automotiverevista.pt\\\/#\\\/schema\\\/logo\\\/image\\\/\",\"url\":\"https:\\\/\\\/automotiverevista.pt\\\/wp-content\\\/uploads\\\/2022\\\/07\\\/Logo-Automotive-2021_500-1.jpg\",\"contentUrl\":\"https:\\\/\\\/automotiverevista.pt\\\/wp-content\\\/uploads\\\/2022\\\/07\\\/Logo-Automotive-2021_500-1.jpg\",\"width\":500,\"height\":160,\"caption\":\"Revista Automotive Portugal\"},\"image\":{\"@id\":\"https:\\\/\\\/automotiverevista.pt\\\/#\\\/schema\\\/logo\\\/image\\\/\"},\"sameAs\":[\"https:\\\/\\\/linkedin.com\\\/in\\\/automotiverevista\"]},{\"@type\":\"Person\",\"@id\":\"https:\\\/\\\/automotiverevista.pt\\\/#\\\/schema\\\/person\\\/1265858bc8c78a0f969de814da8be281\",\"name\":\"adminNovo\",\"image\":{\"@type\":\"ImageObject\",\"inLanguage\":\"pt-PT\",\"@id\":\"https:\\\/\\\/secure.gravatar.com\\\/avatar\\\/c606c1288dcc11eb4c709aa5136fdb962583c410f5c23c0b7bf6917c542be355?s=96&d=mm&r=g\",\"url\":\"https:\\\/\\\/secure.gravatar.com\\\/avatar\\\/c606c1288dcc11eb4c709aa5136fdb962583c410f5c23c0b7bf6917c542be355?s=96&d=mm&r=g\",\"contentUrl\":\"https:\\\/\\\/secure.gravatar.com\\\/avatar\\\/c606c1288dcc11eb4c709aa5136fdb962583c410f5c23c0b7bf6917c542be355?s=96&d=mm&r=g\",\"caption\":\"adminNovo\"},\"sameAs\":[\"https:\\\/\\\/automotiverevista.pt\"],\"url\":\"https:\\\/\\\/automotiverevista.pt\\\/index.php\\\/author\\\/adminnovo\\\/\"}]}<\/script>\n<!-- \/ Yoast SEO Premium plugin. -->","yoast_head_json":{"title":"Da mini \u00e0 gigante: Komatsu surpreende com gama abrangente - Revista Automotive","description":"novidades apresentadas pela Komatsu Europe no Intermat. Conhe\u00e7a os modelos de escavadoras el\u00e9tricas equipadas com baterias de l\u00edtio.","robots":{"index":"index","follow":"follow","max-snippet":"max-snippet:-1","max-image-preview":"max-image-preview:large","max-video-preview":"max-video-preview:-1"},"canonical":"https:\/\/automotiverevista.pt\/index.php\/2024\/07\/15\/da-mini-a-gigante-komatsu-surpreende-com-gama-abrangente\/","og_locale":"pt_PT","og_type":"article","og_title":"Da mini \u00e0 gigante: Komatsu surpreende com gama abrangente","og_description":"novidades apresentadas pela Komatsu Europe no Intermat. Conhe\u00e7a os modelos de escavadoras el\u00e9tricas equipadas com baterias de l\u00edtio.","og_url":"https:\/\/automotiverevista.pt\/index.php\/2024\/07\/15\/da-mini-a-gigante-komatsu-surpreende-com-gama-abrangente\/","og_site_name":"Revista Automotive","article_published_time":"2024-07-15T08:00:00+00:00","og_image":[{"width":1500,"height":1000,"url":"https:\/\/automotiverevista.pt\/wp-content\/uploads\/2024\/07\/IMG_6329.jpg","type":"image\/jpeg"}],"author":"adminNovo","twitter_card":"summary_large_image","twitter_misc":{"Escrito por":"adminNovo","Tempo estimado de leitura":"4 minutos"},"schema":{"@context":"https:\/\/schema.org","@graph":[{"@type":"Article","@id":"https:\/\/automotiverevista.pt\/index.php\/2024\/07\/15\/da-mini-a-gigante-komatsu-surpreende-com-gama-abrangente\/#article","isPartOf":{"@id":"https:\/\/automotiverevista.pt\/index.php\/2024\/07\/15\/da-mini-a-gigante-komatsu-surpreende-com-gama-abrangente\/"},"author":{"name":"adminNovo","@id":"https:\/\/automotiverevista.pt\/#\/schema\/person\/1265858bc8c78a0f969de814da8be281"},"headline":"Da mini \u00e0 gigante: Komatsu surpreende com gama abrangente","datePublished":"2024-07-15T08:00:00+00:00","mainEntityOfPage":{"@id":"https:\/\/automotiverevista.pt\/index.php\/2024\/07\/15\/da-mini-a-gigante-komatsu-surpreende-com-gama-abrangente\/"},"wordCount":649,"publisher":{"@id":"https:\/\/automotiverevista.pt\/#organization"},"image":{"@id":"https:\/\/automotiverevista.pt\/index.php\/2024\/07\/15\/da-mini-a-gigante-komatsu-surpreende-com-gama-abrangente\/#primaryimage"},"thumbnailUrl":"https:\/\/automotiverevista.pt\/wp-content\/uploads\/2024\/07\/IMG_6329.jpg","articleSection":["Pesados e M\u00e1quinas"],"inLanguage":"pt-PT"},{"@type":"WebPage","@id":"https:\/\/automotiverevista.pt\/index.php\/2024\/07\/15\/da-mini-a-gigante-komatsu-surpreende-com-gama-abrangente\/","url":"https:\/\/automotiverevista.pt\/index.php\/2024\/07\/15\/da-mini-a-gigante-komatsu-surpreende-com-gama-abrangente\/","name":"Da mini \u00e0 gigante: Komatsu surpreende com gama abrangente - Revista Automotive","isPartOf":{"@id":"https:\/\/automotiverevista.pt\/#website"},"primaryImageOfPage":{"@id":"https:\/\/automotiverevista.pt\/index.php\/2024\/07\/15\/da-mini-a-gigante-komatsu-surpreende-com-gama-abrangente\/#primaryimage"},"image":{"@id":"https:\/\/automotiverevista.pt\/index.php\/2024\/07\/15\/da-mini-a-gigante-komatsu-surpreende-com-gama-abrangente\/#primaryimage"},"thumbnailUrl":"https:\/\/automotiverevista.pt\/wp-content\/uploads\/2024\/07\/IMG_6329.jpg","datePublished":"2024-07-15T08:00:00+00:00","description":"novidades apresentadas pela Komatsu Europe no Intermat. Conhe\u00e7a os modelos de escavadoras el\u00e9tricas equipadas com baterias de l\u00edtio.","breadcrumb":{"@id":"https:\/\/automotiverevista.pt\/index.php\/2024\/07\/15\/da-mini-a-gigante-komatsu-surpreende-com-gama-abrangente\/#breadcrumb"},"inLanguage":"pt-PT","potentialAction":[{"@type":"ReadAction","target":["https:\/\/automotiverevista.pt\/index.php\/2024\/07\/15\/da-mini-a-gigante-komatsu-surpreende-com-gama-abrangente\/"]}]},{"@type":"ImageObject","inLanguage":"pt-PT","@id":"https:\/\/automotiverevista.pt\/index.php\/2024\/07\/15\/da-mini-a-gigante-komatsu-surpreende-com-gama-abrangente\/#primaryimage","url":"https:\/\/automotiverevista.pt\/wp-content\/uploads\/2024\/07\/IMG_6329.jpg","contentUrl":"https:\/\/automotiverevista.pt\/wp-content\/uploads\/2024\/07\/IMG_6329.jpg","width":1500,"height":1000},{"@type":"BreadcrumbList","@id":"https:\/\/automotiverevista.pt\/index.php\/2024\/07\/15\/da-mini-a-gigante-komatsu-surpreende-com-gama-abrangente\/#breadcrumb","itemListElement":[{"@type":"ListItem","position":1,"name":"Home","item":"https:\/\/automotiverevista.pt\/"},{"@type":"ListItem","position":2,"name":"Da mini \u00e0 gigante: Komatsu surpreende com gama abrangente"}]},{"@type":"WebSite","@id":"https:\/\/automotiverevista.pt\/#website","url":"https:\/\/automotiverevista.pt\/","name":"Revista Automotive","description":"Revista Automotive Portugal","publisher":{"@id":"https:\/\/automotiverevista.pt\/#organization"},"potentialAction":[{"@type":"SearchAction","target":{"@type":"EntryPoint","urlTemplate":"https:\/\/automotiverevista.pt\/?s={search_term_string}"},"query-input":{"@type":"PropertyValueSpecification","valueRequired":true,"valueName":"search_term_string"}}],"inLanguage":"pt-PT"},{"@type":"Organization","@id":"https:\/\/automotiverevista.pt\/#organization","name":"Revista Automotive Portugal","url":"https:\/\/automotiverevista.pt\/","logo":{"@type":"ImageObject","inLanguage":"pt-PT","@id":"https:\/\/automotiverevista.pt\/#\/schema\/logo\/image\/","url":"https:\/\/automotiverevista.pt\/wp-content\/uploads\/2022\/07\/Logo-Automotive-2021_500-1.jpg","contentUrl":"https:\/\/automotiverevista.pt\/wp-content\/uploads\/2022\/07\/Logo-Automotive-2021_500-1.jpg","width":500,"height":160,"caption":"Revista Automotive Portugal"},"image":{"@id":"https:\/\/automotiverevista.pt\/#\/schema\/logo\/image\/"},"sameAs":["https:\/\/linkedin.com\/in\/automotiverevista"]},{"@type":"Person","@id":"https:\/\/automotiverevista.pt\/#\/schema\/person\/1265858bc8c78a0f969de814da8be281","name":"adminNovo","image":{"@type":"ImageObject","inLanguage":"pt-PT","@id":"https:\/\/secure.gravatar.com\/avatar\/c606c1288dcc11eb4c709aa5136fdb962583c410f5c23c0b7bf6917c542be355?s=96&d=mm&r=g","url":"https:\/\/secure.gravatar.com\/avatar\/c606c1288dcc11eb4c709aa5136fdb962583c410f5c23c0b7bf6917c542be355?s=96&d=mm&r=g","contentUrl":"https:\/\/secure.gravatar.com\/avatar\/c606c1288dcc11eb4c709aa5136fdb962583c410f5c23c0b7bf6917c542be355?s=96&d=mm&r=g","caption":"adminNovo"},"sameAs":["https:\/\/automotiverevista.pt"],"url":"https:\/\/automotiverevista.pt\/index.php\/author\/adminnovo\/"}]}},"_links":{"self":[{"href":"https:\/\/automotiverevista.pt\/index.php\/wp-json\/wp\/v2\/posts\/6830","targetHints":{"allow":["GET"]}}],"collection":[{"href":"https:\/\/automotiverevista.pt\/index.php\/wp-json\/wp\/v2\/posts"}],"about":[{"href":"https:\/\/automotiverevista.pt\/index.php\/wp-json\/wp\/v2\/types\/post"}],"author":[{"embeddable":true,"href":"https:\/\/automotiverevista.pt\/index.php\/wp-json\/wp\/v2\/users\/1"}],"replies":[{"embeddable":true,"href":"https:\/\/automotiverevista.pt\/index.php\/wp-json\/wp\/v2\/comments?post=6830"}],"version-history":[{"count":2,"href":"https:\/\/automotiverevista.pt\/index.php\/wp-json\/wp\/v2\/posts\/6830\/revisions"}],"predecessor-version":[{"id":6837,"href":"https:\/\/automotiverevista.pt\/index.php\/wp-json\/wp\/v2\/posts\/6830\/revisions\/6837"}],"wp:featuredmedia":[{"embeddable":true,"href":"https:\/\/automotiverevista.pt\/index.php\/wp-json\/wp\/v2\/media\/6832"}],"wp:attachment":[{"href":"https:\/\/automotiverevista.pt\/index.php\/wp-json\/wp\/v2\/media?parent=6830"}],"wp:term":[{"taxonomy":"category","embeddable":true,"href":"https:\/\/automotiverevista.pt\/index.php\/wp-json\/wp\/v2\/categories?post=6830"},{"taxonomy":"post_tag","embeddable":true,"href":"https:\/\/automotiverevista.pt\/index.php\/wp-json\/wp\/v2\/tags?post=6830"}],"curies":[{"name":"wp","href":"https:\/\/api.w.org\/{rel}","templated":true}]}}