{"id":6838,"date":"2024-07-16T05:02:00","date_gmt":"2024-07-16T05:02:00","guid":{"rendered":"https:\/\/automotiverevista.pt\/?p=6838"},"modified":"2024-07-06T20:03:06","modified_gmt":"2024-07-06T20:03:06","slug":"europarts-expansao-mantendo-a-fidelizacao","status":"publish","type":"post","link":"https:\/\/automotiverevista.pt\/index.php\/2024\/07\/16\/europarts-expansao-mantendo-a-fidelizacao\/","title":{"rendered":"Europarts &#8211; expans\u00e3o mantendo a fideliza\u00e7\u00e3o"},"content":{"rendered":"\n<p>A Europarts apresentou-se nos pavilh\u00f5es da Intermat, com a sua gama abrangente de pe\u00e7as de reposi\u00e7\u00e3o para as m\u00e1quinas de movimenta\u00e7\u00e3o de terras. Fundada em 1986 por Ivano Pasqualotto, tem agora uma nova gera\u00e7\u00e3o de gestores \u00e0 frente do neg\u00f3cio, como \u00e9 o exemplo de <strong>Diletta Pasqualotto<\/strong> (na foto, \u00e0 esquerda).<\/p>\n\n\n\n<p>A Europarts j\u00e1 comercializa os seus produtos em Portugal, em alguns clientes-chave no setor das m\u00e1quinas, com a ambi\u00e7\u00e3o de crescerem a sua quota de mercado em 2024, tamb\u00e9m no nosso pa\u00eds.<\/p>\n\n\n\n<figure class=\"wp-block-image size-large is-resized\"><img decoding=\"async\" width=\"1024\" height=\"683\" src=\"https:\/\/automotiverevista.pt\/wp-content\/uploads\/2024\/07\/e-1-1024x683.jpg\" alt=\"\" class=\"wp-image-6841\" style=\"width:911px;height:auto\" srcset=\"https:\/\/automotiverevista.pt\/wp-content\/uploads\/2024\/07\/e-1-1024x683.jpg 1024w, https:\/\/automotiverevista.pt\/wp-content\/uploads\/2024\/07\/e-1-300x200.jpg 300w, https:\/\/automotiverevista.pt\/wp-content\/uploads\/2024\/07\/e-1-768x512.jpg 768w, https:\/\/automotiverevista.pt\/wp-content\/uploads\/2024\/07\/e-1-750x500.jpg 750w, https:\/\/automotiverevista.pt\/wp-content\/uploads\/2024\/07\/e-1-1140x760.jpg 1140w, https:\/\/automotiverevista.pt\/wp-content\/uploads\/2024\/07\/e-1.jpg 1200w\" sizes=\"(max-width: 1024px) 100vw, 1024px\" \/><\/figure>\n","protected":false},"excerpt":{"rendered":"<p>A Europarts apresentou-se nos pavilh\u00f5es da Intermat, com a sua gama abrangente de pe\u00e7as de reposi\u00e7\u00e3o para as m\u00e1quinas de movimenta\u00e7\u00e3o de terras. Fundada em 1986 por Ivano Pasqualotto, tem agora uma nova gera\u00e7\u00e3o de gestores \u00e0 frente do neg\u00f3cio, como \u00e9 o exemplo de Diletta Pasqualotto (na foto, \u00e0 esquerda). A Europarts j\u00e1 comercializa [&hellip;]<\/p>\n","protected":false},"author":1,"featured_media":6840,"comment_status":"closed","ping_status":"open","sticky":false,"template":"","format":"standard","meta":{"jnews-multi-image_gallery":[],"jnews_single_post":{"subtitle":"","format":"standard","video":"","gallery":"","source_name":"","source_url":"","via_name":"","via_url":"","override_template":"0","override":[{"template":"2","single_blog_custom":"","parallax":"1","fullscreen":"1","layout":"right-sidebar","sidebar":"default-sidebar","second_sidebar":"default-sidebar","sticky_sidebar":"1","share_position":"topbottom","share_float_style":"share-monocrhome","show_share_counter":"0","show_view_counter":"0","show_featured":"1","show_post_meta":"1","show_post_author":"0","show_post_author_image":"1","show_post_date":"1","post_date_format":"default","post_date_format_custom":"Y\/m\/d","show_post_category":"1","show_post_reading_time":"0","post_reading_time_wpm":"300","show_zoom_button":"0","zoom_button_out_step":"2","zoom_button_in_step":"3","show_post_tag":"1","show_prev_next_post":"0","show_popup_post":"1","number_popup_post":"1","show_author_box":"0","show_post_related":"1","show_inline_post_related":"1"}],"override_image_size":"0","image_override":[{"single_post_thumbnail_size":"crop-500","single_post_gallery_size":"crop-500"}],"trending_post":"0","trending_post_position":"meta","trending_post_label":"Trending","sponsored_post":"0","sponsored_post_label":"Sponsored by","sponsored_post_name":"","sponsored_post_url":"","sponsored_post_logo_enable":"0","sponsored_post_logo":"","sponsored_post_desc":"","disable_ad":"0"},"jnews_primary_category":{"id":"","hide":""},"footnotes":""},"categories":[25],"tags":[],"class_list":["post-6838","post","type-post","status-publish","format-standard","has-post-thumbnail","hentry","category-pesados-e-maquinas"],"yoast_head":"<!-- This site is optimized with the Yoast SEO Premium plugin v27.2 (Yoast SEO v27.5) - https:\/\/yoast.com\/product\/yoast-seo-premium-wordpress\/ -->\n<title>Europarts - expans\u00e3o mantendo a fideliza\u00e7\u00e3o - Revista Automotive<\/title>\n<meta name=\"description\" content=\"Descubra a gama abrangente de pe\u00e7as de reposi\u00e7\u00e3o da Europarts para m\u00e1quinas de movimenta\u00e7\u00e3o de terras. quota de mercado em Portugal em 2024.\" \/>\n<meta name=\"robots\" content=\"index, follow, max-snippet:-1, max-image-preview:large, max-video-preview:-1\" \/>\n<link rel=\"canonical\" href=\"https:\/\/automotiverevista.pt\/index.php\/2024\/07\/16\/europarts-expansao-mantendo-a-fidelizacao\/\" \/>\n<meta property=\"og:locale\" content=\"pt_PT\" \/>\n<meta property=\"og:type\" content=\"article\" \/>\n<meta property=\"og:title\" content=\"Europarts - expans\u00e3o mantendo a fideliza\u00e7\u00e3o\" \/>\n<meta property=\"og:description\" content=\"Descubra a gama abrangente de pe\u00e7as de reposi\u00e7\u00e3o da Europarts para m\u00e1quinas de movimenta\u00e7\u00e3o de terras. quota de mercado em Portugal em 2024.\" \/>\n<meta property=\"og:url\" content=\"https:\/\/automotiverevista.pt\/index.php\/2024\/07\/16\/europarts-expansao-mantendo-a-fidelizacao\/\" \/>\n<meta property=\"og:site_name\" content=\"Revista Automotive\" \/>\n<meta property=\"article:published_time\" content=\"2024-07-16T05:02:00+00:00\" \/>\n<meta property=\"og:image\" content=\"https:\/\/automotiverevista.pt\/wp-content\/uploads\/2024\/07\/gg.jpg\" \/>\n\t<meta property=\"og:image:width\" content=\"1200\" \/>\n\t<meta property=\"og:image:height\" content=\"800\" \/>\n\t<meta property=\"og:image:type\" content=\"image\/jpeg\" \/>\n<meta name=\"author\" content=\"adminNovo\" \/>\n<meta name=\"twitter:card\" content=\"summary_large_image\" \/>\n<meta name=\"twitter:label1\" content=\"Escrito por\" \/>\n\t<meta name=\"twitter:data1\" content=\"adminNovo\" \/>\n\t<meta name=\"twitter:label2\" content=\"Tempo estimado de leitura\" \/>\n\t<meta name=\"twitter:data2\" content=\"1 minuto\" \/>\n<script type=\"application\/ld+json\" class=\"yoast-schema-graph\">{\"@context\":\"https:\\\/\\\/schema.org\",\"@graph\":[{\"@type\":\"Article\",\"@id\":\"https:\\\/\\\/automotiverevista.pt\\\/index.php\\\/2024\\\/07\\\/16\\\/europarts-expansao-mantendo-a-fidelizacao\\\/#article\",\"isPartOf\":{\"@id\":\"https:\\\/\\\/automotiverevista.pt\\\/index.php\\\/2024\\\/07\\\/16\\\/europarts-expansao-mantendo-a-fidelizacao\\\/\"},\"author\":{\"name\":\"adminNovo\",\"@id\":\"https:\\\/\\\/automotiverevista.pt\\\/#\\\/schema\\\/person\\\/1265858bc8c78a0f969de814da8be281\"},\"headline\":\"Europarts &#8211; expans\u00e3o mantendo a fideliza\u00e7\u00e3o\",\"datePublished\":\"2024-07-16T05:02:00+00:00\",\"mainEntityOfPage\":{\"@id\":\"https:\\\/\\\/automotiverevista.pt\\\/index.php\\\/2024\\\/07\\\/16\\\/europarts-expansao-mantendo-a-fidelizacao\\\/\"},\"wordCount\":97,\"publisher\":{\"@id\":\"https:\\\/\\\/automotiverevista.pt\\\/#organization\"},\"image\":{\"@id\":\"https:\\\/\\\/automotiverevista.pt\\\/index.php\\\/2024\\\/07\\\/16\\\/europarts-expansao-mantendo-a-fidelizacao\\\/#primaryimage\"},\"thumbnailUrl\":\"https:\\\/\\\/automotiverevista.pt\\\/wp-content\\\/uploads\\\/2024\\\/07\\\/gg.jpg\",\"articleSection\":[\"Pesados e M\u00e1quinas\"],\"inLanguage\":\"pt-PT\"},{\"@type\":\"WebPage\",\"@id\":\"https:\\\/\\\/automotiverevista.pt\\\/index.php\\\/2024\\\/07\\\/16\\\/europarts-expansao-mantendo-a-fidelizacao\\\/\",\"url\":\"https:\\\/\\\/automotiverevista.pt\\\/index.php\\\/2024\\\/07\\\/16\\\/europarts-expansao-mantendo-a-fidelizacao\\\/\",\"name\":\"Europarts - expans\u00e3o mantendo a fideliza\u00e7\u00e3o - Revista Automotive\",\"isPartOf\":{\"@id\":\"https:\\\/\\\/automotiverevista.pt\\\/#website\"},\"primaryImageOfPage\":{\"@id\":\"https:\\\/\\\/automotiverevista.pt\\\/index.php\\\/2024\\\/07\\\/16\\\/europarts-expansao-mantendo-a-fidelizacao\\\/#primaryimage\"},\"image\":{\"@id\":\"https:\\\/\\\/automotiverevista.pt\\\/index.php\\\/2024\\\/07\\\/16\\\/europarts-expansao-mantendo-a-fidelizacao\\\/#primaryimage\"},\"thumbnailUrl\":\"https:\\\/\\\/automotiverevista.pt\\\/wp-content\\\/uploads\\\/2024\\\/07\\\/gg.jpg\",\"datePublished\":\"2024-07-16T05:02:00+00:00\",\"description\":\"Descubra a gama abrangente de pe\u00e7as de reposi\u00e7\u00e3o da Europarts para m\u00e1quinas de movimenta\u00e7\u00e3o de terras. quota de mercado em Portugal em 2024.\",\"breadcrumb\":{\"@id\":\"https:\\\/\\\/automotiverevista.pt\\\/index.php\\\/2024\\\/07\\\/16\\\/europarts-expansao-mantendo-a-fidelizacao\\\/#breadcrumb\"},\"inLanguage\":\"pt-PT\",\"potentialAction\":[{\"@type\":\"ReadAction\",\"target\":[\"https:\\\/\\\/automotiverevista.pt\\\/index.php\\\/2024\\\/07\\\/16\\\/europarts-expansao-mantendo-a-fidelizacao\\\/\"]}]},{\"@type\":\"ImageObject\",\"inLanguage\":\"pt-PT\",\"@id\":\"https:\\\/\\\/automotiverevista.pt\\\/index.php\\\/2024\\\/07\\\/16\\\/europarts-expansao-mantendo-a-fidelizacao\\\/#primaryimage\",\"url\":\"https:\\\/\\\/automotiverevista.pt\\\/wp-content\\\/uploads\\\/2024\\\/07\\\/gg.jpg\",\"contentUrl\":\"https:\\\/\\\/automotiverevista.pt\\\/wp-content\\\/uploads\\\/2024\\\/07\\\/gg.jpg\",\"width\":1200,\"height\":800},{\"@type\":\"BreadcrumbList\",\"@id\":\"https:\\\/\\\/automotiverevista.pt\\\/index.php\\\/2024\\\/07\\\/16\\\/europarts-expansao-mantendo-a-fidelizacao\\\/#breadcrumb\",\"itemListElement\":[{\"@type\":\"ListItem\",\"position\":1,\"name\":\"Home\",\"item\":\"https:\\\/\\\/automotiverevista.pt\\\/\"},{\"@type\":\"ListItem\",\"position\":2,\"name\":\"Europarts &#8211; expans\u00e3o mantendo a fideliza\u00e7\u00e3o\"}]},{\"@type\":\"WebSite\",\"@id\":\"https:\\\/\\\/automotiverevista.pt\\\/#website\",\"url\":\"https:\\\/\\\/automotiverevista.pt\\\/\",\"name\":\"Revista Automotive\",\"description\":\"Revista Automotive Portugal\",\"publisher\":{\"@id\":\"https:\\\/\\\/automotiverevista.pt\\\/#organization\"},\"potentialAction\":[{\"@type\":\"SearchAction\",\"target\":{\"@type\":\"EntryPoint\",\"urlTemplate\":\"https:\\\/\\\/automotiverevista.pt\\\/?s={search_term_string}\"},\"query-input\":{\"@type\":\"PropertyValueSpecification\",\"valueRequired\":true,\"valueName\":\"search_term_string\"}}],\"inLanguage\":\"pt-PT\"},{\"@type\":\"Organization\",\"@id\":\"https:\\\/\\\/automotiverevista.pt\\\/#organization\",\"name\":\"Revista Automotive Portugal\",\"url\":\"https:\\\/\\\/automotiverevista.pt\\\/\",\"logo\":{\"@type\":\"ImageObject\",\"inLanguage\":\"pt-PT\",\"@id\":\"https:\\\/\\\/automotiverevista.pt\\\/#\\\/schema\\\/logo\\\/image\\\/\",\"url\":\"https:\\\/\\\/automotiverevista.pt\\\/wp-content\\\/uploads\\\/2022\\\/07\\\/Logo-Automotive-2021_500-1.jpg\",\"contentUrl\":\"https:\\\/\\\/automotiverevista.pt\\\/wp-content\\\/uploads\\\/2022\\\/07\\\/Logo-Automotive-2021_500-1.jpg\",\"width\":500,\"height\":160,\"caption\":\"Revista Automotive Portugal\"},\"image\":{\"@id\":\"https:\\\/\\\/automotiverevista.pt\\\/#\\\/schema\\\/logo\\\/image\\\/\"},\"sameAs\":[\"https:\\\/\\\/linkedin.com\\\/in\\\/automotiverevista\"]},{\"@type\":\"Person\",\"@id\":\"https:\\\/\\\/automotiverevista.pt\\\/#\\\/schema\\\/person\\\/1265858bc8c78a0f969de814da8be281\",\"name\":\"adminNovo\",\"image\":{\"@type\":\"ImageObject\",\"inLanguage\":\"pt-PT\",\"@id\":\"https:\\\/\\\/secure.gravatar.com\\\/avatar\\\/c606c1288dcc11eb4c709aa5136fdb962583c410f5c23c0b7bf6917c542be355?s=96&d=mm&r=g\",\"url\":\"https:\\\/\\\/secure.gravatar.com\\\/avatar\\\/c606c1288dcc11eb4c709aa5136fdb962583c410f5c23c0b7bf6917c542be355?s=96&d=mm&r=g\",\"contentUrl\":\"https:\\\/\\\/secure.gravatar.com\\\/avatar\\\/c606c1288dcc11eb4c709aa5136fdb962583c410f5c23c0b7bf6917c542be355?s=96&d=mm&r=g\",\"caption\":\"adminNovo\"},\"sameAs\":[\"https:\\\/\\\/automotiverevista.pt\"],\"url\":\"https:\\\/\\\/automotiverevista.pt\\\/index.php\\\/author\\\/adminnovo\\\/\"}]}<\/script>\n<!-- \/ Yoast SEO Premium plugin. -->","yoast_head_json":{"title":"Europarts - expans\u00e3o mantendo a fideliza\u00e7\u00e3o - Revista Automotive","description":"Descubra a gama abrangente de pe\u00e7as de reposi\u00e7\u00e3o da Europarts para m\u00e1quinas de movimenta\u00e7\u00e3o de terras. quota de mercado em Portugal em 2024.","robots":{"index":"index","follow":"follow","max-snippet":"max-snippet:-1","max-image-preview":"max-image-preview:large","max-video-preview":"max-video-preview:-1"},"canonical":"https:\/\/automotiverevista.pt\/index.php\/2024\/07\/16\/europarts-expansao-mantendo-a-fidelizacao\/","og_locale":"pt_PT","og_type":"article","og_title":"Europarts - expans\u00e3o mantendo a fideliza\u00e7\u00e3o","og_description":"Descubra a gama abrangente de pe\u00e7as de reposi\u00e7\u00e3o da Europarts para m\u00e1quinas de movimenta\u00e7\u00e3o de terras. quota de mercado em Portugal em 2024.","og_url":"https:\/\/automotiverevista.pt\/index.php\/2024\/07\/16\/europarts-expansao-mantendo-a-fidelizacao\/","og_site_name":"Revista Automotive","article_published_time":"2024-07-16T05:02:00+00:00","og_image":[{"width":1200,"height":800,"url":"https:\/\/automotiverevista.pt\/wp-content\/uploads\/2024\/07\/gg.jpg","type":"image\/jpeg"}],"author":"adminNovo","twitter_card":"summary_large_image","twitter_misc":{"Escrito por":"adminNovo","Tempo estimado de leitura":"1 minuto"},"schema":{"@context":"https:\/\/schema.org","@graph":[{"@type":"Article","@id":"https:\/\/automotiverevista.pt\/index.php\/2024\/07\/16\/europarts-expansao-mantendo-a-fidelizacao\/#article","isPartOf":{"@id":"https:\/\/automotiverevista.pt\/index.php\/2024\/07\/16\/europarts-expansao-mantendo-a-fidelizacao\/"},"author":{"name":"adminNovo","@id":"https:\/\/automotiverevista.pt\/#\/schema\/person\/1265858bc8c78a0f969de814da8be281"},"headline":"Europarts &#8211; expans\u00e3o mantendo a fideliza\u00e7\u00e3o","datePublished":"2024-07-16T05:02:00+00:00","mainEntityOfPage":{"@id":"https:\/\/automotiverevista.pt\/index.php\/2024\/07\/16\/europarts-expansao-mantendo-a-fidelizacao\/"},"wordCount":97,"publisher":{"@id":"https:\/\/automotiverevista.pt\/#organization"},"image":{"@id":"https:\/\/automotiverevista.pt\/index.php\/2024\/07\/16\/europarts-expansao-mantendo-a-fidelizacao\/#primaryimage"},"thumbnailUrl":"https:\/\/automotiverevista.pt\/wp-content\/uploads\/2024\/07\/gg.jpg","articleSection":["Pesados e M\u00e1quinas"],"inLanguage":"pt-PT"},{"@type":"WebPage","@id":"https:\/\/automotiverevista.pt\/index.php\/2024\/07\/16\/europarts-expansao-mantendo-a-fidelizacao\/","url":"https:\/\/automotiverevista.pt\/index.php\/2024\/07\/16\/europarts-expansao-mantendo-a-fidelizacao\/","name":"Europarts - expans\u00e3o mantendo a fideliza\u00e7\u00e3o - Revista Automotive","isPartOf":{"@id":"https:\/\/automotiverevista.pt\/#website"},"primaryImageOfPage":{"@id":"https:\/\/automotiverevista.pt\/index.php\/2024\/07\/16\/europarts-expansao-mantendo-a-fidelizacao\/#primaryimage"},"image":{"@id":"https:\/\/automotiverevista.pt\/index.php\/2024\/07\/16\/europarts-expansao-mantendo-a-fidelizacao\/#primaryimage"},"thumbnailUrl":"https:\/\/automotiverevista.pt\/wp-content\/uploads\/2024\/07\/gg.jpg","datePublished":"2024-07-16T05:02:00+00:00","description":"Descubra a gama abrangente de pe\u00e7as de reposi\u00e7\u00e3o da Europarts para m\u00e1quinas de movimenta\u00e7\u00e3o de terras. quota de mercado em Portugal em 2024.","breadcrumb":{"@id":"https:\/\/automotiverevista.pt\/index.php\/2024\/07\/16\/europarts-expansao-mantendo-a-fidelizacao\/#breadcrumb"},"inLanguage":"pt-PT","potentialAction":[{"@type":"ReadAction","target":["https:\/\/automotiverevista.pt\/index.php\/2024\/07\/16\/europarts-expansao-mantendo-a-fidelizacao\/"]}]},{"@type":"ImageObject","inLanguage":"pt-PT","@id":"https:\/\/automotiverevista.pt\/index.php\/2024\/07\/16\/europarts-expansao-mantendo-a-fidelizacao\/#primaryimage","url":"https:\/\/automotiverevista.pt\/wp-content\/uploads\/2024\/07\/gg.jpg","contentUrl":"https:\/\/automotiverevista.pt\/wp-content\/uploads\/2024\/07\/gg.jpg","width":1200,"height":800},{"@type":"BreadcrumbList","@id":"https:\/\/automotiverevista.pt\/index.php\/2024\/07\/16\/europarts-expansao-mantendo-a-fidelizacao\/#breadcrumb","itemListElement":[{"@type":"ListItem","position":1,"name":"Home","item":"https:\/\/automotiverevista.pt\/"},{"@type":"ListItem","position":2,"name":"Europarts &#8211; expans\u00e3o mantendo a fideliza\u00e7\u00e3o"}]},{"@type":"WebSite","@id":"https:\/\/automotiverevista.pt\/#website","url":"https:\/\/automotiverevista.pt\/","name":"Revista Automotive","description":"Revista Automotive Portugal","publisher":{"@id":"https:\/\/automotiverevista.pt\/#organization"},"potentialAction":[{"@type":"SearchAction","target":{"@type":"EntryPoint","urlTemplate":"https:\/\/automotiverevista.pt\/?s={search_term_string}"},"query-input":{"@type":"PropertyValueSpecification","valueRequired":true,"valueName":"search_term_string"}}],"inLanguage":"pt-PT"},{"@type":"Organization","@id":"https:\/\/automotiverevista.pt\/#organization","name":"Revista Automotive Portugal","url":"https:\/\/automotiverevista.pt\/","logo":{"@type":"ImageObject","inLanguage":"pt-PT","@id":"https:\/\/automotiverevista.pt\/#\/schema\/logo\/image\/","url":"https:\/\/automotiverevista.pt\/wp-content\/uploads\/2022\/07\/Logo-Automotive-2021_500-1.jpg","contentUrl":"https:\/\/automotiverevista.pt\/wp-content\/uploads\/2022\/07\/Logo-Automotive-2021_500-1.jpg","width":500,"height":160,"caption":"Revista Automotive Portugal"},"image":{"@id":"https:\/\/automotiverevista.pt\/#\/schema\/logo\/image\/"},"sameAs":["https:\/\/linkedin.com\/in\/automotiverevista"]},{"@type":"Person","@id":"https:\/\/automotiverevista.pt\/#\/schema\/person\/1265858bc8c78a0f969de814da8be281","name":"adminNovo","image":{"@type":"ImageObject","inLanguage":"pt-PT","@id":"https:\/\/secure.gravatar.com\/avatar\/c606c1288dcc11eb4c709aa5136fdb962583c410f5c23c0b7bf6917c542be355?s=96&d=mm&r=g","url":"https:\/\/secure.gravatar.com\/avatar\/c606c1288dcc11eb4c709aa5136fdb962583c410f5c23c0b7bf6917c542be355?s=96&d=mm&r=g","contentUrl":"https:\/\/secure.gravatar.com\/avatar\/c606c1288dcc11eb4c709aa5136fdb962583c410f5c23c0b7bf6917c542be355?s=96&d=mm&r=g","caption":"adminNovo"},"sameAs":["https:\/\/automotiverevista.pt"],"url":"https:\/\/automotiverevista.pt\/index.php\/author\/adminnovo\/"}]}},"_links":{"self":[{"href":"https:\/\/automotiverevista.pt\/index.php\/wp-json\/wp\/v2\/posts\/6838","targetHints":{"allow":["GET"]}}],"collection":[{"href":"https:\/\/automotiverevista.pt\/index.php\/wp-json\/wp\/v2\/posts"}],"about":[{"href":"https:\/\/automotiverevista.pt\/index.php\/wp-json\/wp\/v2\/types\/post"}],"author":[{"embeddable":true,"href":"https:\/\/automotiverevista.pt\/index.php\/wp-json\/wp\/v2\/users\/1"}],"replies":[{"embeddable":true,"href":"https:\/\/automotiverevista.pt\/index.php\/wp-json\/wp\/v2\/comments?post=6838"}],"version-history":[{"count":1,"href":"https:\/\/automotiverevista.pt\/index.php\/wp-json\/wp\/v2\/posts\/6838\/revisions"}],"predecessor-version":[{"id":6842,"href":"https:\/\/automotiverevista.pt\/index.php\/wp-json\/wp\/v2\/posts\/6838\/revisions\/6842"}],"wp:featuredmedia":[{"embeddable":true,"href":"https:\/\/automotiverevista.pt\/index.php\/wp-json\/wp\/v2\/media\/6840"}],"wp:attachment":[{"href":"https:\/\/automotiverevista.pt\/index.php\/wp-json\/wp\/v2\/media?parent=6838"}],"wp:term":[{"taxonomy":"category","embeddable":true,"href":"https:\/\/automotiverevista.pt\/index.php\/wp-json\/wp\/v2\/categories?post=6838"},{"taxonomy":"post_tag","embeddable":true,"href":"https:\/\/automotiverevista.pt\/index.php\/wp-json\/wp\/v2\/tags?post=6838"}],"curies":[{"name":"wp","href":"https:\/\/api.w.org\/{rel}","templated":true}]}}