{"id":6856,"date":"2024-07-18T14:19:46","date_gmt":"2024-07-18T14:19:46","guid":{"rendered":"https:\/\/automotiverevista.pt\/?p=6856"},"modified":"2024-07-18T14:19:47","modified_gmt":"2024-07-18T14:19:47","slug":"grupo-autozitania-convencao-da-ad-reforca-importancia-de-portugal","status":"publish","type":"post","link":"https:\/\/automotiverevista.pt\/index.php\/2024\/07\/18\/grupo-autozitania-convencao-da-ad-reforca-importancia-de-portugal\/","title":{"rendered":"Grupo Autozit\u00e2nia &#8211; conven\u00e7\u00e3o da AD refor\u00e7a import\u00e2ncia de Portugal"},"content":{"rendered":"\n<p>A AD realizou recentemente, nas instala\u00e7\u00f5es do Grupo Autozit\u00e2nia em Leiria, a sua Conven\u00e7\u00e3o Anual em Portugal, que juntou cerca de 1200 profissionais do setor de p\u00f3s-venda, com forte ades\u00e3o dos parceiros comerciais da AD, onde demonstraram alguns dos seus produtos, equipamentos e servi\u00e7os para o setor oficinal.<\/p>\n\n\n\n<p>Durante os tr\u00eas dias da conven\u00e7\u00e3o, os convidados tiveram a oportunidade de ficar a conhecer os servi\u00e7os Global AD para as suas oficinas. Esta vasta e completa oferta AD, disponibiliza \u00e0s oficinas as melhores solu\u00e7\u00f5es para o seu neg\u00f3cio que inclui, entre outros, servi\u00e7os, apoio t\u00e9cnico, forma\u00e7\u00f5es, softwares de encomendas e de gest\u00e3o de oficina, bem como ferramentas e equipamentos oficinais.<\/p>\n\n\n\n<figure class=\"wp-block-image size-large is-resized\"><img decoding=\"async\" width=\"1024\" height=\"683\" src=\"https:\/\/automotiverevista.pt\/wp-content\/uploads\/2024\/07\/DSF3610-1024x683.jpg\" alt=\"\" class=\"wp-image-6858\" style=\"width:828px;height:auto\" srcset=\"https:\/\/automotiverevista.pt\/wp-content\/uploads\/2024\/07\/DSF3610-1024x683.jpg 1024w, https:\/\/automotiverevista.pt\/wp-content\/uploads\/2024\/07\/DSF3610-300x200.jpg 300w, https:\/\/automotiverevista.pt\/wp-content\/uploads\/2024\/07\/DSF3610-768x512.jpg 768w, https:\/\/automotiverevista.pt\/wp-content\/uploads\/2024\/07\/DSF3610-750x500.jpg 750w, https:\/\/automotiverevista.pt\/wp-content\/uploads\/2024\/07\/DSF3610-1140x760.jpg 1140w, https:\/\/automotiverevista.pt\/wp-content\/uploads\/2024\/07\/DSF3610.jpg 1500w\" sizes=\"(max-width: 1024px) 100vw, 1024px\" \/><\/figure>\n\n\n\n<p><strong>Participa\u00e7\u00e3o e din\u00e2mica<\/strong><\/p>\n\n\n\n<p>Neste bem estruturado e participativo evento, marcaram presen\u00e7a cerca de meia centena marcas do setor de p\u00f3s-venda, desde fornecedores de pe\u00e7as auto at\u00e9 fornecedores de ferramentas e equipamentos oficinais. Segundo os organizadores da Conven\u00e7\u00e3o AD, \u201cestas marcas contribu\u00edram em muito para a din\u00e2mica do evento com a apresenta\u00e7\u00e3o das suas novidades, a exposi\u00e7\u00e3o e demonstra\u00e7\u00e3o dos seus produtos e a elevada intera\u00e7\u00e3o que realizaram com os profissionais das oficinas presentes\u201d.<\/p>\n\n\n\n<p>Os produtos AD tamb\u00e9m tiveram destaque nesta conven\u00e7\u00e3o, com exposi\u00e7\u00e3o da gama alargada desta Premium Private Brand, exclusiva no mercado nacional aos parceiros AD.<\/p>\n\n\n\n<figure class=\"wp-block-image size-large is-resized\"><img decoding=\"async\" width=\"1024\" height=\"683\" src=\"https:\/\/automotiverevista.pt\/wp-content\/uploads\/2024\/07\/DSF3894-1024x683.jpg\" alt=\"\" class=\"wp-image-6859\" style=\"width:925px;height:auto\" srcset=\"https:\/\/automotiverevista.pt\/wp-content\/uploads\/2024\/07\/DSF3894-1024x683.jpg 1024w, https:\/\/automotiverevista.pt\/wp-content\/uploads\/2024\/07\/DSF3894-300x200.jpg 300w, https:\/\/automotiverevista.pt\/wp-content\/uploads\/2024\/07\/DSF3894-768x512.jpg 768w, https:\/\/automotiverevista.pt\/wp-content\/uploads\/2024\/07\/DSF3894-750x500.jpg 750w, https:\/\/automotiverevista.pt\/wp-content\/uploads\/2024\/07\/DSF3894-1140x760.jpg 1140w, https:\/\/automotiverevista.pt\/wp-content\/uploads\/2024\/07\/DSF3894.jpg 1500w\" sizes=\"(max-width: 1024px) 100vw, 1024px\" \/><\/figure>\n\n\n\n<p>Ao longo de todo o evento, os participantes puderem assistir a apresenta\u00e7\u00f5es sobre as novidades e novas tecnologias para os profissionais deste setor de atividades, com demonstra\u00e7\u00f5es de forma\u00e7\u00f5es das mais recentes tecnologias, inclu\u00eddas nos novos autom\u00f3veis do atual parque circulante, com demonstra\u00e7\u00f5es dos v\u00e1rios softwares que a AD disponibiliza aos seus parceiros.<\/p>\n\n\n\n<figure class=\"wp-block-image size-large is-resized\"><img decoding=\"async\" width=\"1024\" height=\"683\" src=\"https:\/\/automotiverevista.pt\/wp-content\/uploads\/2024\/07\/DSF3847-1024x683.jpg\" alt=\"\" class=\"wp-image-6860\" style=\"width:911px;height:auto\" srcset=\"https:\/\/automotiverevista.pt\/wp-content\/uploads\/2024\/07\/DSF3847-1024x683.jpg 1024w, https:\/\/automotiverevista.pt\/wp-content\/uploads\/2024\/07\/DSF3847-300x200.jpg 300w, https:\/\/automotiverevista.pt\/wp-content\/uploads\/2024\/07\/DSF3847-768x512.jpg 768w, https:\/\/automotiverevista.pt\/wp-content\/uploads\/2024\/07\/DSF3847-750x500.jpg 750w, https:\/\/automotiverevista.pt\/wp-content\/uploads\/2024\/07\/DSF3847-1140x760.jpg 1140w, https:\/\/automotiverevista.pt\/wp-content\/uploads\/2024\/07\/DSF3847.jpg 1500w\" sizes=\"(max-width: 1024px) 100vw, 1024px\" \/><\/figure>\n\n\n\n<p>Na imagem, Francisco Neves e Ricardo Ven\u00e2ncio, administradores do Grupo Autozit\u00e2nia, com Juan Carlos Mart\u00edn (ao centro), diretor geral da AD Parts.<\/p>\n","protected":false},"excerpt":{"rendered":"<p>A AD realizou recentemente, nas instala\u00e7\u00f5es do Grupo Autozit\u00e2nia em Leiria, a sua Conven\u00e7\u00e3o Anual em Portugal, que juntou cerca de 1200 profissionais do setor de p\u00f3s-venda, com forte ades\u00e3o dos parceiros comerciais da AD, onde demonstraram alguns dos seus produtos, equipamentos e servi\u00e7os para o setor oficinal. Durante os tr\u00eas dias da conven\u00e7\u00e3o, os [&hellip;]<\/p>\n","protected":false},"author":1,"featured_media":6857,"comment_status":"closed","ping_status":"open","sticky":false,"template":"","format":"standard","meta":{"jnews-multi-image_gallery":[],"jnews_single_post":{"subtitle":"","format":"standard","video":"","gallery":"","source_name":"","source_url":"","via_name":"","via_url":"","override_template":"0","override":[{"template":"2","single_blog_custom":"","parallax":"1","fullscreen":"1","layout":"right-sidebar","sidebar":"default-sidebar","second_sidebar":"default-sidebar","sticky_sidebar":"1","share_position":"topbottom","share_float_style":"share-monocrhome","show_share_counter":"0","show_view_counter":"0","show_featured":"1","show_post_meta":"1","show_post_author":"0","show_post_author_image":"1","show_post_date":"1","post_date_format":"default","post_date_format_custom":"Y\/m\/d","show_post_category":"1","show_post_reading_time":"0","post_reading_time_wpm":"300","post_calculate_word_method":"str_word_count","show_zoom_button":"0","zoom_button_out_step":"2","zoom_button_in_step":"3","show_post_tag":"1","show_prev_next_post":"0","show_popup_post":"1","number_popup_post":"1","show_author_box":"0","show_post_related":"1","show_inline_post_related":"1"}],"override_image_size":"0","image_override":[{"single_post_thumbnail_size":"crop-500","single_post_gallery_size":"crop-500"}],"trending_post":"0","trending_post_position":"meta","trending_post_label":"Trending","sponsored_post":"0","sponsored_post_label":"Sponsored by","sponsored_post_name":"","sponsored_post_url":"","sponsored_post_logo_enable":"0","sponsored_post_logo":"","sponsored_post_desc":"","disable_ad":"0"},"jnews_primary_category":{"id":"","hide":""},"footnotes":""},"categories":[21],"tags":[],"class_list":["post-6856","post","type-post","status-publish","format-standard","has-post-thumbnail","hentry","category-pos-venda"],"yoast_head":"<!-- This site is optimized with the Yoast SEO Premium plugin v27.2 (Yoast SEO v27.5) - https:\/\/yoast.com\/product\/yoast-seo-premium-wordpress\/ -->\n<title>Grupo Autozit\u00e2nia - conven\u00e7\u00e3o da AD refor\u00e7a import\u00e2ncia de Portugal - Revista Automotive<\/title>\n<meta name=\"description\" content=\"Conhe\u00e7a os servi\u00e7os Global AD para as suas oficinas. Descubra as melhores solu\u00e7\u00f5es para o seu neg\u00f3cio no setor de p\u00f3s-venda.\" \/>\n<meta name=\"robots\" content=\"index, follow, max-snippet:-1, max-image-preview:large, max-video-preview:-1\" \/>\n<link rel=\"canonical\" href=\"https:\/\/automotiverevista.pt\/index.php\/2024\/07\/18\/grupo-autozitania-convencao-da-ad-reforca-importancia-de-portugal\/\" \/>\n<meta property=\"og:locale\" content=\"pt_PT\" \/>\n<meta property=\"og:type\" content=\"article\" \/>\n<meta property=\"og:title\" content=\"Grupo Autozit\u00e2nia - conven\u00e7\u00e3o da AD refor\u00e7a import\u00e2ncia de Portugal\" \/>\n<meta property=\"og:description\" content=\"Conhe\u00e7a os servi\u00e7os Global AD para as suas oficinas. Descubra as melhores solu\u00e7\u00f5es para o seu neg\u00f3cio no setor de p\u00f3s-venda.\" \/>\n<meta property=\"og:url\" content=\"https:\/\/automotiverevista.pt\/index.php\/2024\/07\/18\/grupo-autozitania-convencao-da-ad-reforca-importancia-de-portugal\/\" \/>\n<meta property=\"og:site_name\" content=\"Revista Automotive\" \/>\n<meta property=\"article:published_time\" content=\"2024-07-18T14:19:46+00:00\" \/>\n<meta property=\"article:modified_time\" content=\"2024-07-18T14:19:47+00:00\" \/>\n<meta property=\"og:image\" content=\"https:\/\/automotiverevista.pt\/wp-content\/uploads\/2024\/07\/DSF3948.jpg\" \/>\n\t<meta property=\"og:image:width\" content=\"1500\" \/>\n\t<meta property=\"og:image:height\" content=\"1000\" \/>\n\t<meta property=\"og:image:type\" content=\"image\/jpeg\" \/>\n<meta name=\"author\" content=\"adminNovo\" \/>\n<meta name=\"twitter:card\" content=\"summary_large_image\" \/>\n<meta name=\"twitter:label1\" content=\"Escrito por\" \/>\n\t<meta name=\"twitter:data1\" content=\"adminNovo\" \/>\n\t<meta name=\"twitter:label2\" content=\"Tempo estimado de leitura\" \/>\n\t<meta name=\"twitter:data2\" content=\"3 minutos\" \/>\n<script type=\"application\/ld+json\" class=\"yoast-schema-graph\">{\"@context\":\"https:\\\/\\\/schema.org\",\"@graph\":[{\"@type\":\"Article\",\"@id\":\"https:\\\/\\\/automotiverevista.pt\\\/index.php\\\/2024\\\/07\\\/18\\\/grupo-autozitania-convencao-da-ad-reforca-importancia-de-portugal\\\/#article\",\"isPartOf\":{\"@id\":\"https:\\\/\\\/automotiverevista.pt\\\/index.php\\\/2024\\\/07\\\/18\\\/grupo-autozitania-convencao-da-ad-reforca-importancia-de-portugal\\\/\"},\"author\":{\"name\":\"adminNovo\",\"@id\":\"https:\\\/\\\/automotiverevista.pt\\\/#\\\/schema\\\/person\\\/1265858bc8c78a0f969de814da8be281\"},\"headline\":\"Grupo Autozit\u00e2nia &#8211; conven\u00e7\u00e3o da AD refor\u00e7a import\u00e2ncia de Portugal\",\"datePublished\":\"2024-07-18T14:19:46+00:00\",\"dateModified\":\"2024-07-18T14:19:47+00:00\",\"mainEntityOfPage\":{\"@id\":\"https:\\\/\\\/automotiverevista.pt\\\/index.php\\\/2024\\\/07\\\/18\\\/grupo-autozitania-convencao-da-ad-reforca-importancia-de-portugal\\\/\"},\"wordCount\":334,\"publisher\":{\"@id\":\"https:\\\/\\\/automotiverevista.pt\\\/#organization\"},\"image\":{\"@id\":\"https:\\\/\\\/automotiverevista.pt\\\/index.php\\\/2024\\\/07\\\/18\\\/grupo-autozitania-convencao-da-ad-reforca-importancia-de-portugal\\\/#primaryimage\"},\"thumbnailUrl\":\"https:\\\/\\\/automotiverevista.pt\\\/wp-content\\\/uploads\\\/2024\\\/07\\\/DSF3948.jpg\",\"articleSection\":[\"P\u00f3s-Venda\"],\"inLanguage\":\"pt-PT\"},{\"@type\":\"WebPage\",\"@id\":\"https:\\\/\\\/automotiverevista.pt\\\/index.php\\\/2024\\\/07\\\/18\\\/grupo-autozitania-convencao-da-ad-reforca-importancia-de-portugal\\\/\",\"url\":\"https:\\\/\\\/automotiverevista.pt\\\/index.php\\\/2024\\\/07\\\/18\\\/grupo-autozitania-convencao-da-ad-reforca-importancia-de-portugal\\\/\",\"name\":\"Grupo Autozit\u00e2nia - conven\u00e7\u00e3o da AD refor\u00e7a import\u00e2ncia de Portugal - Revista Automotive\",\"isPartOf\":{\"@id\":\"https:\\\/\\\/automotiverevista.pt\\\/#website\"},\"primaryImageOfPage\":{\"@id\":\"https:\\\/\\\/automotiverevista.pt\\\/index.php\\\/2024\\\/07\\\/18\\\/grupo-autozitania-convencao-da-ad-reforca-importancia-de-portugal\\\/#primaryimage\"},\"image\":{\"@id\":\"https:\\\/\\\/automotiverevista.pt\\\/index.php\\\/2024\\\/07\\\/18\\\/grupo-autozitania-convencao-da-ad-reforca-importancia-de-portugal\\\/#primaryimage\"},\"thumbnailUrl\":\"https:\\\/\\\/automotiverevista.pt\\\/wp-content\\\/uploads\\\/2024\\\/07\\\/DSF3948.jpg\",\"datePublished\":\"2024-07-18T14:19:46+00:00\",\"dateModified\":\"2024-07-18T14:19:47+00:00\",\"description\":\"Conhe\u00e7a os servi\u00e7os Global AD para as suas oficinas. Descubra as melhores solu\u00e7\u00f5es para o seu neg\u00f3cio no setor de p\u00f3s-venda.\",\"breadcrumb\":{\"@id\":\"https:\\\/\\\/automotiverevista.pt\\\/index.php\\\/2024\\\/07\\\/18\\\/grupo-autozitania-convencao-da-ad-reforca-importancia-de-portugal\\\/#breadcrumb\"},\"inLanguage\":\"pt-PT\",\"potentialAction\":[{\"@type\":\"ReadAction\",\"target\":[\"https:\\\/\\\/automotiverevista.pt\\\/index.php\\\/2024\\\/07\\\/18\\\/grupo-autozitania-convencao-da-ad-reforca-importancia-de-portugal\\\/\"]}]},{\"@type\":\"ImageObject\",\"inLanguage\":\"pt-PT\",\"@id\":\"https:\\\/\\\/automotiverevista.pt\\\/index.php\\\/2024\\\/07\\\/18\\\/grupo-autozitania-convencao-da-ad-reforca-importancia-de-portugal\\\/#primaryimage\",\"url\":\"https:\\\/\\\/automotiverevista.pt\\\/wp-content\\\/uploads\\\/2024\\\/07\\\/DSF3948.jpg\",\"contentUrl\":\"https:\\\/\\\/automotiverevista.pt\\\/wp-content\\\/uploads\\\/2024\\\/07\\\/DSF3948.jpg\",\"width\":1500,\"height\":1000},{\"@type\":\"BreadcrumbList\",\"@id\":\"https:\\\/\\\/automotiverevista.pt\\\/index.php\\\/2024\\\/07\\\/18\\\/grupo-autozitania-convencao-da-ad-reforca-importancia-de-portugal\\\/#breadcrumb\",\"itemListElement\":[{\"@type\":\"ListItem\",\"position\":1,\"name\":\"Home\",\"item\":\"https:\\\/\\\/automotiverevista.pt\\\/\"},{\"@type\":\"ListItem\",\"position\":2,\"name\":\"Grupo Autozit\u00e2nia &#8211; conven\u00e7\u00e3o da AD refor\u00e7a import\u00e2ncia de Portugal\"}]},{\"@type\":\"WebSite\",\"@id\":\"https:\\\/\\\/automotiverevista.pt\\\/#website\",\"url\":\"https:\\\/\\\/automotiverevista.pt\\\/\",\"name\":\"Revista Automotive\",\"description\":\"Revista Automotive Portugal\",\"publisher\":{\"@id\":\"https:\\\/\\\/automotiverevista.pt\\\/#organization\"},\"potentialAction\":[{\"@type\":\"SearchAction\",\"target\":{\"@type\":\"EntryPoint\",\"urlTemplate\":\"https:\\\/\\\/automotiverevista.pt\\\/?s={search_term_string}\"},\"query-input\":{\"@type\":\"PropertyValueSpecification\",\"valueRequired\":true,\"valueName\":\"search_term_string\"}}],\"inLanguage\":\"pt-PT\"},{\"@type\":\"Organization\",\"@id\":\"https:\\\/\\\/automotiverevista.pt\\\/#organization\",\"name\":\"Revista Automotive Portugal\",\"url\":\"https:\\\/\\\/automotiverevista.pt\\\/\",\"logo\":{\"@type\":\"ImageObject\",\"inLanguage\":\"pt-PT\",\"@id\":\"https:\\\/\\\/automotiverevista.pt\\\/#\\\/schema\\\/logo\\\/image\\\/\",\"url\":\"https:\\\/\\\/automotiverevista.pt\\\/wp-content\\\/uploads\\\/2022\\\/07\\\/Logo-Automotive-2021_500-1.jpg\",\"contentUrl\":\"https:\\\/\\\/automotiverevista.pt\\\/wp-content\\\/uploads\\\/2022\\\/07\\\/Logo-Automotive-2021_500-1.jpg\",\"width\":500,\"height\":160,\"caption\":\"Revista Automotive Portugal\"},\"image\":{\"@id\":\"https:\\\/\\\/automotiverevista.pt\\\/#\\\/schema\\\/logo\\\/image\\\/\"},\"sameAs\":[\"https:\\\/\\\/linkedin.com\\\/in\\\/automotiverevista\"]},{\"@type\":\"Person\",\"@id\":\"https:\\\/\\\/automotiverevista.pt\\\/#\\\/schema\\\/person\\\/1265858bc8c78a0f969de814da8be281\",\"name\":\"adminNovo\",\"image\":{\"@type\":\"ImageObject\",\"inLanguage\":\"pt-PT\",\"@id\":\"https:\\\/\\\/secure.gravatar.com\\\/avatar\\\/c606c1288dcc11eb4c709aa5136fdb962583c410f5c23c0b7bf6917c542be355?s=96&d=mm&r=g\",\"url\":\"https:\\\/\\\/secure.gravatar.com\\\/avatar\\\/c606c1288dcc11eb4c709aa5136fdb962583c410f5c23c0b7bf6917c542be355?s=96&d=mm&r=g\",\"contentUrl\":\"https:\\\/\\\/secure.gravatar.com\\\/avatar\\\/c606c1288dcc11eb4c709aa5136fdb962583c410f5c23c0b7bf6917c542be355?s=96&d=mm&r=g\",\"caption\":\"adminNovo\"},\"sameAs\":[\"https:\\\/\\\/automotiverevista.pt\"],\"url\":\"https:\\\/\\\/automotiverevista.pt\\\/index.php\\\/author\\\/adminnovo\\\/\"}]}<\/script>\n<!-- \/ Yoast SEO Premium plugin. -->","yoast_head_json":{"title":"Grupo Autozit\u00e2nia - conven\u00e7\u00e3o da AD refor\u00e7a import\u00e2ncia de Portugal - Revista Automotive","description":"Conhe\u00e7a os servi\u00e7os Global AD para as suas oficinas. Descubra as melhores solu\u00e7\u00f5es para o seu neg\u00f3cio no setor de p\u00f3s-venda.","robots":{"index":"index","follow":"follow","max-snippet":"max-snippet:-1","max-image-preview":"max-image-preview:large","max-video-preview":"max-video-preview:-1"},"canonical":"https:\/\/automotiverevista.pt\/index.php\/2024\/07\/18\/grupo-autozitania-convencao-da-ad-reforca-importancia-de-portugal\/","og_locale":"pt_PT","og_type":"article","og_title":"Grupo Autozit\u00e2nia - conven\u00e7\u00e3o da AD refor\u00e7a import\u00e2ncia de Portugal","og_description":"Conhe\u00e7a os servi\u00e7os Global AD para as suas oficinas. Descubra as melhores solu\u00e7\u00f5es para o seu neg\u00f3cio no setor de p\u00f3s-venda.","og_url":"https:\/\/automotiverevista.pt\/index.php\/2024\/07\/18\/grupo-autozitania-convencao-da-ad-reforca-importancia-de-portugal\/","og_site_name":"Revista Automotive","article_published_time":"2024-07-18T14:19:46+00:00","article_modified_time":"2024-07-18T14:19:47+00:00","og_image":[{"width":1500,"height":1000,"url":"https:\/\/automotiverevista.pt\/wp-content\/uploads\/2024\/07\/DSF3948.jpg","type":"image\/jpeg"}],"author":"adminNovo","twitter_card":"summary_large_image","twitter_misc":{"Escrito por":"adminNovo","Tempo estimado de leitura":"3 minutos"},"schema":{"@context":"https:\/\/schema.org","@graph":[{"@type":"Article","@id":"https:\/\/automotiverevista.pt\/index.php\/2024\/07\/18\/grupo-autozitania-convencao-da-ad-reforca-importancia-de-portugal\/#article","isPartOf":{"@id":"https:\/\/automotiverevista.pt\/index.php\/2024\/07\/18\/grupo-autozitania-convencao-da-ad-reforca-importancia-de-portugal\/"},"author":{"name":"adminNovo","@id":"https:\/\/automotiverevista.pt\/#\/schema\/person\/1265858bc8c78a0f969de814da8be281"},"headline":"Grupo Autozit\u00e2nia &#8211; conven\u00e7\u00e3o da AD refor\u00e7a import\u00e2ncia de Portugal","datePublished":"2024-07-18T14:19:46+00:00","dateModified":"2024-07-18T14:19:47+00:00","mainEntityOfPage":{"@id":"https:\/\/automotiverevista.pt\/index.php\/2024\/07\/18\/grupo-autozitania-convencao-da-ad-reforca-importancia-de-portugal\/"},"wordCount":334,"publisher":{"@id":"https:\/\/automotiverevista.pt\/#organization"},"image":{"@id":"https:\/\/automotiverevista.pt\/index.php\/2024\/07\/18\/grupo-autozitania-convencao-da-ad-reforca-importancia-de-portugal\/#primaryimage"},"thumbnailUrl":"https:\/\/automotiverevista.pt\/wp-content\/uploads\/2024\/07\/DSF3948.jpg","articleSection":["P\u00f3s-Venda"],"inLanguage":"pt-PT"},{"@type":"WebPage","@id":"https:\/\/automotiverevista.pt\/index.php\/2024\/07\/18\/grupo-autozitania-convencao-da-ad-reforca-importancia-de-portugal\/","url":"https:\/\/automotiverevista.pt\/index.php\/2024\/07\/18\/grupo-autozitania-convencao-da-ad-reforca-importancia-de-portugal\/","name":"Grupo Autozit\u00e2nia - conven\u00e7\u00e3o da AD refor\u00e7a import\u00e2ncia de Portugal - Revista Automotive","isPartOf":{"@id":"https:\/\/automotiverevista.pt\/#website"},"primaryImageOfPage":{"@id":"https:\/\/automotiverevista.pt\/index.php\/2024\/07\/18\/grupo-autozitania-convencao-da-ad-reforca-importancia-de-portugal\/#primaryimage"},"image":{"@id":"https:\/\/automotiverevista.pt\/index.php\/2024\/07\/18\/grupo-autozitania-convencao-da-ad-reforca-importancia-de-portugal\/#primaryimage"},"thumbnailUrl":"https:\/\/automotiverevista.pt\/wp-content\/uploads\/2024\/07\/DSF3948.jpg","datePublished":"2024-07-18T14:19:46+00:00","dateModified":"2024-07-18T14:19:47+00:00","description":"Conhe\u00e7a os servi\u00e7os Global AD para as suas oficinas. Descubra as melhores solu\u00e7\u00f5es para o seu neg\u00f3cio no setor de p\u00f3s-venda.","breadcrumb":{"@id":"https:\/\/automotiverevista.pt\/index.php\/2024\/07\/18\/grupo-autozitania-convencao-da-ad-reforca-importancia-de-portugal\/#breadcrumb"},"inLanguage":"pt-PT","potentialAction":[{"@type":"ReadAction","target":["https:\/\/automotiverevista.pt\/index.php\/2024\/07\/18\/grupo-autozitania-convencao-da-ad-reforca-importancia-de-portugal\/"]}]},{"@type":"ImageObject","inLanguage":"pt-PT","@id":"https:\/\/automotiverevista.pt\/index.php\/2024\/07\/18\/grupo-autozitania-convencao-da-ad-reforca-importancia-de-portugal\/#primaryimage","url":"https:\/\/automotiverevista.pt\/wp-content\/uploads\/2024\/07\/DSF3948.jpg","contentUrl":"https:\/\/automotiverevista.pt\/wp-content\/uploads\/2024\/07\/DSF3948.jpg","width":1500,"height":1000},{"@type":"BreadcrumbList","@id":"https:\/\/automotiverevista.pt\/index.php\/2024\/07\/18\/grupo-autozitania-convencao-da-ad-reforca-importancia-de-portugal\/#breadcrumb","itemListElement":[{"@type":"ListItem","position":1,"name":"Home","item":"https:\/\/automotiverevista.pt\/"},{"@type":"ListItem","position":2,"name":"Grupo Autozit\u00e2nia &#8211; conven\u00e7\u00e3o da AD refor\u00e7a import\u00e2ncia de Portugal"}]},{"@type":"WebSite","@id":"https:\/\/automotiverevista.pt\/#website","url":"https:\/\/automotiverevista.pt\/","name":"Revista Automotive","description":"Revista Automotive Portugal","publisher":{"@id":"https:\/\/automotiverevista.pt\/#organization"},"potentialAction":[{"@type":"SearchAction","target":{"@type":"EntryPoint","urlTemplate":"https:\/\/automotiverevista.pt\/?s={search_term_string}"},"query-input":{"@type":"PropertyValueSpecification","valueRequired":true,"valueName":"search_term_string"}}],"inLanguage":"pt-PT"},{"@type":"Organization","@id":"https:\/\/automotiverevista.pt\/#organization","name":"Revista Automotive Portugal","url":"https:\/\/automotiverevista.pt\/","logo":{"@type":"ImageObject","inLanguage":"pt-PT","@id":"https:\/\/automotiverevista.pt\/#\/schema\/logo\/image\/","url":"https:\/\/automotiverevista.pt\/wp-content\/uploads\/2022\/07\/Logo-Automotive-2021_500-1.jpg","contentUrl":"https:\/\/automotiverevista.pt\/wp-content\/uploads\/2022\/07\/Logo-Automotive-2021_500-1.jpg","width":500,"height":160,"caption":"Revista Automotive Portugal"},"image":{"@id":"https:\/\/automotiverevista.pt\/#\/schema\/logo\/image\/"},"sameAs":["https:\/\/linkedin.com\/in\/automotiverevista"]},{"@type":"Person","@id":"https:\/\/automotiverevista.pt\/#\/schema\/person\/1265858bc8c78a0f969de814da8be281","name":"adminNovo","image":{"@type":"ImageObject","inLanguage":"pt-PT","@id":"https:\/\/secure.gravatar.com\/avatar\/c606c1288dcc11eb4c709aa5136fdb962583c410f5c23c0b7bf6917c542be355?s=96&d=mm&r=g","url":"https:\/\/secure.gravatar.com\/avatar\/c606c1288dcc11eb4c709aa5136fdb962583c410f5c23c0b7bf6917c542be355?s=96&d=mm&r=g","contentUrl":"https:\/\/secure.gravatar.com\/avatar\/c606c1288dcc11eb4c709aa5136fdb962583c410f5c23c0b7bf6917c542be355?s=96&d=mm&r=g","caption":"adminNovo"},"sameAs":["https:\/\/automotiverevista.pt"],"url":"https:\/\/automotiverevista.pt\/index.php\/author\/adminnovo\/"}]}},"_links":{"self":[{"href":"https:\/\/automotiverevista.pt\/index.php\/wp-json\/wp\/v2\/posts\/6856","targetHints":{"allow":["GET"]}}],"collection":[{"href":"https:\/\/automotiverevista.pt\/index.php\/wp-json\/wp\/v2\/posts"}],"about":[{"href":"https:\/\/automotiverevista.pt\/index.php\/wp-json\/wp\/v2\/types\/post"}],"author":[{"embeddable":true,"href":"https:\/\/automotiverevista.pt\/index.php\/wp-json\/wp\/v2\/users\/1"}],"replies":[{"embeddable":true,"href":"https:\/\/automotiverevista.pt\/index.php\/wp-json\/wp\/v2\/comments?post=6856"}],"version-history":[{"count":1,"href":"https:\/\/automotiverevista.pt\/index.php\/wp-json\/wp\/v2\/posts\/6856\/revisions"}],"predecessor-version":[{"id":6861,"href":"https:\/\/automotiverevista.pt\/index.php\/wp-json\/wp\/v2\/posts\/6856\/revisions\/6861"}],"wp:featuredmedia":[{"embeddable":true,"href":"https:\/\/automotiverevista.pt\/index.php\/wp-json\/wp\/v2\/media\/6857"}],"wp:attachment":[{"href":"https:\/\/automotiverevista.pt\/index.php\/wp-json\/wp\/v2\/media?parent=6856"}],"wp:term":[{"taxonomy":"category","embeddable":true,"href":"https:\/\/automotiverevista.pt\/index.php\/wp-json\/wp\/v2\/categories?post=6856"},{"taxonomy":"post_tag","embeddable":true,"href":"https:\/\/automotiverevista.pt\/index.php\/wp-json\/wp\/v2\/tags?post=6856"}],"curies":[{"name":"wp","href":"https:\/\/api.w.org\/{rel}","templated":true}]}}