{"id":6900,"date":"2024-07-25T14:43:25","date_gmt":"2024-07-25T14:43:25","guid":{"rendered":"https:\/\/automotiverevista.pt\/?p=6900"},"modified":"2024-07-25T14:50:28","modified_gmt":"2024-07-25T14:50:28","slug":"dpd-inaugura-maior-hub-de-encomendas-em-portugal","status":"publish","type":"post","link":"https:\/\/automotiverevista.pt\/index.php\/2024\/07\/25\/dpd-inaugura-maior-hub-de-encomendas-em-portugal\/","title":{"rendered":"DPD inaugura maior hub de encomendas em Portugal"},"content":{"rendered":"\n<p>Empresa de refer\u00eancia no mercado dom\u00e9stico do transporte expresso, inaugurou o seu novo hub de distribui\u00e7\u00e3o de encomendas, localizado na cidade de Loures. O investimento no novo centro faz parte do seu<a href=\"https:\/\/automotiverevista.pt\/index.php\/2024\/03\/18\/dpd-portugal-amplia-a-frota-de-furgoes-100-eletricos\/\"> plano de expans\u00e3o<\/a>, que estima finalizar o ano de 2024 com uma fatura\u00e7\u00e3o na ordem dos 115 Milh\u00f5es de euros em Portugal, apenas na atividade de transporte expresso.<\/p>\n\n\n\n<p>Na cerim\u00f3nia de inaugura\u00e7\u00e3o, estiveram presentes o ministro da Economia, Pedro Reis, e o presidente da C\u00e2mara Municipal de Loures, Ricardo Le\u00e3o, e muitos convidados, que tiveram a oportunidade de conhecer por dentro as instala\u00e7\u00f5es da nova sede, na companhia de <strong>Olivier Establet<\/strong>, CEO da DPD Portugal.<\/p>\n\n\n\n<p>O novo espa\u00e7o vem dar resposta ao crescimento da atividade que a DPD tem vindo a registar em Portugal, ap\u00f3s em 2023 ter alcan\u00e7ado o seu melhor ano de sempre, ultrapassando o marco hist\u00f3rico dos 101 milh\u00f5es de euros em fatura\u00e7\u00e3o, destacando-se como um dos pa\u00edses em que o Grupo Geopost, do qual a DPD faz parte, <a href=\"https:\/\/automotiverevista.pt\/index.php\/2024\/05\/28\/dpd-frotas-e-entregas-mais-sustentaveis\/\">mais cresceu no ano passado<\/a>.<\/p>\n\n\n\n<figure class=\"wp-block-image size-large is-resized\"><img decoding=\"async\" width=\"1024\" height=\"768\" src=\"https:\/\/automotiverevista.pt\/wp-content\/uploads\/2024\/07\/20240508_170548-1024x768.jpg\" alt=\"\" class=\"wp-image-6902\" style=\"width:931px;height:auto\" srcset=\"https:\/\/automotiverevista.pt\/wp-content\/uploads\/2024\/07\/20240508_170548-1024x768.jpg 1024w, https:\/\/automotiverevista.pt\/wp-content\/uploads\/2024\/07\/20240508_170548-300x225.jpg 300w, https:\/\/automotiverevista.pt\/wp-content\/uploads\/2024\/07\/20240508_170548-768x576.jpg 768w, https:\/\/automotiverevista.pt\/wp-content\/uploads\/2024\/07\/20240508_170548-750x563.jpg 750w, https:\/\/automotiverevista.pt\/wp-content\/uploads\/2024\/07\/20240508_170548-1140x855.jpg 1140w, https:\/\/automotiverevista.pt\/wp-content\/uploads\/2024\/07\/20240508_170548.jpg 1500w\" sizes=\"(max-width: 1024px) 100vw, 1024px\" \/><\/figure>\n\n\n\n<p><strong>Evolu\u00e7\u00e3o constante<\/strong><\/p>\n\n\n\n<p>\u201cEstamos muito entusiasmados com a inaugura\u00e7\u00e3o do novo hub, que companha a evolu\u00e7\u00e3o das necessidades dos nossos clientes. Com este novo centro log\u00edstico, pretendemos prestar<a href=\"https:\/\/automotiverevista.pt\/index.php\/2024\/06\/19\/dpd-amplia-frota-100-eletrica-com-e-transit\/\"> servi\u00e7os de entrega <\/a>cada vez mais r\u00e1pidos, fi\u00e1veis e sustent\u00e1veis. E acreditamos que este ser\u00e1 um passo importante para continuarmos a crescer em Portugal, onde esperamos crescer 13% neste ano de 2024\u201d, salientou Olivier Establet.<\/p>\n\n\n\n<p>O novo hub tem uma \u00e1rea total de 12 mil m2; 3.100m2 de escrit\u00f3rios, destinados aos 140 respons\u00e1veis pela parte administrativa da empresa, bem como um armaz\u00e9m de 9.000 m2, onde operam 230 colaboradores, encarregues da triagem e distribui\u00e7\u00e3o de encomendas. Este novo espa\u00e7o, vai agora reunir no mesmo local a sede da empresa e as respetivas opera\u00e7\u00f5es na \u00e1rea da Grande Lisboa, tornando este centro n\u00e3o s\u00f3 no maior da DPD em Portugal, como do pa\u00eds.<\/p>\n\n\n\n<figure class=\"wp-block-image size-large is-resized\"><img decoding=\"async\" width=\"1024\" height=\"576\" src=\"https:\/\/automotiverevista.pt\/wp-content\/uploads\/2024\/07\/5-1024x576.jpg\" alt=\"\" class=\"wp-image-6903\" style=\"width:784px;height:auto\" srcset=\"https:\/\/automotiverevista.pt\/wp-content\/uploads\/2024\/07\/5-1024x576.jpg 1024w, https:\/\/automotiverevista.pt\/wp-content\/uploads\/2024\/07\/5-300x169.jpg 300w, https:\/\/automotiverevista.pt\/wp-content\/uploads\/2024\/07\/5-768x432.jpg 768w, https:\/\/automotiverevista.pt\/wp-content\/uploads\/2024\/07\/5-750x422.jpg 750w, https:\/\/automotiverevista.pt\/wp-content\/uploads\/2024\/07\/5-1140x641.jpg 1140w, https:\/\/automotiverevista.pt\/wp-content\/uploads\/2024\/07\/5.jpg 1500w\" sizes=\"(max-width: 1024px) 100vw, 1024px\" \/><\/figure>\n\n\n\n<p><strong>Centro de excel\u00eancia<\/strong><\/p>\n\n\n\n<p>O investimento nestas novas infraestruturas e equipamentos ronda os 30 milh\u00f5es de euros e refor\u00e7a a estrat\u00e9gia cont\u00ednua DPD em tecnologia inovadora. Disp\u00f5e de uma m\u00e1quina de triagem com um sistema de crossbelt \u00fanico em Portugal que, atrav\u00e9s dos seus 405 metros de cumprimento, consegue gerir mais de 10 mil encomendas por hora, destinadas \u00e0 \u00e1rea da Grande Lisboa, incluindo Odivelas, Loures, Vila Franca de Xira, Mafra, Torres Vedras, Alenquer, Carregado.<\/p>\n\n\n\n<p>O edif\u00edcio conta com uma das mais elevadas certifica\u00e7\u00f5es <em>Breeam Excellent<\/em>, sistema de avalia\u00e7\u00e3o internacional que permite medir o grau de sustentabilidade ambiental dos edif\u00edcios. Esta nova unidade tamb\u00e9m conta com 120 postos de carregamento el\u00e9trico, algo fundamental para a DPD, face \u00e0 transforma\u00e7\u00e3o da sua <a href=\"https:\/\/automotiverevista.pt\/index.php\/2024\/06\/19\/dpd-amplia-frota-100-eletrica-com-e-transit\/\">frota para furg\u00f5es 100% el\u00e9tricos.<\/a><\/p>\n\n\n\n<figure class=\"wp-block-image size-large is-resized\"><img decoding=\"async\" width=\"1024\" height=\"683\" src=\"https:\/\/automotiverevista.pt\/wp-content\/uploads\/2024\/07\/DPD-Portugal-Ford-040-1024x683.jpg\" alt=\"\" class=\"wp-image-6904\" style=\"width:907px;height:auto\" srcset=\"https:\/\/automotiverevista.pt\/wp-content\/uploads\/2024\/07\/DPD-Portugal-Ford-040-1024x683.jpg 1024w, https:\/\/automotiverevista.pt\/wp-content\/uploads\/2024\/07\/DPD-Portugal-Ford-040-300x200.jpg 300w, https:\/\/automotiverevista.pt\/wp-content\/uploads\/2024\/07\/DPD-Portugal-Ford-040-768x512.jpg 768w, https:\/\/automotiverevista.pt\/wp-content\/uploads\/2024\/07\/DPD-Portugal-Ford-040-750x500.jpg 750w, https:\/\/automotiverevista.pt\/wp-content\/uploads\/2024\/07\/DPD-Portugal-Ford-040-1140x760.jpg 1140w, https:\/\/automotiverevista.pt\/wp-content\/uploads\/2024\/07\/DPD-Portugal-Ford-040.jpg 1500w\" sizes=\"(max-width: 1024px) 100vw, 1024px\" \/><\/figure>\n","protected":false},"excerpt":{"rendered":"<p>Empresa de refer\u00eancia no mercado dom\u00e9stico do transporte expresso, inaugurou o seu novo hub de distribui\u00e7\u00e3o de encomendas, localizado na cidade de Loures. O investimento no novo centro faz parte do seu plano de expans\u00e3o, que estima finalizar o ano de 2024 com uma fatura\u00e7\u00e3o na ordem dos 115 Milh\u00f5es de euros em Portugal, apenas [&hellip;]<\/p>\n","protected":false},"author":1,"featured_media":6901,"comment_status":"closed","ping_status":"open","sticky":false,"template":"","format":"standard","meta":{"jnews-multi-image_gallery":[],"jnews_single_post":{"subtitle":"","format":"standard","video":"","gallery":"","source_name":"","source_url":"","via_name":"","via_url":"","override_template":"0","override":[{"template":"2","single_blog_custom":"","parallax":"1","fullscreen":"1","layout":"right-sidebar","sidebar":"default-sidebar","second_sidebar":"default-sidebar","sticky_sidebar":"1","share_position":"topbottom","share_float_style":"share-monocrhome","show_share_counter":"0","show_view_counter":"0","show_featured":"1","show_post_meta":"1","show_post_author":"0","show_post_author_image":"1","show_post_date":"1","post_date_format":"default","post_date_format_custom":"Y\/m\/d","show_post_category":"1","show_post_reading_time":"0","post_reading_time_wpm":"300","post_calculate_word_method":"str_word_count","show_zoom_button":"0","zoom_button_out_step":"2","zoom_button_in_step":"3","show_post_tag":"1","show_prev_next_post":"0","show_popup_post":"1","number_popup_post":"1","show_author_box":"0","show_post_related":"1","show_inline_post_related":"1"}],"override_image_size":"0","image_override":[{"single_post_thumbnail_size":"crop-500","single_post_gallery_size":"crop-500"}],"trending_post":"0","trending_post_position":"meta","trending_post_label":"Trending","sponsored_post":"0","sponsored_post_label":"Sponsored by","sponsored_post_name":"","sponsored_post_url":"","sponsored_post_logo_enable":"0","sponsored_post_logo":"","sponsored_post_desc":"","disable_ad":"0"},"jnews_primary_category":{"id":"","hide":""},"footnotes":""},"categories":[23],"tags":[],"class_list":["post-6900","post","type-post","status-publish","format-standard","has-post-thumbnail","hentry","category-frotas"],"yoast_head":"<!-- This site is optimized with the Yoast SEO Premium plugin v27.2 (Yoast SEO v27.5) - https:\/\/yoast.com\/product\/yoast-seo-premium-wordpress\/ -->\n<title>DPD inaugura maior hub de encomendas em Portugal - Revista Automotive<\/title>\n<meta name=\"description\" content=\"DPD inaugura novo hub de distribui\u00e7\u00e3o de encomendas em Loures. Saiba mais sobre o investimento e expans\u00e3o da empresa l\u00edder em transporte expresso.\" \/>\n<meta name=\"robots\" content=\"index, follow, max-snippet:-1, max-image-preview:large, max-video-preview:-1\" \/>\n<link rel=\"canonical\" href=\"https:\/\/automotiverevista.pt\/index.php\/2024\/07\/25\/dpd-inaugura-maior-hub-de-encomendas-em-portugal\/\" \/>\n<meta property=\"og:locale\" content=\"pt_PT\" \/>\n<meta property=\"og:type\" content=\"article\" \/>\n<meta property=\"og:title\" content=\"DPD inaugura maior hub de encomendas em Portugal\" \/>\n<meta property=\"og:description\" content=\"DPD inaugura novo hub de distribui\u00e7\u00e3o de encomendas em Loures. Saiba mais sobre o investimento e expans\u00e3o da empresa l\u00edder em transporte expresso.\" \/>\n<meta property=\"og:url\" content=\"https:\/\/automotiverevista.pt\/index.php\/2024\/07\/25\/dpd-inaugura-maior-hub-de-encomendas-em-portugal\/\" \/>\n<meta property=\"og:site_name\" content=\"Revista Automotive\" \/>\n<meta property=\"article:published_time\" content=\"2024-07-25T14:43:25+00:00\" \/>\n<meta property=\"article:modified_time\" content=\"2024-07-25T14:50:28+00:00\" \/>\n<meta property=\"og:image\" content=\"https:\/\/automotiverevista.pt\/wp-content\/uploads\/2024\/07\/1.jpg\" \/>\n\t<meta property=\"og:image:width\" content=\"1500\" \/>\n\t<meta property=\"og:image:height\" content=\"999\" \/>\n\t<meta property=\"og:image:type\" content=\"image\/jpeg\" \/>\n<meta name=\"author\" content=\"adminNovo\" \/>\n<meta name=\"twitter:card\" content=\"summary_large_image\" \/>\n<meta name=\"twitter:label1\" content=\"Escrito por\" \/>\n\t<meta name=\"twitter:data1\" content=\"adminNovo\" \/>\n\t<meta name=\"twitter:label2\" content=\"Tempo estimado de leitura\" \/>\n\t<meta name=\"twitter:data2\" content=\"4 minutos\" \/>\n<script type=\"application\/ld+json\" class=\"yoast-schema-graph\">{\"@context\":\"https:\\\/\\\/schema.org\",\"@graph\":[{\"@type\":\"Article\",\"@id\":\"https:\\\/\\\/automotiverevista.pt\\\/index.php\\\/2024\\\/07\\\/25\\\/dpd-inaugura-maior-hub-de-encomendas-em-portugal\\\/#article\",\"isPartOf\":{\"@id\":\"https:\\\/\\\/automotiverevista.pt\\\/index.php\\\/2024\\\/07\\\/25\\\/dpd-inaugura-maior-hub-de-encomendas-em-portugal\\\/\"},\"author\":{\"name\":\"adminNovo\",\"@id\":\"https:\\\/\\\/automotiverevista.pt\\\/#\\\/schema\\\/person\\\/1265858bc8c78a0f969de814da8be281\"},\"headline\":\"DPD inaugura maior hub de encomendas em Portugal\",\"datePublished\":\"2024-07-25T14:43:25+00:00\",\"dateModified\":\"2024-07-25T14:50:28+00:00\",\"mainEntityOfPage\":{\"@id\":\"https:\\\/\\\/automotiverevista.pt\\\/index.php\\\/2024\\\/07\\\/25\\\/dpd-inaugura-maior-hub-de-encomendas-em-portugal\\\/\"},\"wordCount\":475,\"publisher\":{\"@id\":\"https:\\\/\\\/automotiverevista.pt\\\/#organization\"},\"image\":{\"@id\":\"https:\\\/\\\/automotiverevista.pt\\\/index.php\\\/2024\\\/07\\\/25\\\/dpd-inaugura-maior-hub-de-encomendas-em-portugal\\\/#primaryimage\"},\"thumbnailUrl\":\"https:\\\/\\\/automotiverevista.pt\\\/wp-content\\\/uploads\\\/2024\\\/07\\\/1.jpg\",\"articleSection\":[\"Frotas\"],\"inLanguage\":\"pt-PT\"},{\"@type\":\"WebPage\",\"@id\":\"https:\\\/\\\/automotiverevista.pt\\\/index.php\\\/2024\\\/07\\\/25\\\/dpd-inaugura-maior-hub-de-encomendas-em-portugal\\\/\",\"url\":\"https:\\\/\\\/automotiverevista.pt\\\/index.php\\\/2024\\\/07\\\/25\\\/dpd-inaugura-maior-hub-de-encomendas-em-portugal\\\/\",\"name\":\"DPD inaugura maior hub de encomendas em Portugal - Revista Automotive\",\"isPartOf\":{\"@id\":\"https:\\\/\\\/automotiverevista.pt\\\/#website\"},\"primaryImageOfPage\":{\"@id\":\"https:\\\/\\\/automotiverevista.pt\\\/index.php\\\/2024\\\/07\\\/25\\\/dpd-inaugura-maior-hub-de-encomendas-em-portugal\\\/#primaryimage\"},\"image\":{\"@id\":\"https:\\\/\\\/automotiverevista.pt\\\/index.php\\\/2024\\\/07\\\/25\\\/dpd-inaugura-maior-hub-de-encomendas-em-portugal\\\/#primaryimage\"},\"thumbnailUrl\":\"https:\\\/\\\/automotiverevista.pt\\\/wp-content\\\/uploads\\\/2024\\\/07\\\/1.jpg\",\"datePublished\":\"2024-07-25T14:43:25+00:00\",\"dateModified\":\"2024-07-25T14:50:28+00:00\",\"description\":\"DPD inaugura novo hub de distribui\u00e7\u00e3o de encomendas em Loures. Saiba mais sobre o investimento e expans\u00e3o da empresa l\u00edder em transporte expresso.\",\"breadcrumb\":{\"@id\":\"https:\\\/\\\/automotiverevista.pt\\\/index.php\\\/2024\\\/07\\\/25\\\/dpd-inaugura-maior-hub-de-encomendas-em-portugal\\\/#breadcrumb\"},\"inLanguage\":\"pt-PT\",\"potentialAction\":[{\"@type\":\"ReadAction\",\"target\":[\"https:\\\/\\\/automotiverevista.pt\\\/index.php\\\/2024\\\/07\\\/25\\\/dpd-inaugura-maior-hub-de-encomendas-em-portugal\\\/\"]}]},{\"@type\":\"ImageObject\",\"inLanguage\":\"pt-PT\",\"@id\":\"https:\\\/\\\/automotiverevista.pt\\\/index.php\\\/2024\\\/07\\\/25\\\/dpd-inaugura-maior-hub-de-encomendas-em-portugal\\\/#primaryimage\",\"url\":\"https:\\\/\\\/automotiverevista.pt\\\/wp-content\\\/uploads\\\/2024\\\/07\\\/1.jpg\",\"contentUrl\":\"https:\\\/\\\/automotiverevista.pt\\\/wp-content\\\/uploads\\\/2024\\\/07\\\/1.jpg\",\"width\":1500,\"height\":999},{\"@type\":\"BreadcrumbList\",\"@id\":\"https:\\\/\\\/automotiverevista.pt\\\/index.php\\\/2024\\\/07\\\/25\\\/dpd-inaugura-maior-hub-de-encomendas-em-portugal\\\/#breadcrumb\",\"itemListElement\":[{\"@type\":\"ListItem\",\"position\":1,\"name\":\"Home\",\"item\":\"https:\\\/\\\/automotiverevista.pt\\\/\"},{\"@type\":\"ListItem\",\"position\":2,\"name\":\"DPD inaugura maior hub de encomendas em Portugal\"}]},{\"@type\":\"WebSite\",\"@id\":\"https:\\\/\\\/automotiverevista.pt\\\/#website\",\"url\":\"https:\\\/\\\/automotiverevista.pt\\\/\",\"name\":\"Revista Automotive\",\"description\":\"Revista Automotive Portugal\",\"publisher\":{\"@id\":\"https:\\\/\\\/automotiverevista.pt\\\/#organization\"},\"potentialAction\":[{\"@type\":\"SearchAction\",\"target\":{\"@type\":\"EntryPoint\",\"urlTemplate\":\"https:\\\/\\\/automotiverevista.pt\\\/?s={search_term_string}\"},\"query-input\":{\"@type\":\"PropertyValueSpecification\",\"valueRequired\":true,\"valueName\":\"search_term_string\"}}],\"inLanguage\":\"pt-PT\"},{\"@type\":\"Organization\",\"@id\":\"https:\\\/\\\/automotiverevista.pt\\\/#organization\",\"name\":\"Revista Automotive Portugal\",\"url\":\"https:\\\/\\\/automotiverevista.pt\\\/\",\"logo\":{\"@type\":\"ImageObject\",\"inLanguage\":\"pt-PT\",\"@id\":\"https:\\\/\\\/automotiverevista.pt\\\/#\\\/schema\\\/logo\\\/image\\\/\",\"url\":\"https:\\\/\\\/automotiverevista.pt\\\/wp-content\\\/uploads\\\/2022\\\/07\\\/Logo-Automotive-2021_500-1.jpg\",\"contentUrl\":\"https:\\\/\\\/automotiverevista.pt\\\/wp-content\\\/uploads\\\/2022\\\/07\\\/Logo-Automotive-2021_500-1.jpg\",\"width\":500,\"height\":160,\"caption\":\"Revista Automotive Portugal\"},\"image\":{\"@id\":\"https:\\\/\\\/automotiverevista.pt\\\/#\\\/schema\\\/logo\\\/image\\\/\"},\"sameAs\":[\"https:\\\/\\\/linkedin.com\\\/in\\\/automotiverevista\"]},{\"@type\":\"Person\",\"@id\":\"https:\\\/\\\/automotiverevista.pt\\\/#\\\/schema\\\/person\\\/1265858bc8c78a0f969de814da8be281\",\"name\":\"adminNovo\",\"image\":{\"@type\":\"ImageObject\",\"inLanguage\":\"pt-PT\",\"@id\":\"https:\\\/\\\/secure.gravatar.com\\\/avatar\\\/c606c1288dcc11eb4c709aa5136fdb962583c410f5c23c0b7bf6917c542be355?s=96&d=mm&r=g\",\"url\":\"https:\\\/\\\/secure.gravatar.com\\\/avatar\\\/c606c1288dcc11eb4c709aa5136fdb962583c410f5c23c0b7bf6917c542be355?s=96&d=mm&r=g\",\"contentUrl\":\"https:\\\/\\\/secure.gravatar.com\\\/avatar\\\/c606c1288dcc11eb4c709aa5136fdb962583c410f5c23c0b7bf6917c542be355?s=96&d=mm&r=g\",\"caption\":\"adminNovo\"},\"sameAs\":[\"https:\\\/\\\/automotiverevista.pt\"],\"url\":\"https:\\\/\\\/automotiverevista.pt\\\/index.php\\\/author\\\/adminnovo\\\/\"}]}<\/script>\n<!-- \/ Yoast SEO Premium plugin. -->","yoast_head_json":{"title":"DPD inaugura maior hub de encomendas em Portugal - Revista Automotive","description":"DPD inaugura novo hub de distribui\u00e7\u00e3o de encomendas em Loures. Saiba mais sobre o investimento e expans\u00e3o da empresa l\u00edder em transporte expresso.","robots":{"index":"index","follow":"follow","max-snippet":"max-snippet:-1","max-image-preview":"max-image-preview:large","max-video-preview":"max-video-preview:-1"},"canonical":"https:\/\/automotiverevista.pt\/index.php\/2024\/07\/25\/dpd-inaugura-maior-hub-de-encomendas-em-portugal\/","og_locale":"pt_PT","og_type":"article","og_title":"DPD inaugura maior hub de encomendas em Portugal","og_description":"DPD inaugura novo hub de distribui\u00e7\u00e3o de encomendas em Loures. Saiba mais sobre o investimento e expans\u00e3o da empresa l\u00edder em transporte expresso.","og_url":"https:\/\/automotiverevista.pt\/index.php\/2024\/07\/25\/dpd-inaugura-maior-hub-de-encomendas-em-portugal\/","og_site_name":"Revista Automotive","article_published_time":"2024-07-25T14:43:25+00:00","article_modified_time":"2024-07-25T14:50:28+00:00","og_image":[{"width":1500,"height":999,"url":"https:\/\/automotiverevista.pt\/wp-content\/uploads\/2024\/07\/1.jpg","type":"image\/jpeg"}],"author":"adminNovo","twitter_card":"summary_large_image","twitter_misc":{"Escrito por":"adminNovo","Tempo estimado de leitura":"4 minutos"},"schema":{"@context":"https:\/\/schema.org","@graph":[{"@type":"Article","@id":"https:\/\/automotiverevista.pt\/index.php\/2024\/07\/25\/dpd-inaugura-maior-hub-de-encomendas-em-portugal\/#article","isPartOf":{"@id":"https:\/\/automotiverevista.pt\/index.php\/2024\/07\/25\/dpd-inaugura-maior-hub-de-encomendas-em-portugal\/"},"author":{"name":"adminNovo","@id":"https:\/\/automotiverevista.pt\/#\/schema\/person\/1265858bc8c78a0f969de814da8be281"},"headline":"DPD inaugura maior hub de encomendas em Portugal","datePublished":"2024-07-25T14:43:25+00:00","dateModified":"2024-07-25T14:50:28+00:00","mainEntityOfPage":{"@id":"https:\/\/automotiverevista.pt\/index.php\/2024\/07\/25\/dpd-inaugura-maior-hub-de-encomendas-em-portugal\/"},"wordCount":475,"publisher":{"@id":"https:\/\/automotiverevista.pt\/#organization"},"image":{"@id":"https:\/\/automotiverevista.pt\/index.php\/2024\/07\/25\/dpd-inaugura-maior-hub-de-encomendas-em-portugal\/#primaryimage"},"thumbnailUrl":"https:\/\/automotiverevista.pt\/wp-content\/uploads\/2024\/07\/1.jpg","articleSection":["Frotas"],"inLanguage":"pt-PT"},{"@type":"WebPage","@id":"https:\/\/automotiverevista.pt\/index.php\/2024\/07\/25\/dpd-inaugura-maior-hub-de-encomendas-em-portugal\/","url":"https:\/\/automotiverevista.pt\/index.php\/2024\/07\/25\/dpd-inaugura-maior-hub-de-encomendas-em-portugal\/","name":"DPD inaugura maior hub de encomendas em Portugal - Revista Automotive","isPartOf":{"@id":"https:\/\/automotiverevista.pt\/#website"},"primaryImageOfPage":{"@id":"https:\/\/automotiverevista.pt\/index.php\/2024\/07\/25\/dpd-inaugura-maior-hub-de-encomendas-em-portugal\/#primaryimage"},"image":{"@id":"https:\/\/automotiverevista.pt\/index.php\/2024\/07\/25\/dpd-inaugura-maior-hub-de-encomendas-em-portugal\/#primaryimage"},"thumbnailUrl":"https:\/\/automotiverevista.pt\/wp-content\/uploads\/2024\/07\/1.jpg","datePublished":"2024-07-25T14:43:25+00:00","dateModified":"2024-07-25T14:50:28+00:00","description":"DPD inaugura novo hub de distribui\u00e7\u00e3o de encomendas em Loures. Saiba mais sobre o investimento e expans\u00e3o da empresa l\u00edder em transporte expresso.","breadcrumb":{"@id":"https:\/\/automotiverevista.pt\/index.php\/2024\/07\/25\/dpd-inaugura-maior-hub-de-encomendas-em-portugal\/#breadcrumb"},"inLanguage":"pt-PT","potentialAction":[{"@type":"ReadAction","target":["https:\/\/automotiverevista.pt\/index.php\/2024\/07\/25\/dpd-inaugura-maior-hub-de-encomendas-em-portugal\/"]}]},{"@type":"ImageObject","inLanguage":"pt-PT","@id":"https:\/\/automotiverevista.pt\/index.php\/2024\/07\/25\/dpd-inaugura-maior-hub-de-encomendas-em-portugal\/#primaryimage","url":"https:\/\/automotiverevista.pt\/wp-content\/uploads\/2024\/07\/1.jpg","contentUrl":"https:\/\/automotiverevista.pt\/wp-content\/uploads\/2024\/07\/1.jpg","width":1500,"height":999},{"@type":"BreadcrumbList","@id":"https:\/\/automotiverevista.pt\/index.php\/2024\/07\/25\/dpd-inaugura-maior-hub-de-encomendas-em-portugal\/#breadcrumb","itemListElement":[{"@type":"ListItem","position":1,"name":"Home","item":"https:\/\/automotiverevista.pt\/"},{"@type":"ListItem","position":2,"name":"DPD inaugura maior hub de encomendas em Portugal"}]},{"@type":"WebSite","@id":"https:\/\/automotiverevista.pt\/#website","url":"https:\/\/automotiverevista.pt\/","name":"Revista Automotive","description":"Revista Automotive Portugal","publisher":{"@id":"https:\/\/automotiverevista.pt\/#organization"},"potentialAction":[{"@type":"SearchAction","target":{"@type":"EntryPoint","urlTemplate":"https:\/\/automotiverevista.pt\/?s={search_term_string}"},"query-input":{"@type":"PropertyValueSpecification","valueRequired":true,"valueName":"search_term_string"}}],"inLanguage":"pt-PT"},{"@type":"Organization","@id":"https:\/\/automotiverevista.pt\/#organization","name":"Revista Automotive Portugal","url":"https:\/\/automotiverevista.pt\/","logo":{"@type":"ImageObject","inLanguage":"pt-PT","@id":"https:\/\/automotiverevista.pt\/#\/schema\/logo\/image\/","url":"https:\/\/automotiverevista.pt\/wp-content\/uploads\/2022\/07\/Logo-Automotive-2021_500-1.jpg","contentUrl":"https:\/\/automotiverevista.pt\/wp-content\/uploads\/2022\/07\/Logo-Automotive-2021_500-1.jpg","width":500,"height":160,"caption":"Revista Automotive Portugal"},"image":{"@id":"https:\/\/automotiverevista.pt\/#\/schema\/logo\/image\/"},"sameAs":["https:\/\/linkedin.com\/in\/automotiverevista"]},{"@type":"Person","@id":"https:\/\/automotiverevista.pt\/#\/schema\/person\/1265858bc8c78a0f969de814da8be281","name":"adminNovo","image":{"@type":"ImageObject","inLanguage":"pt-PT","@id":"https:\/\/secure.gravatar.com\/avatar\/c606c1288dcc11eb4c709aa5136fdb962583c410f5c23c0b7bf6917c542be355?s=96&d=mm&r=g","url":"https:\/\/secure.gravatar.com\/avatar\/c606c1288dcc11eb4c709aa5136fdb962583c410f5c23c0b7bf6917c542be355?s=96&d=mm&r=g","contentUrl":"https:\/\/secure.gravatar.com\/avatar\/c606c1288dcc11eb4c709aa5136fdb962583c410f5c23c0b7bf6917c542be355?s=96&d=mm&r=g","caption":"adminNovo"},"sameAs":["https:\/\/automotiverevista.pt"],"url":"https:\/\/automotiverevista.pt\/index.php\/author\/adminnovo\/"}]}},"_links":{"self":[{"href":"https:\/\/automotiverevista.pt\/index.php\/wp-json\/wp\/v2\/posts\/6900","targetHints":{"allow":["GET"]}}],"collection":[{"href":"https:\/\/automotiverevista.pt\/index.php\/wp-json\/wp\/v2\/posts"}],"about":[{"href":"https:\/\/automotiverevista.pt\/index.php\/wp-json\/wp\/v2\/types\/post"}],"author":[{"embeddable":true,"href":"https:\/\/automotiverevista.pt\/index.php\/wp-json\/wp\/v2\/users\/1"}],"replies":[{"embeddable":true,"href":"https:\/\/automotiverevista.pt\/index.php\/wp-json\/wp\/v2\/comments?post=6900"}],"version-history":[{"count":1,"href":"https:\/\/automotiverevista.pt\/index.php\/wp-json\/wp\/v2\/posts\/6900\/revisions"}],"predecessor-version":[{"id":6905,"href":"https:\/\/automotiverevista.pt\/index.php\/wp-json\/wp\/v2\/posts\/6900\/revisions\/6905"}],"wp:featuredmedia":[{"embeddable":true,"href":"https:\/\/automotiverevista.pt\/index.php\/wp-json\/wp\/v2\/media\/6901"}],"wp:attachment":[{"href":"https:\/\/automotiverevista.pt\/index.php\/wp-json\/wp\/v2\/media?parent=6900"}],"wp:term":[{"taxonomy":"category","embeddable":true,"href":"https:\/\/automotiverevista.pt\/index.php\/wp-json\/wp\/v2\/categories?post=6900"},{"taxonomy":"post_tag","embeddable":true,"href":"https:\/\/automotiverevista.pt\/index.php\/wp-json\/wp\/v2\/tags?post=6900"}],"curies":[{"name":"wp","href":"https:\/\/api.w.org\/{rel}","templated":true}]}}