{"id":7034,"date":"2024-08-28T05:40:00","date_gmt":"2024-08-28T05:40:00","guid":{"rendered":"https:\/\/automotiverevista.pt\/?p=7034"},"modified":"2024-08-27T18:38:49","modified_gmt":"2024-08-27T18:38:49","slug":"automechanika-com-enfase-na-pintura-automovel","status":"publish","type":"post","link":"https:\/\/automotiverevista.pt\/index.php\/2024\/08\/28\/automechanika-com-enfase-na-pintura-automovel\/","title":{"rendered":"Automechanika com \u00eanfase na pintura autom\u00f3vel"},"content":{"rendered":"\n<p>De 10 a 14 de setembro de 2024, a Automechanika em Frankfurt ter\u00e1 muito a oferecer para profissionais do setor de carro\u00e7aria e pintura: palestras sobre repara\u00e7\u00e3o de ve\u00edculos el\u00e9tricos, workshops pr\u00e1ticos e pintura ao vivo, um lounge para reuni\u00f5es de especialistas, um evento after-work na sexta-feira, v\u00e1rias apresenta\u00e7\u00f5es sobre o tema dos carros cl\u00e1ssicos.<\/p>\n\n\n\n<p>A ind\u00fastria de carro\u00e7aria e pintura tem tido cada vez mais interesse no tema da electromobilidade. Neste contexto, especialistas dever\u00e3o realizar apresenta\u00e7\u00f5es sobre os desafios t\u00e9cnicos e custos adicionais da repara\u00e7\u00e3o de carros com motores el\u00e9tricos.<\/p>\n\n\n\n<p>O neg\u00f3cio de carros cl\u00e1ssicos tamb\u00e9m tem um lugar definido no programa de palco da Automechanika. Numa mesa-redonda, por exemplo, jovens empreendedores poder\u00e3o apresentar as suas ideias, novos modelos de neg\u00f3cios e a paix\u00e3o por ve\u00edculos hist\u00f3ricos. Al\u00e9m do programa de palco, o foco estar\u00e1 tamb\u00e9m na experi\u00eancia ao vivo. Uma sele\u00e7\u00e3o de distintos carros cl\u00e1ssicos estar\u00e1 em exposi\u00e7\u00e3o, durante o sal\u00e3o deste ano.<\/p>\n","protected":false},"excerpt":{"rendered":"<p>De 10 a 14 de setembro de 2024, a Automechanika em Frankfurt ter\u00e1 muito a oferecer para profissionais do setor de carro\u00e7aria e pintura: palestras sobre repara\u00e7\u00e3o de ve\u00edculos el\u00e9tricos, workshops pr\u00e1ticos e pintura ao vivo, um lounge para reuni\u00f5es de especialistas, um evento after-work na sexta-feira, v\u00e1rias apresenta\u00e7\u00f5es sobre o tema dos carros cl\u00e1ssicos. [&hellip;]<\/p>\n","protected":false},"author":1,"featured_media":7035,"comment_status":"closed","ping_status":"open","sticky":false,"template":"","format":"standard","meta":{"jnews-multi-image_gallery":[],"jnews_single_post":{"format":"standard"},"jnews_primary_category":[],"footnotes":""},"categories":[21],"tags":[],"class_list":["post-7034","post","type-post","status-publish","format-standard","has-post-thumbnail","hentry","category-pos-venda"],"yoast_head":"<!-- This site is optimized with the Yoast SEO Premium plugin v27.5 (Yoast SEO v27.5) - https:\/\/yoast.com\/product\/yoast-seo-premium-wordpress\/ -->\n<title>Automechanika com \u00eanfase na pintura autom\u00f3vel - Revista Automotive<\/title>\n<meta name=\"robots\" content=\"index, follow, max-snippet:-1, max-image-preview:large, max-video-preview:-1\" \/>\n<link rel=\"canonical\" href=\"https:\/\/automotiverevista.pt\/index.php\/2024\/08\/28\/automechanika-com-enfase-na-pintura-automovel\/\" \/>\n<meta property=\"og:locale\" content=\"pt_PT\" \/>\n<meta property=\"og:type\" content=\"article\" \/>\n<meta property=\"og:title\" content=\"Automechanika com \u00eanfase na pintura autom\u00f3vel\" \/>\n<meta property=\"og:description\" content=\"De 10 a 14 de setembro de 2024, a Automechanika em Frankfurt ter\u00e1 muito a oferecer para profissionais do setor de carro\u00e7aria e pintura: palestras sobre repara\u00e7\u00e3o de ve\u00edculos el\u00e9tricos, workshops pr\u00e1ticos e pintura ao vivo, um lounge para reuni\u00f5es de especialistas, um evento after-work na sexta-feira, v\u00e1rias apresenta\u00e7\u00f5es sobre o tema dos carros cl\u00e1ssicos. [&hellip;]\" \/>\n<meta property=\"og:url\" content=\"https:\/\/automotiverevista.pt\/index.php\/2024\/08\/28\/automechanika-com-enfase-na-pintura-automovel\/\" \/>\n<meta property=\"og:site_name\" content=\"Revista Automotive\" \/>\n<meta property=\"article:published_time\" content=\"2024-08-28T05:40:00+00:00\" \/>\n<meta property=\"og:image\" content=\"https:\/\/automotiverevista.pt\/wp-content\/uploads\/2024\/08\/J2R-CARROSSERIE-Glasurit_CCC.jpg\" \/>\n\t<meta property=\"og:image:width\" content=\"1280\" \/>\n\t<meta property=\"og:image:height\" content=\"853\" \/>\n\t<meta property=\"og:image:type\" content=\"image\/jpeg\" \/>\n<meta name=\"author\" content=\"adminNovo\" \/>\n<meta name=\"twitter:card\" content=\"summary_large_image\" \/>\n<meta name=\"twitter:label1\" content=\"Escrito por\" \/>\n\t<meta name=\"twitter:data1\" content=\"adminNovo\" \/>\n\t<meta name=\"twitter:label2\" content=\"Tempo estimado de leitura\" \/>\n\t<meta name=\"twitter:data2\" content=\"2 minutos\" \/>\n<script type=\"application\/ld+json\" class=\"yoast-schema-graph\">{\"@context\":\"https:\\\/\\\/schema.org\",\"@graph\":[{\"@type\":\"Article\",\"@id\":\"https:\\\/\\\/automotiverevista.pt\\\/index.php\\\/2024\\\/08\\\/28\\\/automechanika-com-enfase-na-pintura-automovel\\\/#article\",\"isPartOf\":{\"@id\":\"https:\\\/\\\/automotiverevista.pt\\\/index.php\\\/2024\\\/08\\\/28\\\/automechanika-com-enfase-na-pintura-automovel\\\/\"},\"author\":{\"name\":\"adminNovo\",\"@id\":\"https:\\\/\\\/automotiverevista.pt\\\/#\\\/schema\\\/person\\\/1265858bc8c78a0f969de814da8be281\"},\"headline\":\"Automechanika com \u00eanfase na pintura autom\u00f3vel\",\"datePublished\":\"2024-08-28T05:40:00+00:00\",\"mainEntityOfPage\":{\"@id\":\"https:\\\/\\\/automotiverevista.pt\\\/index.php\\\/2024\\\/08\\\/28\\\/automechanika-com-enfase-na-pintura-automovel\\\/\"},\"wordCount\":190,\"publisher\":{\"@id\":\"https:\\\/\\\/automotiverevista.pt\\\/#organization\"},\"image\":{\"@id\":\"https:\\\/\\\/automotiverevista.pt\\\/index.php\\\/2024\\\/08\\\/28\\\/automechanika-com-enfase-na-pintura-automovel\\\/#primaryimage\"},\"thumbnailUrl\":\"https:\\\/\\\/automotiverevista.pt\\\/wp-content\\\/uploads\\\/2024\\\/08\\\/J2R-CARROSSERIE-Glasurit_CCC.jpg\",\"articleSection\":[\"P\u00f3s-Venda\"],\"inLanguage\":\"pt-PT\"},{\"@type\":\"WebPage\",\"@id\":\"https:\\\/\\\/automotiverevista.pt\\\/index.php\\\/2024\\\/08\\\/28\\\/automechanika-com-enfase-na-pintura-automovel\\\/\",\"url\":\"https:\\\/\\\/automotiverevista.pt\\\/index.php\\\/2024\\\/08\\\/28\\\/automechanika-com-enfase-na-pintura-automovel\\\/\",\"name\":\"Automechanika com \u00eanfase na pintura autom\u00f3vel - Revista Automotive\",\"isPartOf\":{\"@id\":\"https:\\\/\\\/automotiverevista.pt\\\/#website\"},\"primaryImageOfPage\":{\"@id\":\"https:\\\/\\\/automotiverevista.pt\\\/index.php\\\/2024\\\/08\\\/28\\\/automechanika-com-enfase-na-pintura-automovel\\\/#primaryimage\"},\"image\":{\"@id\":\"https:\\\/\\\/automotiverevista.pt\\\/index.php\\\/2024\\\/08\\\/28\\\/automechanika-com-enfase-na-pintura-automovel\\\/#primaryimage\"},\"thumbnailUrl\":\"https:\\\/\\\/automotiverevista.pt\\\/wp-content\\\/uploads\\\/2024\\\/08\\\/J2R-CARROSSERIE-Glasurit_CCC.jpg\",\"datePublished\":\"2024-08-28T05:40:00+00:00\",\"breadcrumb\":{\"@id\":\"https:\\\/\\\/automotiverevista.pt\\\/index.php\\\/2024\\\/08\\\/28\\\/automechanika-com-enfase-na-pintura-automovel\\\/#breadcrumb\"},\"inLanguage\":\"pt-PT\",\"potentialAction\":[{\"@type\":\"ReadAction\",\"target\":[\"https:\\\/\\\/automotiverevista.pt\\\/index.php\\\/2024\\\/08\\\/28\\\/automechanika-com-enfase-na-pintura-automovel\\\/\"]}]},{\"@type\":\"ImageObject\",\"inLanguage\":\"pt-PT\",\"@id\":\"https:\\\/\\\/automotiverevista.pt\\\/index.php\\\/2024\\\/08\\\/28\\\/automechanika-com-enfase-na-pintura-automovel\\\/#primaryimage\",\"url\":\"https:\\\/\\\/automotiverevista.pt\\\/wp-content\\\/uploads\\\/2024\\\/08\\\/J2R-CARROSSERIE-Glasurit_CCC.jpg\",\"contentUrl\":\"https:\\\/\\\/automotiverevista.pt\\\/wp-content\\\/uploads\\\/2024\\\/08\\\/J2R-CARROSSERIE-Glasurit_CCC.jpg\",\"width\":1280,\"height\":853},{\"@type\":\"BreadcrumbList\",\"@id\":\"https:\\\/\\\/automotiverevista.pt\\\/index.php\\\/2024\\\/08\\\/28\\\/automechanika-com-enfase-na-pintura-automovel\\\/#breadcrumb\",\"itemListElement\":[{\"@type\":\"ListItem\",\"position\":1,\"name\":\"Home\",\"item\":\"https:\\\/\\\/automotiverevista.pt\\\/\"},{\"@type\":\"ListItem\",\"position\":2,\"name\":\"Automechanika com \u00eanfase na pintura autom\u00f3vel\"}]},{\"@type\":\"WebSite\",\"@id\":\"https:\\\/\\\/automotiverevista.pt\\\/#website\",\"url\":\"https:\\\/\\\/automotiverevista.pt\\\/\",\"name\":\"Revista Automotive\",\"description\":\"Revista Automotive Portugal\",\"publisher\":{\"@id\":\"https:\\\/\\\/automotiverevista.pt\\\/#organization\"},\"potentialAction\":[{\"@type\":\"SearchAction\",\"target\":{\"@type\":\"EntryPoint\",\"urlTemplate\":\"https:\\\/\\\/automotiverevista.pt\\\/?s={search_term_string}\"},\"query-input\":{\"@type\":\"PropertyValueSpecification\",\"valueRequired\":true,\"valueName\":\"search_term_string\"}}],\"inLanguage\":\"pt-PT\"},{\"@type\":\"Organization\",\"@id\":\"https:\\\/\\\/automotiverevista.pt\\\/#organization\",\"name\":\"Revista Automotive Portugal\",\"url\":\"https:\\\/\\\/automotiverevista.pt\\\/\",\"logo\":{\"@type\":\"ImageObject\",\"inLanguage\":\"pt-PT\",\"@id\":\"https:\\\/\\\/automotiverevista.pt\\\/#\\\/schema\\\/logo\\\/image\\\/\",\"url\":\"https:\\\/\\\/automotiverevista.pt\\\/wp-content\\\/uploads\\\/2022\\\/07\\\/Logo-Automotive-2021_500-1.jpg\",\"contentUrl\":\"https:\\\/\\\/automotiverevista.pt\\\/wp-content\\\/uploads\\\/2022\\\/07\\\/Logo-Automotive-2021_500-1.jpg\",\"width\":500,\"height\":160,\"caption\":\"Revista Automotive Portugal\"},\"image\":{\"@id\":\"https:\\\/\\\/automotiverevista.pt\\\/#\\\/schema\\\/logo\\\/image\\\/\"},\"sameAs\":[\"https:\\\/\\\/linkedin.com\\\/in\\\/automotiverevista\"]},{\"@type\":\"Person\",\"@id\":\"https:\\\/\\\/automotiverevista.pt\\\/#\\\/schema\\\/person\\\/1265858bc8c78a0f969de814da8be281\",\"name\":\"adminNovo\",\"image\":{\"@type\":\"ImageObject\",\"inLanguage\":\"pt-PT\",\"@id\":\"https:\\\/\\\/secure.gravatar.com\\\/avatar\\\/c606c1288dcc11eb4c709aa5136fdb962583c410f5c23c0b7bf6917c542be355?s=96&d=mm&r=g\",\"url\":\"https:\\\/\\\/secure.gravatar.com\\\/avatar\\\/c606c1288dcc11eb4c709aa5136fdb962583c410f5c23c0b7bf6917c542be355?s=96&d=mm&r=g\",\"contentUrl\":\"https:\\\/\\\/secure.gravatar.com\\\/avatar\\\/c606c1288dcc11eb4c709aa5136fdb962583c410f5c23c0b7bf6917c542be355?s=96&d=mm&r=g\",\"caption\":\"adminNovo\"},\"sameAs\":[\"https:\\\/\\\/automotiverevista.pt\"],\"url\":\"https:\\\/\\\/automotiverevista.pt\\\/index.php\\\/author\\\/adminnovo\\\/\"}]}<\/script>\n<!-- \/ Yoast SEO Premium plugin. -->","yoast_head_json":{"title":"Automechanika com \u00eanfase na pintura autom\u00f3vel - Revista Automotive","robots":{"index":"index","follow":"follow","max-snippet":"max-snippet:-1","max-image-preview":"max-image-preview:large","max-video-preview":"max-video-preview:-1"},"canonical":"https:\/\/automotiverevista.pt\/index.php\/2024\/08\/28\/automechanika-com-enfase-na-pintura-automovel\/","og_locale":"pt_PT","og_type":"article","og_title":"Automechanika com \u00eanfase na pintura autom\u00f3vel","og_description":"De 10 a 14 de setembro de 2024, a Automechanika em Frankfurt ter\u00e1 muito a oferecer para profissionais do setor de carro\u00e7aria e pintura: palestras sobre repara\u00e7\u00e3o de ve\u00edculos el\u00e9tricos, workshops pr\u00e1ticos e pintura ao vivo, um lounge para reuni\u00f5es de especialistas, um evento after-work na sexta-feira, v\u00e1rias apresenta\u00e7\u00f5es sobre o tema dos carros cl\u00e1ssicos. [&hellip;]","og_url":"https:\/\/automotiverevista.pt\/index.php\/2024\/08\/28\/automechanika-com-enfase-na-pintura-automovel\/","og_site_name":"Revista Automotive","article_published_time":"2024-08-28T05:40:00+00:00","og_image":[{"width":1280,"height":853,"url":"https:\/\/automotiverevista.pt\/wp-content\/uploads\/2024\/08\/J2R-CARROSSERIE-Glasurit_CCC.jpg","type":"image\/jpeg"}],"author":"adminNovo","twitter_card":"summary_large_image","twitter_misc":{"Escrito por":"adminNovo","Tempo estimado de leitura":"2 minutos"},"schema":{"@context":"https:\/\/schema.org","@graph":[{"@type":"Article","@id":"https:\/\/automotiverevista.pt\/index.php\/2024\/08\/28\/automechanika-com-enfase-na-pintura-automovel\/#article","isPartOf":{"@id":"https:\/\/automotiverevista.pt\/index.php\/2024\/08\/28\/automechanika-com-enfase-na-pintura-automovel\/"},"author":{"name":"adminNovo","@id":"https:\/\/automotiverevista.pt\/#\/schema\/person\/1265858bc8c78a0f969de814da8be281"},"headline":"Automechanika com \u00eanfase na pintura autom\u00f3vel","datePublished":"2024-08-28T05:40:00+00:00","mainEntityOfPage":{"@id":"https:\/\/automotiverevista.pt\/index.php\/2024\/08\/28\/automechanika-com-enfase-na-pintura-automovel\/"},"wordCount":190,"publisher":{"@id":"https:\/\/automotiverevista.pt\/#organization"},"image":{"@id":"https:\/\/automotiverevista.pt\/index.php\/2024\/08\/28\/automechanika-com-enfase-na-pintura-automovel\/#primaryimage"},"thumbnailUrl":"https:\/\/automotiverevista.pt\/wp-content\/uploads\/2024\/08\/J2R-CARROSSERIE-Glasurit_CCC.jpg","articleSection":["P\u00f3s-Venda"],"inLanguage":"pt-PT"},{"@type":"WebPage","@id":"https:\/\/automotiverevista.pt\/index.php\/2024\/08\/28\/automechanika-com-enfase-na-pintura-automovel\/","url":"https:\/\/automotiverevista.pt\/index.php\/2024\/08\/28\/automechanika-com-enfase-na-pintura-automovel\/","name":"Automechanika com \u00eanfase na pintura autom\u00f3vel - Revista Automotive","isPartOf":{"@id":"https:\/\/automotiverevista.pt\/#website"},"primaryImageOfPage":{"@id":"https:\/\/automotiverevista.pt\/index.php\/2024\/08\/28\/automechanika-com-enfase-na-pintura-automovel\/#primaryimage"},"image":{"@id":"https:\/\/automotiverevista.pt\/index.php\/2024\/08\/28\/automechanika-com-enfase-na-pintura-automovel\/#primaryimage"},"thumbnailUrl":"https:\/\/automotiverevista.pt\/wp-content\/uploads\/2024\/08\/J2R-CARROSSERIE-Glasurit_CCC.jpg","datePublished":"2024-08-28T05:40:00+00:00","breadcrumb":{"@id":"https:\/\/automotiverevista.pt\/index.php\/2024\/08\/28\/automechanika-com-enfase-na-pintura-automovel\/#breadcrumb"},"inLanguage":"pt-PT","potentialAction":[{"@type":"ReadAction","target":["https:\/\/automotiverevista.pt\/index.php\/2024\/08\/28\/automechanika-com-enfase-na-pintura-automovel\/"]}]},{"@type":"ImageObject","inLanguage":"pt-PT","@id":"https:\/\/automotiverevista.pt\/index.php\/2024\/08\/28\/automechanika-com-enfase-na-pintura-automovel\/#primaryimage","url":"https:\/\/automotiverevista.pt\/wp-content\/uploads\/2024\/08\/J2R-CARROSSERIE-Glasurit_CCC.jpg","contentUrl":"https:\/\/automotiverevista.pt\/wp-content\/uploads\/2024\/08\/J2R-CARROSSERIE-Glasurit_CCC.jpg","width":1280,"height":853},{"@type":"BreadcrumbList","@id":"https:\/\/automotiverevista.pt\/index.php\/2024\/08\/28\/automechanika-com-enfase-na-pintura-automovel\/#breadcrumb","itemListElement":[{"@type":"ListItem","position":1,"name":"Home","item":"https:\/\/automotiverevista.pt\/"},{"@type":"ListItem","position":2,"name":"Automechanika com \u00eanfase na pintura autom\u00f3vel"}]},{"@type":"WebSite","@id":"https:\/\/automotiverevista.pt\/#website","url":"https:\/\/automotiverevista.pt\/","name":"Revista Automotive","description":"Revista Automotive Portugal","publisher":{"@id":"https:\/\/automotiverevista.pt\/#organization"},"potentialAction":[{"@type":"SearchAction","target":{"@type":"EntryPoint","urlTemplate":"https:\/\/automotiverevista.pt\/?s={search_term_string}"},"query-input":{"@type":"PropertyValueSpecification","valueRequired":true,"valueName":"search_term_string"}}],"inLanguage":"pt-PT"},{"@type":"Organization","@id":"https:\/\/automotiverevista.pt\/#organization","name":"Revista Automotive Portugal","url":"https:\/\/automotiverevista.pt\/","logo":{"@type":"ImageObject","inLanguage":"pt-PT","@id":"https:\/\/automotiverevista.pt\/#\/schema\/logo\/image\/","url":"https:\/\/automotiverevista.pt\/wp-content\/uploads\/2022\/07\/Logo-Automotive-2021_500-1.jpg","contentUrl":"https:\/\/automotiverevista.pt\/wp-content\/uploads\/2022\/07\/Logo-Automotive-2021_500-1.jpg","width":500,"height":160,"caption":"Revista Automotive Portugal"},"image":{"@id":"https:\/\/automotiverevista.pt\/#\/schema\/logo\/image\/"},"sameAs":["https:\/\/linkedin.com\/in\/automotiverevista"]},{"@type":"Person","@id":"https:\/\/automotiverevista.pt\/#\/schema\/person\/1265858bc8c78a0f969de814da8be281","name":"adminNovo","image":{"@type":"ImageObject","inLanguage":"pt-PT","@id":"https:\/\/secure.gravatar.com\/avatar\/c606c1288dcc11eb4c709aa5136fdb962583c410f5c23c0b7bf6917c542be355?s=96&d=mm&r=g","url":"https:\/\/secure.gravatar.com\/avatar\/c606c1288dcc11eb4c709aa5136fdb962583c410f5c23c0b7bf6917c542be355?s=96&d=mm&r=g","contentUrl":"https:\/\/secure.gravatar.com\/avatar\/c606c1288dcc11eb4c709aa5136fdb962583c410f5c23c0b7bf6917c542be355?s=96&d=mm&r=g","caption":"adminNovo"},"sameAs":["https:\/\/automotiverevista.pt"],"url":"https:\/\/automotiverevista.pt\/index.php\/author\/adminnovo\/"}]}},"_links":{"self":[{"href":"https:\/\/automotiverevista.pt\/index.php\/wp-json\/wp\/v2\/posts\/7034","targetHints":{"allow":["GET"]}}],"collection":[{"href":"https:\/\/automotiverevista.pt\/index.php\/wp-json\/wp\/v2\/posts"}],"about":[{"href":"https:\/\/automotiverevista.pt\/index.php\/wp-json\/wp\/v2\/types\/post"}],"author":[{"embeddable":true,"href":"https:\/\/automotiverevista.pt\/index.php\/wp-json\/wp\/v2\/users\/1"}],"replies":[{"embeddable":true,"href":"https:\/\/automotiverevista.pt\/index.php\/wp-json\/wp\/v2\/comments?post=7034"}],"version-history":[{"count":1,"href":"https:\/\/automotiverevista.pt\/index.php\/wp-json\/wp\/v2\/posts\/7034\/revisions"}],"predecessor-version":[{"id":7036,"href":"https:\/\/automotiverevista.pt\/index.php\/wp-json\/wp\/v2\/posts\/7034\/revisions\/7036"}],"wp:featuredmedia":[{"embeddable":true,"href":"https:\/\/automotiverevista.pt\/index.php\/wp-json\/wp\/v2\/media\/7035"}],"wp:attachment":[{"href":"https:\/\/automotiverevista.pt\/index.php\/wp-json\/wp\/v2\/media?parent=7034"}],"wp:term":[{"taxonomy":"category","embeddable":true,"href":"https:\/\/automotiverevista.pt\/index.php\/wp-json\/wp\/v2\/categories?post=7034"},{"taxonomy":"post_tag","embeddable":true,"href":"https:\/\/automotiverevista.pt\/index.php\/wp-json\/wp\/v2\/tags?post=7034"}],"curies":[{"name":"wp","href":"https:\/\/api.w.org\/{rel}","templated":true}]}}